{"id":28760,"date":"2007-10-01T00:00:00","date_gmt":"2007-10-01T07:00:00","guid":{"rendered":"http:\/\/vocetys.mx\/inician-ciclo-de-conferencias-con-egresados-de-cetys-2\/"},"modified":"2007-10-01T00:00:00","modified_gmt":"2007-10-01T07:00:00","slug":"inician-ciclo-de-conferencias-con-egresados-de-cetys-2","status":"publish","type":"post","link":"https:\/\/www.cetys.mx\/noticias\/inician-ciclo-de-conferencias-con-egresados-de-cetys-2\/","title":{"rendered":"Inician Ciclo de Conferencias con Egresados de CETYS"},"content":{"rendered":"<p>El 26 de septiembre el edificio Amarillas de CETYS Universidad sirvi\u00f3 de sede para la realizaci\u00f3n de la conferencia \u201cPerspectivas de la Industria Maquiladora\u201d,  presentada por el Ing. V\u00edctor Hugo Delgado, egresado de CETYS y actual presidente de la Asociaci\u00f3n de Maquiladoras de Mexicali A.C. (AMMAC), para los alumnos de diferentes carreras y semestres de Profesional. Se realiz\u00f3 con la finalidad de darles a conocer los alcances que un egresado de esta instituci\u00f3n puede llegar a tener.En la conferencia se expusieron las actividades que realiza la AMMAC y se mencionaron las expectativas que se tienen para el 2010. Adem\u00e1s se les habl\u00f3 sobre las oportunidades que existen en la industria maquiladora y lo que tienen que hacer para aprovecharlas. Esta actividad fue realizada por la Direcci\u00f3n de Egresados de CETYS Universidad, a cargo del Lic. Juan Rivera Ya\u00f1ez, quien mencion\u00f3 que se tienen planeadas hacer m\u00e1s presentaciones como esta en los meses de octubre y noviembre, por lo que ya se tiene contemplada la participaci\u00f3n del Lic. Mario Ju\u00e1rez, Subsecretario de Promoci\u00f3n Econ\u00f3mica de la SEDECO.<\/p>\n","protected":false},"excerpt":{"rendered":"<p>El 26 de septiembre el edificio Amarillas de CETYS Universidad sirvi\u00f3 de sede para la realizaci\u00f3n de la conferencia \u201cPerspectivas de la&#8230;<\/p>\n","protected":false},"author":26,"featured_media":28761,"comment_status":"open","ping_status":"open","sticky":false,"template":"","format":"standard","meta":{"footnotes":""},"categories":[107],"tags":[],"class_list":["post-28760","post","type-post","status-publish","format-standard","has-post-thumbnail","hentry","category-alumni"],"yoast_head":"<!-- This site is optimized with the Yoast SEO plugin v27.4 - https:\/\/yoast.com\/product\/yoast-seo-wordpress\/ -->\n<title>Inician Ciclo de Conferencias con Egresados de CETYS - CETYS<\/title>\n<meta name=\"description\" content=\"Articulo sobre Inician Ciclo de Conferencias con Egresados de CETYS\" \/>\n<meta name=\"robots\" content=\"index, follow, max-snippet:-1, max-image-preview:large, max-video-preview:-1\" \/>\n<link rel=\"canonical\" href=\"https:\/\/www.cetys.mx\/noticias\/inician-ciclo-de-conferencias-con-egresados-de-cetys-2\/\" \/>\n<meta property=\"og:locale\" content=\"es_MX\" \/>\n<meta property=\"og:type\" content=\"article\" \/>\n<meta property=\"og:title\" content=\"Inician Ciclo de Conferencias con Egresados de CETYS - CETYS\" \/>\n<meta property=\"og:description\" content=\"Articulo sobre Inician Ciclo de Conferencias con Egresados de CETYS\" \/>\n<meta property=\"og:url\" content=\"https:\/\/www.cetys.mx\/noticias\/inician-ciclo-de-conferencias-con-egresados-de-cetys-2\/\" \/>\n<meta property=\"og:site_name\" content=\"CETYS\" \/>\n<meta property=\"article:publisher\" content=\"https:\/\/www.facebook.com\/cetysuniversidadmxl\/\" \/>\n<meta property=\"article:published_time\" content=\"2007-10-01T07:00:00+00:00\" \/>\n<meta property=\"og:image\" content=\"https:\/\/www.cetys.mx\/noticias\/wp-content\/uploads\/2016\/02\/egresados_gde.jpg\" \/>\n\t<meta property=\"og:image:width\" content=\"500\" \/>\n\t<meta property=\"og:image:height\" content=\"375\" \/>\n\t<meta property=\"og:image:type\" content=\"image\/jpeg\" \/>\n<meta name=\"author\" content=\"CETYS Institucional\" \/>\n<meta name=\"twitter:card\" content=\"summary_large_image\" \/>\n<meta name=\"twitter:creator\" content=\"@cetysuni\" \/>\n<meta name=\"twitter:site\" content=\"@cetysuni\" \/>\n<meta name=\"twitter:label1\" content=\"Escrito por\" \/>\n\t<meta name=\"twitter:data1\" content=\"CETYS Institucional\" \/>\n\t<meta name=\"twitter:label2\" content=\"Tiempo de lectura\" \/>\n\t<meta name=\"twitter:data2\" content=\"1 minuto\" \/>\n<script type=\"application\/ld+json\" class=\"yoast-schema-graph\">{\"@context\":\"https:\\\/\\\/schema.org\",\"@graph\":[{\"@type\":\"Article\",\"@id\":\"https:\\\/\\\/www.cetys.mx\\\/noticias\\\/inician-ciclo-de-conferencias-con-egresados-de-cetys-2\\\/#article\",\"isPartOf\":{\"@id\":\"https:\\\/\\\/www.cetys.mx\\\/noticias\\\/inician-ciclo-de-conferencias-con-egresados-de-cetys-2\\\/\"},\"author\":{\"name\":\"CETYS Institucional\",\"@id\":\"https:\\\/\\\/www.cetys.mx\\\/noticias\\\/#\\\/schema\\\/person\\\/e9d2b35265b64aa454df57a2828eb2ac\"},\"headline\":\"Inician Ciclo de Conferencias con Egresados de CETYS\",\"datePublished\":\"2007-10-01T07:00:00+00:00\",\"mainEntityOfPage\":{\"@id\":\"https:\\\/\\\/www.cetys.mx\\\/noticias\\\/inician-ciclo-de-conferencias-con-egresados-de-cetys-2\\\/\"},\"wordCount\":196,\"commentCount\":0,\"image\":{\"@id\":\"https:\\\/\\\/www.cetys.mx\\\/noticias\\\/inician-ciclo-de-conferencias-con-egresados-de-cetys-2\\\/#primaryimage\"},\"thumbnailUrl\":\"https:\\\/\\\/www.cetys.mx\\\/noticias\\\/wp-content\\\/uploads\\\/2016\\\/02\\\/egresados_gde.jpg\",\"articleSection\":[\"Alumni\"],\"inLanguage\":\"es\",\"potentialAction\":[{\"@type\":\"CommentAction\",\"name\":\"Comment\",\"target\":[\"https:\\\/\\\/www.cetys.mx\\\/noticias\\\/inician-ciclo-de-conferencias-con-egresados-de-cetys-2\\\/#respond\"]}]},{\"@type\":\"WebPage\",\"@id\":\"https:\\\/\\\/www.cetys.mx\\\/noticias\\\/inician-ciclo-de-conferencias-con-egresados-de-cetys-2\\\/\",\"url\":\"https:\\\/\\\/www.cetys.mx\\\/noticias\\\/inician-ciclo-de-conferencias-con-egresados-de-cetys-2\\\/\",\"name\":\"Inician Ciclo de Conferencias con Egresados de CETYS - CETYS\",\"isPartOf\":{\"@id\":\"https:\\\/\\\/www.cetys.mx\\\/noticias\\\/#website\"},\"primaryImageOfPage\":{\"@id\":\"https:\\\/\\\/www.cetys.mx\\\/noticias\\\/inician-ciclo-de-conferencias-con-egresados-de-cetys-2\\\/#primaryimage\"},\"image\":{\"@id\":\"https:\\\/\\\/www.cetys.mx\\\/noticias\\\/inician-ciclo-de-conferencias-con-egresados-de-cetys-2\\\/#primaryimage\"},\"thumbnailUrl\":\"https:\\\/\\\/www.cetys.mx\\\/noticias\\\/wp-content\\\/uploads\\\/2016\\\/02\\\/egresados_gde.jpg\",\"datePublished\":\"2007-10-01T07:00:00+00:00\",\"author\":{\"@id\":\"https:\\\/\\\/www.cetys.mx\\\/noticias\\\/#\\\/schema\\\/person\\\/e9d2b35265b64aa454df57a2828eb2ac\"},\"description\":\"Articulo sobre Inician Ciclo de Conferencias con Egresados de CETYS\",\"breadcrumb\":{\"@id\":\"https:\\\/\\\/www.cetys.mx\\\/noticias\\\/inician-ciclo-de-conferencias-con-egresados-de-cetys-2\\\/#breadcrumb\"},\"inLanguage\":\"es\",\"potentialAction\":[{\"@type\":\"ReadAction\",\"target\":[\"https:\\\/\\\/www.cetys.mx\\\/noticias\\\/inician-ciclo-de-conferencias-con-egresados-de-cetys-2\\\/\"]}]},{\"@type\":\"ImageObject\",\"inLanguage\":\"es\",\"@id\":\"https:\\\/\\\/www.cetys.mx\\\/noticias\\\/inician-ciclo-de-conferencias-con-egresados-de-cetys-2\\\/#primaryimage\",\"url\":\"https:\\\/\\\/www.cetys.mx\\\/noticias\\\/wp-content\\\/uploads\\\/2016\\\/02\\\/egresados_gde.jpg\",\"contentUrl\":\"https:\\\/\\\/www.cetys.mx\\\/noticias\\\/wp-content\\\/uploads\\\/2016\\\/02\\\/egresados_gde.jpg\",\"width\":500,\"height\":375},{\"@type\":\"BreadcrumbList\",\"@id\":\"https:\\\/\\\/www.cetys.mx\\\/noticias\\\/inician-ciclo-de-conferencias-con-egresados-de-cetys-2\\\/#breadcrumb\",\"itemListElement\":[{\"@type\":\"ListItem\",\"position\":1,\"name\":\"Inicio\",\"item\":\"https:\\\/\\\/www.cetys.mx\\\/noticias\\\/\"},{\"@type\":\"ListItem\",\"position\":2,\"name\":\"Inician Ciclo de Conferencias con Egresados de CETYS\"}]},{\"@type\":\"WebSite\",\"@id\":\"https:\\\/\\\/www.cetys.mx\\\/noticias\\\/#website\",\"url\":\"https:\\\/\\\/www.cetys.mx\\\/noticias\\\/\",\"name\":\"CETYS\",\"description\":\"\",\"potentialAction\":[{\"@type\":\"SearchAction\",\"target\":{\"@type\":\"EntryPoint\",\"urlTemplate\":\"https:\\\/\\\/www.cetys.mx\\\/noticias\\\/?s={search_term_string}\"},\"query-input\":{\"@type\":\"PropertyValueSpecification\",\"valueRequired\":true,\"valueName\":\"search_term_string\"}}],\"inLanguage\":\"es\"},{\"@type\":\"Person\",\"@id\":\"https:\\\/\\\/www.cetys.mx\\\/noticias\\\/#\\\/schema\\\/person\\\/e9d2b35265b64aa454df57a2828eb2ac\",\"name\":\"CETYS Institucional\",\"url\":\"https:\\\/\\\/www.cetys.mx\\\/noticias\\\/author\\\/cetysinstitucional\\\/\"}]}<\/script>\n<!-- \/ Yoast SEO plugin. -->","yoast_head_json":{"title":"Inician Ciclo de Conferencias con Egresados de CETYS - CETYS","description":"Articulo sobre Inician Ciclo de Conferencias con Egresados de CETYS","robots":{"index":"index","follow":"follow","max-snippet":"max-snippet:-1","max-image-preview":"max-image-preview:large","max-video-preview":"max-video-preview:-1"},"canonical":"https:\/\/www.cetys.mx\/noticias\/inician-ciclo-de-conferencias-con-egresados-de-cetys-2\/","og_locale":"es_MX","og_type":"article","og_title":"Inician Ciclo de Conferencias con Egresados de CETYS - CETYS","og_description":"Articulo sobre Inician Ciclo de Conferencias con Egresados de CETYS","og_url":"https:\/\/www.cetys.mx\/noticias\/inician-ciclo-de-conferencias-con-egresados-de-cetys-2\/","og_site_name":"CETYS","article_publisher":"https:\/\/www.facebook.com\/cetysuniversidadmxl\/","article_published_time":"2007-10-01T07:00:00+00:00","og_image":[{"width":500,"height":375,"url":"https:\/\/www.cetys.mx\/noticias\/wp-content\/uploads\/2016\/02\/egresados_gde.jpg","type":"image\/jpeg"}],"author":"CETYS Institucional","twitter_card":"summary_large_image","twitter_creator":"@cetysuni","twitter_site":"@cetysuni","twitter_misc":{"Escrito por":"CETYS Institucional","Tiempo de lectura":"1 minuto"},"schema":{"@context":"https:\/\/schema.org","@graph":[{"@type":"Article","@id":"https:\/\/www.cetys.mx\/noticias\/inician-ciclo-de-conferencias-con-egresados-de-cetys-2\/#article","isPartOf":{"@id":"https:\/\/www.cetys.mx\/noticias\/inician-ciclo-de-conferencias-con-egresados-de-cetys-2\/"},"author":{"name":"CETYS Institucional","@id":"https:\/\/www.cetys.mx\/noticias\/#\/schema\/person\/e9d2b35265b64aa454df57a2828eb2ac"},"headline":"Inician Ciclo de Conferencias con Egresados de CETYS","datePublished":"2007-10-01T07:00:00+00:00","mainEntityOfPage":{"@id":"https:\/\/www.cetys.mx\/noticias\/inician-ciclo-de-conferencias-con-egresados-de-cetys-2\/"},"wordCount":196,"commentCount":0,"image":{"@id":"https:\/\/www.cetys.mx\/noticias\/inician-ciclo-de-conferencias-con-egresados-de-cetys-2\/#primaryimage"},"thumbnailUrl":"https:\/\/www.cetys.mx\/noticias\/wp-content\/uploads\/2016\/02\/egresados_gde.jpg","articleSection":["Alumni"],"inLanguage":"es","potentialAction":[{"@type":"CommentAction","name":"Comment","target":["https:\/\/www.cetys.mx\/noticias\/inician-ciclo-de-conferencias-con-egresados-de-cetys-2\/#respond"]}]},{"@type":"WebPage","@id":"https:\/\/www.cetys.mx\/noticias\/inician-ciclo-de-conferencias-con-egresados-de-cetys-2\/","url":"https:\/\/www.cetys.mx\/noticias\/inician-ciclo-de-conferencias-con-egresados-de-cetys-2\/","name":"Inician Ciclo de Conferencias con Egresados de CETYS - CETYS","isPartOf":{"@id":"https:\/\/www.cetys.mx\/noticias\/#website"},"primaryImageOfPage":{"@id":"https:\/\/www.cetys.mx\/noticias\/inician-ciclo-de-conferencias-con-egresados-de-cetys-2\/#primaryimage"},"image":{"@id":"https:\/\/www.cetys.mx\/noticias\/inician-ciclo-de-conferencias-con-egresados-de-cetys-2\/#primaryimage"},"thumbnailUrl":"https:\/\/www.cetys.mx\/noticias\/wp-content\/uploads\/2016\/02\/egresados_gde.jpg","datePublished":"2007-10-01T07:00:00+00:00","author":{"@id":"https:\/\/www.cetys.mx\/noticias\/#\/schema\/person\/e9d2b35265b64aa454df57a2828eb2ac"},"description":"Articulo sobre Inician Ciclo de Conferencias con Egresados de CETYS","breadcrumb":{"@id":"https:\/\/www.cetys.mx\/noticias\/inician-ciclo-de-conferencias-con-egresados-de-cetys-2\/#breadcrumb"},"inLanguage":"es","potentialAction":[{"@type":"ReadAction","target":["https:\/\/www.cetys.mx\/noticias\/inician-ciclo-de-conferencias-con-egresados-de-cetys-2\/"]}]},{"@type":"ImageObject","inLanguage":"es","@id":"https:\/\/www.cetys.mx\/noticias\/inician-ciclo-de-conferencias-con-egresados-de-cetys-2\/#primaryimage","url":"https:\/\/www.cetys.mx\/noticias\/wp-content\/uploads\/2016\/02\/egresados_gde.jpg","contentUrl":"https:\/\/www.cetys.mx\/noticias\/wp-content\/uploads\/2016\/02\/egresados_gde.jpg","width":500,"height":375},{"@type":"BreadcrumbList","@id":"https:\/\/www.cetys.mx\/noticias\/inician-ciclo-de-conferencias-con-egresados-de-cetys-2\/#breadcrumb","itemListElement":[{"@type":"ListItem","position":1,"name":"Inicio","item":"https:\/\/www.cetys.mx\/noticias\/"},{"@type":"ListItem","position":2,"name":"Inician Ciclo de Conferencias con Egresados de CETYS"}]},{"@type":"WebSite","@id":"https:\/\/www.cetys.mx\/noticias\/#website","url":"https:\/\/www.cetys.mx\/noticias\/","name":"CETYS","description":"","potentialAction":[{"@type":"SearchAction","target":{"@type":"EntryPoint","urlTemplate":"https:\/\/www.cetys.mx\/noticias\/?s={search_term_string}"},"query-input":{"@type":"PropertyValueSpecification","valueRequired":true,"valueName":"search_term_string"}}],"inLanguage":"es"},{"@type":"Person","@id":"https:\/\/www.cetys.mx\/noticias\/#\/schema\/person\/e9d2b35265b64aa454df57a2828eb2ac","name":"CETYS Institucional","url":"https:\/\/www.cetys.mx\/noticias\/author\/cetysinstitucional\/"}]}},"_links":{"self":[{"href":"https:\/\/www.cetys.mx\/noticias\/wp-json\/wp\/v2\/posts\/28760","targetHints":{"allow":["GET"]}}],"collection":[{"href":"https:\/\/www.cetys.mx\/noticias\/wp-json\/wp\/v2\/posts"}],"about":[{"href":"https:\/\/www.cetys.mx\/noticias\/wp-json\/wp\/v2\/types\/post"}],"author":[{"embeddable":true,"href":"https:\/\/www.cetys.mx\/noticias\/wp-json\/wp\/v2\/users\/26"}],"replies":[{"embeddable":true,"href":"https:\/\/www.cetys.mx\/noticias\/wp-json\/wp\/v2\/comments?post=28760"}],"version-history":[{"count":0,"href":"https:\/\/www.cetys.mx\/noticias\/wp-json\/wp\/v2\/posts\/28760\/revisions"}],"wp:featuredmedia":[{"embeddable":true,"href":"https:\/\/www.cetys.mx\/noticias\/wp-json\/wp\/v2\/media\/28761"}],"wp:attachment":[{"href":"https:\/\/www.cetys.mx\/noticias\/wp-json\/wp\/v2\/media?parent=28760"}],"wp:term":[{"taxonomy":"category","embeddable":true,"href":"https:\/\/www.cetys.mx\/noticias\/wp-json\/wp\/v2\/categories?post=28760"},{"taxonomy":"post_tag","embeddable":true,"href":"https:\/\/www.cetys.mx\/noticias\/wp-json\/wp\/v2\/tags?post=28760"}],"curies":[{"name":"wp","href":"https:\/\/api.w.org\/{rel}","templated":true}]}}