{"id":28724,"date":"2007-10-02T00:00:00","date_gmt":"2007-10-02T07:00:00","guid":{"rendered":"http:\/\/vocetys.mx\/con-xito-se-realiz-el-foro-baja-california-asia-2007\/"},"modified":"2016-07-15T00:45:32","modified_gmt":"2016-07-15T07:45:32","slug":"con-xito-se-realiz-el-foro-baja-california-asia-2007","status":"publish","type":"post","link":"https:\/\/www.cetys.mx\/noticias\/con-xito-se-realiz-el-foro-baja-california-asia-2007\/","title":{"rendered":"Con \u00c9xito se Realiz\u00f3 el Foro Baja California \u2013 Asia 2007"},"content":{"rendered":"<p>Estudiantes de CETYS Universidad tuvieron la oportunidad de participar en el Foro Baja California-Asia 2007, el cual se realiz\u00f3 el pasado 25 de septiembre en el Teatro \u201cRub\u00e9n Vizca\u00edno Valencia\u201d, de la UABC, Campus Tijuana. Fueron 154 alumnos, 92 del campus Mexicali y 62 del campus Tijuana, de las carreras de Administraci\u00f3n, Mercadotecnia, y Negocios Internacionles, pertenecientes a la comunidad CETYS, los que representaron orgullosamente a la instituci\u00f3n durante este importante evento.Este foro tuvo como finalidad dar a conocer a los bajacalifornianos las experiencias de negocios de los principales pa\u00edses asi\u00e1ticos, adem\u00e1s de su cultura. Se destac\u00f3 el hecho de generar oportunidades de negocios para desarrollar un v\u00ednculo comercial M\u00e9xico-Asia con la finalidad de entablar una relaci\u00f3n en la que ambos pa\u00edses se vean beneficiados, por ello la importancia de intercambiar aspectos b\u00e1sicos de cultura, pol\u00edtica e incluso religi\u00f3n, de esto se encargaron tanto embajadores de China, Jap\u00f3n y Korea.Algunas de las personalidades que asistieron son el Lic. Eugenio Elorduy Walther, Gobernador del Estado; C. P. Kurt Honold, Presidente Municipal de Tijuana; Ing. Sergio Tagliapietra Nassri, Secretario de Desarrollo Econ\u00f3mico;  C. P. Octavio Corona Flores, Secretario de Desarrollo Econ\u00f3mico de Tijuana; Ing. Enrique Carlos Blancas de la Cruz, Rector del Sistema CETYS  Universidad; Dr. Marco Antonio Carrillo Maza y el Vicerrector Acad\u00e9mico de CETYS, entre otros. Es importante destacar que CETYS Universidad ser\u00e1 la sede del pr\u00f3ximo Foro Baja California- Asia 2008.<\/p>\n","protected":false},"excerpt":{"rendered":"<p>Estudiantes de CETYS Universidad tuvieron la oportunidad de participar en el Foro Baja California-Asia 2007, el cual se realiz\u00f3 el pasado 25&#8230;<\/p>\n","protected":false},"author":26,"featured_media":28725,"comment_status":"open","ping_status":"open","sticky":false,"template":"","format":"standard","meta":{"footnotes":""},"categories":[111],"tags":[],"class_list":["post-28724","post","type-post","status-publish","format-standard","has-post-thumbnail","hentry","category-emprendimiento"],"yoast_head":"<!-- This site is optimized with the Yoast SEO plugin v27.4 - https:\/\/yoast.com\/product\/yoast-seo-wordpress\/ -->\n<title>Con \u00c9xito se Realiz\u00f3 el Foro Baja California \u2013 Asia 2007 - CETYS<\/title>\n<meta name=\"description\" content=\"Articulo sobre Con \u00c9xito se Realiz\u00f3 el Foro Baja California \u2013 Asia 2007\" \/>\n<meta name=\"robots\" content=\"index, follow, max-snippet:-1, max-image-preview:large, max-video-preview:-1\" \/>\n<link rel=\"canonical\" href=\"https:\/\/www.cetys.mx\/noticias\/con-xito-se-realiz-el-foro-baja-california-asia-2007\/\" \/>\n<meta property=\"og:locale\" content=\"es_MX\" \/>\n<meta property=\"og:type\" content=\"article\" \/>\n<meta property=\"og:title\" content=\"Con \u00c9xito se Realiz\u00f3 el Foro Baja California \u2013 Asia 2007 - CETYS\" \/>\n<meta property=\"og:description\" content=\"Articulo sobre Con \u00c9xito se Realiz\u00f3 el Foro Baja California \u2013 Asia 2007\" \/>\n<meta property=\"og:url\" content=\"https:\/\/www.cetys.mx\/noticias\/con-xito-se-realiz-el-foro-baja-california-asia-2007\/\" \/>\n<meta property=\"og:site_name\" content=\"CETYS\" \/>\n<meta property=\"article:publisher\" content=\"https:\/\/www.facebook.com\/cetysuniversidadmxl\/\" \/>\n<meta property=\"article:published_time\" content=\"2007-10-02T07:00:00+00:00\" \/>\n<meta property=\"article:modified_time\" content=\"2016-07-15T07:45:32+00:00\" \/>\n<meta property=\"og:image\" content=\"https:\/\/www.cetys.mx\/noticias\/wp-content\/uploads\/2016\/02\/asia_gde.jpg\" \/>\n\t<meta property=\"og:image:width\" content=\"500\" \/>\n\t<meta property=\"og:image:height\" content=\"375\" \/>\n\t<meta property=\"og:image:type\" content=\"image\/jpeg\" \/>\n<meta name=\"author\" content=\"CETYS Institucional\" \/>\n<meta name=\"twitter:card\" content=\"summary_large_image\" \/>\n<meta name=\"twitter:creator\" content=\"@cetysuni\" \/>\n<meta name=\"twitter:site\" content=\"@cetysuni\" \/>\n<meta name=\"twitter:label1\" content=\"Escrito por\" \/>\n\t<meta name=\"twitter:data1\" content=\"CETYS Institucional\" \/>\n\t<meta name=\"twitter:label2\" content=\"Tiempo de lectura\" \/>\n\t<meta name=\"twitter:data2\" content=\"1 minuto\" \/>\n<script type=\"application\/ld+json\" class=\"yoast-schema-graph\">{\"@context\":\"https:\\\/\\\/schema.org\",\"@graph\":[{\"@type\":\"Article\",\"@id\":\"https:\\\/\\\/www.cetys.mx\\\/noticias\\\/con-xito-se-realiz-el-foro-baja-california-asia-2007\\\/#article\",\"isPartOf\":{\"@id\":\"https:\\\/\\\/www.cetys.mx\\\/noticias\\\/con-xito-se-realiz-el-foro-baja-california-asia-2007\\\/\"},\"author\":{\"name\":\"CETYS Institucional\",\"@id\":\"https:\\\/\\\/www.cetys.mx\\\/noticias\\\/#\\\/schema\\\/person\\\/e9d2b35265b64aa454df57a2828eb2ac\"},\"headline\":\"Con \u00c9xito se Realiz\u00f3 el Foro Baja California \u2013 Asia 2007\",\"datePublished\":\"2007-10-02T07:00:00+00:00\",\"dateModified\":\"2016-07-15T07:45:32+00:00\",\"mainEntityOfPage\":{\"@id\":\"https:\\\/\\\/www.cetys.mx\\\/noticias\\\/con-xito-se-realiz-el-foro-baja-california-asia-2007\\\/\"},\"wordCount\":256,\"commentCount\":0,\"image\":{\"@id\":\"https:\\\/\\\/www.cetys.mx\\\/noticias\\\/con-xito-se-realiz-el-foro-baja-california-asia-2007\\\/#primaryimage\"},\"thumbnailUrl\":\"https:\\\/\\\/www.cetys.mx\\\/noticias\\\/wp-content\\\/uploads\\\/2016\\\/02\\\/asia_gde.jpg\",\"articleSection\":[\"Emprendimiento\"],\"inLanguage\":\"es\",\"potentialAction\":[{\"@type\":\"CommentAction\",\"name\":\"Comment\",\"target\":[\"https:\\\/\\\/www.cetys.mx\\\/noticias\\\/con-xito-se-realiz-el-foro-baja-california-asia-2007\\\/#respond\"]}]},{\"@type\":\"WebPage\",\"@id\":\"https:\\\/\\\/www.cetys.mx\\\/noticias\\\/con-xito-se-realiz-el-foro-baja-california-asia-2007\\\/\",\"url\":\"https:\\\/\\\/www.cetys.mx\\\/noticias\\\/con-xito-se-realiz-el-foro-baja-california-asia-2007\\\/\",\"name\":\"Con \u00c9xito se Realiz\u00f3 el Foro Baja California \u2013 Asia 2007 - CETYS\",\"isPartOf\":{\"@id\":\"https:\\\/\\\/www.cetys.mx\\\/noticias\\\/#website\"},\"primaryImageOfPage\":{\"@id\":\"https:\\\/\\\/www.cetys.mx\\\/noticias\\\/con-xito-se-realiz-el-foro-baja-california-asia-2007\\\/#primaryimage\"},\"image\":{\"@id\":\"https:\\\/\\\/www.cetys.mx\\\/noticias\\\/con-xito-se-realiz-el-foro-baja-california-asia-2007\\\/#primaryimage\"},\"thumbnailUrl\":\"https:\\\/\\\/www.cetys.mx\\\/noticias\\\/wp-content\\\/uploads\\\/2016\\\/02\\\/asia_gde.jpg\",\"datePublished\":\"2007-10-02T07:00:00+00:00\",\"dateModified\":\"2016-07-15T07:45:32+00:00\",\"author\":{\"@id\":\"https:\\\/\\\/www.cetys.mx\\\/noticias\\\/#\\\/schema\\\/person\\\/e9d2b35265b64aa454df57a2828eb2ac\"},\"description\":\"Articulo sobre Con \u00c9xito se Realiz\u00f3 el Foro Baja California \u2013 Asia 2007\",\"breadcrumb\":{\"@id\":\"https:\\\/\\\/www.cetys.mx\\\/noticias\\\/con-xito-se-realiz-el-foro-baja-california-asia-2007\\\/#breadcrumb\"},\"inLanguage\":\"es\",\"potentialAction\":[{\"@type\":\"ReadAction\",\"target\":[\"https:\\\/\\\/www.cetys.mx\\\/noticias\\\/con-xito-se-realiz-el-foro-baja-california-asia-2007\\\/\"]}]},{\"@type\":\"ImageObject\",\"inLanguage\":\"es\",\"@id\":\"https:\\\/\\\/www.cetys.mx\\\/noticias\\\/con-xito-se-realiz-el-foro-baja-california-asia-2007\\\/#primaryimage\",\"url\":\"https:\\\/\\\/www.cetys.mx\\\/noticias\\\/wp-content\\\/uploads\\\/2016\\\/02\\\/asia_gde.jpg\",\"contentUrl\":\"https:\\\/\\\/www.cetys.mx\\\/noticias\\\/wp-content\\\/uploads\\\/2016\\\/02\\\/asia_gde.jpg\",\"width\":500,\"height\":375},{\"@type\":\"BreadcrumbList\",\"@id\":\"https:\\\/\\\/www.cetys.mx\\\/noticias\\\/con-xito-se-realiz-el-foro-baja-california-asia-2007\\\/#breadcrumb\",\"itemListElement\":[{\"@type\":\"ListItem\",\"position\":1,\"name\":\"Inicio\",\"item\":\"https:\\\/\\\/www.cetys.mx\\\/noticias\\\/\"},{\"@type\":\"ListItem\",\"position\":2,\"name\":\"Con \u00c9xito se Realiz\u00f3 el Foro Baja California \u2013 Asia 2007\"}]},{\"@type\":\"WebSite\",\"@id\":\"https:\\\/\\\/www.cetys.mx\\\/noticias\\\/#website\",\"url\":\"https:\\\/\\\/www.cetys.mx\\\/noticias\\\/\",\"name\":\"CETYS\",\"description\":\"\",\"potentialAction\":[{\"@type\":\"SearchAction\",\"target\":{\"@type\":\"EntryPoint\",\"urlTemplate\":\"https:\\\/\\\/www.cetys.mx\\\/noticias\\\/?s={search_term_string}\"},\"query-input\":{\"@type\":\"PropertyValueSpecification\",\"valueRequired\":true,\"valueName\":\"search_term_string\"}}],\"inLanguage\":\"es\"},{\"@type\":\"Person\",\"@id\":\"https:\\\/\\\/www.cetys.mx\\\/noticias\\\/#\\\/schema\\\/person\\\/e9d2b35265b64aa454df57a2828eb2ac\",\"name\":\"CETYS Institucional\",\"url\":\"https:\\\/\\\/www.cetys.mx\\\/noticias\\\/author\\\/cetysinstitucional\\\/\"}]}<\/script>\n<!-- \/ Yoast SEO plugin. -->","yoast_head_json":{"title":"Con \u00c9xito se Realiz\u00f3 el Foro Baja California \u2013 Asia 2007 - CETYS","description":"Articulo sobre Con \u00c9xito se Realiz\u00f3 el Foro Baja California \u2013 Asia 2007","robots":{"index":"index","follow":"follow","max-snippet":"max-snippet:-1","max-image-preview":"max-image-preview:large","max-video-preview":"max-video-preview:-1"},"canonical":"https:\/\/www.cetys.mx\/noticias\/con-xito-se-realiz-el-foro-baja-california-asia-2007\/","og_locale":"es_MX","og_type":"article","og_title":"Con \u00c9xito se Realiz\u00f3 el Foro Baja California \u2013 Asia 2007 - CETYS","og_description":"Articulo sobre Con \u00c9xito se Realiz\u00f3 el Foro Baja California \u2013 Asia 2007","og_url":"https:\/\/www.cetys.mx\/noticias\/con-xito-se-realiz-el-foro-baja-california-asia-2007\/","og_site_name":"CETYS","article_publisher":"https:\/\/www.facebook.com\/cetysuniversidadmxl\/","article_published_time":"2007-10-02T07:00:00+00:00","article_modified_time":"2016-07-15T07:45:32+00:00","og_image":[{"width":500,"height":375,"url":"https:\/\/www.cetys.mx\/noticias\/wp-content\/uploads\/2016\/02\/asia_gde.jpg","type":"image\/jpeg"}],"author":"CETYS Institucional","twitter_card":"summary_large_image","twitter_creator":"@cetysuni","twitter_site":"@cetysuni","twitter_misc":{"Escrito por":"CETYS Institucional","Tiempo de lectura":"1 minuto"},"schema":{"@context":"https:\/\/schema.org","@graph":[{"@type":"Article","@id":"https:\/\/www.cetys.mx\/noticias\/con-xito-se-realiz-el-foro-baja-california-asia-2007\/#article","isPartOf":{"@id":"https:\/\/www.cetys.mx\/noticias\/con-xito-se-realiz-el-foro-baja-california-asia-2007\/"},"author":{"name":"CETYS Institucional","@id":"https:\/\/www.cetys.mx\/noticias\/#\/schema\/person\/e9d2b35265b64aa454df57a2828eb2ac"},"headline":"Con \u00c9xito se Realiz\u00f3 el Foro Baja California \u2013 Asia 2007","datePublished":"2007-10-02T07:00:00+00:00","dateModified":"2016-07-15T07:45:32+00:00","mainEntityOfPage":{"@id":"https:\/\/www.cetys.mx\/noticias\/con-xito-se-realiz-el-foro-baja-california-asia-2007\/"},"wordCount":256,"commentCount":0,"image":{"@id":"https:\/\/www.cetys.mx\/noticias\/con-xito-se-realiz-el-foro-baja-california-asia-2007\/#primaryimage"},"thumbnailUrl":"https:\/\/www.cetys.mx\/noticias\/wp-content\/uploads\/2016\/02\/asia_gde.jpg","articleSection":["Emprendimiento"],"inLanguage":"es","potentialAction":[{"@type":"CommentAction","name":"Comment","target":["https:\/\/www.cetys.mx\/noticias\/con-xito-se-realiz-el-foro-baja-california-asia-2007\/#respond"]}]},{"@type":"WebPage","@id":"https:\/\/www.cetys.mx\/noticias\/con-xito-se-realiz-el-foro-baja-california-asia-2007\/","url":"https:\/\/www.cetys.mx\/noticias\/con-xito-se-realiz-el-foro-baja-california-asia-2007\/","name":"Con \u00c9xito se Realiz\u00f3 el Foro Baja California \u2013 Asia 2007 - CETYS","isPartOf":{"@id":"https:\/\/www.cetys.mx\/noticias\/#website"},"primaryImageOfPage":{"@id":"https:\/\/www.cetys.mx\/noticias\/con-xito-se-realiz-el-foro-baja-california-asia-2007\/#primaryimage"},"image":{"@id":"https:\/\/www.cetys.mx\/noticias\/con-xito-se-realiz-el-foro-baja-california-asia-2007\/#primaryimage"},"thumbnailUrl":"https:\/\/www.cetys.mx\/noticias\/wp-content\/uploads\/2016\/02\/asia_gde.jpg","datePublished":"2007-10-02T07:00:00+00:00","dateModified":"2016-07-15T07:45:32+00:00","author":{"@id":"https:\/\/www.cetys.mx\/noticias\/#\/schema\/person\/e9d2b35265b64aa454df57a2828eb2ac"},"description":"Articulo sobre Con \u00c9xito se Realiz\u00f3 el Foro Baja California \u2013 Asia 2007","breadcrumb":{"@id":"https:\/\/www.cetys.mx\/noticias\/con-xito-se-realiz-el-foro-baja-california-asia-2007\/#breadcrumb"},"inLanguage":"es","potentialAction":[{"@type":"ReadAction","target":["https:\/\/www.cetys.mx\/noticias\/con-xito-se-realiz-el-foro-baja-california-asia-2007\/"]}]},{"@type":"ImageObject","inLanguage":"es","@id":"https:\/\/www.cetys.mx\/noticias\/con-xito-se-realiz-el-foro-baja-california-asia-2007\/#primaryimage","url":"https:\/\/www.cetys.mx\/noticias\/wp-content\/uploads\/2016\/02\/asia_gde.jpg","contentUrl":"https:\/\/www.cetys.mx\/noticias\/wp-content\/uploads\/2016\/02\/asia_gde.jpg","width":500,"height":375},{"@type":"BreadcrumbList","@id":"https:\/\/www.cetys.mx\/noticias\/con-xito-se-realiz-el-foro-baja-california-asia-2007\/#breadcrumb","itemListElement":[{"@type":"ListItem","position":1,"name":"Inicio","item":"https:\/\/www.cetys.mx\/noticias\/"},{"@type":"ListItem","position":2,"name":"Con \u00c9xito se Realiz\u00f3 el Foro Baja California \u2013 Asia 2007"}]},{"@type":"WebSite","@id":"https:\/\/www.cetys.mx\/noticias\/#website","url":"https:\/\/www.cetys.mx\/noticias\/","name":"CETYS","description":"","potentialAction":[{"@type":"SearchAction","target":{"@type":"EntryPoint","urlTemplate":"https:\/\/www.cetys.mx\/noticias\/?s={search_term_string}"},"query-input":{"@type":"PropertyValueSpecification","valueRequired":true,"valueName":"search_term_string"}}],"inLanguage":"es"},{"@type":"Person","@id":"https:\/\/www.cetys.mx\/noticias\/#\/schema\/person\/e9d2b35265b64aa454df57a2828eb2ac","name":"CETYS Institucional","url":"https:\/\/www.cetys.mx\/noticias\/author\/cetysinstitucional\/"}]}},"_links":{"self":[{"href":"https:\/\/www.cetys.mx\/noticias\/wp-json\/wp\/v2\/posts\/28724","targetHints":{"allow":["GET"]}}],"collection":[{"href":"https:\/\/www.cetys.mx\/noticias\/wp-json\/wp\/v2\/posts"}],"about":[{"href":"https:\/\/www.cetys.mx\/noticias\/wp-json\/wp\/v2\/types\/post"}],"author":[{"embeddable":true,"href":"https:\/\/www.cetys.mx\/noticias\/wp-json\/wp\/v2\/users\/26"}],"replies":[{"embeddable":true,"href":"https:\/\/www.cetys.mx\/noticias\/wp-json\/wp\/v2\/comments?post=28724"}],"version-history":[{"count":0,"href":"https:\/\/www.cetys.mx\/noticias\/wp-json\/wp\/v2\/posts\/28724\/revisions"}],"wp:featuredmedia":[{"embeddable":true,"href":"https:\/\/www.cetys.mx\/noticias\/wp-json\/wp\/v2\/media\/28725"}],"wp:attachment":[{"href":"https:\/\/www.cetys.mx\/noticias\/wp-json\/wp\/v2\/media?parent=28724"}],"wp:term":[{"taxonomy":"category","embeddable":true,"href":"https:\/\/www.cetys.mx\/noticias\/wp-json\/wp\/v2\/categories?post=28724"},{"taxonomy":"post_tag","embeddable":true,"href":"https:\/\/www.cetys.mx\/noticias\/wp-json\/wp\/v2\/tags?post=28724"}],"curies":[{"name":"wp","href":"https:\/\/api.w.org\/{rel}","templated":true}]}}