{"id":28588,"date":"2007-09-07T00:00:00","date_gmt":"2007-09-07T07:00:00","guid":{"rendered":"http:\/\/vocetys.mx\/alumna-de-cetys-gana-en-panamericano-de-halterofilia-2\/"},"modified":"2016-08-07T15:52:29","modified_gmt":"2016-08-07T22:52:29","slug":"alumna-de-cetys-gana-en-panamericano-de-halterofilia-2","status":"publish","type":"post","link":"https:\/\/www.cetys.mx\/noticias\/alumna-de-cetys-gana-en-panamericano-de-halterofilia-2\/","title":{"rendered":"Alumna de CETYS Gana en Panamericano de Halterofilia"},"content":{"rendered":"<p>Karla Luc\u00eda Hern\u00e1ndez Le\u00f3n de 14 a\u00f1os de edad y estudiante de 1er. semestre de la Preparatoria de CETYS Universidad, logr\u00f3 conseguir 2 medallas de oro y 1 de plata en el 5to. Panamericano de Halterofilia, realizado del 27 de agosto al 2 de septiembre en Le\u00f3n Guanajuato. Compiti\u00f3 en las t\u00e9cnicas de Arranque en la que levant\u00f3 63 kg. y en la de Envi\u00f3n con un peso de 80 kg., derrotando as\u00ed a 7 contrincantes, provenientes de Estados Unidos, Venezuela y M\u00e9xico. Otros logros que Karla ha obtenido en el levantamiento de pesas est\u00e1n la Copa Sinaloa 2006 en la que gan\u00f3 medalla de oro, los Campeonatos Estatal y Nacional en 2006 y 2007, y en esos mismos a\u00f1os particip\u00f3 y gan\u00f3 el California State Games. Entre sus planes est\u00e1 continuar con los entrenamientos para consolidarse en este deporte, los cuales realiza bajo la supervisi\u00f3n de su padre, Juan Alberto Mart\u00ednez, de lunes a s\u00e1bado, as\u00ed como estudiar una carrera profesional en ingenier\u00eda, aunque a\u00fan no define cu\u00e1l. En lo acad\u00e9mico es considerada una alumna excelente y es reconocida por sus maestros, quienes le brindan todo el apoyo para que no deje caer su promedio de estudios, el cual ha sido alto hasta este momento. \u00a1Muchas felicidades por este triunfo!<\/p>\n","protected":false},"excerpt":{"rendered":"<p>Karla Luc\u00eda Hern\u00e1ndez Le\u00f3n de 14 a\u00f1os de edad y estudiante de 1er. semestre de la Preparatoria de CETYS Universidad, logr\u00f3 conseguir&#8230;<\/p>\n","protected":false},"author":26,"featured_media":28589,"comment_status":"open","ping_status":"open","sticky":false,"template":"","format":"standard","meta":{"footnotes":""},"categories":[105],"tags":[],"class_list":["post-28588","post","type-post","status-publish","format-standard","has-post-thumbnail","hentry","category-vida-estudiantil"],"yoast_head":"<!-- This site is optimized with the Yoast SEO plugin v27.4 - https:\/\/yoast.com\/product\/yoast-seo-wordpress\/ -->\n<title>Alumna de CETYS Gana en Panamericano de Halterofilia - CETYS<\/title>\n<meta name=\"description\" content=\"Articulo sobre Alumna de CETYS Gana en Panamericano de Halterofilia\" \/>\n<meta name=\"robots\" content=\"index, follow, max-snippet:-1, max-image-preview:large, max-video-preview:-1\" \/>\n<link rel=\"canonical\" href=\"https:\/\/www.cetys.mx\/noticias\/alumna-de-cetys-gana-en-panamericano-de-halterofilia-2\/\" \/>\n<meta property=\"og:locale\" content=\"es_MX\" \/>\n<meta property=\"og:type\" content=\"article\" \/>\n<meta property=\"og:title\" content=\"Alumna de CETYS Gana en Panamericano de Halterofilia - CETYS\" \/>\n<meta property=\"og:description\" content=\"Articulo sobre Alumna de CETYS Gana en Panamericano de Halterofilia\" \/>\n<meta property=\"og:url\" content=\"https:\/\/www.cetys.mx\/noticias\/alumna-de-cetys-gana-en-panamericano-de-halterofilia-2\/\" \/>\n<meta property=\"og:site_name\" content=\"CETYS\" \/>\n<meta property=\"article:publisher\" content=\"https:\/\/www.facebook.com\/cetysuniversidadmxl\/\" \/>\n<meta property=\"article:published_time\" content=\"2007-09-07T07:00:00+00:00\" \/>\n<meta property=\"article:modified_time\" content=\"2016-08-07T22:52:29+00:00\" \/>\n<meta property=\"og:image\" content=\"https:\/\/www.cetys.mx\/noticias\/wp-content\/uploads\/2016\/02\/halterofilia_gde.jpg\" \/>\n\t<meta property=\"og:image:width\" content=\"375\" \/>\n\t<meta property=\"og:image:height\" content=\"500\" \/>\n\t<meta property=\"og:image:type\" content=\"image\/jpeg\" \/>\n<meta name=\"author\" content=\"CETYS Institucional\" \/>\n<meta name=\"twitter:card\" content=\"summary_large_image\" \/>\n<meta name=\"twitter:creator\" content=\"@cetysuni\" \/>\n<meta name=\"twitter:site\" content=\"@cetysuni\" \/>\n<meta name=\"twitter:label1\" content=\"Escrito por\" \/>\n\t<meta name=\"twitter:data1\" content=\"CETYS Institucional\" \/>\n\t<meta name=\"twitter:label2\" content=\"Tiempo de lectura\" \/>\n\t<meta name=\"twitter:data2\" content=\"1 minuto\" \/>\n<script type=\"application\/ld+json\" class=\"yoast-schema-graph\">{\"@context\":\"https:\\\/\\\/schema.org\",\"@graph\":[{\"@type\":\"Article\",\"@id\":\"https:\\\/\\\/www.cetys.mx\\\/noticias\\\/alumna-de-cetys-gana-en-panamericano-de-halterofilia-2\\\/#article\",\"isPartOf\":{\"@id\":\"https:\\\/\\\/www.cetys.mx\\\/noticias\\\/alumna-de-cetys-gana-en-panamericano-de-halterofilia-2\\\/\"},\"author\":{\"name\":\"CETYS Institucional\",\"@id\":\"https:\\\/\\\/www.cetys.mx\\\/noticias\\\/#\\\/schema\\\/person\\\/e9d2b35265b64aa454df57a2828eb2ac\"},\"headline\":\"Alumna de CETYS Gana en Panamericano de Halterofilia\",\"datePublished\":\"2007-09-07T07:00:00+00:00\",\"dateModified\":\"2016-08-07T22:52:29+00:00\",\"mainEntityOfPage\":{\"@id\":\"https:\\\/\\\/www.cetys.mx\\\/noticias\\\/alumna-de-cetys-gana-en-panamericano-de-halterofilia-2\\\/\"},\"wordCount\":225,\"commentCount\":0,\"image\":{\"@id\":\"https:\\\/\\\/www.cetys.mx\\\/noticias\\\/alumna-de-cetys-gana-en-panamericano-de-halterofilia-2\\\/#primaryimage\"},\"thumbnailUrl\":\"https:\\\/\\\/www.cetys.mx\\\/noticias\\\/wp-content\\\/uploads\\\/2016\\\/02\\\/halterofilia_gde.jpg\",\"articleSection\":[\"Vida Estudiantil\"],\"inLanguage\":\"es\",\"potentialAction\":[{\"@type\":\"CommentAction\",\"name\":\"Comment\",\"target\":[\"https:\\\/\\\/www.cetys.mx\\\/noticias\\\/alumna-de-cetys-gana-en-panamericano-de-halterofilia-2\\\/#respond\"]}]},{\"@type\":\"WebPage\",\"@id\":\"https:\\\/\\\/www.cetys.mx\\\/noticias\\\/alumna-de-cetys-gana-en-panamericano-de-halterofilia-2\\\/\",\"url\":\"https:\\\/\\\/www.cetys.mx\\\/noticias\\\/alumna-de-cetys-gana-en-panamericano-de-halterofilia-2\\\/\",\"name\":\"Alumna de CETYS Gana en Panamericano de Halterofilia - CETYS\",\"isPartOf\":{\"@id\":\"https:\\\/\\\/www.cetys.mx\\\/noticias\\\/#website\"},\"primaryImageOfPage\":{\"@id\":\"https:\\\/\\\/www.cetys.mx\\\/noticias\\\/alumna-de-cetys-gana-en-panamericano-de-halterofilia-2\\\/#primaryimage\"},\"image\":{\"@id\":\"https:\\\/\\\/www.cetys.mx\\\/noticias\\\/alumna-de-cetys-gana-en-panamericano-de-halterofilia-2\\\/#primaryimage\"},\"thumbnailUrl\":\"https:\\\/\\\/www.cetys.mx\\\/noticias\\\/wp-content\\\/uploads\\\/2016\\\/02\\\/halterofilia_gde.jpg\",\"datePublished\":\"2007-09-07T07:00:00+00:00\",\"dateModified\":\"2016-08-07T22:52:29+00:00\",\"author\":{\"@id\":\"https:\\\/\\\/www.cetys.mx\\\/noticias\\\/#\\\/schema\\\/person\\\/e9d2b35265b64aa454df57a2828eb2ac\"},\"description\":\"Articulo sobre Alumna de CETYS Gana en Panamericano de Halterofilia\",\"breadcrumb\":{\"@id\":\"https:\\\/\\\/www.cetys.mx\\\/noticias\\\/alumna-de-cetys-gana-en-panamericano-de-halterofilia-2\\\/#breadcrumb\"},\"inLanguage\":\"es\",\"potentialAction\":[{\"@type\":\"ReadAction\",\"target\":[\"https:\\\/\\\/www.cetys.mx\\\/noticias\\\/alumna-de-cetys-gana-en-panamericano-de-halterofilia-2\\\/\"]}]},{\"@type\":\"ImageObject\",\"inLanguage\":\"es\",\"@id\":\"https:\\\/\\\/www.cetys.mx\\\/noticias\\\/alumna-de-cetys-gana-en-panamericano-de-halterofilia-2\\\/#primaryimage\",\"url\":\"https:\\\/\\\/www.cetys.mx\\\/noticias\\\/wp-content\\\/uploads\\\/2016\\\/02\\\/halterofilia_gde.jpg\",\"contentUrl\":\"https:\\\/\\\/www.cetys.mx\\\/noticias\\\/wp-content\\\/uploads\\\/2016\\\/02\\\/halterofilia_gde.jpg\",\"width\":375,\"height\":500},{\"@type\":\"BreadcrumbList\",\"@id\":\"https:\\\/\\\/www.cetys.mx\\\/noticias\\\/alumna-de-cetys-gana-en-panamericano-de-halterofilia-2\\\/#breadcrumb\",\"itemListElement\":[{\"@type\":\"ListItem\",\"position\":1,\"name\":\"Inicio\",\"item\":\"https:\\\/\\\/www.cetys.mx\\\/noticias\\\/\"},{\"@type\":\"ListItem\",\"position\":2,\"name\":\"Alumna de CETYS Gana en Panamericano de Halterofilia\"}]},{\"@type\":\"WebSite\",\"@id\":\"https:\\\/\\\/www.cetys.mx\\\/noticias\\\/#website\",\"url\":\"https:\\\/\\\/www.cetys.mx\\\/noticias\\\/\",\"name\":\"CETYS\",\"description\":\"\",\"potentialAction\":[{\"@type\":\"SearchAction\",\"target\":{\"@type\":\"EntryPoint\",\"urlTemplate\":\"https:\\\/\\\/www.cetys.mx\\\/noticias\\\/?s={search_term_string}\"},\"query-input\":{\"@type\":\"PropertyValueSpecification\",\"valueRequired\":true,\"valueName\":\"search_term_string\"}}],\"inLanguage\":\"es\"},{\"@type\":\"Person\",\"@id\":\"https:\\\/\\\/www.cetys.mx\\\/noticias\\\/#\\\/schema\\\/person\\\/e9d2b35265b64aa454df57a2828eb2ac\",\"name\":\"CETYS Institucional\",\"url\":\"https:\\\/\\\/www.cetys.mx\\\/noticias\\\/author\\\/cetysinstitucional\\\/\"}]}<\/script>\n<!-- \/ Yoast SEO plugin. -->","yoast_head_json":{"title":"Alumna de CETYS Gana en Panamericano de Halterofilia - CETYS","description":"Articulo sobre Alumna de CETYS Gana en Panamericano de Halterofilia","robots":{"index":"index","follow":"follow","max-snippet":"max-snippet:-1","max-image-preview":"max-image-preview:large","max-video-preview":"max-video-preview:-1"},"canonical":"https:\/\/www.cetys.mx\/noticias\/alumna-de-cetys-gana-en-panamericano-de-halterofilia-2\/","og_locale":"es_MX","og_type":"article","og_title":"Alumna de CETYS Gana en Panamericano de Halterofilia - CETYS","og_description":"Articulo sobre Alumna de CETYS Gana en Panamericano de Halterofilia","og_url":"https:\/\/www.cetys.mx\/noticias\/alumna-de-cetys-gana-en-panamericano-de-halterofilia-2\/","og_site_name":"CETYS","article_publisher":"https:\/\/www.facebook.com\/cetysuniversidadmxl\/","article_published_time":"2007-09-07T07:00:00+00:00","article_modified_time":"2016-08-07T22:52:29+00:00","og_image":[{"width":375,"height":500,"url":"https:\/\/www.cetys.mx\/noticias\/wp-content\/uploads\/2016\/02\/halterofilia_gde.jpg","type":"image\/jpeg"}],"author":"CETYS Institucional","twitter_card":"summary_large_image","twitter_creator":"@cetysuni","twitter_site":"@cetysuni","twitter_misc":{"Escrito por":"CETYS Institucional","Tiempo de lectura":"1 minuto"},"schema":{"@context":"https:\/\/schema.org","@graph":[{"@type":"Article","@id":"https:\/\/www.cetys.mx\/noticias\/alumna-de-cetys-gana-en-panamericano-de-halterofilia-2\/#article","isPartOf":{"@id":"https:\/\/www.cetys.mx\/noticias\/alumna-de-cetys-gana-en-panamericano-de-halterofilia-2\/"},"author":{"name":"CETYS Institucional","@id":"https:\/\/www.cetys.mx\/noticias\/#\/schema\/person\/e9d2b35265b64aa454df57a2828eb2ac"},"headline":"Alumna de CETYS Gana en Panamericano de Halterofilia","datePublished":"2007-09-07T07:00:00+00:00","dateModified":"2016-08-07T22:52:29+00:00","mainEntityOfPage":{"@id":"https:\/\/www.cetys.mx\/noticias\/alumna-de-cetys-gana-en-panamericano-de-halterofilia-2\/"},"wordCount":225,"commentCount":0,"image":{"@id":"https:\/\/www.cetys.mx\/noticias\/alumna-de-cetys-gana-en-panamericano-de-halterofilia-2\/#primaryimage"},"thumbnailUrl":"https:\/\/www.cetys.mx\/noticias\/wp-content\/uploads\/2016\/02\/halterofilia_gde.jpg","articleSection":["Vida Estudiantil"],"inLanguage":"es","potentialAction":[{"@type":"CommentAction","name":"Comment","target":["https:\/\/www.cetys.mx\/noticias\/alumna-de-cetys-gana-en-panamericano-de-halterofilia-2\/#respond"]}]},{"@type":"WebPage","@id":"https:\/\/www.cetys.mx\/noticias\/alumna-de-cetys-gana-en-panamericano-de-halterofilia-2\/","url":"https:\/\/www.cetys.mx\/noticias\/alumna-de-cetys-gana-en-panamericano-de-halterofilia-2\/","name":"Alumna de CETYS Gana en Panamericano de Halterofilia - CETYS","isPartOf":{"@id":"https:\/\/www.cetys.mx\/noticias\/#website"},"primaryImageOfPage":{"@id":"https:\/\/www.cetys.mx\/noticias\/alumna-de-cetys-gana-en-panamericano-de-halterofilia-2\/#primaryimage"},"image":{"@id":"https:\/\/www.cetys.mx\/noticias\/alumna-de-cetys-gana-en-panamericano-de-halterofilia-2\/#primaryimage"},"thumbnailUrl":"https:\/\/www.cetys.mx\/noticias\/wp-content\/uploads\/2016\/02\/halterofilia_gde.jpg","datePublished":"2007-09-07T07:00:00+00:00","dateModified":"2016-08-07T22:52:29+00:00","author":{"@id":"https:\/\/www.cetys.mx\/noticias\/#\/schema\/person\/e9d2b35265b64aa454df57a2828eb2ac"},"description":"Articulo sobre Alumna de CETYS Gana en Panamericano de Halterofilia","breadcrumb":{"@id":"https:\/\/www.cetys.mx\/noticias\/alumna-de-cetys-gana-en-panamericano-de-halterofilia-2\/#breadcrumb"},"inLanguage":"es","potentialAction":[{"@type":"ReadAction","target":["https:\/\/www.cetys.mx\/noticias\/alumna-de-cetys-gana-en-panamericano-de-halterofilia-2\/"]}]},{"@type":"ImageObject","inLanguage":"es","@id":"https:\/\/www.cetys.mx\/noticias\/alumna-de-cetys-gana-en-panamericano-de-halterofilia-2\/#primaryimage","url":"https:\/\/www.cetys.mx\/noticias\/wp-content\/uploads\/2016\/02\/halterofilia_gde.jpg","contentUrl":"https:\/\/www.cetys.mx\/noticias\/wp-content\/uploads\/2016\/02\/halterofilia_gde.jpg","width":375,"height":500},{"@type":"BreadcrumbList","@id":"https:\/\/www.cetys.mx\/noticias\/alumna-de-cetys-gana-en-panamericano-de-halterofilia-2\/#breadcrumb","itemListElement":[{"@type":"ListItem","position":1,"name":"Inicio","item":"https:\/\/www.cetys.mx\/noticias\/"},{"@type":"ListItem","position":2,"name":"Alumna de CETYS Gana en Panamericano de Halterofilia"}]},{"@type":"WebSite","@id":"https:\/\/www.cetys.mx\/noticias\/#website","url":"https:\/\/www.cetys.mx\/noticias\/","name":"CETYS","description":"","potentialAction":[{"@type":"SearchAction","target":{"@type":"EntryPoint","urlTemplate":"https:\/\/www.cetys.mx\/noticias\/?s={search_term_string}"},"query-input":{"@type":"PropertyValueSpecification","valueRequired":true,"valueName":"search_term_string"}}],"inLanguage":"es"},{"@type":"Person","@id":"https:\/\/www.cetys.mx\/noticias\/#\/schema\/person\/e9d2b35265b64aa454df57a2828eb2ac","name":"CETYS Institucional","url":"https:\/\/www.cetys.mx\/noticias\/author\/cetysinstitucional\/"}]}},"_links":{"self":[{"href":"https:\/\/www.cetys.mx\/noticias\/wp-json\/wp\/v2\/posts\/28588","targetHints":{"allow":["GET"]}}],"collection":[{"href":"https:\/\/www.cetys.mx\/noticias\/wp-json\/wp\/v2\/posts"}],"about":[{"href":"https:\/\/www.cetys.mx\/noticias\/wp-json\/wp\/v2\/types\/post"}],"author":[{"embeddable":true,"href":"https:\/\/www.cetys.mx\/noticias\/wp-json\/wp\/v2\/users\/26"}],"replies":[{"embeddable":true,"href":"https:\/\/www.cetys.mx\/noticias\/wp-json\/wp\/v2\/comments?post=28588"}],"version-history":[{"count":0,"href":"https:\/\/www.cetys.mx\/noticias\/wp-json\/wp\/v2\/posts\/28588\/revisions"}],"wp:featuredmedia":[{"embeddable":true,"href":"https:\/\/www.cetys.mx\/noticias\/wp-json\/wp\/v2\/media\/28589"}],"wp:attachment":[{"href":"https:\/\/www.cetys.mx\/noticias\/wp-json\/wp\/v2\/media?parent=28588"}],"wp:term":[{"taxonomy":"category","embeddable":true,"href":"https:\/\/www.cetys.mx\/noticias\/wp-json\/wp\/v2\/categories?post=28588"},{"taxonomy":"post_tag","embeddable":true,"href":"https:\/\/www.cetys.mx\/noticias\/wp-json\/wp\/v2\/tags?post=28588"}],"curies":[{"name":"wp","href":"https:\/\/api.w.org\/{rel}","templated":true}]}}