{"id":226285,"date":"2026-09-04T08:56:22","date_gmt":"2026-09-04T15:56:22","guid":{"rendered":"https:\/\/www.cetys.mx\/noticias\/?p=226285"},"modified":"2026-09-04T08:56:22","modified_gmt":"2026-09-04T15:56:22","slug":"cetys-universidad-recibe-el-12-encuentro-nacional-de-gacetas-y-revistas-universitarias","status":"publish","type":"post","link":"https:\/\/www.cetys.mx\/noticias\/cetys-universidad-recibe-el-12-encuentro-nacional-de-gacetas-y-revistas-universitarias\/","title":{"rendered":"CETYS Universidad recibe el 12\u00b0 Encuentro Nacional de Gacetas y Revistas Universitarias"},"content":{"rendered":"<p><b><\/b><span style=\"font-weight: 400;\">Con la participaci\u00f3n de representantes de instituciones de educaci\u00f3n superior de distintas regiones del pa\u00eds, CETYS Universidad Campus Internacional Ensenada dio la bienvenida al 12\u00b0 Encuentro Nacional de Gacetas y Revistas Universitarias, espacio que re\u00fane a profesionales de la comunicaci\u00f3n universitaria para compartir experiencias, fortalecer v\u00ednculos y reflexionar sobre los retos actuales del sector.<\/span><\/p>\n<p><span style=\"font-weight: 400;\">La ceremonia de apertura se realiz\u00f3 con la presencia de 32 participantes, entre las instituciones participantes se encuentran la Universidad Aut\u00f3noma de Guadalajara, Universidad de Sonora, Universidad La Salle M\u00e9xico, Universidad Aut\u00f3noma de Baja California, Universidad Aut\u00f3noma de Nayarit, Universidad Aut\u00f3noma de Aguascalientes, Instituto Tecnol\u00f3gico de Sonora, Universidad de Colima, Universidad Aut\u00f3noma de San Luis Potos\u00ed, Universidad Aut\u00f3noma de Quer\u00e9taro, Universidad Michoacana de San Nicol\u00e1s de Hidalgo y FES Arag\u00f3n de la UNAM.<\/span><\/p>\n<p><span style=\"font-weight: 400;\">Al respecto, el Mtro. Francisco Reyes, Director de Comunicaci\u00f3n Institucional de CETYS Universidad, se\u00f1al\u00f3: \u201cSer parte de esta red nos permite reconocer que las gacetas universitarias son mucho m\u00e1s que espacios de difusi\u00f3n: son una herramienta para construir comunidad, preservar la memoria de nuestras instituciones y compartir las historias que reflejan su impacto. Este Encuentro es tambi\u00e9n una oportunidad para aprender unos de otros, fortalecer la colaboraci\u00f3n y reflexionar juntos sobre c\u00f3mo comunicar mejor a nuestras comunidades en un entorno que cambia constantemente\u201d.<\/span><\/p>\n<p><span style=\"font-weight: 400;\">El Encuentro, cuya sede fue elegida para CETYS Universidad durante la edici\u00f3n 2025 realizada en la Universidad Aut\u00f3noma de San Luis Potos\u00ed, contempla durante los d\u00edas 4 y 5 de septiembre talleres, conferencias y espacios de intercambio en torno a temas como inteligencia artificial aplicada a la comunicaci\u00f3n universitaria, narrativas institucionales, creatividad y comunicaci\u00f3n, adem\u00e1s de actividades de colaboraci\u00f3n y vinculaci\u00f3n.<\/span><\/p>\n<p><span style=\"font-weight: 400;\">Con esta edici\u00f3n, la Red Nacional de Gacetas y Revistas Universitarias \u2014integrada por m\u00e1s de 60 instituciones p\u00fablicas y privadas\u2014 refrenda su prop\u00f3sito de impulsar la capacitaci\u00f3n, actualizaci\u00f3n y colaboraci\u00f3n entre quienes trabajan en la comunicaci\u00f3n de las universidades mexicanas.<\/span><\/p>\n<p>&nbsp;<\/p>\n","protected":false},"excerpt":{"rendered":"<p>Con la participaci\u00f3n de representantes de instituciones de educaci\u00f3n superior de distintas regiones del pa\u00eds, CETYS Universidad Campus Internacional Ensenada dio la&#8230;<\/p>\n","protected":false},"author":23,"featured_media":226286,"comment_status":"open","ping_status":"closed","sticky":false,"template":"","format":"standard","meta":{"footnotes":""},"categories":[132,209,313],"tags":[],"class_list":["post-226285","post","type-post","status-publish","format-standard","has-post-thumbnail","hentry","category-campus-ensenada","category-institucional","category-vocetys-2"],"yoast_head":"<!-- This site is optimized with the Yoast SEO plugin v28.1 - https:\/\/yoast.com\/product\/yoast-seo-wordpress\/ -->\n<title>CETYS Universidad recibe el 12\u00b0 Encuentro Nacional de Gacetas y Revistas Universitarias - CETYS<\/title>\n<meta name=\"description\" content=\"Articulo sobre CETYS Universidad recibe el 12\u00b0 Encuentro Nacional de Gacetas y Revistas Universitarias\" \/>\n<meta name=\"robots\" content=\"index, follow, max-snippet:-1, max-image-preview:large, max-video-preview:-1\" \/>\n<link rel=\"canonical\" href=\"https:\/\/www.cetys.mx\/noticias\/cetys-universidad-recibe-el-12-encuentro-nacional-de-gacetas-y-revistas-universitarias\/\" \/>\n<meta property=\"og:locale\" content=\"es_MX\" \/>\n<meta property=\"og:type\" content=\"article\" \/>\n<meta property=\"og:title\" content=\"CETYS Universidad recibe el 12\u00b0 Encuentro Nacional de Gacetas y Revistas Universitarias - CETYS\" \/>\n<meta property=\"og:description\" content=\"Articulo sobre CETYS Universidad recibe el 12\u00b0 Encuentro Nacional de Gacetas y Revistas Universitarias\" \/>\n<meta property=\"og:url\" content=\"https:\/\/www.cetys.mx\/noticias\/cetys-universidad-recibe-el-12-encuentro-nacional-de-gacetas-y-revistas-universitarias\/\" \/>\n<meta property=\"og:site_name\" content=\"CETYS\" \/>\n<meta property=\"article:publisher\" content=\"https:\/\/www.facebook.com\/cetysuniversidadmxl\/\" \/>\n<meta property=\"article:published_time\" content=\"2026-09-04T15:56:22+00:00\" \/>\n<meta property=\"og:image\" content=\"https:\/\/www.cetys.mx\/noticias\/wp-content\/uploads\/2026\/09\/IMG_6084-scaled.jpg\" \/>\n\t<meta property=\"og:image:width\" content=\"2560\" \/>\n\t<meta property=\"og:image:height\" content=\"1466\" \/>\n\t<meta property=\"og:image:type\" content=\"image\/jpeg\" \/>\n<meta name=\"author\" content=\"Campus Ensenada\" \/>\n<meta name=\"twitter:card\" content=\"summary_large_image\" \/>\n<meta name=\"twitter:creator\" content=\"@cetysuni\" \/>\n<meta name=\"twitter:site\" content=\"@cetysuni\" \/>\n<meta name=\"twitter:label1\" content=\"Escrito por\" \/>\n\t<meta name=\"twitter:data1\" content=\"Campus Ensenada\" \/>\n\t<meta name=\"twitter:label2\" content=\"Tiempo de lectura\" \/>\n\t<meta name=\"twitter:data2\" content=\"2 minutos\" \/>\n<script type=\"application\/ld+json\" class=\"yoast-schema-graph\">{\"@context\":\"https:\\\/\\\/schema.org\",\"@graph\":[{\"@type\":\"Article\",\"@id\":\"https:\\\/\\\/www.cetys.mx\\\/noticias\\\/cetys-universidad-recibe-el-12-encuentro-nacional-de-gacetas-y-revistas-universitarias\\\/#article\",\"isPartOf\":{\"@id\":\"https:\\\/\\\/www.cetys.mx\\\/noticias\\\/cetys-universidad-recibe-el-12-encuentro-nacional-de-gacetas-y-revistas-universitarias\\\/\"},\"author\":{\"name\":\"Campus Ensenada\",\"@id\":\"https:\\\/\\\/www.cetys.mx\\\/noticias\\\/#\\\/schema\\\/person\\\/1a1a88c0b6586e66a2e9e88e07afc712\"},\"headline\":\"CETYS Universidad recibe el 12\u00b0 Encuentro Nacional de Gacetas y Revistas Universitarias\",\"datePublished\":\"2026-09-04T15:56:22+00:00\",\"mainEntityOfPage\":{\"@id\":\"https:\\\/\\\/www.cetys.mx\\\/noticias\\\/cetys-universidad-recibe-el-12-encuentro-nacional-de-gacetas-y-revistas-universitarias\\\/\"},\"wordCount\":357,\"commentCount\":0,\"image\":{\"@id\":\"https:\\\/\\\/www.cetys.mx\\\/noticias\\\/cetys-universidad-recibe-el-12-encuentro-nacional-de-gacetas-y-revistas-universitarias\\\/#primaryimage\"},\"thumbnailUrl\":\"https:\\\/\\\/www.cetys.mx\\\/noticias\\\/wp-content\\\/uploads\\\/2026\\\/09\\\/IMG_6084-scaled.jpg\",\"articleSection\":[\"Campus Ensenada\",\"Institucional\",\"VoCETYS\"],\"inLanguage\":\"es\",\"potentialAction\":[{\"@type\":\"CommentAction\",\"name\":\"Comment\",\"target\":[\"https:\\\/\\\/www.cetys.mx\\\/noticias\\\/cetys-universidad-recibe-el-12-encuentro-nacional-de-gacetas-y-revistas-universitarias\\\/#respond\"]}]},{\"@type\":\"WebPage\",\"@id\":\"https:\\\/\\\/www.cetys.mx\\\/noticias\\\/cetys-universidad-recibe-el-12-encuentro-nacional-de-gacetas-y-revistas-universitarias\\\/\",\"url\":\"https:\\\/\\\/www.cetys.mx\\\/noticias\\\/cetys-universidad-recibe-el-12-encuentro-nacional-de-gacetas-y-revistas-universitarias\\\/\",\"name\":\"CETYS Universidad recibe el 12\u00b0 Encuentro Nacional de Gacetas y Revistas Universitarias - CETYS\",\"isPartOf\":{\"@id\":\"https:\\\/\\\/www.cetys.mx\\\/noticias\\\/#website\"},\"primaryImageOfPage\":{\"@id\":\"https:\\\/\\\/www.cetys.mx\\\/noticias\\\/cetys-universidad-recibe-el-12-encuentro-nacional-de-gacetas-y-revistas-universitarias\\\/#primaryimage\"},\"image\":{\"@id\":\"https:\\\/\\\/www.cetys.mx\\\/noticias\\\/cetys-universidad-recibe-el-12-encuentro-nacional-de-gacetas-y-revistas-universitarias\\\/#primaryimage\"},\"thumbnailUrl\":\"https:\\\/\\\/www.cetys.mx\\\/noticias\\\/wp-content\\\/uploads\\\/2026\\\/09\\\/IMG_6084-scaled.jpg\",\"datePublished\":\"2026-09-04T15:56:22+00:00\",\"author\":{\"@id\":\"https:\\\/\\\/www.cetys.mx\\\/noticias\\\/#\\\/schema\\\/person\\\/1a1a88c0b6586e66a2e9e88e07afc712\"},\"description\":\"Articulo sobre CETYS Universidad recibe el 12\u00b0 Encuentro Nacional de Gacetas y Revistas Universitarias\",\"breadcrumb\":{\"@id\":\"https:\\\/\\\/www.cetys.mx\\\/noticias\\\/cetys-universidad-recibe-el-12-encuentro-nacional-de-gacetas-y-revistas-universitarias\\\/#breadcrumb\"},\"inLanguage\":\"es\",\"potentialAction\":[{\"@type\":\"ReadAction\",\"target\":[\"https:\\\/\\\/www.cetys.mx\\\/noticias\\\/cetys-universidad-recibe-el-12-encuentro-nacional-de-gacetas-y-revistas-universitarias\\\/\"]}]},{\"@type\":\"ImageObject\",\"inLanguage\":\"es\",\"@id\":\"https:\\\/\\\/www.cetys.mx\\\/noticias\\\/cetys-universidad-recibe-el-12-encuentro-nacional-de-gacetas-y-revistas-universitarias\\\/#primaryimage\",\"url\":\"https:\\\/\\\/www.cetys.mx\\\/noticias\\\/wp-content\\\/uploads\\\/2026\\\/09\\\/IMG_6084-scaled.jpg\",\"contentUrl\":\"https:\\\/\\\/www.cetys.mx\\\/noticias\\\/wp-content\\\/uploads\\\/2026\\\/09\\\/IMG_6084-scaled.jpg\",\"width\":2560,\"height\":1466},{\"@type\":\"BreadcrumbList\",\"@id\":\"https:\\\/\\\/www.cetys.mx\\\/noticias\\\/cetys-universidad-recibe-el-12-encuentro-nacional-de-gacetas-y-revistas-universitarias\\\/#breadcrumb\",\"itemListElement\":[{\"@type\":\"ListItem\",\"position\":1,\"name\":\"Inicio\",\"item\":\"https:\\\/\\\/www.cetys.mx\\\/noticias\\\/\"},{\"@type\":\"ListItem\",\"position\":2,\"name\":\"CETYS Universidad recibe el 12\u00b0 Encuentro Nacional de Gacetas y Revistas Universitarias\"}]},{\"@type\":\"WebSite\",\"@id\":\"https:\\\/\\\/www.cetys.mx\\\/noticias\\\/#website\",\"url\":\"https:\\\/\\\/www.cetys.mx\\\/noticias\\\/\",\"name\":\"CETYS\",\"description\":\"\",\"potentialAction\":[{\"@type\":\"SearchAction\",\"target\":{\"@type\":\"EntryPoint\",\"urlTemplate\":\"https:\\\/\\\/www.cetys.mx\\\/noticias\\\/?s={search_term_string}\"},\"query-input\":{\"@type\":\"PropertyValueSpecification\",\"valueRequired\":true,\"valueName\":\"search_term_string\"}}],\"inLanguage\":\"es\"},{\"@type\":\"Person\",\"@id\":\"https:\\\/\\\/www.cetys.mx\\\/noticias\\\/#\\\/schema\\\/person\\\/1a1a88c0b6586e66a2e9e88e07afc712\",\"name\":\"Campus Ensenada\",\"url\":\"https:\\\/\\\/www.cetys.mx\\\/noticias\\\/author\\\/campusensenada\\\/\"}]}<\/script>\n<!-- \/ Yoast SEO plugin. -->","yoast_head_json":{"title":"CETYS Universidad recibe el 12\u00b0 Encuentro Nacional de Gacetas y Revistas Universitarias - CETYS","description":"Articulo sobre CETYS Universidad recibe el 12\u00b0 Encuentro Nacional de Gacetas y Revistas Universitarias","robots":{"index":"index","follow":"follow","max-snippet":"max-snippet:-1","max-image-preview":"max-image-preview:large","max-video-preview":"max-video-preview:-1"},"canonical":"https:\/\/www.cetys.mx\/noticias\/cetys-universidad-recibe-el-12-encuentro-nacional-de-gacetas-y-revistas-universitarias\/","og_locale":"es_MX","og_type":"article","og_title":"CETYS Universidad recibe el 12\u00b0 Encuentro Nacional de Gacetas y Revistas Universitarias - CETYS","og_description":"Articulo sobre CETYS Universidad recibe el 12\u00b0 Encuentro Nacional de Gacetas y Revistas Universitarias","og_url":"https:\/\/www.cetys.mx\/noticias\/cetys-universidad-recibe-el-12-encuentro-nacional-de-gacetas-y-revistas-universitarias\/","og_site_name":"CETYS","article_publisher":"https:\/\/www.facebook.com\/cetysuniversidadmxl\/","article_published_time":"2026-09-04T15:56:22+00:00","og_image":[{"width":2560,"height":1466,"url":"https:\/\/www.cetys.mx\/noticias\/wp-content\/uploads\/2026\/09\/IMG_6084-scaled.jpg","type":"image\/jpeg"}],"author":"Campus Ensenada","twitter_card":"summary_large_image","twitter_creator":"@cetysuni","twitter_site":"@cetysuni","twitter_misc":{"Escrito por":"Campus Ensenada","Tiempo de lectura":"2 minutos"},"schema":{"@context":"https:\/\/schema.org","@graph":[{"@type":"Article","@id":"https:\/\/www.cetys.mx\/noticias\/cetys-universidad-recibe-el-12-encuentro-nacional-de-gacetas-y-revistas-universitarias\/#article","isPartOf":{"@id":"https:\/\/www.cetys.mx\/noticias\/cetys-universidad-recibe-el-12-encuentro-nacional-de-gacetas-y-revistas-universitarias\/"},"author":{"name":"Campus Ensenada","@id":"https:\/\/www.cetys.mx\/noticias\/#\/schema\/person\/1a1a88c0b6586e66a2e9e88e07afc712"},"headline":"CETYS Universidad recibe el 12\u00b0 Encuentro Nacional de Gacetas y Revistas Universitarias","datePublished":"2026-09-04T15:56:22+00:00","mainEntityOfPage":{"@id":"https:\/\/www.cetys.mx\/noticias\/cetys-universidad-recibe-el-12-encuentro-nacional-de-gacetas-y-revistas-universitarias\/"},"wordCount":357,"commentCount":0,"image":{"@id":"https:\/\/www.cetys.mx\/noticias\/cetys-universidad-recibe-el-12-encuentro-nacional-de-gacetas-y-revistas-universitarias\/#primaryimage"},"thumbnailUrl":"https:\/\/www.cetys.mx\/noticias\/wp-content\/uploads\/2026\/09\/IMG_6084-scaled.jpg","articleSection":["Campus Ensenada","Institucional","VoCETYS"],"inLanguage":"es","potentialAction":[{"@type":"CommentAction","name":"Comment","target":["https:\/\/www.cetys.mx\/noticias\/cetys-universidad-recibe-el-12-encuentro-nacional-de-gacetas-y-revistas-universitarias\/#respond"]}]},{"@type":"WebPage","@id":"https:\/\/www.cetys.mx\/noticias\/cetys-universidad-recibe-el-12-encuentro-nacional-de-gacetas-y-revistas-universitarias\/","url":"https:\/\/www.cetys.mx\/noticias\/cetys-universidad-recibe-el-12-encuentro-nacional-de-gacetas-y-revistas-universitarias\/","name":"CETYS Universidad recibe el 12\u00b0 Encuentro Nacional de Gacetas y Revistas Universitarias - CETYS","isPartOf":{"@id":"https:\/\/www.cetys.mx\/noticias\/#website"},"primaryImageOfPage":{"@id":"https:\/\/www.cetys.mx\/noticias\/cetys-universidad-recibe-el-12-encuentro-nacional-de-gacetas-y-revistas-universitarias\/#primaryimage"},"image":{"@id":"https:\/\/www.cetys.mx\/noticias\/cetys-universidad-recibe-el-12-encuentro-nacional-de-gacetas-y-revistas-universitarias\/#primaryimage"},"thumbnailUrl":"https:\/\/www.cetys.mx\/noticias\/wp-content\/uploads\/2026\/09\/IMG_6084-scaled.jpg","datePublished":"2026-09-04T15:56:22+00:00","author":{"@id":"https:\/\/www.cetys.mx\/noticias\/#\/schema\/person\/1a1a88c0b6586e66a2e9e88e07afc712"},"description":"Articulo sobre CETYS Universidad recibe el 12\u00b0 Encuentro Nacional de Gacetas y Revistas Universitarias","breadcrumb":{"@id":"https:\/\/www.cetys.mx\/noticias\/cetys-universidad-recibe-el-12-encuentro-nacional-de-gacetas-y-revistas-universitarias\/#breadcrumb"},"inLanguage":"es","potentialAction":[{"@type":"ReadAction","target":["https:\/\/www.cetys.mx\/noticias\/cetys-universidad-recibe-el-12-encuentro-nacional-de-gacetas-y-revistas-universitarias\/"]}]},{"@type":"ImageObject","inLanguage":"es","@id":"https:\/\/www.cetys.mx\/noticias\/cetys-universidad-recibe-el-12-encuentro-nacional-de-gacetas-y-revistas-universitarias\/#primaryimage","url":"https:\/\/www.cetys.mx\/noticias\/wp-content\/uploads\/2026\/09\/IMG_6084-scaled.jpg","contentUrl":"https:\/\/www.cetys.mx\/noticias\/wp-content\/uploads\/2026\/09\/IMG_6084-scaled.jpg","width":2560,"height":1466},{"@type":"BreadcrumbList","@id":"https:\/\/www.cetys.mx\/noticias\/cetys-universidad-recibe-el-12-encuentro-nacional-de-gacetas-y-revistas-universitarias\/#breadcrumb","itemListElement":[{"@type":"ListItem","position":1,"name":"Inicio","item":"https:\/\/www.cetys.mx\/noticias\/"},{"@type":"ListItem","position":2,"name":"CETYS Universidad recibe el 12\u00b0 Encuentro Nacional de Gacetas y Revistas Universitarias"}]},{"@type":"WebSite","@id":"https:\/\/www.cetys.mx\/noticias\/#website","url":"https:\/\/www.cetys.mx\/noticias\/","name":"CETYS","description":"","potentialAction":[{"@type":"SearchAction","target":{"@type":"EntryPoint","urlTemplate":"https:\/\/www.cetys.mx\/noticias\/?s={search_term_string}"},"query-input":{"@type":"PropertyValueSpecification","valueRequired":true,"valueName":"search_term_string"}}],"inLanguage":"es"},{"@type":"Person","@id":"https:\/\/www.cetys.mx\/noticias\/#\/schema\/person\/1a1a88c0b6586e66a2e9e88e07afc712","name":"Campus Ensenada","url":"https:\/\/www.cetys.mx\/noticias\/author\/campusensenada\/"}]}},"_links":{"self":[{"href":"https:\/\/www.cetys.mx\/noticias\/wp-json\/wp\/v2\/posts\/226285","targetHints":{"allow":["GET"]}}],"collection":[{"href":"https:\/\/www.cetys.mx\/noticias\/wp-json\/wp\/v2\/posts"}],"about":[{"href":"https:\/\/www.cetys.mx\/noticias\/wp-json\/wp\/v2\/types\/post"}],"author":[{"embeddable":true,"href":"https:\/\/www.cetys.mx\/noticias\/wp-json\/wp\/v2\/users\/23"}],"replies":[{"embeddable":true,"href":"https:\/\/www.cetys.mx\/noticias\/wp-json\/wp\/v2\/comments?post=226285"}],"version-history":[{"count":1,"href":"https:\/\/www.cetys.mx\/noticias\/wp-json\/wp\/v2\/posts\/226285\/revisions"}],"predecessor-version":[{"id":226287,"href":"https:\/\/www.cetys.mx\/noticias\/wp-json\/wp\/v2\/posts\/226285\/revisions\/226287"}],"wp:featuredmedia":[{"embeddable":true,"href":"https:\/\/www.cetys.mx\/noticias\/wp-json\/wp\/v2\/media\/226286"}],"wp:attachment":[{"href":"https:\/\/www.cetys.mx\/noticias\/wp-json\/wp\/v2\/media?parent=226285"}],"wp:term":[{"taxonomy":"category","embeddable":true,"href":"https:\/\/www.cetys.mx\/noticias\/wp-json\/wp\/v2\/categories?post=226285"},{"taxonomy":"post_tag","embeddable":true,"href":"https:\/\/www.cetys.mx\/noticias\/wp-json\/wp\/v2\/tags?post=226285"}],"curies":[{"name":"wp","href":"https:\/\/api.w.org\/{rel}","templated":true}]}}