{"id":226177,"date":"2026-09-01T18:00:13","date_gmt":"2026-09-02T01:00:13","guid":{"rendered":"https:\/\/www.cetys.mx\/noticias\/?p=226177"},"modified":"2026-09-01T18:11:37","modified_gmt":"2026-09-02T01:11:37","slug":"estudiantes-de-doctorado-en-educacion-de-cetys-y-unab-fortalecen-su-formacion-academica-en-salamanca-espana","status":"publish","type":"post","link":"https:\/\/www.cetys.mx\/noticias\/estudiantes-de-doctorado-en-educacion-de-cetys-y-unab-fortalecen-su-formacion-academica-en-salamanca-espana\/","title":{"rendered":"Estudiantes de Doctorado en Educaci\u00f3n de CETYS y UNAB fortalecen su formaci\u00f3n acad\u00e9mica en Salamanca, Espa\u00f1a"},"content":{"rendered":"<p data-start=\"492\" data-end=\"665\"><em><strong data-start=\"492\" data-end=\"665\">\u2022 La experiencia internacional reuni\u00f3 a 20 estudiantes de M\u00e9xico y Colombia en un seminario acad\u00e9mico con profesores de la Universidad de Salamanca y universidades socias.<\/strong><\/em><\/p>\n<p data-start=\"667\" data-end=\"1018\">Como parte de su formaci\u00f3n doctoral, <strong data-start=\"704\" data-end=\"845\">14 estudiantes del Doctorado en Educaci\u00f3n de CETYS Universidad y 6 estudiantes de la Universidad Aut\u00f3noma de Bucaramanga (UNAB), Colombia<\/strong>, participaron en una experiencia acad\u00e9mica internacional en Salamanca, Espa\u00f1a, donde fortalecieron sus conocimientos y perspectivas de investigaci\u00f3n en el \u00e1mbito educativo.<\/p>\n<p data-start=\"1020\" data-end=\"1465\">El Doctorado en Educaci\u00f3n, perteneciente a <strong data-start=\"1063\" data-end=\"1102\">Campus Virtual de CETYS Universidad<\/strong>, se desarrolla principalmente mediante asignaturas en modalidad virtual s\u00edncrona, permitiendo la interacci\u00f3n en tiempo real entre docentes y estudiantes.\u00a0Durante su estancia, los estudiantes participaron en un seminario acad\u00e9mico con profesores de la <strong data-start=\"1564\" data-end=\"1592\">Universidad de Salamanca<\/strong> y universidades socias, con el prop\u00f3sito de fortalecer las bases te\u00f3ricas y conceptuales relacionadas con las \u00e1reas de <strong data-start=\"1712\" data-end=\"1756\">Docencia, Gesti\u00f3n y Evaluaci\u00f3n Educativa<\/strong>.<\/p>\n<p data-start=\"1759\" data-end=\"2048\">Esta experiencia les permiti\u00f3 ampliar su perspectiva sobre los principales retos y tendencias de la educaci\u00f3n contempor\u00e1nea, adem\u00e1s de contar con elementos para explorar y seleccionar, de manera fundamentada, una l\u00ednea de investigaci\u00f3n y el tema que desarrollar\u00e1n en su <strong data-start=\"2029\" data-end=\"2047\">tesis doctoral<\/strong>.<\/p>\n\n            <style type='text\/css'>\n                #gallery-1 {\n                    margin: auto;\n                }\n                #gallery-1 .gallery-item {\n                    float: left;\n                    margin-top: 10px;\n                    text-align: center;\n                    width: 33%;\n                }\n                #gallery-1 img {\n                    border: 2px solid #cfcfcf;\n                }\n                #gallery-1 .gallery-caption {\n                    margin-left: 0;\n                }\n                \/* see gallery_shortcode() in wp-includes\/media.php *\/\n            <\/style>\n\t\t<div id='gallery-1' class='gallery galleryid-226177 gallery-columns-3 gallery-size-thumbnail'><dl class='gallery-item'>\n                <dt class='gallery-icon landscape'>\n                    <a href='https:\/\/www.cetys.mx\/noticias\/estudiantes-de-doctorado-en-educacion-de-cetys-y-unab-fortalecen-su-formacion-academica-en-salamanca-espana\/estudiantes-doctorado-en-educacion-cetys-y-unab-en-espana-4\/'><img loading=\"lazy\" decoding=\"async\" width=\"128\" height=\"85\" src=\"https:\/\/www.cetys.mx\/noticias\/wp-content\/uploads\/2026\/09\/Estudiantes-Doctorado-en-Educacion-CETYS-y-UNAB-en-Espana-4.png\" class=\"attachment-thumbnail size-thumbnail\" alt=\"\" srcset=\"https:\/\/www.cetys.mx\/noticias\/wp-content\/uploads\/2026\/09\/Estudiantes-Doctorado-en-Educacion-CETYS-y-UNAB-en-Espana-4.png 958w, https:\/\/www.cetys.mx\/noticias\/wp-content\/uploads\/2026\/09\/Estudiantes-Doctorado-en-Educacion-CETYS-y-UNAB-en-Espana-4-768x511.png 768w\" sizes=\"auto, (max-width: 128px) 100vw, 128px\" \/><\/a>\n                <\/dt><\/dl><dl class='gallery-item'>\n                <dt class='gallery-icon landscape'>\n                    <a href='https:\/\/www.cetys.mx\/noticias\/estudiantes-de-doctorado-en-educacion-de-cetys-y-unab-fortalecen-su-formacion-academica-en-salamanca-espana\/estudiantes-doctorado-en-educacion-cetys-y-unab-en-espana-3\/'><img loading=\"lazy\" decoding=\"async\" width=\"128\" height=\"85\" src=\"https:\/\/www.cetys.mx\/noticias\/wp-content\/uploads\/2026\/09\/Estudiantes-Doctorado-en-Educacion-CETYS-y-UNAB-en-Espana-3.png\" class=\"attachment-thumbnail size-thumbnail\" alt=\"\" srcset=\"https:\/\/www.cetys.mx\/noticias\/wp-content\/uploads\/2026\/09\/Estudiantes-Doctorado-en-Educacion-CETYS-y-UNAB-en-Espana-3.png 958w, https:\/\/www.cetys.mx\/noticias\/wp-content\/uploads\/2026\/09\/Estudiantes-Doctorado-en-Educacion-CETYS-y-UNAB-en-Espana-3-768x511.png 768w\" sizes=\"auto, (max-width: 128px) 100vw, 128px\" \/><\/a>\n                <\/dt><\/dl><dl class='gallery-item'>\n                <dt class='gallery-icon landscape'>\n                    <a href='https:\/\/www.cetys.mx\/noticias\/estudiantes-de-doctorado-en-educacion-de-cetys-y-unab-fortalecen-su-formacion-academica-en-salamanca-espana\/estudiantes-doctorado-en-educacion-cetys-y-unab-en-espana-6\/'><img loading=\"lazy\" decoding=\"async\" width=\"128\" height=\"85\" src=\"https:\/\/www.cetys.mx\/noticias\/wp-content\/uploads\/2026\/09\/Estudiantes-Doctorado-en-Educacion-CETYS-y-UNAB-en-Espana-6.png\" class=\"attachment-thumbnail size-thumbnail\" alt=\"\" srcset=\"https:\/\/www.cetys.mx\/noticias\/wp-content\/uploads\/2026\/09\/Estudiantes-Doctorado-en-Educacion-CETYS-y-UNAB-en-Espana-6.png 958w, https:\/\/www.cetys.mx\/noticias\/wp-content\/uploads\/2026\/09\/Estudiantes-Doctorado-en-Educacion-CETYS-y-UNAB-en-Espana-6-768x511.png 768w\" sizes=\"auto, (max-width: 128px) 100vw, 128px\" \/><\/a>\n                <\/dt><\/dl><br style=\"clear: both\" \/>\n            <\/div>\n\n<p data-start=\"2050\" data-end=\"2349\">La participaci\u00f3n de estudiantes de la <strong data-start=\"2088\" data-end=\"2127\">Universidad Aut\u00f3noma de Bucaramanga<\/strong> enriqueci\u00f3 el encuentro al propiciar el intercambio de experiencias entre investigadores en formaci\u00f3n de M\u00e9xico y Colombia, generando espacios de di\u00e1logo y reflexi\u00f3n desde diferentes contextos educativos latinoamericanos.<\/p>\n<p data-start=\"2351\" data-end=\"2661\">Ademas de esto, el grupo realiz\u00f3 visitas a sitios hist\u00f3ricos y bibliotecas de la <strong data-start=\"2471\" data-end=\"2499\">Universidad de Salamanca<\/strong> y de la <strong data-start=\"2508\" data-end=\"2547\">Universidad Pontificia de Salamanca<\/strong>, acerc\u00e1ndose al patrimonio acad\u00e9mico e hist\u00f3rico de una de las ciudades universitarias m\u00e1s reconocidas de Espa\u00f1a.<\/p>\n<p data-start=\"2663\" data-end=\"2813\">El grupo de CETYS estuvo acompa\u00f1ado por el <strong data-start=\"2706\" data-end=\"2731\">Dr. Jos\u00e9 Luis Bonilla<\/strong>, quien particip\u00f3 como docente acompa\u00f1ante durante esta experiencia internacional.<\/p>\n<p data-start=\"2815\" data-end=\"3086\">M\u00e1s all\u00e1 de las aulas, la estancia represent\u00f3 tambi\u00e9n una oportunidad para fortalecer los v\u00ednculos entre estudiantes y acad\u00e9micos de distintas instituciones, as\u00ed como para vivir de primera mano un entorno universitario internacional que complementa la formaci\u00f3n doctoral.<\/p>\n<p data-start=\"3088\" data-end=\"3367\">Y hubo un elemento particular que hizo todav\u00eda m\u00e1s memorable este viaje: la experiencia coincidi\u00f3 con la celebraci\u00f3n del <strong data-start=\"3209\" data-end=\"3230\">Mundial de f\u00fatbol<\/strong>, por lo que los estudiantes aprovecharon la ocasi\u00f3n para portar la camiseta y compartir el ambiente futbolero que se viv\u00eda en Salamanca.<\/p>\n\n            <style type='text\/css'>\n                #gallery-2 {\n                    margin: auto;\n                }\n                #gallery-2 .gallery-item {\n                    float: left;\n                    margin-top: 10px;\n                    text-align: center;\n                    width: 33%;\n                }\n                #gallery-2 img {\n                    border: 2px solid #cfcfcf;\n                }\n                #gallery-2 .gallery-caption {\n                    margin-left: 0;\n                }\n                \/* see gallery_shortcode() in wp-includes\/media.php *\/\n            <\/style>\n\t\t<div id='gallery-2' class='gallery galleryid-226177 gallery-columns-3 gallery-size-thumbnail'><dl class='gallery-item'>\n                <dt class='gallery-icon landscape'>\n                    <a href='https:\/\/www.cetys.mx\/noticias\/estudiantes-de-doctorado-en-educacion-de-cetys-y-unab-fortalecen-su-formacion-academica-en-salamanca-espana\/estudiantes-doctorado-en-educacion-cetys-y-unab-en-espana-8\/'><img loading=\"lazy\" decoding=\"async\" width=\"128\" height=\"85\" src=\"https:\/\/www.cetys.mx\/noticias\/wp-content\/uploads\/2026\/09\/Estudiantes-Doctorado-en-Educacion-CETYS-y-UNAB-en-Espana-8.png\" class=\"attachment-thumbnail size-thumbnail\" alt=\"\" srcset=\"https:\/\/www.cetys.mx\/noticias\/wp-content\/uploads\/2026\/09\/Estudiantes-Doctorado-en-Educacion-CETYS-y-UNAB-en-Espana-8.png 958w, https:\/\/www.cetys.mx\/noticias\/wp-content\/uploads\/2026\/09\/Estudiantes-Doctorado-en-Educacion-CETYS-y-UNAB-en-Espana-8-768x511.png 768w\" sizes=\"auto, (max-width: 128px) 100vw, 128px\" \/><\/a>\n                <\/dt><\/dl><dl class='gallery-item'>\n                <dt class='gallery-icon landscape'>\n                    <a href='https:\/\/www.cetys.mx\/noticias\/estudiantes-de-doctorado-en-educacion-de-cetys-y-unab-fortalecen-su-formacion-academica-en-salamanca-espana\/estudiantes-doctorado-en-educacion-cetys-y-unab-en-espana-2\/'><img loading=\"lazy\" decoding=\"async\" width=\"128\" height=\"85\" src=\"https:\/\/www.cetys.mx\/noticias\/wp-content\/uploads\/2026\/09\/Estudiantes-Doctorado-en-Educacion-CETYS-y-UNAB-en-Espana-2.png\" class=\"attachment-thumbnail size-thumbnail\" alt=\"\" srcset=\"https:\/\/www.cetys.mx\/noticias\/wp-content\/uploads\/2026\/09\/Estudiantes-Doctorado-en-Educacion-CETYS-y-UNAB-en-Espana-2.png 958w, https:\/\/www.cetys.mx\/noticias\/wp-content\/uploads\/2026\/09\/Estudiantes-Doctorado-en-Educacion-CETYS-y-UNAB-en-Espana-2-768x511.png 768w\" sizes=\"auto, (max-width: 128px) 100vw, 128px\" \/><\/a>\n                <\/dt><\/dl><dl class='gallery-item'>\n                <dt class='gallery-icon landscape'>\n                    <a href='https:\/\/www.cetys.mx\/noticias\/estudiantes-de-doctorado-en-educacion-de-cetys-y-unab-fortalecen-su-formacion-academica-en-salamanca-espana\/estudiantes-doctorado-en-educacion-cetys-y-unab-en-espana-7\/'><img loading=\"lazy\" decoding=\"async\" width=\"128\" height=\"85\" src=\"https:\/\/www.cetys.mx\/noticias\/wp-content\/uploads\/2026\/09\/Estudiantes-Doctorado-en-Educacion-CETYS-y-UNAB-en-Espana-7.png\" class=\"attachment-thumbnail size-thumbnail\" alt=\"\" srcset=\"https:\/\/www.cetys.mx\/noticias\/wp-content\/uploads\/2026\/09\/Estudiantes-Doctorado-en-Educacion-CETYS-y-UNAB-en-Espana-7.png 958w, https:\/\/www.cetys.mx\/noticias\/wp-content\/uploads\/2026\/09\/Estudiantes-Doctorado-en-Educacion-CETYS-y-UNAB-en-Espana-7-768x511.png 768w\" sizes=\"auto, (max-width: 128px) 100vw, 128px\" \/><\/a>\n                <\/dt><\/dl><br style=\"clear: both\" \/>\n            <\/div>\n\n","protected":false},"excerpt":{"rendered":"<p>\u2022 La experiencia internacional reuni\u00f3 a 20 estudiantes de M\u00e9xico y Colombia en un seminario acad\u00e9mico con profesores de la Universidad de&#8230;<\/p>\n","protected":false},"author":24,"featured_media":226196,"comment_status":"open","ping_status":"closed","sticky":false,"template":"","format":"standard","meta":{"footnotes":""},"categories":[134,209,125,309,313],"tags":[7014],"class_list":["post-226177","post","type-post","status-publish","format-standard","has-post-thumbnail","hentry","category-campus-tijuana","category-institucional","category-portada","category-posgrado","category-vocetys-2","tag-doctoradoeducacion"],"yoast_head":"<!-- This site is optimized with the Yoast SEO plugin v28.1 - https:\/\/yoast.com\/product\/yoast-seo-wordpress\/ -->\n<title>Estudiantes de Doctorado en Educaci\u00f3n de CETYS y UNAB fortalecen su formaci\u00f3n acad\u00e9mica en Salamanca, Espa\u00f1a - CETYS<\/title>\n<meta name=\"description\" content=\"Articulo sobre Estudiantes de Doctorado en Educaci\u00f3n de CETYS y UNAB fortalecen su formaci\u00f3n acad\u00e9mica en Salamanca, Espa\u00f1a\" \/>\n<meta name=\"robots\" content=\"index, follow, max-snippet:-1, max-image-preview:large, max-video-preview:-1\" \/>\n<link rel=\"canonical\" href=\"https:\/\/www.cetys.mx\/noticias\/estudiantes-de-doctorado-en-educacion-de-cetys-y-unab-fortalecen-su-formacion-academica-en-salamanca-espana\/\" \/>\n<meta property=\"og:locale\" content=\"es_MX\" \/>\n<meta property=\"og:type\" content=\"article\" \/>\n<meta property=\"og:title\" content=\"Estudiantes de Doctorado en Educaci\u00f3n de CETYS y UNAB fortalecen su formaci\u00f3n acad\u00e9mica en Salamanca, Espa\u00f1a - CETYS\" \/>\n<meta property=\"og:description\" content=\"Articulo sobre Estudiantes de Doctorado en Educaci\u00f3n de CETYS y UNAB fortalecen su formaci\u00f3n acad\u00e9mica en Salamanca, Espa\u00f1a\" \/>\n<meta property=\"og:url\" content=\"https:\/\/www.cetys.mx\/noticias\/estudiantes-de-doctorado-en-educacion-de-cetys-y-unab-fortalecen-su-formacion-academica-en-salamanca-espana\/\" \/>\n<meta property=\"og:site_name\" content=\"CETYS\" \/>\n<meta property=\"article:publisher\" content=\"https:\/\/www.facebook.com\/cetysuniversidadmxl\/\" \/>\n<meta property=\"article:published_time\" content=\"2026-09-02T01:00:13+00:00\" \/>\n<meta property=\"article:modified_time\" content=\"2026-09-02T01:11:37+00:00\" \/>\n<meta property=\"og:image\" content=\"https:\/\/www.cetys.mx\/noticias\/wp-content\/uploads\/2026\/09\/Estudiantes-Doctorado-en-Educacion-CETYS-y-UNAB-en-Espana.png\" \/>\n\t<meta property=\"og:image:width\" content=\"958\" \/>\n\t<meta property=\"og:image:height\" content=\"637\" \/>\n\t<meta property=\"og:image:type\" content=\"image\/png\" \/>\n<meta name=\"author\" content=\"Campus Tijuana\" \/>\n<meta name=\"twitter:card\" content=\"summary_large_image\" \/>\n<meta name=\"twitter:creator\" content=\"@cetysuni\" \/>\n<meta name=\"twitter:site\" content=\"@cetysuni\" \/>\n<meta name=\"twitter:label1\" content=\"Escrito por\" \/>\n\t<meta name=\"twitter:data1\" content=\"Campus Tijuana\" \/>\n\t<meta name=\"twitter:label2\" content=\"Tiempo de lectura\" \/>\n\t<meta name=\"twitter:data2\" content=\"2 minutos\" \/>\n<script type=\"application\/ld+json\" class=\"yoast-schema-graph\">{\"@context\":\"https:\\\/\\\/schema.org\",\"@graph\":[{\"@type\":\"Article\",\"@id\":\"https:\\\/\\\/www.cetys.mx\\\/noticias\\\/estudiantes-de-doctorado-en-educacion-de-cetys-y-unab-fortalecen-su-formacion-academica-en-salamanca-espana\\\/#article\",\"isPartOf\":{\"@id\":\"https:\\\/\\\/www.cetys.mx\\\/noticias\\\/estudiantes-de-doctorado-en-educacion-de-cetys-y-unab-fortalecen-su-formacion-academica-en-salamanca-espana\\\/\"},\"author\":{\"name\":\"Campus Tijuana\",\"@id\":\"https:\\\/\\\/www.cetys.mx\\\/noticias\\\/#\\\/schema\\\/person\\\/e790051ce60e18ae47cfa87011c8653f\"},\"headline\":\"Estudiantes de Doctorado en Educaci\u00f3n de CETYS y UNAB fortalecen su formaci\u00f3n acad\u00e9mica en Salamanca, Espa\u00f1a\",\"datePublished\":\"2026-09-02T01:00:13+00:00\",\"dateModified\":\"2026-09-02T01:11:37+00:00\",\"mainEntityOfPage\":{\"@id\":\"https:\\\/\\\/www.cetys.mx\\\/noticias\\\/estudiantes-de-doctorado-en-educacion-de-cetys-y-unab-fortalecen-su-formacion-academica-en-salamanca-espana\\\/\"},\"wordCount\":433,\"commentCount\":0,\"image\":{\"@id\":\"https:\\\/\\\/www.cetys.mx\\\/noticias\\\/estudiantes-de-doctorado-en-educacion-de-cetys-y-unab-fortalecen-su-formacion-academica-en-salamanca-espana\\\/#primaryimage\"},\"thumbnailUrl\":\"https:\\\/\\\/www.cetys.mx\\\/noticias\\\/wp-content\\\/uploads\\\/2026\\\/09\\\/Estudiantes-Doctorado-en-Educacion-CETYS-y-UNAB-en-Espana.png\",\"keywords\":[\"DoctoradoEducacion\"],\"articleSection\":[\"Campus Tijuana\",\"Institucional\",\"Portada\",\"Posgrado\",\"VoCETYS\"],\"inLanguage\":\"es\",\"potentialAction\":[{\"@type\":\"CommentAction\",\"name\":\"Comment\",\"target\":[\"https:\\\/\\\/www.cetys.mx\\\/noticias\\\/estudiantes-de-doctorado-en-educacion-de-cetys-y-unab-fortalecen-su-formacion-academica-en-salamanca-espana\\\/#respond\"]}]},{\"@type\":\"WebPage\",\"@id\":\"https:\\\/\\\/www.cetys.mx\\\/noticias\\\/estudiantes-de-doctorado-en-educacion-de-cetys-y-unab-fortalecen-su-formacion-academica-en-salamanca-espana\\\/\",\"url\":\"https:\\\/\\\/www.cetys.mx\\\/noticias\\\/estudiantes-de-doctorado-en-educacion-de-cetys-y-unab-fortalecen-su-formacion-academica-en-salamanca-espana\\\/\",\"name\":\"Estudiantes de Doctorado en Educaci\u00f3n de CETYS y UNAB fortalecen su formaci\u00f3n acad\u00e9mica en Salamanca, Espa\u00f1a - CETYS\",\"isPartOf\":{\"@id\":\"https:\\\/\\\/www.cetys.mx\\\/noticias\\\/#website\"},\"primaryImageOfPage\":{\"@id\":\"https:\\\/\\\/www.cetys.mx\\\/noticias\\\/estudiantes-de-doctorado-en-educacion-de-cetys-y-unab-fortalecen-su-formacion-academica-en-salamanca-espana\\\/#primaryimage\"},\"image\":{\"@id\":\"https:\\\/\\\/www.cetys.mx\\\/noticias\\\/estudiantes-de-doctorado-en-educacion-de-cetys-y-unab-fortalecen-su-formacion-academica-en-salamanca-espana\\\/#primaryimage\"},\"thumbnailUrl\":\"https:\\\/\\\/www.cetys.mx\\\/noticias\\\/wp-content\\\/uploads\\\/2026\\\/09\\\/Estudiantes-Doctorado-en-Educacion-CETYS-y-UNAB-en-Espana.png\",\"datePublished\":\"2026-09-02T01:00:13+00:00\",\"dateModified\":\"2026-09-02T01:11:37+00:00\",\"author\":{\"@id\":\"https:\\\/\\\/www.cetys.mx\\\/noticias\\\/#\\\/schema\\\/person\\\/e790051ce60e18ae47cfa87011c8653f\"},\"description\":\"Articulo sobre Estudiantes de Doctorado en Educaci\u00f3n de CETYS y UNAB fortalecen su formaci\u00f3n acad\u00e9mica en Salamanca, Espa\u00f1a\",\"breadcrumb\":{\"@id\":\"https:\\\/\\\/www.cetys.mx\\\/noticias\\\/estudiantes-de-doctorado-en-educacion-de-cetys-y-unab-fortalecen-su-formacion-academica-en-salamanca-espana\\\/#breadcrumb\"},\"inLanguage\":\"es\",\"potentialAction\":[{\"@type\":\"ReadAction\",\"target\":[\"https:\\\/\\\/www.cetys.mx\\\/noticias\\\/estudiantes-de-doctorado-en-educacion-de-cetys-y-unab-fortalecen-su-formacion-academica-en-salamanca-espana\\\/\"]}]},{\"@type\":\"ImageObject\",\"inLanguage\":\"es\",\"@id\":\"https:\\\/\\\/www.cetys.mx\\\/noticias\\\/estudiantes-de-doctorado-en-educacion-de-cetys-y-unab-fortalecen-su-formacion-academica-en-salamanca-espana\\\/#primaryimage\",\"url\":\"https:\\\/\\\/www.cetys.mx\\\/noticias\\\/wp-content\\\/uploads\\\/2026\\\/09\\\/Estudiantes-Doctorado-en-Educacion-CETYS-y-UNAB-en-Espana.png\",\"contentUrl\":\"https:\\\/\\\/www.cetys.mx\\\/noticias\\\/wp-content\\\/uploads\\\/2026\\\/09\\\/Estudiantes-Doctorado-en-Educacion-CETYS-y-UNAB-en-Espana.png\",\"width\":958,\"height\":637},{\"@type\":\"BreadcrumbList\",\"@id\":\"https:\\\/\\\/www.cetys.mx\\\/noticias\\\/estudiantes-de-doctorado-en-educacion-de-cetys-y-unab-fortalecen-su-formacion-academica-en-salamanca-espana\\\/#breadcrumb\",\"itemListElement\":[{\"@type\":\"ListItem\",\"position\":1,\"name\":\"Inicio\",\"item\":\"https:\\\/\\\/www.cetys.mx\\\/noticias\\\/\"},{\"@type\":\"ListItem\",\"position\":2,\"name\":\"Estudiantes de Doctorado en Educaci\u00f3n de CETYS y UNAB fortalecen su formaci\u00f3n acad\u00e9mica en Salamanca, Espa\u00f1a\"}]},{\"@type\":\"WebSite\",\"@id\":\"https:\\\/\\\/www.cetys.mx\\\/noticias\\\/#website\",\"url\":\"https:\\\/\\\/www.cetys.mx\\\/noticias\\\/\",\"name\":\"CETYS\",\"description\":\"\",\"potentialAction\":[{\"@type\":\"SearchAction\",\"target\":{\"@type\":\"EntryPoint\",\"urlTemplate\":\"https:\\\/\\\/www.cetys.mx\\\/noticias\\\/?s={search_term_string}\"},\"query-input\":{\"@type\":\"PropertyValueSpecification\",\"valueRequired\":true,\"valueName\":\"search_term_string\"}}],\"inLanguage\":\"es\"},{\"@type\":\"Person\",\"@id\":\"https:\\\/\\\/www.cetys.mx\\\/noticias\\\/#\\\/schema\\\/person\\\/e790051ce60e18ae47cfa87011c8653f\",\"name\":\"Campus Tijuana\",\"url\":\"https:\\\/\\\/www.cetys.mx\\\/noticias\\\/author\\\/campustijuana\\\/\"}]}<\/script>\n<!-- \/ Yoast SEO plugin. -->","yoast_head_json":{"title":"Estudiantes de Doctorado en Educaci\u00f3n de CETYS y UNAB fortalecen su formaci\u00f3n acad\u00e9mica en Salamanca, Espa\u00f1a - CETYS","description":"Articulo sobre Estudiantes de Doctorado en Educaci\u00f3n de CETYS y UNAB fortalecen su formaci\u00f3n acad\u00e9mica en Salamanca, Espa\u00f1a","robots":{"index":"index","follow":"follow","max-snippet":"max-snippet:-1","max-image-preview":"max-image-preview:large","max-video-preview":"max-video-preview:-1"},"canonical":"https:\/\/www.cetys.mx\/noticias\/estudiantes-de-doctorado-en-educacion-de-cetys-y-unab-fortalecen-su-formacion-academica-en-salamanca-espana\/","og_locale":"es_MX","og_type":"article","og_title":"Estudiantes de Doctorado en Educaci\u00f3n de CETYS y UNAB fortalecen su formaci\u00f3n acad\u00e9mica en Salamanca, Espa\u00f1a - CETYS","og_description":"Articulo sobre Estudiantes de Doctorado en Educaci\u00f3n de CETYS y UNAB fortalecen su formaci\u00f3n acad\u00e9mica en Salamanca, Espa\u00f1a","og_url":"https:\/\/www.cetys.mx\/noticias\/estudiantes-de-doctorado-en-educacion-de-cetys-y-unab-fortalecen-su-formacion-academica-en-salamanca-espana\/","og_site_name":"CETYS","article_publisher":"https:\/\/www.facebook.com\/cetysuniversidadmxl\/","article_published_time":"2026-09-02T01:00:13+00:00","article_modified_time":"2026-09-02T01:11:37+00:00","og_image":[{"width":958,"height":637,"url":"https:\/\/www.cetys.mx\/noticias\/wp-content\/uploads\/2026\/09\/Estudiantes-Doctorado-en-Educacion-CETYS-y-UNAB-en-Espana.png","type":"image\/png"}],"author":"Campus Tijuana","twitter_card":"summary_large_image","twitter_creator":"@cetysuni","twitter_site":"@cetysuni","twitter_misc":{"Escrito por":"Campus Tijuana","Tiempo de lectura":"2 minutos"},"schema":{"@context":"https:\/\/schema.org","@graph":[{"@type":"Article","@id":"https:\/\/www.cetys.mx\/noticias\/estudiantes-de-doctorado-en-educacion-de-cetys-y-unab-fortalecen-su-formacion-academica-en-salamanca-espana\/#article","isPartOf":{"@id":"https:\/\/www.cetys.mx\/noticias\/estudiantes-de-doctorado-en-educacion-de-cetys-y-unab-fortalecen-su-formacion-academica-en-salamanca-espana\/"},"author":{"name":"Campus Tijuana","@id":"https:\/\/www.cetys.mx\/noticias\/#\/schema\/person\/e790051ce60e18ae47cfa87011c8653f"},"headline":"Estudiantes de Doctorado en Educaci\u00f3n de CETYS y UNAB fortalecen su formaci\u00f3n acad\u00e9mica en Salamanca, Espa\u00f1a","datePublished":"2026-09-02T01:00:13+00:00","dateModified":"2026-09-02T01:11:37+00:00","mainEntityOfPage":{"@id":"https:\/\/www.cetys.mx\/noticias\/estudiantes-de-doctorado-en-educacion-de-cetys-y-unab-fortalecen-su-formacion-academica-en-salamanca-espana\/"},"wordCount":433,"commentCount":0,"image":{"@id":"https:\/\/www.cetys.mx\/noticias\/estudiantes-de-doctorado-en-educacion-de-cetys-y-unab-fortalecen-su-formacion-academica-en-salamanca-espana\/#primaryimage"},"thumbnailUrl":"https:\/\/www.cetys.mx\/noticias\/wp-content\/uploads\/2026\/09\/Estudiantes-Doctorado-en-Educacion-CETYS-y-UNAB-en-Espana.png","keywords":["DoctoradoEducacion"],"articleSection":["Campus Tijuana","Institucional","Portada","Posgrado","VoCETYS"],"inLanguage":"es","potentialAction":[{"@type":"CommentAction","name":"Comment","target":["https:\/\/www.cetys.mx\/noticias\/estudiantes-de-doctorado-en-educacion-de-cetys-y-unab-fortalecen-su-formacion-academica-en-salamanca-espana\/#respond"]}]},{"@type":"WebPage","@id":"https:\/\/www.cetys.mx\/noticias\/estudiantes-de-doctorado-en-educacion-de-cetys-y-unab-fortalecen-su-formacion-academica-en-salamanca-espana\/","url":"https:\/\/www.cetys.mx\/noticias\/estudiantes-de-doctorado-en-educacion-de-cetys-y-unab-fortalecen-su-formacion-academica-en-salamanca-espana\/","name":"Estudiantes de Doctorado en Educaci\u00f3n de CETYS y UNAB fortalecen su formaci\u00f3n acad\u00e9mica en Salamanca, Espa\u00f1a - CETYS","isPartOf":{"@id":"https:\/\/www.cetys.mx\/noticias\/#website"},"primaryImageOfPage":{"@id":"https:\/\/www.cetys.mx\/noticias\/estudiantes-de-doctorado-en-educacion-de-cetys-y-unab-fortalecen-su-formacion-academica-en-salamanca-espana\/#primaryimage"},"image":{"@id":"https:\/\/www.cetys.mx\/noticias\/estudiantes-de-doctorado-en-educacion-de-cetys-y-unab-fortalecen-su-formacion-academica-en-salamanca-espana\/#primaryimage"},"thumbnailUrl":"https:\/\/www.cetys.mx\/noticias\/wp-content\/uploads\/2026\/09\/Estudiantes-Doctorado-en-Educacion-CETYS-y-UNAB-en-Espana.png","datePublished":"2026-09-02T01:00:13+00:00","dateModified":"2026-09-02T01:11:37+00:00","author":{"@id":"https:\/\/www.cetys.mx\/noticias\/#\/schema\/person\/e790051ce60e18ae47cfa87011c8653f"},"description":"Articulo sobre Estudiantes de Doctorado en Educaci\u00f3n de CETYS y UNAB fortalecen su formaci\u00f3n acad\u00e9mica en Salamanca, Espa\u00f1a","breadcrumb":{"@id":"https:\/\/www.cetys.mx\/noticias\/estudiantes-de-doctorado-en-educacion-de-cetys-y-unab-fortalecen-su-formacion-academica-en-salamanca-espana\/#breadcrumb"},"inLanguage":"es","potentialAction":[{"@type":"ReadAction","target":["https:\/\/www.cetys.mx\/noticias\/estudiantes-de-doctorado-en-educacion-de-cetys-y-unab-fortalecen-su-formacion-academica-en-salamanca-espana\/"]}]},{"@type":"ImageObject","inLanguage":"es","@id":"https:\/\/www.cetys.mx\/noticias\/estudiantes-de-doctorado-en-educacion-de-cetys-y-unab-fortalecen-su-formacion-academica-en-salamanca-espana\/#primaryimage","url":"https:\/\/www.cetys.mx\/noticias\/wp-content\/uploads\/2026\/09\/Estudiantes-Doctorado-en-Educacion-CETYS-y-UNAB-en-Espana.png","contentUrl":"https:\/\/www.cetys.mx\/noticias\/wp-content\/uploads\/2026\/09\/Estudiantes-Doctorado-en-Educacion-CETYS-y-UNAB-en-Espana.png","width":958,"height":637},{"@type":"BreadcrumbList","@id":"https:\/\/www.cetys.mx\/noticias\/estudiantes-de-doctorado-en-educacion-de-cetys-y-unab-fortalecen-su-formacion-academica-en-salamanca-espana\/#breadcrumb","itemListElement":[{"@type":"ListItem","position":1,"name":"Inicio","item":"https:\/\/www.cetys.mx\/noticias\/"},{"@type":"ListItem","position":2,"name":"Estudiantes de Doctorado en Educaci\u00f3n de CETYS y UNAB fortalecen su formaci\u00f3n acad\u00e9mica en Salamanca, Espa\u00f1a"}]},{"@type":"WebSite","@id":"https:\/\/www.cetys.mx\/noticias\/#website","url":"https:\/\/www.cetys.mx\/noticias\/","name":"CETYS","description":"","potentialAction":[{"@type":"SearchAction","target":{"@type":"EntryPoint","urlTemplate":"https:\/\/www.cetys.mx\/noticias\/?s={search_term_string}"},"query-input":{"@type":"PropertyValueSpecification","valueRequired":true,"valueName":"search_term_string"}}],"inLanguage":"es"},{"@type":"Person","@id":"https:\/\/www.cetys.mx\/noticias\/#\/schema\/person\/e790051ce60e18ae47cfa87011c8653f","name":"Campus Tijuana","url":"https:\/\/www.cetys.mx\/noticias\/author\/campustijuana\/"}]}},"_links":{"self":[{"href":"https:\/\/www.cetys.mx\/noticias\/wp-json\/wp\/v2\/posts\/226177","targetHints":{"allow":["GET"]}}],"collection":[{"href":"https:\/\/www.cetys.mx\/noticias\/wp-json\/wp\/v2\/posts"}],"about":[{"href":"https:\/\/www.cetys.mx\/noticias\/wp-json\/wp\/v2\/types\/post"}],"author":[{"embeddable":true,"href":"https:\/\/www.cetys.mx\/noticias\/wp-json\/wp\/v2\/users\/24"}],"replies":[{"embeddable":true,"href":"https:\/\/www.cetys.mx\/noticias\/wp-json\/wp\/v2\/comments?post=226177"}],"version-history":[{"count":3,"href":"https:\/\/www.cetys.mx\/noticias\/wp-json\/wp\/v2\/posts\/226177\/revisions"}],"predecessor-version":[{"id":226200,"href":"https:\/\/www.cetys.mx\/noticias\/wp-json\/wp\/v2\/posts\/226177\/revisions\/226200"}],"wp:featuredmedia":[{"embeddable":true,"href":"https:\/\/www.cetys.mx\/noticias\/wp-json\/wp\/v2\/media\/226196"}],"wp:attachment":[{"href":"https:\/\/www.cetys.mx\/noticias\/wp-json\/wp\/v2\/media?parent=226177"}],"wp:term":[{"taxonomy":"category","embeddable":true,"href":"https:\/\/www.cetys.mx\/noticias\/wp-json\/wp\/v2\/categories?post=226177"},{"taxonomy":"post_tag","embeddable":true,"href":"https:\/\/www.cetys.mx\/noticias\/wp-json\/wp\/v2\/tags?post=226177"}],"curies":[{"name":"wp","href":"https:\/\/api.w.org\/{rel}","templated":true}]}}