{"id":226159,"date":"2026-09-02T12:47:03","date_gmt":"2026-09-02T19:47:03","guid":{"rendered":"https:\/\/www.cetys.mx\/noticias\/?p=226159"},"modified":"2026-09-01T15:46:31","modified_gmt":"2026-09-01T22:46:31","slug":"cetys-universidad-y-ammje-ensenada-fortalecen-vinculacion-para-impulsar-talento-y-liderazgo-empresarial","status":"publish","type":"post","link":"https:\/\/www.cetys.mx\/noticias\/cetys-universidad-y-ammje-ensenada-fortalecen-vinculacion-para-impulsar-talento-y-liderazgo-empresarial\/","title":{"rendered":"CETYS Universidad y AMMJE Ensenada fortalecen vinculaci\u00f3n para impulsar talento y liderazgo empresarial"},"content":{"rendered":"<p><span style=\"font-weight: 400;\">CETYS Universidad Campus Internacional Ensenada y la Asociaci\u00f3n Mexicana de Mujeres Jefas de Empresa (AMMJE) Ensenada formalizaron un convenio de colaboraci\u00f3n con el objetivo de fortalecer la vinculaci\u00f3n entre el sector acad\u00e9mico y empresarial, generando nuevas oportunidades de desarrollo profesional, capacitaci\u00f3n y emprendimiento para la comunidad.<\/span><\/p>\n<p><span style=\"font-weight: 400;\">La firma del acuerdo fue encabezada por el Dr. Francisco V\u00e9lez Torres, Director de CETYS Universidad Campus Internacional Ensenada, y la Mtra. Ma. Guadalupe Magnolia L\u00f3pez, presidenta fundadora de AMMJE Ensenada, quienes destacaron la importancia de construir alianzas que contribuyan al desarrollo del talento y al fortalecimiento del sector productivo de la regi\u00f3n.<\/span><\/p>\n<p><span style=\"font-weight: 400;\">Entre los principales alcances del convenio se contempla la generaci\u00f3n de espacios para que estudiantes de CETYS Universidad realicen pr\u00e1cticas profesionales, servicio social y participen en proyectos de pertinencia social, acerc\u00e1ndolos a experiencias que complementen su formaci\u00f3n acad\u00e9mica y fortalezcan sus competencias profesionales.<\/span><\/p>\n<p><span style=\"font-weight: 400;\">Asimismo, las integrantes de AMMJE Ensenada podr\u00e1n acceder a oportunidades de formaci\u00f3n mediante programas de posgrado y educaci\u00f3n continua de CETYS Universidad, contribuyendo a su profesionalizaci\u00f3n y al desarrollo de sus empresas.<\/span><\/p>\n<p><span style=\"font-weight: 400;\">Durante su intervenci\u00f3n, la Mtra.\u00a0 Ma. Guadalupe Magnolia L\u00f3pez resalt\u00f3 que la alianza representa un v\u00ednculo entre la formaci\u00f3n universitaria y la experiencia empresarial, con beneficios tanto para las nuevas generaciones como para las mujeres que actualmente participan en el sector productivo. \u201cHoy no solamente firmamos un convenio, estamos construyendo un puente entre la educaci\u00f3n y la experiencia empresarial\u201d, se\u00f1al\u00f3.\u00a0<\/span><\/p>\n<p><span style=\"font-weight: 400;\">Por su parte, el Dr. Francisco V\u00e9lez Torres reconoci\u00f3 el trabajo realizado por AMMJE Ensenada desde su conformaci\u00f3n y destac\u00f3 la relevancia de establecer v\u00ednculos con organismos que comparten una visi\u00f3n de desarrollo regional.<\/span><\/p>\n<p><span style=\"font-weight: 400;\">\u201cEstamos en la mejor disposici\u00f3n de construir un puente de colaboraci\u00f3n entre el sector empresarial y el sector acad\u00e9mico, en beneficio, como tambi\u00e9n lo comenta, de nuestros estudiantes, de sus futuros empresarios o empresarias de nuestra comunidad\u201d.<\/span><\/p>\n<p><span style=\"font-weight: 400;\">AMMJE Ensenada forma parte de una organizaci\u00f3n con m\u00e1s de seis d\u00e9cadas de trayectoria en M\u00e9xico y comenz\u00f3 su representaci\u00f3n en la ciudad en septiembre de 2025. Desde entonces, ha impulsado actividades de capacitaci\u00f3n, liderazgo, vinculaci\u00f3n y responsabilidad social, adem\u00e1s de generar espacios para promover las empresas y proyectos de sus asociadas.<\/span><\/p>\n<div class=\"gallery-slider-wrapper gallery-1\">\n                        <div class=\"gallery-slider\" itemscope itemtype=\"http:\/\/schema.org\/ImageGallery\"><figure class=\"slide\" itemprop=\"associatedMedia\" itemscope itemtype=\"http:\/\/schema.org\/ImageObject\">\n                    <a itemprop=\"contentUrl\" href=\"https:\/\/www.cetys.mx\/noticias\/wp-content\/uploads\/2026\/09\/Foto-2-1.jpg\">\n                        <img decoding=\"async\" itemprop=\"thumbnail\" class=\"lazyOwl\" src=\"https:\/\/www.cetys.mx\/noticias\/wp-content\/plugins\/jmagz-plugin\/assets\/placeholder\/900x450.png\" data-src=\"https:\/\/www.cetys.mx\/noticias\/wp-content\/uploads\/2026\/09\/Foto-2-1-scaled.jpg\" alt=\"CETYS Universidad y AMMJE Ensenada fortalecen vinculaci\u00f3n para impulsar talento y liderazgo empresarial\">\n                    <\/a>\n                    <figcaption itemprop=\"caption description\" class=\"slide-caption\">\n                        \n                    <\/figcaption>\n                <\/figure><figure class=\"slide\" itemprop=\"associatedMedia\" itemscope itemtype=\"http:\/\/schema.org\/ImageObject\">\n                    <a itemprop=\"contentUrl\" href=\"https:\/\/www.cetys.mx\/noticias\/wp-content\/uploads\/2026\/09\/Foto-1-1.jpg\">\n                        <img decoding=\"async\" itemprop=\"thumbnail\" class=\"lazyOwl\" src=\"https:\/\/www.cetys.mx\/noticias\/wp-content\/plugins\/jmagz-plugin\/assets\/placeholder\/900x450.png\" data-src=\"https:\/\/www.cetys.mx\/noticias\/wp-content\/uploads\/2026\/09\/Foto-1-1-scaled.jpg\" alt=\"Firma de convenio\">\n                    <\/a>\n                    <figcaption itemprop=\"caption description\" class=\"slide-caption\">\n                        \n                    <\/figcaption>\n                <\/figure><figure class=\"slide\" itemprop=\"associatedMedia\" itemscope itemtype=\"http:\/\/schema.org\/ImageObject\">\n                    <a itemprop=\"contentUrl\" href=\"https:\/\/www.cetys.mx\/noticias\/wp-content\/uploads\/2026\/09\/Foto-3-1.jpg\">\n                        <img decoding=\"async\" itemprop=\"thumbnail\" class=\"lazyOwl\" src=\"https:\/\/www.cetys.mx\/noticias\/wp-content\/plugins\/jmagz-plugin\/assets\/placeholder\/900x450.png\" data-src=\"https:\/\/www.cetys.mx\/noticias\/wp-content\/uploads\/2026\/09\/Foto-3-1-scaled.jpg\" alt=\"CETYS Universidad y AMMJE Ensenada fortalecen vinculaci\u00f3n para impulsar talento y liderazgo empresarial\">\n                    <\/a>\n                    <figcaption itemprop=\"caption description\" class=\"slide-caption\">\n                        \n                    <\/figcaption>\n                <\/figure><\/div>\n                <div class=\"gallery-slider-thumbnail-wrapper\">\n                    <div class=\"gallery-slider-thumbnail\"><div class=\"slide-thumbnail\"><img decoding=\"async\" class=\"lazyOwl\" src=\"https:\/\/www.cetys.mx\/noticias\/wp-content\/plugins\/jmagz-plugin\/assets\/placeholder\/150x75.png\" data-src=\"https:\/\/www.cetys.mx\/noticias\/wp-content\/uploads\/2026\/09\/Foto-2-1-scaled.jpg\" alt=\"CETYS Universidad y AMMJE Ensenada fortalecen vinculaci\u00f3n para impulsar talento y liderazgo empresarial\"><\/div><div class=\"slide-thumbnail\"><img decoding=\"async\" class=\"lazyOwl\" src=\"https:\/\/www.cetys.mx\/noticias\/wp-content\/plugins\/jmagz-plugin\/assets\/placeholder\/150x75.png\" data-src=\"https:\/\/www.cetys.mx\/noticias\/wp-content\/uploads\/2026\/09\/Foto-1-1-scaled.jpg\" alt=\"Firma de convenio\"><\/div><div class=\"slide-thumbnail\"><img decoding=\"async\" class=\"lazyOwl\" src=\"https:\/\/www.cetys.mx\/noticias\/wp-content\/plugins\/jmagz-plugin\/assets\/placeholder\/150x75.png\" data-src=\"https:\/\/www.cetys.mx\/noticias\/wp-content\/uploads\/2026\/09\/Foto-3-1-scaled.jpg\" alt=\"CETYS Universidad y AMMJE Ensenada fortalecen vinculaci\u00f3n para impulsar talento y liderazgo empresarial\"><\/div><\/div><\/div><\/div>\n","protected":false},"excerpt":{"rendered":"<p>CETYS Universidad Campus Internacional Ensenada y la Asociaci\u00f3n Mexicana de Mujeres Jefas de Empresa (AMMJE) Ensenada formalizaron un convenio de colaboraci\u00f3n con&#8230;<\/p>\n","protected":false},"author":23,"featured_media":226161,"comment_status":"open","ping_status":"closed","sticky":false,"template":"","format":"standard","meta":{"footnotes":""},"categories":[110,132,209,125,313],"tags":[351,5843],"class_list":["post-226159","post","type-post","status-publish","format-standard","has-post-thumbnail","hentry","category-academia","category-campus-ensenada","category-institucional","category-portada","category-vocetys-2","tag-convenio","tag-firma-de-convenio"],"yoast_head":"<!-- This site is optimized with the Yoast SEO plugin v28.1 - https:\/\/yoast.com\/product\/yoast-seo-wordpress\/ -->\n<title>CETYS Universidad y AMMJE Ensenada fortalecen vinculaci\u00f3n para impulsar talento y liderazgo empresarial - CETYS<\/title>\n<meta name=\"description\" content=\"Articulo sobre CETYS Universidad y AMMJE Ensenada fortalecen vinculaci\u00f3n para impulsar talento y liderazgo empresarial\" \/>\n<meta name=\"robots\" content=\"index, follow, max-snippet:-1, max-image-preview:large, max-video-preview:-1\" \/>\n<link rel=\"canonical\" href=\"https:\/\/www.cetys.mx\/noticias\/cetys-universidad-y-ammje-ensenada-fortalecen-vinculacion-para-impulsar-talento-y-liderazgo-empresarial\/\" \/>\n<meta property=\"og:locale\" content=\"es_MX\" \/>\n<meta property=\"og:type\" content=\"article\" \/>\n<meta property=\"og:title\" content=\"CETYS Universidad y AMMJE Ensenada fortalecen vinculaci\u00f3n para impulsar talento y liderazgo empresarial - CETYS\" \/>\n<meta property=\"og:description\" content=\"Articulo sobre CETYS Universidad y AMMJE Ensenada fortalecen vinculaci\u00f3n para impulsar talento y liderazgo empresarial\" \/>\n<meta property=\"og:url\" content=\"https:\/\/www.cetys.mx\/noticias\/cetys-universidad-y-ammje-ensenada-fortalecen-vinculacion-para-impulsar-talento-y-liderazgo-empresarial\/\" \/>\n<meta property=\"og:site_name\" content=\"CETYS\" \/>\n<meta property=\"article:publisher\" content=\"https:\/\/www.facebook.com\/cetysuniversidadmxl\/\" \/>\n<meta property=\"article:published_time\" content=\"2026-09-02T19:47:03+00:00\" \/>\n<meta property=\"og:image\" content=\"https:\/\/www.cetys.mx\/noticias\/wp-content\/uploads\/2026\/09\/Foto-1-1-scaled.jpg\" \/>\n\t<meta property=\"og:image:width\" content=\"2560\" \/>\n\t<meta property=\"og:image:height\" content=\"1707\" \/>\n\t<meta property=\"og:image:type\" content=\"image\/jpeg\" \/>\n<meta name=\"author\" content=\"Campus Ensenada\" \/>\n<meta name=\"twitter:card\" content=\"summary_large_image\" \/>\n<meta name=\"twitter:creator\" content=\"@cetysuni\" \/>\n<meta name=\"twitter:site\" content=\"@cetysuni\" \/>\n<meta name=\"twitter:label1\" content=\"Escrito por\" \/>\n\t<meta name=\"twitter:data1\" content=\"Campus Ensenada\" \/>\n\t<meta name=\"twitter:label2\" content=\"Tiempo de lectura\" \/>\n\t<meta name=\"twitter:data2\" content=\"2 minutos\" \/>\n<script type=\"application\/ld+json\" class=\"yoast-schema-graph\">{\"@context\":\"https:\\\/\\\/schema.org\",\"@graph\":[{\"@type\":\"Article\",\"@id\":\"https:\\\/\\\/www.cetys.mx\\\/noticias\\\/cetys-universidad-y-ammje-ensenada-fortalecen-vinculacion-para-impulsar-talento-y-liderazgo-empresarial\\\/#article\",\"isPartOf\":{\"@id\":\"https:\\\/\\\/www.cetys.mx\\\/noticias\\\/cetys-universidad-y-ammje-ensenada-fortalecen-vinculacion-para-impulsar-talento-y-liderazgo-empresarial\\\/\"},\"author\":{\"name\":\"Campus Ensenada\",\"@id\":\"https:\\\/\\\/www.cetys.mx\\\/noticias\\\/#\\\/schema\\\/person\\\/1a1a88c0b6586e66a2e9e88e07afc712\"},\"headline\":\"CETYS Universidad y AMMJE Ensenada fortalecen vinculaci\u00f3n para impulsar talento y liderazgo empresarial\",\"datePublished\":\"2026-09-02T19:47:03+00:00\",\"mainEntityOfPage\":{\"@id\":\"https:\\\/\\\/www.cetys.mx\\\/noticias\\\/cetys-universidad-y-ammje-ensenada-fortalecen-vinculacion-para-impulsar-talento-y-liderazgo-empresarial\\\/\"},\"wordCount\":416,\"commentCount\":0,\"image\":{\"@id\":\"https:\\\/\\\/www.cetys.mx\\\/noticias\\\/cetys-universidad-y-ammje-ensenada-fortalecen-vinculacion-para-impulsar-talento-y-liderazgo-empresarial\\\/#primaryimage\"},\"thumbnailUrl\":\"https:\\\/\\\/www.cetys.mx\\\/noticias\\\/wp-content\\\/uploads\\\/2026\\\/09\\\/Foto-1-1-scaled.jpg\",\"keywords\":[\"convenio\",\"Firma de convenio\"],\"articleSection\":[\"Academia\",\"Campus Ensenada\",\"Institucional\",\"Portada\",\"VoCETYS\"],\"inLanguage\":\"es\",\"potentialAction\":[{\"@type\":\"CommentAction\",\"name\":\"Comment\",\"target\":[\"https:\\\/\\\/www.cetys.mx\\\/noticias\\\/cetys-universidad-y-ammje-ensenada-fortalecen-vinculacion-para-impulsar-talento-y-liderazgo-empresarial\\\/#respond\"]}]},{\"@type\":\"WebPage\",\"@id\":\"https:\\\/\\\/www.cetys.mx\\\/noticias\\\/cetys-universidad-y-ammje-ensenada-fortalecen-vinculacion-para-impulsar-talento-y-liderazgo-empresarial\\\/\",\"url\":\"https:\\\/\\\/www.cetys.mx\\\/noticias\\\/cetys-universidad-y-ammje-ensenada-fortalecen-vinculacion-para-impulsar-talento-y-liderazgo-empresarial\\\/\",\"name\":\"CETYS Universidad y AMMJE Ensenada fortalecen vinculaci\u00f3n para impulsar talento y liderazgo empresarial - CETYS\",\"isPartOf\":{\"@id\":\"https:\\\/\\\/www.cetys.mx\\\/noticias\\\/#website\"},\"primaryImageOfPage\":{\"@id\":\"https:\\\/\\\/www.cetys.mx\\\/noticias\\\/cetys-universidad-y-ammje-ensenada-fortalecen-vinculacion-para-impulsar-talento-y-liderazgo-empresarial\\\/#primaryimage\"},\"image\":{\"@id\":\"https:\\\/\\\/www.cetys.mx\\\/noticias\\\/cetys-universidad-y-ammje-ensenada-fortalecen-vinculacion-para-impulsar-talento-y-liderazgo-empresarial\\\/#primaryimage\"},\"thumbnailUrl\":\"https:\\\/\\\/www.cetys.mx\\\/noticias\\\/wp-content\\\/uploads\\\/2026\\\/09\\\/Foto-1-1-scaled.jpg\",\"datePublished\":\"2026-09-02T19:47:03+00:00\",\"author\":{\"@id\":\"https:\\\/\\\/www.cetys.mx\\\/noticias\\\/#\\\/schema\\\/person\\\/1a1a88c0b6586e66a2e9e88e07afc712\"},\"description\":\"Articulo sobre CETYS Universidad y AMMJE Ensenada fortalecen vinculaci\u00f3n para impulsar talento y liderazgo empresarial\",\"breadcrumb\":{\"@id\":\"https:\\\/\\\/www.cetys.mx\\\/noticias\\\/cetys-universidad-y-ammje-ensenada-fortalecen-vinculacion-para-impulsar-talento-y-liderazgo-empresarial\\\/#breadcrumb\"},\"inLanguage\":\"es\",\"potentialAction\":[{\"@type\":\"ReadAction\",\"target\":[\"https:\\\/\\\/www.cetys.mx\\\/noticias\\\/cetys-universidad-y-ammje-ensenada-fortalecen-vinculacion-para-impulsar-talento-y-liderazgo-empresarial\\\/\"]}]},{\"@type\":\"ImageObject\",\"inLanguage\":\"es\",\"@id\":\"https:\\\/\\\/www.cetys.mx\\\/noticias\\\/cetys-universidad-y-ammje-ensenada-fortalecen-vinculacion-para-impulsar-talento-y-liderazgo-empresarial\\\/#primaryimage\",\"url\":\"https:\\\/\\\/www.cetys.mx\\\/noticias\\\/wp-content\\\/uploads\\\/2026\\\/09\\\/Foto-1-1-scaled.jpg\",\"contentUrl\":\"https:\\\/\\\/www.cetys.mx\\\/noticias\\\/wp-content\\\/uploads\\\/2026\\\/09\\\/Foto-1-1-scaled.jpg\",\"width\":2560,\"height\":1707},{\"@type\":\"BreadcrumbList\",\"@id\":\"https:\\\/\\\/www.cetys.mx\\\/noticias\\\/cetys-universidad-y-ammje-ensenada-fortalecen-vinculacion-para-impulsar-talento-y-liderazgo-empresarial\\\/#breadcrumb\",\"itemListElement\":[{\"@type\":\"ListItem\",\"position\":1,\"name\":\"Inicio\",\"item\":\"https:\\\/\\\/www.cetys.mx\\\/noticias\\\/\"},{\"@type\":\"ListItem\",\"position\":2,\"name\":\"CETYS Universidad y AMMJE Ensenada fortalecen vinculaci\u00f3n para impulsar talento y liderazgo empresarial\"}]},{\"@type\":\"WebSite\",\"@id\":\"https:\\\/\\\/www.cetys.mx\\\/noticias\\\/#website\",\"url\":\"https:\\\/\\\/www.cetys.mx\\\/noticias\\\/\",\"name\":\"CETYS\",\"description\":\"\",\"potentialAction\":[{\"@type\":\"SearchAction\",\"target\":{\"@type\":\"EntryPoint\",\"urlTemplate\":\"https:\\\/\\\/www.cetys.mx\\\/noticias\\\/?s={search_term_string}\"},\"query-input\":{\"@type\":\"PropertyValueSpecification\",\"valueRequired\":true,\"valueName\":\"search_term_string\"}}],\"inLanguage\":\"es\"},{\"@type\":\"Person\",\"@id\":\"https:\\\/\\\/www.cetys.mx\\\/noticias\\\/#\\\/schema\\\/person\\\/1a1a88c0b6586e66a2e9e88e07afc712\",\"name\":\"Campus Ensenada\",\"url\":\"https:\\\/\\\/www.cetys.mx\\\/noticias\\\/author\\\/campusensenada\\\/\"}]}<\/script>\n<!-- \/ Yoast SEO plugin. -->","yoast_head_json":{"title":"CETYS Universidad y AMMJE Ensenada fortalecen vinculaci\u00f3n para impulsar talento y liderazgo empresarial - CETYS","description":"Articulo sobre CETYS Universidad y AMMJE Ensenada fortalecen vinculaci\u00f3n para impulsar talento y liderazgo empresarial","robots":{"index":"index","follow":"follow","max-snippet":"max-snippet:-1","max-image-preview":"max-image-preview:large","max-video-preview":"max-video-preview:-1"},"canonical":"https:\/\/www.cetys.mx\/noticias\/cetys-universidad-y-ammje-ensenada-fortalecen-vinculacion-para-impulsar-talento-y-liderazgo-empresarial\/","og_locale":"es_MX","og_type":"article","og_title":"CETYS Universidad y AMMJE Ensenada fortalecen vinculaci\u00f3n para impulsar talento y liderazgo empresarial - CETYS","og_description":"Articulo sobre CETYS Universidad y AMMJE Ensenada fortalecen vinculaci\u00f3n para impulsar talento y liderazgo empresarial","og_url":"https:\/\/www.cetys.mx\/noticias\/cetys-universidad-y-ammje-ensenada-fortalecen-vinculacion-para-impulsar-talento-y-liderazgo-empresarial\/","og_site_name":"CETYS","article_publisher":"https:\/\/www.facebook.com\/cetysuniversidadmxl\/","article_published_time":"2026-09-02T19:47:03+00:00","og_image":[{"width":2560,"height":1707,"url":"https:\/\/www.cetys.mx\/noticias\/wp-content\/uploads\/2026\/09\/Foto-1-1-scaled.jpg","type":"image\/jpeg"}],"author":"Campus Ensenada","twitter_card":"summary_large_image","twitter_creator":"@cetysuni","twitter_site":"@cetysuni","twitter_misc":{"Escrito por":"Campus Ensenada","Tiempo de lectura":"2 minutos"},"schema":{"@context":"https:\/\/schema.org","@graph":[{"@type":"Article","@id":"https:\/\/www.cetys.mx\/noticias\/cetys-universidad-y-ammje-ensenada-fortalecen-vinculacion-para-impulsar-talento-y-liderazgo-empresarial\/#article","isPartOf":{"@id":"https:\/\/www.cetys.mx\/noticias\/cetys-universidad-y-ammje-ensenada-fortalecen-vinculacion-para-impulsar-talento-y-liderazgo-empresarial\/"},"author":{"name":"Campus Ensenada","@id":"https:\/\/www.cetys.mx\/noticias\/#\/schema\/person\/1a1a88c0b6586e66a2e9e88e07afc712"},"headline":"CETYS Universidad y AMMJE Ensenada fortalecen vinculaci\u00f3n para impulsar talento y liderazgo empresarial","datePublished":"2026-09-02T19:47:03+00:00","mainEntityOfPage":{"@id":"https:\/\/www.cetys.mx\/noticias\/cetys-universidad-y-ammje-ensenada-fortalecen-vinculacion-para-impulsar-talento-y-liderazgo-empresarial\/"},"wordCount":416,"commentCount":0,"image":{"@id":"https:\/\/www.cetys.mx\/noticias\/cetys-universidad-y-ammje-ensenada-fortalecen-vinculacion-para-impulsar-talento-y-liderazgo-empresarial\/#primaryimage"},"thumbnailUrl":"https:\/\/www.cetys.mx\/noticias\/wp-content\/uploads\/2026\/09\/Foto-1-1-scaled.jpg","keywords":["convenio","Firma de convenio"],"articleSection":["Academia","Campus Ensenada","Institucional","Portada","VoCETYS"],"inLanguage":"es","potentialAction":[{"@type":"CommentAction","name":"Comment","target":["https:\/\/www.cetys.mx\/noticias\/cetys-universidad-y-ammje-ensenada-fortalecen-vinculacion-para-impulsar-talento-y-liderazgo-empresarial\/#respond"]}]},{"@type":"WebPage","@id":"https:\/\/www.cetys.mx\/noticias\/cetys-universidad-y-ammje-ensenada-fortalecen-vinculacion-para-impulsar-talento-y-liderazgo-empresarial\/","url":"https:\/\/www.cetys.mx\/noticias\/cetys-universidad-y-ammje-ensenada-fortalecen-vinculacion-para-impulsar-talento-y-liderazgo-empresarial\/","name":"CETYS Universidad y AMMJE Ensenada fortalecen vinculaci\u00f3n para impulsar talento y liderazgo empresarial - CETYS","isPartOf":{"@id":"https:\/\/www.cetys.mx\/noticias\/#website"},"primaryImageOfPage":{"@id":"https:\/\/www.cetys.mx\/noticias\/cetys-universidad-y-ammje-ensenada-fortalecen-vinculacion-para-impulsar-talento-y-liderazgo-empresarial\/#primaryimage"},"image":{"@id":"https:\/\/www.cetys.mx\/noticias\/cetys-universidad-y-ammje-ensenada-fortalecen-vinculacion-para-impulsar-talento-y-liderazgo-empresarial\/#primaryimage"},"thumbnailUrl":"https:\/\/www.cetys.mx\/noticias\/wp-content\/uploads\/2026\/09\/Foto-1-1-scaled.jpg","datePublished":"2026-09-02T19:47:03+00:00","author":{"@id":"https:\/\/www.cetys.mx\/noticias\/#\/schema\/person\/1a1a88c0b6586e66a2e9e88e07afc712"},"description":"Articulo sobre CETYS Universidad y AMMJE Ensenada fortalecen vinculaci\u00f3n para impulsar talento y liderazgo empresarial","breadcrumb":{"@id":"https:\/\/www.cetys.mx\/noticias\/cetys-universidad-y-ammje-ensenada-fortalecen-vinculacion-para-impulsar-talento-y-liderazgo-empresarial\/#breadcrumb"},"inLanguage":"es","potentialAction":[{"@type":"ReadAction","target":["https:\/\/www.cetys.mx\/noticias\/cetys-universidad-y-ammje-ensenada-fortalecen-vinculacion-para-impulsar-talento-y-liderazgo-empresarial\/"]}]},{"@type":"ImageObject","inLanguage":"es","@id":"https:\/\/www.cetys.mx\/noticias\/cetys-universidad-y-ammje-ensenada-fortalecen-vinculacion-para-impulsar-talento-y-liderazgo-empresarial\/#primaryimage","url":"https:\/\/www.cetys.mx\/noticias\/wp-content\/uploads\/2026\/09\/Foto-1-1-scaled.jpg","contentUrl":"https:\/\/www.cetys.mx\/noticias\/wp-content\/uploads\/2026\/09\/Foto-1-1-scaled.jpg","width":2560,"height":1707},{"@type":"BreadcrumbList","@id":"https:\/\/www.cetys.mx\/noticias\/cetys-universidad-y-ammje-ensenada-fortalecen-vinculacion-para-impulsar-talento-y-liderazgo-empresarial\/#breadcrumb","itemListElement":[{"@type":"ListItem","position":1,"name":"Inicio","item":"https:\/\/www.cetys.mx\/noticias\/"},{"@type":"ListItem","position":2,"name":"CETYS Universidad y AMMJE Ensenada fortalecen vinculaci\u00f3n para impulsar talento y liderazgo empresarial"}]},{"@type":"WebSite","@id":"https:\/\/www.cetys.mx\/noticias\/#website","url":"https:\/\/www.cetys.mx\/noticias\/","name":"CETYS","description":"","potentialAction":[{"@type":"SearchAction","target":{"@type":"EntryPoint","urlTemplate":"https:\/\/www.cetys.mx\/noticias\/?s={search_term_string}"},"query-input":{"@type":"PropertyValueSpecification","valueRequired":true,"valueName":"search_term_string"}}],"inLanguage":"es"},{"@type":"Person","@id":"https:\/\/www.cetys.mx\/noticias\/#\/schema\/person\/1a1a88c0b6586e66a2e9e88e07afc712","name":"Campus Ensenada","url":"https:\/\/www.cetys.mx\/noticias\/author\/campusensenada\/"}]}},"_links":{"self":[{"href":"https:\/\/www.cetys.mx\/noticias\/wp-json\/wp\/v2\/posts\/226159","targetHints":{"allow":["GET"]}}],"collection":[{"href":"https:\/\/www.cetys.mx\/noticias\/wp-json\/wp\/v2\/posts"}],"about":[{"href":"https:\/\/www.cetys.mx\/noticias\/wp-json\/wp\/v2\/types\/post"}],"author":[{"embeddable":true,"href":"https:\/\/www.cetys.mx\/noticias\/wp-json\/wp\/v2\/users\/23"}],"replies":[{"embeddable":true,"href":"https:\/\/www.cetys.mx\/noticias\/wp-json\/wp\/v2\/comments?post=226159"}],"version-history":[{"count":3,"href":"https:\/\/www.cetys.mx\/noticias\/wp-json\/wp\/v2\/posts\/226159\/revisions"}],"predecessor-version":[{"id":226174,"href":"https:\/\/www.cetys.mx\/noticias\/wp-json\/wp\/v2\/posts\/226159\/revisions\/226174"}],"wp:featuredmedia":[{"embeddable":true,"href":"https:\/\/www.cetys.mx\/noticias\/wp-json\/wp\/v2\/media\/226161"}],"wp:attachment":[{"href":"https:\/\/www.cetys.mx\/noticias\/wp-json\/wp\/v2\/media?parent=226159"}],"wp:term":[{"taxonomy":"category","embeddable":true,"href":"https:\/\/www.cetys.mx\/noticias\/wp-json\/wp\/v2\/categories?post=226159"},{"taxonomy":"post_tag","embeddable":true,"href":"https:\/\/www.cetys.mx\/noticias\/wp-json\/wp\/v2\/tags?post=226159"}],"curies":[{"name":"wp","href":"https:\/\/api.w.org\/{rel}","templated":true}]}}