{"id":226145,"date":"2026-09-01T12:21:10","date_gmt":"2026-09-01T19:21:10","guid":{"rendered":"https:\/\/www.cetys.mx\/noticias\/?p=226145"},"modified":"2026-09-01T12:23:15","modified_gmt":"2026-09-01T19:23:15","slug":"226145-2","status":"publish","type":"post","link":"https:\/\/www.cetys.mx\/noticias\/226145-2\/","title":{"rendered":"Primera generaci\u00f3n de la Maestr\u00eda en Vitivinicultura y Negocios del Vino fortalece su formaci\u00f3n con semana presencial en Baja California"},"content":{"rendered":"<p><span style=\"font-weight: 400;\">Con una semana presencial que combin\u00f3 formaci\u00f3n acad\u00e9mica, experiencias pr\u00e1cticas y acercamiento directo con la industria vitivin\u00edcola de Baja California, 13 estudiantes de la primera generaci\u00f3n de la <\/span><a href=\"https:\/\/www.cetys.mx\/cevit\/maestria-en-vitivinicultura-y-negocios-de-vino\/\"><span style=\"font-weight: 400;\">Maestr\u00eda en Vitivinicultura y Negocios del Vino (MVNV)<\/span><\/a><span style=\"font-weight: 400;\"> del Centro de Estudios Vitivin\u00edcolas (CEVIT) de CETYS Universidad Campus Internacional Ensenada, fortalecieron los conocimientos adquiridos durante su programa de estudios.<\/span><\/p>\n<p><span style=\"font-weight: 400;\">Es importante destacar que la\u00a0 MVNV forma parte de los programas del Modelo Virtual Flex, que combina modalidades presenciales y virtuales, gracias a esto, los estudiantes participan en actividades acad\u00e9micas y acceden a recursos educativos y herramientas de aprendizaje desde cualquier lugar del mundo, llevando su proceso de aprendizaje con mayor flexibilidad y comodidad. Adem\u00e1s a esto se le suma una semana presencial en CEVIT, donde viven de primera mano actividades del sector vitivin\u00edcola.<\/span><\/p>\n<p><span style=\"font-weight: 400;\">Del 24 al 28 de agosto, los estudiantes participaron en una agenda de actividades en Valle de Guadalupe y en las instalaciones de CETYS Universidad, que incluy\u00f3 visitas a proyectos vitivin\u00edcolas, sesiones de an\u00e1lisis sensorial, catas, clases especializadas y encuentros con profesionales del sector.<\/span><\/p>\n<p><span style=\"font-weight: 400;\">La semana presencial inici\u00f3 con actividades en CEVIT as\u00ed como recorridos por distintos proyectos de la regi\u00f3n, entre ellos Las Nubes, Vi\u00f1edo 3 Mujeres, Casa Magoni, Domecq y Roganto. El programa tambi\u00e9n contempl\u00f3 sesiones acad\u00e9micas con docentes especializados, adem\u00e1s de espacios de convivencia que permitieron fortalecer los v\u00ednculos entre integrantes de esta primera generaci\u00f3n.<\/span><\/p>\n<p><span style=\"font-weight: 400;\">Para el Mtro. John Clark, docente de la Maestr\u00eda, el contacto directo con la industria permite comprender el momento que vive el sector vitivin\u00edcola mexicano y sus posibilidades de crecimiento en el \u00e1mbito internacional, su intenci\u00f3n es que los futuros profesionales puedan estudiar problem\u00e1ticas concretas de la industria nacional y encontrar oportunidades de desarrollo a partir de ellas: \u201cCuando yo ense\u00f1o, quiero dar a los alumnos ejemplos de M\u00e9xico, no del exterior\u201d, explic\u00f3.<\/span><\/p>\n<p><span style=\"font-weight: 400;\">Para Fernando Asuara, estudiante de la primera generaci\u00f3n y sommelier profesional con una d\u00e9cada de experiencia en el sector gastron\u00f3mico y vitivin\u00edcola, cursar la Maestr\u00eda representa la oportunidad de complementar su trayectoria con una formaci\u00f3n acad\u00e9mica de mayor alcance.<\/span><\/p>\n<p><span style=\"font-weight: 400;\">\u201cDespu\u00e9s de tomar mi diplomado en sommeler\u00eda y certificaciones internacionales, sent\u00ed que me faltaba un poquito. Quer\u00eda hacerlo oficial, quer\u00eda una maestr\u00eda, quer\u00eda algo que le diera mucho m\u00e1s peso a mi curr\u00edculum, enfocado en el mundo vitivin\u00edcola\u201d, comparti\u00f3.<\/span><\/p>\n<p><span style=\"font-weight: 400;\">El estudiante, destac\u00f3 adem\u00e1s la posibilidad de trasladar los aprendizajes de la Maestr\u00eda directamente a su ejercicio profesional. Como ejemplo, se\u00f1al\u00f3 los conocimientos adquiridos en an\u00e1lisis sensorial, los cuales ya ha comenzado a implementar con su equipo de trabajo.<\/span><\/p>\n<p><span style=\"font-weight: 400;\">Asimismo, consider\u00f3 que la semana presencial constituye una experiencia que complementa de manera significativa la formaci\u00f3n en l\u00ednea, al permitir el encuentro cara a cara con docentes, colegas y representantes de la industria.<\/span><\/p>\n<p><span style=\"font-weight: 400;\">Adem\u00e1s, la experiencia presencial tambi\u00e9n les permiti\u00f3 conocer de primera mano diferentes procesos y perspectivas de la industria, al tiempo que estrecharon la colaboraci\u00f3n y el intercambio de conocimientos entre integrantes de una generaci\u00f3n conformada por profesionales con distintas experiencias y perfiles.<\/span><\/p>\n<p><span style=\"font-weight: 400;\">Con esta estancia, la primera generaci\u00f3n de la <\/span><a href=\"https:\/\/www.cetys.mx\/cevit\/maestria-en-vitivinicultura-y-negocios-de-vino\/\"><span style=\"font-weight: 400;\">Maestr\u00eda en Vitivinicultura y Negocios del Vino<\/span><\/a><span style=\"font-weight: 400;\"> contin\u00faa consolidando una formaci\u00f3n que integra conocimientos t\u00e9cnicos, visi\u00f3n de negocios y vinculaci\u00f3n directa con la industria, aprovechando el entorno de Baja California como uno de los principales referentes vitivin\u00edcolas de M\u00e9xico.<\/span><\/p>\n<div class=\"gallery-slider-wrapper gallery-1\">\n                        <div class=\"gallery-slider\" itemscope itemtype=\"http:\/\/schema.org\/ImageGallery\"><figure class=\"slide\" itemprop=\"associatedMedia\" itemscope itemtype=\"http:\/\/schema.org\/ImageObject\">\n                    <a itemprop=\"contentUrl\" href=\"https:\/\/www.cetys.mx\/noticias\/wp-content\/uploads\/2026\/09\/Foto-6.jpg\">\n                        <img decoding=\"async\" itemprop=\"thumbnail\" class=\"lazyOwl\" src=\"https:\/\/www.cetys.mx\/noticias\/wp-content\/plugins\/jmagz-plugin\/assets\/placeholder\/900x450.png\" data-src=\"https:\/\/www.cetys.mx\/noticias\/wp-content\/uploads\/2026\/09\/Foto-6-scaled.jpg\" alt=\"Mtro. John Clark\">\n                    <\/a>\n                    <figcaption itemprop=\"caption description\" class=\"slide-caption\">\n                        \n                    <\/figcaption>\n                <\/figure><figure class=\"slide\" itemprop=\"associatedMedia\" itemscope itemtype=\"http:\/\/schema.org\/ImageObject\">\n                    <a itemprop=\"contentUrl\" href=\"https:\/\/www.cetys.mx\/noticias\/wp-content\/uploads\/2026\/09\/Foto-5.jpg\">\n                        <img decoding=\"async\" itemprop=\"thumbnail\" class=\"lazyOwl\" src=\"https:\/\/www.cetys.mx\/noticias\/wp-content\/plugins\/jmagz-plugin\/assets\/placeholder\/900x450.png\" data-src=\"https:\/\/www.cetys.mx\/noticias\/wp-content\/uploads\/2026\/09\/Foto-5-scaled.jpg\" alt=\"Foxter en CEVIT\">\n                    <\/a>\n                    <figcaption itemprop=\"caption description\" class=\"slide-caption\">\n                        \n                    <\/figcaption>\n                <\/figure><figure class=\"slide\" itemprop=\"associatedMedia\" itemscope itemtype=\"http:\/\/schema.org\/ImageObject\">\n                    <a itemprop=\"contentUrl\" href=\"https:\/\/www.cetys.mx\/noticias\/wp-content\/uploads\/2026\/09\/Foto-4.jpg\">\n                        <img decoding=\"async\" itemprop=\"thumbnail\" class=\"lazyOwl\" src=\"https:\/\/www.cetys.mx\/noticias\/wp-content\/plugins\/jmagz-plugin\/assets\/placeholder\/900x450.png\" data-src=\"https:\/\/www.cetys.mx\/noticias\/wp-content\/uploads\/2026\/09\/Foto-4-scaled.jpg\" alt=\"Foto 4\">\n                    <\/a>\n                    <figcaption itemprop=\"caption description\" class=\"slide-caption\">\n                        \n                    <\/figcaption>\n                <\/figure><figure class=\"slide\" itemprop=\"associatedMedia\" itemscope itemtype=\"http:\/\/schema.org\/ImageObject\">\n                    <a itemprop=\"contentUrl\" href=\"https:\/\/www.cetys.mx\/noticias\/wp-content\/uploads\/2026\/09\/Foto-3.jpg\">\n                        <img decoding=\"async\" itemprop=\"thumbnail\" class=\"lazyOwl\" src=\"https:\/\/www.cetys.mx\/noticias\/wp-content\/plugins\/jmagz-plugin\/assets\/placeholder\/900x450.png\" data-src=\"https:\/\/www.cetys.mx\/noticias\/wp-content\/uploads\/2026\/09\/Foto-3-scaled.jpg\" alt=\"Foto 3\">\n                    <\/a>\n                    <figcaption itemprop=\"caption description\" class=\"slide-caption\">\n                        \n                    <\/figcaption>\n                <\/figure><figure class=\"slide\" itemprop=\"associatedMedia\" itemscope itemtype=\"http:\/\/schema.org\/ImageObject\">\n                    <a itemprop=\"contentUrl\" href=\"https:\/\/www.cetys.mx\/noticias\/wp-content\/uploads\/2026\/09\/Foto-2.jpg\">\n                        <img decoding=\"async\" itemprop=\"thumbnail\" class=\"lazyOwl\" src=\"https:\/\/www.cetys.mx\/noticias\/wp-content\/plugins\/jmagz-plugin\/assets\/placeholder\/900x450.png\" data-src=\"https:\/\/www.cetys.mx\/noticias\/wp-content\/uploads\/2026\/09\/Foto-2-scaled.jpg\" alt=\"Visitas a vi\u00f1edos.\">\n                    <\/a>\n                    <figcaption itemprop=\"caption description\" class=\"slide-caption\">\n                        \n                    <\/figcaption>\n                <\/figure><figure class=\"slide\" itemprop=\"associatedMedia\" itemscope itemtype=\"http:\/\/schema.org\/ImageObject\">\n                    <a itemprop=\"contentUrl\" href=\"https:\/\/www.cetys.mx\/noticias\/wp-content\/uploads\/2026\/09\/Foto-1.jpg\">\n                        <img decoding=\"async\" itemprop=\"thumbnail\" class=\"lazyOwl\" src=\"https:\/\/www.cetys.mx\/noticias\/wp-content\/plugins\/jmagz-plugin\/assets\/placeholder\/900x450.png\" data-src=\"https:\/\/www.cetys.mx\/noticias\/wp-content\/uploads\/2026\/09\/Foto-1.jpg\" alt=\"Foto 1\">\n                    <\/a>\n                    <figcaption itemprop=\"caption description\" class=\"slide-caption\">\n                        Primera generaci\u00f3n de la Maestr\u00eda en Vitivinicultura y Negocios del Vino \n                    <\/figcaption>\n                <\/figure><\/div>\n                <div class=\"gallery-slider-thumbnail-wrapper\">\n                    <div class=\"gallery-slider-thumbnail\"><div class=\"slide-thumbnail\"><img decoding=\"async\" class=\"lazyOwl\" src=\"https:\/\/www.cetys.mx\/noticias\/wp-content\/plugins\/jmagz-plugin\/assets\/placeholder\/150x75.png\" data-src=\"https:\/\/www.cetys.mx\/noticias\/wp-content\/uploads\/2026\/09\/Foto-6-scaled.jpg\" alt=\"Mtro. John Clark\"><\/div><div class=\"slide-thumbnail\"><img decoding=\"async\" class=\"lazyOwl\" src=\"https:\/\/www.cetys.mx\/noticias\/wp-content\/plugins\/jmagz-plugin\/assets\/placeholder\/150x75.png\" data-src=\"https:\/\/www.cetys.mx\/noticias\/wp-content\/uploads\/2026\/09\/Foto-5-scaled.jpg\" alt=\"Foxter en CEVIT\"><\/div><div class=\"slide-thumbnail\"><img decoding=\"async\" class=\"lazyOwl\" src=\"https:\/\/www.cetys.mx\/noticias\/wp-content\/plugins\/jmagz-plugin\/assets\/placeholder\/150x75.png\" data-src=\"https:\/\/www.cetys.mx\/noticias\/wp-content\/uploads\/2026\/09\/Foto-4-scaled.jpg\" alt=\"Foto 4\"><\/div><div class=\"slide-thumbnail\"><img decoding=\"async\" class=\"lazyOwl\" src=\"https:\/\/www.cetys.mx\/noticias\/wp-content\/plugins\/jmagz-plugin\/assets\/placeholder\/150x75.png\" data-src=\"https:\/\/www.cetys.mx\/noticias\/wp-content\/uploads\/2026\/09\/Foto-3-scaled.jpg\" alt=\"Foto 3\"><\/div><div class=\"slide-thumbnail\"><img decoding=\"async\" class=\"lazyOwl\" src=\"https:\/\/www.cetys.mx\/noticias\/wp-content\/plugins\/jmagz-plugin\/assets\/placeholder\/150x75.png\" data-src=\"https:\/\/www.cetys.mx\/noticias\/wp-content\/uploads\/2026\/09\/Foto-2-scaled.jpg\" alt=\"Visitas a vi\u00f1edos.\"><\/div><div class=\"slide-thumbnail\"><img decoding=\"async\" class=\"lazyOwl\" src=\"https:\/\/www.cetys.mx\/noticias\/wp-content\/plugins\/jmagz-plugin\/assets\/placeholder\/150x75.png\" data-src=\"https:\/\/www.cetys.mx\/noticias\/wp-content\/uploads\/2026\/09\/Foto-1.jpg\" alt=\"Foto 1\"><\/div><\/div><\/div><\/div>\n","protected":false},"excerpt":{"rendered":"<p>Con una semana presencial que combin\u00f3 formaci\u00f3n acad\u00e9mica, experiencias pr\u00e1cticas y acercamiento directo con la industria vitivin\u00edcola de Baja California, 13 estudiantes&#8230;<\/p>\n","protected":false},"author":23,"featured_media":226146,"comment_status":"open","ping_status":"closed","sticky":false,"template":"","format":"standard","meta":{"footnotes":""},"categories":[132,5681,125,313],"tags":[3949,220,7487,7486,7488],"class_list":["post-226145","post","type-post","status-publish","format-standard","has-post-thumbnail","hentry","category-campus-ensenada","category-cevit","category-portada","category-vocetys-2","tag-cevit","tag-maestria","tag-maestriaenvitivinicultura","tag-maestriaenvitiviniculturaynegociosdelvino","tag-negociosdelvino"],"yoast_head":"<!-- This site is optimized with the Yoast SEO plugin v28.1 - https:\/\/yoast.com\/product\/yoast-seo-wordpress\/ -->\n<title>Primera generaci\u00f3n de la Maestr\u00eda en Vitivinicultura y Negocios del Vino fortalece su formaci\u00f3n con semana presencial en Baja California - CETYS<\/title>\n<meta name=\"description\" content=\"Articulo sobre Primera generaci\u00f3n de la Maestr\u00eda en Vitivinicultura y Negocios del Vino fortalece su formaci\u00f3n con semana presencial en Baja California\" \/>\n<meta name=\"robots\" content=\"index, follow, max-snippet:-1, max-image-preview:large, max-video-preview:-1\" \/>\n<link rel=\"canonical\" href=\"https:\/\/www.cetys.mx\/noticias\/226145-2\/\" \/>\n<meta property=\"og:locale\" content=\"es_MX\" \/>\n<meta property=\"og:type\" content=\"article\" \/>\n<meta property=\"og:title\" content=\"Primera generaci\u00f3n de la Maestr\u00eda en Vitivinicultura y Negocios del Vino fortalece su formaci\u00f3n con semana presencial en Baja California - CETYS\" \/>\n<meta property=\"og:description\" content=\"Articulo sobre Primera generaci\u00f3n de la Maestr\u00eda en Vitivinicultura y Negocios del Vino fortalece su formaci\u00f3n con semana presencial en Baja California\" \/>\n<meta property=\"og:url\" content=\"https:\/\/www.cetys.mx\/noticias\/226145-2\/\" \/>\n<meta property=\"og:site_name\" content=\"CETYS\" \/>\n<meta property=\"article:publisher\" content=\"https:\/\/www.facebook.com\/cetysuniversidadmxl\/\" \/>\n<meta property=\"article:published_time\" content=\"2026-09-01T19:21:10+00:00\" \/>\n<meta property=\"article:modified_time\" content=\"2026-09-01T19:23:15+00:00\" \/>\n<meta property=\"og:image\" content=\"https:\/\/www.cetys.mx\/noticias\/wp-content\/uploads\/2026\/09\/Foto-1.jpg\" \/>\n\t<meta property=\"og:image:width\" content=\"1708\" \/>\n\t<meta property=\"og:image:height\" content=\"1707\" \/>\n\t<meta property=\"og:image:type\" content=\"image\/jpeg\" \/>\n<meta name=\"author\" content=\"Campus Ensenada\" \/>\n<meta name=\"twitter:card\" content=\"summary_large_image\" \/>\n<meta name=\"twitter:creator\" content=\"@cetysuni\" \/>\n<meta name=\"twitter:site\" content=\"@cetysuni\" \/>\n<meta name=\"twitter:label1\" content=\"Escrito por\" \/>\n\t<meta name=\"twitter:data1\" content=\"Campus Ensenada\" \/>\n\t<meta name=\"twitter:label2\" content=\"Tiempo de lectura\" \/>\n\t<meta name=\"twitter:data2\" content=\"3 minutos\" \/>\n<script type=\"application\/ld+json\" class=\"yoast-schema-graph\">{\"@context\":\"https:\\\/\\\/schema.org\",\"@graph\":[{\"@type\":\"Article\",\"@id\":\"https:\\\/\\\/www.cetys.mx\\\/noticias\\\/226145-2\\\/#article\",\"isPartOf\":{\"@id\":\"https:\\\/\\\/www.cetys.mx\\\/noticias\\\/226145-2\\\/\"},\"author\":{\"name\":\"Campus Ensenada\",\"@id\":\"https:\\\/\\\/www.cetys.mx\\\/noticias\\\/#\\\/schema\\\/person\\\/1a1a88c0b6586e66a2e9e88e07afc712\"},\"headline\":\"Primera generaci\u00f3n de la Maestr\u00eda en Vitivinicultura y Negocios del Vino fortalece su formaci\u00f3n con semana presencial en Baja California\",\"datePublished\":\"2026-09-01T19:21:10+00:00\",\"dateModified\":\"2026-09-01T19:23:15+00:00\",\"mainEntityOfPage\":{\"@id\":\"https:\\\/\\\/www.cetys.mx\\\/noticias\\\/226145-2\\\/\"},\"wordCount\":627,\"commentCount\":0,\"image\":{\"@id\":\"https:\\\/\\\/www.cetys.mx\\\/noticias\\\/226145-2\\\/#primaryimage\"},\"thumbnailUrl\":\"https:\\\/\\\/www.cetys.mx\\\/noticias\\\/wp-content\\\/uploads\\\/2026\\\/09\\\/Foto-1.jpg\",\"keywords\":[\"CEVIT\",\"maestr\u00eda\",\"Maestr\u00edaEnVitivinicultura\",\"MaestriaEnVitiviniculturaYNegociosDelVino\",\"NegociosDelVino\"],\"articleSection\":[\"Campus Ensenada\",\"CEVIT\",\"Portada\",\"VoCETYS\"],\"inLanguage\":\"es\",\"potentialAction\":[{\"@type\":\"CommentAction\",\"name\":\"Comment\",\"target\":[\"https:\\\/\\\/www.cetys.mx\\\/noticias\\\/226145-2\\\/#respond\"]}]},{\"@type\":\"WebPage\",\"@id\":\"https:\\\/\\\/www.cetys.mx\\\/noticias\\\/226145-2\\\/\",\"url\":\"https:\\\/\\\/www.cetys.mx\\\/noticias\\\/226145-2\\\/\",\"name\":\"Primera generaci\u00f3n de la Maestr\u00eda en Vitivinicultura y Negocios del Vino fortalece su formaci\u00f3n con semana presencial en Baja California - CETYS\",\"isPartOf\":{\"@id\":\"https:\\\/\\\/www.cetys.mx\\\/noticias\\\/#website\"},\"primaryImageOfPage\":{\"@id\":\"https:\\\/\\\/www.cetys.mx\\\/noticias\\\/226145-2\\\/#primaryimage\"},\"image\":{\"@id\":\"https:\\\/\\\/www.cetys.mx\\\/noticias\\\/226145-2\\\/#primaryimage\"},\"thumbnailUrl\":\"https:\\\/\\\/www.cetys.mx\\\/noticias\\\/wp-content\\\/uploads\\\/2026\\\/09\\\/Foto-1.jpg\",\"datePublished\":\"2026-09-01T19:21:10+00:00\",\"dateModified\":\"2026-09-01T19:23:15+00:00\",\"author\":{\"@id\":\"https:\\\/\\\/www.cetys.mx\\\/noticias\\\/#\\\/schema\\\/person\\\/1a1a88c0b6586e66a2e9e88e07afc712\"},\"description\":\"Articulo sobre Primera generaci\u00f3n de la Maestr\u00eda en Vitivinicultura y Negocios del Vino fortalece su formaci\u00f3n con semana presencial en Baja California\",\"breadcrumb\":{\"@id\":\"https:\\\/\\\/www.cetys.mx\\\/noticias\\\/226145-2\\\/#breadcrumb\"},\"inLanguage\":\"es\",\"potentialAction\":[{\"@type\":\"ReadAction\",\"target\":[\"https:\\\/\\\/www.cetys.mx\\\/noticias\\\/226145-2\\\/\"]}]},{\"@type\":\"ImageObject\",\"inLanguage\":\"es\",\"@id\":\"https:\\\/\\\/www.cetys.mx\\\/noticias\\\/226145-2\\\/#primaryimage\",\"url\":\"https:\\\/\\\/www.cetys.mx\\\/noticias\\\/wp-content\\\/uploads\\\/2026\\\/09\\\/Foto-1.jpg\",\"contentUrl\":\"https:\\\/\\\/www.cetys.mx\\\/noticias\\\/wp-content\\\/uploads\\\/2026\\\/09\\\/Foto-1.jpg\",\"width\":1708,\"height\":1707,\"caption\":\"Primera generaci\u00f3n de la Maestr\u00eda en Vitivinicultura y Negocios del Vino\"},{\"@type\":\"BreadcrumbList\",\"@id\":\"https:\\\/\\\/www.cetys.mx\\\/noticias\\\/226145-2\\\/#breadcrumb\",\"itemListElement\":[{\"@type\":\"ListItem\",\"position\":1,\"name\":\"Inicio\",\"item\":\"https:\\\/\\\/www.cetys.mx\\\/noticias\\\/\"},{\"@type\":\"ListItem\",\"position\":2,\"name\":\"Primera generaci\u00f3n de la Maestr\u00eda en Vitivinicultura y Negocios del Vino fortalece su formaci\u00f3n con semana presencial en Baja California\"}]},{\"@type\":\"WebSite\",\"@id\":\"https:\\\/\\\/www.cetys.mx\\\/noticias\\\/#website\",\"url\":\"https:\\\/\\\/www.cetys.mx\\\/noticias\\\/\",\"name\":\"CETYS\",\"description\":\"\",\"potentialAction\":[{\"@type\":\"SearchAction\",\"target\":{\"@type\":\"EntryPoint\",\"urlTemplate\":\"https:\\\/\\\/www.cetys.mx\\\/noticias\\\/?s={search_term_string}\"},\"query-input\":{\"@type\":\"PropertyValueSpecification\",\"valueRequired\":true,\"valueName\":\"search_term_string\"}}],\"inLanguage\":\"es\"},{\"@type\":\"Person\",\"@id\":\"https:\\\/\\\/www.cetys.mx\\\/noticias\\\/#\\\/schema\\\/person\\\/1a1a88c0b6586e66a2e9e88e07afc712\",\"name\":\"Campus Ensenada\",\"url\":\"https:\\\/\\\/www.cetys.mx\\\/noticias\\\/author\\\/campusensenada\\\/\"}]}<\/script>\n<!-- \/ Yoast SEO plugin. -->","yoast_head_json":{"title":"Primera generaci\u00f3n de la Maestr\u00eda en Vitivinicultura y Negocios del Vino fortalece su formaci\u00f3n con semana presencial en Baja California - CETYS","description":"Articulo sobre Primera generaci\u00f3n de la Maestr\u00eda en Vitivinicultura y Negocios del Vino fortalece su formaci\u00f3n con semana presencial en Baja California","robots":{"index":"index","follow":"follow","max-snippet":"max-snippet:-1","max-image-preview":"max-image-preview:large","max-video-preview":"max-video-preview:-1"},"canonical":"https:\/\/www.cetys.mx\/noticias\/226145-2\/","og_locale":"es_MX","og_type":"article","og_title":"Primera generaci\u00f3n de la Maestr\u00eda en Vitivinicultura y Negocios del Vino fortalece su formaci\u00f3n con semana presencial en Baja California - CETYS","og_description":"Articulo sobre Primera generaci\u00f3n de la Maestr\u00eda en Vitivinicultura y Negocios del Vino fortalece su formaci\u00f3n con semana presencial en Baja California","og_url":"https:\/\/www.cetys.mx\/noticias\/226145-2\/","og_site_name":"CETYS","article_publisher":"https:\/\/www.facebook.com\/cetysuniversidadmxl\/","article_published_time":"2026-09-01T19:21:10+00:00","article_modified_time":"2026-09-01T19:23:15+00:00","og_image":[{"width":1708,"height":1707,"url":"https:\/\/www.cetys.mx\/noticias\/wp-content\/uploads\/2026\/09\/Foto-1.jpg","type":"image\/jpeg"}],"author":"Campus Ensenada","twitter_card":"summary_large_image","twitter_creator":"@cetysuni","twitter_site":"@cetysuni","twitter_misc":{"Escrito por":"Campus Ensenada","Tiempo de lectura":"3 minutos"},"schema":{"@context":"https:\/\/schema.org","@graph":[{"@type":"Article","@id":"https:\/\/www.cetys.mx\/noticias\/226145-2\/#article","isPartOf":{"@id":"https:\/\/www.cetys.mx\/noticias\/226145-2\/"},"author":{"name":"Campus Ensenada","@id":"https:\/\/www.cetys.mx\/noticias\/#\/schema\/person\/1a1a88c0b6586e66a2e9e88e07afc712"},"headline":"Primera generaci\u00f3n de la Maestr\u00eda en Vitivinicultura y Negocios del Vino fortalece su formaci\u00f3n con semana presencial en Baja California","datePublished":"2026-09-01T19:21:10+00:00","dateModified":"2026-09-01T19:23:15+00:00","mainEntityOfPage":{"@id":"https:\/\/www.cetys.mx\/noticias\/226145-2\/"},"wordCount":627,"commentCount":0,"image":{"@id":"https:\/\/www.cetys.mx\/noticias\/226145-2\/#primaryimage"},"thumbnailUrl":"https:\/\/www.cetys.mx\/noticias\/wp-content\/uploads\/2026\/09\/Foto-1.jpg","keywords":["CEVIT","maestr\u00eda","Maestr\u00edaEnVitivinicultura","MaestriaEnVitiviniculturaYNegociosDelVino","NegociosDelVino"],"articleSection":["Campus Ensenada","CEVIT","Portada","VoCETYS"],"inLanguage":"es","potentialAction":[{"@type":"CommentAction","name":"Comment","target":["https:\/\/www.cetys.mx\/noticias\/226145-2\/#respond"]}]},{"@type":"WebPage","@id":"https:\/\/www.cetys.mx\/noticias\/226145-2\/","url":"https:\/\/www.cetys.mx\/noticias\/226145-2\/","name":"Primera generaci\u00f3n de la Maestr\u00eda en Vitivinicultura y Negocios del Vino fortalece su formaci\u00f3n con semana presencial en Baja California - CETYS","isPartOf":{"@id":"https:\/\/www.cetys.mx\/noticias\/#website"},"primaryImageOfPage":{"@id":"https:\/\/www.cetys.mx\/noticias\/226145-2\/#primaryimage"},"image":{"@id":"https:\/\/www.cetys.mx\/noticias\/226145-2\/#primaryimage"},"thumbnailUrl":"https:\/\/www.cetys.mx\/noticias\/wp-content\/uploads\/2026\/09\/Foto-1.jpg","datePublished":"2026-09-01T19:21:10+00:00","dateModified":"2026-09-01T19:23:15+00:00","author":{"@id":"https:\/\/www.cetys.mx\/noticias\/#\/schema\/person\/1a1a88c0b6586e66a2e9e88e07afc712"},"description":"Articulo sobre Primera generaci\u00f3n de la Maestr\u00eda en Vitivinicultura y Negocios del Vino fortalece su formaci\u00f3n con semana presencial en Baja California","breadcrumb":{"@id":"https:\/\/www.cetys.mx\/noticias\/226145-2\/#breadcrumb"},"inLanguage":"es","potentialAction":[{"@type":"ReadAction","target":["https:\/\/www.cetys.mx\/noticias\/226145-2\/"]}]},{"@type":"ImageObject","inLanguage":"es","@id":"https:\/\/www.cetys.mx\/noticias\/226145-2\/#primaryimage","url":"https:\/\/www.cetys.mx\/noticias\/wp-content\/uploads\/2026\/09\/Foto-1.jpg","contentUrl":"https:\/\/www.cetys.mx\/noticias\/wp-content\/uploads\/2026\/09\/Foto-1.jpg","width":1708,"height":1707,"caption":"Primera generaci\u00f3n de la Maestr\u00eda en Vitivinicultura y Negocios del Vino"},{"@type":"BreadcrumbList","@id":"https:\/\/www.cetys.mx\/noticias\/226145-2\/#breadcrumb","itemListElement":[{"@type":"ListItem","position":1,"name":"Inicio","item":"https:\/\/www.cetys.mx\/noticias\/"},{"@type":"ListItem","position":2,"name":"Primera generaci\u00f3n de la Maestr\u00eda en Vitivinicultura y Negocios del Vino fortalece su formaci\u00f3n con semana presencial en Baja California"}]},{"@type":"WebSite","@id":"https:\/\/www.cetys.mx\/noticias\/#website","url":"https:\/\/www.cetys.mx\/noticias\/","name":"CETYS","description":"","potentialAction":[{"@type":"SearchAction","target":{"@type":"EntryPoint","urlTemplate":"https:\/\/www.cetys.mx\/noticias\/?s={search_term_string}"},"query-input":{"@type":"PropertyValueSpecification","valueRequired":true,"valueName":"search_term_string"}}],"inLanguage":"es"},{"@type":"Person","@id":"https:\/\/www.cetys.mx\/noticias\/#\/schema\/person\/1a1a88c0b6586e66a2e9e88e07afc712","name":"Campus Ensenada","url":"https:\/\/www.cetys.mx\/noticias\/author\/campusensenada\/"}]}},"_links":{"self":[{"href":"https:\/\/www.cetys.mx\/noticias\/wp-json\/wp\/v2\/posts\/226145","targetHints":{"allow":["GET"]}}],"collection":[{"href":"https:\/\/www.cetys.mx\/noticias\/wp-json\/wp\/v2\/posts"}],"about":[{"href":"https:\/\/www.cetys.mx\/noticias\/wp-json\/wp\/v2\/types\/post"}],"author":[{"embeddable":true,"href":"https:\/\/www.cetys.mx\/noticias\/wp-json\/wp\/v2\/users\/23"}],"replies":[{"embeddable":true,"href":"https:\/\/www.cetys.mx\/noticias\/wp-json\/wp\/v2\/comments?post=226145"}],"version-history":[{"count":2,"href":"https:\/\/www.cetys.mx\/noticias\/wp-json\/wp\/v2\/posts\/226145\/revisions"}],"predecessor-version":[{"id":226153,"href":"https:\/\/www.cetys.mx\/noticias\/wp-json\/wp\/v2\/posts\/226145\/revisions\/226153"}],"wp:featuredmedia":[{"embeddable":true,"href":"https:\/\/www.cetys.mx\/noticias\/wp-json\/wp\/v2\/media\/226146"}],"wp:attachment":[{"href":"https:\/\/www.cetys.mx\/noticias\/wp-json\/wp\/v2\/media?parent=226145"}],"wp:term":[{"taxonomy":"category","embeddable":true,"href":"https:\/\/www.cetys.mx\/noticias\/wp-json\/wp\/v2\/categories?post=226145"},{"taxonomy":"post_tag","embeddable":true,"href":"https:\/\/www.cetys.mx\/noticias\/wp-json\/wp\/v2\/tags?post=226145"}],"curies":[{"name":"wp","href":"https:\/\/api.w.org\/{rel}","templated":true}]}}