{"id":226128,"date":"2026-09-01T10:34:36","date_gmt":"2026-09-01T17:34:36","guid":{"rendered":"https:\/\/www.cetys.mx\/noticias\/?p=226128"},"modified":"2026-09-01T10:48:20","modified_gmt":"2026-09-01T17:48:20","slug":"consul-general-de-estados-unidos-visita-cetys-universidad-y-refrenda-colaboracion-binacional","status":"publish","type":"post","link":"https:\/\/www.cetys.mx\/noticias\/consul-general-de-estados-unidos-visita-cetys-universidad-y-refrenda-colaboracion-binacional\/","title":{"rendered":"C\u00f3nsul General de Estados Unidos visita CETYS Universidad y refrenda colaboraci\u00f3n binacional"},"content":{"rendered":"<div dir=\"auto\">\n<p dir=\"auto\">Como parte del fortalecimiento de la relaci\u00f3n institucional entre CETYS Universidad y el Gobierno de los Estados Unidos, el\u00a0<b><a href=\"https:\/\/mx.usembassy.gov\/es\/visas-es\/u-s-embassy-mexico-city-es\/u-s-consulate-general-tijuana-es\/\">C\u00f3nsul General de Estados Unidos en Tijuana<\/a>, Lance Hegerle<\/b>, realiz\u00f3 una de sus primeras visitas a centros educativos de la regi\u00f3n, que en esta ocasi\u00f3n correspondi\u00f3 al Campus Tijuana, donde sostuvo una reuni\u00f3n con autoridades universitarias para conocer los principales proyectos de colaboraci\u00f3n que la instituci\u00f3n impulsa en la regi\u00f3n CaliBaja. Lo anterior se realiz\u00f3 como parte de su acercamiento con CETYS Universidad que incluy\u00f3 un recorrido por las instalaciones.<\/p>\n<p dir=\"auto\">Durante el encuentro se abordaron temas relacionados con educaci\u00f3n binacional, desarrollo de talento, innovaci\u00f3n, internacionalizaci\u00f3n y vinculaci\u00f3n con instituciones acad\u00e9micas, empresariales y gubernamentales de ambos lados de la frontera y reafirma una relaci\u00f3n de colaboraci\u00f3n de varias d\u00e9cadas, la cual se ha intensificado en los \u00faltimos a\u00f1os inform\u00f3 el Rector de CETYS, Dr. Fernando Le\u00f3n Garc\u00eda.<\/p>\n<p dir=\"auto\">Uno de los temas centrales fue el\u00a0<b>Centro de Innovaci\u00f3n CaliBaja (CIC)<\/b>, iniciativa desarrollada conjuntamente por CETYS y el Consulado General de Estados Unidos en Tijuana, concebida para fortalecer las capacidades tecnol\u00f3gicas de estudiantes y profesionistas y contribuir a la preparaci\u00f3n del talento que requiere una econom\u00eda cada vez m\u00e1s digital y competitiva.<\/p>\n\n            <style type='text\/css'>\n                #gallery-1 {\n                    margin: auto;\n                }\n                #gallery-1 .gallery-item {\n                    float: left;\n                    margin-top: 10px;\n                    text-align: center;\n                    width: 50%;\n                }\n                #gallery-1 img {\n                    border: 2px solid #cfcfcf;\n                }\n                #gallery-1 .gallery-caption {\n                    margin-left: 0;\n                }\n                \/* see gallery_shortcode() in wp-includes\/media.php *\/\n            <\/style>\n\t\t<div id='gallery-1' class='gallery galleryid-226128 gallery-columns-2 gallery-size-thumbnail'><dl class='gallery-item'>\n                <dt class='gallery-icon landscape'>\n                    <a href='https:\/\/www.cetys.mx\/noticias\/consul-general-de-estados-unidos-visita-cetys-universidad-y-refrenda-colaboracion-binacional\/cetys-mx-30\/'><img loading=\"lazy\" decoding=\"async\" width=\"128\" height=\"85\" src=\"https:\/\/www.cetys.mx\/noticias\/wp-content\/uploads\/2026\/09\/CETYS-MX-30.png\" class=\"attachment-thumbnail size-thumbnail\" alt=\"\" srcset=\"https:\/\/www.cetys.mx\/noticias\/wp-content\/uploads\/2026\/09\/CETYS-MX-30.png 958w, https:\/\/www.cetys.mx\/noticias\/wp-content\/uploads\/2026\/09\/CETYS-MX-30-768x511.png 768w\" sizes=\"auto, (max-width: 128px) 100vw, 128px\" \/><\/a>\n                <\/dt><\/dl><dl class='gallery-item'>\n                <dt class='gallery-icon landscape'>\n                    <a href='https:\/\/www.cetys.mx\/noticias\/consul-general-de-estados-unidos-visita-cetys-universidad-y-refrenda-colaboracion-binacional\/lance-hegerle-y-fernando-leon-garcia-2\/'><img loading=\"lazy\" decoding=\"async\" width=\"128\" height=\"85\" src=\"https:\/\/www.cetys.mx\/noticias\/wp-content\/uploads\/2026\/09\/Lance-Hegerle-y-Fernando-Leon-Garcia-2.png\" class=\"attachment-thumbnail size-thumbnail\" alt=\"\" srcset=\"https:\/\/www.cetys.mx\/noticias\/wp-content\/uploads\/2026\/09\/Lance-Hegerle-y-Fernando-Leon-Garcia-2.png 958w, https:\/\/www.cetys.mx\/noticias\/wp-content\/uploads\/2026\/09\/Lance-Hegerle-y-Fernando-Leon-Garcia-2-768x511.png 768w\" sizes=\"auto, (max-width: 128px) 100vw, 128px\" \/><\/a>\n                <\/dt><\/dl><br style=\"clear: both\" \/><dl class='gallery-item'>\n                <dt class='gallery-icon landscape'>\n                    <a href='https:\/\/www.cetys.mx\/noticias\/consul-general-de-estados-unidos-visita-cetys-universidad-y-refrenda-colaboracion-binacional\/lance-hegerle-consul-gral-de-eu-en-tijuana-conoce-cetys-3\/'><img loading=\"lazy\" decoding=\"async\" width=\"128\" height=\"85\" src=\"https:\/\/www.cetys.mx\/noticias\/wp-content\/uploads\/2026\/09\/Lance-Hegerle-Consul-Gral.-de-EU-en-Tijuana-conoce-CETYS-3.png\" class=\"attachment-thumbnail size-thumbnail\" alt=\"\" srcset=\"https:\/\/www.cetys.mx\/noticias\/wp-content\/uploads\/2026\/09\/Lance-Hegerle-Consul-Gral.-de-EU-en-Tijuana-conoce-CETYS-3.png 958w, https:\/\/www.cetys.mx\/noticias\/wp-content\/uploads\/2026\/09\/Lance-Hegerle-Consul-Gral.-de-EU-en-Tijuana-conoce-CETYS-3-768x511.png 768w\" sizes=\"auto, (max-width: 128px) 100vw, 128px\" \/><\/a>\n                <\/dt><\/dl><dl class='gallery-item'>\n                <dt class='gallery-icon landscape'>\n                    <a href='https:\/\/www.cetys.mx\/noticias\/consul-general-de-estados-unidos-visita-cetys-universidad-y-refrenda-colaboracion-binacional\/lance-hegerle-consul-gral-de-eu-en-tijuana-conoce-cetys-2\/'><img loading=\"lazy\" decoding=\"async\" width=\"128\" height=\"85\" src=\"https:\/\/www.cetys.mx\/noticias\/wp-content\/uploads\/2026\/09\/Lance-Hegerle-Consul-Gral.-de-EU-en-Tijuana-conoce-CETYS-2.png\" class=\"attachment-thumbnail size-thumbnail\" alt=\"\" srcset=\"https:\/\/www.cetys.mx\/noticias\/wp-content\/uploads\/2026\/09\/Lance-Hegerle-Consul-Gral.-de-EU-en-Tijuana-conoce-CETYS-2.png 958w, https:\/\/www.cetys.mx\/noticias\/wp-content\/uploads\/2026\/09\/Lance-Hegerle-Consul-Gral.-de-EU-en-Tijuana-conoce-CETYS-2-768x511.png 768w\" sizes=\"auto, (max-width: 128px) 100vw, 128px\" \/><\/a>\n                <\/dt><\/dl><br style=\"clear: both\" \/>\n            <\/div>\n\n<p>En el marco de la reuni\u00f3n, el C\u00f3nsul Hegerle entreg\u00f3 al\u00a0<b>Rector de CETYS Universidad, Dr. Fernando Le\u00f3n Garc\u00eda<\/b>, una carta del\u00a0<b><a href=\"https:\/\/youtu.be\/0HzVnYJjMok?si=nnhY7i48bnW0f-CW&amp;t=33\">Embajador de los Estados Unidos en M\u00e9xico<\/a>, Ronald D. Johnson<\/b>, en la que reconoce el liderazgo de la instituci\u00f3n y su participaci\u00f3n en la creaci\u00f3n del CIC y del nuevo\u00a0<b>American Space<\/b>.<\/p>\n<p dir=\"auto\">En la misiva, fechada el 30 de junio de 2026, el Embajador agradece al Rector su apoyo y liderazgo para hacer realidad ambos proyectos y destaca que el American Space representa mucho m\u00e1s que un espacio f\u00edsico: constituye un s\u00edmbolo de la relaci\u00f3n duradera entre M\u00e9xico y Estados Unidos y una inversi\u00f3n concreta en las personas y las industrias de la regi\u00f3n binacional. Asimismo, reconoce el respaldo institucional de CETYS y el trabajo del equipo que hizo posible la iniciativa.<\/p>\n<p dir=\"auto\">La reuni\u00f3n permiti\u00f3 presentar adem\u00e1s al nuevo C\u00f3nsul algunas de las principales iniciativas internacionales de CETYS, entre ellas el<a href=\"https:\/\/calibaja-chec.org\/\">\u00a0<\/a><b><a href=\"https:\/\/www.cetys.mx\/cic\/\">CaliBaja Higher Education Consortium<\/a> (CHEC)<\/b>, las alianzas con universidades de California, programas conjuntos de formaci\u00f3n y doble titulaci\u00f3n, proyectos vinculados con semiconductores y nearshoring, as\u00ed como el trabajo realizado con organismos estadounidenses en educaci\u00f3n, liderazgo e intercambio acad\u00e9mico, evento que cont\u00f3 con la presencia de directivos de la instituci\u00f3n.<\/p>\n\n            <style type='text\/css'>\n                #gallery-2 {\n                    margin: auto;\n                }\n                #gallery-2 .gallery-item {\n                    float: left;\n                    margin-top: 10px;\n                    text-align: center;\n                    width: 50%;\n                }\n                #gallery-2 img {\n                    border: 2px solid #cfcfcf;\n                }\n                #gallery-2 .gallery-caption {\n                    margin-left: 0;\n                }\n                \/* see gallery_shortcode() in wp-includes\/media.php *\/\n            <\/style>\n\t\t<div id='gallery-2' class='gallery galleryid-226128 gallery-columns-2 gallery-size-medium'><dl class='gallery-item'>\n                <dt class='gallery-icon landscape'>\n                    <a href='https:\/\/www.cetys.mx\/noticias\/consul-general-de-estados-unidos-visita-cetys-universidad-y-refrenda-colaboracion-binacional\/lance-hegerle-y-fernando-leon-garcia-2\/'><img loading=\"lazy\" decoding=\"async\" width=\"958\" height=\"637\" src=\"https:\/\/www.cetys.mx\/noticias\/wp-content\/uploads\/2026\/09\/Lance-Hegerle-y-Fernando-Leon-Garcia-2.png\" class=\"attachment-medium size-medium\" alt=\"\" srcset=\"https:\/\/www.cetys.mx\/noticias\/wp-content\/uploads\/2026\/09\/Lance-Hegerle-y-Fernando-Leon-Garcia-2.png 958w, https:\/\/www.cetys.mx\/noticias\/wp-content\/uploads\/2026\/09\/Lance-Hegerle-y-Fernando-Leon-Garcia-2-768x511.png 768w\" sizes=\"auto, (max-width: 958px) 100vw, 958px\" \/><\/a>\n                <\/dt><\/dl><dl class='gallery-item'>\n                <dt class='gallery-icon landscape'>\n                    <a href='https:\/\/www.cetys.mx\/noticias\/consul-general-de-estados-unidos-visita-cetys-universidad-y-refrenda-colaboracion-binacional\/lance-hegerle-con-comitiva-de-cetys-universidad\/'><img loading=\"lazy\" decoding=\"async\" width=\"958\" height=\"637\" src=\"https:\/\/www.cetys.mx\/noticias\/wp-content\/uploads\/2026\/09\/Lance-Hegerle-con-comitiva-de-CETYS-Universidad.png\" class=\"attachment-medium size-medium\" alt=\"\" srcset=\"https:\/\/www.cetys.mx\/noticias\/wp-content\/uploads\/2026\/09\/Lance-Hegerle-con-comitiva-de-CETYS-Universidad.png 958w, https:\/\/www.cetys.mx\/noticias\/wp-content\/uploads\/2026\/09\/Lance-Hegerle-con-comitiva-de-CETYS-Universidad-768x511.png 768w\" sizes=\"auto, (max-width: 958px) 100vw, 958px\" \/><\/a>\n                <\/dt><\/dl><br style=\"clear: both\" \/>\n            <\/div>\n\n<p dir=\"auto\">La visita reafirma una relaci\u00f3n de colaboraci\u00f3n que durante los \u00faltimos a\u00f1os ha permitido desarrollar proyectos conjuntos entre CETYS, la Embajada y el Consulado de Estados Unidos, orientados a aprovechar las caracter\u00edsticas \u00fanicas de la regi\u00f3n fronteriza y generar mayores oportunidades educativas, profesionales y de innovaci\u00f3n para las comunidades de M\u00e9xico y Estados Unidos.<\/p>\n<\/div>\n","protected":false},"excerpt":{"rendered":"<p>Como parte del fortalecimiento de la relaci\u00f3n institucional entre CETYS Universidad y el Gobierno de los Estados Unidos, el\u00a0C\u00f3nsul General de Estados&#8230;<\/p>\n","protected":false},"author":24,"featured_media":226131,"comment_status":"open","ping_status":"closed","sticky":false,"template":"","format":"standard","meta":{"footnotes":""},"categories":[134,125],"tags":[328,204,221,275],"class_list":["post-226128","post","type-post","status-publish","format-standard","has-post-thumbnail","hentry","category-campus-tijuana","category-portada","tag-campustijuana","tag-cetysuniversidad","tag-internacional","tag-vinculacion"],"yoast_head":"<!-- This site is optimized with the Yoast SEO plugin v28.1 - https:\/\/yoast.com\/product\/yoast-seo-wordpress\/ -->\n<title>C\u00f3nsul General de Estados Unidos visita CETYS Universidad y refrenda colaboraci\u00f3n binacional - CETYS<\/title>\n<meta name=\"description\" content=\"Articulo sobre C\u00f3nsul General de Estados Unidos visita CETYS Universidad y refrenda colaboraci\u00f3n binacional\" \/>\n<meta name=\"robots\" content=\"index, follow, max-snippet:-1, max-image-preview:large, max-video-preview:-1\" \/>\n<link rel=\"canonical\" href=\"https:\/\/www.cetys.mx\/noticias\/consul-general-de-estados-unidos-visita-cetys-universidad-y-refrenda-colaboracion-binacional\/\" \/>\n<meta property=\"og:locale\" content=\"es_MX\" \/>\n<meta property=\"og:type\" content=\"article\" \/>\n<meta property=\"og:title\" content=\"C\u00f3nsul General de Estados Unidos visita CETYS Universidad y refrenda colaboraci\u00f3n binacional - CETYS\" \/>\n<meta property=\"og:description\" content=\"Articulo sobre C\u00f3nsul General de Estados Unidos visita CETYS Universidad y refrenda colaboraci\u00f3n binacional\" \/>\n<meta property=\"og:url\" content=\"https:\/\/www.cetys.mx\/noticias\/consul-general-de-estados-unidos-visita-cetys-universidad-y-refrenda-colaboracion-binacional\/\" \/>\n<meta property=\"og:site_name\" content=\"CETYS\" \/>\n<meta property=\"article:publisher\" content=\"https:\/\/www.facebook.com\/cetysuniversidadmxl\/\" \/>\n<meta property=\"article:published_time\" content=\"2026-09-01T17:34:36+00:00\" \/>\n<meta property=\"article:modified_time\" content=\"2026-09-01T17:48:20+00:00\" \/>\n<meta property=\"og:image\" content=\"https:\/\/www.cetys.mx\/noticias\/wp-content\/uploads\/2026\/09\/Lance-Hegerle-Consul-Gral.-de-EU-en-Tijuana-conoce-CETYS.png\" \/>\n\t<meta property=\"og:image:width\" content=\"958\" \/>\n\t<meta property=\"og:image:height\" content=\"637\" \/>\n\t<meta property=\"og:image:type\" content=\"image\/png\" \/>\n<meta name=\"author\" content=\"Campus Tijuana\" \/>\n<meta name=\"twitter:card\" content=\"summary_large_image\" \/>\n<meta name=\"twitter:creator\" content=\"@cetysuni\" \/>\n<meta name=\"twitter:site\" content=\"@cetysuni\" \/>\n<meta name=\"twitter:label1\" content=\"Escrito por\" \/>\n\t<meta name=\"twitter:data1\" content=\"Campus Tijuana\" \/>\n\t<meta name=\"twitter:label2\" content=\"Tiempo de lectura\" \/>\n\t<meta name=\"twitter:data2\" content=\"3 minutos\" \/>\n<script type=\"application\/ld+json\" class=\"yoast-schema-graph\">{\"@context\":\"https:\\\/\\\/schema.org\",\"@graph\":[{\"@type\":\"Article\",\"@id\":\"https:\\\/\\\/www.cetys.mx\\\/noticias\\\/consul-general-de-estados-unidos-visita-cetys-universidad-y-refrenda-colaboracion-binacional\\\/#article\",\"isPartOf\":{\"@id\":\"https:\\\/\\\/www.cetys.mx\\\/noticias\\\/consul-general-de-estados-unidos-visita-cetys-universidad-y-refrenda-colaboracion-binacional\\\/\"},\"author\":{\"name\":\"Campus Tijuana\",\"@id\":\"https:\\\/\\\/www.cetys.mx\\\/noticias\\\/#\\\/schema\\\/person\\\/e790051ce60e18ae47cfa87011c8653f\"},\"headline\":\"C\u00f3nsul General de Estados Unidos visita CETYS Universidad y refrenda colaboraci\u00f3n binacional\",\"datePublished\":\"2026-09-01T17:34:36+00:00\",\"dateModified\":\"2026-09-01T17:48:20+00:00\",\"mainEntityOfPage\":{\"@id\":\"https:\\\/\\\/www.cetys.mx\\\/noticias\\\/consul-general-de-estados-unidos-visita-cetys-universidad-y-refrenda-colaboracion-binacional\\\/\"},\"wordCount\":528,\"commentCount\":0,\"image\":{\"@id\":\"https:\\\/\\\/www.cetys.mx\\\/noticias\\\/consul-general-de-estados-unidos-visita-cetys-universidad-y-refrenda-colaboracion-binacional\\\/#primaryimage\"},\"thumbnailUrl\":\"https:\\\/\\\/www.cetys.mx\\\/noticias\\\/wp-content\\\/uploads\\\/2026\\\/09\\\/Lance-Hegerle-Consul-Gral.-de-EU-en-Tijuana-conoce-CETYS.png\",\"keywords\":[\"campustijuana\",\"cetysuniversidad\",\"internacional\",\"Vinculacion\"],\"articleSection\":[\"Campus Tijuana\",\"Portada\"],\"inLanguage\":\"es\",\"potentialAction\":[{\"@type\":\"CommentAction\",\"name\":\"Comment\",\"target\":[\"https:\\\/\\\/www.cetys.mx\\\/noticias\\\/consul-general-de-estados-unidos-visita-cetys-universidad-y-refrenda-colaboracion-binacional\\\/#respond\"]}]},{\"@type\":\"WebPage\",\"@id\":\"https:\\\/\\\/www.cetys.mx\\\/noticias\\\/consul-general-de-estados-unidos-visita-cetys-universidad-y-refrenda-colaboracion-binacional\\\/\",\"url\":\"https:\\\/\\\/www.cetys.mx\\\/noticias\\\/consul-general-de-estados-unidos-visita-cetys-universidad-y-refrenda-colaboracion-binacional\\\/\",\"name\":\"C\u00f3nsul General de Estados Unidos visita CETYS Universidad y refrenda colaboraci\u00f3n binacional - CETYS\",\"isPartOf\":{\"@id\":\"https:\\\/\\\/www.cetys.mx\\\/noticias\\\/#website\"},\"primaryImageOfPage\":{\"@id\":\"https:\\\/\\\/www.cetys.mx\\\/noticias\\\/consul-general-de-estados-unidos-visita-cetys-universidad-y-refrenda-colaboracion-binacional\\\/#primaryimage\"},\"image\":{\"@id\":\"https:\\\/\\\/www.cetys.mx\\\/noticias\\\/consul-general-de-estados-unidos-visita-cetys-universidad-y-refrenda-colaboracion-binacional\\\/#primaryimage\"},\"thumbnailUrl\":\"https:\\\/\\\/www.cetys.mx\\\/noticias\\\/wp-content\\\/uploads\\\/2026\\\/09\\\/Lance-Hegerle-Consul-Gral.-de-EU-en-Tijuana-conoce-CETYS.png\",\"datePublished\":\"2026-09-01T17:34:36+00:00\",\"dateModified\":\"2026-09-01T17:48:20+00:00\",\"author\":{\"@id\":\"https:\\\/\\\/www.cetys.mx\\\/noticias\\\/#\\\/schema\\\/person\\\/e790051ce60e18ae47cfa87011c8653f\"},\"description\":\"Articulo sobre C\u00f3nsul General de Estados Unidos visita CETYS Universidad y refrenda colaboraci\u00f3n binacional\",\"breadcrumb\":{\"@id\":\"https:\\\/\\\/www.cetys.mx\\\/noticias\\\/consul-general-de-estados-unidos-visita-cetys-universidad-y-refrenda-colaboracion-binacional\\\/#breadcrumb\"},\"inLanguage\":\"es\",\"potentialAction\":[{\"@type\":\"ReadAction\",\"target\":[\"https:\\\/\\\/www.cetys.mx\\\/noticias\\\/consul-general-de-estados-unidos-visita-cetys-universidad-y-refrenda-colaboracion-binacional\\\/\"]}]},{\"@type\":\"ImageObject\",\"inLanguage\":\"es\",\"@id\":\"https:\\\/\\\/www.cetys.mx\\\/noticias\\\/consul-general-de-estados-unidos-visita-cetys-universidad-y-refrenda-colaboracion-binacional\\\/#primaryimage\",\"url\":\"https:\\\/\\\/www.cetys.mx\\\/noticias\\\/wp-content\\\/uploads\\\/2026\\\/09\\\/Lance-Hegerle-Consul-Gral.-de-EU-en-Tijuana-conoce-CETYS.png\",\"contentUrl\":\"https:\\\/\\\/www.cetys.mx\\\/noticias\\\/wp-content\\\/uploads\\\/2026\\\/09\\\/Lance-Hegerle-Consul-Gral.-de-EU-en-Tijuana-conoce-CETYS.png\",\"width\":958,\"height\":637},{\"@type\":\"BreadcrumbList\",\"@id\":\"https:\\\/\\\/www.cetys.mx\\\/noticias\\\/consul-general-de-estados-unidos-visita-cetys-universidad-y-refrenda-colaboracion-binacional\\\/#breadcrumb\",\"itemListElement\":[{\"@type\":\"ListItem\",\"position\":1,\"name\":\"Inicio\",\"item\":\"https:\\\/\\\/www.cetys.mx\\\/noticias\\\/\"},{\"@type\":\"ListItem\",\"position\":2,\"name\":\"C\u00f3nsul General de Estados Unidos visita CETYS Universidad y refrenda colaboraci\u00f3n binacional\"}]},{\"@type\":\"WebSite\",\"@id\":\"https:\\\/\\\/www.cetys.mx\\\/noticias\\\/#website\",\"url\":\"https:\\\/\\\/www.cetys.mx\\\/noticias\\\/\",\"name\":\"CETYS\",\"description\":\"\",\"potentialAction\":[{\"@type\":\"SearchAction\",\"target\":{\"@type\":\"EntryPoint\",\"urlTemplate\":\"https:\\\/\\\/www.cetys.mx\\\/noticias\\\/?s={search_term_string}\"},\"query-input\":{\"@type\":\"PropertyValueSpecification\",\"valueRequired\":true,\"valueName\":\"search_term_string\"}}],\"inLanguage\":\"es\"},{\"@type\":\"Person\",\"@id\":\"https:\\\/\\\/www.cetys.mx\\\/noticias\\\/#\\\/schema\\\/person\\\/e790051ce60e18ae47cfa87011c8653f\",\"name\":\"Campus Tijuana\",\"url\":\"https:\\\/\\\/www.cetys.mx\\\/noticias\\\/author\\\/campustijuana\\\/\"}]}<\/script>\n<!-- \/ Yoast SEO plugin. -->","yoast_head_json":{"title":"C\u00f3nsul General de Estados Unidos visita CETYS Universidad y refrenda colaboraci\u00f3n binacional - CETYS","description":"Articulo sobre C\u00f3nsul General de Estados Unidos visita CETYS Universidad y refrenda colaboraci\u00f3n binacional","robots":{"index":"index","follow":"follow","max-snippet":"max-snippet:-1","max-image-preview":"max-image-preview:large","max-video-preview":"max-video-preview:-1"},"canonical":"https:\/\/www.cetys.mx\/noticias\/consul-general-de-estados-unidos-visita-cetys-universidad-y-refrenda-colaboracion-binacional\/","og_locale":"es_MX","og_type":"article","og_title":"C\u00f3nsul General de Estados Unidos visita CETYS Universidad y refrenda colaboraci\u00f3n binacional - CETYS","og_description":"Articulo sobre C\u00f3nsul General de Estados Unidos visita CETYS Universidad y refrenda colaboraci\u00f3n binacional","og_url":"https:\/\/www.cetys.mx\/noticias\/consul-general-de-estados-unidos-visita-cetys-universidad-y-refrenda-colaboracion-binacional\/","og_site_name":"CETYS","article_publisher":"https:\/\/www.facebook.com\/cetysuniversidadmxl\/","article_published_time":"2026-09-01T17:34:36+00:00","article_modified_time":"2026-09-01T17:48:20+00:00","og_image":[{"width":958,"height":637,"url":"https:\/\/www.cetys.mx\/noticias\/wp-content\/uploads\/2026\/09\/Lance-Hegerle-Consul-Gral.-de-EU-en-Tijuana-conoce-CETYS.png","type":"image\/png"}],"author":"Campus Tijuana","twitter_card":"summary_large_image","twitter_creator":"@cetysuni","twitter_site":"@cetysuni","twitter_misc":{"Escrito por":"Campus Tijuana","Tiempo de lectura":"3 minutos"},"schema":{"@context":"https:\/\/schema.org","@graph":[{"@type":"Article","@id":"https:\/\/www.cetys.mx\/noticias\/consul-general-de-estados-unidos-visita-cetys-universidad-y-refrenda-colaboracion-binacional\/#article","isPartOf":{"@id":"https:\/\/www.cetys.mx\/noticias\/consul-general-de-estados-unidos-visita-cetys-universidad-y-refrenda-colaboracion-binacional\/"},"author":{"name":"Campus Tijuana","@id":"https:\/\/www.cetys.mx\/noticias\/#\/schema\/person\/e790051ce60e18ae47cfa87011c8653f"},"headline":"C\u00f3nsul General de Estados Unidos visita CETYS Universidad y refrenda colaboraci\u00f3n binacional","datePublished":"2026-09-01T17:34:36+00:00","dateModified":"2026-09-01T17:48:20+00:00","mainEntityOfPage":{"@id":"https:\/\/www.cetys.mx\/noticias\/consul-general-de-estados-unidos-visita-cetys-universidad-y-refrenda-colaboracion-binacional\/"},"wordCount":528,"commentCount":0,"image":{"@id":"https:\/\/www.cetys.mx\/noticias\/consul-general-de-estados-unidos-visita-cetys-universidad-y-refrenda-colaboracion-binacional\/#primaryimage"},"thumbnailUrl":"https:\/\/www.cetys.mx\/noticias\/wp-content\/uploads\/2026\/09\/Lance-Hegerle-Consul-Gral.-de-EU-en-Tijuana-conoce-CETYS.png","keywords":["campustijuana","cetysuniversidad","internacional","Vinculacion"],"articleSection":["Campus Tijuana","Portada"],"inLanguage":"es","potentialAction":[{"@type":"CommentAction","name":"Comment","target":["https:\/\/www.cetys.mx\/noticias\/consul-general-de-estados-unidos-visita-cetys-universidad-y-refrenda-colaboracion-binacional\/#respond"]}]},{"@type":"WebPage","@id":"https:\/\/www.cetys.mx\/noticias\/consul-general-de-estados-unidos-visita-cetys-universidad-y-refrenda-colaboracion-binacional\/","url":"https:\/\/www.cetys.mx\/noticias\/consul-general-de-estados-unidos-visita-cetys-universidad-y-refrenda-colaboracion-binacional\/","name":"C\u00f3nsul General de Estados Unidos visita CETYS Universidad y refrenda colaboraci\u00f3n binacional - CETYS","isPartOf":{"@id":"https:\/\/www.cetys.mx\/noticias\/#website"},"primaryImageOfPage":{"@id":"https:\/\/www.cetys.mx\/noticias\/consul-general-de-estados-unidos-visita-cetys-universidad-y-refrenda-colaboracion-binacional\/#primaryimage"},"image":{"@id":"https:\/\/www.cetys.mx\/noticias\/consul-general-de-estados-unidos-visita-cetys-universidad-y-refrenda-colaboracion-binacional\/#primaryimage"},"thumbnailUrl":"https:\/\/www.cetys.mx\/noticias\/wp-content\/uploads\/2026\/09\/Lance-Hegerle-Consul-Gral.-de-EU-en-Tijuana-conoce-CETYS.png","datePublished":"2026-09-01T17:34:36+00:00","dateModified":"2026-09-01T17:48:20+00:00","author":{"@id":"https:\/\/www.cetys.mx\/noticias\/#\/schema\/person\/e790051ce60e18ae47cfa87011c8653f"},"description":"Articulo sobre C\u00f3nsul General de Estados Unidos visita CETYS Universidad y refrenda colaboraci\u00f3n binacional","breadcrumb":{"@id":"https:\/\/www.cetys.mx\/noticias\/consul-general-de-estados-unidos-visita-cetys-universidad-y-refrenda-colaboracion-binacional\/#breadcrumb"},"inLanguage":"es","potentialAction":[{"@type":"ReadAction","target":["https:\/\/www.cetys.mx\/noticias\/consul-general-de-estados-unidos-visita-cetys-universidad-y-refrenda-colaboracion-binacional\/"]}]},{"@type":"ImageObject","inLanguage":"es","@id":"https:\/\/www.cetys.mx\/noticias\/consul-general-de-estados-unidos-visita-cetys-universidad-y-refrenda-colaboracion-binacional\/#primaryimage","url":"https:\/\/www.cetys.mx\/noticias\/wp-content\/uploads\/2026\/09\/Lance-Hegerle-Consul-Gral.-de-EU-en-Tijuana-conoce-CETYS.png","contentUrl":"https:\/\/www.cetys.mx\/noticias\/wp-content\/uploads\/2026\/09\/Lance-Hegerle-Consul-Gral.-de-EU-en-Tijuana-conoce-CETYS.png","width":958,"height":637},{"@type":"BreadcrumbList","@id":"https:\/\/www.cetys.mx\/noticias\/consul-general-de-estados-unidos-visita-cetys-universidad-y-refrenda-colaboracion-binacional\/#breadcrumb","itemListElement":[{"@type":"ListItem","position":1,"name":"Inicio","item":"https:\/\/www.cetys.mx\/noticias\/"},{"@type":"ListItem","position":2,"name":"C\u00f3nsul General de Estados Unidos visita CETYS Universidad y refrenda colaboraci\u00f3n binacional"}]},{"@type":"WebSite","@id":"https:\/\/www.cetys.mx\/noticias\/#website","url":"https:\/\/www.cetys.mx\/noticias\/","name":"CETYS","description":"","potentialAction":[{"@type":"SearchAction","target":{"@type":"EntryPoint","urlTemplate":"https:\/\/www.cetys.mx\/noticias\/?s={search_term_string}"},"query-input":{"@type":"PropertyValueSpecification","valueRequired":true,"valueName":"search_term_string"}}],"inLanguage":"es"},{"@type":"Person","@id":"https:\/\/www.cetys.mx\/noticias\/#\/schema\/person\/e790051ce60e18ae47cfa87011c8653f","name":"Campus Tijuana","url":"https:\/\/www.cetys.mx\/noticias\/author\/campustijuana\/"}]}},"_links":{"self":[{"href":"https:\/\/www.cetys.mx\/noticias\/wp-json\/wp\/v2\/posts\/226128","targetHints":{"allow":["GET"]}}],"collection":[{"href":"https:\/\/www.cetys.mx\/noticias\/wp-json\/wp\/v2\/posts"}],"about":[{"href":"https:\/\/www.cetys.mx\/noticias\/wp-json\/wp\/v2\/types\/post"}],"author":[{"embeddable":true,"href":"https:\/\/www.cetys.mx\/noticias\/wp-json\/wp\/v2\/users\/24"}],"replies":[{"embeddable":true,"href":"https:\/\/www.cetys.mx\/noticias\/wp-json\/wp\/v2\/comments?post=226128"}],"version-history":[{"count":3,"href":"https:\/\/www.cetys.mx\/noticias\/wp-json\/wp\/v2\/posts\/226128\/revisions"}],"predecessor-version":[{"id":226142,"href":"https:\/\/www.cetys.mx\/noticias\/wp-json\/wp\/v2\/posts\/226128\/revisions\/226142"}],"wp:featuredmedia":[{"embeddable":true,"href":"https:\/\/www.cetys.mx\/noticias\/wp-json\/wp\/v2\/media\/226131"}],"wp:attachment":[{"href":"https:\/\/www.cetys.mx\/noticias\/wp-json\/wp\/v2\/media?parent=226128"}],"wp:term":[{"taxonomy":"category","embeddable":true,"href":"https:\/\/www.cetys.mx\/noticias\/wp-json\/wp\/v2\/categories?post=226128"},{"taxonomy":"post_tag","embeddable":true,"href":"https:\/\/www.cetys.mx\/noticias\/wp-json\/wp\/v2\/tags?post=226128"}],"curies":[{"name":"wp","href":"https:\/\/api.w.org\/{rel}","templated":true}]}}