{"id":222302,"date":"2026-04-30T10:41:01","date_gmt":"2026-04-30T17:41:01","guid":{"rendered":"https:\/\/www.cetys.mx\/noticias\/?p=222302"},"modified":"2026-04-30T10:56:53","modified_gmt":"2026-04-30T17:56:53","slug":"cetys-fortalece-su-liderazgo-educativo-en-uno-de-los-foros-globales-mas-influyentes-asugsv-summit-2026","status":"publish","type":"post","link":"https:\/\/www.cetys.mx\/noticias\/cetys-fortalece-su-liderazgo-educativo-en-uno-de-los-foros-globales-mas-influyentes-asugsv-summit-2026\/","title":{"rendered":"CETYS fortalece su liderazgo educativo en uno de los foros globales m\u00e1s influyentes: ASU+GSV Summit 2026"},"content":{"rendered":"<p><span style=\"font-weight: 400;\">Directivos de CETYS Universidad participaron en el ASU+GSV Summit 2026, uno de los encuentros m\u00e1s influyentes a nivel mundial en educaci\u00f3n, tecnolog\u00eda y desarrollo de talento. Este foro, organizado por Global Silicon Valley (GSV) en colaboraci\u00f3n con Arizona State University (ASU), re\u00fane a l\u00edderes globales para analizar las tendencias que est\u00e1n redefiniendo el futuro del aprendizaje.<\/span><\/p>\n<p><span style=\"font-weight: 400;\">En representaci\u00f3n de CETYS Universidad asistieron el Dr. Alberto G\u00e1rate Rivera, Vicerrector Acad\u00e9mico; la Mtra. Jessica Ibarra Ramonet, Vicerrectora de Desarrollo y Experiencia Estudiantil; y la Dra. Luc\u00eda Beltr\u00e1n Rocha, Directora de I-Campus, quienes desarrollaron una agenda enfocada en la vinculaci\u00f3n estrat\u00e9gica, el intercambio acad\u00e9mico y la identificaci\u00f3n de oportunidades de colaboraci\u00f3n internacional.<\/span><\/p>\n<p><span style=\"font-weight: 400;\">Durante tres d\u00edas, el Summit congreg\u00f3 a m\u00e1s de 7 mil l\u00edderes de instituciones educativas, empresas EdTech, inversionistas y responsables de pol\u00edticas p\u00fablicas, quienes intercambiaron ideas, experiencias y soluciones frente a los desaf\u00edos actuales y las oportunidades emergentes del sector.<\/span><\/p>\n<p><span style=\"font-weight: 400;\">El Dr G\u00e1rate Rivera, se\u00f1al\u00f3 que un evento de esta naturaleza, adem\u00e1s de permitir el coincidir en los pasillos y en las salas de trabajo con diversos colegas y l\u00edderes de la educaci\u00f3n en el \u00e1mbito internacional, genera una reflexi\u00f3n sobre lo que est\u00e1 aconteciendo en las universidades de nuestros d\u00edas. \u201cDisrupci\u00f3n y cambio con la inteligencia artificial como com\u00fan denominador, es el escenario que hay que analizar para tomar decisiones sobre d\u00f3nde queremos ver a la Universidad en los pr\u00f3ximos lustros\u201d, subray\u00f3.<\/span><\/p>\n<p><span style=\"font-weight: 400;\">Por su parte la Dra. Beltr\u00e1n Rocha, Directora de I-Campus destac\u00f3 que uno de los ejes centrales del encuentro fue el impacto de la inteligencia artificial en la educaci\u00f3n \u201cel evento estuvo claramente marcado por la manera en que la IA est\u00e1 transformando la educaci\u00f3n, la empleabilidad y el desarrollo de habilidades. Se reiter\u00f3 la necesidad de transitar de la ense\u00f1anza de contenidos est\u00e1ticos hacia el desarrollo de capacidades duraderas, como la alfabetizaci\u00f3n en IA, el pensamiento cr\u00edtico, la resoluci\u00f3n de problemas y las habilidades humanas, as\u00ed como el fortalecimiento de experiencias vinculadas al entorno laboral real\u201d.<\/span><\/p>\n<p><span style=\"font-weight: 400;\">La agenda del Summit incluy\u00f3 sesiones plenarias, conferencias magistrales, espacios de networking y experiencias inmersivas. Bajo el concepto de \u201cfusion\u201d, se promovi\u00f3 la convergencia entre tecnolog\u00eda, talento humano y colaboraci\u00f3n global como eje para impulsar nuevas formas de aprendizaje y desarrollo profesional a lo largo de la vida.<\/span><\/p>\n<p><span style=\"font-weight: 400;\">La participaci\u00f3n de CETYS Universidad en este foro internacional refrenda su compromiso con la innovaci\u00f3n acad\u00e9mica, la vinculaci\u00f3n global y la formaci\u00f3n de l\u00edderes capaces de transformar su entorno, en sinton\u00eda con las tendencias que est\u00e1n marcando el presente y el futuro de la educaci\u00f3n superior.<\/span><\/p>\n<div class=\"gallery-slider-wrapper gallery-1\">\n                        <div class=\"gallery-slider\" itemscope itemtype=\"http:\/\/schema.org\/ImageGallery\"><figure class=\"slide\" itemprop=\"associatedMedia\" itemscope itemtype=\"http:\/\/schema.org\/ImageObject\">\n                    <a itemprop=\"contentUrl\" href=\"https:\/\/www.cetys.mx\/noticias\/wp-content\/uploads\/2026\/04\/image3.jpeg\">\n                        <img decoding=\"async\" itemprop=\"thumbnail\" class=\"lazyOwl\" src=\"https:\/\/www.cetys.mx\/noticias\/wp-content\/plugins\/jmagz-plugin\/assets\/placeholder\/900x450.png\" data-src=\"https:\/\/www.cetys.mx\/noticias\/wp-content\/uploads\/2026\/04\/image3.jpeg\" alt=\"image3\">\n                    <\/a>\n                    <figcaption itemprop=\"caption description\" class=\"slide-caption\">\n                        \n                    <\/figcaption>\n                <\/figure><figure class=\"slide\" itemprop=\"associatedMedia\" itemscope itemtype=\"http:\/\/schema.org\/ImageObject\">\n                    <a itemprop=\"contentUrl\" href=\"https:\/\/www.cetys.mx\/noticias\/wp-content\/uploads\/2026\/04\/image2.jpeg\">\n                        <img decoding=\"async\" itemprop=\"thumbnail\" class=\"lazyOwl\" src=\"https:\/\/www.cetys.mx\/noticias\/wp-content\/plugins\/jmagz-plugin\/assets\/placeholder\/900x450.png\" data-src=\"https:\/\/www.cetys.mx\/noticias\/wp-content\/uploads\/2026\/04\/image2-scaled.jpeg\" alt=\"image2\">\n                    <\/a>\n                    <figcaption itemprop=\"caption description\" class=\"slide-caption\">\n                        \n                    <\/figcaption>\n                <\/figure><figure class=\"slide\" itemprop=\"associatedMedia\" itemscope itemtype=\"http:\/\/schema.org\/ImageObject\">\n                    <a itemprop=\"contentUrl\" href=\"https:\/\/www.cetys.mx\/noticias\/wp-content\/uploads\/2026\/04\/image1-2.jpeg\">\n                        <img decoding=\"async\" itemprop=\"thumbnail\" class=\"lazyOwl\" src=\"https:\/\/www.cetys.mx\/noticias\/wp-content\/plugins\/jmagz-plugin\/assets\/placeholder\/900x450.png\" data-src=\"https:\/\/www.cetys.mx\/noticias\/wp-content\/uploads\/2026\/04\/image1-2.jpeg\" alt=\"image1 (2)\">\n                    <\/a>\n                    <figcaption itemprop=\"caption description\" class=\"slide-caption\">\n                        \n                    <\/figcaption>\n                <\/figure><\/div>\n                <div class=\"gallery-slider-thumbnail-wrapper\">\n                    <div class=\"gallery-slider-thumbnail\"><div class=\"slide-thumbnail\"><img decoding=\"async\" class=\"lazyOwl\" src=\"https:\/\/www.cetys.mx\/noticias\/wp-content\/plugins\/jmagz-plugin\/assets\/placeholder\/150x75.png\" data-src=\"https:\/\/www.cetys.mx\/noticias\/wp-content\/uploads\/2026\/04\/image3.jpeg\" alt=\"image3\"><\/div><div class=\"slide-thumbnail\"><img decoding=\"async\" class=\"lazyOwl\" src=\"https:\/\/www.cetys.mx\/noticias\/wp-content\/plugins\/jmagz-plugin\/assets\/placeholder\/150x75.png\" data-src=\"https:\/\/www.cetys.mx\/noticias\/wp-content\/uploads\/2026\/04\/image2-scaled.jpeg\" alt=\"image2\"><\/div><div class=\"slide-thumbnail\"><img decoding=\"async\" class=\"lazyOwl\" src=\"https:\/\/www.cetys.mx\/noticias\/wp-content\/plugins\/jmagz-plugin\/assets\/placeholder\/150x75.png\" data-src=\"https:\/\/www.cetys.mx\/noticias\/wp-content\/uploads\/2026\/04\/image1-2.jpeg\" alt=\"image1 (2)\"><\/div><\/div><\/div><\/div>\n","protected":false},"excerpt":{"rendered":"<p>Directivos de CETYS Universidad participaron en el ASU+GSV Summit 2026, uno de los encuentros m\u00e1s influyentes a nivel mundial en educaci\u00f3n, tecnolog\u00eda&#8230;<\/p>\n","protected":false},"author":26,"featured_media":222308,"comment_status":"open","ping_status":"closed","sticky":false,"template":"","format":"standard","meta":{"footnotes":""},"categories":[209,125],"tags":[],"class_list":["post-222302","post","type-post","status-publish","format-standard","has-post-thumbnail","hentry","category-institucional","category-portada"],"yoast_head":"<!-- This site is optimized with the Yoast SEO plugin v27.4 - https:\/\/yoast.com\/product\/yoast-seo-wordpress\/ -->\n<title>CETYS fortalece su liderazgo educativo en uno de los foros globales m\u00e1s influyentes: ASU+GSV Summit 2026 - CETYS<\/title>\n<meta name=\"description\" content=\"Articulo sobre CETYS fortalece su liderazgo educativo en uno de los foros globales m\u00e1s influyentes: ASU+GSV Summit 2026\" \/>\n<meta name=\"robots\" content=\"index, follow, max-snippet:-1, max-image-preview:large, max-video-preview:-1\" \/>\n<link rel=\"canonical\" href=\"https:\/\/www.cetys.mx\/noticias\/cetys-fortalece-su-liderazgo-educativo-en-uno-de-los-foros-globales-mas-influyentes-asugsv-summit-2026\/\" \/>\n<meta property=\"og:locale\" content=\"es_MX\" \/>\n<meta property=\"og:type\" content=\"article\" \/>\n<meta property=\"og:title\" content=\"CETYS fortalece su liderazgo educativo en uno de los foros globales m\u00e1s influyentes: ASU+GSV Summit 2026 - CETYS\" \/>\n<meta property=\"og:description\" content=\"Articulo sobre CETYS fortalece su liderazgo educativo en uno de los foros globales m\u00e1s influyentes: ASU+GSV Summit 2026\" \/>\n<meta property=\"og:url\" content=\"https:\/\/www.cetys.mx\/noticias\/cetys-fortalece-su-liderazgo-educativo-en-uno-de-los-foros-globales-mas-influyentes-asugsv-summit-2026\/\" \/>\n<meta property=\"og:site_name\" content=\"CETYS\" \/>\n<meta property=\"article:publisher\" content=\"https:\/\/www.facebook.com\/cetysuniversidadmxl\/\" \/>\n<meta property=\"article:published_time\" content=\"2026-04-30T17:41:01+00:00\" \/>\n<meta property=\"article:modified_time\" content=\"2026-04-30T17:56:53+00:00\" \/>\n<meta property=\"og:image\" content=\"https:\/\/www.cetys.mx\/noticias\/wp-content\/uploads\/2026\/04\/ASU-GSV-2026-1.jpg\" \/>\n\t<meta property=\"og:image:width\" content=\"958\" \/>\n\t<meta property=\"og:image:height\" content=\"637\" \/>\n\t<meta property=\"og:image:type\" content=\"image\/jpeg\" \/>\n<meta name=\"author\" content=\"CETYS Institucional\" \/>\n<meta name=\"twitter:card\" content=\"summary_large_image\" \/>\n<meta name=\"twitter:creator\" content=\"@cetysuni\" \/>\n<meta name=\"twitter:site\" content=\"@cetysuni\" \/>\n<meta name=\"twitter:label1\" content=\"Escrito por\" \/>\n\t<meta name=\"twitter:data1\" content=\"CETYS Institucional\" \/>\n\t<meta name=\"twitter:label2\" content=\"Tiempo de lectura\" \/>\n\t<meta name=\"twitter:data2\" content=\"3 minutos\" \/>\n<script type=\"application\/ld+json\" class=\"yoast-schema-graph\">{\"@context\":\"https:\\\/\\\/schema.org\",\"@graph\":[{\"@type\":\"Article\",\"@id\":\"https:\\\/\\\/www.cetys.mx\\\/noticias\\\/cetys-fortalece-su-liderazgo-educativo-en-uno-de-los-foros-globales-mas-influyentes-asugsv-summit-2026\\\/#article\",\"isPartOf\":{\"@id\":\"https:\\\/\\\/www.cetys.mx\\\/noticias\\\/cetys-fortalece-su-liderazgo-educativo-en-uno-de-los-foros-globales-mas-influyentes-asugsv-summit-2026\\\/\"},\"author\":{\"name\":\"CETYS Institucional\",\"@id\":\"https:\\\/\\\/www.cetys.mx\\\/noticias\\\/#\\\/schema\\\/person\\\/e9d2b35265b64aa454df57a2828eb2ac\"},\"headline\":\"CETYS fortalece su liderazgo educativo en uno de los foros globales m\u00e1s influyentes: ASU+GSV Summit 2026\",\"datePublished\":\"2026-04-30T17:41:01+00:00\",\"dateModified\":\"2026-04-30T17:56:53+00:00\",\"mainEntityOfPage\":{\"@id\":\"https:\\\/\\\/www.cetys.mx\\\/noticias\\\/cetys-fortalece-su-liderazgo-educativo-en-uno-de-los-foros-globales-mas-influyentes-asugsv-summit-2026\\\/\"},\"wordCount\":497,\"commentCount\":0,\"image\":{\"@id\":\"https:\\\/\\\/www.cetys.mx\\\/noticias\\\/cetys-fortalece-su-liderazgo-educativo-en-uno-de-los-foros-globales-mas-influyentes-asugsv-summit-2026\\\/#primaryimage\"},\"thumbnailUrl\":\"https:\\\/\\\/www.cetys.mx\\\/noticias\\\/wp-content\\\/uploads\\\/2026\\\/04\\\/ASU-GSV-2026-1.jpg\",\"articleSection\":[\"Institucional\",\"Portada\"],\"inLanguage\":\"es\",\"potentialAction\":[{\"@type\":\"CommentAction\",\"name\":\"Comment\",\"target\":[\"https:\\\/\\\/www.cetys.mx\\\/noticias\\\/cetys-fortalece-su-liderazgo-educativo-en-uno-de-los-foros-globales-mas-influyentes-asugsv-summit-2026\\\/#respond\"]}]},{\"@type\":\"WebPage\",\"@id\":\"https:\\\/\\\/www.cetys.mx\\\/noticias\\\/cetys-fortalece-su-liderazgo-educativo-en-uno-de-los-foros-globales-mas-influyentes-asugsv-summit-2026\\\/\",\"url\":\"https:\\\/\\\/www.cetys.mx\\\/noticias\\\/cetys-fortalece-su-liderazgo-educativo-en-uno-de-los-foros-globales-mas-influyentes-asugsv-summit-2026\\\/\",\"name\":\"CETYS fortalece su liderazgo educativo en uno de los foros globales m\u00e1s influyentes: ASU+GSV Summit 2026 - CETYS\",\"isPartOf\":{\"@id\":\"https:\\\/\\\/www.cetys.mx\\\/noticias\\\/#website\"},\"primaryImageOfPage\":{\"@id\":\"https:\\\/\\\/www.cetys.mx\\\/noticias\\\/cetys-fortalece-su-liderazgo-educativo-en-uno-de-los-foros-globales-mas-influyentes-asugsv-summit-2026\\\/#primaryimage\"},\"image\":{\"@id\":\"https:\\\/\\\/www.cetys.mx\\\/noticias\\\/cetys-fortalece-su-liderazgo-educativo-en-uno-de-los-foros-globales-mas-influyentes-asugsv-summit-2026\\\/#primaryimage\"},\"thumbnailUrl\":\"https:\\\/\\\/www.cetys.mx\\\/noticias\\\/wp-content\\\/uploads\\\/2026\\\/04\\\/ASU-GSV-2026-1.jpg\",\"datePublished\":\"2026-04-30T17:41:01+00:00\",\"dateModified\":\"2026-04-30T17:56:53+00:00\",\"author\":{\"@id\":\"https:\\\/\\\/www.cetys.mx\\\/noticias\\\/#\\\/schema\\\/person\\\/e9d2b35265b64aa454df57a2828eb2ac\"},\"description\":\"Articulo sobre CETYS fortalece su liderazgo educativo en uno de los foros globales m\u00e1s influyentes: ASU+GSV Summit 2026\",\"breadcrumb\":{\"@id\":\"https:\\\/\\\/www.cetys.mx\\\/noticias\\\/cetys-fortalece-su-liderazgo-educativo-en-uno-de-los-foros-globales-mas-influyentes-asugsv-summit-2026\\\/#breadcrumb\"},\"inLanguage\":\"es\",\"potentialAction\":[{\"@type\":\"ReadAction\",\"target\":[\"https:\\\/\\\/www.cetys.mx\\\/noticias\\\/cetys-fortalece-su-liderazgo-educativo-en-uno-de-los-foros-globales-mas-influyentes-asugsv-summit-2026\\\/\"]}]},{\"@type\":\"ImageObject\",\"inLanguage\":\"es\",\"@id\":\"https:\\\/\\\/www.cetys.mx\\\/noticias\\\/cetys-fortalece-su-liderazgo-educativo-en-uno-de-los-foros-globales-mas-influyentes-asugsv-summit-2026\\\/#primaryimage\",\"url\":\"https:\\\/\\\/www.cetys.mx\\\/noticias\\\/wp-content\\\/uploads\\\/2026\\\/04\\\/ASU-GSV-2026-1.jpg\",\"contentUrl\":\"https:\\\/\\\/www.cetys.mx\\\/noticias\\\/wp-content\\\/uploads\\\/2026\\\/04\\\/ASU-GSV-2026-1.jpg\",\"width\":958,\"height\":637},{\"@type\":\"BreadcrumbList\",\"@id\":\"https:\\\/\\\/www.cetys.mx\\\/noticias\\\/cetys-fortalece-su-liderazgo-educativo-en-uno-de-los-foros-globales-mas-influyentes-asugsv-summit-2026\\\/#breadcrumb\",\"itemListElement\":[{\"@type\":\"ListItem\",\"position\":1,\"name\":\"Inicio\",\"item\":\"https:\\\/\\\/www.cetys.mx\\\/noticias\\\/\"},{\"@type\":\"ListItem\",\"position\":2,\"name\":\"CETYS fortalece su liderazgo educativo en uno de los foros globales m\u00e1s influyentes: ASU+GSV Summit 2026\"}]},{\"@type\":\"WebSite\",\"@id\":\"https:\\\/\\\/www.cetys.mx\\\/noticias\\\/#website\",\"url\":\"https:\\\/\\\/www.cetys.mx\\\/noticias\\\/\",\"name\":\"CETYS\",\"description\":\"\",\"potentialAction\":[{\"@type\":\"SearchAction\",\"target\":{\"@type\":\"EntryPoint\",\"urlTemplate\":\"https:\\\/\\\/www.cetys.mx\\\/noticias\\\/?s={search_term_string}\"},\"query-input\":{\"@type\":\"PropertyValueSpecification\",\"valueRequired\":true,\"valueName\":\"search_term_string\"}}],\"inLanguage\":\"es\"},{\"@type\":\"Person\",\"@id\":\"https:\\\/\\\/www.cetys.mx\\\/noticias\\\/#\\\/schema\\\/person\\\/e9d2b35265b64aa454df57a2828eb2ac\",\"name\":\"CETYS Institucional\",\"url\":\"https:\\\/\\\/www.cetys.mx\\\/noticias\\\/author\\\/cetysinstitucional\\\/\"}]}<\/script>\n<!-- \/ Yoast SEO plugin. -->","yoast_head_json":{"title":"CETYS fortalece su liderazgo educativo en uno de los foros globales m\u00e1s influyentes: ASU+GSV Summit 2026 - CETYS","description":"Articulo sobre CETYS fortalece su liderazgo educativo en uno de los foros globales m\u00e1s influyentes: ASU+GSV Summit 2026","robots":{"index":"index","follow":"follow","max-snippet":"max-snippet:-1","max-image-preview":"max-image-preview:large","max-video-preview":"max-video-preview:-1"},"canonical":"https:\/\/www.cetys.mx\/noticias\/cetys-fortalece-su-liderazgo-educativo-en-uno-de-los-foros-globales-mas-influyentes-asugsv-summit-2026\/","og_locale":"es_MX","og_type":"article","og_title":"CETYS fortalece su liderazgo educativo en uno de los foros globales m\u00e1s influyentes: ASU+GSV Summit 2026 - CETYS","og_description":"Articulo sobre CETYS fortalece su liderazgo educativo en uno de los foros globales m\u00e1s influyentes: ASU+GSV Summit 2026","og_url":"https:\/\/www.cetys.mx\/noticias\/cetys-fortalece-su-liderazgo-educativo-en-uno-de-los-foros-globales-mas-influyentes-asugsv-summit-2026\/","og_site_name":"CETYS","article_publisher":"https:\/\/www.facebook.com\/cetysuniversidadmxl\/","article_published_time":"2026-04-30T17:41:01+00:00","article_modified_time":"2026-04-30T17:56:53+00:00","og_image":[{"width":958,"height":637,"url":"https:\/\/www.cetys.mx\/noticias\/wp-content\/uploads\/2026\/04\/ASU-GSV-2026-1.jpg","type":"image\/jpeg"}],"author":"CETYS Institucional","twitter_card":"summary_large_image","twitter_creator":"@cetysuni","twitter_site":"@cetysuni","twitter_misc":{"Escrito por":"CETYS Institucional","Tiempo de lectura":"3 minutos"},"schema":{"@context":"https:\/\/schema.org","@graph":[{"@type":"Article","@id":"https:\/\/www.cetys.mx\/noticias\/cetys-fortalece-su-liderazgo-educativo-en-uno-de-los-foros-globales-mas-influyentes-asugsv-summit-2026\/#article","isPartOf":{"@id":"https:\/\/www.cetys.mx\/noticias\/cetys-fortalece-su-liderazgo-educativo-en-uno-de-los-foros-globales-mas-influyentes-asugsv-summit-2026\/"},"author":{"name":"CETYS Institucional","@id":"https:\/\/www.cetys.mx\/noticias\/#\/schema\/person\/e9d2b35265b64aa454df57a2828eb2ac"},"headline":"CETYS fortalece su liderazgo educativo en uno de los foros globales m\u00e1s influyentes: ASU+GSV Summit 2026","datePublished":"2026-04-30T17:41:01+00:00","dateModified":"2026-04-30T17:56:53+00:00","mainEntityOfPage":{"@id":"https:\/\/www.cetys.mx\/noticias\/cetys-fortalece-su-liderazgo-educativo-en-uno-de-los-foros-globales-mas-influyentes-asugsv-summit-2026\/"},"wordCount":497,"commentCount":0,"image":{"@id":"https:\/\/www.cetys.mx\/noticias\/cetys-fortalece-su-liderazgo-educativo-en-uno-de-los-foros-globales-mas-influyentes-asugsv-summit-2026\/#primaryimage"},"thumbnailUrl":"https:\/\/www.cetys.mx\/noticias\/wp-content\/uploads\/2026\/04\/ASU-GSV-2026-1.jpg","articleSection":["Institucional","Portada"],"inLanguage":"es","potentialAction":[{"@type":"CommentAction","name":"Comment","target":["https:\/\/www.cetys.mx\/noticias\/cetys-fortalece-su-liderazgo-educativo-en-uno-de-los-foros-globales-mas-influyentes-asugsv-summit-2026\/#respond"]}]},{"@type":"WebPage","@id":"https:\/\/www.cetys.mx\/noticias\/cetys-fortalece-su-liderazgo-educativo-en-uno-de-los-foros-globales-mas-influyentes-asugsv-summit-2026\/","url":"https:\/\/www.cetys.mx\/noticias\/cetys-fortalece-su-liderazgo-educativo-en-uno-de-los-foros-globales-mas-influyentes-asugsv-summit-2026\/","name":"CETYS fortalece su liderazgo educativo en uno de los foros globales m\u00e1s influyentes: ASU+GSV Summit 2026 - CETYS","isPartOf":{"@id":"https:\/\/www.cetys.mx\/noticias\/#website"},"primaryImageOfPage":{"@id":"https:\/\/www.cetys.mx\/noticias\/cetys-fortalece-su-liderazgo-educativo-en-uno-de-los-foros-globales-mas-influyentes-asugsv-summit-2026\/#primaryimage"},"image":{"@id":"https:\/\/www.cetys.mx\/noticias\/cetys-fortalece-su-liderazgo-educativo-en-uno-de-los-foros-globales-mas-influyentes-asugsv-summit-2026\/#primaryimage"},"thumbnailUrl":"https:\/\/www.cetys.mx\/noticias\/wp-content\/uploads\/2026\/04\/ASU-GSV-2026-1.jpg","datePublished":"2026-04-30T17:41:01+00:00","dateModified":"2026-04-30T17:56:53+00:00","author":{"@id":"https:\/\/www.cetys.mx\/noticias\/#\/schema\/person\/e9d2b35265b64aa454df57a2828eb2ac"},"description":"Articulo sobre CETYS fortalece su liderazgo educativo en uno de los foros globales m\u00e1s influyentes: ASU+GSV Summit 2026","breadcrumb":{"@id":"https:\/\/www.cetys.mx\/noticias\/cetys-fortalece-su-liderazgo-educativo-en-uno-de-los-foros-globales-mas-influyentes-asugsv-summit-2026\/#breadcrumb"},"inLanguage":"es","potentialAction":[{"@type":"ReadAction","target":["https:\/\/www.cetys.mx\/noticias\/cetys-fortalece-su-liderazgo-educativo-en-uno-de-los-foros-globales-mas-influyentes-asugsv-summit-2026\/"]}]},{"@type":"ImageObject","inLanguage":"es","@id":"https:\/\/www.cetys.mx\/noticias\/cetys-fortalece-su-liderazgo-educativo-en-uno-de-los-foros-globales-mas-influyentes-asugsv-summit-2026\/#primaryimage","url":"https:\/\/www.cetys.mx\/noticias\/wp-content\/uploads\/2026\/04\/ASU-GSV-2026-1.jpg","contentUrl":"https:\/\/www.cetys.mx\/noticias\/wp-content\/uploads\/2026\/04\/ASU-GSV-2026-1.jpg","width":958,"height":637},{"@type":"BreadcrumbList","@id":"https:\/\/www.cetys.mx\/noticias\/cetys-fortalece-su-liderazgo-educativo-en-uno-de-los-foros-globales-mas-influyentes-asugsv-summit-2026\/#breadcrumb","itemListElement":[{"@type":"ListItem","position":1,"name":"Inicio","item":"https:\/\/www.cetys.mx\/noticias\/"},{"@type":"ListItem","position":2,"name":"CETYS fortalece su liderazgo educativo en uno de los foros globales m\u00e1s influyentes: ASU+GSV Summit 2026"}]},{"@type":"WebSite","@id":"https:\/\/www.cetys.mx\/noticias\/#website","url":"https:\/\/www.cetys.mx\/noticias\/","name":"CETYS","description":"","potentialAction":[{"@type":"SearchAction","target":{"@type":"EntryPoint","urlTemplate":"https:\/\/www.cetys.mx\/noticias\/?s={search_term_string}"},"query-input":{"@type":"PropertyValueSpecification","valueRequired":true,"valueName":"search_term_string"}}],"inLanguage":"es"},{"@type":"Person","@id":"https:\/\/www.cetys.mx\/noticias\/#\/schema\/person\/e9d2b35265b64aa454df57a2828eb2ac","name":"CETYS Institucional","url":"https:\/\/www.cetys.mx\/noticias\/author\/cetysinstitucional\/"}]}},"_links":{"self":[{"href":"https:\/\/www.cetys.mx\/noticias\/wp-json\/wp\/v2\/posts\/222302","targetHints":{"allow":["GET"]}}],"collection":[{"href":"https:\/\/www.cetys.mx\/noticias\/wp-json\/wp\/v2\/posts"}],"about":[{"href":"https:\/\/www.cetys.mx\/noticias\/wp-json\/wp\/v2\/types\/post"}],"author":[{"embeddable":true,"href":"https:\/\/www.cetys.mx\/noticias\/wp-json\/wp\/v2\/users\/26"}],"replies":[{"embeddable":true,"href":"https:\/\/www.cetys.mx\/noticias\/wp-json\/wp\/v2\/comments?post=222302"}],"version-history":[{"count":3,"href":"https:\/\/www.cetys.mx\/noticias\/wp-json\/wp\/v2\/posts\/222302\/revisions"}],"predecessor-version":[{"id":222312,"href":"https:\/\/www.cetys.mx\/noticias\/wp-json\/wp\/v2\/posts\/222302\/revisions\/222312"}],"wp:featuredmedia":[{"embeddable":true,"href":"https:\/\/www.cetys.mx\/noticias\/wp-json\/wp\/v2\/media\/222308"}],"wp:attachment":[{"href":"https:\/\/www.cetys.mx\/noticias\/wp-json\/wp\/v2\/media?parent=222302"}],"wp:term":[{"taxonomy":"category","embeddable":true,"href":"https:\/\/www.cetys.mx\/noticias\/wp-json\/wp\/v2\/categories?post=222302"},{"taxonomy":"post_tag","embeddable":true,"href":"https:\/\/www.cetys.mx\/noticias\/wp-json\/wp\/v2\/tags?post=222302"}],"curies":[{"name":"wp","href":"https:\/\/api.w.org\/{rel}","templated":true}]}}