{"id":222256,"date":"2026-04-29T18:57:12","date_gmt":"2026-04-30T01:57:12","guid":{"rendered":"https:\/\/www.cetys.mx\/noticias\/?p=222256"},"modified":"2026-04-29T19:11:50","modified_gmt":"2026-04-30T02:11:50","slug":"francisco-maldonado-torres-rinde-protesta-como-doctor-en-educacion-en-cetys-universidad","status":"publish","type":"post","link":"https:\/\/www.cetys.mx\/noticias\/francisco-maldonado-torres-rinde-protesta-como-doctor-en-educacion-en-cetys-universidad\/","title":{"rendered":"Francisco Maldonado Torres rinde protesta como Doctor en Educaci\u00f3n en CETYS Universidad"},"content":{"rendered":"<p data-start=\"232\" data-end=\"575\"><strong>Francisco Antonio Maldonado Torres<\/strong> rindi\u00f3 protesta como <a href=\"https:\/\/www.cetys.mx\/programas\/doctorado-en-educacion\/\">Doctor en Educaci\u00f3n<\/a> por <strong>CETYS Universidad<\/strong>, tras la defensa de su tesis titulada <em data-start=\"422\" data-end=\"574\">\u201c Desarrollo y evaluaci\u00f3n de un programa formativo en habilidades metacognitivas y de regulaci\u00f3n emocional en estudiantes universitarios de primer a\u00f1o\u201d<\/em>.<\/p>\n<p data-start=\"577\" data-end=\"900\">El acto acad\u00e9mico cont\u00f3 con la participaci\u00f3n del s\u00ednodo integrado por la <strong>Dra. Karla Mar\u00eda D\u00edaz L\u00f3pez<\/strong>, de CETYS Campus Ensenada, como presidenta; el <strong>Dr. Cristian Ernesto Casta\u00f1eda S\u00e1nchez<\/strong>, de la Universidad Pedag\u00f3gica Nacional, como secretario; y el <strong>Dr. Juan Carlos Silas Casillas<\/strong>, del Instituto Tecnol\u00f3gico y de Estudios Superiores de Occidente (ITESO), como vocal.<\/p>\n\n            <style type='text\/css'>\n                #gallery-1 {\n                    margin: auto;\n                }\n                #gallery-1 .gallery-item {\n                    float: left;\n                    margin-top: 10px;\n                    text-align: center;\n                    width: 50%;\n                }\n                #gallery-1 img {\n                    border: 2px solid #cfcfcf;\n                }\n                #gallery-1 .gallery-caption {\n                    margin-left: 0;\n                }\n                \/* see gallery_shortcode() in wp-includes\/media.php *\/\n            <\/style>\n\t\t<div id='gallery-1' class='gallery galleryid-222256 gallery-columns-2 gallery-size-medium'><dl class='gallery-item'>\n                <dt class='gallery-icon landscape'>\n                    <a href='https:\/\/www.cetys.mx\/noticias\/francisco-maldonado-torres-rinde-protesta-como-doctor-en-educacion-en-cetys-universidad\/toma-de-protesta-francisco-maldonado-cetys-tijuana-3\/'><img loading=\"lazy\" decoding=\"async\" width=\"958\" height=\"637\" src=\"https:\/\/www.cetys.mx\/noticias\/wp-content\/uploads\/2026\/04\/Toma-de-Protesta-Francisco-Maldonado-CETYS-Tijuana-3.jpg\" class=\"attachment-medium size-medium\" alt=\"\" srcset=\"https:\/\/www.cetys.mx\/noticias\/wp-content\/uploads\/2026\/04\/Toma-de-Protesta-Francisco-Maldonado-CETYS-Tijuana-3.jpg 958w, https:\/\/www.cetys.mx\/noticias\/wp-content\/uploads\/2026\/04\/Toma-de-Protesta-Francisco-Maldonado-CETYS-Tijuana-3-768x511.jpg 768w\" sizes=\"auto, (max-width: 958px) 100vw, 958px\" \/><\/a>\n                <\/dt><\/dl><dl class='gallery-item'>\n                <dt class='gallery-icon landscape'>\n                    <a href='https:\/\/www.cetys.mx\/noticias\/francisco-maldonado-torres-rinde-protesta-como-doctor-en-educacion-en-cetys-universidad\/toma-de-protesta-francisco-maldonado-cetys-tijuana-2\/'><img loading=\"lazy\" decoding=\"async\" width=\"958\" height=\"637\" src=\"https:\/\/www.cetys.mx\/noticias\/wp-content\/uploads\/2026\/04\/Toma-de-Protesta-Francisco-Maldonado-CETYS-Tijuana-2.jpg\" class=\"attachment-medium size-medium\" alt=\"\" srcset=\"https:\/\/www.cetys.mx\/noticias\/wp-content\/uploads\/2026\/04\/Toma-de-Protesta-Francisco-Maldonado-CETYS-Tijuana-2.jpg 958w, https:\/\/www.cetys.mx\/noticias\/wp-content\/uploads\/2026\/04\/Toma-de-Protesta-Francisco-Maldonado-CETYS-Tijuana-2-768x511.jpg 768w\" sizes=\"auto, (max-width: 958px) 100vw, 958px\" \/><\/a>\n                <\/dt><\/dl><br style=\"clear: both\" \/>\n            <\/div>\n\n<p data-start=\"902\" data-end=\"1320\">En su investigaci\u00f3n, <strong>Maldonado Torres<\/strong> abord\u00f3 la necesidad de fortalecer la autorregulaci\u00f3n en estudiantes universitarios de nuevo ingreso, particularmente en aquellos que requieren apoyo acad\u00e9mico. A trav\u00e9s de un dise\u00f1o cuasiexperimental, el estudio evalu\u00f3 el impacto de un programa formativo basado en principios de la neuroeducaci\u00f3n, enfocado en el desarrollo de habilidades metacognitivas y de regulaci\u00f3n emocional.<\/p>\n<p data-start=\"1322\" data-end=\"1613\">Los resultados evidenciaron mejoras significativas en los estudiantes que participaron en la intervenci\u00f3n, as\u00ed como una transferencia sostenida de los aprendizajes a lo largo del tiempo. Adem\u00e1s, se identific\u00f3 el papel de la funci\u00f3n ejecutiva como un factor clave en la respuesta al programa.<\/p>\n<p data-start=\"1615\" data-end=\"1928\">El estudio concluye que la implementaci\u00f3n de intervenciones estructuradas y con enfoque integral puede contribuir de manera relevante a la adaptaci\u00f3n acad\u00e9mica y bienestar de los estudiantes en educaci\u00f3n superior, destacando la importancia de personalizar las estrategias formativas seg\u00fan la diversidad cognitiva.<\/p>\n<p data-start=\"1930\" data-end=\"2186\">Cabe destacar que <strong>Francisco Maldonado Torres<\/strong> se desempe\u00f1a como<em> Coordinador del Centro de Desarrollo Estudiantil (CEDE)<\/em> en CETYS Universidad Campus Tijuana, desde donde impulsa iniciativas orientadas al acompa\u00f1amiento y desarrollo integral del estudiantado.<\/p>\n<p data-start=\"2188\" data-end=\"2405\">Con este logro, CETYS Universidad reafirma su compromiso con la formaci\u00f3n de profesionales altamente capacitados, as\u00ed como con la generaci\u00f3n de conocimiento aplicado que impacte positivamente en la educaci\u00f3n superior.<\/p>\n<p>Conoce m\u00e1s sobre la tesis del Dr. Francisco Maldonado en el siguiente enlace: https:\/\/repositorio.cetys.mx\/handle\/60000\/2019<\/p>\n\n            <style type='text\/css'>\n                #gallery-2 {\n                    margin: auto;\n                }\n                #gallery-2 .gallery-item {\n                    float: left;\n                    margin-top: 10px;\n                    text-align: center;\n                    width: 50%;\n                }\n                #gallery-2 img {\n                    border: 2px solid #cfcfcf;\n                }\n                #gallery-2 .gallery-caption {\n                    margin-left: 0;\n                }\n                \/* see gallery_shortcode() in wp-includes\/media.php *\/\n            <\/style>\n\t\t<div id='gallery-2' class='gallery galleryid-222256 gallery-columns-2 gallery-size-thumbnail'><dl class='gallery-item'>\n                <dt class='gallery-icon landscape'>\n                    <a href='https:\/\/www.cetys.mx\/noticias\/francisco-maldonado-torres-rinde-protesta-como-doctor-en-educacion-en-cetys-universidad\/toma-de-protesta-francisco-maldonado-cetys-tijuana-4\/'><img loading=\"lazy\" decoding=\"async\" width=\"128\" height=\"85\" src=\"https:\/\/www.cetys.mx\/noticias\/wp-content\/uploads\/2026\/04\/Toma-de-Protesta-Francisco-Maldonado-CETYS-Tijuana-4.jpg\" class=\"attachment-thumbnail size-thumbnail\" alt=\"\" aria-describedby=\"gallery-2-222259\" srcset=\"https:\/\/www.cetys.mx\/noticias\/wp-content\/uploads\/2026\/04\/Toma-de-Protesta-Francisco-Maldonado-CETYS-Tijuana-4.jpg 958w, https:\/\/www.cetys.mx\/noticias\/wp-content\/uploads\/2026\/04\/Toma-de-Protesta-Francisco-Maldonado-CETYS-Tijuana-4-768x511.jpg 768w\" sizes=\"auto, (max-width: 128px) 100vw, 128px\" \/><\/a>\n                <\/dt>\n                    <dd class='wp-caption-text gallery-caption' id='gallery-2-222259'>\n                    Dr. Francisco Maldonado y familia\n                    <\/dd><\/dl><dl class='gallery-item'>\n                <dt class='gallery-icon landscape'>\n                    <a href='https:\/\/www.cetys.mx\/noticias\/francisco-maldonado-torres-rinde-protesta-como-doctor-en-educacion-en-cetys-universidad\/toma-de-protesta-francisco-maldonado-cetys-tijuana-5\/'><img loading=\"lazy\" decoding=\"async\" width=\"128\" height=\"85\" src=\"https:\/\/www.cetys.mx\/noticias\/wp-content\/uploads\/2026\/04\/Toma-de-Protesta-Francisco-Maldonado-CETYS-Tijuana-5.jpg\" class=\"attachment-thumbnail size-thumbnail\" alt=\"\" srcset=\"https:\/\/www.cetys.mx\/noticias\/wp-content\/uploads\/2026\/04\/Toma-de-Protesta-Francisco-Maldonado-CETYS-Tijuana-5.jpg 958w, https:\/\/www.cetys.mx\/noticias\/wp-content\/uploads\/2026\/04\/Toma-de-Protesta-Francisco-Maldonado-CETYS-Tijuana-5-768x511.jpg 768w\" sizes=\"auto, (max-width: 128px) 100vw, 128px\" \/><\/a>\n                <\/dt><\/dl><br style=\"clear: both\" \/>\n            <\/div>\n\n<p data-start=\"2188\" data-end=\"2405\">\n","protected":false},"excerpt":{"rendered":"<p>Francisco Antonio Maldonado Torres rindi\u00f3 protesta como Doctor en Educaci\u00f3n por CETYS Universidad, tras la defensa de su tesis titulada \u201c Desarrollo&#8230;<\/p>\n","protected":false},"author":24,"featured_media":222261,"comment_status":"open","ping_status":"closed","sticky":false,"template":"","format":"standard","meta":{"footnotes":""},"categories":[134,3656,309,313],"tags":[328,6466],"class_list":["post-222256","post","type-post","status-publish","format-standard","has-post-thumbnail","hentry","category-campus-tijuana","category-investigacion","category-posgrado","category-vocetys-2","tag-campustijuana","tag-doctoradoeneducacion"],"yoast_head":"<!-- This site is optimized with the Yoast SEO plugin v27.4 - https:\/\/yoast.com\/product\/yoast-seo-wordpress\/ -->\n<title>Francisco Maldonado Torres rinde protesta como Doctor en Educaci\u00f3n en CETYS Universidad - CETYS<\/title>\n<meta name=\"description\" content=\"Articulo sobre Francisco Maldonado Torres rinde protesta como Doctor en Educaci\u00f3n en CETYS Universidad\" \/>\n<meta name=\"robots\" content=\"index, follow, max-snippet:-1, max-image-preview:large, max-video-preview:-1\" \/>\n<link rel=\"canonical\" href=\"https:\/\/www.cetys.mx\/noticias\/francisco-maldonado-torres-rinde-protesta-como-doctor-en-educacion-en-cetys-universidad\/\" \/>\n<meta property=\"og:locale\" content=\"es_MX\" \/>\n<meta property=\"og:type\" content=\"article\" \/>\n<meta property=\"og:title\" content=\"Francisco Maldonado Torres rinde protesta como Doctor en Educaci\u00f3n en CETYS Universidad - CETYS\" \/>\n<meta property=\"og:description\" content=\"Articulo sobre Francisco Maldonado Torres rinde protesta como Doctor en Educaci\u00f3n en CETYS Universidad\" \/>\n<meta property=\"og:url\" content=\"https:\/\/www.cetys.mx\/noticias\/francisco-maldonado-torres-rinde-protesta-como-doctor-en-educacion-en-cetys-universidad\/\" \/>\n<meta property=\"og:site_name\" content=\"CETYS\" \/>\n<meta property=\"article:publisher\" content=\"https:\/\/www.facebook.com\/cetysuniversidadmxl\/\" \/>\n<meta property=\"article:published_time\" content=\"2026-04-30T01:57:12+00:00\" \/>\n<meta property=\"article:modified_time\" content=\"2026-04-30T02:11:50+00:00\" \/>\n<meta property=\"og:image\" content=\"https:\/\/www.cetys.mx\/noticias\/wp-content\/uploads\/2026\/04\/Toma-de-Protesta-Francisco-Maldonado-CETYS-Tijuana.jpg\" \/>\n\t<meta property=\"og:image:width\" content=\"958\" \/>\n\t<meta property=\"og:image:height\" content=\"637\" \/>\n\t<meta property=\"og:image:type\" content=\"image\/jpeg\" \/>\n<meta name=\"author\" content=\"Campus Tijuana\" \/>\n<meta name=\"twitter:card\" content=\"summary_large_image\" \/>\n<meta name=\"twitter:creator\" content=\"@cetysuni\" \/>\n<meta name=\"twitter:site\" content=\"@cetysuni\" \/>\n<meta name=\"twitter:label1\" content=\"Escrito por\" \/>\n\t<meta name=\"twitter:data1\" content=\"Campus Tijuana\" \/>\n\t<meta name=\"twitter:label2\" content=\"Tiempo de lectura\" \/>\n\t<meta name=\"twitter:data2\" content=\"2 minutos\" \/>\n<script type=\"application\/ld+json\" class=\"yoast-schema-graph\">{\"@context\":\"https:\\\/\\\/schema.org\",\"@graph\":[{\"@type\":\"Article\",\"@id\":\"https:\\\/\\\/www.cetys.mx\\\/noticias\\\/francisco-maldonado-torres-rinde-protesta-como-doctor-en-educacion-en-cetys-universidad\\\/#article\",\"isPartOf\":{\"@id\":\"https:\\\/\\\/www.cetys.mx\\\/noticias\\\/francisco-maldonado-torres-rinde-protesta-como-doctor-en-educacion-en-cetys-universidad\\\/\"},\"author\":{\"name\":\"Campus Tijuana\",\"@id\":\"https:\\\/\\\/www.cetys.mx\\\/noticias\\\/#\\\/schema\\\/person\\\/e790051ce60e18ae47cfa87011c8653f\"},\"headline\":\"Francisco Maldonado Torres rinde protesta como Doctor en Educaci\u00f3n en CETYS Universidad\",\"datePublished\":\"2026-04-30T01:57:12+00:00\",\"dateModified\":\"2026-04-30T02:11:50+00:00\",\"mainEntityOfPage\":{\"@id\":\"https:\\\/\\\/www.cetys.mx\\\/noticias\\\/francisco-maldonado-torres-rinde-protesta-como-doctor-en-educacion-en-cetys-universidad\\\/\"},\"wordCount\":375,\"commentCount\":0,\"image\":{\"@id\":\"https:\\\/\\\/www.cetys.mx\\\/noticias\\\/francisco-maldonado-torres-rinde-protesta-como-doctor-en-educacion-en-cetys-universidad\\\/#primaryimage\"},\"thumbnailUrl\":\"https:\\\/\\\/www.cetys.mx\\\/noticias\\\/wp-content\\\/uploads\\\/2026\\\/04\\\/Toma-de-Protesta-Francisco-Maldonado-CETYS-Tijuana.jpg\",\"keywords\":[\"campustijuana\",\"DoctoradoenEducacion\"],\"articleSection\":[\"Campus Tijuana\",\"Investigaci\u00f3n\",\"Posgrado\",\"VoCETYS\"],\"inLanguage\":\"es\",\"potentialAction\":[{\"@type\":\"CommentAction\",\"name\":\"Comment\",\"target\":[\"https:\\\/\\\/www.cetys.mx\\\/noticias\\\/francisco-maldonado-torres-rinde-protesta-como-doctor-en-educacion-en-cetys-universidad\\\/#respond\"]}]},{\"@type\":\"WebPage\",\"@id\":\"https:\\\/\\\/www.cetys.mx\\\/noticias\\\/francisco-maldonado-torres-rinde-protesta-como-doctor-en-educacion-en-cetys-universidad\\\/\",\"url\":\"https:\\\/\\\/www.cetys.mx\\\/noticias\\\/francisco-maldonado-torres-rinde-protesta-como-doctor-en-educacion-en-cetys-universidad\\\/\",\"name\":\"Francisco Maldonado Torres rinde protesta como Doctor en Educaci\u00f3n en CETYS Universidad - CETYS\",\"isPartOf\":{\"@id\":\"https:\\\/\\\/www.cetys.mx\\\/noticias\\\/#website\"},\"primaryImageOfPage\":{\"@id\":\"https:\\\/\\\/www.cetys.mx\\\/noticias\\\/francisco-maldonado-torres-rinde-protesta-como-doctor-en-educacion-en-cetys-universidad\\\/#primaryimage\"},\"image\":{\"@id\":\"https:\\\/\\\/www.cetys.mx\\\/noticias\\\/francisco-maldonado-torres-rinde-protesta-como-doctor-en-educacion-en-cetys-universidad\\\/#primaryimage\"},\"thumbnailUrl\":\"https:\\\/\\\/www.cetys.mx\\\/noticias\\\/wp-content\\\/uploads\\\/2026\\\/04\\\/Toma-de-Protesta-Francisco-Maldonado-CETYS-Tijuana.jpg\",\"datePublished\":\"2026-04-30T01:57:12+00:00\",\"dateModified\":\"2026-04-30T02:11:50+00:00\",\"author\":{\"@id\":\"https:\\\/\\\/www.cetys.mx\\\/noticias\\\/#\\\/schema\\\/person\\\/e790051ce60e18ae47cfa87011c8653f\"},\"description\":\"Articulo sobre Francisco Maldonado Torres rinde protesta como Doctor en Educaci\u00f3n en CETYS Universidad\",\"breadcrumb\":{\"@id\":\"https:\\\/\\\/www.cetys.mx\\\/noticias\\\/francisco-maldonado-torres-rinde-protesta-como-doctor-en-educacion-en-cetys-universidad\\\/#breadcrumb\"},\"inLanguage\":\"es\",\"potentialAction\":[{\"@type\":\"ReadAction\",\"target\":[\"https:\\\/\\\/www.cetys.mx\\\/noticias\\\/francisco-maldonado-torres-rinde-protesta-como-doctor-en-educacion-en-cetys-universidad\\\/\"]}]},{\"@type\":\"ImageObject\",\"inLanguage\":\"es\",\"@id\":\"https:\\\/\\\/www.cetys.mx\\\/noticias\\\/francisco-maldonado-torres-rinde-protesta-como-doctor-en-educacion-en-cetys-universidad\\\/#primaryimage\",\"url\":\"https:\\\/\\\/www.cetys.mx\\\/noticias\\\/wp-content\\\/uploads\\\/2026\\\/04\\\/Toma-de-Protesta-Francisco-Maldonado-CETYS-Tijuana.jpg\",\"contentUrl\":\"https:\\\/\\\/www.cetys.mx\\\/noticias\\\/wp-content\\\/uploads\\\/2026\\\/04\\\/Toma-de-Protesta-Francisco-Maldonado-CETYS-Tijuana.jpg\",\"width\":958,\"height\":637},{\"@type\":\"BreadcrumbList\",\"@id\":\"https:\\\/\\\/www.cetys.mx\\\/noticias\\\/francisco-maldonado-torres-rinde-protesta-como-doctor-en-educacion-en-cetys-universidad\\\/#breadcrumb\",\"itemListElement\":[{\"@type\":\"ListItem\",\"position\":1,\"name\":\"Inicio\",\"item\":\"https:\\\/\\\/www.cetys.mx\\\/noticias\\\/\"},{\"@type\":\"ListItem\",\"position\":2,\"name\":\"Francisco Maldonado Torres rinde protesta como Doctor en Educaci\u00f3n en CETYS Universidad\"}]},{\"@type\":\"WebSite\",\"@id\":\"https:\\\/\\\/www.cetys.mx\\\/noticias\\\/#website\",\"url\":\"https:\\\/\\\/www.cetys.mx\\\/noticias\\\/\",\"name\":\"CETYS\",\"description\":\"\",\"potentialAction\":[{\"@type\":\"SearchAction\",\"target\":{\"@type\":\"EntryPoint\",\"urlTemplate\":\"https:\\\/\\\/www.cetys.mx\\\/noticias\\\/?s={search_term_string}\"},\"query-input\":{\"@type\":\"PropertyValueSpecification\",\"valueRequired\":true,\"valueName\":\"search_term_string\"}}],\"inLanguage\":\"es\"},{\"@type\":\"Person\",\"@id\":\"https:\\\/\\\/www.cetys.mx\\\/noticias\\\/#\\\/schema\\\/person\\\/e790051ce60e18ae47cfa87011c8653f\",\"name\":\"Campus Tijuana\",\"url\":\"https:\\\/\\\/www.cetys.mx\\\/noticias\\\/author\\\/campustijuana\\\/\"}]}<\/script>\n<!-- \/ Yoast SEO plugin. -->","yoast_head_json":{"title":"Francisco Maldonado Torres rinde protesta como Doctor en Educaci\u00f3n en CETYS Universidad - CETYS","description":"Articulo sobre Francisco Maldonado Torres rinde protesta como Doctor en Educaci\u00f3n en CETYS Universidad","robots":{"index":"index","follow":"follow","max-snippet":"max-snippet:-1","max-image-preview":"max-image-preview:large","max-video-preview":"max-video-preview:-1"},"canonical":"https:\/\/www.cetys.mx\/noticias\/francisco-maldonado-torres-rinde-protesta-como-doctor-en-educacion-en-cetys-universidad\/","og_locale":"es_MX","og_type":"article","og_title":"Francisco Maldonado Torres rinde protesta como Doctor en Educaci\u00f3n en CETYS Universidad - CETYS","og_description":"Articulo sobre Francisco Maldonado Torres rinde protesta como Doctor en Educaci\u00f3n en CETYS Universidad","og_url":"https:\/\/www.cetys.mx\/noticias\/francisco-maldonado-torres-rinde-protesta-como-doctor-en-educacion-en-cetys-universidad\/","og_site_name":"CETYS","article_publisher":"https:\/\/www.facebook.com\/cetysuniversidadmxl\/","article_published_time":"2026-04-30T01:57:12+00:00","article_modified_time":"2026-04-30T02:11:50+00:00","og_image":[{"width":958,"height":637,"url":"https:\/\/www.cetys.mx\/noticias\/wp-content\/uploads\/2026\/04\/Toma-de-Protesta-Francisco-Maldonado-CETYS-Tijuana.jpg","type":"image\/jpeg"}],"author":"Campus Tijuana","twitter_card":"summary_large_image","twitter_creator":"@cetysuni","twitter_site":"@cetysuni","twitter_misc":{"Escrito por":"Campus Tijuana","Tiempo de lectura":"2 minutos"},"schema":{"@context":"https:\/\/schema.org","@graph":[{"@type":"Article","@id":"https:\/\/www.cetys.mx\/noticias\/francisco-maldonado-torres-rinde-protesta-como-doctor-en-educacion-en-cetys-universidad\/#article","isPartOf":{"@id":"https:\/\/www.cetys.mx\/noticias\/francisco-maldonado-torres-rinde-protesta-como-doctor-en-educacion-en-cetys-universidad\/"},"author":{"name":"Campus Tijuana","@id":"https:\/\/www.cetys.mx\/noticias\/#\/schema\/person\/e790051ce60e18ae47cfa87011c8653f"},"headline":"Francisco Maldonado Torres rinde protesta como Doctor en Educaci\u00f3n en CETYS Universidad","datePublished":"2026-04-30T01:57:12+00:00","dateModified":"2026-04-30T02:11:50+00:00","mainEntityOfPage":{"@id":"https:\/\/www.cetys.mx\/noticias\/francisco-maldonado-torres-rinde-protesta-como-doctor-en-educacion-en-cetys-universidad\/"},"wordCount":375,"commentCount":0,"image":{"@id":"https:\/\/www.cetys.mx\/noticias\/francisco-maldonado-torres-rinde-protesta-como-doctor-en-educacion-en-cetys-universidad\/#primaryimage"},"thumbnailUrl":"https:\/\/www.cetys.mx\/noticias\/wp-content\/uploads\/2026\/04\/Toma-de-Protesta-Francisco-Maldonado-CETYS-Tijuana.jpg","keywords":["campustijuana","DoctoradoenEducacion"],"articleSection":["Campus Tijuana","Investigaci\u00f3n","Posgrado","VoCETYS"],"inLanguage":"es","potentialAction":[{"@type":"CommentAction","name":"Comment","target":["https:\/\/www.cetys.mx\/noticias\/francisco-maldonado-torres-rinde-protesta-como-doctor-en-educacion-en-cetys-universidad\/#respond"]}]},{"@type":"WebPage","@id":"https:\/\/www.cetys.mx\/noticias\/francisco-maldonado-torres-rinde-protesta-como-doctor-en-educacion-en-cetys-universidad\/","url":"https:\/\/www.cetys.mx\/noticias\/francisco-maldonado-torres-rinde-protesta-como-doctor-en-educacion-en-cetys-universidad\/","name":"Francisco Maldonado Torres rinde protesta como Doctor en Educaci\u00f3n en CETYS Universidad - CETYS","isPartOf":{"@id":"https:\/\/www.cetys.mx\/noticias\/#website"},"primaryImageOfPage":{"@id":"https:\/\/www.cetys.mx\/noticias\/francisco-maldonado-torres-rinde-protesta-como-doctor-en-educacion-en-cetys-universidad\/#primaryimage"},"image":{"@id":"https:\/\/www.cetys.mx\/noticias\/francisco-maldonado-torres-rinde-protesta-como-doctor-en-educacion-en-cetys-universidad\/#primaryimage"},"thumbnailUrl":"https:\/\/www.cetys.mx\/noticias\/wp-content\/uploads\/2026\/04\/Toma-de-Protesta-Francisco-Maldonado-CETYS-Tijuana.jpg","datePublished":"2026-04-30T01:57:12+00:00","dateModified":"2026-04-30T02:11:50+00:00","author":{"@id":"https:\/\/www.cetys.mx\/noticias\/#\/schema\/person\/e790051ce60e18ae47cfa87011c8653f"},"description":"Articulo sobre Francisco Maldonado Torres rinde protesta como Doctor en Educaci\u00f3n en CETYS Universidad","breadcrumb":{"@id":"https:\/\/www.cetys.mx\/noticias\/francisco-maldonado-torres-rinde-protesta-como-doctor-en-educacion-en-cetys-universidad\/#breadcrumb"},"inLanguage":"es","potentialAction":[{"@type":"ReadAction","target":["https:\/\/www.cetys.mx\/noticias\/francisco-maldonado-torres-rinde-protesta-como-doctor-en-educacion-en-cetys-universidad\/"]}]},{"@type":"ImageObject","inLanguage":"es","@id":"https:\/\/www.cetys.mx\/noticias\/francisco-maldonado-torres-rinde-protesta-como-doctor-en-educacion-en-cetys-universidad\/#primaryimage","url":"https:\/\/www.cetys.mx\/noticias\/wp-content\/uploads\/2026\/04\/Toma-de-Protesta-Francisco-Maldonado-CETYS-Tijuana.jpg","contentUrl":"https:\/\/www.cetys.mx\/noticias\/wp-content\/uploads\/2026\/04\/Toma-de-Protesta-Francisco-Maldonado-CETYS-Tijuana.jpg","width":958,"height":637},{"@type":"BreadcrumbList","@id":"https:\/\/www.cetys.mx\/noticias\/francisco-maldonado-torres-rinde-protesta-como-doctor-en-educacion-en-cetys-universidad\/#breadcrumb","itemListElement":[{"@type":"ListItem","position":1,"name":"Inicio","item":"https:\/\/www.cetys.mx\/noticias\/"},{"@type":"ListItem","position":2,"name":"Francisco Maldonado Torres rinde protesta como Doctor en Educaci\u00f3n en CETYS Universidad"}]},{"@type":"WebSite","@id":"https:\/\/www.cetys.mx\/noticias\/#website","url":"https:\/\/www.cetys.mx\/noticias\/","name":"CETYS","description":"","potentialAction":[{"@type":"SearchAction","target":{"@type":"EntryPoint","urlTemplate":"https:\/\/www.cetys.mx\/noticias\/?s={search_term_string}"},"query-input":{"@type":"PropertyValueSpecification","valueRequired":true,"valueName":"search_term_string"}}],"inLanguage":"es"},{"@type":"Person","@id":"https:\/\/www.cetys.mx\/noticias\/#\/schema\/person\/e790051ce60e18ae47cfa87011c8653f","name":"Campus Tijuana","url":"https:\/\/www.cetys.mx\/noticias\/author\/campustijuana\/"}]}},"_links":{"self":[{"href":"https:\/\/www.cetys.mx\/noticias\/wp-json\/wp\/v2\/posts\/222256","targetHints":{"allow":["GET"]}}],"collection":[{"href":"https:\/\/www.cetys.mx\/noticias\/wp-json\/wp\/v2\/posts"}],"about":[{"href":"https:\/\/www.cetys.mx\/noticias\/wp-json\/wp\/v2\/types\/post"}],"author":[{"embeddable":true,"href":"https:\/\/www.cetys.mx\/noticias\/wp-json\/wp\/v2\/users\/24"}],"replies":[{"embeddable":true,"href":"https:\/\/www.cetys.mx\/noticias\/wp-json\/wp\/v2\/comments?post=222256"}],"version-history":[{"count":4,"href":"https:\/\/www.cetys.mx\/noticias\/wp-json\/wp\/v2\/posts\/222256\/revisions"}],"predecessor-version":[{"id":222266,"href":"https:\/\/www.cetys.mx\/noticias\/wp-json\/wp\/v2\/posts\/222256\/revisions\/222266"}],"wp:featuredmedia":[{"embeddable":true,"href":"https:\/\/www.cetys.mx\/noticias\/wp-json\/wp\/v2\/media\/222261"}],"wp:attachment":[{"href":"https:\/\/www.cetys.mx\/noticias\/wp-json\/wp\/v2\/media?parent=222256"}],"wp:term":[{"taxonomy":"category","embeddable":true,"href":"https:\/\/www.cetys.mx\/noticias\/wp-json\/wp\/v2\/categories?post=222256"},{"taxonomy":"post_tag","embeddable":true,"href":"https:\/\/www.cetys.mx\/noticias\/wp-json\/wp\/v2\/tags?post=222256"}],"curies":[{"name":"wp","href":"https:\/\/api.w.org\/{rel}","templated":true}]}}