{"id":222184,"date":"2026-04-28T17:09:46","date_gmt":"2026-04-29T00:09:46","guid":{"rendered":"https:\/\/www.cetys.mx\/noticias\/?p=222184"},"modified":"2026-04-28T17:59:09","modified_gmt":"2026-04-29T00:59:09","slug":"sentinelfox-de-cetys-destaca-en-la-inauguracion-de-intuitive-en-mexicali","status":"publish","type":"post","link":"https:\/\/www.cetys.mx\/noticias\/sentinelfox-de-cetys-destaca-en-la-inauguracion-de-intuitive-en-mexicali\/","title":{"rendered":"SentinelFox de CETYS destaca en la inauguraci\u00f3n de Intuitive en Mexicali"},"content":{"rendered":"<p><span style=\"font-weight: 400;\">El equipo de rob\u00f3tica <strong>SentinelFox<\/strong> de <strong>CETYS Preparatoria Campus Mexicali<\/strong>, particip\u00f3 en la inauguraci\u00f3n del tercer edificio de <strong>Intuitive Surgical<\/strong> en la ciudad. Este evento reafirma la s\u00f3lida vinculaci\u00f3n entre la academia y la industria de manufactura avanzada en Baja California.<\/span><\/p>\n<p><span style=\"font-weight: 400;\">Durante la ceremonia, el robot VICTOR-IA, desarrollado por estudiantes de CETYS y el robot Tuercas, de Grupo Educativo 16 de septiembre, fueron los encargados de automatizar el tradicional corte de list\u00f3n, convirti\u00e9ndose en uno de los momentos m\u00e1s representativos del evento. Esta participaci\u00f3n no solo evidenci\u00f3 el talento local, sino tambi\u00e9n el impacto de iniciativas que impulsan la formaci\u00f3n en \u00e1reas STEM, respaldadas por la Fundaci\u00f3n Intuitive.<\/span><\/p>\n<p><span style=\"font-weight: 400;\">La inauguraci\u00f3n, realizada en el Campus Carranza, cont\u00f3 con la presencia de autoridades estatales y directivos de la compa\u00f1\u00eda global, como parte de la expansi\u00f3n de sus operaciones en la capital del estado.<\/span><\/p>\n<p><img loading=\"lazy\" decoding=\"async\" class=\" wp-image-222185 aligncenter\" src=\"https:\/\/www.cetys.mx\/noticias\/wp-content\/uploads\/2026\/04\/IMG_2674.jpg\" alt=\"\" width=\"880\" height=\"495\" srcset=\"https:\/\/www.cetys.mx\/noticias\/wp-content\/uploads\/2026\/04\/IMG_2674.jpg 958w, https:\/\/www.cetys.mx\/noticias\/wp-content\/uploads\/2026\/04\/IMG_2674-768x432.jpg 768w\" sizes=\"auto, (max-width: 880px) 100vw, 880px\" \/><\/p>\n<p>En su intervenci\u00f3n, el secretario de Econom\u00eda e Innovaci\u00f3n, Kurt Honold Morales, destac\u00f3 que Baja California se consolida como el principal hub de dispositivos m\u00e9dicos en Am\u00e9rica Latina. Subray\u00f3 que proyectos como el de Intuitive fortalecen la participaci\u00f3n del estado en cadenas globales de valor altamente especializadas, generando empleos de alto nivel y promoviendo un crecimiento sostenible.<\/p>\n<p><span style=\"font-weight: 400;\">Carlos Aguirre, vicepresidente senior de manufactura para Norteam\u00e9rica, se\u00f1al\u00f3 que la colaboraci\u00f3n con universidades e instituciones t\u00e9cnicas ha sido fundamental para el desarrollo de talento especializado, elemento clave para el \u00e9xito de la industria. En este contexto, la participaci\u00f3n de SentinelFox y el desarrollo de tecnolog\u00edas como VICTOR-IA reflejan el potencial de los estudiantes para integrarse y contribuir a sectores de alta especializaci\u00f3n.<\/span><\/p>\n<p><span style=\"font-weight: 400;\">Este evento simboliza no solo la expansi\u00f3n de una empresa l\u00edder a nivel global, sino tambi\u00e9n la consolidaci\u00f3n de un ecosistema de innovaci\u00f3n en el que la educaci\u00f3n, la industria y el talento local convergen para impulsar el futuro de la regi\u00f3n.<\/span><\/p>\n","protected":false},"excerpt":{"rendered":"<p>El equipo de rob\u00f3tica SentinelFox de CETYS Preparatoria Campus Mexicali, particip\u00f3 en la inauguraci\u00f3n del tercer edificio de Intuitive Surgical en la&#8230;<\/p>\n","protected":false},"author":20,"featured_media":222186,"comment_status":"open","ping_status":"closed","sticky":false,"template":"","format":"standard","meta":{"footnotes":""},"categories":[133,125,306,313],"tags":[],"class_list":["post-222184","post","type-post","status-publish","format-standard","has-post-thumbnail","hentry","category-campus-mexicali","category-portada","category-profesional","category-vocetys-2"],"yoast_head":"<!-- This site is optimized with the Yoast SEO plugin v27.4 - https:\/\/yoast.com\/product\/yoast-seo-wordpress\/ -->\n<title>SentinelFox de CETYS destaca en la inauguraci\u00f3n de Intuitive en Mexicali - CETYS<\/title>\n<meta name=\"description\" content=\"Articulo sobre SentinelFox de CETYS destaca en la inauguraci\u00f3n de Intuitive en Mexicali\" \/>\n<meta name=\"robots\" content=\"index, follow, max-snippet:-1, max-image-preview:large, max-video-preview:-1\" \/>\n<link rel=\"canonical\" href=\"https:\/\/www.cetys.mx\/noticias\/sentinelfox-de-cetys-destaca-en-la-inauguracion-de-intuitive-en-mexicali\/\" \/>\n<meta property=\"og:locale\" content=\"es_MX\" \/>\n<meta property=\"og:type\" content=\"article\" \/>\n<meta property=\"og:title\" content=\"SentinelFox de CETYS destaca en la inauguraci\u00f3n de Intuitive en Mexicali - CETYS\" \/>\n<meta property=\"og:description\" content=\"Articulo sobre SentinelFox de CETYS destaca en la inauguraci\u00f3n de Intuitive en Mexicali\" \/>\n<meta property=\"og:url\" content=\"https:\/\/www.cetys.mx\/noticias\/sentinelfox-de-cetys-destaca-en-la-inauguracion-de-intuitive-en-mexicali\/\" \/>\n<meta property=\"og:site_name\" content=\"CETYS\" \/>\n<meta property=\"article:publisher\" content=\"https:\/\/www.facebook.com\/cetysuniversidadmxl\/\" \/>\n<meta property=\"article:published_time\" content=\"2026-04-29T00:09:46+00:00\" \/>\n<meta property=\"article:modified_time\" content=\"2026-04-29T00:59:09+00:00\" \/>\n<meta property=\"og:image\" content=\"https:\/\/www.cetys.mx\/noticias\/wp-content\/uploads\/2026\/04\/168C0549-6DB7-456D-A85F-39E5E98B92C6.jpg\" \/>\n\t<meta property=\"og:image:width\" content=\"958\" \/>\n\t<meta property=\"og:image:height\" content=\"539\" \/>\n\t<meta property=\"og:image:type\" content=\"image\/jpeg\" \/>\n<meta name=\"author\" content=\"Campus Mexicali\" \/>\n<meta name=\"twitter:card\" content=\"summary_large_image\" \/>\n<meta name=\"twitter:creator\" content=\"@cetysuni\" \/>\n<meta name=\"twitter:site\" content=\"@cetysuni\" \/>\n<meta name=\"twitter:label1\" content=\"Escrito por\" \/>\n\t<meta name=\"twitter:data1\" content=\"Campus Mexicali\" \/>\n\t<meta name=\"twitter:label2\" content=\"Tiempo de lectura\" \/>\n\t<meta name=\"twitter:data2\" content=\"2 minutos\" \/>\n<script type=\"application\/ld+json\" class=\"yoast-schema-graph\">{\"@context\":\"https:\\\/\\\/schema.org\",\"@graph\":[{\"@type\":\"Article\",\"@id\":\"https:\\\/\\\/www.cetys.mx\\\/noticias\\\/sentinelfox-de-cetys-destaca-en-la-inauguracion-de-intuitive-en-mexicali\\\/#article\",\"isPartOf\":{\"@id\":\"https:\\\/\\\/www.cetys.mx\\\/noticias\\\/sentinelfox-de-cetys-destaca-en-la-inauguracion-de-intuitive-en-mexicali\\\/\"},\"author\":{\"name\":\"Campus Mexicali\",\"@id\":\"https:\\\/\\\/www.cetys.mx\\\/noticias\\\/#\\\/schema\\\/person\\\/79a95c4ac185f3705cf1b9c9340a5f70\"},\"headline\":\"SentinelFox de CETYS destaca en la inauguraci\u00f3n de Intuitive en Mexicali\",\"datePublished\":\"2026-04-29T00:09:46+00:00\",\"dateModified\":\"2026-04-29T00:59:09+00:00\",\"mainEntityOfPage\":{\"@id\":\"https:\\\/\\\/www.cetys.mx\\\/noticias\\\/sentinelfox-de-cetys-destaca-en-la-inauguracion-de-intuitive-en-mexicali\\\/\"},\"wordCount\":348,\"commentCount\":0,\"image\":{\"@id\":\"https:\\\/\\\/www.cetys.mx\\\/noticias\\\/sentinelfox-de-cetys-destaca-en-la-inauguracion-de-intuitive-en-mexicali\\\/#primaryimage\"},\"thumbnailUrl\":\"https:\\\/\\\/www.cetys.mx\\\/noticias\\\/wp-content\\\/uploads\\\/2026\\\/04\\\/168C0549-6DB7-456D-A85F-39E5E98B92C6.jpg\",\"articleSection\":[\"Campus Mexicali\",\"Portada\",\"Profesional\",\"VoCETYS\"],\"inLanguage\":\"es\",\"potentialAction\":[{\"@type\":\"CommentAction\",\"name\":\"Comment\",\"target\":[\"https:\\\/\\\/www.cetys.mx\\\/noticias\\\/sentinelfox-de-cetys-destaca-en-la-inauguracion-de-intuitive-en-mexicali\\\/#respond\"]}]},{\"@type\":\"WebPage\",\"@id\":\"https:\\\/\\\/www.cetys.mx\\\/noticias\\\/sentinelfox-de-cetys-destaca-en-la-inauguracion-de-intuitive-en-mexicali\\\/\",\"url\":\"https:\\\/\\\/www.cetys.mx\\\/noticias\\\/sentinelfox-de-cetys-destaca-en-la-inauguracion-de-intuitive-en-mexicali\\\/\",\"name\":\"SentinelFox de CETYS destaca en la inauguraci\u00f3n de Intuitive en Mexicali - CETYS\",\"isPartOf\":{\"@id\":\"https:\\\/\\\/www.cetys.mx\\\/noticias\\\/#website\"},\"primaryImageOfPage\":{\"@id\":\"https:\\\/\\\/www.cetys.mx\\\/noticias\\\/sentinelfox-de-cetys-destaca-en-la-inauguracion-de-intuitive-en-mexicali\\\/#primaryimage\"},\"image\":{\"@id\":\"https:\\\/\\\/www.cetys.mx\\\/noticias\\\/sentinelfox-de-cetys-destaca-en-la-inauguracion-de-intuitive-en-mexicali\\\/#primaryimage\"},\"thumbnailUrl\":\"https:\\\/\\\/www.cetys.mx\\\/noticias\\\/wp-content\\\/uploads\\\/2026\\\/04\\\/168C0549-6DB7-456D-A85F-39E5E98B92C6.jpg\",\"datePublished\":\"2026-04-29T00:09:46+00:00\",\"dateModified\":\"2026-04-29T00:59:09+00:00\",\"author\":{\"@id\":\"https:\\\/\\\/www.cetys.mx\\\/noticias\\\/#\\\/schema\\\/person\\\/79a95c4ac185f3705cf1b9c9340a5f70\"},\"description\":\"Articulo sobre SentinelFox de CETYS destaca en la inauguraci\u00f3n de Intuitive en Mexicali\",\"breadcrumb\":{\"@id\":\"https:\\\/\\\/www.cetys.mx\\\/noticias\\\/sentinelfox-de-cetys-destaca-en-la-inauguracion-de-intuitive-en-mexicali\\\/#breadcrumb\"},\"inLanguage\":\"es\",\"potentialAction\":[{\"@type\":\"ReadAction\",\"target\":[\"https:\\\/\\\/www.cetys.mx\\\/noticias\\\/sentinelfox-de-cetys-destaca-en-la-inauguracion-de-intuitive-en-mexicali\\\/\"]}]},{\"@type\":\"ImageObject\",\"inLanguage\":\"es\",\"@id\":\"https:\\\/\\\/www.cetys.mx\\\/noticias\\\/sentinelfox-de-cetys-destaca-en-la-inauguracion-de-intuitive-en-mexicali\\\/#primaryimage\",\"url\":\"https:\\\/\\\/www.cetys.mx\\\/noticias\\\/wp-content\\\/uploads\\\/2026\\\/04\\\/168C0549-6DB7-456D-A85F-39E5E98B92C6.jpg\",\"contentUrl\":\"https:\\\/\\\/www.cetys.mx\\\/noticias\\\/wp-content\\\/uploads\\\/2026\\\/04\\\/168C0549-6DB7-456D-A85F-39E5E98B92C6.jpg\",\"width\":958,\"height\":539},{\"@type\":\"BreadcrumbList\",\"@id\":\"https:\\\/\\\/www.cetys.mx\\\/noticias\\\/sentinelfox-de-cetys-destaca-en-la-inauguracion-de-intuitive-en-mexicali\\\/#breadcrumb\",\"itemListElement\":[{\"@type\":\"ListItem\",\"position\":1,\"name\":\"Inicio\",\"item\":\"https:\\\/\\\/www.cetys.mx\\\/noticias\\\/\"},{\"@type\":\"ListItem\",\"position\":2,\"name\":\"SentinelFox de CETYS destaca en la inauguraci\u00f3n de Intuitive en Mexicali\"}]},{\"@type\":\"WebSite\",\"@id\":\"https:\\\/\\\/www.cetys.mx\\\/noticias\\\/#website\",\"url\":\"https:\\\/\\\/www.cetys.mx\\\/noticias\\\/\",\"name\":\"CETYS\",\"description\":\"\",\"potentialAction\":[{\"@type\":\"SearchAction\",\"target\":{\"@type\":\"EntryPoint\",\"urlTemplate\":\"https:\\\/\\\/www.cetys.mx\\\/noticias\\\/?s={search_term_string}\"},\"query-input\":{\"@type\":\"PropertyValueSpecification\",\"valueRequired\":true,\"valueName\":\"search_term_string\"}}],\"inLanguage\":\"es\"},{\"@type\":\"Person\",\"@id\":\"https:\\\/\\\/www.cetys.mx\\\/noticias\\\/#\\\/schema\\\/person\\\/79a95c4ac185f3705cf1b9c9340a5f70\",\"name\":\"Campus Mexicali\",\"url\":\"https:\\\/\\\/www.cetys.mx\\\/noticias\\\/author\\\/campusmexicali\\\/\"}]}<\/script>\n<!-- \/ Yoast SEO plugin. -->","yoast_head_json":{"title":"SentinelFox de CETYS destaca en la inauguraci\u00f3n de Intuitive en Mexicali - CETYS","description":"Articulo sobre SentinelFox de CETYS destaca en la inauguraci\u00f3n de Intuitive en Mexicali","robots":{"index":"index","follow":"follow","max-snippet":"max-snippet:-1","max-image-preview":"max-image-preview:large","max-video-preview":"max-video-preview:-1"},"canonical":"https:\/\/www.cetys.mx\/noticias\/sentinelfox-de-cetys-destaca-en-la-inauguracion-de-intuitive-en-mexicali\/","og_locale":"es_MX","og_type":"article","og_title":"SentinelFox de CETYS destaca en la inauguraci\u00f3n de Intuitive en Mexicali - CETYS","og_description":"Articulo sobre SentinelFox de CETYS destaca en la inauguraci\u00f3n de Intuitive en Mexicali","og_url":"https:\/\/www.cetys.mx\/noticias\/sentinelfox-de-cetys-destaca-en-la-inauguracion-de-intuitive-en-mexicali\/","og_site_name":"CETYS","article_publisher":"https:\/\/www.facebook.com\/cetysuniversidadmxl\/","article_published_time":"2026-04-29T00:09:46+00:00","article_modified_time":"2026-04-29T00:59:09+00:00","og_image":[{"width":958,"height":539,"url":"https:\/\/www.cetys.mx\/noticias\/wp-content\/uploads\/2026\/04\/168C0549-6DB7-456D-A85F-39E5E98B92C6.jpg","type":"image\/jpeg"}],"author":"Campus Mexicali","twitter_card":"summary_large_image","twitter_creator":"@cetysuni","twitter_site":"@cetysuni","twitter_misc":{"Escrito por":"Campus Mexicali","Tiempo de lectura":"2 minutos"},"schema":{"@context":"https:\/\/schema.org","@graph":[{"@type":"Article","@id":"https:\/\/www.cetys.mx\/noticias\/sentinelfox-de-cetys-destaca-en-la-inauguracion-de-intuitive-en-mexicali\/#article","isPartOf":{"@id":"https:\/\/www.cetys.mx\/noticias\/sentinelfox-de-cetys-destaca-en-la-inauguracion-de-intuitive-en-mexicali\/"},"author":{"name":"Campus Mexicali","@id":"https:\/\/www.cetys.mx\/noticias\/#\/schema\/person\/79a95c4ac185f3705cf1b9c9340a5f70"},"headline":"SentinelFox de CETYS destaca en la inauguraci\u00f3n de Intuitive en Mexicali","datePublished":"2026-04-29T00:09:46+00:00","dateModified":"2026-04-29T00:59:09+00:00","mainEntityOfPage":{"@id":"https:\/\/www.cetys.mx\/noticias\/sentinelfox-de-cetys-destaca-en-la-inauguracion-de-intuitive-en-mexicali\/"},"wordCount":348,"commentCount":0,"image":{"@id":"https:\/\/www.cetys.mx\/noticias\/sentinelfox-de-cetys-destaca-en-la-inauguracion-de-intuitive-en-mexicali\/#primaryimage"},"thumbnailUrl":"https:\/\/www.cetys.mx\/noticias\/wp-content\/uploads\/2026\/04\/168C0549-6DB7-456D-A85F-39E5E98B92C6.jpg","articleSection":["Campus Mexicali","Portada","Profesional","VoCETYS"],"inLanguage":"es","potentialAction":[{"@type":"CommentAction","name":"Comment","target":["https:\/\/www.cetys.mx\/noticias\/sentinelfox-de-cetys-destaca-en-la-inauguracion-de-intuitive-en-mexicali\/#respond"]}]},{"@type":"WebPage","@id":"https:\/\/www.cetys.mx\/noticias\/sentinelfox-de-cetys-destaca-en-la-inauguracion-de-intuitive-en-mexicali\/","url":"https:\/\/www.cetys.mx\/noticias\/sentinelfox-de-cetys-destaca-en-la-inauguracion-de-intuitive-en-mexicali\/","name":"SentinelFox de CETYS destaca en la inauguraci\u00f3n de Intuitive en Mexicali - CETYS","isPartOf":{"@id":"https:\/\/www.cetys.mx\/noticias\/#website"},"primaryImageOfPage":{"@id":"https:\/\/www.cetys.mx\/noticias\/sentinelfox-de-cetys-destaca-en-la-inauguracion-de-intuitive-en-mexicali\/#primaryimage"},"image":{"@id":"https:\/\/www.cetys.mx\/noticias\/sentinelfox-de-cetys-destaca-en-la-inauguracion-de-intuitive-en-mexicali\/#primaryimage"},"thumbnailUrl":"https:\/\/www.cetys.mx\/noticias\/wp-content\/uploads\/2026\/04\/168C0549-6DB7-456D-A85F-39E5E98B92C6.jpg","datePublished":"2026-04-29T00:09:46+00:00","dateModified":"2026-04-29T00:59:09+00:00","author":{"@id":"https:\/\/www.cetys.mx\/noticias\/#\/schema\/person\/79a95c4ac185f3705cf1b9c9340a5f70"},"description":"Articulo sobre SentinelFox de CETYS destaca en la inauguraci\u00f3n de Intuitive en Mexicali","breadcrumb":{"@id":"https:\/\/www.cetys.mx\/noticias\/sentinelfox-de-cetys-destaca-en-la-inauguracion-de-intuitive-en-mexicali\/#breadcrumb"},"inLanguage":"es","potentialAction":[{"@type":"ReadAction","target":["https:\/\/www.cetys.mx\/noticias\/sentinelfox-de-cetys-destaca-en-la-inauguracion-de-intuitive-en-mexicali\/"]}]},{"@type":"ImageObject","inLanguage":"es","@id":"https:\/\/www.cetys.mx\/noticias\/sentinelfox-de-cetys-destaca-en-la-inauguracion-de-intuitive-en-mexicali\/#primaryimage","url":"https:\/\/www.cetys.mx\/noticias\/wp-content\/uploads\/2026\/04\/168C0549-6DB7-456D-A85F-39E5E98B92C6.jpg","contentUrl":"https:\/\/www.cetys.mx\/noticias\/wp-content\/uploads\/2026\/04\/168C0549-6DB7-456D-A85F-39E5E98B92C6.jpg","width":958,"height":539},{"@type":"BreadcrumbList","@id":"https:\/\/www.cetys.mx\/noticias\/sentinelfox-de-cetys-destaca-en-la-inauguracion-de-intuitive-en-mexicali\/#breadcrumb","itemListElement":[{"@type":"ListItem","position":1,"name":"Inicio","item":"https:\/\/www.cetys.mx\/noticias\/"},{"@type":"ListItem","position":2,"name":"SentinelFox de CETYS destaca en la inauguraci\u00f3n de Intuitive en Mexicali"}]},{"@type":"WebSite","@id":"https:\/\/www.cetys.mx\/noticias\/#website","url":"https:\/\/www.cetys.mx\/noticias\/","name":"CETYS","description":"","potentialAction":[{"@type":"SearchAction","target":{"@type":"EntryPoint","urlTemplate":"https:\/\/www.cetys.mx\/noticias\/?s={search_term_string}"},"query-input":{"@type":"PropertyValueSpecification","valueRequired":true,"valueName":"search_term_string"}}],"inLanguage":"es"},{"@type":"Person","@id":"https:\/\/www.cetys.mx\/noticias\/#\/schema\/person\/79a95c4ac185f3705cf1b9c9340a5f70","name":"Campus Mexicali","url":"https:\/\/www.cetys.mx\/noticias\/author\/campusmexicali\/"}]}},"_links":{"self":[{"href":"https:\/\/www.cetys.mx\/noticias\/wp-json\/wp\/v2\/posts\/222184","targetHints":{"allow":["GET"]}}],"collection":[{"href":"https:\/\/www.cetys.mx\/noticias\/wp-json\/wp\/v2\/posts"}],"about":[{"href":"https:\/\/www.cetys.mx\/noticias\/wp-json\/wp\/v2\/types\/post"}],"author":[{"embeddable":true,"href":"https:\/\/www.cetys.mx\/noticias\/wp-json\/wp\/v2\/users\/20"}],"replies":[{"embeddable":true,"href":"https:\/\/www.cetys.mx\/noticias\/wp-json\/wp\/v2\/comments?post=222184"}],"version-history":[{"count":1,"href":"https:\/\/www.cetys.mx\/noticias\/wp-json\/wp\/v2\/posts\/222184\/revisions"}],"predecessor-version":[{"id":222187,"href":"https:\/\/www.cetys.mx\/noticias\/wp-json\/wp\/v2\/posts\/222184\/revisions\/222187"}],"wp:featuredmedia":[{"embeddable":true,"href":"https:\/\/www.cetys.mx\/noticias\/wp-json\/wp\/v2\/media\/222186"}],"wp:attachment":[{"href":"https:\/\/www.cetys.mx\/noticias\/wp-json\/wp\/v2\/media?parent=222184"}],"wp:term":[{"taxonomy":"category","embeddable":true,"href":"https:\/\/www.cetys.mx\/noticias\/wp-json\/wp\/v2\/categories?post=222184"},{"taxonomy":"post_tag","embeddable":true,"href":"https:\/\/www.cetys.mx\/noticias\/wp-json\/wp\/v2\/tags?post=222184"}],"curies":[{"name":"wp","href":"https:\/\/api.w.org\/{rel}","templated":true}]}}