{"id":222170,"date":"2026-04-28T17:42:40","date_gmt":"2026-04-29T00:42:40","guid":{"rendered":"https:\/\/www.cetys.mx\/noticias\/?p=222170"},"modified":"2026-04-28T17:42:40","modified_gmt":"2026-04-29T00:42:40","slug":"cetys-universidad-fortalece-la-relacion-academica-internacional-con-foro-mexico-china-en-campus-tijuana","status":"publish","type":"post","link":"https:\/\/www.cetys.mx\/noticias\/cetys-universidad-fortalece-la-relacion-academica-internacional-con-foro-mexico-china-en-campus-tijuana\/","title":{"rendered":"CETYS Universidad fortalece la relaci\u00f3n acad\u00e9mica internacional con foro M\u00e9xico\u2013China en Campus Tijuana"},"content":{"rendered":"<p data-start=\"295\" data-end=\"624\">La Escuela de Administraci\u00f3n y Negocios de CETYS Universidad Campus Tijuana llev\u00f3 a cabo el<strong> &#8220;Foro de Relaciones M\u00e9xico\u2013China: Oportunidades y Retos en el Contexto Global&#8221;,<\/strong> en colaboraci\u00f3n con el Consulado de la Rep\u00fablica Popular China en Tijuana, representado por la C\u00f3nsul General, Mtra. Fu Xinrong.<\/p>\n<p data-start=\"626\" data-end=\"916\">El foro tuvo como objetivo acercar a la comunidad estudiantil a una comprensi\u00f3n integral de la relaci\u00f3n bilateral entre M\u00e9xico y China, mediante el an\u00e1lisis de sus dimensiones econ\u00f3mica, social, pol\u00edtica y cultural, a trav\u00e9s del di\u00e1logo con actores acad\u00e9micos, diplom\u00e1ticos y empresariales.<\/p>\n<p data-start=\"918\" data-end=\"1382\">Durante la inauguraci\u00f3n, la <strong>Mtra. Yanina Rubio B\u00f3jrquez,<\/strong> <em>Directora de CETYS Universidad Campus Tijuana<\/em>, brind\u00f3 un mensaje de bienvenida, destacando la importancia de generar espacios de conexi\u00f3n internacional que fortalezcan la formaci\u00f3n de estudiantes con visi\u00f3n global.<\/p>\n<p data-start=\"918\" data-end=\"1382\">Por su parte, la <strong>Mtra. Fu Xinrong<\/strong> comparti\u00f3 su perspectiva sobre la evoluci\u00f3n y relevancia de la relaci\u00f3n entre ambos pa\u00edses, subrayando las oportunidades de cooperaci\u00f3n en distintos sectores.<\/p>\n<p data-start=\"1384\" data-end=\"1640\">El <strong>Dr. Fernando Le\u00f3n Garc\u00eda<\/strong>,<em> Rector del Sistema CETYS Universidad<\/em>, enfatiz\u00f3 la relevancia de impulsar alianzas estrat\u00e9gicas que contribuyan al desarrollo acad\u00e9mico y profesional del estudiantado, as\u00ed como al fortalecimiento de la vinculaci\u00f3n internacional.<\/p>\n<p data-start=\"1642\" data-end=\"2008\">Como parte central del evento, se llev\u00f3 a cabo el conversatorio <em data-start=\"1706\" data-end=\"1807\">\u201cM\u00e9xico y China en el contexto global: relevancia econ\u00f3mica y cultural de una relaci\u00f3n estrat\u00e9gica\u201d<\/em>, en el que participaron el Dr. Fernando Le\u00f3n Garc\u00eda y la Mtra. Fu Xinrong, abordando los retos y oportunidades de esta relaci\u00f3n bilateral y su impacto en el desarrollo econ\u00f3mico, acad\u00e9mico y cultural.<\/p>\n<div class=\"gallery-slider-wrapper gallery-1\">\n                        <div class=\"gallery-slider\" itemscope itemtype=\"http:\/\/schema.org\/ImageGallery\"><figure class=\"slide\" itemprop=\"associatedMedia\" itemscope itemtype=\"http:\/\/schema.org\/ImageObject\">\n                    <a itemprop=\"contentUrl\" href=\"https:\/\/www.cetys.mx\/noticias\/wp-content\/uploads\/2026\/04\/Foro-Mexico-China-de-CETYS-Tijuana-9.png\">\n                        <img decoding=\"async\" itemprop=\"thumbnail\" class=\"lazyOwl\" src=\"https:\/\/www.cetys.mx\/noticias\/wp-content\/plugins\/jmagz-plugin\/assets\/placeholder\/900x450.png\" data-src=\"https:\/\/www.cetys.mx\/noticias\/wp-content\/uploads\/2026\/04\/Foro-Mexico-China-de-CETYS-Tijuana-9.png\" alt=\"Foro M\u00e9xico-China de CETYS Tijuana (9)\">\n                    <\/a>\n                    <figcaption itemprop=\"caption description\" class=\"slide-caption\">\n                        \n                    <\/figcaption>\n                <\/figure><figure class=\"slide\" itemprop=\"associatedMedia\" itemscope itemtype=\"http:\/\/schema.org\/ImageObject\">\n                    <a itemprop=\"contentUrl\" href=\"https:\/\/www.cetys.mx\/noticias\/wp-content\/uploads\/2026\/04\/Foro-Mexico-China-de-CETYS-Tijuana-5.png\">\n                        <img decoding=\"async\" itemprop=\"thumbnail\" class=\"lazyOwl\" src=\"https:\/\/www.cetys.mx\/noticias\/wp-content\/plugins\/jmagz-plugin\/assets\/placeholder\/900x450.png\" data-src=\"https:\/\/www.cetys.mx\/noticias\/wp-content\/uploads\/2026\/04\/Foro-Mexico-China-de-CETYS-Tijuana-5.png\" alt=\"Foro M\u00e9xico-China de CETYS Tijuana (5)\">\n                    <\/a>\n                    <figcaption itemprop=\"caption description\" class=\"slide-caption\">\n                        \n                    <\/figcaption>\n                <\/figure><figure class=\"slide\" itemprop=\"associatedMedia\" itemscope itemtype=\"http:\/\/schema.org\/ImageObject\">\n                    <a itemprop=\"contentUrl\" href=\"https:\/\/www.cetys.mx\/noticias\/wp-content\/uploads\/2026\/04\/Foro-Mexico-China-de-CETYS-Tijuana-6.png\">\n                        <img decoding=\"async\" itemprop=\"thumbnail\" class=\"lazyOwl\" src=\"https:\/\/www.cetys.mx\/noticias\/wp-content\/plugins\/jmagz-plugin\/assets\/placeholder\/900x450.png\" data-src=\"https:\/\/www.cetys.mx\/noticias\/wp-content\/uploads\/2026\/04\/Foro-Mexico-China-de-CETYS-Tijuana-6.png\" alt=\"Foro M\u00e9xico-China de CETYS Tijuana (6)\">\n                    <\/a>\n                    <figcaption itemprop=\"caption description\" class=\"slide-caption\">\n                        \n                    <\/figcaption>\n                <\/figure><figure class=\"slide\" itemprop=\"associatedMedia\" itemscope itemtype=\"http:\/\/schema.org\/ImageObject\">\n                    <a itemprop=\"contentUrl\" href=\"https:\/\/www.cetys.mx\/noticias\/wp-content\/uploads\/2026\/04\/Foro-Mexico-China-de-CETYS-Tijuana-3.png\">\n                        <img decoding=\"async\" itemprop=\"thumbnail\" class=\"lazyOwl\" src=\"https:\/\/www.cetys.mx\/noticias\/wp-content\/plugins\/jmagz-plugin\/assets\/placeholder\/900x450.png\" data-src=\"https:\/\/www.cetys.mx\/noticias\/wp-content\/uploads\/2026\/04\/Foro-Mexico-China-de-CETYS-Tijuana-3.png\" alt=\"Foro M\u00e9xico-China de CETYS Tijuana (3)\">\n                    <\/a>\n                    <figcaption itemprop=\"caption description\" class=\"slide-caption\">\n                        \n                    <\/figcaption>\n                <\/figure><figure class=\"slide\" itemprop=\"associatedMedia\" itemscope itemtype=\"http:\/\/schema.org\/ImageObject\">\n                    <a itemprop=\"contentUrl\" href=\"https:\/\/www.cetys.mx\/noticias\/wp-content\/uploads\/2026\/04\/Foro-Mexico-China-de-CETYS-Tijuana-4.png\">\n                        <img decoding=\"async\" itemprop=\"thumbnail\" class=\"lazyOwl\" src=\"https:\/\/www.cetys.mx\/noticias\/wp-content\/plugins\/jmagz-plugin\/assets\/placeholder\/900x450.png\" data-src=\"https:\/\/www.cetys.mx\/noticias\/wp-content\/uploads\/2026\/04\/Foro-Mexico-China-de-CETYS-Tijuana-4.png\" alt=\"Foro M\u00e9xico-China de CETYS Tijuana (4)\">\n                    <\/a>\n                    <figcaption itemprop=\"caption description\" class=\"slide-caption\">\n                        \n                    <\/figcaption>\n                <\/figure><figure class=\"slide\" itemprop=\"associatedMedia\" itemscope itemtype=\"http:\/\/schema.org\/ImageObject\">\n                    <a itemprop=\"contentUrl\" href=\"https:\/\/www.cetys.mx\/noticias\/wp-content\/uploads\/2026\/04\/Foro-Mexico-China-de-CETYS-Tijuana-2.png\">\n                        <img decoding=\"async\" itemprop=\"thumbnail\" class=\"lazyOwl\" src=\"https:\/\/www.cetys.mx\/noticias\/wp-content\/plugins\/jmagz-plugin\/assets\/placeholder\/900x450.png\" data-src=\"https:\/\/www.cetys.mx\/noticias\/wp-content\/uploads\/2026\/04\/Foro-Mexico-China-de-CETYS-Tijuana-2.png\" alt=\"Foro M\u00e9xico-China de CETYS Tijuana (2)\">\n                    <\/a>\n                    <figcaption itemprop=\"caption description\" class=\"slide-caption\">\n                        \n                    <\/figcaption>\n                <\/figure><figure class=\"slide\" itemprop=\"associatedMedia\" itemscope itemtype=\"http:\/\/schema.org\/ImageObject\">\n                    <a itemprop=\"contentUrl\" href=\"https:\/\/www.cetys.mx\/noticias\/wp-content\/uploads\/2026\/04\/Foro-Mexico-China-de-CETYS-Tijuana-7.png\">\n                        <img decoding=\"async\" itemprop=\"thumbnail\" class=\"lazyOwl\" src=\"https:\/\/www.cetys.mx\/noticias\/wp-content\/plugins\/jmagz-plugin\/assets\/placeholder\/900x450.png\" data-src=\"https:\/\/www.cetys.mx\/noticias\/wp-content\/uploads\/2026\/04\/Foro-Mexico-China-de-CETYS-Tijuana-7.png\" alt=\"Foro M\u00e9xico-China de CETYS Tijuana (7)\">\n                    <\/a>\n                    <figcaption itemprop=\"caption description\" class=\"slide-caption\">\n                        \n                    <\/figcaption>\n                <\/figure><figure class=\"slide\" itemprop=\"associatedMedia\" itemscope itemtype=\"http:\/\/schema.org\/ImageObject\">\n                    <a itemprop=\"contentUrl\" href=\"https:\/\/www.cetys.mx\/noticias\/wp-content\/uploads\/2026\/04\/Foro-Mexico-China-de-CETYS-Tijuana-8.png\">\n                        <img decoding=\"async\" itemprop=\"thumbnail\" class=\"lazyOwl\" src=\"https:\/\/www.cetys.mx\/noticias\/wp-content\/plugins\/jmagz-plugin\/assets\/placeholder\/900x450.png\" data-src=\"https:\/\/www.cetys.mx\/noticias\/wp-content\/uploads\/2026\/04\/Foro-Mexico-China-de-CETYS-Tijuana-8.png\" alt=\"Foro M\u00e9xico-China de CETYS Tijuana (8)\">\n                    <\/a>\n                    <figcaption itemprop=\"caption description\" class=\"slide-caption\">\n                        \n                    <\/figcaption>\n                <\/figure><\/div>\n                <div class=\"gallery-slider-thumbnail-wrapper\">\n                    <div class=\"gallery-slider-thumbnail\"><div class=\"slide-thumbnail\"><img decoding=\"async\" class=\"lazyOwl\" src=\"https:\/\/www.cetys.mx\/noticias\/wp-content\/plugins\/jmagz-plugin\/assets\/placeholder\/150x75.png\" data-src=\"https:\/\/www.cetys.mx\/noticias\/wp-content\/uploads\/2026\/04\/Foro-Mexico-China-de-CETYS-Tijuana-9.png\" alt=\"Foro M\u00e9xico-China de CETYS Tijuana (9)\"><\/div><div class=\"slide-thumbnail\"><img decoding=\"async\" class=\"lazyOwl\" src=\"https:\/\/www.cetys.mx\/noticias\/wp-content\/plugins\/jmagz-plugin\/assets\/placeholder\/150x75.png\" data-src=\"https:\/\/www.cetys.mx\/noticias\/wp-content\/uploads\/2026\/04\/Foro-Mexico-China-de-CETYS-Tijuana-5.png\" alt=\"Foro M\u00e9xico-China de CETYS Tijuana (5)\"><\/div><div class=\"slide-thumbnail\"><img decoding=\"async\" class=\"lazyOwl\" src=\"https:\/\/www.cetys.mx\/noticias\/wp-content\/plugins\/jmagz-plugin\/assets\/placeholder\/150x75.png\" data-src=\"https:\/\/www.cetys.mx\/noticias\/wp-content\/uploads\/2026\/04\/Foro-Mexico-China-de-CETYS-Tijuana-6.png\" alt=\"Foro M\u00e9xico-China de CETYS Tijuana (6)\"><\/div><div class=\"slide-thumbnail\"><img decoding=\"async\" class=\"lazyOwl\" src=\"https:\/\/www.cetys.mx\/noticias\/wp-content\/plugins\/jmagz-plugin\/assets\/placeholder\/150x75.png\" data-src=\"https:\/\/www.cetys.mx\/noticias\/wp-content\/uploads\/2026\/04\/Foro-Mexico-China-de-CETYS-Tijuana-3.png\" alt=\"Foro M\u00e9xico-China de CETYS Tijuana (3)\"><\/div><div class=\"slide-thumbnail\"><img decoding=\"async\" class=\"lazyOwl\" src=\"https:\/\/www.cetys.mx\/noticias\/wp-content\/plugins\/jmagz-plugin\/assets\/placeholder\/150x75.png\" data-src=\"https:\/\/www.cetys.mx\/noticias\/wp-content\/uploads\/2026\/04\/Foro-Mexico-China-de-CETYS-Tijuana-4.png\" alt=\"Foro M\u00e9xico-China de CETYS Tijuana (4)\"><\/div><div class=\"slide-thumbnail\"><img decoding=\"async\" class=\"lazyOwl\" src=\"https:\/\/www.cetys.mx\/noticias\/wp-content\/plugins\/jmagz-plugin\/assets\/placeholder\/150x75.png\" data-src=\"https:\/\/www.cetys.mx\/noticias\/wp-content\/uploads\/2026\/04\/Foro-Mexico-China-de-CETYS-Tijuana-2.png\" alt=\"Foro M\u00e9xico-China de CETYS Tijuana (2)\"><\/div><div class=\"slide-thumbnail\"><img decoding=\"async\" class=\"lazyOwl\" src=\"https:\/\/www.cetys.mx\/noticias\/wp-content\/plugins\/jmagz-plugin\/assets\/placeholder\/150x75.png\" data-src=\"https:\/\/www.cetys.mx\/noticias\/wp-content\/uploads\/2026\/04\/Foro-Mexico-China-de-CETYS-Tijuana-7.png\" alt=\"Foro M\u00e9xico-China de CETYS Tijuana (7)\"><\/div><div class=\"slide-thumbnail\"><img decoding=\"async\" class=\"lazyOwl\" src=\"https:\/\/www.cetys.mx\/noticias\/wp-content\/plugins\/jmagz-plugin\/assets\/placeholder\/150x75.png\" data-src=\"https:\/\/www.cetys.mx\/noticias\/wp-content\/uploads\/2026\/04\/Foro-Mexico-China-de-CETYS-Tijuana-8.png\" alt=\"Foro M\u00e9xico-China de CETYS Tijuana (8)\"><\/div><\/div><\/div><\/div>\n<p data-start=\"2010\" data-end=\"2306\">En el marco del foro, se realiz\u00f3 la firma de un convenio de colaboraci\u00f3n entre CETYS Universidad y la Universidad de Jianghan, consolidando un paso significativo en el fortalecimiento de la cooperaci\u00f3n acad\u00e9mica internacional y la generaci\u00f3n de oportunidades de intercambio y desarrollo conjunto.<\/p>\n<p data-start=\"2308\" data-end=\"2765\">Posteriormente, se desarroll\u00f3 un panel con la participaci\u00f3n de especialistas del \u00e1mbito acad\u00e9mico, empresarial y gubernamental, entre ellos <strong>Zhao Lixin y Zhang Xinyi<\/strong>, de la Universidad de Jianghan;<strong> Lei Hongliang y Marco Esponda<\/strong>, representantes de Hisense M\u00e9xico; as\u00ed como <strong>Hortencia Medell\u00edn<\/strong>, de Gobierno del Estado de Baja California, y el <strong>Dr. Ismael Plascencia L\u00f3pez<\/strong>, Coordinador de la Licenciatura en Negocios Internacionales Global Program de CETYS Universidad.<\/p>\n<p data-start=\"2767\" data-end=\"3013\">Este espacio permiti\u00f3 profundizar en las din\u00e1micas actuales de la relaci\u00f3n M\u00e9xico\u2013China, as\u00ed como en los desaf\u00edos y oportunidades que representa en el contexto global, fortaleciendo la conexi\u00f3n entre la academia, la industria y el sector p\u00fablico.<\/p>\n<p data-start=\"3015\" data-end=\"3247\">Con iniciativas como este foro, CETYS Universidad reafirma su compromiso con la internacionalizaci\u00f3n, promoviendo el an\u00e1lisis global y la generaci\u00f3n de alianzas estrat\u00e9gicas que contribuyan al desarrollo de su comunidad estudiantil.<\/p>\n","protected":false},"excerpt":{"rendered":"<p>La Escuela de Administraci\u00f3n y Negocios de CETYS Universidad Campus Tijuana llev\u00f3 a cabo el &#8220;Foro de Relaciones M\u00e9xico\u2013China: Oportunidades y Retos&#8230;<\/p>\n","protected":false},"author":24,"featured_media":222180,"comment_status":"open","ping_status":"closed","sticky":false,"template":"","format":"standard","meta":{"footnotes":""},"categories":[134,125],"tags":[6520,328,6551,6474],"class_list":["post-222170","post","type-post","status-publish","format-standard","has-post-thumbnail","hentry","category-campus-tijuana","category-portada","tag-administraciondeempresas","tag-campustijuana","tag-mercadotecniaestrategica","tag-negociosinternacionalesglobalprogram"],"yoast_head":"<!-- This site is optimized with the Yoast SEO plugin v27.4 - https:\/\/yoast.com\/product\/yoast-seo-wordpress\/ -->\n<title>CETYS Universidad fortalece la relaci\u00f3n acad\u00e9mica internacional con foro M\u00e9xico\u2013China en Campus Tijuana - CETYS<\/title>\n<meta name=\"description\" content=\"Articulo sobre CETYS Universidad fortalece la relaci\u00f3n acad\u00e9mica internacional con foro M\u00e9xico\u2013China en Campus Tijuana\" \/>\n<meta name=\"robots\" content=\"index, follow, max-snippet:-1, max-image-preview:large, max-video-preview:-1\" \/>\n<link rel=\"canonical\" href=\"https:\/\/www.cetys.mx\/noticias\/cetys-universidad-fortalece-la-relacion-academica-internacional-con-foro-mexico-china-en-campus-tijuana\/\" \/>\n<meta property=\"og:locale\" content=\"es_MX\" \/>\n<meta property=\"og:type\" content=\"article\" \/>\n<meta property=\"og:title\" content=\"CETYS Universidad fortalece la relaci\u00f3n acad\u00e9mica internacional con foro M\u00e9xico\u2013China en Campus Tijuana - CETYS\" \/>\n<meta property=\"og:description\" content=\"Articulo sobre CETYS Universidad fortalece la relaci\u00f3n acad\u00e9mica internacional con foro M\u00e9xico\u2013China en Campus Tijuana\" \/>\n<meta property=\"og:url\" content=\"https:\/\/www.cetys.mx\/noticias\/cetys-universidad-fortalece-la-relacion-academica-internacional-con-foro-mexico-china-en-campus-tijuana\/\" \/>\n<meta property=\"og:site_name\" content=\"CETYS\" \/>\n<meta property=\"article:publisher\" content=\"https:\/\/www.facebook.com\/cetysuniversidadmxl\/\" \/>\n<meta property=\"article:published_time\" content=\"2026-04-29T00:42:40+00:00\" \/>\n<meta property=\"og:image\" content=\"https:\/\/www.cetys.mx\/noticias\/wp-content\/uploads\/2026\/04\/Foro-Mexico-China-de-CETYS-Tijuana.png\" \/>\n\t<meta property=\"og:image:width\" content=\"958\" \/>\n\t<meta property=\"og:image:height\" content=\"637\" \/>\n\t<meta property=\"og:image:type\" content=\"image\/png\" \/>\n<meta name=\"author\" content=\"Campus Tijuana\" \/>\n<meta name=\"twitter:card\" content=\"summary_large_image\" \/>\n<meta name=\"twitter:creator\" content=\"@cetysuni\" \/>\n<meta name=\"twitter:site\" content=\"@cetysuni\" \/>\n<meta name=\"twitter:label1\" content=\"Escrito por\" \/>\n\t<meta name=\"twitter:data1\" content=\"Campus Tijuana\" \/>\n\t<meta name=\"twitter:label2\" content=\"Tiempo de lectura\" \/>\n\t<meta name=\"twitter:data2\" content=\"3 minutos\" \/>\n<script type=\"application\/ld+json\" class=\"yoast-schema-graph\">{\"@context\":\"https:\\\/\\\/schema.org\",\"@graph\":[{\"@type\":\"Article\",\"@id\":\"https:\\\/\\\/www.cetys.mx\\\/noticias\\\/cetys-universidad-fortalece-la-relacion-academica-internacional-con-foro-mexico-china-en-campus-tijuana\\\/#article\",\"isPartOf\":{\"@id\":\"https:\\\/\\\/www.cetys.mx\\\/noticias\\\/cetys-universidad-fortalece-la-relacion-academica-internacional-con-foro-mexico-china-en-campus-tijuana\\\/\"},\"author\":{\"name\":\"Campus Tijuana\",\"@id\":\"https:\\\/\\\/www.cetys.mx\\\/noticias\\\/#\\\/schema\\\/person\\\/e790051ce60e18ae47cfa87011c8653f\"},\"headline\":\"CETYS Universidad fortalece la relaci\u00f3n acad\u00e9mica internacional con foro M\u00e9xico\u2013China en Campus Tijuana\",\"datePublished\":\"2026-04-29T00:42:40+00:00\",\"mainEntityOfPage\":{\"@id\":\"https:\\\/\\\/www.cetys.mx\\\/noticias\\\/cetys-universidad-fortalece-la-relacion-academica-internacional-con-foro-mexico-china-en-campus-tijuana\\\/\"},\"wordCount\":509,\"commentCount\":0,\"image\":{\"@id\":\"https:\\\/\\\/www.cetys.mx\\\/noticias\\\/cetys-universidad-fortalece-la-relacion-academica-internacional-con-foro-mexico-china-en-campus-tijuana\\\/#primaryimage\"},\"thumbnailUrl\":\"https:\\\/\\\/www.cetys.mx\\\/noticias\\\/wp-content\\\/uploads\\\/2026\\\/04\\\/Foro-Mexico-China-de-CETYS-Tijuana.png\",\"keywords\":[\"AdministraciondeEmpresas\",\"campustijuana\",\"MercadotecniaEstrategica\",\"NegociosInternacionalesGlobalProgram\"],\"articleSection\":[\"Campus Tijuana\",\"Portada\"],\"inLanguage\":\"es\",\"potentialAction\":[{\"@type\":\"CommentAction\",\"name\":\"Comment\",\"target\":[\"https:\\\/\\\/www.cetys.mx\\\/noticias\\\/cetys-universidad-fortalece-la-relacion-academica-internacional-con-foro-mexico-china-en-campus-tijuana\\\/#respond\"]}]},{\"@type\":\"WebPage\",\"@id\":\"https:\\\/\\\/www.cetys.mx\\\/noticias\\\/cetys-universidad-fortalece-la-relacion-academica-internacional-con-foro-mexico-china-en-campus-tijuana\\\/\",\"url\":\"https:\\\/\\\/www.cetys.mx\\\/noticias\\\/cetys-universidad-fortalece-la-relacion-academica-internacional-con-foro-mexico-china-en-campus-tijuana\\\/\",\"name\":\"CETYS Universidad fortalece la relaci\u00f3n acad\u00e9mica internacional con foro M\u00e9xico\u2013China en Campus Tijuana - CETYS\",\"isPartOf\":{\"@id\":\"https:\\\/\\\/www.cetys.mx\\\/noticias\\\/#website\"},\"primaryImageOfPage\":{\"@id\":\"https:\\\/\\\/www.cetys.mx\\\/noticias\\\/cetys-universidad-fortalece-la-relacion-academica-internacional-con-foro-mexico-china-en-campus-tijuana\\\/#primaryimage\"},\"image\":{\"@id\":\"https:\\\/\\\/www.cetys.mx\\\/noticias\\\/cetys-universidad-fortalece-la-relacion-academica-internacional-con-foro-mexico-china-en-campus-tijuana\\\/#primaryimage\"},\"thumbnailUrl\":\"https:\\\/\\\/www.cetys.mx\\\/noticias\\\/wp-content\\\/uploads\\\/2026\\\/04\\\/Foro-Mexico-China-de-CETYS-Tijuana.png\",\"datePublished\":\"2026-04-29T00:42:40+00:00\",\"author\":{\"@id\":\"https:\\\/\\\/www.cetys.mx\\\/noticias\\\/#\\\/schema\\\/person\\\/e790051ce60e18ae47cfa87011c8653f\"},\"description\":\"Articulo sobre CETYS Universidad fortalece la relaci\u00f3n acad\u00e9mica internacional con foro M\u00e9xico\u2013China en Campus Tijuana\",\"breadcrumb\":{\"@id\":\"https:\\\/\\\/www.cetys.mx\\\/noticias\\\/cetys-universidad-fortalece-la-relacion-academica-internacional-con-foro-mexico-china-en-campus-tijuana\\\/#breadcrumb\"},\"inLanguage\":\"es\",\"potentialAction\":[{\"@type\":\"ReadAction\",\"target\":[\"https:\\\/\\\/www.cetys.mx\\\/noticias\\\/cetys-universidad-fortalece-la-relacion-academica-internacional-con-foro-mexico-china-en-campus-tijuana\\\/\"]}]},{\"@type\":\"ImageObject\",\"inLanguage\":\"es\",\"@id\":\"https:\\\/\\\/www.cetys.mx\\\/noticias\\\/cetys-universidad-fortalece-la-relacion-academica-internacional-con-foro-mexico-china-en-campus-tijuana\\\/#primaryimage\",\"url\":\"https:\\\/\\\/www.cetys.mx\\\/noticias\\\/wp-content\\\/uploads\\\/2026\\\/04\\\/Foro-Mexico-China-de-CETYS-Tijuana.png\",\"contentUrl\":\"https:\\\/\\\/www.cetys.mx\\\/noticias\\\/wp-content\\\/uploads\\\/2026\\\/04\\\/Foro-Mexico-China-de-CETYS-Tijuana.png\",\"width\":958,\"height\":637},{\"@type\":\"BreadcrumbList\",\"@id\":\"https:\\\/\\\/www.cetys.mx\\\/noticias\\\/cetys-universidad-fortalece-la-relacion-academica-internacional-con-foro-mexico-china-en-campus-tijuana\\\/#breadcrumb\",\"itemListElement\":[{\"@type\":\"ListItem\",\"position\":1,\"name\":\"Inicio\",\"item\":\"https:\\\/\\\/www.cetys.mx\\\/noticias\\\/\"},{\"@type\":\"ListItem\",\"position\":2,\"name\":\"CETYS Universidad fortalece la relaci\u00f3n acad\u00e9mica internacional con foro M\u00e9xico\u2013China en Campus Tijuana\"}]},{\"@type\":\"WebSite\",\"@id\":\"https:\\\/\\\/www.cetys.mx\\\/noticias\\\/#website\",\"url\":\"https:\\\/\\\/www.cetys.mx\\\/noticias\\\/\",\"name\":\"CETYS\",\"description\":\"\",\"potentialAction\":[{\"@type\":\"SearchAction\",\"target\":{\"@type\":\"EntryPoint\",\"urlTemplate\":\"https:\\\/\\\/www.cetys.mx\\\/noticias\\\/?s={search_term_string}\"},\"query-input\":{\"@type\":\"PropertyValueSpecification\",\"valueRequired\":true,\"valueName\":\"search_term_string\"}}],\"inLanguage\":\"es\"},{\"@type\":\"Person\",\"@id\":\"https:\\\/\\\/www.cetys.mx\\\/noticias\\\/#\\\/schema\\\/person\\\/e790051ce60e18ae47cfa87011c8653f\",\"name\":\"Campus Tijuana\",\"url\":\"https:\\\/\\\/www.cetys.mx\\\/noticias\\\/author\\\/campustijuana\\\/\"}]}<\/script>\n<!-- \/ Yoast SEO plugin. -->","yoast_head_json":{"title":"CETYS Universidad fortalece la relaci\u00f3n acad\u00e9mica internacional con foro M\u00e9xico\u2013China en Campus Tijuana - CETYS","description":"Articulo sobre CETYS Universidad fortalece la relaci\u00f3n acad\u00e9mica internacional con foro M\u00e9xico\u2013China en Campus Tijuana","robots":{"index":"index","follow":"follow","max-snippet":"max-snippet:-1","max-image-preview":"max-image-preview:large","max-video-preview":"max-video-preview:-1"},"canonical":"https:\/\/www.cetys.mx\/noticias\/cetys-universidad-fortalece-la-relacion-academica-internacional-con-foro-mexico-china-en-campus-tijuana\/","og_locale":"es_MX","og_type":"article","og_title":"CETYS Universidad fortalece la relaci\u00f3n acad\u00e9mica internacional con foro M\u00e9xico\u2013China en Campus Tijuana - CETYS","og_description":"Articulo sobre CETYS Universidad fortalece la relaci\u00f3n acad\u00e9mica internacional con foro M\u00e9xico\u2013China en Campus Tijuana","og_url":"https:\/\/www.cetys.mx\/noticias\/cetys-universidad-fortalece-la-relacion-academica-internacional-con-foro-mexico-china-en-campus-tijuana\/","og_site_name":"CETYS","article_publisher":"https:\/\/www.facebook.com\/cetysuniversidadmxl\/","article_published_time":"2026-04-29T00:42:40+00:00","og_image":[{"width":958,"height":637,"url":"https:\/\/www.cetys.mx\/noticias\/wp-content\/uploads\/2026\/04\/Foro-Mexico-China-de-CETYS-Tijuana.png","type":"image\/png"}],"author":"Campus Tijuana","twitter_card":"summary_large_image","twitter_creator":"@cetysuni","twitter_site":"@cetysuni","twitter_misc":{"Escrito por":"Campus Tijuana","Tiempo de lectura":"3 minutos"},"schema":{"@context":"https:\/\/schema.org","@graph":[{"@type":"Article","@id":"https:\/\/www.cetys.mx\/noticias\/cetys-universidad-fortalece-la-relacion-academica-internacional-con-foro-mexico-china-en-campus-tijuana\/#article","isPartOf":{"@id":"https:\/\/www.cetys.mx\/noticias\/cetys-universidad-fortalece-la-relacion-academica-internacional-con-foro-mexico-china-en-campus-tijuana\/"},"author":{"name":"Campus Tijuana","@id":"https:\/\/www.cetys.mx\/noticias\/#\/schema\/person\/e790051ce60e18ae47cfa87011c8653f"},"headline":"CETYS Universidad fortalece la relaci\u00f3n acad\u00e9mica internacional con foro M\u00e9xico\u2013China en Campus Tijuana","datePublished":"2026-04-29T00:42:40+00:00","mainEntityOfPage":{"@id":"https:\/\/www.cetys.mx\/noticias\/cetys-universidad-fortalece-la-relacion-academica-internacional-con-foro-mexico-china-en-campus-tijuana\/"},"wordCount":509,"commentCount":0,"image":{"@id":"https:\/\/www.cetys.mx\/noticias\/cetys-universidad-fortalece-la-relacion-academica-internacional-con-foro-mexico-china-en-campus-tijuana\/#primaryimage"},"thumbnailUrl":"https:\/\/www.cetys.mx\/noticias\/wp-content\/uploads\/2026\/04\/Foro-Mexico-China-de-CETYS-Tijuana.png","keywords":["AdministraciondeEmpresas","campustijuana","MercadotecniaEstrategica","NegociosInternacionalesGlobalProgram"],"articleSection":["Campus Tijuana","Portada"],"inLanguage":"es","potentialAction":[{"@type":"CommentAction","name":"Comment","target":["https:\/\/www.cetys.mx\/noticias\/cetys-universidad-fortalece-la-relacion-academica-internacional-con-foro-mexico-china-en-campus-tijuana\/#respond"]}]},{"@type":"WebPage","@id":"https:\/\/www.cetys.mx\/noticias\/cetys-universidad-fortalece-la-relacion-academica-internacional-con-foro-mexico-china-en-campus-tijuana\/","url":"https:\/\/www.cetys.mx\/noticias\/cetys-universidad-fortalece-la-relacion-academica-internacional-con-foro-mexico-china-en-campus-tijuana\/","name":"CETYS Universidad fortalece la relaci\u00f3n acad\u00e9mica internacional con foro M\u00e9xico\u2013China en Campus Tijuana - CETYS","isPartOf":{"@id":"https:\/\/www.cetys.mx\/noticias\/#website"},"primaryImageOfPage":{"@id":"https:\/\/www.cetys.mx\/noticias\/cetys-universidad-fortalece-la-relacion-academica-internacional-con-foro-mexico-china-en-campus-tijuana\/#primaryimage"},"image":{"@id":"https:\/\/www.cetys.mx\/noticias\/cetys-universidad-fortalece-la-relacion-academica-internacional-con-foro-mexico-china-en-campus-tijuana\/#primaryimage"},"thumbnailUrl":"https:\/\/www.cetys.mx\/noticias\/wp-content\/uploads\/2026\/04\/Foro-Mexico-China-de-CETYS-Tijuana.png","datePublished":"2026-04-29T00:42:40+00:00","author":{"@id":"https:\/\/www.cetys.mx\/noticias\/#\/schema\/person\/e790051ce60e18ae47cfa87011c8653f"},"description":"Articulo sobre CETYS Universidad fortalece la relaci\u00f3n acad\u00e9mica internacional con foro M\u00e9xico\u2013China en Campus Tijuana","breadcrumb":{"@id":"https:\/\/www.cetys.mx\/noticias\/cetys-universidad-fortalece-la-relacion-academica-internacional-con-foro-mexico-china-en-campus-tijuana\/#breadcrumb"},"inLanguage":"es","potentialAction":[{"@type":"ReadAction","target":["https:\/\/www.cetys.mx\/noticias\/cetys-universidad-fortalece-la-relacion-academica-internacional-con-foro-mexico-china-en-campus-tijuana\/"]}]},{"@type":"ImageObject","inLanguage":"es","@id":"https:\/\/www.cetys.mx\/noticias\/cetys-universidad-fortalece-la-relacion-academica-internacional-con-foro-mexico-china-en-campus-tijuana\/#primaryimage","url":"https:\/\/www.cetys.mx\/noticias\/wp-content\/uploads\/2026\/04\/Foro-Mexico-China-de-CETYS-Tijuana.png","contentUrl":"https:\/\/www.cetys.mx\/noticias\/wp-content\/uploads\/2026\/04\/Foro-Mexico-China-de-CETYS-Tijuana.png","width":958,"height":637},{"@type":"BreadcrumbList","@id":"https:\/\/www.cetys.mx\/noticias\/cetys-universidad-fortalece-la-relacion-academica-internacional-con-foro-mexico-china-en-campus-tijuana\/#breadcrumb","itemListElement":[{"@type":"ListItem","position":1,"name":"Inicio","item":"https:\/\/www.cetys.mx\/noticias\/"},{"@type":"ListItem","position":2,"name":"CETYS Universidad fortalece la relaci\u00f3n acad\u00e9mica internacional con foro M\u00e9xico\u2013China en Campus Tijuana"}]},{"@type":"WebSite","@id":"https:\/\/www.cetys.mx\/noticias\/#website","url":"https:\/\/www.cetys.mx\/noticias\/","name":"CETYS","description":"","potentialAction":[{"@type":"SearchAction","target":{"@type":"EntryPoint","urlTemplate":"https:\/\/www.cetys.mx\/noticias\/?s={search_term_string}"},"query-input":{"@type":"PropertyValueSpecification","valueRequired":true,"valueName":"search_term_string"}}],"inLanguage":"es"},{"@type":"Person","@id":"https:\/\/www.cetys.mx\/noticias\/#\/schema\/person\/e790051ce60e18ae47cfa87011c8653f","name":"Campus Tijuana","url":"https:\/\/www.cetys.mx\/noticias\/author\/campustijuana\/"}]}},"_links":{"self":[{"href":"https:\/\/www.cetys.mx\/noticias\/wp-json\/wp\/v2\/posts\/222170","targetHints":{"allow":["GET"]}}],"collection":[{"href":"https:\/\/www.cetys.mx\/noticias\/wp-json\/wp\/v2\/posts"}],"about":[{"href":"https:\/\/www.cetys.mx\/noticias\/wp-json\/wp\/v2\/types\/post"}],"author":[{"embeddable":true,"href":"https:\/\/www.cetys.mx\/noticias\/wp-json\/wp\/v2\/users\/24"}],"replies":[{"embeddable":true,"href":"https:\/\/www.cetys.mx\/noticias\/wp-json\/wp\/v2\/comments?post=222170"}],"version-history":[{"count":1,"href":"https:\/\/www.cetys.mx\/noticias\/wp-json\/wp\/v2\/posts\/222170\/revisions"}],"predecessor-version":[{"id":222188,"href":"https:\/\/www.cetys.mx\/noticias\/wp-json\/wp\/v2\/posts\/222170\/revisions\/222188"}],"wp:featuredmedia":[{"embeddable":true,"href":"https:\/\/www.cetys.mx\/noticias\/wp-json\/wp\/v2\/media\/222180"}],"wp:attachment":[{"href":"https:\/\/www.cetys.mx\/noticias\/wp-json\/wp\/v2\/media?parent=222170"}],"wp:term":[{"taxonomy":"category","embeddable":true,"href":"https:\/\/www.cetys.mx\/noticias\/wp-json\/wp\/v2\/categories?post=222170"},{"taxonomy":"post_tag","embeddable":true,"href":"https:\/\/www.cetys.mx\/noticias\/wp-json\/wp\/v2\/tags?post=222170"}],"curies":[{"name":"wp","href":"https:\/\/api.w.org\/{rel}","templated":true}]}}