{"id":222093,"date":"2026-04-28T09:55:14","date_gmt":"2026-04-28T16:55:14","guid":{"rendered":"https:\/\/www.cetys.mx\/noticias\/?p=222093"},"modified":"2026-04-28T09:56:14","modified_gmt":"2026-04-28T16:56:14","slug":"podcast-agroindustria-para-innovar-y-las-ti-caso-de-berries-y-nopal","status":"publish","type":"post","link":"https:\/\/www.cetys.mx\/noticias\/podcast-agroindustria-para-innovar-y-las-ti-caso-de-berries-y-nopal\/","title":{"rendered":"[Podcast] Agroindustria para innovar y las TI, el caso de las berries y el nopal"},"content":{"rendered":"<div id=\"expanded\" class=\"style-scope ytd-text-inline-expander\"><span class=\"ytAttributedStringHost ytAttributedStringWhiteSpacePreWrap\" dir=\"auto\" role=\"text\"><span class=\"ytAttributedStringLinkInheritColor\" dir=\"auto\">La <strong>Dra. Alejandra Rosales Soto<\/strong>, acad\u00e9mica de la Escuela de Administraci\u00f3n y Negocios de CETYS Universidad Campus Tijuana ha trabajado el tema de la innovaci\u00f3n en la agroindustria de las berries en Baja California, por ello en este episodio tambi\u00e9n fue invitada la <strong>Dra. Ver\u00f3nica Mendoza Ibarra<\/strong>, acad\u00e9mica tambi\u00e9n de la Escuela de Administraci\u00f3n y Negocios en Tijuana quien ha trabajado el tema de innovaci\u00f3n de nopal en Per\u00fa. Si bien existe un miedo del uso de tecnolog\u00eda por procesos deshumanizados, hay una toma de decisiones que busca mejorar las condiciones de las personas que trabajan en la agricultura.<\/span><\/span><\/div>\n<div id=\"snippet\" class=\"style-scope ytd-text-inline-expander\"><\/div>\n<div class=\"style-scope ytd-watch-metadata\">\n<div id=\"video-summary\" class=\"style-scope ytd-structured-description-content-renderer\"><\/div>\n<div id=\"merch-shelf\" class=\"style-scope ytd-structured-description-content-renderer\"><\/div>\n<div id=\"ticket-shelf\" class=\"style-scope ytd-structured-description-content-renderer\"><\/div>\n<div id=\"items\" class=\"style-scope ytd-structured-description-content-renderer\"><\/div>\n<\/div>\n","protected":false},"excerpt":{"rendered":"<p>La Dra. Alejandra Rosales Soto, acad\u00e9mica de la Escuela de Administraci\u00f3n y Negocios de CETYS Universidad Campus Tijuana ha trabajado el tema&#8230;<\/p>\n","protected":false},"author":24,"featured_media":0,"comment_status":"open","ping_status":"closed","sticky":false,"template":"","format":"video","meta":{"footnotes":""},"categories":[147],"tags":[6520,6636,6460,7256,6551,6477],"class_list":["post-222093","post","type-post","status-publish","format-video","hentry","category-video","tag-administraciondeempresas","tag-contadorpublicointernacionalyfinanzas","tag-inteligenciadenegocioseinnovacion","tag-logisticaycomerciointernacional","tag-mercadotecniaestrategica","tag-negociosinternacionales","post_format-post-format-video"],"yoast_head":"<!-- This site is optimized with the Yoast SEO plugin v27.4 - https:\/\/yoast.com\/product\/yoast-seo-wordpress\/ -->\n<title>[Podcast] Agroindustria para innovar y las TI, el caso de las berries y el nopal - CETYS<\/title>\n<meta name=\"description\" content=\"Articulo sobre [Podcast] Agroindustria para innovar y las TI, el caso de las berries y el nopal\" \/>\n<meta name=\"robots\" content=\"index, follow, max-snippet:-1, max-image-preview:large, max-video-preview:-1\" \/>\n<link rel=\"canonical\" href=\"https:\/\/www.cetys.mx\/noticias\/podcast-agroindustria-para-innovar-y-las-ti-caso-de-berries-y-nopal\/\" \/>\n<meta property=\"og:locale\" content=\"es_MX\" \/>\n<meta property=\"og:type\" content=\"article\" \/>\n<meta property=\"og:title\" content=\"[Podcast] Agroindustria para innovar y las TI, el caso de las berries y el nopal - CETYS\" \/>\n<meta property=\"og:description\" content=\"Articulo sobre [Podcast] Agroindustria para innovar y las TI, el caso de las berries y el nopal\" \/>\n<meta property=\"og:url\" content=\"https:\/\/www.cetys.mx\/noticias\/podcast-agroindustria-para-innovar-y-las-ti-caso-de-berries-y-nopal\/\" \/>\n<meta property=\"og:site_name\" content=\"CETYS\" \/>\n<meta property=\"article:publisher\" content=\"https:\/\/www.facebook.com\/cetysuniversidadmxl\/\" \/>\n<meta property=\"article:published_time\" content=\"2026-04-28T16:55:14+00:00\" \/>\n<meta property=\"article:modified_time\" content=\"2026-04-28T16:56:14+00:00\" \/>\n<meta name=\"author\" content=\"Campus Tijuana\" \/>\n<meta name=\"twitter:card\" content=\"summary_large_image\" \/>\n<meta name=\"twitter:creator\" content=\"@cetysuni\" \/>\n<meta name=\"twitter:site\" content=\"@cetysuni\" \/>\n<meta name=\"twitter:label1\" content=\"Escrito por\" \/>\n\t<meta name=\"twitter:data1\" content=\"Campus Tijuana\" \/>\n\t<meta name=\"twitter:label2\" content=\"Tiempo de lectura\" \/>\n\t<meta name=\"twitter:data2\" content=\"1 minuto\" \/>\n<script type=\"application\/ld+json\" class=\"yoast-schema-graph\">{\"@context\":\"https:\\\/\\\/schema.org\",\"@graph\":[{\"@type\":\"Article\",\"@id\":\"https:\\\/\\\/www.cetys.mx\\\/noticias\\\/podcast-agroindustria-para-innovar-y-las-ti-caso-de-berries-y-nopal\\\/#article\",\"isPartOf\":{\"@id\":\"https:\\\/\\\/www.cetys.mx\\\/noticias\\\/podcast-agroindustria-para-innovar-y-las-ti-caso-de-berries-y-nopal\\\/\"},\"author\":{\"name\":\"Campus Tijuana\",\"@id\":\"https:\\\/\\\/www.cetys.mx\\\/noticias\\\/#\\\/schema\\\/person\\\/e790051ce60e18ae47cfa87011c8653f\"},\"headline\":\"[Podcast] Agroindustria para innovar y las TI, el caso de las berries y el nopal\",\"datePublished\":\"2026-04-28T16:55:14+00:00\",\"dateModified\":\"2026-04-28T16:56:14+00:00\",\"mainEntityOfPage\":{\"@id\":\"https:\\\/\\\/www.cetys.mx\\\/noticias\\\/podcast-agroindustria-para-innovar-y-las-ti-caso-de-berries-y-nopal\\\/\"},\"wordCount\":124,\"commentCount\":0,\"keywords\":[\"AdministraciondeEmpresas\",\"ContadorPublicoInternacionalyFinanzas\",\"InteligenciadeNegocioseInnovacion\",\"LogisticayComercioInternacional\",\"MercadotecniaEstrategica\",\"NegociosInternacionales\"],\"articleSection\":[\"Video\"],\"inLanguage\":\"es\",\"potentialAction\":[{\"@type\":\"CommentAction\",\"name\":\"Comment\",\"target\":[\"https:\\\/\\\/www.cetys.mx\\\/noticias\\\/podcast-agroindustria-para-innovar-y-las-ti-caso-de-berries-y-nopal\\\/#respond\"]}]},{\"@type\":\"WebPage\",\"@id\":\"https:\\\/\\\/www.cetys.mx\\\/noticias\\\/podcast-agroindustria-para-innovar-y-las-ti-caso-de-berries-y-nopal\\\/\",\"url\":\"https:\\\/\\\/www.cetys.mx\\\/noticias\\\/podcast-agroindustria-para-innovar-y-las-ti-caso-de-berries-y-nopal\\\/\",\"name\":\"[Podcast] Agroindustria para innovar y las TI, el caso de las berries y el nopal - CETYS\",\"isPartOf\":{\"@id\":\"https:\\\/\\\/www.cetys.mx\\\/noticias\\\/#website\"},\"datePublished\":\"2026-04-28T16:55:14+00:00\",\"dateModified\":\"2026-04-28T16:56:14+00:00\",\"author\":{\"@id\":\"https:\\\/\\\/www.cetys.mx\\\/noticias\\\/#\\\/schema\\\/person\\\/e790051ce60e18ae47cfa87011c8653f\"},\"description\":\"Articulo sobre [Podcast] Agroindustria para innovar y las TI, el caso de las berries y el nopal\",\"breadcrumb\":{\"@id\":\"https:\\\/\\\/www.cetys.mx\\\/noticias\\\/podcast-agroindustria-para-innovar-y-las-ti-caso-de-berries-y-nopal\\\/#breadcrumb\"},\"inLanguage\":\"es\",\"potentialAction\":[{\"@type\":\"ReadAction\",\"target\":[\"https:\\\/\\\/www.cetys.mx\\\/noticias\\\/podcast-agroindustria-para-innovar-y-las-ti-caso-de-berries-y-nopal\\\/\"]}]},{\"@type\":\"BreadcrumbList\",\"@id\":\"https:\\\/\\\/www.cetys.mx\\\/noticias\\\/podcast-agroindustria-para-innovar-y-las-ti-caso-de-berries-y-nopal\\\/#breadcrumb\",\"itemListElement\":[{\"@type\":\"ListItem\",\"position\":1,\"name\":\"Inicio\",\"item\":\"https:\\\/\\\/www.cetys.mx\\\/noticias\\\/\"},{\"@type\":\"ListItem\",\"position\":2,\"name\":\"[Podcast] Agroindustria para innovar y las TI, el caso de las berries y el nopal\"}]},{\"@type\":\"WebSite\",\"@id\":\"https:\\\/\\\/www.cetys.mx\\\/noticias\\\/#website\",\"url\":\"https:\\\/\\\/www.cetys.mx\\\/noticias\\\/\",\"name\":\"CETYS\",\"description\":\"\",\"potentialAction\":[{\"@type\":\"SearchAction\",\"target\":{\"@type\":\"EntryPoint\",\"urlTemplate\":\"https:\\\/\\\/www.cetys.mx\\\/noticias\\\/?s={search_term_string}\"},\"query-input\":{\"@type\":\"PropertyValueSpecification\",\"valueRequired\":true,\"valueName\":\"search_term_string\"}}],\"inLanguage\":\"es\"},{\"@type\":\"Person\",\"@id\":\"https:\\\/\\\/www.cetys.mx\\\/noticias\\\/#\\\/schema\\\/person\\\/e790051ce60e18ae47cfa87011c8653f\",\"name\":\"Campus Tijuana\",\"url\":\"https:\\\/\\\/www.cetys.mx\\\/noticias\\\/author\\\/campustijuana\\\/\"}]}<\/script>\n<!-- \/ Yoast SEO plugin. -->","yoast_head_json":{"title":"[Podcast] Agroindustria para innovar y las TI, el caso de las berries y el nopal - CETYS","description":"Articulo sobre [Podcast] Agroindustria para innovar y las TI, el caso de las berries y el nopal","robots":{"index":"index","follow":"follow","max-snippet":"max-snippet:-1","max-image-preview":"max-image-preview:large","max-video-preview":"max-video-preview:-1"},"canonical":"https:\/\/www.cetys.mx\/noticias\/podcast-agroindustria-para-innovar-y-las-ti-caso-de-berries-y-nopal\/","og_locale":"es_MX","og_type":"article","og_title":"[Podcast] Agroindustria para innovar y las TI, el caso de las berries y el nopal - CETYS","og_description":"Articulo sobre [Podcast] Agroindustria para innovar y las TI, el caso de las berries y el nopal","og_url":"https:\/\/www.cetys.mx\/noticias\/podcast-agroindustria-para-innovar-y-las-ti-caso-de-berries-y-nopal\/","og_site_name":"CETYS","article_publisher":"https:\/\/www.facebook.com\/cetysuniversidadmxl\/","article_published_time":"2026-04-28T16:55:14+00:00","article_modified_time":"2026-04-28T16:56:14+00:00","author":"Campus Tijuana","twitter_card":"summary_large_image","twitter_creator":"@cetysuni","twitter_site":"@cetysuni","twitter_misc":{"Escrito por":"Campus Tijuana","Tiempo de lectura":"1 minuto"},"schema":{"@context":"https:\/\/schema.org","@graph":[{"@type":"Article","@id":"https:\/\/www.cetys.mx\/noticias\/podcast-agroindustria-para-innovar-y-las-ti-caso-de-berries-y-nopal\/#article","isPartOf":{"@id":"https:\/\/www.cetys.mx\/noticias\/podcast-agroindustria-para-innovar-y-las-ti-caso-de-berries-y-nopal\/"},"author":{"name":"Campus Tijuana","@id":"https:\/\/www.cetys.mx\/noticias\/#\/schema\/person\/e790051ce60e18ae47cfa87011c8653f"},"headline":"[Podcast] Agroindustria para innovar y las TI, el caso de las berries y el nopal","datePublished":"2026-04-28T16:55:14+00:00","dateModified":"2026-04-28T16:56:14+00:00","mainEntityOfPage":{"@id":"https:\/\/www.cetys.mx\/noticias\/podcast-agroindustria-para-innovar-y-las-ti-caso-de-berries-y-nopal\/"},"wordCount":124,"commentCount":0,"keywords":["AdministraciondeEmpresas","ContadorPublicoInternacionalyFinanzas","InteligenciadeNegocioseInnovacion","LogisticayComercioInternacional","MercadotecniaEstrategica","NegociosInternacionales"],"articleSection":["Video"],"inLanguage":"es","potentialAction":[{"@type":"CommentAction","name":"Comment","target":["https:\/\/www.cetys.mx\/noticias\/podcast-agroindustria-para-innovar-y-las-ti-caso-de-berries-y-nopal\/#respond"]}]},{"@type":"WebPage","@id":"https:\/\/www.cetys.mx\/noticias\/podcast-agroindustria-para-innovar-y-las-ti-caso-de-berries-y-nopal\/","url":"https:\/\/www.cetys.mx\/noticias\/podcast-agroindustria-para-innovar-y-las-ti-caso-de-berries-y-nopal\/","name":"[Podcast] Agroindustria para innovar y las TI, el caso de las berries y el nopal - CETYS","isPartOf":{"@id":"https:\/\/www.cetys.mx\/noticias\/#website"},"datePublished":"2026-04-28T16:55:14+00:00","dateModified":"2026-04-28T16:56:14+00:00","author":{"@id":"https:\/\/www.cetys.mx\/noticias\/#\/schema\/person\/e790051ce60e18ae47cfa87011c8653f"},"description":"Articulo sobre [Podcast] Agroindustria para innovar y las TI, el caso de las berries y el nopal","breadcrumb":{"@id":"https:\/\/www.cetys.mx\/noticias\/podcast-agroindustria-para-innovar-y-las-ti-caso-de-berries-y-nopal\/#breadcrumb"},"inLanguage":"es","potentialAction":[{"@type":"ReadAction","target":["https:\/\/www.cetys.mx\/noticias\/podcast-agroindustria-para-innovar-y-las-ti-caso-de-berries-y-nopal\/"]}]},{"@type":"BreadcrumbList","@id":"https:\/\/www.cetys.mx\/noticias\/podcast-agroindustria-para-innovar-y-las-ti-caso-de-berries-y-nopal\/#breadcrumb","itemListElement":[{"@type":"ListItem","position":1,"name":"Inicio","item":"https:\/\/www.cetys.mx\/noticias\/"},{"@type":"ListItem","position":2,"name":"[Podcast] Agroindustria para innovar y las TI, el caso de las berries y el nopal"}]},{"@type":"WebSite","@id":"https:\/\/www.cetys.mx\/noticias\/#website","url":"https:\/\/www.cetys.mx\/noticias\/","name":"CETYS","description":"","potentialAction":[{"@type":"SearchAction","target":{"@type":"EntryPoint","urlTemplate":"https:\/\/www.cetys.mx\/noticias\/?s={search_term_string}"},"query-input":{"@type":"PropertyValueSpecification","valueRequired":true,"valueName":"search_term_string"}}],"inLanguage":"es"},{"@type":"Person","@id":"https:\/\/www.cetys.mx\/noticias\/#\/schema\/person\/e790051ce60e18ae47cfa87011c8653f","name":"Campus Tijuana","url":"https:\/\/www.cetys.mx\/noticias\/author\/campustijuana\/"}]}},"_links":{"self":[{"href":"https:\/\/www.cetys.mx\/noticias\/wp-json\/wp\/v2\/posts\/222093","targetHints":{"allow":["GET"]}}],"collection":[{"href":"https:\/\/www.cetys.mx\/noticias\/wp-json\/wp\/v2\/posts"}],"about":[{"href":"https:\/\/www.cetys.mx\/noticias\/wp-json\/wp\/v2\/types\/post"}],"author":[{"embeddable":true,"href":"https:\/\/www.cetys.mx\/noticias\/wp-json\/wp\/v2\/users\/24"}],"replies":[{"embeddable":true,"href":"https:\/\/www.cetys.mx\/noticias\/wp-json\/wp\/v2\/comments?post=222093"}],"version-history":[{"count":2,"href":"https:\/\/www.cetys.mx\/noticias\/wp-json\/wp\/v2\/posts\/222093\/revisions"}],"predecessor-version":[{"id":222095,"href":"https:\/\/www.cetys.mx\/noticias\/wp-json\/wp\/v2\/posts\/222093\/revisions\/222095"}],"wp:attachment":[{"href":"https:\/\/www.cetys.mx\/noticias\/wp-json\/wp\/v2\/media?parent=222093"}],"wp:term":[{"taxonomy":"category","embeddable":true,"href":"https:\/\/www.cetys.mx\/noticias\/wp-json\/wp\/v2\/categories?post=222093"},{"taxonomy":"post_tag","embeddable":true,"href":"https:\/\/www.cetys.mx\/noticias\/wp-json\/wp\/v2\/tags?post=222093"}],"curies":[{"name":"wp","href":"https:\/\/api.w.org\/{rel}","templated":true}]}}