{"id":222091,"date":"2026-04-28T09:47:06","date_gmt":"2026-04-28T16:47:06","guid":{"rendered":"https:\/\/www.cetys.mx\/noticias\/?p=222091"},"modified":"2026-04-28T09:47:06","modified_gmt":"2026-04-28T16:47:06","slug":"video-inauguracion-del-congreso-nacional-de-psicologia-cneip-2026-en-cetys-tijuana","status":"publish","type":"post","link":"https:\/\/www.cetys.mx\/noticias\/video-inauguracion-del-congreso-nacional-de-psicologia-cneip-2026-en-cetys-tijuana\/","title":{"rendered":"[Video] Inauguraci\u00f3n del Congreso Nacional de Psicolog\u00eda CNEIP 2026 en CETYS Tijuana"},"content":{"rendered":"<p>En este video encontrar\u00e1s lo que fue la inauguraci\u00f3n del LII Congreso Nacional de Psicolog\u00eda CNEIP 2026 que este a\u00f1o la sede fue en CETYS Universidad Campus Tijuana. En esta edici\u00f3n asistieron 1206 personas de todo el pa\u00eds.<\/p>\n","protected":false},"excerpt":{"rendered":"<p>En este video encontrar\u00e1s lo que fue la inauguraci\u00f3n del LII Congreso Nacional de Psicolog\u00eda CNEIP 2026 que este a\u00f1o la sede&#8230;<\/p>\n","protected":false},"author":24,"featured_media":222020,"comment_status":"open","ping_status":"closed","sticky":false,"template":"","format":"video","meta":{"footnotes":""},"categories":[147,313],"tags":[328,204,629,6491,487,6623],"class_list":["post-222091","post","type-post","status-publish","format-video","has-post-thumbnail","hentry","category-video","category-vocetys-2","tag-campustijuana","tag-cetysuniversidad","tag-neuropsicologia","tag-psicologiaclinica","tag-psicologiainfantil","tag-psicologiaorganizacional","post_format-post-format-video"],"yoast_head":"<!-- This site is optimized with the Yoast SEO plugin v27.4 - https:\/\/yoast.com\/product\/yoast-seo-wordpress\/ -->\n<title>[Video] Inauguraci\u00f3n del Congreso Nacional de Psicolog\u00eda CNEIP 2026 en CETYS Tijuana - CETYS<\/title>\n<meta name=\"description\" content=\"Articulo sobre [Video] Inauguraci\u00f3n del Congreso Nacional de Psicolog\u00eda CNEIP 2026 en CETYS Tijuana\" \/>\n<meta name=\"robots\" content=\"index, follow, max-snippet:-1, max-image-preview:large, max-video-preview:-1\" \/>\n<link rel=\"canonical\" href=\"https:\/\/www.cetys.mx\/noticias\/video-inauguracion-del-congreso-nacional-de-psicologia-cneip-2026-en-cetys-tijuana\/\" \/>\n<meta property=\"og:locale\" content=\"es_MX\" \/>\n<meta property=\"og:type\" content=\"article\" \/>\n<meta property=\"og:title\" content=\"[Video] Inauguraci\u00f3n del Congreso Nacional de Psicolog\u00eda CNEIP 2026 en CETYS Tijuana - CETYS\" \/>\n<meta property=\"og:description\" content=\"Articulo sobre [Video] Inauguraci\u00f3n del Congreso Nacional de Psicolog\u00eda CNEIP 2026 en CETYS Tijuana\" \/>\n<meta property=\"og:url\" content=\"https:\/\/www.cetys.mx\/noticias\/video-inauguracion-del-congreso-nacional-de-psicologia-cneip-2026-en-cetys-tijuana\/\" \/>\n<meta property=\"og:site_name\" content=\"CETYS\" \/>\n<meta property=\"article:publisher\" content=\"https:\/\/www.facebook.com\/cetysuniversidadmxl\/\" \/>\n<meta property=\"article:published_time\" content=\"2026-04-28T16:47:06+00:00\" \/>\n<meta property=\"og:image\" content=\"https:\/\/www.cetys.mx\/noticias\/wp-content\/uploads\/2026\/04\/unnamed-10.png\" \/>\n\t<meta property=\"og:image:width\" content=\"958\" \/>\n\t<meta property=\"og:image:height\" content=\"637\" \/>\n\t<meta property=\"og:image:type\" content=\"image\/png\" \/>\n<meta name=\"author\" content=\"Campus Tijuana\" \/>\n<meta name=\"twitter:card\" content=\"summary_large_image\" \/>\n<meta name=\"twitter:creator\" content=\"@cetysuni\" \/>\n<meta name=\"twitter:site\" content=\"@cetysuni\" \/>\n<meta name=\"twitter:label1\" content=\"Escrito por\" \/>\n\t<meta name=\"twitter:data1\" content=\"Campus Tijuana\" \/>\n\t<meta name=\"twitter:label2\" content=\"Tiempo de lectura\" \/>\n\t<meta name=\"twitter:data2\" content=\"1 minuto\" \/>\n<script type=\"application\/ld+json\" class=\"yoast-schema-graph\">{\"@context\":\"https:\\\/\\\/schema.org\",\"@graph\":[{\"@type\":\"Article\",\"@id\":\"https:\\\/\\\/www.cetys.mx\\\/noticias\\\/video-inauguracion-del-congreso-nacional-de-psicologia-cneip-2026-en-cetys-tijuana\\\/#article\",\"isPartOf\":{\"@id\":\"https:\\\/\\\/www.cetys.mx\\\/noticias\\\/video-inauguracion-del-congreso-nacional-de-psicologia-cneip-2026-en-cetys-tijuana\\\/\"},\"author\":{\"name\":\"Campus Tijuana\",\"@id\":\"https:\\\/\\\/www.cetys.mx\\\/noticias\\\/#\\\/schema\\\/person\\\/e790051ce60e18ae47cfa87011c8653f\"},\"headline\":\"[Video] Inauguraci\u00f3n del Congreso Nacional de Psicolog\u00eda CNEIP 2026 en CETYS Tijuana\",\"datePublished\":\"2026-04-28T16:47:06+00:00\",\"mainEntityOfPage\":{\"@id\":\"https:\\\/\\\/www.cetys.mx\\\/noticias\\\/video-inauguracion-del-congreso-nacional-de-psicologia-cneip-2026-en-cetys-tijuana\\\/\"},\"wordCount\":55,\"commentCount\":0,\"image\":{\"@id\":\"https:\\\/\\\/www.cetys.mx\\\/noticias\\\/video-inauguracion-del-congreso-nacional-de-psicologia-cneip-2026-en-cetys-tijuana\\\/#primaryimage\"},\"thumbnailUrl\":\"https:\\\/\\\/www.cetys.mx\\\/noticias\\\/wp-content\\\/uploads\\\/2026\\\/04\\\/unnamed-10.png\",\"keywords\":[\"campustijuana\",\"cetysuniversidad\",\"Neuropsicolog\u00eda\",\"PsicologiaClinica\",\"psicologiainfantil\",\"Psicolog\u00edaOrganizacional\"],\"articleSection\":[\"Video\",\"VoCETYS\"],\"inLanguage\":\"es\",\"potentialAction\":[{\"@type\":\"CommentAction\",\"name\":\"Comment\",\"target\":[\"https:\\\/\\\/www.cetys.mx\\\/noticias\\\/video-inauguracion-del-congreso-nacional-de-psicologia-cneip-2026-en-cetys-tijuana\\\/#respond\"]}]},{\"@type\":\"WebPage\",\"@id\":\"https:\\\/\\\/www.cetys.mx\\\/noticias\\\/video-inauguracion-del-congreso-nacional-de-psicologia-cneip-2026-en-cetys-tijuana\\\/\",\"url\":\"https:\\\/\\\/www.cetys.mx\\\/noticias\\\/video-inauguracion-del-congreso-nacional-de-psicologia-cneip-2026-en-cetys-tijuana\\\/\",\"name\":\"[Video] Inauguraci\u00f3n del Congreso Nacional de Psicolog\u00eda CNEIP 2026 en CETYS Tijuana - CETYS\",\"isPartOf\":{\"@id\":\"https:\\\/\\\/www.cetys.mx\\\/noticias\\\/#website\"},\"primaryImageOfPage\":{\"@id\":\"https:\\\/\\\/www.cetys.mx\\\/noticias\\\/video-inauguracion-del-congreso-nacional-de-psicologia-cneip-2026-en-cetys-tijuana\\\/#primaryimage\"},\"image\":{\"@id\":\"https:\\\/\\\/www.cetys.mx\\\/noticias\\\/video-inauguracion-del-congreso-nacional-de-psicologia-cneip-2026-en-cetys-tijuana\\\/#primaryimage\"},\"thumbnailUrl\":\"https:\\\/\\\/www.cetys.mx\\\/noticias\\\/wp-content\\\/uploads\\\/2026\\\/04\\\/unnamed-10.png\",\"datePublished\":\"2026-04-28T16:47:06+00:00\",\"author\":{\"@id\":\"https:\\\/\\\/www.cetys.mx\\\/noticias\\\/#\\\/schema\\\/person\\\/e790051ce60e18ae47cfa87011c8653f\"},\"description\":\"Articulo sobre [Video] Inauguraci\u00f3n del Congreso Nacional de Psicolog\u00eda CNEIP 2026 en CETYS Tijuana\",\"breadcrumb\":{\"@id\":\"https:\\\/\\\/www.cetys.mx\\\/noticias\\\/video-inauguracion-del-congreso-nacional-de-psicologia-cneip-2026-en-cetys-tijuana\\\/#breadcrumb\"},\"inLanguage\":\"es\",\"potentialAction\":[{\"@type\":\"ReadAction\",\"target\":[\"https:\\\/\\\/www.cetys.mx\\\/noticias\\\/video-inauguracion-del-congreso-nacional-de-psicologia-cneip-2026-en-cetys-tijuana\\\/\"]}]},{\"@type\":\"ImageObject\",\"inLanguage\":\"es\",\"@id\":\"https:\\\/\\\/www.cetys.mx\\\/noticias\\\/video-inauguracion-del-congreso-nacional-de-psicologia-cneip-2026-en-cetys-tijuana\\\/#primaryimage\",\"url\":\"https:\\\/\\\/www.cetys.mx\\\/noticias\\\/wp-content\\\/uploads\\\/2026\\\/04\\\/unnamed-10.png\",\"contentUrl\":\"https:\\\/\\\/www.cetys.mx\\\/noticias\\\/wp-content\\\/uploads\\\/2026\\\/04\\\/unnamed-10.png\",\"width\":958,\"height\":637},{\"@type\":\"BreadcrumbList\",\"@id\":\"https:\\\/\\\/www.cetys.mx\\\/noticias\\\/video-inauguracion-del-congreso-nacional-de-psicologia-cneip-2026-en-cetys-tijuana\\\/#breadcrumb\",\"itemListElement\":[{\"@type\":\"ListItem\",\"position\":1,\"name\":\"Inicio\",\"item\":\"https:\\\/\\\/www.cetys.mx\\\/noticias\\\/\"},{\"@type\":\"ListItem\",\"position\":2,\"name\":\"[Video] Inauguraci\u00f3n del Congreso Nacional de Psicolog\u00eda CNEIP 2026 en CETYS Tijuana\"}]},{\"@type\":\"WebSite\",\"@id\":\"https:\\\/\\\/www.cetys.mx\\\/noticias\\\/#website\",\"url\":\"https:\\\/\\\/www.cetys.mx\\\/noticias\\\/\",\"name\":\"CETYS\",\"description\":\"\",\"potentialAction\":[{\"@type\":\"SearchAction\",\"target\":{\"@type\":\"EntryPoint\",\"urlTemplate\":\"https:\\\/\\\/www.cetys.mx\\\/noticias\\\/?s={search_term_string}\"},\"query-input\":{\"@type\":\"PropertyValueSpecification\",\"valueRequired\":true,\"valueName\":\"search_term_string\"}}],\"inLanguage\":\"es\"},{\"@type\":\"Person\",\"@id\":\"https:\\\/\\\/www.cetys.mx\\\/noticias\\\/#\\\/schema\\\/person\\\/e790051ce60e18ae47cfa87011c8653f\",\"name\":\"Campus Tijuana\",\"url\":\"https:\\\/\\\/www.cetys.mx\\\/noticias\\\/author\\\/campustijuana\\\/\"}]}<\/script>\n<!-- \/ Yoast SEO plugin. -->","yoast_head_json":{"title":"[Video] Inauguraci\u00f3n del Congreso Nacional de Psicolog\u00eda CNEIP 2026 en CETYS Tijuana - CETYS","description":"Articulo sobre [Video] Inauguraci\u00f3n del Congreso Nacional de Psicolog\u00eda CNEIP 2026 en CETYS Tijuana","robots":{"index":"index","follow":"follow","max-snippet":"max-snippet:-1","max-image-preview":"max-image-preview:large","max-video-preview":"max-video-preview:-1"},"canonical":"https:\/\/www.cetys.mx\/noticias\/video-inauguracion-del-congreso-nacional-de-psicologia-cneip-2026-en-cetys-tijuana\/","og_locale":"es_MX","og_type":"article","og_title":"[Video] Inauguraci\u00f3n del Congreso Nacional de Psicolog\u00eda CNEIP 2026 en CETYS Tijuana - CETYS","og_description":"Articulo sobre [Video] Inauguraci\u00f3n del Congreso Nacional de Psicolog\u00eda CNEIP 2026 en CETYS Tijuana","og_url":"https:\/\/www.cetys.mx\/noticias\/video-inauguracion-del-congreso-nacional-de-psicologia-cneip-2026-en-cetys-tijuana\/","og_site_name":"CETYS","article_publisher":"https:\/\/www.facebook.com\/cetysuniversidadmxl\/","article_published_time":"2026-04-28T16:47:06+00:00","og_image":[{"width":958,"height":637,"url":"https:\/\/www.cetys.mx\/noticias\/wp-content\/uploads\/2026\/04\/unnamed-10.png","type":"image\/png"}],"author":"Campus Tijuana","twitter_card":"summary_large_image","twitter_creator":"@cetysuni","twitter_site":"@cetysuni","twitter_misc":{"Escrito por":"Campus Tijuana","Tiempo de lectura":"1 minuto"},"schema":{"@context":"https:\/\/schema.org","@graph":[{"@type":"Article","@id":"https:\/\/www.cetys.mx\/noticias\/video-inauguracion-del-congreso-nacional-de-psicologia-cneip-2026-en-cetys-tijuana\/#article","isPartOf":{"@id":"https:\/\/www.cetys.mx\/noticias\/video-inauguracion-del-congreso-nacional-de-psicologia-cneip-2026-en-cetys-tijuana\/"},"author":{"name":"Campus Tijuana","@id":"https:\/\/www.cetys.mx\/noticias\/#\/schema\/person\/e790051ce60e18ae47cfa87011c8653f"},"headline":"[Video] Inauguraci\u00f3n del Congreso Nacional de Psicolog\u00eda CNEIP 2026 en CETYS Tijuana","datePublished":"2026-04-28T16:47:06+00:00","mainEntityOfPage":{"@id":"https:\/\/www.cetys.mx\/noticias\/video-inauguracion-del-congreso-nacional-de-psicologia-cneip-2026-en-cetys-tijuana\/"},"wordCount":55,"commentCount":0,"image":{"@id":"https:\/\/www.cetys.mx\/noticias\/video-inauguracion-del-congreso-nacional-de-psicologia-cneip-2026-en-cetys-tijuana\/#primaryimage"},"thumbnailUrl":"https:\/\/www.cetys.mx\/noticias\/wp-content\/uploads\/2026\/04\/unnamed-10.png","keywords":["campustijuana","cetysuniversidad","Neuropsicolog\u00eda","PsicologiaClinica","psicologiainfantil","Psicolog\u00edaOrganizacional"],"articleSection":["Video","VoCETYS"],"inLanguage":"es","potentialAction":[{"@type":"CommentAction","name":"Comment","target":["https:\/\/www.cetys.mx\/noticias\/video-inauguracion-del-congreso-nacional-de-psicologia-cneip-2026-en-cetys-tijuana\/#respond"]}]},{"@type":"WebPage","@id":"https:\/\/www.cetys.mx\/noticias\/video-inauguracion-del-congreso-nacional-de-psicologia-cneip-2026-en-cetys-tijuana\/","url":"https:\/\/www.cetys.mx\/noticias\/video-inauguracion-del-congreso-nacional-de-psicologia-cneip-2026-en-cetys-tijuana\/","name":"[Video] Inauguraci\u00f3n del Congreso Nacional de Psicolog\u00eda CNEIP 2026 en CETYS Tijuana - CETYS","isPartOf":{"@id":"https:\/\/www.cetys.mx\/noticias\/#website"},"primaryImageOfPage":{"@id":"https:\/\/www.cetys.mx\/noticias\/video-inauguracion-del-congreso-nacional-de-psicologia-cneip-2026-en-cetys-tijuana\/#primaryimage"},"image":{"@id":"https:\/\/www.cetys.mx\/noticias\/video-inauguracion-del-congreso-nacional-de-psicologia-cneip-2026-en-cetys-tijuana\/#primaryimage"},"thumbnailUrl":"https:\/\/www.cetys.mx\/noticias\/wp-content\/uploads\/2026\/04\/unnamed-10.png","datePublished":"2026-04-28T16:47:06+00:00","author":{"@id":"https:\/\/www.cetys.mx\/noticias\/#\/schema\/person\/e790051ce60e18ae47cfa87011c8653f"},"description":"Articulo sobre [Video] Inauguraci\u00f3n del Congreso Nacional de Psicolog\u00eda CNEIP 2026 en CETYS Tijuana","breadcrumb":{"@id":"https:\/\/www.cetys.mx\/noticias\/video-inauguracion-del-congreso-nacional-de-psicologia-cneip-2026-en-cetys-tijuana\/#breadcrumb"},"inLanguage":"es","potentialAction":[{"@type":"ReadAction","target":["https:\/\/www.cetys.mx\/noticias\/video-inauguracion-del-congreso-nacional-de-psicologia-cneip-2026-en-cetys-tijuana\/"]}]},{"@type":"ImageObject","inLanguage":"es","@id":"https:\/\/www.cetys.mx\/noticias\/video-inauguracion-del-congreso-nacional-de-psicologia-cneip-2026-en-cetys-tijuana\/#primaryimage","url":"https:\/\/www.cetys.mx\/noticias\/wp-content\/uploads\/2026\/04\/unnamed-10.png","contentUrl":"https:\/\/www.cetys.mx\/noticias\/wp-content\/uploads\/2026\/04\/unnamed-10.png","width":958,"height":637},{"@type":"BreadcrumbList","@id":"https:\/\/www.cetys.mx\/noticias\/video-inauguracion-del-congreso-nacional-de-psicologia-cneip-2026-en-cetys-tijuana\/#breadcrumb","itemListElement":[{"@type":"ListItem","position":1,"name":"Inicio","item":"https:\/\/www.cetys.mx\/noticias\/"},{"@type":"ListItem","position":2,"name":"[Video] Inauguraci\u00f3n del Congreso Nacional de Psicolog\u00eda CNEIP 2026 en CETYS Tijuana"}]},{"@type":"WebSite","@id":"https:\/\/www.cetys.mx\/noticias\/#website","url":"https:\/\/www.cetys.mx\/noticias\/","name":"CETYS","description":"","potentialAction":[{"@type":"SearchAction","target":{"@type":"EntryPoint","urlTemplate":"https:\/\/www.cetys.mx\/noticias\/?s={search_term_string}"},"query-input":{"@type":"PropertyValueSpecification","valueRequired":true,"valueName":"search_term_string"}}],"inLanguage":"es"},{"@type":"Person","@id":"https:\/\/www.cetys.mx\/noticias\/#\/schema\/person\/e790051ce60e18ae47cfa87011c8653f","name":"Campus Tijuana","url":"https:\/\/www.cetys.mx\/noticias\/author\/campustijuana\/"}]}},"_links":{"self":[{"href":"https:\/\/www.cetys.mx\/noticias\/wp-json\/wp\/v2\/posts\/222091","targetHints":{"allow":["GET"]}}],"collection":[{"href":"https:\/\/www.cetys.mx\/noticias\/wp-json\/wp\/v2\/posts"}],"about":[{"href":"https:\/\/www.cetys.mx\/noticias\/wp-json\/wp\/v2\/types\/post"}],"author":[{"embeddable":true,"href":"https:\/\/www.cetys.mx\/noticias\/wp-json\/wp\/v2\/users\/24"}],"replies":[{"embeddable":true,"href":"https:\/\/www.cetys.mx\/noticias\/wp-json\/wp\/v2\/comments?post=222091"}],"version-history":[{"count":1,"href":"https:\/\/www.cetys.mx\/noticias\/wp-json\/wp\/v2\/posts\/222091\/revisions"}],"predecessor-version":[{"id":222092,"href":"https:\/\/www.cetys.mx\/noticias\/wp-json\/wp\/v2\/posts\/222091\/revisions\/222092"}],"wp:featuredmedia":[{"embeddable":true,"href":"https:\/\/www.cetys.mx\/noticias\/wp-json\/wp\/v2\/media\/222020"}],"wp:attachment":[{"href":"https:\/\/www.cetys.mx\/noticias\/wp-json\/wp\/v2\/media?parent=222091"}],"wp:term":[{"taxonomy":"category","embeddable":true,"href":"https:\/\/www.cetys.mx\/noticias\/wp-json\/wp\/v2\/categories?post=222091"},{"taxonomy":"post_tag","embeddable":true,"href":"https:\/\/www.cetys.mx\/noticias\/wp-json\/wp\/v2\/tags?post=222091"}],"curies":[{"name":"wp","href":"https:\/\/api.w.org\/{rel}","templated":true}]}}