{"id":222082,"date":"2026-04-27T17:56:59","date_gmt":"2026-04-28T00:56:59","guid":{"rendered":"https:\/\/www.cetys.mx\/noticias\/?p=222082"},"modified":"2026-04-27T17:56:59","modified_gmt":"2026-04-28T00:56:59","slug":"diseno-grafico-digital-clave-para-la-economia-y-competitividad","status":"publish","type":"post","link":"https:\/\/www.cetys.mx\/noticias\/diseno-grafico-digital-clave-para-la-economia-y-competitividad\/","title":{"rendered":"Dise\u00f1o gr\u00e1fico digital: Clave para la econom\u00eda y competitividad"},"content":{"rendered":"<p style=\"text-align: center;\"><strong><i>El dise\u00f1o genera confianza. Una marca que cuida su imagen proyecta profesionalismo y credibilidad, lo que influye directamente en la decisi\u00f3n de compra del usuario, explica Experta CETYS<\/i><\/strong><\/p>\n<p><span style=\"font-weight: 400;\">En un entorno cada vez m\u00e1s tecnol\u00f3gico, el papel de los ingenieros en dise\u00f1o gr\u00e1fico digital se ha consolidado como un elemento estrat\u00e9gico para el crecimiento econ\u00f3mico, la innovaci\u00f3n y la competitividad de empresas a nivel local y global.<\/span><\/p>\n<p><span style=\"font-weight: 400;\"><img loading=\"lazy\" decoding=\"async\" class=\" wp-image-202930 alignleft\" src=\"https:\/\/www.cetys.mx\/noticias\/wp-content\/uploads\/2024\/10\/Alejandra_Calderon.jpg\" alt=\"\" width=\"163\" height=\"244\" \/>De acuerdo con la <strong>Mtra. Alejandra Calder\u00f3n<\/strong>, <strong>coordinadora de Ingenier\u00eda en Dise\u00f1o Gr\u00e1fico Digital de CETYS Universidad Campus Mexicali<\/strong>, esta disciplina ha evolucionado significativamente desde los medios tradicionales hacia un ecosistema virtual impulsado por herramientas tecnol\u00f3gicas, plataformas en l\u00ednea e incluso inteligencia artificial.<\/span><\/p>\n<blockquote><p><span style=\"font-weight: 400;\">\u201cHoy pr\u00e1cticamente todo es digital. Las empresas ya no solo venden en un espacio f\u00edsico, sino tambi\u00e9n en plataformas en l\u00ednea, redes sociales y aplicaciones. En todos estos entornos, el dise\u00f1o es clave para facilitar la experiencia del usuario y generar confianza\u201d, explic\u00f3.<\/span><\/p><\/blockquote>\n<p><span style=\"font-weight: 400;\">En este contexto, el dise\u00f1o de la experiencia de usuario (UX) y la interfaz de usuario (UI) son esenciales para lograr una interacci\u00f3n efectiva entre las personas y las plataformas digitales. Un dise\u00f1o bien estructurado facilita la navegaci\u00f3n, mejora la accesibilidad y aumenta la probabilidad de que un usuario permanezca y realice una acci\u00f3n dentro de un sitio o aplicaci\u00f3n.\u00a0<\/span><\/p>\n<blockquote><p><span style=\"font-weight: 400;\">\u201cUn buen dise\u00f1o no se nota, pero un mal dise\u00f1o s\u00ed. Cuando una plataforma no es intuitiva o genera frustraci\u00f3n, el usuario simplemente la abandona\u201d, se\u00f1al\u00f3.<\/span><\/p><\/blockquote>\n<p><span style=\"font-weight: 400;\">Asimismo, la animaci\u00f3n y el desarrollo de videojuegos han contribuido a transformar la manera en que las personas interact\u00faan con la tecnolog\u00eda, incorporando elementos como la gamificaci\u00f3n para incentivar la participaci\u00f3n y permanencia del usuario en distintas plataformas digitales.<\/span><\/p>\n<p><span style=\"font-weight: 400;\">En cuanto al impacto econ\u00f3mico, la especialista destac\u00f3 que el dise\u00f1o gr\u00e1fico digital ha ampliado las oportunidades laborales, permitiendo a los profesionistas trabajar de manera freelance o colaborar con empresas internacionales sin necesidad de trasladarse f\u00edsicamente.<\/span><\/p>\n<blockquote><p><span style=\"font-weight: 400;\">\u201cHoy un dise\u00f1ador puede trabajar desde cualquier lugar con una computadora y conexi\u00f3n a internet. Esto abre oportunidades globales y permite que el talento local participe en proyectos internacionales\u201d, coment\u00f3.<\/span><\/p><\/blockquote>\n<p><span style=\"font-weight: 400;\">Para destacar en esta industria, la Experta CETYS subray\u00f3 la importancia de combinar habilidades t\u00e9cnicas y creativas, as\u00ed como una s\u00f3lida formaci\u00f3n en teor\u00eda del dise\u00f1o, resoluci\u00f3n de problemas y uso estrat\u00e9gico de herramientas digitales. Adem\u00e1s, enfatiz\u00f3 que la inteligencia artificial debe entenderse como una herramienta complementaria que permite optimizar procesos, sin sustituir el criterio humano.<\/span><\/p>\n<p><span style=\"font-weight: 400;\">En el \u00e1mbito empresarial, el dise\u00f1o gr\u00e1fico digital se ha convertido en un factor determinante para la competitividad, especialmente para las marcas locales que buscan posicionarse frente a mercados nacionales e internacionales. \u201cEl dise\u00f1o genera confianza. Una marca que cuida su imagen proyecta profesionalismo y credibilidad, lo que influye directamente en la decisi\u00f3n de compra del usuario\u201d, explic\u00f3.<\/span><\/p>\n<p><span style=\"font-weight: 400;\">Finalmente, la acad\u00e9mica se\u00f1al\u00f3 que uno de los errores m\u00e1s comunes en las empresas es no invertir estrat\u00e9gicamente en dise\u00f1o, carecer de una identidad clara o no desarrollar una estrategia de comunicaci\u00f3n visual alineada a su p\u00fablico objetivo.<\/span><\/p>\n","protected":false},"excerpt":{"rendered":"<p>El dise\u00f1o genera confianza. Una marca que cuida su imagen proyecta profesionalismo y credibilidad, lo que influye directamente en la decisi\u00f3n de&#8230;<\/p>\n","protected":false},"author":20,"featured_media":222083,"comment_status":"open","ping_status":"closed","sticky":false,"template":"","format":"standard","meta":{"footnotes":""},"categories":[133,4579,125,313],"tags":[1622,6509],"class_list":["post-222082","post","type-post","status-publish","format-standard","has-post-thumbnail","hentry","category-campus-mexicali","category-expertos-cetys","category-portada","category-vocetys-2","tag-campusmexicali","tag-disenograficodigital"],"yoast_head":"<!-- This site is optimized with the Yoast SEO plugin v27.4 - https:\/\/yoast.com\/product\/yoast-seo-wordpress\/ -->\n<title>Dise\u00f1o gr\u00e1fico digital: Clave para la econom\u00eda y competitividad - CETYS<\/title>\n<meta name=\"description\" content=\"Articulo sobre Dise\u00f1o gr\u00e1fico digital: Clave para la econom\u00eda y competitividad\" \/>\n<meta name=\"robots\" content=\"index, follow, max-snippet:-1, max-image-preview:large, max-video-preview:-1\" \/>\n<link rel=\"canonical\" href=\"https:\/\/www.cetys.mx\/noticias\/diseno-grafico-digital-clave-para-la-economia-y-competitividad\/\" \/>\n<meta property=\"og:locale\" content=\"es_MX\" \/>\n<meta property=\"og:type\" content=\"article\" \/>\n<meta property=\"og:title\" content=\"Dise\u00f1o gr\u00e1fico digital: Clave para la econom\u00eda y competitividad - CETYS\" \/>\n<meta property=\"og:description\" content=\"Articulo sobre Dise\u00f1o gr\u00e1fico digital: Clave para la econom\u00eda y competitividad\" \/>\n<meta property=\"og:url\" content=\"https:\/\/www.cetys.mx\/noticias\/diseno-grafico-digital-clave-para-la-economia-y-competitividad\/\" \/>\n<meta property=\"og:site_name\" content=\"CETYS\" \/>\n<meta property=\"article:publisher\" content=\"https:\/\/www.facebook.com\/cetysuniversidadmxl\/\" \/>\n<meta property=\"article:published_time\" content=\"2026-04-28T00:56:59+00:00\" \/>\n<meta property=\"og:image\" content=\"https:\/\/www.cetys.mx\/noticias\/wp-content\/uploads\/2026\/04\/idgd.jpg\" \/>\n\t<meta property=\"og:image:width\" content=\"958\" \/>\n\t<meta property=\"og:image:height\" content=\"639\" \/>\n\t<meta property=\"og:image:type\" content=\"image\/jpeg\" \/>\n<meta name=\"author\" content=\"Campus Mexicali\" \/>\n<meta name=\"twitter:card\" content=\"summary_large_image\" \/>\n<meta name=\"twitter:creator\" content=\"@cetysuni\" \/>\n<meta name=\"twitter:site\" content=\"@cetysuni\" \/>\n<meta name=\"twitter:label1\" content=\"Escrito por\" \/>\n\t<meta name=\"twitter:data1\" content=\"Campus Mexicali\" \/>\n\t<meta name=\"twitter:label2\" content=\"Tiempo de lectura\" \/>\n\t<meta name=\"twitter:data2\" content=\"3 minutos\" \/>\n<script type=\"application\/ld+json\" class=\"yoast-schema-graph\">{\"@context\":\"https:\\\/\\\/schema.org\",\"@graph\":[{\"@type\":\"Article\",\"@id\":\"https:\\\/\\\/www.cetys.mx\\\/noticias\\\/diseno-grafico-digital-clave-para-la-economia-y-competitividad\\\/#article\",\"isPartOf\":{\"@id\":\"https:\\\/\\\/www.cetys.mx\\\/noticias\\\/diseno-grafico-digital-clave-para-la-economia-y-competitividad\\\/\"},\"author\":{\"name\":\"Campus Mexicali\",\"@id\":\"https:\\\/\\\/www.cetys.mx\\\/noticias\\\/#\\\/schema\\\/person\\\/79a95c4ac185f3705cf1b9c9340a5f70\"},\"headline\":\"Dise\u00f1o gr\u00e1fico digital: Clave para la econom\u00eda y competitividad\",\"datePublished\":\"2026-04-28T00:56:59+00:00\",\"mainEntityOfPage\":{\"@id\":\"https:\\\/\\\/www.cetys.mx\\\/noticias\\\/diseno-grafico-digital-clave-para-la-economia-y-competitividad\\\/\"},\"wordCount\":568,\"commentCount\":0,\"image\":{\"@id\":\"https:\\\/\\\/www.cetys.mx\\\/noticias\\\/diseno-grafico-digital-clave-para-la-economia-y-competitividad\\\/#primaryimage\"},\"thumbnailUrl\":\"https:\\\/\\\/www.cetys.mx\\\/noticias\\\/wp-content\\\/uploads\\\/2026\\\/04\\\/idgd.jpg\",\"keywords\":[\"campusmexicali\",\"DisenoGraficoDigital\"],\"articleSection\":[\"Campus Mexicali\",\"Expertos CETYS\",\"Portada\",\"VoCETYS\"],\"inLanguage\":\"es\",\"potentialAction\":[{\"@type\":\"CommentAction\",\"name\":\"Comment\",\"target\":[\"https:\\\/\\\/www.cetys.mx\\\/noticias\\\/diseno-grafico-digital-clave-para-la-economia-y-competitividad\\\/#respond\"]}]},{\"@type\":\"WebPage\",\"@id\":\"https:\\\/\\\/www.cetys.mx\\\/noticias\\\/diseno-grafico-digital-clave-para-la-economia-y-competitividad\\\/\",\"url\":\"https:\\\/\\\/www.cetys.mx\\\/noticias\\\/diseno-grafico-digital-clave-para-la-economia-y-competitividad\\\/\",\"name\":\"Dise\u00f1o gr\u00e1fico digital: Clave para la econom\u00eda y competitividad - CETYS\",\"isPartOf\":{\"@id\":\"https:\\\/\\\/www.cetys.mx\\\/noticias\\\/#website\"},\"primaryImageOfPage\":{\"@id\":\"https:\\\/\\\/www.cetys.mx\\\/noticias\\\/diseno-grafico-digital-clave-para-la-economia-y-competitividad\\\/#primaryimage\"},\"image\":{\"@id\":\"https:\\\/\\\/www.cetys.mx\\\/noticias\\\/diseno-grafico-digital-clave-para-la-economia-y-competitividad\\\/#primaryimage\"},\"thumbnailUrl\":\"https:\\\/\\\/www.cetys.mx\\\/noticias\\\/wp-content\\\/uploads\\\/2026\\\/04\\\/idgd.jpg\",\"datePublished\":\"2026-04-28T00:56:59+00:00\",\"author\":{\"@id\":\"https:\\\/\\\/www.cetys.mx\\\/noticias\\\/#\\\/schema\\\/person\\\/79a95c4ac185f3705cf1b9c9340a5f70\"},\"description\":\"Articulo sobre Dise\u00f1o gr\u00e1fico digital: Clave para la econom\u00eda y competitividad\",\"breadcrumb\":{\"@id\":\"https:\\\/\\\/www.cetys.mx\\\/noticias\\\/diseno-grafico-digital-clave-para-la-economia-y-competitividad\\\/#breadcrumb\"},\"inLanguage\":\"es\",\"potentialAction\":[{\"@type\":\"ReadAction\",\"target\":[\"https:\\\/\\\/www.cetys.mx\\\/noticias\\\/diseno-grafico-digital-clave-para-la-economia-y-competitividad\\\/\"]}]},{\"@type\":\"ImageObject\",\"inLanguage\":\"es\",\"@id\":\"https:\\\/\\\/www.cetys.mx\\\/noticias\\\/diseno-grafico-digital-clave-para-la-economia-y-competitividad\\\/#primaryimage\",\"url\":\"https:\\\/\\\/www.cetys.mx\\\/noticias\\\/wp-content\\\/uploads\\\/2026\\\/04\\\/idgd.jpg\",\"contentUrl\":\"https:\\\/\\\/www.cetys.mx\\\/noticias\\\/wp-content\\\/uploads\\\/2026\\\/04\\\/idgd.jpg\",\"width\":958,\"height\":639},{\"@type\":\"BreadcrumbList\",\"@id\":\"https:\\\/\\\/www.cetys.mx\\\/noticias\\\/diseno-grafico-digital-clave-para-la-economia-y-competitividad\\\/#breadcrumb\",\"itemListElement\":[{\"@type\":\"ListItem\",\"position\":1,\"name\":\"Inicio\",\"item\":\"https:\\\/\\\/www.cetys.mx\\\/noticias\\\/\"},{\"@type\":\"ListItem\",\"position\":2,\"name\":\"Dise\u00f1o gr\u00e1fico digital: Clave para la econom\u00eda y competitividad\"}]},{\"@type\":\"WebSite\",\"@id\":\"https:\\\/\\\/www.cetys.mx\\\/noticias\\\/#website\",\"url\":\"https:\\\/\\\/www.cetys.mx\\\/noticias\\\/\",\"name\":\"CETYS\",\"description\":\"\",\"potentialAction\":[{\"@type\":\"SearchAction\",\"target\":{\"@type\":\"EntryPoint\",\"urlTemplate\":\"https:\\\/\\\/www.cetys.mx\\\/noticias\\\/?s={search_term_string}\"},\"query-input\":{\"@type\":\"PropertyValueSpecification\",\"valueRequired\":true,\"valueName\":\"search_term_string\"}}],\"inLanguage\":\"es\"},{\"@type\":\"Person\",\"@id\":\"https:\\\/\\\/www.cetys.mx\\\/noticias\\\/#\\\/schema\\\/person\\\/79a95c4ac185f3705cf1b9c9340a5f70\",\"name\":\"Campus Mexicali\",\"url\":\"https:\\\/\\\/www.cetys.mx\\\/noticias\\\/author\\\/campusmexicali\\\/\"}]}<\/script>\n<!-- \/ Yoast SEO plugin. -->","yoast_head_json":{"title":"Dise\u00f1o gr\u00e1fico digital: Clave para la econom\u00eda y competitividad - CETYS","description":"Articulo sobre Dise\u00f1o gr\u00e1fico digital: Clave para la econom\u00eda y competitividad","robots":{"index":"index","follow":"follow","max-snippet":"max-snippet:-1","max-image-preview":"max-image-preview:large","max-video-preview":"max-video-preview:-1"},"canonical":"https:\/\/www.cetys.mx\/noticias\/diseno-grafico-digital-clave-para-la-economia-y-competitividad\/","og_locale":"es_MX","og_type":"article","og_title":"Dise\u00f1o gr\u00e1fico digital: Clave para la econom\u00eda y competitividad - CETYS","og_description":"Articulo sobre Dise\u00f1o gr\u00e1fico digital: Clave para la econom\u00eda y competitividad","og_url":"https:\/\/www.cetys.mx\/noticias\/diseno-grafico-digital-clave-para-la-economia-y-competitividad\/","og_site_name":"CETYS","article_publisher":"https:\/\/www.facebook.com\/cetysuniversidadmxl\/","article_published_time":"2026-04-28T00:56:59+00:00","og_image":[{"width":958,"height":639,"url":"https:\/\/www.cetys.mx\/noticias\/wp-content\/uploads\/2026\/04\/idgd.jpg","type":"image\/jpeg"}],"author":"Campus Mexicali","twitter_card":"summary_large_image","twitter_creator":"@cetysuni","twitter_site":"@cetysuni","twitter_misc":{"Escrito por":"Campus Mexicali","Tiempo de lectura":"3 minutos"},"schema":{"@context":"https:\/\/schema.org","@graph":[{"@type":"Article","@id":"https:\/\/www.cetys.mx\/noticias\/diseno-grafico-digital-clave-para-la-economia-y-competitividad\/#article","isPartOf":{"@id":"https:\/\/www.cetys.mx\/noticias\/diseno-grafico-digital-clave-para-la-economia-y-competitividad\/"},"author":{"name":"Campus Mexicali","@id":"https:\/\/www.cetys.mx\/noticias\/#\/schema\/person\/79a95c4ac185f3705cf1b9c9340a5f70"},"headline":"Dise\u00f1o gr\u00e1fico digital: Clave para la econom\u00eda y competitividad","datePublished":"2026-04-28T00:56:59+00:00","mainEntityOfPage":{"@id":"https:\/\/www.cetys.mx\/noticias\/diseno-grafico-digital-clave-para-la-economia-y-competitividad\/"},"wordCount":568,"commentCount":0,"image":{"@id":"https:\/\/www.cetys.mx\/noticias\/diseno-grafico-digital-clave-para-la-economia-y-competitividad\/#primaryimage"},"thumbnailUrl":"https:\/\/www.cetys.mx\/noticias\/wp-content\/uploads\/2026\/04\/idgd.jpg","keywords":["campusmexicali","DisenoGraficoDigital"],"articleSection":["Campus Mexicali","Expertos CETYS","Portada","VoCETYS"],"inLanguage":"es","potentialAction":[{"@type":"CommentAction","name":"Comment","target":["https:\/\/www.cetys.mx\/noticias\/diseno-grafico-digital-clave-para-la-economia-y-competitividad\/#respond"]}]},{"@type":"WebPage","@id":"https:\/\/www.cetys.mx\/noticias\/diseno-grafico-digital-clave-para-la-economia-y-competitividad\/","url":"https:\/\/www.cetys.mx\/noticias\/diseno-grafico-digital-clave-para-la-economia-y-competitividad\/","name":"Dise\u00f1o gr\u00e1fico digital: Clave para la econom\u00eda y competitividad - CETYS","isPartOf":{"@id":"https:\/\/www.cetys.mx\/noticias\/#website"},"primaryImageOfPage":{"@id":"https:\/\/www.cetys.mx\/noticias\/diseno-grafico-digital-clave-para-la-economia-y-competitividad\/#primaryimage"},"image":{"@id":"https:\/\/www.cetys.mx\/noticias\/diseno-grafico-digital-clave-para-la-economia-y-competitividad\/#primaryimage"},"thumbnailUrl":"https:\/\/www.cetys.mx\/noticias\/wp-content\/uploads\/2026\/04\/idgd.jpg","datePublished":"2026-04-28T00:56:59+00:00","author":{"@id":"https:\/\/www.cetys.mx\/noticias\/#\/schema\/person\/79a95c4ac185f3705cf1b9c9340a5f70"},"description":"Articulo sobre Dise\u00f1o gr\u00e1fico digital: Clave para la econom\u00eda y competitividad","breadcrumb":{"@id":"https:\/\/www.cetys.mx\/noticias\/diseno-grafico-digital-clave-para-la-economia-y-competitividad\/#breadcrumb"},"inLanguage":"es","potentialAction":[{"@type":"ReadAction","target":["https:\/\/www.cetys.mx\/noticias\/diseno-grafico-digital-clave-para-la-economia-y-competitividad\/"]}]},{"@type":"ImageObject","inLanguage":"es","@id":"https:\/\/www.cetys.mx\/noticias\/diseno-grafico-digital-clave-para-la-economia-y-competitividad\/#primaryimage","url":"https:\/\/www.cetys.mx\/noticias\/wp-content\/uploads\/2026\/04\/idgd.jpg","contentUrl":"https:\/\/www.cetys.mx\/noticias\/wp-content\/uploads\/2026\/04\/idgd.jpg","width":958,"height":639},{"@type":"BreadcrumbList","@id":"https:\/\/www.cetys.mx\/noticias\/diseno-grafico-digital-clave-para-la-economia-y-competitividad\/#breadcrumb","itemListElement":[{"@type":"ListItem","position":1,"name":"Inicio","item":"https:\/\/www.cetys.mx\/noticias\/"},{"@type":"ListItem","position":2,"name":"Dise\u00f1o gr\u00e1fico digital: Clave para la econom\u00eda y competitividad"}]},{"@type":"WebSite","@id":"https:\/\/www.cetys.mx\/noticias\/#website","url":"https:\/\/www.cetys.mx\/noticias\/","name":"CETYS","description":"","potentialAction":[{"@type":"SearchAction","target":{"@type":"EntryPoint","urlTemplate":"https:\/\/www.cetys.mx\/noticias\/?s={search_term_string}"},"query-input":{"@type":"PropertyValueSpecification","valueRequired":true,"valueName":"search_term_string"}}],"inLanguage":"es"},{"@type":"Person","@id":"https:\/\/www.cetys.mx\/noticias\/#\/schema\/person\/79a95c4ac185f3705cf1b9c9340a5f70","name":"Campus Mexicali","url":"https:\/\/www.cetys.mx\/noticias\/author\/campusmexicali\/"}]}},"_links":{"self":[{"href":"https:\/\/www.cetys.mx\/noticias\/wp-json\/wp\/v2\/posts\/222082","targetHints":{"allow":["GET"]}}],"collection":[{"href":"https:\/\/www.cetys.mx\/noticias\/wp-json\/wp\/v2\/posts"}],"about":[{"href":"https:\/\/www.cetys.mx\/noticias\/wp-json\/wp\/v2\/types\/post"}],"author":[{"embeddable":true,"href":"https:\/\/www.cetys.mx\/noticias\/wp-json\/wp\/v2\/users\/20"}],"replies":[{"embeddable":true,"href":"https:\/\/www.cetys.mx\/noticias\/wp-json\/wp\/v2\/comments?post=222082"}],"version-history":[{"count":1,"href":"https:\/\/www.cetys.mx\/noticias\/wp-json\/wp\/v2\/posts\/222082\/revisions"}],"predecessor-version":[{"id":222084,"href":"https:\/\/www.cetys.mx\/noticias\/wp-json\/wp\/v2\/posts\/222082\/revisions\/222084"}],"wp:featuredmedia":[{"embeddable":true,"href":"https:\/\/www.cetys.mx\/noticias\/wp-json\/wp\/v2\/media\/222083"}],"wp:attachment":[{"href":"https:\/\/www.cetys.mx\/noticias\/wp-json\/wp\/v2\/media?parent=222082"}],"wp:term":[{"taxonomy":"category","embeddable":true,"href":"https:\/\/www.cetys.mx\/noticias\/wp-json\/wp\/v2\/categories?post=222082"},{"taxonomy":"post_tag","embeddable":true,"href":"https:\/\/www.cetys.mx\/noticias\/wp-json\/wp\/v2\/tags?post=222082"}],"curies":[{"name":"wp","href":"https:\/\/api.w.org\/{rel}","templated":true}]}}