{"id":222076,"date":"2026-04-27T16:54:13","date_gmt":"2026-04-27T23:54:13","guid":{"rendered":"https:\/\/www.cetys.mx\/noticias\/?p=222076"},"modified":"2026-04-27T16:54:13","modified_gmt":"2026-04-27T23:54:13","slug":"alumnos-cetys-de-mercadotecnia-estrategica-participan-en-gira-academica-por-agencias-de-marketing-en-mexicali","status":"publish","type":"post","link":"https:\/\/www.cetys.mx\/noticias\/alumnos-cetys-de-mercadotecnia-estrategica-participan-en-gira-academica-por-agencias-de-marketing-en-mexicali\/","title":{"rendered":"Alumnos CETYS de Mercadotecnia Estrat\u00e9gica participan en gira acad\u00e9mica por agencias de Marketing en Mexicali"},"content":{"rendered":"<p>El pasado viernes 24 de abril, estudiantes de la <strong><a href=\"https:\/\/www.cetys.mx\/programas\/licenciatura-en-administracion-de-mercadotecnia\/\">Licenciatura Mercadotecnia Estrat\u00e9gica<\/a> <\/strong>de <strong>CETYS Universidad Campus Mexicali<\/strong>, en la materia Mercadotecnia Detallista, guiados por el Dr. Bardo Lim\u00f3n, realizaron una gira acad\u00e9mica por agencias de mercadotecnia y publicidad en Mexicali, con el prop\u00f3sito de conocer de manera directa el funcionamiento real de la industria.<\/p>\n<p>En esta primera etapa, los 25 alumnos visitaron Quattro Marketing Group y Zurdos &amp; Co., donde fueron recibidos por sus directivos, el Lic. Ahemd Hirales y Bernardo Guerrero, respectivamente.<\/p>\n<p>Durante las visitas, los estudiantes escucharon de primera mano la experiencia de los l\u00edderes de agencia, quienes explicaron sus procesos de trabajo, la estructura operativa, el desarrollo de campa\u00f1as y la relaci\u00f3n con clientes. Adem\u00e1s, los alumnos participaron activamente realizando preguntas, lo que les permiti\u00f3 profundizar en temas clave y comprender el \u201clook and feel\u201d real de una agencia profesional.<\/p>\n\n            <style type='text\/css'>\n                #gallery-1 {\n                    margin: auto;\n                }\n                #gallery-1 .gallery-item {\n                    float: left;\n                    margin-top: 10px;\n                    text-align: center;\n                    width: 50%;\n                }\n                #gallery-1 img {\n                    border: 2px solid #cfcfcf;\n                }\n                #gallery-1 .gallery-caption {\n                    margin-left: 0;\n                }\n                \/* see gallery_shortcode() in wp-includes\/media.php *\/\n            <\/style>\n\t\t<div id='gallery-1' class='gallery galleryid-222076 gallery-columns-2 gallery-size-thumbnail'><dl class='gallery-item'>\n                <dt class='gallery-icon landscape'>\n                    <a href='https:\/\/www.cetys.mx\/noticias\/alumnos-cetys-de-mercadotecnia-estrategica-participan-en-gira-academica-por-agencias-de-marketing-en-mexicali\/zurdos-co-2\/'><img loading=\"lazy\" decoding=\"async\" width=\"128\" height=\"72\" src=\"https:\/\/www.cetys.mx\/noticias\/wp-content\/uploads\/2026\/04\/Zurdos-Co-2.jpg\" class=\"attachment-thumbnail size-thumbnail\" alt=\"\" srcset=\"https:\/\/www.cetys.mx\/noticias\/wp-content\/uploads\/2026\/04\/Zurdos-Co-2.jpg 958w, https:\/\/www.cetys.mx\/noticias\/wp-content\/uploads\/2026\/04\/Zurdos-Co-2-768x432.jpg 768w\" sizes=\"auto, (max-width: 128px) 100vw, 128px\" \/><\/a>\n                <\/dt><\/dl><dl class='gallery-item'>\n                <dt class='gallery-icon landscape'>\n                    <a href='https:\/\/www.cetys.mx\/noticias\/alumnos-cetys-de-mercadotecnia-estrategica-participan-en-gira-academica-por-agencias-de-marketing-en-mexicali\/quattro-mg-2\/'><img loading=\"lazy\" decoding=\"async\" width=\"128\" height=\"72\" src=\"https:\/\/www.cetys.mx\/noticias\/wp-content\/uploads\/2026\/04\/Quattro-MG-2.jpg\" class=\"attachment-thumbnail size-thumbnail\" alt=\"\" srcset=\"https:\/\/www.cetys.mx\/noticias\/wp-content\/uploads\/2026\/04\/Quattro-MG-2.jpg 958w, https:\/\/www.cetys.mx\/noticias\/wp-content\/uploads\/2026\/04\/Quattro-MG-2-768x432.jpg 768w\" sizes=\"auto, (max-width: 128px) 100vw, 128px\" \/><\/a>\n                <\/dt><\/dl><br style=\"clear: both\" \/>\n            <\/div>\n\n<p>Esta experiencia fortalece la formaci\u00f3n acad\u00e9mica al conectar la teor\u00eda con la pr\u00e1ctica, permitiendo a los estudiantes entender c\u00f3mo se ejecutan las estrategias de mercadotecnia en contextos reales. Asimismo, impulsa el desarrollo de habilidades como pensamiento estrat\u00e9gico, an\u00e1lisis del entorno, comunicaci\u00f3n profesional y vinculaci\u00f3n con el sector productivo.<\/p>\n<p>La actividad forma parte del enfoque de aprendizaje aplicado que promueve CETYS Universidad, orientado a que sus alumnos desarrollen competencias relevantes para su inserci\u00f3n en el mercado laboral, mediante el contacto directo con empresas y profesionales del sector.<\/p>\n","protected":false},"excerpt":{"rendered":"<p>El pasado viernes 24 de abril, estudiantes de la Licenciatura Mercadotecnia Estrat\u00e9gica de CETYS Universidad Campus Mexicali, en la materia Mercadotecnia Detallista,&#8230;<\/p>\n","protected":false},"author":20,"featured_media":222078,"comment_status":"open","ping_status":"closed","sticky":false,"template":"","format":"standard","meta":{"footnotes":""},"categories":[133,306,313],"tags":[],"class_list":["post-222076","post","type-post","status-publish","format-standard","has-post-thumbnail","hentry","category-campus-mexicali","category-profesional","category-vocetys-2"],"yoast_head":"<!-- This site is optimized with the Yoast SEO plugin v27.4 - https:\/\/yoast.com\/product\/yoast-seo-wordpress\/ -->\n<title>Alumnos CETYS de Mercadotecnia Estrat\u00e9gica participan en gira acad\u00e9mica por agencias de Marketing en Mexicali - CETYS<\/title>\n<meta name=\"description\" content=\"Articulo sobre Alumnos CETYS de Mercadotecnia Estrat\u00e9gica participan en gira acad\u00e9mica por agencias de Marketing en Mexicali\" \/>\n<meta name=\"robots\" content=\"index, follow, max-snippet:-1, max-image-preview:large, max-video-preview:-1\" \/>\n<link rel=\"canonical\" href=\"https:\/\/www.cetys.mx\/noticias\/alumnos-cetys-de-mercadotecnia-estrategica-participan-en-gira-academica-por-agencias-de-marketing-en-mexicali\/\" \/>\n<meta property=\"og:locale\" content=\"es_MX\" \/>\n<meta property=\"og:type\" content=\"article\" \/>\n<meta property=\"og:title\" content=\"Alumnos CETYS de Mercadotecnia Estrat\u00e9gica participan en gira acad\u00e9mica por agencias de Marketing en Mexicali - CETYS\" \/>\n<meta property=\"og:description\" content=\"Articulo sobre Alumnos CETYS de Mercadotecnia Estrat\u00e9gica participan en gira acad\u00e9mica por agencias de Marketing en Mexicali\" \/>\n<meta property=\"og:url\" content=\"https:\/\/www.cetys.mx\/noticias\/alumnos-cetys-de-mercadotecnia-estrategica-participan-en-gira-academica-por-agencias-de-marketing-en-mexicali\/\" \/>\n<meta property=\"og:site_name\" content=\"CETYS\" \/>\n<meta property=\"article:publisher\" content=\"https:\/\/www.facebook.com\/cetysuniversidadmxl\/\" \/>\n<meta property=\"article:published_time\" content=\"2026-04-27T23:54:13+00:00\" \/>\n<meta property=\"og:image\" content=\"https:\/\/www.cetys.mx\/noticias\/wp-content\/uploads\/2026\/04\/Zurdos-Co-1.jpg\" \/>\n\t<meta property=\"og:image:width\" content=\"958\" \/>\n\t<meta property=\"og:image:height\" content=\"539\" \/>\n\t<meta property=\"og:image:type\" content=\"image\/jpeg\" \/>\n<meta name=\"author\" content=\"Campus Mexicali\" \/>\n<meta name=\"twitter:card\" content=\"summary_large_image\" \/>\n<meta name=\"twitter:creator\" content=\"@cetysuni\" \/>\n<meta name=\"twitter:site\" content=\"@cetysuni\" \/>\n<meta name=\"twitter:label1\" content=\"Escrito por\" \/>\n\t<meta name=\"twitter:data1\" content=\"Campus Mexicali\" \/>\n\t<meta name=\"twitter:label2\" content=\"Tiempo de lectura\" \/>\n\t<meta name=\"twitter:data2\" content=\"2 minutos\" \/>\n<script type=\"application\/ld+json\" class=\"yoast-schema-graph\">{\"@context\":\"https:\\\/\\\/schema.org\",\"@graph\":[{\"@type\":\"Article\",\"@id\":\"https:\\\/\\\/www.cetys.mx\\\/noticias\\\/alumnos-cetys-de-mercadotecnia-estrategica-participan-en-gira-academica-por-agencias-de-marketing-en-mexicali\\\/#article\",\"isPartOf\":{\"@id\":\"https:\\\/\\\/www.cetys.mx\\\/noticias\\\/alumnos-cetys-de-mercadotecnia-estrategica-participan-en-gira-academica-por-agencias-de-marketing-en-mexicali\\\/\"},\"author\":{\"name\":\"Campus Mexicali\",\"@id\":\"https:\\\/\\\/www.cetys.mx\\\/noticias\\\/#\\\/schema\\\/person\\\/79a95c4ac185f3705cf1b9c9340a5f70\"},\"headline\":\"Alumnos CETYS de Mercadotecnia Estrat\u00e9gica participan en gira acad\u00e9mica por agencias de Marketing en Mexicali\",\"datePublished\":\"2026-04-27T23:54:13+00:00\",\"mainEntityOfPage\":{\"@id\":\"https:\\\/\\\/www.cetys.mx\\\/noticias\\\/alumnos-cetys-de-mercadotecnia-estrategica-participan-en-gira-academica-por-agencias-de-marketing-en-mexicali\\\/\"},\"wordCount\":265,\"commentCount\":0,\"image\":{\"@id\":\"https:\\\/\\\/www.cetys.mx\\\/noticias\\\/alumnos-cetys-de-mercadotecnia-estrategica-participan-en-gira-academica-por-agencias-de-marketing-en-mexicali\\\/#primaryimage\"},\"thumbnailUrl\":\"https:\\\/\\\/www.cetys.mx\\\/noticias\\\/wp-content\\\/uploads\\\/2026\\\/04\\\/Zurdos-Co-1.jpg\",\"articleSection\":[\"Campus Mexicali\",\"Profesional\",\"VoCETYS\"],\"inLanguage\":\"es\",\"potentialAction\":[{\"@type\":\"CommentAction\",\"name\":\"Comment\",\"target\":[\"https:\\\/\\\/www.cetys.mx\\\/noticias\\\/alumnos-cetys-de-mercadotecnia-estrategica-participan-en-gira-academica-por-agencias-de-marketing-en-mexicali\\\/#respond\"]}]},{\"@type\":\"WebPage\",\"@id\":\"https:\\\/\\\/www.cetys.mx\\\/noticias\\\/alumnos-cetys-de-mercadotecnia-estrategica-participan-en-gira-academica-por-agencias-de-marketing-en-mexicali\\\/\",\"url\":\"https:\\\/\\\/www.cetys.mx\\\/noticias\\\/alumnos-cetys-de-mercadotecnia-estrategica-participan-en-gira-academica-por-agencias-de-marketing-en-mexicali\\\/\",\"name\":\"Alumnos CETYS de Mercadotecnia Estrat\u00e9gica participan en gira acad\u00e9mica por agencias de Marketing en Mexicali - CETYS\",\"isPartOf\":{\"@id\":\"https:\\\/\\\/www.cetys.mx\\\/noticias\\\/#website\"},\"primaryImageOfPage\":{\"@id\":\"https:\\\/\\\/www.cetys.mx\\\/noticias\\\/alumnos-cetys-de-mercadotecnia-estrategica-participan-en-gira-academica-por-agencias-de-marketing-en-mexicali\\\/#primaryimage\"},\"image\":{\"@id\":\"https:\\\/\\\/www.cetys.mx\\\/noticias\\\/alumnos-cetys-de-mercadotecnia-estrategica-participan-en-gira-academica-por-agencias-de-marketing-en-mexicali\\\/#primaryimage\"},\"thumbnailUrl\":\"https:\\\/\\\/www.cetys.mx\\\/noticias\\\/wp-content\\\/uploads\\\/2026\\\/04\\\/Zurdos-Co-1.jpg\",\"datePublished\":\"2026-04-27T23:54:13+00:00\",\"author\":{\"@id\":\"https:\\\/\\\/www.cetys.mx\\\/noticias\\\/#\\\/schema\\\/person\\\/79a95c4ac185f3705cf1b9c9340a5f70\"},\"description\":\"Articulo sobre Alumnos CETYS de Mercadotecnia Estrat\u00e9gica participan en gira acad\u00e9mica por agencias de Marketing en Mexicali\",\"breadcrumb\":{\"@id\":\"https:\\\/\\\/www.cetys.mx\\\/noticias\\\/alumnos-cetys-de-mercadotecnia-estrategica-participan-en-gira-academica-por-agencias-de-marketing-en-mexicali\\\/#breadcrumb\"},\"inLanguage\":\"es\",\"potentialAction\":[{\"@type\":\"ReadAction\",\"target\":[\"https:\\\/\\\/www.cetys.mx\\\/noticias\\\/alumnos-cetys-de-mercadotecnia-estrategica-participan-en-gira-academica-por-agencias-de-marketing-en-mexicali\\\/\"]}]},{\"@type\":\"ImageObject\",\"inLanguage\":\"es\",\"@id\":\"https:\\\/\\\/www.cetys.mx\\\/noticias\\\/alumnos-cetys-de-mercadotecnia-estrategica-participan-en-gira-academica-por-agencias-de-marketing-en-mexicali\\\/#primaryimage\",\"url\":\"https:\\\/\\\/www.cetys.mx\\\/noticias\\\/wp-content\\\/uploads\\\/2026\\\/04\\\/Zurdos-Co-1.jpg\",\"contentUrl\":\"https:\\\/\\\/www.cetys.mx\\\/noticias\\\/wp-content\\\/uploads\\\/2026\\\/04\\\/Zurdos-Co-1.jpg\",\"width\":958,\"height\":539},{\"@type\":\"BreadcrumbList\",\"@id\":\"https:\\\/\\\/www.cetys.mx\\\/noticias\\\/alumnos-cetys-de-mercadotecnia-estrategica-participan-en-gira-academica-por-agencias-de-marketing-en-mexicali\\\/#breadcrumb\",\"itemListElement\":[{\"@type\":\"ListItem\",\"position\":1,\"name\":\"Inicio\",\"item\":\"https:\\\/\\\/www.cetys.mx\\\/noticias\\\/\"},{\"@type\":\"ListItem\",\"position\":2,\"name\":\"Alumnos CETYS de Mercadotecnia Estrat\u00e9gica participan en gira acad\u00e9mica por agencias de Marketing en Mexicali\"}]},{\"@type\":\"WebSite\",\"@id\":\"https:\\\/\\\/www.cetys.mx\\\/noticias\\\/#website\",\"url\":\"https:\\\/\\\/www.cetys.mx\\\/noticias\\\/\",\"name\":\"CETYS\",\"description\":\"\",\"potentialAction\":[{\"@type\":\"SearchAction\",\"target\":{\"@type\":\"EntryPoint\",\"urlTemplate\":\"https:\\\/\\\/www.cetys.mx\\\/noticias\\\/?s={search_term_string}\"},\"query-input\":{\"@type\":\"PropertyValueSpecification\",\"valueRequired\":true,\"valueName\":\"search_term_string\"}}],\"inLanguage\":\"es\"},{\"@type\":\"Person\",\"@id\":\"https:\\\/\\\/www.cetys.mx\\\/noticias\\\/#\\\/schema\\\/person\\\/79a95c4ac185f3705cf1b9c9340a5f70\",\"name\":\"Campus Mexicali\",\"url\":\"https:\\\/\\\/www.cetys.mx\\\/noticias\\\/author\\\/campusmexicali\\\/\"}]}<\/script>\n<!-- \/ Yoast SEO plugin. -->","yoast_head_json":{"title":"Alumnos CETYS de Mercadotecnia Estrat\u00e9gica participan en gira acad\u00e9mica por agencias de Marketing en Mexicali - CETYS","description":"Articulo sobre Alumnos CETYS de Mercadotecnia Estrat\u00e9gica participan en gira acad\u00e9mica por agencias de Marketing en Mexicali","robots":{"index":"index","follow":"follow","max-snippet":"max-snippet:-1","max-image-preview":"max-image-preview:large","max-video-preview":"max-video-preview:-1"},"canonical":"https:\/\/www.cetys.mx\/noticias\/alumnos-cetys-de-mercadotecnia-estrategica-participan-en-gira-academica-por-agencias-de-marketing-en-mexicali\/","og_locale":"es_MX","og_type":"article","og_title":"Alumnos CETYS de Mercadotecnia Estrat\u00e9gica participan en gira acad\u00e9mica por agencias de Marketing en Mexicali - CETYS","og_description":"Articulo sobre Alumnos CETYS de Mercadotecnia Estrat\u00e9gica participan en gira acad\u00e9mica por agencias de Marketing en Mexicali","og_url":"https:\/\/www.cetys.mx\/noticias\/alumnos-cetys-de-mercadotecnia-estrategica-participan-en-gira-academica-por-agencias-de-marketing-en-mexicali\/","og_site_name":"CETYS","article_publisher":"https:\/\/www.facebook.com\/cetysuniversidadmxl\/","article_published_time":"2026-04-27T23:54:13+00:00","og_image":[{"width":958,"height":539,"url":"https:\/\/www.cetys.mx\/noticias\/wp-content\/uploads\/2026\/04\/Zurdos-Co-1.jpg","type":"image\/jpeg"}],"author":"Campus Mexicali","twitter_card":"summary_large_image","twitter_creator":"@cetysuni","twitter_site":"@cetysuni","twitter_misc":{"Escrito por":"Campus Mexicali","Tiempo de lectura":"2 minutos"},"schema":{"@context":"https:\/\/schema.org","@graph":[{"@type":"Article","@id":"https:\/\/www.cetys.mx\/noticias\/alumnos-cetys-de-mercadotecnia-estrategica-participan-en-gira-academica-por-agencias-de-marketing-en-mexicali\/#article","isPartOf":{"@id":"https:\/\/www.cetys.mx\/noticias\/alumnos-cetys-de-mercadotecnia-estrategica-participan-en-gira-academica-por-agencias-de-marketing-en-mexicali\/"},"author":{"name":"Campus Mexicali","@id":"https:\/\/www.cetys.mx\/noticias\/#\/schema\/person\/79a95c4ac185f3705cf1b9c9340a5f70"},"headline":"Alumnos CETYS de Mercadotecnia Estrat\u00e9gica participan en gira acad\u00e9mica por agencias de Marketing en Mexicali","datePublished":"2026-04-27T23:54:13+00:00","mainEntityOfPage":{"@id":"https:\/\/www.cetys.mx\/noticias\/alumnos-cetys-de-mercadotecnia-estrategica-participan-en-gira-academica-por-agencias-de-marketing-en-mexicali\/"},"wordCount":265,"commentCount":0,"image":{"@id":"https:\/\/www.cetys.mx\/noticias\/alumnos-cetys-de-mercadotecnia-estrategica-participan-en-gira-academica-por-agencias-de-marketing-en-mexicali\/#primaryimage"},"thumbnailUrl":"https:\/\/www.cetys.mx\/noticias\/wp-content\/uploads\/2026\/04\/Zurdos-Co-1.jpg","articleSection":["Campus Mexicali","Profesional","VoCETYS"],"inLanguage":"es","potentialAction":[{"@type":"CommentAction","name":"Comment","target":["https:\/\/www.cetys.mx\/noticias\/alumnos-cetys-de-mercadotecnia-estrategica-participan-en-gira-academica-por-agencias-de-marketing-en-mexicali\/#respond"]}]},{"@type":"WebPage","@id":"https:\/\/www.cetys.mx\/noticias\/alumnos-cetys-de-mercadotecnia-estrategica-participan-en-gira-academica-por-agencias-de-marketing-en-mexicali\/","url":"https:\/\/www.cetys.mx\/noticias\/alumnos-cetys-de-mercadotecnia-estrategica-participan-en-gira-academica-por-agencias-de-marketing-en-mexicali\/","name":"Alumnos CETYS de Mercadotecnia Estrat\u00e9gica participan en gira acad\u00e9mica por agencias de Marketing en Mexicali - CETYS","isPartOf":{"@id":"https:\/\/www.cetys.mx\/noticias\/#website"},"primaryImageOfPage":{"@id":"https:\/\/www.cetys.mx\/noticias\/alumnos-cetys-de-mercadotecnia-estrategica-participan-en-gira-academica-por-agencias-de-marketing-en-mexicali\/#primaryimage"},"image":{"@id":"https:\/\/www.cetys.mx\/noticias\/alumnos-cetys-de-mercadotecnia-estrategica-participan-en-gira-academica-por-agencias-de-marketing-en-mexicali\/#primaryimage"},"thumbnailUrl":"https:\/\/www.cetys.mx\/noticias\/wp-content\/uploads\/2026\/04\/Zurdos-Co-1.jpg","datePublished":"2026-04-27T23:54:13+00:00","author":{"@id":"https:\/\/www.cetys.mx\/noticias\/#\/schema\/person\/79a95c4ac185f3705cf1b9c9340a5f70"},"description":"Articulo sobre Alumnos CETYS de Mercadotecnia Estrat\u00e9gica participan en gira acad\u00e9mica por agencias de Marketing en Mexicali","breadcrumb":{"@id":"https:\/\/www.cetys.mx\/noticias\/alumnos-cetys-de-mercadotecnia-estrategica-participan-en-gira-academica-por-agencias-de-marketing-en-mexicali\/#breadcrumb"},"inLanguage":"es","potentialAction":[{"@type":"ReadAction","target":["https:\/\/www.cetys.mx\/noticias\/alumnos-cetys-de-mercadotecnia-estrategica-participan-en-gira-academica-por-agencias-de-marketing-en-mexicali\/"]}]},{"@type":"ImageObject","inLanguage":"es","@id":"https:\/\/www.cetys.mx\/noticias\/alumnos-cetys-de-mercadotecnia-estrategica-participan-en-gira-academica-por-agencias-de-marketing-en-mexicali\/#primaryimage","url":"https:\/\/www.cetys.mx\/noticias\/wp-content\/uploads\/2026\/04\/Zurdos-Co-1.jpg","contentUrl":"https:\/\/www.cetys.mx\/noticias\/wp-content\/uploads\/2026\/04\/Zurdos-Co-1.jpg","width":958,"height":539},{"@type":"BreadcrumbList","@id":"https:\/\/www.cetys.mx\/noticias\/alumnos-cetys-de-mercadotecnia-estrategica-participan-en-gira-academica-por-agencias-de-marketing-en-mexicali\/#breadcrumb","itemListElement":[{"@type":"ListItem","position":1,"name":"Inicio","item":"https:\/\/www.cetys.mx\/noticias\/"},{"@type":"ListItem","position":2,"name":"Alumnos CETYS de Mercadotecnia Estrat\u00e9gica participan en gira acad\u00e9mica por agencias de Marketing en Mexicali"}]},{"@type":"WebSite","@id":"https:\/\/www.cetys.mx\/noticias\/#website","url":"https:\/\/www.cetys.mx\/noticias\/","name":"CETYS","description":"","potentialAction":[{"@type":"SearchAction","target":{"@type":"EntryPoint","urlTemplate":"https:\/\/www.cetys.mx\/noticias\/?s={search_term_string}"},"query-input":{"@type":"PropertyValueSpecification","valueRequired":true,"valueName":"search_term_string"}}],"inLanguage":"es"},{"@type":"Person","@id":"https:\/\/www.cetys.mx\/noticias\/#\/schema\/person\/79a95c4ac185f3705cf1b9c9340a5f70","name":"Campus Mexicali","url":"https:\/\/www.cetys.mx\/noticias\/author\/campusmexicali\/"}]}},"_links":{"self":[{"href":"https:\/\/www.cetys.mx\/noticias\/wp-json\/wp\/v2\/posts\/222076","targetHints":{"allow":["GET"]}}],"collection":[{"href":"https:\/\/www.cetys.mx\/noticias\/wp-json\/wp\/v2\/posts"}],"about":[{"href":"https:\/\/www.cetys.mx\/noticias\/wp-json\/wp\/v2\/types\/post"}],"author":[{"embeddable":true,"href":"https:\/\/www.cetys.mx\/noticias\/wp-json\/wp\/v2\/users\/20"}],"replies":[{"embeddable":true,"href":"https:\/\/www.cetys.mx\/noticias\/wp-json\/wp\/v2\/comments?post=222076"}],"version-history":[{"count":1,"href":"https:\/\/www.cetys.mx\/noticias\/wp-json\/wp\/v2\/posts\/222076\/revisions"}],"predecessor-version":[{"id":222080,"href":"https:\/\/www.cetys.mx\/noticias\/wp-json\/wp\/v2\/posts\/222076\/revisions\/222080"}],"wp:featuredmedia":[{"embeddable":true,"href":"https:\/\/www.cetys.mx\/noticias\/wp-json\/wp\/v2\/media\/222078"}],"wp:attachment":[{"href":"https:\/\/www.cetys.mx\/noticias\/wp-json\/wp\/v2\/media?parent=222076"}],"wp:term":[{"taxonomy":"category","embeddable":true,"href":"https:\/\/www.cetys.mx\/noticias\/wp-json\/wp\/v2\/categories?post=222076"},{"taxonomy":"post_tag","embeddable":true,"href":"https:\/\/www.cetys.mx\/noticias\/wp-json\/wp\/v2\/tags?post=222076"}],"curies":[{"name":"wp","href":"https:\/\/api.w.org\/{rel}","templated":true}]}}