{"id":222048,"date":"2026-04-27T08:38:40","date_gmt":"2026-04-27T15:38:40","guid":{"rendered":"https:\/\/www.cetys.mx\/noticias\/?p=222048"},"modified":"2026-04-27T08:42:07","modified_gmt":"2026-04-27T15:42:07","slug":"cetys-universidad-fortalece-su-compromiso-con-la-innovacion-educativa-en-el-wscuc-arc-2026","status":"publish","type":"post","link":"https:\/\/www.cetys.mx\/noticias\/cetys-universidad-fortalece-su-compromiso-con-la-innovacion-educativa-en-el-wscuc-arc-2026\/","title":{"rendered":"CETYS Universidad fortalece su compromiso con la innovaci\u00f3n educativa en el WSCUC ARC 2026"},"content":{"rendered":"<p style=\"text-align: center;\"><span style=\"font-weight: 400;\">Este evento se llev\u00f3 a cabo del 8 al 10 de abril de 2026 en San Francisco, CA.<\/span><\/p>\n<p><span style=\"font-weight: 400;\">La calidad educativa se construye con visi\u00f3n, evidencia y colaboraci\u00f3n global, bajo este principio, una representaci\u00f3n acad\u00e9mica de CETYS Universidad particip\u00f3 en el <\/span><b>WSCUC Accreditation Resource Conference (ARC) 2026<\/b><span style=\"font-weight: 400;\">, uno de los foros internacionales m\u00e1s relevantes en materia de acreditaci\u00f3n y mejora continua en educaci\u00f3n superior.<\/span><\/p>\n<p><span style=\"font-weight: 400;\">Organizado por la <\/span><i><span style=\"font-weight: 400;\">WASC Senior College and University Commission (WSCUC)<\/span><\/i><span style=\"font-weight: 400;\">, este encuentro re\u00fane a l\u00edderes acad\u00e9micos de distintas partes del mundo para reflexionar sobre c\u00f3mo las instituciones pueden transformar su misi\u00f3n en acciones concretas y resultados medibles, bajo el enfoque <\/span><i><span style=\"font-weight: 400;\">Mission &gt; Action &gt; Impact<\/span><\/i><span style=\"font-weight: 400;\">.<\/span><\/p>\n<p><span style=\"font-weight: 400;\">En representaci\u00f3n de CETYS Universidad, la Mtra. M\u00f3nica G\u00e1rate, coordinadora acad\u00e9mica de la Maestr\u00eda en Educaci\u00f3n y la Dra. Doris Becerra, directora de Desarrollo Acad\u00e9mico del Sistema CETYS Universidad, presentaron, en modalidad de p\u00f3ster <\/span><b>\u201cThe Generations Podcast Proyect\u201d<\/b><span style=\"font-weight: 400;\">, desarrollado en la asignatura Habilidades digitales en la era digital.<\/span><\/p>\n<p><span style=\"font-weight: 400;\">Esta iniciativa se basa en la metodolog\u00eda de aprendizaje experiencial, permitiendo a las y los estudiantes interactuar con personas de distintas generaciones mediante entrevistas. A trav\u00e9s de este ejercicio, las y los alumnos reflexionan sobre el impacto de la tecnolog\u00eda tanto a nivel personal como profesional, enriqueciendo su perspectiva y fortaleciendo sus competencias digitales y cr\u00edticas.<\/span><\/p>\n<p><span style=\"font-weight: 400;\">El proyecto tuvo una recepci\u00f3n positiva durante el congreso, generando comentarios favorables por parte de acad\u00e9micos internacionales, lo que refuerza su potencial como pr\u00e1ctica innovadora en el aula.<\/span><\/p>\n<p><span style=\"font-weight: 400;\">Previamente, esta experiencia se vincula con la reflexi\u00f3n acad\u00e9mica compartida por la Mtra. M\u00f3nica G\u00e1rate en la publicaci\u00f3n de\u00a0 <\/span><a href=\"https:\/\/www.timeshighereducation.com\/campus\/bridging-digital-knowledge-gap-between-generations-podcasts\"><span style=\"font-weight: 400;\">Campus+ en Times Higher Education<\/span><\/a><span style=\"font-weight: 400;\">, donde destaca el uso de los podcasts como una herramienta clave para cerrar la brecha de conocimiento digital entre generaciones, promoviendo el di\u00e1logo, la empat\u00eda y el aprendizaje significativo.<\/span><\/p>\n<p><span style=\"font-weight: 400;\"><img loading=\"lazy\" decoding=\"async\" class=\" wp-image-222051 alignleft\" src=\"https:\/\/www.cetys.mx\/noticias\/wp-content\/uploads\/2026\/04\/ARC-WASC-Abril2026-3.jpeg\" alt=\"\" width=\"301\" height=\"293\" srcset=\"https:\/\/www.cetys.mx\/noticias\/wp-content\/uploads\/2026\/04\/ARC-WASC-Abril2026-3.jpeg 1200w, https:\/\/www.cetys.mx\/noticias\/wp-content\/uploads\/2026\/04\/ARC-WASC-Abril2026-3-768x748.jpeg 768w\" sizes=\"auto, (max-width: 301px) 100vw, 301px\" \/>Por otra parte, la Dra. Patricia P\u00e1ez Manjarrez, Coordinadora del Programa Armon\u00eda: Salud y Bienestar, y el Dr. Carlos Gonz\u00e1lez Campos, Director de Planeaci\u00f3n, Efectividad Institucional y Acreditaciones del Sistema CETYS Universidad, participaron en la mesa de trabajo <\/span><i><span style=\"font-weight: 400;\">\u201cAdvancing Graduate Student Success Through Engagement, Advising, and Wellbeing\u201d<\/span><\/i><span style=\"font-weight: 400;\">. En este espacio presentaron la ponencia <\/span><i><span style=\"font-weight: 400;\">\u201c<\/span><\/i><b><i>Student Success Leadership via Mental Health &amp; Wellbeing Strategic Initiatives\u201d<\/i><\/b><span style=\"font-weight: 400;\">, en la que abordaron la relaci\u00f3n entre el \u00e9xito estudiantil y la promoci\u00f3n de la salud en CETYS, destacando la interconexi\u00f3n entre el rendimiento acad\u00e9mico, la salud mental y el bienestar, a trav\u00e9s de estrategias institucionales orientadas a su fortalecimiento.\u00a0<\/span><\/p>\n<p><span style=\"font-weight: 400;\">Dicho trabajo est\u00e1 relacionado con el Distintivo Universidad Promotora de Salud que recibi\u00f3 CETYS Universidad por parte de la Secretar\u00eda de Salud y la Red Mexicana de Universidades Promotoras de la Salud (RMUPS), as\u00ed como con la alineaci\u00f3n de las estrategias que hacen promoci\u00f3n de salud, con las l\u00edneas de acci\u00f3n de organismos internacionales como la Organizaci\u00f3n Mundial de la Salud, la Organizaci\u00f3n Panamericana de la Salud y la Carta de Limerick.\u00a0<\/span><\/p>\n<p><span style=\"font-weight: 400;\">En el mismo sentido, durante el ARC 2026, se abordaron temas fundamentales como la innovaci\u00f3n acad\u00e9mica, el uso estrat\u00e9gico de la tecnolog\u00eda y los datos para la toma de decisiones, as\u00ed como estrategias orientadas al fortalecimiento del aprendizaje y el \u00e9xito estudiantil.<\/span><\/p>\n<p><span style=\"font-weight: 400;\">Adem\u00e1s de los acad\u00e9micos que presentaron ponencia en este encuentro, la Mtra. Jessica Ibarra Ramonet, Vicerrectora de Desarrollo y Experiencia Estudiantil, y la Mtra. Patricia Trujillo Villafa\u00f1e, coordinadora estatal de Desarrollo Curricular y Formaci\u00f3n Integral del Profesorado del Sistema CETYS Universidad, integraron la representaci\u00f3n institucional en el evento.<\/span><\/p>\n<p><span style=\"font-weight: 400;\">En 2012, el Sistema CETYS Universidad se convirti\u00f3 en la primera universidad fuera de Estados Unidos en ser acreditada por WASC.\u00a0<\/span><\/p>\n<p><span style=\"font-weight: 400;\">La participaci\u00f3n de CETYS en este foro internacional reafirma el compromiso institucional con la excelencia acad\u00e9mica, la mejora continua y el cumplimiento de est\u00e1ndares globales, en consonancia con nuestra misi\u00f3n de formar profesionistas capaces de generar un impacto positivo en su entorno.<\/span><\/p>\n<div class=\"gallery-slider-wrapper gallery-1\">\n                        <div class=\"gallery-slider\" itemscope itemtype=\"http:\/\/schema.org\/ImageGallery\"><figure class=\"slide\" itemprop=\"associatedMedia\" itemscope itemtype=\"http:\/\/schema.org\/ImageObject\">\n                    <a itemprop=\"contentUrl\" href=\"https:\/\/www.cetys.mx\/noticias\/wp-content\/uploads\/2026\/04\/ARC-WASC-Abril2026-2.jpeg\">\n                        <img decoding=\"async\" itemprop=\"thumbnail\" class=\"lazyOwl\" src=\"https:\/\/www.cetys.mx\/noticias\/wp-content\/plugins\/jmagz-plugin\/assets\/placeholder\/900x450.png\" data-src=\"https:\/\/www.cetys.mx\/noticias\/wp-content\/uploads\/2026\/04\/ARC-WASC-Abril2026-2.jpeg\" alt=\"ARC-WASC Abril2026 (2)\">\n                    <\/a>\n                    <figcaption itemprop=\"caption description\" class=\"slide-caption\">\n                        ARC 2026\n                    <\/figcaption>\n                <\/figure><figure class=\"slide\" itemprop=\"associatedMedia\" itemscope itemtype=\"http:\/\/schema.org\/ImageObject\">\n                    <a itemprop=\"contentUrl\" href=\"https:\/\/www.cetys.mx\/noticias\/wp-content\/uploads\/2026\/04\/ARC-WASC-Abril2026-1.jpeg\">\n                        <img decoding=\"async\" itemprop=\"thumbnail\" class=\"lazyOwl\" src=\"https:\/\/www.cetys.mx\/noticias\/wp-content\/plugins\/jmagz-plugin\/assets\/placeholder\/900x450.png\" data-src=\"https:\/\/www.cetys.mx\/noticias\/wp-content\/uploads\/2026\/04\/ARC-WASC-Abril2026-1.jpeg\" alt=\"ARC-WASC Abril2026 (1)\">\n                    <\/a>\n                    <figcaption itemprop=\"caption description\" class=\"slide-caption\">\n                        ARC 2026\n                    <\/figcaption>\n                <\/figure><\/div>\n                <div class=\"gallery-slider-thumbnail-wrapper\">\n                    <div class=\"gallery-slider-thumbnail\"><div class=\"slide-thumbnail\"><img decoding=\"async\" class=\"lazyOwl\" src=\"https:\/\/www.cetys.mx\/noticias\/wp-content\/plugins\/jmagz-plugin\/assets\/placeholder\/150x75.png\" data-src=\"https:\/\/www.cetys.mx\/noticias\/wp-content\/uploads\/2026\/04\/ARC-WASC-Abril2026-2.jpeg\" alt=\"ARC-WASC Abril2026 (2)\"><\/div><div class=\"slide-thumbnail\"><img decoding=\"async\" class=\"lazyOwl\" src=\"https:\/\/www.cetys.mx\/noticias\/wp-content\/plugins\/jmagz-plugin\/assets\/placeholder\/150x75.png\" data-src=\"https:\/\/www.cetys.mx\/noticias\/wp-content\/uploads\/2026\/04\/ARC-WASC-Abril2026-1.jpeg\" alt=\"ARC-WASC Abril2026 (1)\"><\/div><\/div><\/div><\/div>\n","protected":false},"excerpt":{"rendered":"<p>Este evento se llev\u00f3 a cabo del 8 al 10 de abril de 2026 en San Francisco, CA. La calidad educativa se&#8230;<\/p>\n","protected":false},"author":26,"featured_media":222049,"comment_status":"open","ping_status":"closed","sticky":false,"template":"","format":"standard","meta":{"footnotes":""},"categories":[209,125],"tags":[],"class_list":["post-222048","post","type-post","status-publish","format-standard","has-post-thumbnail","hentry","category-institucional","category-portada"],"yoast_head":"<!-- This site is optimized with the Yoast SEO plugin v27.4 - https:\/\/yoast.com\/product\/yoast-seo-wordpress\/ -->\n<title>CETYS Universidad fortalece su compromiso con la innovaci\u00f3n educativa en el WSCUC ARC 2026 - CETYS<\/title>\n<meta name=\"description\" content=\"Articulo sobre CETYS Universidad fortalece su compromiso con la innovaci\u00f3n educativa en el WSCUC ARC 2026\" \/>\n<meta name=\"robots\" content=\"index, follow, max-snippet:-1, max-image-preview:large, max-video-preview:-1\" \/>\n<link rel=\"canonical\" href=\"https:\/\/www.cetys.mx\/noticias\/cetys-universidad-fortalece-su-compromiso-con-la-innovacion-educativa-en-el-wscuc-arc-2026\/\" \/>\n<meta property=\"og:locale\" content=\"es_MX\" \/>\n<meta property=\"og:type\" content=\"article\" \/>\n<meta property=\"og:title\" content=\"CETYS Universidad fortalece su compromiso con la innovaci\u00f3n educativa en el WSCUC ARC 2026 - CETYS\" \/>\n<meta property=\"og:description\" content=\"Articulo sobre CETYS Universidad fortalece su compromiso con la innovaci\u00f3n educativa en el WSCUC ARC 2026\" \/>\n<meta property=\"og:url\" content=\"https:\/\/www.cetys.mx\/noticias\/cetys-universidad-fortalece-su-compromiso-con-la-innovacion-educativa-en-el-wscuc-arc-2026\/\" \/>\n<meta property=\"og:site_name\" content=\"CETYS\" \/>\n<meta property=\"article:publisher\" content=\"https:\/\/www.facebook.com\/cetysuniversidadmxl\/\" \/>\n<meta property=\"article:published_time\" content=\"2026-04-27T15:38:40+00:00\" \/>\n<meta property=\"article:modified_time\" content=\"2026-04-27T15:42:07+00:00\" \/>\n<meta property=\"og:image\" content=\"https:\/\/www.cetys.mx\/noticias\/wp-content\/uploads\/2026\/04\/ARC-2026.jpg\" \/>\n\t<meta property=\"og:image:width\" content=\"958\" \/>\n\t<meta property=\"og:image:height\" content=\"637\" \/>\n\t<meta property=\"og:image:type\" content=\"image\/jpeg\" \/>\n<meta name=\"author\" content=\"CETYS Institucional\" \/>\n<meta name=\"twitter:card\" content=\"summary_large_image\" \/>\n<meta name=\"twitter:creator\" content=\"@cetysuni\" \/>\n<meta name=\"twitter:site\" content=\"@cetysuni\" \/>\n<meta name=\"twitter:label1\" content=\"Escrito por\" \/>\n\t<meta name=\"twitter:data1\" content=\"CETYS Institucional\" \/>\n\t<meta name=\"twitter:label2\" content=\"Tiempo de lectura\" \/>\n\t<meta name=\"twitter:data2\" content=\"4 minutos\" \/>\n<script type=\"application\/ld+json\" class=\"yoast-schema-graph\">{\"@context\":\"https:\\\/\\\/schema.org\",\"@graph\":[{\"@type\":\"Article\",\"@id\":\"https:\\\/\\\/www.cetys.mx\\\/noticias\\\/cetys-universidad-fortalece-su-compromiso-con-la-innovacion-educativa-en-el-wscuc-arc-2026\\\/#article\",\"isPartOf\":{\"@id\":\"https:\\\/\\\/www.cetys.mx\\\/noticias\\\/cetys-universidad-fortalece-su-compromiso-con-la-innovacion-educativa-en-el-wscuc-arc-2026\\\/\"},\"author\":{\"name\":\"CETYS Institucional\",\"@id\":\"https:\\\/\\\/www.cetys.mx\\\/noticias\\\/#\\\/schema\\\/person\\\/e9d2b35265b64aa454df57a2828eb2ac\"},\"headline\":\"CETYS Universidad fortalece su compromiso con la innovaci\u00f3n educativa en el WSCUC ARC 2026\",\"datePublished\":\"2026-04-27T15:38:40+00:00\",\"dateModified\":\"2026-04-27T15:42:07+00:00\",\"mainEntityOfPage\":{\"@id\":\"https:\\\/\\\/www.cetys.mx\\\/noticias\\\/cetys-universidad-fortalece-su-compromiso-con-la-innovacion-educativa-en-el-wscuc-arc-2026\\\/\"},\"wordCount\":698,\"commentCount\":0,\"image\":{\"@id\":\"https:\\\/\\\/www.cetys.mx\\\/noticias\\\/cetys-universidad-fortalece-su-compromiso-con-la-innovacion-educativa-en-el-wscuc-arc-2026\\\/#primaryimage\"},\"thumbnailUrl\":\"https:\\\/\\\/www.cetys.mx\\\/noticias\\\/wp-content\\\/uploads\\\/2026\\\/04\\\/ARC-2026.jpg\",\"articleSection\":[\"Institucional\",\"Portada\"],\"inLanguage\":\"es\",\"potentialAction\":[{\"@type\":\"CommentAction\",\"name\":\"Comment\",\"target\":[\"https:\\\/\\\/www.cetys.mx\\\/noticias\\\/cetys-universidad-fortalece-su-compromiso-con-la-innovacion-educativa-en-el-wscuc-arc-2026\\\/#respond\"]}]},{\"@type\":\"WebPage\",\"@id\":\"https:\\\/\\\/www.cetys.mx\\\/noticias\\\/cetys-universidad-fortalece-su-compromiso-con-la-innovacion-educativa-en-el-wscuc-arc-2026\\\/\",\"url\":\"https:\\\/\\\/www.cetys.mx\\\/noticias\\\/cetys-universidad-fortalece-su-compromiso-con-la-innovacion-educativa-en-el-wscuc-arc-2026\\\/\",\"name\":\"CETYS Universidad fortalece su compromiso con la innovaci\u00f3n educativa en el WSCUC ARC 2026 - CETYS\",\"isPartOf\":{\"@id\":\"https:\\\/\\\/www.cetys.mx\\\/noticias\\\/#website\"},\"primaryImageOfPage\":{\"@id\":\"https:\\\/\\\/www.cetys.mx\\\/noticias\\\/cetys-universidad-fortalece-su-compromiso-con-la-innovacion-educativa-en-el-wscuc-arc-2026\\\/#primaryimage\"},\"image\":{\"@id\":\"https:\\\/\\\/www.cetys.mx\\\/noticias\\\/cetys-universidad-fortalece-su-compromiso-con-la-innovacion-educativa-en-el-wscuc-arc-2026\\\/#primaryimage\"},\"thumbnailUrl\":\"https:\\\/\\\/www.cetys.mx\\\/noticias\\\/wp-content\\\/uploads\\\/2026\\\/04\\\/ARC-2026.jpg\",\"datePublished\":\"2026-04-27T15:38:40+00:00\",\"dateModified\":\"2026-04-27T15:42:07+00:00\",\"author\":{\"@id\":\"https:\\\/\\\/www.cetys.mx\\\/noticias\\\/#\\\/schema\\\/person\\\/e9d2b35265b64aa454df57a2828eb2ac\"},\"description\":\"Articulo sobre CETYS Universidad fortalece su compromiso con la innovaci\u00f3n educativa en el WSCUC ARC 2026\",\"breadcrumb\":{\"@id\":\"https:\\\/\\\/www.cetys.mx\\\/noticias\\\/cetys-universidad-fortalece-su-compromiso-con-la-innovacion-educativa-en-el-wscuc-arc-2026\\\/#breadcrumb\"},\"inLanguage\":\"es\",\"potentialAction\":[{\"@type\":\"ReadAction\",\"target\":[\"https:\\\/\\\/www.cetys.mx\\\/noticias\\\/cetys-universidad-fortalece-su-compromiso-con-la-innovacion-educativa-en-el-wscuc-arc-2026\\\/\"]}]},{\"@type\":\"ImageObject\",\"inLanguage\":\"es\",\"@id\":\"https:\\\/\\\/www.cetys.mx\\\/noticias\\\/cetys-universidad-fortalece-su-compromiso-con-la-innovacion-educativa-en-el-wscuc-arc-2026\\\/#primaryimage\",\"url\":\"https:\\\/\\\/www.cetys.mx\\\/noticias\\\/wp-content\\\/uploads\\\/2026\\\/04\\\/ARC-2026.jpg\",\"contentUrl\":\"https:\\\/\\\/www.cetys.mx\\\/noticias\\\/wp-content\\\/uploads\\\/2026\\\/04\\\/ARC-2026.jpg\",\"width\":958,\"height\":637},{\"@type\":\"BreadcrumbList\",\"@id\":\"https:\\\/\\\/www.cetys.mx\\\/noticias\\\/cetys-universidad-fortalece-su-compromiso-con-la-innovacion-educativa-en-el-wscuc-arc-2026\\\/#breadcrumb\",\"itemListElement\":[{\"@type\":\"ListItem\",\"position\":1,\"name\":\"Inicio\",\"item\":\"https:\\\/\\\/www.cetys.mx\\\/noticias\\\/\"},{\"@type\":\"ListItem\",\"position\":2,\"name\":\"CETYS Universidad fortalece su compromiso con la innovaci\u00f3n educativa en el WSCUC ARC 2026\"}]},{\"@type\":\"WebSite\",\"@id\":\"https:\\\/\\\/www.cetys.mx\\\/noticias\\\/#website\",\"url\":\"https:\\\/\\\/www.cetys.mx\\\/noticias\\\/\",\"name\":\"CETYS\",\"description\":\"\",\"potentialAction\":[{\"@type\":\"SearchAction\",\"target\":{\"@type\":\"EntryPoint\",\"urlTemplate\":\"https:\\\/\\\/www.cetys.mx\\\/noticias\\\/?s={search_term_string}\"},\"query-input\":{\"@type\":\"PropertyValueSpecification\",\"valueRequired\":true,\"valueName\":\"search_term_string\"}}],\"inLanguage\":\"es\"},{\"@type\":\"Person\",\"@id\":\"https:\\\/\\\/www.cetys.mx\\\/noticias\\\/#\\\/schema\\\/person\\\/e9d2b35265b64aa454df57a2828eb2ac\",\"name\":\"CETYS Institucional\",\"url\":\"https:\\\/\\\/www.cetys.mx\\\/noticias\\\/author\\\/cetysinstitucional\\\/\"}]}<\/script>\n<!-- \/ Yoast SEO plugin. -->","yoast_head_json":{"title":"CETYS Universidad fortalece su compromiso con la innovaci\u00f3n educativa en el WSCUC ARC 2026 - CETYS","description":"Articulo sobre CETYS Universidad fortalece su compromiso con la innovaci\u00f3n educativa en el WSCUC ARC 2026","robots":{"index":"index","follow":"follow","max-snippet":"max-snippet:-1","max-image-preview":"max-image-preview:large","max-video-preview":"max-video-preview:-1"},"canonical":"https:\/\/www.cetys.mx\/noticias\/cetys-universidad-fortalece-su-compromiso-con-la-innovacion-educativa-en-el-wscuc-arc-2026\/","og_locale":"es_MX","og_type":"article","og_title":"CETYS Universidad fortalece su compromiso con la innovaci\u00f3n educativa en el WSCUC ARC 2026 - CETYS","og_description":"Articulo sobre CETYS Universidad fortalece su compromiso con la innovaci\u00f3n educativa en el WSCUC ARC 2026","og_url":"https:\/\/www.cetys.mx\/noticias\/cetys-universidad-fortalece-su-compromiso-con-la-innovacion-educativa-en-el-wscuc-arc-2026\/","og_site_name":"CETYS","article_publisher":"https:\/\/www.facebook.com\/cetysuniversidadmxl\/","article_published_time":"2026-04-27T15:38:40+00:00","article_modified_time":"2026-04-27T15:42:07+00:00","og_image":[{"width":958,"height":637,"url":"https:\/\/www.cetys.mx\/noticias\/wp-content\/uploads\/2026\/04\/ARC-2026.jpg","type":"image\/jpeg"}],"author":"CETYS Institucional","twitter_card":"summary_large_image","twitter_creator":"@cetysuni","twitter_site":"@cetysuni","twitter_misc":{"Escrito por":"CETYS Institucional","Tiempo de lectura":"4 minutos"},"schema":{"@context":"https:\/\/schema.org","@graph":[{"@type":"Article","@id":"https:\/\/www.cetys.mx\/noticias\/cetys-universidad-fortalece-su-compromiso-con-la-innovacion-educativa-en-el-wscuc-arc-2026\/#article","isPartOf":{"@id":"https:\/\/www.cetys.mx\/noticias\/cetys-universidad-fortalece-su-compromiso-con-la-innovacion-educativa-en-el-wscuc-arc-2026\/"},"author":{"name":"CETYS Institucional","@id":"https:\/\/www.cetys.mx\/noticias\/#\/schema\/person\/e9d2b35265b64aa454df57a2828eb2ac"},"headline":"CETYS Universidad fortalece su compromiso con la innovaci\u00f3n educativa en el WSCUC ARC 2026","datePublished":"2026-04-27T15:38:40+00:00","dateModified":"2026-04-27T15:42:07+00:00","mainEntityOfPage":{"@id":"https:\/\/www.cetys.mx\/noticias\/cetys-universidad-fortalece-su-compromiso-con-la-innovacion-educativa-en-el-wscuc-arc-2026\/"},"wordCount":698,"commentCount":0,"image":{"@id":"https:\/\/www.cetys.mx\/noticias\/cetys-universidad-fortalece-su-compromiso-con-la-innovacion-educativa-en-el-wscuc-arc-2026\/#primaryimage"},"thumbnailUrl":"https:\/\/www.cetys.mx\/noticias\/wp-content\/uploads\/2026\/04\/ARC-2026.jpg","articleSection":["Institucional","Portada"],"inLanguage":"es","potentialAction":[{"@type":"CommentAction","name":"Comment","target":["https:\/\/www.cetys.mx\/noticias\/cetys-universidad-fortalece-su-compromiso-con-la-innovacion-educativa-en-el-wscuc-arc-2026\/#respond"]}]},{"@type":"WebPage","@id":"https:\/\/www.cetys.mx\/noticias\/cetys-universidad-fortalece-su-compromiso-con-la-innovacion-educativa-en-el-wscuc-arc-2026\/","url":"https:\/\/www.cetys.mx\/noticias\/cetys-universidad-fortalece-su-compromiso-con-la-innovacion-educativa-en-el-wscuc-arc-2026\/","name":"CETYS Universidad fortalece su compromiso con la innovaci\u00f3n educativa en el WSCUC ARC 2026 - CETYS","isPartOf":{"@id":"https:\/\/www.cetys.mx\/noticias\/#website"},"primaryImageOfPage":{"@id":"https:\/\/www.cetys.mx\/noticias\/cetys-universidad-fortalece-su-compromiso-con-la-innovacion-educativa-en-el-wscuc-arc-2026\/#primaryimage"},"image":{"@id":"https:\/\/www.cetys.mx\/noticias\/cetys-universidad-fortalece-su-compromiso-con-la-innovacion-educativa-en-el-wscuc-arc-2026\/#primaryimage"},"thumbnailUrl":"https:\/\/www.cetys.mx\/noticias\/wp-content\/uploads\/2026\/04\/ARC-2026.jpg","datePublished":"2026-04-27T15:38:40+00:00","dateModified":"2026-04-27T15:42:07+00:00","author":{"@id":"https:\/\/www.cetys.mx\/noticias\/#\/schema\/person\/e9d2b35265b64aa454df57a2828eb2ac"},"description":"Articulo sobre CETYS Universidad fortalece su compromiso con la innovaci\u00f3n educativa en el WSCUC ARC 2026","breadcrumb":{"@id":"https:\/\/www.cetys.mx\/noticias\/cetys-universidad-fortalece-su-compromiso-con-la-innovacion-educativa-en-el-wscuc-arc-2026\/#breadcrumb"},"inLanguage":"es","potentialAction":[{"@type":"ReadAction","target":["https:\/\/www.cetys.mx\/noticias\/cetys-universidad-fortalece-su-compromiso-con-la-innovacion-educativa-en-el-wscuc-arc-2026\/"]}]},{"@type":"ImageObject","inLanguage":"es","@id":"https:\/\/www.cetys.mx\/noticias\/cetys-universidad-fortalece-su-compromiso-con-la-innovacion-educativa-en-el-wscuc-arc-2026\/#primaryimage","url":"https:\/\/www.cetys.mx\/noticias\/wp-content\/uploads\/2026\/04\/ARC-2026.jpg","contentUrl":"https:\/\/www.cetys.mx\/noticias\/wp-content\/uploads\/2026\/04\/ARC-2026.jpg","width":958,"height":637},{"@type":"BreadcrumbList","@id":"https:\/\/www.cetys.mx\/noticias\/cetys-universidad-fortalece-su-compromiso-con-la-innovacion-educativa-en-el-wscuc-arc-2026\/#breadcrumb","itemListElement":[{"@type":"ListItem","position":1,"name":"Inicio","item":"https:\/\/www.cetys.mx\/noticias\/"},{"@type":"ListItem","position":2,"name":"CETYS Universidad fortalece su compromiso con la innovaci\u00f3n educativa en el WSCUC ARC 2026"}]},{"@type":"WebSite","@id":"https:\/\/www.cetys.mx\/noticias\/#website","url":"https:\/\/www.cetys.mx\/noticias\/","name":"CETYS","description":"","potentialAction":[{"@type":"SearchAction","target":{"@type":"EntryPoint","urlTemplate":"https:\/\/www.cetys.mx\/noticias\/?s={search_term_string}"},"query-input":{"@type":"PropertyValueSpecification","valueRequired":true,"valueName":"search_term_string"}}],"inLanguage":"es"},{"@type":"Person","@id":"https:\/\/www.cetys.mx\/noticias\/#\/schema\/person\/e9d2b35265b64aa454df57a2828eb2ac","name":"CETYS Institucional","url":"https:\/\/www.cetys.mx\/noticias\/author\/cetysinstitucional\/"}]}},"_links":{"self":[{"href":"https:\/\/www.cetys.mx\/noticias\/wp-json\/wp\/v2\/posts\/222048","targetHints":{"allow":["GET"]}}],"collection":[{"href":"https:\/\/www.cetys.mx\/noticias\/wp-json\/wp\/v2\/posts"}],"about":[{"href":"https:\/\/www.cetys.mx\/noticias\/wp-json\/wp\/v2\/types\/post"}],"author":[{"embeddable":true,"href":"https:\/\/www.cetys.mx\/noticias\/wp-json\/wp\/v2\/users\/26"}],"replies":[{"embeddable":true,"href":"https:\/\/www.cetys.mx\/noticias\/wp-json\/wp\/v2\/comments?post=222048"}],"version-history":[{"count":3,"href":"https:\/\/www.cetys.mx\/noticias\/wp-json\/wp\/v2\/posts\/222048\/revisions"}],"predecessor-version":[{"id":222052,"href":"https:\/\/www.cetys.mx\/noticias\/wp-json\/wp\/v2\/posts\/222048\/revisions\/222052"}],"wp:featuredmedia":[{"embeddable":true,"href":"https:\/\/www.cetys.mx\/noticias\/wp-json\/wp\/v2\/media\/222049"}],"wp:attachment":[{"href":"https:\/\/www.cetys.mx\/noticias\/wp-json\/wp\/v2\/media?parent=222048"}],"wp:term":[{"taxonomy":"category","embeddable":true,"href":"https:\/\/www.cetys.mx\/noticias\/wp-json\/wp\/v2\/categories?post=222048"},{"taxonomy":"post_tag","embeddable":true,"href":"https:\/\/www.cetys.mx\/noticias\/wp-json\/wp\/v2\/tags?post=222048"}],"curies":[{"name":"wp","href":"https:\/\/api.w.org\/{rel}","templated":true}]}}