{"id":221587,"date":"2026-04-08T17:00:05","date_gmt":"2026-04-09T00:00:05","guid":{"rendered":"https:\/\/www.cetys.mx\/noticias\/?p=221587"},"modified":"2026-04-08T17:06:51","modified_gmt":"2026-04-09T00:06:51","slug":"estudiantes-de-derecho-cetys-destacan-en-coloquio-de-investigacion-de-la-unam","status":"publish","type":"post","link":"https:\/\/www.cetys.mx\/noticias\/estudiantes-de-derecho-cetys-destacan-en-coloquio-de-investigacion-de-la-unam\/","title":{"rendered":"Estudiantes de Derecho CETYS destacan en coloquio de investigaci\u00f3n de la UNAM"},"content":{"rendered":"<p><span style=\"font-weight: 400;\">Estudiantes de la Escuela de Derecho de CETYS Universidad Campus Mexicali participaron con \u00e9xito en un Coloquio de Investigaci\u00f3n organizado por la <strong><a href=\"https:\/\/www.unam.mx\/\">Universidad Nacional Aut\u00f3noma de M\u00e9xico (UNAM)<\/a><\/strong>, realizado en Tijuana, donde presentaron avances de sus proyectos acad\u00e9micos ante una audiencia conformada principalmente por estudiantes y docentes de doctorado.<\/span><\/p>\n<p><span style=\"font-weight: 400;\"><img loading=\"lazy\" decoding=\"async\" class=\" wp-image-221588 alignleft\" src=\"https:\/\/www.cetys.mx\/noticias\/wp-content\/uploads\/2026\/04\/Estudiantes-derecho.jpg\" alt=\"\" width=\"325\" height=\"249\" srcset=\"https:\/\/www.cetys.mx\/noticias\/wp-content\/uploads\/2026\/04\/Estudiantes-derecho.jpg 958w, https:\/\/www.cetys.mx\/noticias\/wp-content\/uploads\/2026\/04\/Estudiantes-derecho-768x588.jpg 768w\" sizes=\"auto, (max-width: 325px) 100vw, 325px\" \/>Las alumnas<strong> Camila M\u00e1rquez, Iberia Garc\u00eda y Elena Corrales<\/strong>, forman parte del programa <strong>J\u00f3venes Semilleros de Investigaci\u00f3n<\/strong>, una iniciativa que impulsa el desarrollo de habilidades cient\u00edficas pertenecientes a la <strong><a href=\"https:\/\/www.facebook.com\/DerechoCETYSMxli\/\">Escuela de Derecho de CETYS Mexicali<\/a><\/strong>. Su participaci\u00f3n destac\u00f3 por el alto nivel acad\u00e9mico demostrado, lo que les vali\u00f3 el reconocimiento de investigadores y docentes presentes en el evento.<\/span><\/p>\n<p><span style=\"font-weight: 400;\">La<strong> Dra. Flor Fierro<\/strong>, encargada de acompa\u00f1ar a las estudiantes, explic\u00f3 que este coloquio se llev\u00f3 a cabo en colaboraci\u00f3n con la Estaci\u00f3n Noroeste de Investigaci\u00f3n Jur\u00eddica de la UNAM, un espacio enfocado en programas de posgrado. Se\u00f1al\u00f3 que el reto principal fue preparar a las alumnas para presentar sus investigaciones en un entorno acad\u00e9mico de alto nivel, donde adem\u00e1s de exponer, tuvieron la oportunidad de moderar mesas de trabajo junto a doctorantes.<\/span><\/p>\n<p><strong>\u201cLas estudiantes no solo dominaron sus temas, tambi\u00e9n demostraron habilidades de an\u00e1lisis, improvisaci\u00f3n y liderazgo al interactuar con investigadores de mayor trayectoria\u201d, destac\u00f3.<\/strong><\/p>\n<p><span style=\"font-weight: 400;\">Durante el coloquio, las participantes presentaron distintas l\u00edneas de investigaci\u00f3n con enfoque interdisciplinario, abordando temas como desigualdad laboral, contaminaci\u00f3n ambiental derivada de propaganda electoral, calidad del aire en Mexicali y digitalizaci\u00f3n de tr\u00e1mites administrativos. Estas investigaciones forman parte de un proceso acad\u00e9mico que continuar\u00e1 con la publicaci\u00f3n de art\u00edculos cient\u00edficos.<\/span><\/p>\n<blockquote><p><span style=\"font-weight: 400;\">Por su parte, la alumna <strong>Iberia Garc\u00eda \u00ad\u00c1lvarez<\/strong>\u00a0comparti\u00f3 que esta experiencia le permiti\u00f3 confirmar que existen espacios donde las ideas y avances de investigaci\u00f3n son valorados, independientemente del nivel acad\u00e9mico. \u201cLo m\u00e1s valioso que me llevo de esta experiencia es que la forma de enfrentar un reto es prepar\u00e1ndose y observando qu\u00e9 es lo que ya han hecho los que est\u00e1n arriba\u201d, expres\u00f3.<\/span><\/p><\/blockquote>\n<p><span style=\"font-weight: 400;\">Asimismo, la alumna destac\u00f3 el impacto que tuvo esta experiencia en su formaci\u00f3n acad\u00e9mica, al reconocer que participar en este tipo de espacios abre nuevas perspectivas: \u201cParticipar en este coloquio, para m\u00ed signific\u00f3 que las oportunidades existen, que hay lugares donde las investigaciones y avances son bienvenidos, sin importar si se trata de alumnos de licenciatura, maestr\u00eda o doctorado; lo importante es saber qu\u00e9 se puede aprender de quienes ya han marcado el camino de la investigaci\u00f3n\u201d.<\/span><\/p>\n<p><img loading=\"lazy\" decoding=\"async\" class=\" wp-image-221589 aligncenter\" src=\"https:\/\/www.cetys.mx\/noticias\/wp-content\/uploads\/2026\/04\/Coloquio-UNAM.jpg\" alt=\"\" width=\"538\" height=\"374\" srcset=\"https:\/\/www.cetys.mx\/noticias\/wp-content\/uploads\/2026\/04\/Coloquio-UNAM.jpg 958w, https:\/\/www.cetys.mx\/noticias\/wp-content\/uploads\/2026\/04\/Coloquio-UNAM-768x534.jpg 768w\" sizes=\"auto, (max-width: 538px) 100vw, 538px\" \/><\/p>\n<p><span style=\"font-weight: 400;\">La participaci\u00f3n en este tipo de foros fortalece la formaci\u00f3n acad\u00e9mica de las y los estudiantes, al tiempo que impulsa la vinculaci\u00f3n con instituciones de prestigio y abre nuevas oportunidades de colaboraci\u00f3n en el \u00e1mbito de la investigaci\u00f3n jur\u00eddica.<\/span><\/p>\n","protected":false},"excerpt":{"rendered":"<p>Estudiantes de la Escuela de Derecho de CETYS Universidad Campus Mexicali participaron con \u00e9xito en un Coloquio de Investigaci\u00f3n organizado por la&#8230;<\/p>\n","protected":false},"author":20,"featured_media":221590,"comment_status":"open","ping_status":"closed","sticky":false,"template":"","format":"standard","meta":{"footnotes":""},"categories":[133,125,306,313],"tags":[1622,247],"class_list":["post-221587","post","type-post","status-publish","format-standard","has-post-thumbnail","hentry","category-campus-mexicali","category-portada","category-profesional","category-vocetys-2","tag-campusmexicali","tag-derecho"],"yoast_head":"<!-- This site is optimized with the Yoast SEO plugin v27.4 - https:\/\/yoast.com\/product\/yoast-seo-wordpress\/ -->\n<title>Estudiantes de Derecho CETYS destacan en coloquio de investigaci\u00f3n de la UNAM - CETYS<\/title>\n<meta name=\"description\" content=\"Articulo sobre Estudiantes de Derecho CETYS destacan en coloquio de investigaci\u00f3n de la UNAM\" \/>\n<meta name=\"robots\" content=\"index, follow, max-snippet:-1, max-image-preview:large, max-video-preview:-1\" \/>\n<link rel=\"canonical\" href=\"https:\/\/www.cetys.mx\/noticias\/estudiantes-de-derecho-cetys-destacan-en-coloquio-de-investigacion-de-la-unam\/\" \/>\n<meta property=\"og:locale\" content=\"es_MX\" \/>\n<meta property=\"og:type\" content=\"article\" \/>\n<meta property=\"og:title\" content=\"Estudiantes de Derecho CETYS destacan en coloquio de investigaci\u00f3n de la UNAM - CETYS\" \/>\n<meta property=\"og:description\" content=\"Articulo sobre Estudiantes de Derecho CETYS destacan en coloquio de investigaci\u00f3n de la UNAM\" \/>\n<meta property=\"og:url\" content=\"https:\/\/www.cetys.mx\/noticias\/estudiantes-de-derecho-cetys-destacan-en-coloquio-de-investigacion-de-la-unam\/\" \/>\n<meta property=\"og:site_name\" content=\"CETYS\" \/>\n<meta property=\"article:publisher\" content=\"https:\/\/www.facebook.com\/cetysuniversidadmxl\/\" \/>\n<meta property=\"article:published_time\" content=\"2026-04-09T00:00:05+00:00\" \/>\n<meta property=\"article:modified_time\" content=\"2026-04-09T00:06:51+00:00\" \/>\n<meta property=\"og:image\" content=\"https:\/\/www.cetys.mx\/noticias\/wp-content\/uploads\/2026\/04\/Grupo-derecho-en-Coloquio-UNAM.jpg\" \/>\n\t<meta property=\"og:image:width\" content=\"958\" \/>\n\t<meta property=\"og:image:height\" content=\"683\" \/>\n\t<meta property=\"og:image:type\" content=\"image\/jpeg\" \/>\n<meta name=\"author\" content=\"Campus Mexicali\" \/>\n<meta name=\"twitter:card\" content=\"summary_large_image\" \/>\n<meta name=\"twitter:creator\" content=\"@cetysuni\" \/>\n<meta name=\"twitter:site\" content=\"@cetysuni\" \/>\n<meta name=\"twitter:label1\" content=\"Escrito por\" \/>\n\t<meta name=\"twitter:data1\" content=\"Campus Mexicali\" \/>\n\t<meta name=\"twitter:label2\" content=\"Tiempo de lectura\" \/>\n\t<meta name=\"twitter:data2\" content=\"2 minutos\" \/>\n<script type=\"application\/ld+json\" class=\"yoast-schema-graph\">{\"@context\":\"https:\\\/\\\/schema.org\",\"@graph\":[{\"@type\":\"Article\",\"@id\":\"https:\\\/\\\/www.cetys.mx\\\/noticias\\\/estudiantes-de-derecho-cetys-destacan-en-coloquio-de-investigacion-de-la-unam\\\/#article\",\"isPartOf\":{\"@id\":\"https:\\\/\\\/www.cetys.mx\\\/noticias\\\/estudiantes-de-derecho-cetys-destacan-en-coloquio-de-investigacion-de-la-unam\\\/\"},\"author\":{\"name\":\"Campus Mexicali\",\"@id\":\"https:\\\/\\\/www.cetys.mx\\\/noticias\\\/#\\\/schema\\\/person\\\/79a95c4ac185f3705cf1b9c9340a5f70\"},\"headline\":\"Estudiantes de Derecho CETYS destacan en coloquio de investigaci\u00f3n de la UNAM\",\"datePublished\":\"2026-04-09T00:00:05+00:00\",\"dateModified\":\"2026-04-09T00:06:51+00:00\",\"mainEntityOfPage\":{\"@id\":\"https:\\\/\\\/www.cetys.mx\\\/noticias\\\/estudiantes-de-derecho-cetys-destacan-en-coloquio-de-investigacion-de-la-unam\\\/\"},\"wordCount\":494,\"commentCount\":0,\"image\":{\"@id\":\"https:\\\/\\\/www.cetys.mx\\\/noticias\\\/estudiantes-de-derecho-cetys-destacan-en-coloquio-de-investigacion-de-la-unam\\\/#primaryimage\"},\"thumbnailUrl\":\"https:\\\/\\\/www.cetys.mx\\\/noticias\\\/wp-content\\\/uploads\\\/2026\\\/04\\\/Grupo-derecho-en-Coloquio-UNAM.jpg\",\"keywords\":[\"campusmexicali\",\"Derecho\"],\"articleSection\":[\"Campus Mexicali\",\"Portada\",\"Profesional\",\"VoCETYS\"],\"inLanguage\":\"es\",\"potentialAction\":[{\"@type\":\"CommentAction\",\"name\":\"Comment\",\"target\":[\"https:\\\/\\\/www.cetys.mx\\\/noticias\\\/estudiantes-de-derecho-cetys-destacan-en-coloquio-de-investigacion-de-la-unam\\\/#respond\"]}]},{\"@type\":\"WebPage\",\"@id\":\"https:\\\/\\\/www.cetys.mx\\\/noticias\\\/estudiantes-de-derecho-cetys-destacan-en-coloquio-de-investigacion-de-la-unam\\\/\",\"url\":\"https:\\\/\\\/www.cetys.mx\\\/noticias\\\/estudiantes-de-derecho-cetys-destacan-en-coloquio-de-investigacion-de-la-unam\\\/\",\"name\":\"Estudiantes de Derecho CETYS destacan en coloquio de investigaci\u00f3n de la UNAM - CETYS\",\"isPartOf\":{\"@id\":\"https:\\\/\\\/www.cetys.mx\\\/noticias\\\/#website\"},\"primaryImageOfPage\":{\"@id\":\"https:\\\/\\\/www.cetys.mx\\\/noticias\\\/estudiantes-de-derecho-cetys-destacan-en-coloquio-de-investigacion-de-la-unam\\\/#primaryimage\"},\"image\":{\"@id\":\"https:\\\/\\\/www.cetys.mx\\\/noticias\\\/estudiantes-de-derecho-cetys-destacan-en-coloquio-de-investigacion-de-la-unam\\\/#primaryimage\"},\"thumbnailUrl\":\"https:\\\/\\\/www.cetys.mx\\\/noticias\\\/wp-content\\\/uploads\\\/2026\\\/04\\\/Grupo-derecho-en-Coloquio-UNAM.jpg\",\"datePublished\":\"2026-04-09T00:00:05+00:00\",\"dateModified\":\"2026-04-09T00:06:51+00:00\",\"author\":{\"@id\":\"https:\\\/\\\/www.cetys.mx\\\/noticias\\\/#\\\/schema\\\/person\\\/79a95c4ac185f3705cf1b9c9340a5f70\"},\"description\":\"Articulo sobre Estudiantes de Derecho CETYS destacan en coloquio de investigaci\u00f3n de la UNAM\",\"breadcrumb\":{\"@id\":\"https:\\\/\\\/www.cetys.mx\\\/noticias\\\/estudiantes-de-derecho-cetys-destacan-en-coloquio-de-investigacion-de-la-unam\\\/#breadcrumb\"},\"inLanguage\":\"es\",\"potentialAction\":[{\"@type\":\"ReadAction\",\"target\":[\"https:\\\/\\\/www.cetys.mx\\\/noticias\\\/estudiantes-de-derecho-cetys-destacan-en-coloquio-de-investigacion-de-la-unam\\\/\"]}]},{\"@type\":\"ImageObject\",\"inLanguage\":\"es\",\"@id\":\"https:\\\/\\\/www.cetys.mx\\\/noticias\\\/estudiantes-de-derecho-cetys-destacan-en-coloquio-de-investigacion-de-la-unam\\\/#primaryimage\",\"url\":\"https:\\\/\\\/www.cetys.mx\\\/noticias\\\/wp-content\\\/uploads\\\/2026\\\/04\\\/Grupo-derecho-en-Coloquio-UNAM.jpg\",\"contentUrl\":\"https:\\\/\\\/www.cetys.mx\\\/noticias\\\/wp-content\\\/uploads\\\/2026\\\/04\\\/Grupo-derecho-en-Coloquio-UNAM.jpg\",\"width\":958,\"height\":683},{\"@type\":\"BreadcrumbList\",\"@id\":\"https:\\\/\\\/www.cetys.mx\\\/noticias\\\/estudiantes-de-derecho-cetys-destacan-en-coloquio-de-investigacion-de-la-unam\\\/#breadcrumb\",\"itemListElement\":[{\"@type\":\"ListItem\",\"position\":1,\"name\":\"Inicio\",\"item\":\"https:\\\/\\\/www.cetys.mx\\\/noticias\\\/\"},{\"@type\":\"ListItem\",\"position\":2,\"name\":\"Estudiantes de Derecho CETYS destacan en coloquio de investigaci\u00f3n de la UNAM\"}]},{\"@type\":\"WebSite\",\"@id\":\"https:\\\/\\\/www.cetys.mx\\\/noticias\\\/#website\",\"url\":\"https:\\\/\\\/www.cetys.mx\\\/noticias\\\/\",\"name\":\"CETYS\",\"description\":\"\",\"potentialAction\":[{\"@type\":\"SearchAction\",\"target\":{\"@type\":\"EntryPoint\",\"urlTemplate\":\"https:\\\/\\\/www.cetys.mx\\\/noticias\\\/?s={search_term_string}\"},\"query-input\":{\"@type\":\"PropertyValueSpecification\",\"valueRequired\":true,\"valueName\":\"search_term_string\"}}],\"inLanguage\":\"es\"},{\"@type\":\"Person\",\"@id\":\"https:\\\/\\\/www.cetys.mx\\\/noticias\\\/#\\\/schema\\\/person\\\/79a95c4ac185f3705cf1b9c9340a5f70\",\"name\":\"Campus Mexicali\",\"url\":\"https:\\\/\\\/www.cetys.mx\\\/noticias\\\/author\\\/campusmexicali\\\/\"}]}<\/script>\n<!-- \/ Yoast SEO plugin. -->","yoast_head_json":{"title":"Estudiantes de Derecho CETYS destacan en coloquio de investigaci\u00f3n de la UNAM - CETYS","description":"Articulo sobre Estudiantes de Derecho CETYS destacan en coloquio de investigaci\u00f3n de la UNAM","robots":{"index":"index","follow":"follow","max-snippet":"max-snippet:-1","max-image-preview":"max-image-preview:large","max-video-preview":"max-video-preview:-1"},"canonical":"https:\/\/www.cetys.mx\/noticias\/estudiantes-de-derecho-cetys-destacan-en-coloquio-de-investigacion-de-la-unam\/","og_locale":"es_MX","og_type":"article","og_title":"Estudiantes de Derecho CETYS destacan en coloquio de investigaci\u00f3n de la UNAM - CETYS","og_description":"Articulo sobre Estudiantes de Derecho CETYS destacan en coloquio de investigaci\u00f3n de la UNAM","og_url":"https:\/\/www.cetys.mx\/noticias\/estudiantes-de-derecho-cetys-destacan-en-coloquio-de-investigacion-de-la-unam\/","og_site_name":"CETYS","article_publisher":"https:\/\/www.facebook.com\/cetysuniversidadmxl\/","article_published_time":"2026-04-09T00:00:05+00:00","article_modified_time":"2026-04-09T00:06:51+00:00","og_image":[{"width":958,"height":683,"url":"https:\/\/www.cetys.mx\/noticias\/wp-content\/uploads\/2026\/04\/Grupo-derecho-en-Coloquio-UNAM.jpg","type":"image\/jpeg"}],"author":"Campus Mexicali","twitter_card":"summary_large_image","twitter_creator":"@cetysuni","twitter_site":"@cetysuni","twitter_misc":{"Escrito por":"Campus Mexicali","Tiempo de lectura":"2 minutos"},"schema":{"@context":"https:\/\/schema.org","@graph":[{"@type":"Article","@id":"https:\/\/www.cetys.mx\/noticias\/estudiantes-de-derecho-cetys-destacan-en-coloquio-de-investigacion-de-la-unam\/#article","isPartOf":{"@id":"https:\/\/www.cetys.mx\/noticias\/estudiantes-de-derecho-cetys-destacan-en-coloquio-de-investigacion-de-la-unam\/"},"author":{"name":"Campus Mexicali","@id":"https:\/\/www.cetys.mx\/noticias\/#\/schema\/person\/79a95c4ac185f3705cf1b9c9340a5f70"},"headline":"Estudiantes de Derecho CETYS destacan en coloquio de investigaci\u00f3n de la UNAM","datePublished":"2026-04-09T00:00:05+00:00","dateModified":"2026-04-09T00:06:51+00:00","mainEntityOfPage":{"@id":"https:\/\/www.cetys.mx\/noticias\/estudiantes-de-derecho-cetys-destacan-en-coloquio-de-investigacion-de-la-unam\/"},"wordCount":494,"commentCount":0,"image":{"@id":"https:\/\/www.cetys.mx\/noticias\/estudiantes-de-derecho-cetys-destacan-en-coloquio-de-investigacion-de-la-unam\/#primaryimage"},"thumbnailUrl":"https:\/\/www.cetys.mx\/noticias\/wp-content\/uploads\/2026\/04\/Grupo-derecho-en-Coloquio-UNAM.jpg","keywords":["campusmexicali","Derecho"],"articleSection":["Campus Mexicali","Portada","Profesional","VoCETYS"],"inLanguage":"es","potentialAction":[{"@type":"CommentAction","name":"Comment","target":["https:\/\/www.cetys.mx\/noticias\/estudiantes-de-derecho-cetys-destacan-en-coloquio-de-investigacion-de-la-unam\/#respond"]}]},{"@type":"WebPage","@id":"https:\/\/www.cetys.mx\/noticias\/estudiantes-de-derecho-cetys-destacan-en-coloquio-de-investigacion-de-la-unam\/","url":"https:\/\/www.cetys.mx\/noticias\/estudiantes-de-derecho-cetys-destacan-en-coloquio-de-investigacion-de-la-unam\/","name":"Estudiantes de Derecho CETYS destacan en coloquio de investigaci\u00f3n de la UNAM - CETYS","isPartOf":{"@id":"https:\/\/www.cetys.mx\/noticias\/#website"},"primaryImageOfPage":{"@id":"https:\/\/www.cetys.mx\/noticias\/estudiantes-de-derecho-cetys-destacan-en-coloquio-de-investigacion-de-la-unam\/#primaryimage"},"image":{"@id":"https:\/\/www.cetys.mx\/noticias\/estudiantes-de-derecho-cetys-destacan-en-coloquio-de-investigacion-de-la-unam\/#primaryimage"},"thumbnailUrl":"https:\/\/www.cetys.mx\/noticias\/wp-content\/uploads\/2026\/04\/Grupo-derecho-en-Coloquio-UNAM.jpg","datePublished":"2026-04-09T00:00:05+00:00","dateModified":"2026-04-09T00:06:51+00:00","author":{"@id":"https:\/\/www.cetys.mx\/noticias\/#\/schema\/person\/79a95c4ac185f3705cf1b9c9340a5f70"},"description":"Articulo sobre Estudiantes de Derecho CETYS destacan en coloquio de investigaci\u00f3n de la UNAM","breadcrumb":{"@id":"https:\/\/www.cetys.mx\/noticias\/estudiantes-de-derecho-cetys-destacan-en-coloquio-de-investigacion-de-la-unam\/#breadcrumb"},"inLanguage":"es","potentialAction":[{"@type":"ReadAction","target":["https:\/\/www.cetys.mx\/noticias\/estudiantes-de-derecho-cetys-destacan-en-coloquio-de-investigacion-de-la-unam\/"]}]},{"@type":"ImageObject","inLanguage":"es","@id":"https:\/\/www.cetys.mx\/noticias\/estudiantes-de-derecho-cetys-destacan-en-coloquio-de-investigacion-de-la-unam\/#primaryimage","url":"https:\/\/www.cetys.mx\/noticias\/wp-content\/uploads\/2026\/04\/Grupo-derecho-en-Coloquio-UNAM.jpg","contentUrl":"https:\/\/www.cetys.mx\/noticias\/wp-content\/uploads\/2026\/04\/Grupo-derecho-en-Coloquio-UNAM.jpg","width":958,"height":683},{"@type":"BreadcrumbList","@id":"https:\/\/www.cetys.mx\/noticias\/estudiantes-de-derecho-cetys-destacan-en-coloquio-de-investigacion-de-la-unam\/#breadcrumb","itemListElement":[{"@type":"ListItem","position":1,"name":"Inicio","item":"https:\/\/www.cetys.mx\/noticias\/"},{"@type":"ListItem","position":2,"name":"Estudiantes de Derecho CETYS destacan en coloquio de investigaci\u00f3n de la UNAM"}]},{"@type":"WebSite","@id":"https:\/\/www.cetys.mx\/noticias\/#website","url":"https:\/\/www.cetys.mx\/noticias\/","name":"CETYS","description":"","potentialAction":[{"@type":"SearchAction","target":{"@type":"EntryPoint","urlTemplate":"https:\/\/www.cetys.mx\/noticias\/?s={search_term_string}"},"query-input":{"@type":"PropertyValueSpecification","valueRequired":true,"valueName":"search_term_string"}}],"inLanguage":"es"},{"@type":"Person","@id":"https:\/\/www.cetys.mx\/noticias\/#\/schema\/person\/79a95c4ac185f3705cf1b9c9340a5f70","name":"Campus Mexicali","url":"https:\/\/www.cetys.mx\/noticias\/author\/campusmexicali\/"}]}},"_links":{"self":[{"href":"https:\/\/www.cetys.mx\/noticias\/wp-json\/wp\/v2\/posts\/221587","targetHints":{"allow":["GET"]}}],"collection":[{"href":"https:\/\/www.cetys.mx\/noticias\/wp-json\/wp\/v2\/posts"}],"about":[{"href":"https:\/\/www.cetys.mx\/noticias\/wp-json\/wp\/v2\/types\/post"}],"author":[{"embeddable":true,"href":"https:\/\/www.cetys.mx\/noticias\/wp-json\/wp\/v2\/users\/20"}],"replies":[{"embeddable":true,"href":"https:\/\/www.cetys.mx\/noticias\/wp-json\/wp\/v2\/comments?post=221587"}],"version-history":[{"count":2,"href":"https:\/\/www.cetys.mx\/noticias\/wp-json\/wp\/v2\/posts\/221587\/revisions"}],"predecessor-version":[{"id":221592,"href":"https:\/\/www.cetys.mx\/noticias\/wp-json\/wp\/v2\/posts\/221587\/revisions\/221592"}],"wp:featuredmedia":[{"embeddable":true,"href":"https:\/\/www.cetys.mx\/noticias\/wp-json\/wp\/v2\/media\/221590"}],"wp:attachment":[{"href":"https:\/\/www.cetys.mx\/noticias\/wp-json\/wp\/v2\/media?parent=221587"}],"wp:term":[{"taxonomy":"category","embeddable":true,"href":"https:\/\/www.cetys.mx\/noticias\/wp-json\/wp\/v2\/categories?post=221587"},{"taxonomy":"post_tag","embeddable":true,"href":"https:\/\/www.cetys.mx\/noticias\/wp-json\/wp\/v2\/tags?post=221587"}],"curies":[{"name":"wp","href":"https:\/\/api.w.org\/{rel}","templated":true}]}}