{"id":221573,"date":"2026-04-08T12:07:43","date_gmt":"2026-04-08T19:07:43","guid":{"rendered":"https:\/\/www.cetys.mx\/noticias\/?p=221573"},"modified":"2026-04-10T14:55:36","modified_gmt":"2026-04-10T21:55:36","slug":"reconoce-agb-a-lider-de-cetys-por-su-excelencia-en-gobernanza-en-la-educacion-superior","status":"publish","type":"post","link":"https:\/\/www.cetys.mx\/noticias\/reconoce-agb-a-lider-de-cetys-por-su-excelencia-en-gobernanza-en-la-educacion-superior\/","title":{"rendered":"Reconoce AGB a l\u00edder de CETYS por su excelencia en gobernanza en la Educaci\u00f3n Superior"},"content":{"rendered":"<p style=\"text-align: center;\"><b><i>El Doctor Carlos H. Garc\u00eda Alvarado es reconocido por su aportaci\u00f3n al fortalecimiento del gobierno de CETYS Universidad por parte de AGB, Asociaci\u00f3n que agrupa a 40 mil profesionales de m\u00e1s de 50 pa\u00edses<\/i><\/b><\/p>\n<p><span style=\"font-weight: 400;\">La Asociaci\u00f3n de \u00d3rganos de Gobierno de Universidades (AGB) otorg\u00f3 el premio AGB al Profesional Distinguido de Consejos 2026 al Dr. Carlos H. Garc\u00eda-Alvarado, Vicerrector de Relaciones Institucionales del Sistema CETYS Universidad.<\/span><\/p>\n<p><span style=\"font-weight: 400;\">El Premio AGB al Profesional Distinguido de Consejos reconoce a los profesionales que desempe\u00f1an un papel fundamental en el apoyo a los Consejos de gobierno, como encargados de garantizar que los procesos de gobernanza sean estrat\u00e9gicos, informados y est\u00e9n orientados a la misi\u00f3n institucional, lo que permite afrontar desaf\u00edos complejos y alcanzar el \u00e9xito a largo plazo.<\/span><\/p>\n<p><span style=\"font-weight: 400;\"><img loading=\"lazy\" decoding=\"async\" class=\" wp-image-221576 alignleft\" src=\"https:\/\/www.cetys.mx\/noticias\/wp-content\/uploads\/2026\/04\/WhatsApp-Image-2026-04-08-at-12.14.44-PM.jpeg\" alt=\"\" width=\"273\" height=\"364\" srcset=\"https:\/\/www.cetys.mx\/noticias\/wp-content\/uploads\/2026\/04\/WhatsApp-Image-2026-04-08-at-12.14.44-PM.jpeg 960w, https:\/\/www.cetys.mx\/noticias\/wp-content\/uploads\/2026\/04\/WhatsApp-Image-2026-04-08-at-12.14.44-PM-768x1024.jpeg 768w\" sizes=\"auto, (max-width: 273px) 100vw, 273px\" \/>El galard\u00f3n fue entregado durante la Conferencia de Profesionales de Consejos de la AGB.\u00a0<\/span><\/p>\n<p><span style=\"font-weight: 400;\">\u201cLos profesionales de los Consejos son la columna vertebral de una gobernanza eficaz en la educaci\u00f3n superior\u201d, afirm\u00f3 Ross A. Mugler, presidente y director ejecutivo de AGB. \u201cLos homenajeados ejemplifican la dedicaci\u00f3n, la creatividad y el liderazgo estrat\u00e9gico que permiten a los Consejos gobernar con eficacia y contribuir al \u00e9xito de las instituciones. Nos enorgullece reconocer sus extraordinarias contribuciones. Su liderazgo demuestra c\u00f3mo un dise\u00f1o de gobernanza bien pensado, una s\u00f3lida excelencia operativa y estrategias de participaci\u00f3n innovadoras pueden fortalecer las instituciones y ayudar a los consejos directivos a desenvolverse en un entorno cada vez m\u00e1s complejo\u201d.<\/span><\/p>\n<p><span style=\"font-weight: 400;\">El Dr. Carlos H. Garc\u00eda Alvarado ha desempe\u00f1ado un papel transformador en el fortalecimiento de la gobernanza en CETYS Universidad, una instituci\u00f3n privada l\u00edder en M\u00e9xico con campus en Mexicali, Tijuana y Ensenada, Baja California.<\/span><\/p>\n<p><span style=\"font-weight: 400;\">Trabajando en estrecha colaboraci\u00f3n con la direcci\u00f3n universitaria y los presidentes de Consejo, el Dr. Garc\u00eda Alvarado ayud\u00f3 a liderar una transformaci\u00f3n integral de la gobernanza que incluy\u00f3 la reestructuraci\u00f3n de la junta para mejorar la participaci\u00f3n, el fortalecimiento de la rendici\u00f3n de cuentas de los miembros y la alineaci\u00f3n de los comit\u00e9s y las agendas con las prioridades estrat\u00e9gicas.<\/span><\/p>\n<p><span style=\"font-weight: 400;\">Tambi\u00e9n introdujo iniciativas innovadoras, como los Learning Journeys para los integrantes del Consejo, por universidades y organizaciones l\u00edderes, reuni\u00e9ndolos con l\u00edderes institucionales y expertos para explorar los problemas emergentes de la educaci\u00f3n superior. A trav\u00e9s de estos esfuerzos, ha contribuido a transformar al Consejo de CETYS de un \u00f3rgano comprometido a un socio estrat\u00e9gico de gran importancia para el avance de la visi\u00f3n a largo plazo de la instituci\u00f3n.<\/span><\/p>\n<p><span style=\"font-weight: 400;\">La AGB ofrece representaci\u00f3n, pr\u00e1cticas l\u00edderes, recursos educativos, apoyo de expertos y programas de renombre que promueven la excelencia en la gesti\u00f3n de \u00f3rganos de gobierno para sus 40 mil 000 miembros de m\u00e1s de 2 mil instituciones y fundaciones de m\u00e1s de 50 pa\u00edses.\u00a0<\/span><\/p>\n<p>&nbsp;<\/p>\n","protected":false},"excerpt":{"rendered":"<p>El Doctor Carlos H. Garc\u00eda Alvarado es reconocido por su aportaci\u00f3n al fortalecimiento del gobierno de CETYS Universidad por parte de AGB,&#8230;<\/p>\n","protected":false},"author":111,"featured_media":221574,"comment_status":"open","ping_status":"closed","sticky":false,"template":"","format":"standard","meta":{"footnotes":""},"categories":[209,125],"tags":[],"class_list":["post-221573","post","type-post","status-publish","format-standard","has-post-thumbnail","hentry","category-institucional","category-portada"],"yoast_head":"<!-- This site is optimized with the Yoast SEO plugin v27.4 - https:\/\/yoast.com\/product\/yoast-seo-wordpress\/ -->\n<title>Reconoce AGB a l\u00edder de CETYS por su excelencia en gobernanza en la Educaci\u00f3n Superior - CETYS<\/title>\n<meta name=\"description\" content=\"Articulo sobre Reconoce AGB a l\u00edder de CETYS por su excelencia en gobernanza en la Educaci\u00f3n Superior\" \/>\n<meta name=\"robots\" content=\"index, follow, max-snippet:-1, max-image-preview:large, max-video-preview:-1\" \/>\n<link rel=\"canonical\" href=\"https:\/\/www.cetys.mx\/noticias\/reconoce-agb-a-lider-de-cetys-por-su-excelencia-en-gobernanza-en-la-educacion-superior\/\" \/>\n<meta property=\"og:locale\" content=\"es_MX\" \/>\n<meta property=\"og:type\" content=\"article\" \/>\n<meta property=\"og:title\" content=\"Reconoce AGB a l\u00edder de CETYS por su excelencia en gobernanza en la Educaci\u00f3n Superior - CETYS\" \/>\n<meta property=\"og:description\" content=\"Articulo sobre Reconoce AGB a l\u00edder de CETYS por su excelencia en gobernanza en la Educaci\u00f3n Superior\" \/>\n<meta property=\"og:url\" content=\"https:\/\/www.cetys.mx\/noticias\/reconoce-agb-a-lider-de-cetys-por-su-excelencia-en-gobernanza-en-la-educacion-superior\/\" \/>\n<meta property=\"og:site_name\" content=\"CETYS\" \/>\n<meta property=\"article:publisher\" content=\"https:\/\/www.facebook.com\/cetysuniversidadmxl\/\" \/>\n<meta property=\"article:published_time\" content=\"2026-04-08T19:07:43+00:00\" \/>\n<meta property=\"article:modified_time\" content=\"2026-04-10T21:55:36+00:00\" \/>\n<meta property=\"og:image\" content=\"https:\/\/www.cetys.mx\/noticias\/wp-content\/uploads\/2026\/04\/Reconocimiento-AGB-Carlos-H-Garcia.jpg\" \/>\n\t<meta property=\"og:image:width\" content=\"958\" \/>\n\t<meta property=\"og:image:height\" content=\"637\" \/>\n\t<meta property=\"og:image:type\" content=\"image\/jpeg\" \/>\n<meta name=\"author\" content=\"Mar\u00eda Acosta\" \/>\n<meta name=\"twitter:card\" content=\"summary_large_image\" \/>\n<meta name=\"twitter:creator\" content=\"@cetysuni\" \/>\n<meta name=\"twitter:site\" content=\"@cetysuni\" \/>\n<meta name=\"twitter:label1\" content=\"Escrito por\" \/>\n\t<meta name=\"twitter:data1\" content=\"Mar\u00eda Acosta\" \/>\n\t<meta name=\"twitter:label2\" content=\"Tiempo de lectura\" \/>\n\t<meta name=\"twitter:data2\" content=\"2 minutos\" \/>\n<script type=\"application\/ld+json\" class=\"yoast-schema-graph\">{\"@context\":\"https:\\\/\\\/schema.org\",\"@graph\":[{\"@type\":\"Article\",\"@id\":\"https:\\\/\\\/www.cetys.mx\\\/noticias\\\/reconoce-agb-a-lider-de-cetys-por-su-excelencia-en-gobernanza-en-la-educacion-superior\\\/#article\",\"isPartOf\":{\"@id\":\"https:\\\/\\\/www.cetys.mx\\\/noticias\\\/reconoce-agb-a-lider-de-cetys-por-su-excelencia-en-gobernanza-en-la-educacion-superior\\\/\"},\"author\":{\"name\":\"Mar\u00eda Acosta\",\"@id\":\"https:\\\/\\\/www.cetys.mx\\\/noticias\\\/#\\\/schema\\\/person\\\/7de1bccd2c9e7c8aa00571452b8ca443\"},\"headline\":\"Reconoce AGB a l\u00edder de CETYS por su excelencia en gobernanza en la Educaci\u00f3n Superior\",\"datePublished\":\"2026-04-08T19:07:43+00:00\",\"dateModified\":\"2026-04-10T21:55:36+00:00\",\"mainEntityOfPage\":{\"@id\":\"https:\\\/\\\/www.cetys.mx\\\/noticias\\\/reconoce-agb-a-lider-de-cetys-por-su-excelencia-en-gobernanza-en-la-educacion-superior\\\/\"},\"wordCount\":506,\"commentCount\":0,\"image\":{\"@id\":\"https:\\\/\\\/www.cetys.mx\\\/noticias\\\/reconoce-agb-a-lider-de-cetys-por-su-excelencia-en-gobernanza-en-la-educacion-superior\\\/#primaryimage\"},\"thumbnailUrl\":\"https:\\\/\\\/www.cetys.mx\\\/noticias\\\/wp-content\\\/uploads\\\/2026\\\/04\\\/Reconocimiento-AGB-Carlos-H-Garcia.jpg\",\"articleSection\":[\"Institucional\",\"Portada\"],\"inLanguage\":\"es\",\"potentialAction\":[{\"@type\":\"CommentAction\",\"name\":\"Comment\",\"target\":[\"https:\\\/\\\/www.cetys.mx\\\/noticias\\\/reconoce-agb-a-lider-de-cetys-por-su-excelencia-en-gobernanza-en-la-educacion-superior\\\/#respond\"]}]},{\"@type\":\"WebPage\",\"@id\":\"https:\\\/\\\/www.cetys.mx\\\/noticias\\\/reconoce-agb-a-lider-de-cetys-por-su-excelencia-en-gobernanza-en-la-educacion-superior\\\/\",\"url\":\"https:\\\/\\\/www.cetys.mx\\\/noticias\\\/reconoce-agb-a-lider-de-cetys-por-su-excelencia-en-gobernanza-en-la-educacion-superior\\\/\",\"name\":\"Reconoce AGB a l\u00edder de CETYS por su excelencia en gobernanza en la Educaci\u00f3n Superior - CETYS\",\"isPartOf\":{\"@id\":\"https:\\\/\\\/www.cetys.mx\\\/noticias\\\/#website\"},\"primaryImageOfPage\":{\"@id\":\"https:\\\/\\\/www.cetys.mx\\\/noticias\\\/reconoce-agb-a-lider-de-cetys-por-su-excelencia-en-gobernanza-en-la-educacion-superior\\\/#primaryimage\"},\"image\":{\"@id\":\"https:\\\/\\\/www.cetys.mx\\\/noticias\\\/reconoce-agb-a-lider-de-cetys-por-su-excelencia-en-gobernanza-en-la-educacion-superior\\\/#primaryimage\"},\"thumbnailUrl\":\"https:\\\/\\\/www.cetys.mx\\\/noticias\\\/wp-content\\\/uploads\\\/2026\\\/04\\\/Reconocimiento-AGB-Carlos-H-Garcia.jpg\",\"datePublished\":\"2026-04-08T19:07:43+00:00\",\"dateModified\":\"2026-04-10T21:55:36+00:00\",\"author\":{\"@id\":\"https:\\\/\\\/www.cetys.mx\\\/noticias\\\/#\\\/schema\\\/person\\\/7de1bccd2c9e7c8aa00571452b8ca443\"},\"description\":\"Articulo sobre Reconoce AGB a l\u00edder de CETYS por su excelencia en gobernanza en la Educaci\u00f3n Superior\",\"breadcrumb\":{\"@id\":\"https:\\\/\\\/www.cetys.mx\\\/noticias\\\/reconoce-agb-a-lider-de-cetys-por-su-excelencia-en-gobernanza-en-la-educacion-superior\\\/#breadcrumb\"},\"inLanguage\":\"es\",\"potentialAction\":[{\"@type\":\"ReadAction\",\"target\":[\"https:\\\/\\\/www.cetys.mx\\\/noticias\\\/reconoce-agb-a-lider-de-cetys-por-su-excelencia-en-gobernanza-en-la-educacion-superior\\\/\"]}]},{\"@type\":\"ImageObject\",\"inLanguage\":\"es\",\"@id\":\"https:\\\/\\\/www.cetys.mx\\\/noticias\\\/reconoce-agb-a-lider-de-cetys-por-su-excelencia-en-gobernanza-en-la-educacion-superior\\\/#primaryimage\",\"url\":\"https:\\\/\\\/www.cetys.mx\\\/noticias\\\/wp-content\\\/uploads\\\/2026\\\/04\\\/Reconocimiento-AGB-Carlos-H-Garcia.jpg\",\"contentUrl\":\"https:\\\/\\\/www.cetys.mx\\\/noticias\\\/wp-content\\\/uploads\\\/2026\\\/04\\\/Reconocimiento-AGB-Carlos-H-Garcia.jpg\",\"width\":958,\"height\":637},{\"@type\":\"BreadcrumbList\",\"@id\":\"https:\\\/\\\/www.cetys.mx\\\/noticias\\\/reconoce-agb-a-lider-de-cetys-por-su-excelencia-en-gobernanza-en-la-educacion-superior\\\/#breadcrumb\",\"itemListElement\":[{\"@type\":\"ListItem\",\"position\":1,\"name\":\"Inicio\",\"item\":\"https:\\\/\\\/www.cetys.mx\\\/noticias\\\/\"},{\"@type\":\"ListItem\",\"position\":2,\"name\":\"Reconoce AGB a l\u00edder de CETYS por su excelencia en gobernanza en la Educaci\u00f3n Superior\"}]},{\"@type\":\"WebSite\",\"@id\":\"https:\\\/\\\/www.cetys.mx\\\/noticias\\\/#website\",\"url\":\"https:\\\/\\\/www.cetys.mx\\\/noticias\\\/\",\"name\":\"CETYS\",\"description\":\"\",\"potentialAction\":[{\"@type\":\"SearchAction\",\"target\":{\"@type\":\"EntryPoint\",\"urlTemplate\":\"https:\\\/\\\/www.cetys.mx\\\/noticias\\\/?s={search_term_string}\"},\"query-input\":{\"@type\":\"PropertyValueSpecification\",\"valueRequired\":true,\"valueName\":\"search_term_string\"}}],\"inLanguage\":\"es\"},{\"@type\":\"Person\",\"@id\":\"https:\\\/\\\/www.cetys.mx\\\/noticias\\\/#\\\/schema\\\/person\\\/7de1bccd2c9e7c8aa00571452b8ca443\",\"name\":\"Mar\u00eda Acosta\",\"url\":\"https:\\\/\\\/www.cetys.mx\\\/noticias\\\/author\\\/maria-acosta\\\/\"}]}<\/script>\n<!-- \/ Yoast SEO plugin. -->","yoast_head_json":{"title":"Reconoce AGB a l\u00edder de CETYS por su excelencia en gobernanza en la Educaci\u00f3n Superior - CETYS","description":"Articulo sobre Reconoce AGB a l\u00edder de CETYS por su excelencia en gobernanza en la Educaci\u00f3n Superior","robots":{"index":"index","follow":"follow","max-snippet":"max-snippet:-1","max-image-preview":"max-image-preview:large","max-video-preview":"max-video-preview:-1"},"canonical":"https:\/\/www.cetys.mx\/noticias\/reconoce-agb-a-lider-de-cetys-por-su-excelencia-en-gobernanza-en-la-educacion-superior\/","og_locale":"es_MX","og_type":"article","og_title":"Reconoce AGB a l\u00edder de CETYS por su excelencia en gobernanza en la Educaci\u00f3n Superior - CETYS","og_description":"Articulo sobre Reconoce AGB a l\u00edder de CETYS por su excelencia en gobernanza en la Educaci\u00f3n Superior","og_url":"https:\/\/www.cetys.mx\/noticias\/reconoce-agb-a-lider-de-cetys-por-su-excelencia-en-gobernanza-en-la-educacion-superior\/","og_site_name":"CETYS","article_publisher":"https:\/\/www.facebook.com\/cetysuniversidadmxl\/","article_published_time":"2026-04-08T19:07:43+00:00","article_modified_time":"2026-04-10T21:55:36+00:00","og_image":[{"width":958,"height":637,"url":"https:\/\/www.cetys.mx\/noticias\/wp-content\/uploads\/2026\/04\/Reconocimiento-AGB-Carlos-H-Garcia.jpg","type":"image\/jpeg"}],"author":"Mar\u00eda Acosta","twitter_card":"summary_large_image","twitter_creator":"@cetysuni","twitter_site":"@cetysuni","twitter_misc":{"Escrito por":"Mar\u00eda Acosta","Tiempo de lectura":"2 minutos"},"schema":{"@context":"https:\/\/schema.org","@graph":[{"@type":"Article","@id":"https:\/\/www.cetys.mx\/noticias\/reconoce-agb-a-lider-de-cetys-por-su-excelencia-en-gobernanza-en-la-educacion-superior\/#article","isPartOf":{"@id":"https:\/\/www.cetys.mx\/noticias\/reconoce-agb-a-lider-de-cetys-por-su-excelencia-en-gobernanza-en-la-educacion-superior\/"},"author":{"name":"Mar\u00eda Acosta","@id":"https:\/\/www.cetys.mx\/noticias\/#\/schema\/person\/7de1bccd2c9e7c8aa00571452b8ca443"},"headline":"Reconoce AGB a l\u00edder de CETYS por su excelencia en gobernanza en la Educaci\u00f3n Superior","datePublished":"2026-04-08T19:07:43+00:00","dateModified":"2026-04-10T21:55:36+00:00","mainEntityOfPage":{"@id":"https:\/\/www.cetys.mx\/noticias\/reconoce-agb-a-lider-de-cetys-por-su-excelencia-en-gobernanza-en-la-educacion-superior\/"},"wordCount":506,"commentCount":0,"image":{"@id":"https:\/\/www.cetys.mx\/noticias\/reconoce-agb-a-lider-de-cetys-por-su-excelencia-en-gobernanza-en-la-educacion-superior\/#primaryimage"},"thumbnailUrl":"https:\/\/www.cetys.mx\/noticias\/wp-content\/uploads\/2026\/04\/Reconocimiento-AGB-Carlos-H-Garcia.jpg","articleSection":["Institucional","Portada"],"inLanguage":"es","potentialAction":[{"@type":"CommentAction","name":"Comment","target":["https:\/\/www.cetys.mx\/noticias\/reconoce-agb-a-lider-de-cetys-por-su-excelencia-en-gobernanza-en-la-educacion-superior\/#respond"]}]},{"@type":"WebPage","@id":"https:\/\/www.cetys.mx\/noticias\/reconoce-agb-a-lider-de-cetys-por-su-excelencia-en-gobernanza-en-la-educacion-superior\/","url":"https:\/\/www.cetys.mx\/noticias\/reconoce-agb-a-lider-de-cetys-por-su-excelencia-en-gobernanza-en-la-educacion-superior\/","name":"Reconoce AGB a l\u00edder de CETYS por su excelencia en gobernanza en la Educaci\u00f3n Superior - CETYS","isPartOf":{"@id":"https:\/\/www.cetys.mx\/noticias\/#website"},"primaryImageOfPage":{"@id":"https:\/\/www.cetys.mx\/noticias\/reconoce-agb-a-lider-de-cetys-por-su-excelencia-en-gobernanza-en-la-educacion-superior\/#primaryimage"},"image":{"@id":"https:\/\/www.cetys.mx\/noticias\/reconoce-agb-a-lider-de-cetys-por-su-excelencia-en-gobernanza-en-la-educacion-superior\/#primaryimage"},"thumbnailUrl":"https:\/\/www.cetys.mx\/noticias\/wp-content\/uploads\/2026\/04\/Reconocimiento-AGB-Carlos-H-Garcia.jpg","datePublished":"2026-04-08T19:07:43+00:00","dateModified":"2026-04-10T21:55:36+00:00","author":{"@id":"https:\/\/www.cetys.mx\/noticias\/#\/schema\/person\/7de1bccd2c9e7c8aa00571452b8ca443"},"description":"Articulo sobre Reconoce AGB a l\u00edder de CETYS por su excelencia en gobernanza en la Educaci\u00f3n Superior","breadcrumb":{"@id":"https:\/\/www.cetys.mx\/noticias\/reconoce-agb-a-lider-de-cetys-por-su-excelencia-en-gobernanza-en-la-educacion-superior\/#breadcrumb"},"inLanguage":"es","potentialAction":[{"@type":"ReadAction","target":["https:\/\/www.cetys.mx\/noticias\/reconoce-agb-a-lider-de-cetys-por-su-excelencia-en-gobernanza-en-la-educacion-superior\/"]}]},{"@type":"ImageObject","inLanguage":"es","@id":"https:\/\/www.cetys.mx\/noticias\/reconoce-agb-a-lider-de-cetys-por-su-excelencia-en-gobernanza-en-la-educacion-superior\/#primaryimage","url":"https:\/\/www.cetys.mx\/noticias\/wp-content\/uploads\/2026\/04\/Reconocimiento-AGB-Carlos-H-Garcia.jpg","contentUrl":"https:\/\/www.cetys.mx\/noticias\/wp-content\/uploads\/2026\/04\/Reconocimiento-AGB-Carlos-H-Garcia.jpg","width":958,"height":637},{"@type":"BreadcrumbList","@id":"https:\/\/www.cetys.mx\/noticias\/reconoce-agb-a-lider-de-cetys-por-su-excelencia-en-gobernanza-en-la-educacion-superior\/#breadcrumb","itemListElement":[{"@type":"ListItem","position":1,"name":"Inicio","item":"https:\/\/www.cetys.mx\/noticias\/"},{"@type":"ListItem","position":2,"name":"Reconoce AGB a l\u00edder de CETYS por su excelencia en gobernanza en la Educaci\u00f3n Superior"}]},{"@type":"WebSite","@id":"https:\/\/www.cetys.mx\/noticias\/#website","url":"https:\/\/www.cetys.mx\/noticias\/","name":"CETYS","description":"","potentialAction":[{"@type":"SearchAction","target":{"@type":"EntryPoint","urlTemplate":"https:\/\/www.cetys.mx\/noticias\/?s={search_term_string}"},"query-input":{"@type":"PropertyValueSpecification","valueRequired":true,"valueName":"search_term_string"}}],"inLanguage":"es"},{"@type":"Person","@id":"https:\/\/www.cetys.mx\/noticias\/#\/schema\/person\/7de1bccd2c9e7c8aa00571452b8ca443","name":"Mar\u00eda Acosta","url":"https:\/\/www.cetys.mx\/noticias\/author\/maria-acosta\/"}]}},"_links":{"self":[{"href":"https:\/\/www.cetys.mx\/noticias\/wp-json\/wp\/v2\/posts\/221573","targetHints":{"allow":["GET"]}}],"collection":[{"href":"https:\/\/www.cetys.mx\/noticias\/wp-json\/wp\/v2\/posts"}],"about":[{"href":"https:\/\/www.cetys.mx\/noticias\/wp-json\/wp\/v2\/types\/post"}],"author":[{"embeddable":true,"href":"https:\/\/www.cetys.mx\/noticias\/wp-json\/wp\/v2\/users\/111"}],"replies":[{"embeddable":true,"href":"https:\/\/www.cetys.mx\/noticias\/wp-json\/wp\/v2\/comments?post=221573"}],"version-history":[{"count":4,"href":"https:\/\/www.cetys.mx\/noticias\/wp-json\/wp\/v2\/posts\/221573\/revisions"}],"predecessor-version":[{"id":221667,"href":"https:\/\/www.cetys.mx\/noticias\/wp-json\/wp\/v2\/posts\/221573\/revisions\/221667"}],"wp:featuredmedia":[{"embeddable":true,"href":"https:\/\/www.cetys.mx\/noticias\/wp-json\/wp\/v2\/media\/221574"}],"wp:attachment":[{"href":"https:\/\/www.cetys.mx\/noticias\/wp-json\/wp\/v2\/media?parent=221573"}],"wp:term":[{"taxonomy":"category","embeddable":true,"href":"https:\/\/www.cetys.mx\/noticias\/wp-json\/wp\/v2\/categories?post=221573"},{"taxonomy":"post_tag","embeddable":true,"href":"https:\/\/www.cetys.mx\/noticias\/wp-json\/wp\/v2\/tags?post=221573"}],"curies":[{"name":"wp","href":"https:\/\/api.w.org\/{rel}","templated":true}]}}