{"id":221528,"date":"2026-04-07T15:43:35","date_gmt":"2026-04-07T22:43:35","guid":{"rendered":"https:\/\/www.cetys.mx\/noticias\/?p=221528"},"modified":"2026-04-08T10:04:37","modified_gmt":"2026-04-08T17:04:37","slug":"maestria-en-gerontologia-social-de-cetys-promueve-reflexion-y-accion-en-torno-al-envejecimiento-2","status":"publish","type":"post","link":"https:\/\/www.cetys.mx\/noticias\/maestria-en-gerontologia-social-de-cetys-promueve-reflexion-y-accion-en-torno-al-envejecimiento-2\/","title":{"rendered":"Maestr\u00eda en Gerontolog\u00eda Social de CETYS promueve reflexi\u00f3n y acci\u00f3n en torno al envejecimiento"},"content":{"rendered":"<p><span style=\"font-weight: 400;\">La<strong> Maestr\u00eda en Gerontolog\u00eda Social de CETYS Universidad<\/strong>, realiz\u00f3 el evento\u00a0 \u201c<strong>Voces y Caminos: Identidad y Experiencias en la Vejez\u201d,<\/strong> una iniciativa orientada a visibilizar el envejecimiento desde una perspectiva integral, humana y estrat\u00e9gica. Este evento se llev\u00f3 a cabo el pasado 21 de marzo de 2026.<\/span><\/p>\n<p><span style=\"font-weight: 400;\">El encuentro fue dirigido a personas adultas mayores interesadas en fortalecer su autoconocimiento y redefinir su proyecto de vida, el encuentro abordar\u00e1 ejes clave como la percepci\u00f3n de la vejez, la resiliencia y la continuidad personal. A trav\u00e9s de un enfoque participativo, se busca generar valor a partir de las experiencias individuales, promoviendo la construcci\u00f3n de comunidad y el intercambio de perspectivas que permitan resignificar esta etapa de vida con prop\u00f3sito y visi\u00f3n de futuro.<\/span><\/p>\n<p><span style=\"font-weight: 400;\">En CETYS Universidad, este programa acad\u00e9mico destaca por su enfoque multidisciplinario, al integrar dimensiones psicol\u00f3gicas, jur\u00eddicas, sociales, culturales, educativas y laborales.\u00a0 Buscando formar profesionales capaces de incidir de manera estrat\u00e9gica en \u00e1mbitos como la salud, la asistencia social, las pol\u00edticas p\u00fablicas y el desarrollo humano, contribuyendo activamente a mejorar la calidad de vida de las personas adultas mayores.<\/span><\/p>\n<div class=\"gallery-slider-wrapper gallery-1\">\n                        <div class=\"gallery-slider\" itemscope itemtype=\"http:\/\/schema.org\/ImageGallery\"><figure class=\"slide\" itemprop=\"associatedMedia\" itemscope itemtype=\"http:\/\/schema.org\/ImageObject\">\n                    <a itemprop=\"contentUrl\" href=\"https:\/\/www.cetys.mx\/noticias\/wp-content\/uploads\/2026\/04\/DSC00578.jpg\">\n                        <img decoding=\"async\" itemprop=\"thumbnail\" class=\"lazyOwl\" src=\"https:\/\/www.cetys.mx\/noticias\/wp-content\/plugins\/jmagz-plugin\/assets\/placeholder\/900x450.png\" data-src=\"https:\/\/www.cetys.mx\/noticias\/wp-content\/uploads\/2026\/04\/DSC00578.jpg\" alt=\"DSC00578\">\n                    <\/a>\n                    <figcaption itemprop=\"caption description\" class=\"slide-caption\">\n                        \n                    <\/figcaption>\n                <\/figure><figure class=\"slide\" itemprop=\"associatedMedia\" itemscope itemtype=\"http:\/\/schema.org\/ImageObject\">\n                    <a itemprop=\"contentUrl\" href=\"https:\/\/www.cetys.mx\/noticias\/wp-content\/uploads\/2026\/04\/DSC00516.jpg\">\n                        <img decoding=\"async\" itemprop=\"thumbnail\" class=\"lazyOwl\" src=\"https:\/\/www.cetys.mx\/noticias\/wp-content\/plugins\/jmagz-plugin\/assets\/placeholder\/900x450.png\" data-src=\"https:\/\/www.cetys.mx\/noticias\/wp-content\/uploads\/2026\/04\/DSC00516.jpg\" alt=\"DSC00516\">\n                    <\/a>\n                    <figcaption itemprop=\"caption description\" class=\"slide-caption\">\n                        \n                    <\/figcaption>\n                <\/figure><figure class=\"slide\" itemprop=\"associatedMedia\" itemscope itemtype=\"http:\/\/schema.org\/ImageObject\">\n                    <a itemprop=\"contentUrl\" href=\"https:\/\/www.cetys.mx\/noticias\/wp-content\/uploads\/2026\/04\/DSC00506.jpg\">\n                        <img decoding=\"async\" itemprop=\"thumbnail\" class=\"lazyOwl\" src=\"https:\/\/www.cetys.mx\/noticias\/wp-content\/plugins\/jmagz-plugin\/assets\/placeholder\/900x450.png\" data-src=\"https:\/\/www.cetys.mx\/noticias\/wp-content\/uploads\/2026\/04\/DSC00506.jpg\" alt=\"DSC00506\">\n                    <\/a>\n                    <figcaption itemprop=\"caption description\" class=\"slide-caption\">\n                        \n                    <\/figcaption>\n                <\/figure><figure class=\"slide\" itemprop=\"associatedMedia\" itemscope itemtype=\"http:\/\/schema.org\/ImageObject\">\n                    <a itemprop=\"contentUrl\" href=\"https:\/\/www.cetys.mx\/noticias\/wp-content\/uploads\/2026\/04\/DSC00490.jpg\">\n                        <img decoding=\"async\" itemprop=\"thumbnail\" class=\"lazyOwl\" src=\"https:\/\/www.cetys.mx\/noticias\/wp-content\/plugins\/jmagz-plugin\/assets\/placeholder\/900x450.png\" data-src=\"https:\/\/www.cetys.mx\/noticias\/wp-content\/uploads\/2026\/04\/DSC00490.jpg\" alt=\"DSC00490\">\n                    <\/a>\n                    <figcaption itemprop=\"caption description\" class=\"slide-caption\">\n                        \n                    <\/figcaption>\n                <\/figure><figure class=\"slide\" itemprop=\"associatedMedia\" itemscope itemtype=\"http:\/\/schema.org\/ImageObject\">\n                    <a itemprop=\"contentUrl\" href=\"https:\/\/www.cetys.mx\/noticias\/wp-content\/uploads\/2026\/04\/DSC00373.jpg\">\n                        <img decoding=\"async\" itemprop=\"thumbnail\" class=\"lazyOwl\" src=\"https:\/\/www.cetys.mx\/noticias\/wp-content\/plugins\/jmagz-plugin\/assets\/placeholder\/900x450.png\" data-src=\"https:\/\/www.cetys.mx\/noticias\/wp-content\/uploads\/2026\/04\/DSC00373.jpg\" alt=\"DSC00373\">\n                    <\/a>\n                    <figcaption itemprop=\"caption description\" class=\"slide-caption\">\n                        \n                    <\/figcaption>\n                <\/figure><figure class=\"slide\" itemprop=\"associatedMedia\" itemscope itemtype=\"http:\/\/schema.org\/ImageObject\">\n                    <a itemprop=\"contentUrl\" href=\"https:\/\/www.cetys.mx\/noticias\/wp-content\/uploads\/2026\/04\/DSC00345.jpg\">\n                        <img decoding=\"async\" itemprop=\"thumbnail\" class=\"lazyOwl\" src=\"https:\/\/www.cetys.mx\/noticias\/wp-content\/plugins\/jmagz-plugin\/assets\/placeholder\/900x450.png\" data-src=\"https:\/\/www.cetys.mx\/noticias\/wp-content\/uploads\/2026\/04\/DSC00345.jpg\" alt=\"DSC00345\">\n                    <\/a>\n                    <figcaption itemprop=\"caption description\" class=\"slide-caption\">\n                        \n                    <\/figcaption>\n                <\/figure><figure class=\"slide\" itemprop=\"associatedMedia\" itemscope itemtype=\"http:\/\/schema.org\/ImageObject\">\n                    <a itemprop=\"contentUrl\" href=\"https:\/\/www.cetys.mx\/noticias\/wp-content\/uploads\/2026\/04\/DSC00335.jpg\">\n                        <img decoding=\"async\" itemprop=\"thumbnail\" class=\"lazyOwl\" src=\"https:\/\/www.cetys.mx\/noticias\/wp-content\/plugins\/jmagz-plugin\/assets\/placeholder\/900x450.png\" data-src=\"https:\/\/www.cetys.mx\/noticias\/wp-content\/uploads\/2026\/04\/DSC00335.jpg\" alt=\"DSC00335\">\n                    <\/a>\n                    <figcaption itemprop=\"caption description\" class=\"slide-caption\">\n                        \n                    <\/figcaption>\n                <\/figure><figure class=\"slide\" itemprop=\"associatedMedia\" itemscope itemtype=\"http:\/\/schema.org\/ImageObject\">\n                    <a itemprop=\"contentUrl\" href=\"https:\/\/www.cetys.mx\/noticias\/wp-content\/uploads\/2026\/04\/DSC00330.jpg\">\n                        <img decoding=\"async\" itemprop=\"thumbnail\" class=\"lazyOwl\" src=\"https:\/\/www.cetys.mx\/noticias\/wp-content\/plugins\/jmagz-plugin\/assets\/placeholder\/900x450.png\" data-src=\"https:\/\/www.cetys.mx\/noticias\/wp-content\/uploads\/2026\/04\/DSC00330.jpg\" alt=\"DSC00330\">\n                    <\/a>\n                    <figcaption itemprop=\"caption description\" class=\"slide-caption\">\n                        \n                    <\/figcaption>\n                <\/figure><\/div>\n                <div class=\"gallery-slider-thumbnail-wrapper\">\n                    <div class=\"gallery-slider-thumbnail\"><div class=\"slide-thumbnail\"><img decoding=\"async\" class=\"lazyOwl\" src=\"https:\/\/www.cetys.mx\/noticias\/wp-content\/plugins\/jmagz-plugin\/assets\/placeholder\/150x75.png\" data-src=\"https:\/\/www.cetys.mx\/noticias\/wp-content\/uploads\/2026\/04\/DSC00578.jpg\" alt=\"DSC00578\"><\/div><div class=\"slide-thumbnail\"><img decoding=\"async\" class=\"lazyOwl\" src=\"https:\/\/www.cetys.mx\/noticias\/wp-content\/plugins\/jmagz-plugin\/assets\/placeholder\/150x75.png\" data-src=\"https:\/\/www.cetys.mx\/noticias\/wp-content\/uploads\/2026\/04\/DSC00516.jpg\" alt=\"DSC00516\"><\/div><div class=\"slide-thumbnail\"><img decoding=\"async\" class=\"lazyOwl\" src=\"https:\/\/www.cetys.mx\/noticias\/wp-content\/plugins\/jmagz-plugin\/assets\/placeholder\/150x75.png\" data-src=\"https:\/\/www.cetys.mx\/noticias\/wp-content\/uploads\/2026\/04\/DSC00506.jpg\" alt=\"DSC00506\"><\/div><div class=\"slide-thumbnail\"><img decoding=\"async\" class=\"lazyOwl\" src=\"https:\/\/www.cetys.mx\/noticias\/wp-content\/plugins\/jmagz-plugin\/assets\/placeholder\/150x75.png\" data-src=\"https:\/\/www.cetys.mx\/noticias\/wp-content\/uploads\/2026\/04\/DSC00490.jpg\" alt=\"DSC00490\"><\/div><div class=\"slide-thumbnail\"><img decoding=\"async\" class=\"lazyOwl\" src=\"https:\/\/www.cetys.mx\/noticias\/wp-content\/plugins\/jmagz-plugin\/assets\/placeholder\/150x75.png\" data-src=\"https:\/\/www.cetys.mx\/noticias\/wp-content\/uploads\/2026\/04\/DSC00373.jpg\" alt=\"DSC00373\"><\/div><div class=\"slide-thumbnail\"><img decoding=\"async\" class=\"lazyOwl\" src=\"https:\/\/www.cetys.mx\/noticias\/wp-content\/plugins\/jmagz-plugin\/assets\/placeholder\/150x75.png\" data-src=\"https:\/\/www.cetys.mx\/noticias\/wp-content\/uploads\/2026\/04\/DSC00345.jpg\" alt=\"DSC00345\"><\/div><div class=\"slide-thumbnail\"><img decoding=\"async\" class=\"lazyOwl\" src=\"https:\/\/www.cetys.mx\/noticias\/wp-content\/plugins\/jmagz-plugin\/assets\/placeholder\/150x75.png\" data-src=\"https:\/\/www.cetys.mx\/noticias\/wp-content\/uploads\/2026\/04\/DSC00335.jpg\" alt=\"DSC00335\"><\/div><div class=\"slide-thumbnail\"><img decoding=\"async\" class=\"lazyOwl\" src=\"https:\/\/www.cetys.mx\/noticias\/wp-content\/plugins\/jmagz-plugin\/assets\/placeholder\/150x75.png\" data-src=\"https:\/\/www.cetys.mx\/noticias\/wp-content\/uploads\/2026\/04\/DSC00330.jpg\" alt=\"DSC00330\"><\/div><\/div><\/div><\/div>\n","protected":false},"excerpt":{"rendered":"<p>La Maestr\u00eda en Gerontolog\u00eda Social de CETYS Universidad, realiz\u00f3 el evento\u00a0 \u201cVoces y Caminos: Identidad y Experiencias en la Vejez\u201d, una iniciativa&#8230;<\/p>\n","protected":false},"author":20,"featured_media":221525,"comment_status":"open","ping_status":"closed","sticky":false,"template":"","format":"standard","meta":{"footnotes":""},"categories":[133,313],"tags":[],"class_list":["post-221528","post","type-post","status-publish","format-standard","has-post-thumbnail","hentry","category-campus-mexicali","category-vocetys-2"],"yoast_head":"<!-- This site is optimized with the Yoast SEO plugin v27.4 - https:\/\/yoast.com\/product\/yoast-seo-wordpress\/ -->\n<title>Maestr\u00eda en Gerontolog\u00eda Social de CETYS promueve reflexi\u00f3n y acci\u00f3n en torno al envejecimiento - CETYS<\/title>\n<meta name=\"description\" content=\"Articulo sobre Maestr\u00eda en Gerontolog\u00eda Social de CETYS promueve reflexi\u00f3n y acci\u00f3n en torno al envejecimiento\" \/>\n<meta name=\"robots\" content=\"index, follow, max-snippet:-1, max-image-preview:large, max-video-preview:-1\" \/>\n<link rel=\"canonical\" href=\"https:\/\/www.cetys.mx\/noticias\/maestria-en-gerontologia-social-de-cetys-promueve-reflexion-y-accion-en-torno-al-envejecimiento-2\/\" \/>\n<meta property=\"og:locale\" content=\"es_MX\" \/>\n<meta property=\"og:type\" content=\"article\" \/>\n<meta property=\"og:title\" content=\"Maestr\u00eda en Gerontolog\u00eda Social de CETYS promueve reflexi\u00f3n y acci\u00f3n en torno al envejecimiento - CETYS\" \/>\n<meta property=\"og:description\" content=\"Articulo sobre Maestr\u00eda en Gerontolog\u00eda Social de CETYS promueve reflexi\u00f3n y acci\u00f3n en torno al envejecimiento\" \/>\n<meta property=\"og:url\" content=\"https:\/\/www.cetys.mx\/noticias\/maestria-en-gerontologia-social-de-cetys-promueve-reflexion-y-accion-en-torno-al-envejecimiento-2\/\" \/>\n<meta property=\"og:site_name\" content=\"CETYS\" \/>\n<meta property=\"article:publisher\" content=\"https:\/\/www.facebook.com\/cetysuniversidadmxl\/\" \/>\n<meta property=\"article:published_time\" content=\"2026-04-07T22:43:35+00:00\" \/>\n<meta property=\"article:modified_time\" content=\"2026-04-08T17:04:37+00:00\" \/>\n<meta property=\"og:image\" content=\"https:\/\/www.cetys.mx\/noticias\/wp-content\/uploads\/2026\/04\/DSC00578.jpg\" \/>\n\t<meta property=\"og:image:width\" content=\"958\" \/>\n\t<meta property=\"og:image:height\" content=\"599\" \/>\n\t<meta property=\"og:image:type\" content=\"image\/jpeg\" \/>\n<meta name=\"author\" content=\"Campus Mexicali\" \/>\n<meta name=\"twitter:card\" content=\"summary_large_image\" \/>\n<meta name=\"twitter:creator\" content=\"@cetysuni\" \/>\n<meta name=\"twitter:site\" content=\"@cetysuni\" \/>\n<meta name=\"twitter:label1\" content=\"Escrito por\" \/>\n\t<meta name=\"twitter:data1\" content=\"Campus Mexicali\" \/>\n\t<meta name=\"twitter:label2\" content=\"Tiempo de lectura\" \/>\n\t<meta name=\"twitter:data2\" content=\"1 minuto\" \/>\n<script type=\"application\/ld+json\" class=\"yoast-schema-graph\">{\"@context\":\"https:\\\/\\\/schema.org\",\"@graph\":[{\"@type\":\"Article\",\"@id\":\"https:\\\/\\\/www.cetys.mx\\\/noticias\\\/maestria-en-gerontologia-social-de-cetys-promueve-reflexion-y-accion-en-torno-al-envejecimiento-2\\\/#article\",\"isPartOf\":{\"@id\":\"https:\\\/\\\/www.cetys.mx\\\/noticias\\\/maestria-en-gerontologia-social-de-cetys-promueve-reflexion-y-accion-en-torno-al-envejecimiento-2\\\/\"},\"author\":{\"name\":\"Campus Mexicali\",\"@id\":\"https:\\\/\\\/www.cetys.mx\\\/noticias\\\/#\\\/schema\\\/person\\\/79a95c4ac185f3705cf1b9c9340a5f70\"},\"headline\":\"Maestr\u00eda en Gerontolog\u00eda Social de CETYS promueve reflexi\u00f3n y acci\u00f3n en torno al envejecimiento\",\"datePublished\":\"2026-04-07T22:43:35+00:00\",\"dateModified\":\"2026-04-08T17:04:37+00:00\",\"mainEntityOfPage\":{\"@id\":\"https:\\\/\\\/www.cetys.mx\\\/noticias\\\/maestria-en-gerontologia-social-de-cetys-promueve-reflexion-y-accion-en-torno-al-envejecimiento-2\\\/\"},\"wordCount\":215,\"commentCount\":0,\"image\":{\"@id\":\"https:\\\/\\\/www.cetys.mx\\\/noticias\\\/maestria-en-gerontologia-social-de-cetys-promueve-reflexion-y-accion-en-torno-al-envejecimiento-2\\\/#primaryimage\"},\"thumbnailUrl\":\"https:\\\/\\\/www.cetys.mx\\\/noticias\\\/wp-content\\\/uploads\\\/2026\\\/04\\\/DSC00578.jpg\",\"articleSection\":[\"Campus Mexicali\",\"VoCETYS\"],\"inLanguage\":\"es\",\"potentialAction\":[{\"@type\":\"CommentAction\",\"name\":\"Comment\",\"target\":[\"https:\\\/\\\/www.cetys.mx\\\/noticias\\\/maestria-en-gerontologia-social-de-cetys-promueve-reflexion-y-accion-en-torno-al-envejecimiento-2\\\/#respond\"]}]},{\"@type\":\"WebPage\",\"@id\":\"https:\\\/\\\/www.cetys.mx\\\/noticias\\\/maestria-en-gerontologia-social-de-cetys-promueve-reflexion-y-accion-en-torno-al-envejecimiento-2\\\/\",\"url\":\"https:\\\/\\\/www.cetys.mx\\\/noticias\\\/maestria-en-gerontologia-social-de-cetys-promueve-reflexion-y-accion-en-torno-al-envejecimiento-2\\\/\",\"name\":\"Maestr\u00eda en Gerontolog\u00eda Social de CETYS promueve reflexi\u00f3n y acci\u00f3n en torno al envejecimiento - CETYS\",\"isPartOf\":{\"@id\":\"https:\\\/\\\/www.cetys.mx\\\/noticias\\\/#website\"},\"primaryImageOfPage\":{\"@id\":\"https:\\\/\\\/www.cetys.mx\\\/noticias\\\/maestria-en-gerontologia-social-de-cetys-promueve-reflexion-y-accion-en-torno-al-envejecimiento-2\\\/#primaryimage\"},\"image\":{\"@id\":\"https:\\\/\\\/www.cetys.mx\\\/noticias\\\/maestria-en-gerontologia-social-de-cetys-promueve-reflexion-y-accion-en-torno-al-envejecimiento-2\\\/#primaryimage\"},\"thumbnailUrl\":\"https:\\\/\\\/www.cetys.mx\\\/noticias\\\/wp-content\\\/uploads\\\/2026\\\/04\\\/DSC00578.jpg\",\"datePublished\":\"2026-04-07T22:43:35+00:00\",\"dateModified\":\"2026-04-08T17:04:37+00:00\",\"author\":{\"@id\":\"https:\\\/\\\/www.cetys.mx\\\/noticias\\\/#\\\/schema\\\/person\\\/79a95c4ac185f3705cf1b9c9340a5f70\"},\"description\":\"Articulo sobre Maestr\u00eda en Gerontolog\u00eda Social de CETYS promueve reflexi\u00f3n y acci\u00f3n en torno al envejecimiento\",\"breadcrumb\":{\"@id\":\"https:\\\/\\\/www.cetys.mx\\\/noticias\\\/maestria-en-gerontologia-social-de-cetys-promueve-reflexion-y-accion-en-torno-al-envejecimiento-2\\\/#breadcrumb\"},\"inLanguage\":\"es\",\"potentialAction\":[{\"@type\":\"ReadAction\",\"target\":[\"https:\\\/\\\/www.cetys.mx\\\/noticias\\\/maestria-en-gerontologia-social-de-cetys-promueve-reflexion-y-accion-en-torno-al-envejecimiento-2\\\/\"]}]},{\"@type\":\"ImageObject\",\"inLanguage\":\"es\",\"@id\":\"https:\\\/\\\/www.cetys.mx\\\/noticias\\\/maestria-en-gerontologia-social-de-cetys-promueve-reflexion-y-accion-en-torno-al-envejecimiento-2\\\/#primaryimage\",\"url\":\"https:\\\/\\\/www.cetys.mx\\\/noticias\\\/wp-content\\\/uploads\\\/2026\\\/04\\\/DSC00578.jpg\",\"contentUrl\":\"https:\\\/\\\/www.cetys.mx\\\/noticias\\\/wp-content\\\/uploads\\\/2026\\\/04\\\/DSC00578.jpg\",\"width\":958,\"height\":599},{\"@type\":\"BreadcrumbList\",\"@id\":\"https:\\\/\\\/www.cetys.mx\\\/noticias\\\/maestria-en-gerontologia-social-de-cetys-promueve-reflexion-y-accion-en-torno-al-envejecimiento-2\\\/#breadcrumb\",\"itemListElement\":[{\"@type\":\"ListItem\",\"position\":1,\"name\":\"Inicio\",\"item\":\"https:\\\/\\\/www.cetys.mx\\\/noticias\\\/\"},{\"@type\":\"ListItem\",\"position\":2,\"name\":\"Maestr\u00eda en Gerontolog\u00eda Social de CETYS promueve reflexi\u00f3n y acci\u00f3n en torno al envejecimiento\"}]},{\"@type\":\"WebSite\",\"@id\":\"https:\\\/\\\/www.cetys.mx\\\/noticias\\\/#website\",\"url\":\"https:\\\/\\\/www.cetys.mx\\\/noticias\\\/\",\"name\":\"CETYS\",\"description\":\"\",\"potentialAction\":[{\"@type\":\"SearchAction\",\"target\":{\"@type\":\"EntryPoint\",\"urlTemplate\":\"https:\\\/\\\/www.cetys.mx\\\/noticias\\\/?s={search_term_string}\"},\"query-input\":{\"@type\":\"PropertyValueSpecification\",\"valueRequired\":true,\"valueName\":\"search_term_string\"}}],\"inLanguage\":\"es\"},{\"@type\":\"Person\",\"@id\":\"https:\\\/\\\/www.cetys.mx\\\/noticias\\\/#\\\/schema\\\/person\\\/79a95c4ac185f3705cf1b9c9340a5f70\",\"name\":\"Campus Mexicali\",\"url\":\"https:\\\/\\\/www.cetys.mx\\\/noticias\\\/author\\\/campusmexicali\\\/\"}]}<\/script>\n<!-- \/ Yoast SEO plugin. -->","yoast_head_json":{"title":"Maestr\u00eda en Gerontolog\u00eda Social de CETYS promueve reflexi\u00f3n y acci\u00f3n en torno al envejecimiento - CETYS","description":"Articulo sobre Maestr\u00eda en Gerontolog\u00eda Social de CETYS promueve reflexi\u00f3n y acci\u00f3n en torno al envejecimiento","robots":{"index":"index","follow":"follow","max-snippet":"max-snippet:-1","max-image-preview":"max-image-preview:large","max-video-preview":"max-video-preview:-1"},"canonical":"https:\/\/www.cetys.mx\/noticias\/maestria-en-gerontologia-social-de-cetys-promueve-reflexion-y-accion-en-torno-al-envejecimiento-2\/","og_locale":"es_MX","og_type":"article","og_title":"Maestr\u00eda en Gerontolog\u00eda Social de CETYS promueve reflexi\u00f3n y acci\u00f3n en torno al envejecimiento - CETYS","og_description":"Articulo sobre Maestr\u00eda en Gerontolog\u00eda Social de CETYS promueve reflexi\u00f3n y acci\u00f3n en torno al envejecimiento","og_url":"https:\/\/www.cetys.mx\/noticias\/maestria-en-gerontologia-social-de-cetys-promueve-reflexion-y-accion-en-torno-al-envejecimiento-2\/","og_site_name":"CETYS","article_publisher":"https:\/\/www.facebook.com\/cetysuniversidadmxl\/","article_published_time":"2026-04-07T22:43:35+00:00","article_modified_time":"2026-04-08T17:04:37+00:00","og_image":[{"width":958,"height":599,"url":"https:\/\/www.cetys.mx\/noticias\/wp-content\/uploads\/2026\/04\/DSC00578.jpg","type":"image\/jpeg"}],"author":"Campus Mexicali","twitter_card":"summary_large_image","twitter_creator":"@cetysuni","twitter_site":"@cetysuni","twitter_misc":{"Escrito por":"Campus Mexicali","Tiempo de lectura":"1 minuto"},"schema":{"@context":"https:\/\/schema.org","@graph":[{"@type":"Article","@id":"https:\/\/www.cetys.mx\/noticias\/maestria-en-gerontologia-social-de-cetys-promueve-reflexion-y-accion-en-torno-al-envejecimiento-2\/#article","isPartOf":{"@id":"https:\/\/www.cetys.mx\/noticias\/maestria-en-gerontologia-social-de-cetys-promueve-reflexion-y-accion-en-torno-al-envejecimiento-2\/"},"author":{"name":"Campus Mexicali","@id":"https:\/\/www.cetys.mx\/noticias\/#\/schema\/person\/79a95c4ac185f3705cf1b9c9340a5f70"},"headline":"Maestr\u00eda en Gerontolog\u00eda Social de CETYS promueve reflexi\u00f3n y acci\u00f3n en torno al envejecimiento","datePublished":"2026-04-07T22:43:35+00:00","dateModified":"2026-04-08T17:04:37+00:00","mainEntityOfPage":{"@id":"https:\/\/www.cetys.mx\/noticias\/maestria-en-gerontologia-social-de-cetys-promueve-reflexion-y-accion-en-torno-al-envejecimiento-2\/"},"wordCount":215,"commentCount":0,"image":{"@id":"https:\/\/www.cetys.mx\/noticias\/maestria-en-gerontologia-social-de-cetys-promueve-reflexion-y-accion-en-torno-al-envejecimiento-2\/#primaryimage"},"thumbnailUrl":"https:\/\/www.cetys.mx\/noticias\/wp-content\/uploads\/2026\/04\/DSC00578.jpg","articleSection":["Campus Mexicali","VoCETYS"],"inLanguage":"es","potentialAction":[{"@type":"CommentAction","name":"Comment","target":["https:\/\/www.cetys.mx\/noticias\/maestria-en-gerontologia-social-de-cetys-promueve-reflexion-y-accion-en-torno-al-envejecimiento-2\/#respond"]}]},{"@type":"WebPage","@id":"https:\/\/www.cetys.mx\/noticias\/maestria-en-gerontologia-social-de-cetys-promueve-reflexion-y-accion-en-torno-al-envejecimiento-2\/","url":"https:\/\/www.cetys.mx\/noticias\/maestria-en-gerontologia-social-de-cetys-promueve-reflexion-y-accion-en-torno-al-envejecimiento-2\/","name":"Maestr\u00eda en Gerontolog\u00eda Social de CETYS promueve reflexi\u00f3n y acci\u00f3n en torno al envejecimiento - CETYS","isPartOf":{"@id":"https:\/\/www.cetys.mx\/noticias\/#website"},"primaryImageOfPage":{"@id":"https:\/\/www.cetys.mx\/noticias\/maestria-en-gerontologia-social-de-cetys-promueve-reflexion-y-accion-en-torno-al-envejecimiento-2\/#primaryimage"},"image":{"@id":"https:\/\/www.cetys.mx\/noticias\/maestria-en-gerontologia-social-de-cetys-promueve-reflexion-y-accion-en-torno-al-envejecimiento-2\/#primaryimage"},"thumbnailUrl":"https:\/\/www.cetys.mx\/noticias\/wp-content\/uploads\/2026\/04\/DSC00578.jpg","datePublished":"2026-04-07T22:43:35+00:00","dateModified":"2026-04-08T17:04:37+00:00","author":{"@id":"https:\/\/www.cetys.mx\/noticias\/#\/schema\/person\/79a95c4ac185f3705cf1b9c9340a5f70"},"description":"Articulo sobre Maestr\u00eda en Gerontolog\u00eda Social de CETYS promueve reflexi\u00f3n y acci\u00f3n en torno al envejecimiento","breadcrumb":{"@id":"https:\/\/www.cetys.mx\/noticias\/maestria-en-gerontologia-social-de-cetys-promueve-reflexion-y-accion-en-torno-al-envejecimiento-2\/#breadcrumb"},"inLanguage":"es","potentialAction":[{"@type":"ReadAction","target":["https:\/\/www.cetys.mx\/noticias\/maestria-en-gerontologia-social-de-cetys-promueve-reflexion-y-accion-en-torno-al-envejecimiento-2\/"]}]},{"@type":"ImageObject","inLanguage":"es","@id":"https:\/\/www.cetys.mx\/noticias\/maestria-en-gerontologia-social-de-cetys-promueve-reflexion-y-accion-en-torno-al-envejecimiento-2\/#primaryimage","url":"https:\/\/www.cetys.mx\/noticias\/wp-content\/uploads\/2026\/04\/DSC00578.jpg","contentUrl":"https:\/\/www.cetys.mx\/noticias\/wp-content\/uploads\/2026\/04\/DSC00578.jpg","width":958,"height":599},{"@type":"BreadcrumbList","@id":"https:\/\/www.cetys.mx\/noticias\/maestria-en-gerontologia-social-de-cetys-promueve-reflexion-y-accion-en-torno-al-envejecimiento-2\/#breadcrumb","itemListElement":[{"@type":"ListItem","position":1,"name":"Inicio","item":"https:\/\/www.cetys.mx\/noticias\/"},{"@type":"ListItem","position":2,"name":"Maestr\u00eda en Gerontolog\u00eda Social de CETYS promueve reflexi\u00f3n y acci\u00f3n en torno al envejecimiento"}]},{"@type":"WebSite","@id":"https:\/\/www.cetys.mx\/noticias\/#website","url":"https:\/\/www.cetys.mx\/noticias\/","name":"CETYS","description":"","potentialAction":[{"@type":"SearchAction","target":{"@type":"EntryPoint","urlTemplate":"https:\/\/www.cetys.mx\/noticias\/?s={search_term_string}"},"query-input":{"@type":"PropertyValueSpecification","valueRequired":true,"valueName":"search_term_string"}}],"inLanguage":"es"},{"@type":"Person","@id":"https:\/\/www.cetys.mx\/noticias\/#\/schema\/person\/79a95c4ac185f3705cf1b9c9340a5f70","name":"Campus Mexicali","url":"https:\/\/www.cetys.mx\/noticias\/author\/campusmexicali\/"}]}},"_links":{"self":[{"href":"https:\/\/www.cetys.mx\/noticias\/wp-json\/wp\/v2\/posts\/221528","targetHints":{"allow":["GET"]}}],"collection":[{"href":"https:\/\/www.cetys.mx\/noticias\/wp-json\/wp\/v2\/posts"}],"about":[{"href":"https:\/\/www.cetys.mx\/noticias\/wp-json\/wp\/v2\/types\/post"}],"author":[{"embeddable":true,"href":"https:\/\/www.cetys.mx\/noticias\/wp-json\/wp\/v2\/users\/20"}],"replies":[{"embeddable":true,"href":"https:\/\/www.cetys.mx\/noticias\/wp-json\/wp\/v2\/comments?post=221528"}],"version-history":[{"count":2,"href":"https:\/\/www.cetys.mx\/noticias\/wp-json\/wp\/v2\/posts\/221528\/revisions"}],"predecessor-version":[{"id":221551,"href":"https:\/\/www.cetys.mx\/noticias\/wp-json\/wp\/v2\/posts\/221528\/revisions\/221551"}],"wp:featuredmedia":[{"embeddable":true,"href":"https:\/\/www.cetys.mx\/noticias\/wp-json\/wp\/v2\/media\/221525"}],"wp:attachment":[{"href":"https:\/\/www.cetys.mx\/noticias\/wp-json\/wp\/v2\/media?parent=221528"}],"wp:term":[{"taxonomy":"category","embeddable":true,"href":"https:\/\/www.cetys.mx\/noticias\/wp-json\/wp\/v2\/categories?post=221528"},{"taxonomy":"post_tag","embeddable":true,"href":"https:\/\/www.cetys.mx\/noticias\/wp-json\/wp\/v2\/tags?post=221528"}],"curies":[{"name":"wp","href":"https:\/\/api.w.org\/{rel}","templated":true}]}}