{"id":221511,"date":"2026-04-07T11:35:42","date_gmt":"2026-04-07T18:35:42","guid":{"rendered":"https:\/\/www.cetys.mx\/noticias\/?p=221511"},"modified":"2026-04-07T16:00:32","modified_gmt":"2026-04-07T23:00:32","slug":"charlas-de-cafe-un-dialogo-entre-docentes-y-biblioteca","status":"publish","type":"post","link":"https:\/\/www.cetys.mx\/noticias\/charlas-de-cafe-un-dialogo-entre-docentes-y-biblioteca\/","title":{"rendered":"Charlas de Caf\u00e9: un di\u00e1logo entre docentes y biblioteca"},"content":{"rendered":"<p><span style=\"font-weight: 400;\">El pasado 25 de marzo, la Biblioteca Comunitaria CETYS Ensenada fue sede de \u201cCharlas de Caf\u00e9\u201d, un espacio de di\u00e1logo abierto entre el personal bibliotecario y docentes del campus, organizado en colaboraci\u00f3n con el Centro de Desarrollo del Profesorado (CDEP). El encuentro tuvo como prop\u00f3sito explorar de manera conjunta las posibilidades de colaboraci\u00f3n entre la biblioteca y la academia, partiendo del potencial de la biblioteca para ser un espacio mucho m\u00e1s que para el almacenamiento y pr\u00e9stamo de libros.<\/span><\/p>\n<p><span style=\"font-weight: 400;\">Durante la sesi\u00f3n, la directora de Biblioteca, Amanda Valenzuela, junto con la coordinadora de servicios bibliotecarios, Karla Cornelio, y la referencista Victoria V\u00e1zquez, presentaron a los docentes participantes los recursos y servicios especializados disponibles, as\u00ed como las distintas formas en que los espacios de la biblioteca pueden utilizarse de manera flexible para apoyar la docencia.\u00a0<\/span><\/p>\n<p><span style=\"font-weight: 400;\">A partir de esta presentaci\u00f3n, los maestros contribuyeron activamente con una lluvia de ideas sobre actividades acad\u00e9micas din\u00e1micas y llamativas para los estudiantes, en las que el aprendizaje del aula podr\u00eda extenderse de forma natural hacia los recursos y espacios <\/span><span style=\"font-weight: 400;\">bibliotecarios.<\/span><\/p>\n<p><span style=\"font-weight: 400;\">El resultado fue un intercambio enriquecedor que abri\u00f3 nuevas posibilidades de vinculaci\u00f3n <\/span><span style=\"font-weight: 400;\">entre la pr\u00e1ctica docente y todo lo que ofrece la Biblioteca; se invita a los docentes que no <\/span><span style=\"font-weight: 400;\">tuvieron oportunidad de asistir a acercarse para construir ideas innovadoras que, integradas a los recursos y servicios de la biblioteca, sean potenciadoras de la experiencia de aprendizaje del estudiante.<\/span><\/p>\n<p><img loading=\"lazy\" decoding=\"async\" class=\"alignnone size-full wp-image-221513\" src=\"https:\/\/www.cetys.mx\/noticias\/wp-content\/uploads\/2026\/04\/734a8ff9-9e98-445a-b0f7-e15f6958dba4.jpg\" alt=\"\" width=\"1600\" height=\"1200\" srcset=\"https:\/\/www.cetys.mx\/noticias\/wp-content\/uploads\/2026\/04\/734a8ff9-9e98-445a-b0f7-e15f6958dba4.jpg 1600w, https:\/\/www.cetys.mx\/noticias\/wp-content\/uploads\/2026\/04\/734a8ff9-9e98-445a-b0f7-e15f6958dba4-768x576.jpg 768w, https:\/\/www.cetys.mx\/noticias\/wp-content\/uploads\/2026\/04\/734a8ff9-9e98-445a-b0f7-e15f6958dba4-1536x1152.jpg 1536w\" sizes=\"auto, (max-width: 1600px) 100vw, 1600px\" \/> <img loading=\"lazy\" decoding=\"async\" class=\"alignnone size-full wp-image-221512\" src=\"https:\/\/www.cetys.mx\/noticias\/wp-content\/uploads\/2026\/04\/73f62285-8a67-4193-b788-e3aaee715ae8.jpg\" alt=\"\" width=\"1600\" height=\"1200\" srcset=\"https:\/\/www.cetys.mx\/noticias\/wp-content\/uploads\/2026\/04\/73f62285-8a67-4193-b788-e3aaee715ae8.jpg 1600w, https:\/\/www.cetys.mx\/noticias\/wp-content\/uploads\/2026\/04\/73f62285-8a67-4193-b788-e3aaee715ae8-768x576.jpg 768w, https:\/\/www.cetys.mx\/noticias\/wp-content\/uploads\/2026\/04\/73f62285-8a67-4193-b788-e3aaee715ae8-1536x1152.jpg 1536w\" sizes=\"auto, (max-width: 1600px) 100vw, 1600px\" \/><\/p>\n","protected":false},"excerpt":{"rendered":"<p>El pasado 25 de marzo, la Biblioteca Comunitaria CETYS Ensenada fue sede de \u201cCharlas de Caf\u00e9\u201d, un espacio de di\u00e1logo abierto entre&#8230;<\/p>\n","protected":false},"author":23,"featured_media":221513,"comment_status":"open","ping_status":"closed","sticky":false,"template":"","format":"standard","meta":{"footnotes":""},"categories":[7293,110,132,125,313],"tags":[],"class_list":["post-221511","post","type-post","status-publish","format-standard","has-post-thumbnail","hentry","category-64-aniversario","category-academia","category-campus-ensenada","category-portada","category-vocetys-2"],"yoast_head":"<!-- This site is optimized with the Yoast SEO plugin v27.4 - https:\/\/yoast.com\/product\/yoast-seo-wordpress\/ -->\n<title>Charlas de Caf\u00e9: un di\u00e1logo entre docentes y biblioteca - CETYS<\/title>\n<meta name=\"description\" content=\"Articulo sobre Charlas de Caf\u00e9: un di\u00e1logo entre docentes y biblioteca\" \/>\n<meta name=\"robots\" content=\"index, follow, max-snippet:-1, max-image-preview:large, max-video-preview:-1\" \/>\n<link rel=\"canonical\" href=\"https:\/\/www.cetys.mx\/noticias\/charlas-de-cafe-un-dialogo-entre-docentes-y-biblioteca\/\" \/>\n<meta property=\"og:locale\" content=\"es_MX\" \/>\n<meta property=\"og:type\" content=\"article\" \/>\n<meta property=\"og:title\" content=\"Charlas de Caf\u00e9: un di\u00e1logo entre docentes y biblioteca - CETYS\" \/>\n<meta property=\"og:description\" content=\"Articulo sobre Charlas de Caf\u00e9: un di\u00e1logo entre docentes y biblioteca\" \/>\n<meta property=\"og:url\" content=\"https:\/\/www.cetys.mx\/noticias\/charlas-de-cafe-un-dialogo-entre-docentes-y-biblioteca\/\" \/>\n<meta property=\"og:site_name\" content=\"CETYS\" \/>\n<meta property=\"article:publisher\" content=\"https:\/\/www.facebook.com\/cetysuniversidadmxl\/\" \/>\n<meta property=\"article:published_time\" content=\"2026-04-07T18:35:42+00:00\" \/>\n<meta property=\"article:modified_time\" content=\"2026-04-07T23:00:32+00:00\" \/>\n<meta property=\"og:image\" content=\"https:\/\/www.cetys.mx\/noticias\/wp-content\/uploads\/2026\/04\/734a8ff9-9e98-445a-b0f7-e15f6958dba4.jpg\" \/>\n\t<meta property=\"og:image:width\" content=\"1600\" \/>\n\t<meta property=\"og:image:height\" content=\"1200\" \/>\n\t<meta property=\"og:image:type\" content=\"image\/jpeg\" \/>\n<meta name=\"author\" content=\"Campus Ensenada\" \/>\n<meta name=\"twitter:card\" content=\"summary_large_image\" \/>\n<meta name=\"twitter:creator\" content=\"@cetysuni\" \/>\n<meta name=\"twitter:site\" content=\"@cetysuni\" \/>\n<meta name=\"twitter:label1\" content=\"Escrito por\" \/>\n\t<meta name=\"twitter:data1\" content=\"Campus Ensenada\" \/>\n\t<meta name=\"twitter:label2\" content=\"Tiempo de lectura\" \/>\n\t<meta name=\"twitter:data2\" content=\"1 minuto\" \/>\n<script type=\"application\/ld+json\" class=\"yoast-schema-graph\">{\"@context\":\"https:\\\/\\\/schema.org\",\"@graph\":[{\"@type\":\"Article\",\"@id\":\"https:\\\/\\\/www.cetys.mx\\\/noticias\\\/charlas-de-cafe-un-dialogo-entre-docentes-y-biblioteca\\\/#article\",\"isPartOf\":{\"@id\":\"https:\\\/\\\/www.cetys.mx\\\/noticias\\\/charlas-de-cafe-un-dialogo-entre-docentes-y-biblioteca\\\/\"},\"author\":{\"name\":\"Campus Ensenada\",\"@id\":\"https:\\\/\\\/www.cetys.mx\\\/noticias\\\/#\\\/schema\\\/person\\\/1a1a88c0b6586e66a2e9e88e07afc712\"},\"headline\":\"Charlas de Caf\u00e9: un di\u00e1logo entre docentes y biblioteca\",\"datePublished\":\"2026-04-07T18:35:42+00:00\",\"dateModified\":\"2026-04-07T23:00:32+00:00\",\"mainEntityOfPage\":{\"@id\":\"https:\\\/\\\/www.cetys.mx\\\/noticias\\\/charlas-de-cafe-un-dialogo-entre-docentes-y-biblioteca\\\/\"},\"wordCount\":257,\"commentCount\":0,\"image\":{\"@id\":\"https:\\\/\\\/www.cetys.mx\\\/noticias\\\/charlas-de-cafe-un-dialogo-entre-docentes-y-biblioteca\\\/#primaryimage\"},\"thumbnailUrl\":\"https:\\\/\\\/www.cetys.mx\\\/noticias\\\/wp-content\\\/uploads\\\/2026\\\/04\\\/734a8ff9-9e98-445a-b0f7-e15f6958dba4.jpg\",\"articleSection\":[\"64 aniversario\",\"Academia\",\"Campus Ensenada\",\"Portada\",\"VoCETYS\"],\"inLanguage\":\"es\",\"potentialAction\":[{\"@type\":\"CommentAction\",\"name\":\"Comment\",\"target\":[\"https:\\\/\\\/www.cetys.mx\\\/noticias\\\/charlas-de-cafe-un-dialogo-entre-docentes-y-biblioteca\\\/#respond\"]}]},{\"@type\":\"WebPage\",\"@id\":\"https:\\\/\\\/www.cetys.mx\\\/noticias\\\/charlas-de-cafe-un-dialogo-entre-docentes-y-biblioteca\\\/\",\"url\":\"https:\\\/\\\/www.cetys.mx\\\/noticias\\\/charlas-de-cafe-un-dialogo-entre-docentes-y-biblioteca\\\/\",\"name\":\"Charlas de Caf\u00e9: un di\u00e1logo entre docentes y biblioteca - CETYS\",\"isPartOf\":{\"@id\":\"https:\\\/\\\/www.cetys.mx\\\/noticias\\\/#website\"},\"primaryImageOfPage\":{\"@id\":\"https:\\\/\\\/www.cetys.mx\\\/noticias\\\/charlas-de-cafe-un-dialogo-entre-docentes-y-biblioteca\\\/#primaryimage\"},\"image\":{\"@id\":\"https:\\\/\\\/www.cetys.mx\\\/noticias\\\/charlas-de-cafe-un-dialogo-entre-docentes-y-biblioteca\\\/#primaryimage\"},\"thumbnailUrl\":\"https:\\\/\\\/www.cetys.mx\\\/noticias\\\/wp-content\\\/uploads\\\/2026\\\/04\\\/734a8ff9-9e98-445a-b0f7-e15f6958dba4.jpg\",\"datePublished\":\"2026-04-07T18:35:42+00:00\",\"dateModified\":\"2026-04-07T23:00:32+00:00\",\"author\":{\"@id\":\"https:\\\/\\\/www.cetys.mx\\\/noticias\\\/#\\\/schema\\\/person\\\/1a1a88c0b6586e66a2e9e88e07afc712\"},\"description\":\"Articulo sobre Charlas de Caf\u00e9: un di\u00e1logo entre docentes y biblioteca\",\"breadcrumb\":{\"@id\":\"https:\\\/\\\/www.cetys.mx\\\/noticias\\\/charlas-de-cafe-un-dialogo-entre-docentes-y-biblioteca\\\/#breadcrumb\"},\"inLanguage\":\"es\",\"potentialAction\":[{\"@type\":\"ReadAction\",\"target\":[\"https:\\\/\\\/www.cetys.mx\\\/noticias\\\/charlas-de-cafe-un-dialogo-entre-docentes-y-biblioteca\\\/\"]}]},{\"@type\":\"ImageObject\",\"inLanguage\":\"es\",\"@id\":\"https:\\\/\\\/www.cetys.mx\\\/noticias\\\/charlas-de-cafe-un-dialogo-entre-docentes-y-biblioteca\\\/#primaryimage\",\"url\":\"https:\\\/\\\/www.cetys.mx\\\/noticias\\\/wp-content\\\/uploads\\\/2026\\\/04\\\/734a8ff9-9e98-445a-b0f7-e15f6958dba4.jpg\",\"contentUrl\":\"https:\\\/\\\/www.cetys.mx\\\/noticias\\\/wp-content\\\/uploads\\\/2026\\\/04\\\/734a8ff9-9e98-445a-b0f7-e15f6958dba4.jpg\",\"width\":1600,\"height\":1200},{\"@type\":\"BreadcrumbList\",\"@id\":\"https:\\\/\\\/www.cetys.mx\\\/noticias\\\/charlas-de-cafe-un-dialogo-entre-docentes-y-biblioteca\\\/#breadcrumb\",\"itemListElement\":[{\"@type\":\"ListItem\",\"position\":1,\"name\":\"Inicio\",\"item\":\"https:\\\/\\\/www.cetys.mx\\\/noticias\\\/\"},{\"@type\":\"ListItem\",\"position\":2,\"name\":\"Charlas de Caf\u00e9: un di\u00e1logo entre docentes y biblioteca\"}]},{\"@type\":\"WebSite\",\"@id\":\"https:\\\/\\\/www.cetys.mx\\\/noticias\\\/#website\",\"url\":\"https:\\\/\\\/www.cetys.mx\\\/noticias\\\/\",\"name\":\"CETYS\",\"description\":\"\",\"potentialAction\":[{\"@type\":\"SearchAction\",\"target\":{\"@type\":\"EntryPoint\",\"urlTemplate\":\"https:\\\/\\\/www.cetys.mx\\\/noticias\\\/?s={search_term_string}\"},\"query-input\":{\"@type\":\"PropertyValueSpecification\",\"valueRequired\":true,\"valueName\":\"search_term_string\"}}],\"inLanguage\":\"es\"},{\"@type\":\"Person\",\"@id\":\"https:\\\/\\\/www.cetys.mx\\\/noticias\\\/#\\\/schema\\\/person\\\/1a1a88c0b6586e66a2e9e88e07afc712\",\"name\":\"Campus Ensenada\",\"url\":\"https:\\\/\\\/www.cetys.mx\\\/noticias\\\/author\\\/campusensenada\\\/\"}]}<\/script>\n<!-- \/ Yoast SEO plugin. -->","yoast_head_json":{"title":"Charlas de Caf\u00e9: un di\u00e1logo entre docentes y biblioteca - CETYS","description":"Articulo sobre Charlas de Caf\u00e9: un di\u00e1logo entre docentes y biblioteca","robots":{"index":"index","follow":"follow","max-snippet":"max-snippet:-1","max-image-preview":"max-image-preview:large","max-video-preview":"max-video-preview:-1"},"canonical":"https:\/\/www.cetys.mx\/noticias\/charlas-de-cafe-un-dialogo-entre-docentes-y-biblioteca\/","og_locale":"es_MX","og_type":"article","og_title":"Charlas de Caf\u00e9: un di\u00e1logo entre docentes y biblioteca - CETYS","og_description":"Articulo sobre Charlas de Caf\u00e9: un di\u00e1logo entre docentes y biblioteca","og_url":"https:\/\/www.cetys.mx\/noticias\/charlas-de-cafe-un-dialogo-entre-docentes-y-biblioteca\/","og_site_name":"CETYS","article_publisher":"https:\/\/www.facebook.com\/cetysuniversidadmxl\/","article_published_time":"2026-04-07T18:35:42+00:00","article_modified_time":"2026-04-07T23:00:32+00:00","og_image":[{"width":1600,"height":1200,"url":"https:\/\/www.cetys.mx\/noticias\/wp-content\/uploads\/2026\/04\/734a8ff9-9e98-445a-b0f7-e15f6958dba4.jpg","type":"image\/jpeg"}],"author":"Campus Ensenada","twitter_card":"summary_large_image","twitter_creator":"@cetysuni","twitter_site":"@cetysuni","twitter_misc":{"Escrito por":"Campus Ensenada","Tiempo de lectura":"1 minuto"},"schema":{"@context":"https:\/\/schema.org","@graph":[{"@type":"Article","@id":"https:\/\/www.cetys.mx\/noticias\/charlas-de-cafe-un-dialogo-entre-docentes-y-biblioteca\/#article","isPartOf":{"@id":"https:\/\/www.cetys.mx\/noticias\/charlas-de-cafe-un-dialogo-entre-docentes-y-biblioteca\/"},"author":{"name":"Campus Ensenada","@id":"https:\/\/www.cetys.mx\/noticias\/#\/schema\/person\/1a1a88c0b6586e66a2e9e88e07afc712"},"headline":"Charlas de Caf\u00e9: un di\u00e1logo entre docentes y biblioteca","datePublished":"2026-04-07T18:35:42+00:00","dateModified":"2026-04-07T23:00:32+00:00","mainEntityOfPage":{"@id":"https:\/\/www.cetys.mx\/noticias\/charlas-de-cafe-un-dialogo-entre-docentes-y-biblioteca\/"},"wordCount":257,"commentCount":0,"image":{"@id":"https:\/\/www.cetys.mx\/noticias\/charlas-de-cafe-un-dialogo-entre-docentes-y-biblioteca\/#primaryimage"},"thumbnailUrl":"https:\/\/www.cetys.mx\/noticias\/wp-content\/uploads\/2026\/04\/734a8ff9-9e98-445a-b0f7-e15f6958dba4.jpg","articleSection":["64 aniversario","Academia","Campus Ensenada","Portada","VoCETYS"],"inLanguage":"es","potentialAction":[{"@type":"CommentAction","name":"Comment","target":["https:\/\/www.cetys.mx\/noticias\/charlas-de-cafe-un-dialogo-entre-docentes-y-biblioteca\/#respond"]}]},{"@type":"WebPage","@id":"https:\/\/www.cetys.mx\/noticias\/charlas-de-cafe-un-dialogo-entre-docentes-y-biblioteca\/","url":"https:\/\/www.cetys.mx\/noticias\/charlas-de-cafe-un-dialogo-entre-docentes-y-biblioteca\/","name":"Charlas de Caf\u00e9: un di\u00e1logo entre docentes y biblioteca - CETYS","isPartOf":{"@id":"https:\/\/www.cetys.mx\/noticias\/#website"},"primaryImageOfPage":{"@id":"https:\/\/www.cetys.mx\/noticias\/charlas-de-cafe-un-dialogo-entre-docentes-y-biblioteca\/#primaryimage"},"image":{"@id":"https:\/\/www.cetys.mx\/noticias\/charlas-de-cafe-un-dialogo-entre-docentes-y-biblioteca\/#primaryimage"},"thumbnailUrl":"https:\/\/www.cetys.mx\/noticias\/wp-content\/uploads\/2026\/04\/734a8ff9-9e98-445a-b0f7-e15f6958dba4.jpg","datePublished":"2026-04-07T18:35:42+00:00","dateModified":"2026-04-07T23:00:32+00:00","author":{"@id":"https:\/\/www.cetys.mx\/noticias\/#\/schema\/person\/1a1a88c0b6586e66a2e9e88e07afc712"},"description":"Articulo sobre Charlas de Caf\u00e9: un di\u00e1logo entre docentes y biblioteca","breadcrumb":{"@id":"https:\/\/www.cetys.mx\/noticias\/charlas-de-cafe-un-dialogo-entre-docentes-y-biblioteca\/#breadcrumb"},"inLanguage":"es","potentialAction":[{"@type":"ReadAction","target":["https:\/\/www.cetys.mx\/noticias\/charlas-de-cafe-un-dialogo-entre-docentes-y-biblioteca\/"]}]},{"@type":"ImageObject","inLanguage":"es","@id":"https:\/\/www.cetys.mx\/noticias\/charlas-de-cafe-un-dialogo-entre-docentes-y-biblioteca\/#primaryimage","url":"https:\/\/www.cetys.mx\/noticias\/wp-content\/uploads\/2026\/04\/734a8ff9-9e98-445a-b0f7-e15f6958dba4.jpg","contentUrl":"https:\/\/www.cetys.mx\/noticias\/wp-content\/uploads\/2026\/04\/734a8ff9-9e98-445a-b0f7-e15f6958dba4.jpg","width":1600,"height":1200},{"@type":"BreadcrumbList","@id":"https:\/\/www.cetys.mx\/noticias\/charlas-de-cafe-un-dialogo-entre-docentes-y-biblioteca\/#breadcrumb","itemListElement":[{"@type":"ListItem","position":1,"name":"Inicio","item":"https:\/\/www.cetys.mx\/noticias\/"},{"@type":"ListItem","position":2,"name":"Charlas de Caf\u00e9: un di\u00e1logo entre docentes y biblioteca"}]},{"@type":"WebSite","@id":"https:\/\/www.cetys.mx\/noticias\/#website","url":"https:\/\/www.cetys.mx\/noticias\/","name":"CETYS","description":"","potentialAction":[{"@type":"SearchAction","target":{"@type":"EntryPoint","urlTemplate":"https:\/\/www.cetys.mx\/noticias\/?s={search_term_string}"},"query-input":{"@type":"PropertyValueSpecification","valueRequired":true,"valueName":"search_term_string"}}],"inLanguage":"es"},{"@type":"Person","@id":"https:\/\/www.cetys.mx\/noticias\/#\/schema\/person\/1a1a88c0b6586e66a2e9e88e07afc712","name":"Campus Ensenada","url":"https:\/\/www.cetys.mx\/noticias\/author\/campusensenada\/"}]}},"_links":{"self":[{"href":"https:\/\/www.cetys.mx\/noticias\/wp-json\/wp\/v2\/posts\/221511","targetHints":{"allow":["GET"]}}],"collection":[{"href":"https:\/\/www.cetys.mx\/noticias\/wp-json\/wp\/v2\/posts"}],"about":[{"href":"https:\/\/www.cetys.mx\/noticias\/wp-json\/wp\/v2\/types\/post"}],"author":[{"embeddable":true,"href":"https:\/\/www.cetys.mx\/noticias\/wp-json\/wp\/v2\/users\/23"}],"replies":[{"embeddable":true,"href":"https:\/\/www.cetys.mx\/noticias\/wp-json\/wp\/v2\/comments?post=221511"}],"version-history":[{"count":1,"href":"https:\/\/www.cetys.mx\/noticias\/wp-json\/wp\/v2\/posts\/221511\/revisions"}],"predecessor-version":[{"id":221514,"href":"https:\/\/www.cetys.mx\/noticias\/wp-json\/wp\/v2\/posts\/221511\/revisions\/221514"}],"wp:featuredmedia":[{"embeddable":true,"href":"https:\/\/www.cetys.mx\/noticias\/wp-json\/wp\/v2\/media\/221513"}],"wp:attachment":[{"href":"https:\/\/www.cetys.mx\/noticias\/wp-json\/wp\/v2\/media?parent=221511"}],"wp:term":[{"taxonomy":"category","embeddable":true,"href":"https:\/\/www.cetys.mx\/noticias\/wp-json\/wp\/v2\/categories?post=221511"},{"taxonomy":"post_tag","embeddable":true,"href":"https:\/\/www.cetys.mx\/noticias\/wp-json\/wp\/v2\/tags?post=221511"}],"curies":[{"name":"wp","href":"https:\/\/api.w.org\/{rel}","templated":true}]}}