{"id":221482,"date":"2025-12-15T18:26:28","date_gmt":"2025-12-16T02:26:28","guid":{"rendered":"https:\/\/www.cetys.mx\/noticias\/?p=221482"},"modified":"2026-04-06T18:51:01","modified_gmt":"2026-04-07T01:51:01","slug":"estudiantes-de-mercadotecnia-estrategica-impulsan-proyectos-de-emprendedores-refugiados-en-tijuana","status":"publish","type":"post","link":"https:\/\/www.cetys.mx\/noticias\/estudiantes-de-mercadotecnia-estrategica-impulsan-proyectos-de-emprendedores-refugiados-en-tijuana\/","title":{"rendered":"Estudiantes de Mercadotecnia Estrat\u00e9gica impulsan proyectos de emprendedores refugiados en Tijuana"},"content":{"rendered":"<div class=\"container\">\n<div id=\"model-response-message-contentr_58304dd9ccf40f5d\" class=\"markdown markdown-main-panel enable-updated-hr-color\" dir=\"ltr\" aria-live=\"polite\" aria-busy=\"false\">\n<p data-path-to-node=\"3\">Con el objetivo de fortalecer la econom\u00eda local y fomentar la inclusi\u00f3n, estudiantes de la <b data-path-to-node=\"3\" data-index-in-node=\"91\"><a href=\"https:\/\/www.cetys.mx\/programas\/licenciatura-en-administracion-de-mercadotecnia\/\">Licenciatura en Mercadotecnia Estrat\u00e9gica<\/a> de CETYS Universidad, Campus Tijuana<\/b>, presentaron los resultados de una serie de investigaciones de mercado desarrolladas para emprendimientos gastron\u00f3micos liderados por personas refugiadas en la regi\u00f3n.<\/p>\n<p data-path-to-node=\"4\">Esta iniciativa surge de una colaboraci\u00f3n estrat\u00e9gica entre la <b data-path-to-node=\"4\" data-index-in-node=\"63\">Incubadora de Negocios de CETYS<\/b> en Tijuana y la <b data-path-to-node=\"4\" data-index-in-node=\"100\">Agencia de la ONU para los Refugiados (ACNUR)<\/b>, permitiendo que el talento joven de la instituci\u00f3n aplique metodolog\u00edas de an\u00e1lisis en contextos reales, con un impacto directo en la comunidad migrante y emprendedora.<\/p>\n<p data-path-to-node=\"6\">A lo largo de los \u00faltimos meses, los estudiantes trabajaron de cerca con seis proyectos gastron\u00f3micos que representan una riqueza cultural \u00fanica. Los emprendimientos est\u00e1n basados en recetas y tradiciones de Ghana, de \u00a0Hait\u00ed, as\u00ed como\u00a0Venezuela, Argentina, Colombia y El Salvador.<\/p>\n<p data-path-to-node=\"8\">El an\u00e1lisis desarrollado por los futuros mercad\u00f3logos permiti\u00f3 identificar <b data-path-to-node=\"8\" data-index-in-node=\"75\">perfiles de consumidores, estrategias de posicionamiento y oportunidades de crecimiento<\/b> para que estos negocios logren una inserci\u00f3n exitosa en el mercado tijuanense.<\/p>\n<p data-path-to-node=\"11\">El proyecto incluy\u00f3 que cada equipo de estudiantes entregaran propuestas accionables que responden a las necesidades espec\u00edficas de cada etapa de desarrollo de los negocios participantes.<\/p>\n<p data-path-to-node=\"12\">Este esfuerzo colaborativo fue posible gracias a la gesti\u00f3n de la <b data-path-to-node=\"12\" data-index-in-node=\"66\">Mtra. Marcela Sosa<\/b>, Coordinadora de la Incubadora de Negocios de Alto Impacto en Campus Tijuana, quien lider\u00f3 la vinculaci\u00f3n con ACNUR y la selecci\u00f3n de los proyectos. Asimismo, la iniciativa cont\u00f3 con el respaldo estrat\u00e9gico de la <b data-path-to-node=\"12\" data-index-in-node=\"298\">Mtra. Mar\u00eda Jos\u00e9 Murad\u00e1s<\/b>, docente y Coordinadora del programa de Negocios Internacionales.<\/p>\n<div class=\"gallery-slider-wrapper gallery-1\">\n                        <div class=\"gallery-slider\" itemscope itemtype=\"http:\/\/schema.org\/ImageGallery\"><figure class=\"slide\" itemprop=\"associatedMedia\" itemscope itemtype=\"http:\/\/schema.org\/ImageObject\">\n                    <a itemprop=\"contentUrl\" href=\"https:\/\/www.cetys.mx\/noticias\/wp-content\/uploads\/2026\/04\/Proyectos-de-Mercadotecnia-a-refugiados-Tijuana-CETYS-10.png\">\n                        <img decoding=\"async\" itemprop=\"thumbnail\" class=\"lazyOwl\" src=\"https:\/\/www.cetys.mx\/noticias\/wp-content\/plugins\/jmagz-plugin\/assets\/placeholder\/900x450.png\" data-src=\"https:\/\/www.cetys.mx\/noticias\/wp-content\/uploads\/2026\/04\/Proyectos-de-Mercadotecnia-a-refugiados-Tijuana-CETYS-10.png\" alt=\"Proyectos de Mercadotecnia a refugiados Tijuana-CETYS (10)\">\n                    <\/a>\n                    <figcaption itemprop=\"caption description\" class=\"slide-caption\">\n                        \n                    <\/figcaption>\n                <\/figure><figure class=\"slide\" itemprop=\"associatedMedia\" itemscope itemtype=\"http:\/\/schema.org\/ImageObject\">\n                    <a itemprop=\"contentUrl\" href=\"https:\/\/www.cetys.mx\/noticias\/wp-content\/uploads\/2026\/04\/Proyectos-de-Mercadotecnia-a-refugiados-Tijuana-CETYS-3.png\">\n                        <img decoding=\"async\" itemprop=\"thumbnail\" class=\"lazyOwl\" src=\"https:\/\/www.cetys.mx\/noticias\/wp-content\/plugins\/jmagz-plugin\/assets\/placeholder\/900x450.png\" data-src=\"https:\/\/www.cetys.mx\/noticias\/wp-content\/uploads\/2026\/04\/Proyectos-de-Mercadotecnia-a-refugiados-Tijuana-CETYS-3.png\" alt=\"Proyectos de Mercadotecnia a refugiados Tijuana-CETYS (3)\">\n                    <\/a>\n                    <figcaption itemprop=\"caption description\" class=\"slide-caption\">\n                        \n                    <\/figcaption>\n                <\/figure><figure class=\"slide\" itemprop=\"associatedMedia\" itemscope itemtype=\"http:\/\/schema.org\/ImageObject\">\n                    <a itemprop=\"contentUrl\" href=\"https:\/\/www.cetys.mx\/noticias\/wp-content\/uploads\/2026\/04\/Proyectos-de-Mercadotecnia-a-refugiados-Tijuana-CETYS-2.png\">\n                        <img decoding=\"async\" itemprop=\"thumbnail\" class=\"lazyOwl\" src=\"https:\/\/www.cetys.mx\/noticias\/wp-content\/plugins\/jmagz-plugin\/assets\/placeholder\/900x450.png\" data-src=\"https:\/\/www.cetys.mx\/noticias\/wp-content\/uploads\/2026\/04\/Proyectos-de-Mercadotecnia-a-refugiados-Tijuana-CETYS-2.png\" alt=\"Proyectos de Mercadotecnia a refugiados Tijuana-CETYS (2)\">\n                    <\/a>\n                    <figcaption itemprop=\"caption description\" class=\"slide-caption\">\n                        \n                    <\/figcaption>\n                <\/figure><figure class=\"slide\" itemprop=\"associatedMedia\" itemscope itemtype=\"http:\/\/schema.org\/ImageObject\">\n                    <a itemprop=\"contentUrl\" href=\"https:\/\/www.cetys.mx\/noticias\/wp-content\/uploads\/2026\/04\/Proyectos-de-Mercadotecnia-a-refugiados-Tijuana-CETYS-6.png\">\n                        <img decoding=\"async\" itemprop=\"thumbnail\" class=\"lazyOwl\" src=\"https:\/\/www.cetys.mx\/noticias\/wp-content\/plugins\/jmagz-plugin\/assets\/placeholder\/900x450.png\" data-src=\"https:\/\/www.cetys.mx\/noticias\/wp-content\/uploads\/2026\/04\/Proyectos-de-Mercadotecnia-a-refugiados-Tijuana-CETYS-6.png\" alt=\"Proyectos de Mercadotecnia a refugiados Tijuana-CETYS (6)\">\n                    <\/a>\n                    <figcaption itemprop=\"caption description\" class=\"slide-caption\">\n                        \n                    <\/figcaption>\n                <\/figure><figure class=\"slide\" itemprop=\"associatedMedia\" itemscope itemtype=\"http:\/\/schema.org\/ImageObject\">\n                    <a itemprop=\"contentUrl\" href=\"https:\/\/www.cetys.mx\/noticias\/wp-content\/uploads\/2026\/04\/Proyectos-de-Mercadotecnia-a-refugiados-Tijuana-CETYS-8.png\">\n                        <img decoding=\"async\" itemprop=\"thumbnail\" class=\"lazyOwl\" src=\"https:\/\/www.cetys.mx\/noticias\/wp-content\/plugins\/jmagz-plugin\/assets\/placeholder\/900x450.png\" data-src=\"https:\/\/www.cetys.mx\/noticias\/wp-content\/uploads\/2026\/04\/Proyectos-de-Mercadotecnia-a-refugiados-Tijuana-CETYS-8.png\" alt=\"Proyectos de Mercadotecnia a refugiados Tijuana-CETYS (8)\">\n                    <\/a>\n                    <figcaption itemprop=\"caption description\" class=\"slide-caption\">\n                        \n                    <\/figcaption>\n                <\/figure><figure class=\"slide\" itemprop=\"associatedMedia\" itemscope itemtype=\"http:\/\/schema.org\/ImageObject\">\n                    <a itemprop=\"contentUrl\" href=\"https:\/\/www.cetys.mx\/noticias\/wp-content\/uploads\/2026\/04\/Proyectos-de-Mercadotecnia-a-refugiados-Tijuana-CETYS-5.png\">\n                        <img decoding=\"async\" itemprop=\"thumbnail\" class=\"lazyOwl\" src=\"https:\/\/www.cetys.mx\/noticias\/wp-content\/plugins\/jmagz-plugin\/assets\/placeholder\/900x450.png\" data-src=\"https:\/\/www.cetys.mx\/noticias\/wp-content\/uploads\/2026\/04\/Proyectos-de-Mercadotecnia-a-refugiados-Tijuana-CETYS-5.png\" alt=\"Proyectos de Mercadotecnia a refugiados Tijuana-CETYS (5)\">\n                    <\/a>\n                    <figcaption itemprop=\"caption description\" class=\"slide-caption\">\n                        \n                    <\/figcaption>\n                <\/figure><figure class=\"slide\" itemprop=\"associatedMedia\" itemscope itemtype=\"http:\/\/schema.org\/ImageObject\">\n                    <a itemprop=\"contentUrl\" href=\"https:\/\/www.cetys.mx\/noticias\/wp-content\/uploads\/2026\/04\/Proyectos-de-Mercadotecnia-a-refugiados-Tijuana-CETYS-7.png\">\n                        <img decoding=\"async\" itemprop=\"thumbnail\" class=\"lazyOwl\" src=\"https:\/\/www.cetys.mx\/noticias\/wp-content\/plugins\/jmagz-plugin\/assets\/placeholder\/900x450.png\" data-src=\"https:\/\/www.cetys.mx\/noticias\/wp-content\/uploads\/2026\/04\/Proyectos-de-Mercadotecnia-a-refugiados-Tijuana-CETYS-7.png\" alt=\"Proyectos de Mercadotecnia a refugiados Tijuana-CETYS (7)\">\n                    <\/a>\n                    <figcaption itemprop=\"caption description\" class=\"slide-caption\">\n                        \n                    <\/figcaption>\n                <\/figure><figure class=\"slide\" itemprop=\"associatedMedia\" itemscope itemtype=\"http:\/\/schema.org\/ImageObject\">\n                    <a itemprop=\"contentUrl\" href=\"https:\/\/www.cetys.mx\/noticias\/wp-content\/uploads\/2026\/04\/Proyectos-de-Mercadotecnia-a-refugiados-Tijuana-CETYS-4.png\">\n                        <img decoding=\"async\" itemprop=\"thumbnail\" class=\"lazyOwl\" src=\"https:\/\/www.cetys.mx\/noticias\/wp-content\/plugins\/jmagz-plugin\/assets\/placeholder\/900x450.png\" data-src=\"https:\/\/www.cetys.mx\/noticias\/wp-content\/uploads\/2026\/04\/Proyectos-de-Mercadotecnia-a-refugiados-Tijuana-CETYS-4.png\" alt=\"Proyectos de Mercadotecnia a refugiados Tijuana-CETYS (4)\">\n                    <\/a>\n                    <figcaption itemprop=\"caption description\" class=\"slide-caption\">\n                        \n                    <\/figcaption>\n                <\/figure><figure class=\"slide\" itemprop=\"associatedMedia\" itemscope itemtype=\"http:\/\/schema.org\/ImageObject\">\n                    <a itemprop=\"contentUrl\" href=\"https:\/\/www.cetys.mx\/noticias\/wp-content\/uploads\/2026\/04\/Proyectos-de-Mercadotecnia-a-refugiados-Tijuana-CETYS-9.png\">\n                        <img decoding=\"async\" itemprop=\"thumbnail\" class=\"lazyOwl\" src=\"https:\/\/www.cetys.mx\/noticias\/wp-content\/plugins\/jmagz-plugin\/assets\/placeholder\/900x450.png\" data-src=\"https:\/\/www.cetys.mx\/noticias\/wp-content\/uploads\/2026\/04\/Proyectos-de-Mercadotecnia-a-refugiados-Tijuana-CETYS-9.png\" alt=\"Proyectos de Mercadotecnia a refugiados Tijuana-CETYS (9)\">\n                    <\/a>\n                    <figcaption itemprop=\"caption description\" class=\"slide-caption\">\n                        \n                    <\/figcaption>\n                <\/figure><\/div>\n                <div class=\"gallery-slider-thumbnail-wrapper\">\n                    <div class=\"gallery-slider-thumbnail\"><div class=\"slide-thumbnail\"><img decoding=\"async\" class=\"lazyOwl\" src=\"https:\/\/www.cetys.mx\/noticias\/wp-content\/plugins\/jmagz-plugin\/assets\/placeholder\/150x75.png\" data-src=\"https:\/\/www.cetys.mx\/noticias\/wp-content\/uploads\/2026\/04\/Proyectos-de-Mercadotecnia-a-refugiados-Tijuana-CETYS-10.png\" alt=\"Proyectos de Mercadotecnia a refugiados Tijuana-CETYS (10)\"><\/div><div class=\"slide-thumbnail\"><img decoding=\"async\" class=\"lazyOwl\" src=\"https:\/\/www.cetys.mx\/noticias\/wp-content\/plugins\/jmagz-plugin\/assets\/placeholder\/150x75.png\" data-src=\"https:\/\/www.cetys.mx\/noticias\/wp-content\/uploads\/2026\/04\/Proyectos-de-Mercadotecnia-a-refugiados-Tijuana-CETYS-3.png\" alt=\"Proyectos de Mercadotecnia a refugiados Tijuana-CETYS (3)\"><\/div><div class=\"slide-thumbnail\"><img decoding=\"async\" class=\"lazyOwl\" src=\"https:\/\/www.cetys.mx\/noticias\/wp-content\/plugins\/jmagz-plugin\/assets\/placeholder\/150x75.png\" data-src=\"https:\/\/www.cetys.mx\/noticias\/wp-content\/uploads\/2026\/04\/Proyectos-de-Mercadotecnia-a-refugiados-Tijuana-CETYS-2.png\" alt=\"Proyectos de Mercadotecnia a refugiados Tijuana-CETYS (2)\"><\/div><div class=\"slide-thumbnail\"><img decoding=\"async\" class=\"lazyOwl\" src=\"https:\/\/www.cetys.mx\/noticias\/wp-content\/plugins\/jmagz-plugin\/assets\/placeholder\/150x75.png\" data-src=\"https:\/\/www.cetys.mx\/noticias\/wp-content\/uploads\/2026\/04\/Proyectos-de-Mercadotecnia-a-refugiados-Tijuana-CETYS-6.png\" alt=\"Proyectos de Mercadotecnia a refugiados Tijuana-CETYS (6)\"><\/div><div class=\"slide-thumbnail\"><img decoding=\"async\" class=\"lazyOwl\" src=\"https:\/\/www.cetys.mx\/noticias\/wp-content\/plugins\/jmagz-plugin\/assets\/placeholder\/150x75.png\" data-src=\"https:\/\/www.cetys.mx\/noticias\/wp-content\/uploads\/2026\/04\/Proyectos-de-Mercadotecnia-a-refugiados-Tijuana-CETYS-8.png\" alt=\"Proyectos de Mercadotecnia a refugiados Tijuana-CETYS (8)\"><\/div><div class=\"slide-thumbnail\"><img decoding=\"async\" class=\"lazyOwl\" src=\"https:\/\/www.cetys.mx\/noticias\/wp-content\/plugins\/jmagz-plugin\/assets\/placeholder\/150x75.png\" data-src=\"https:\/\/www.cetys.mx\/noticias\/wp-content\/uploads\/2026\/04\/Proyectos-de-Mercadotecnia-a-refugiados-Tijuana-CETYS-5.png\" alt=\"Proyectos de Mercadotecnia a refugiados Tijuana-CETYS (5)\"><\/div><div class=\"slide-thumbnail\"><img decoding=\"async\" class=\"lazyOwl\" src=\"https:\/\/www.cetys.mx\/noticias\/wp-content\/plugins\/jmagz-plugin\/assets\/placeholder\/150x75.png\" data-src=\"https:\/\/www.cetys.mx\/noticias\/wp-content\/uploads\/2026\/04\/Proyectos-de-Mercadotecnia-a-refugiados-Tijuana-CETYS-7.png\" alt=\"Proyectos de Mercadotecnia a refugiados Tijuana-CETYS (7)\"><\/div><div class=\"slide-thumbnail\"><img decoding=\"async\" class=\"lazyOwl\" src=\"https:\/\/www.cetys.mx\/noticias\/wp-content\/plugins\/jmagz-plugin\/assets\/placeholder\/150x75.png\" data-src=\"https:\/\/www.cetys.mx\/noticias\/wp-content\/uploads\/2026\/04\/Proyectos-de-Mercadotecnia-a-refugiados-Tijuana-CETYS-4.png\" alt=\"Proyectos de Mercadotecnia a refugiados Tijuana-CETYS (4)\"><\/div><div class=\"slide-thumbnail\"><img decoding=\"async\" class=\"lazyOwl\" src=\"https:\/\/www.cetys.mx\/noticias\/wp-content\/plugins\/jmagz-plugin\/assets\/placeholder\/150x75.png\" data-src=\"https:\/\/www.cetys.mx\/noticias\/wp-content\/uploads\/2026\/04\/Proyectos-de-Mercadotecnia-a-refugiados-Tijuana-CETYS-9.png\" alt=\"Proyectos de Mercadotecnia a refugiados Tijuana-CETYS (9)\"><\/div><\/div><\/div><\/div>\n<p data-path-to-node=\"14\">En el evento de presentaci\u00f3n estuvieron presentes autoridades y aliados clave que validaron el rigor y la sensibilidad de los trabajos presentados:<\/p>\n<ul data-path-to-node=\"15\">\n<li>\n<p data-path-to-node=\"15,0,0\"><b data-path-to-node=\"15,0,0\" data-index-in-node=\"0\">Por ACNUR Baja California:<\/b> Mtro. Ren\u00e9 Arg\u00fcellez y Lic. Shell P\u00e9rez.<\/p>\n<\/li>\n<li>\n<p data-path-to-node=\"15,1,0\"><b data-path-to-node=\"15,1,0\" data-index-in-node=\"0\">Por CETYS Universidad:<\/b> Dra. Karina Parra, Directora de la Escuela de Administraci\u00f3n y Negocios; y el Mtro. Ubaldo Reyes, Coordinador de la Licenciatura en Mercadotecnia.<\/p>\n<\/li>\n<\/ul>\n<\/div>\n<\/div>\n","protected":false},"excerpt":{"rendered":"<p>Con el objetivo de fortalecer la econom\u00eda local y fomentar la inclusi\u00f3n, estudiantes de la Licenciatura en Mercadotecnia Estrat\u00e9gica de CETYS Universidad,&#8230;<\/p>\n","protected":false},"author":24,"featured_media":221494,"comment_status":"open","ping_status":"closed","sticky":false,"template":"","format":"standard","meta":{"footnotes":""},"categories":[134],"tags":[328,7162,6551],"class_list":["post-221482","post","type-post","status-publish","format-standard","has-post-thumbnail","hentry","category-campus-tijuana","tag-campustijuana","tag-incubadoratijuana","tag-mercadotecniaestrategica"],"yoast_head":"<!-- This site is optimized with the Yoast SEO plugin v27.4 - https:\/\/yoast.com\/product\/yoast-seo-wordpress\/ -->\n<title>Estudiantes de Mercadotecnia Estrat\u00e9gica impulsan proyectos de emprendedores refugiados en Tijuana - CETYS<\/title>\n<meta name=\"description\" content=\"Articulo sobre Estudiantes de Mercadotecnia Estrat\u00e9gica impulsan proyectos de emprendedores refugiados en Tijuana\" \/>\n<meta name=\"robots\" content=\"index, follow, max-snippet:-1, max-image-preview:large, max-video-preview:-1\" \/>\n<link rel=\"canonical\" href=\"https:\/\/www.cetys.mx\/noticias\/estudiantes-de-mercadotecnia-estrategica-impulsan-proyectos-de-emprendedores-refugiados-en-tijuana\/\" \/>\n<meta property=\"og:locale\" content=\"es_MX\" \/>\n<meta property=\"og:type\" content=\"article\" \/>\n<meta property=\"og:title\" content=\"Estudiantes de Mercadotecnia Estrat\u00e9gica impulsan proyectos de emprendedores refugiados en Tijuana - CETYS\" \/>\n<meta property=\"og:description\" content=\"Articulo sobre Estudiantes de Mercadotecnia Estrat\u00e9gica impulsan proyectos de emprendedores refugiados en Tijuana\" \/>\n<meta property=\"og:url\" content=\"https:\/\/www.cetys.mx\/noticias\/estudiantes-de-mercadotecnia-estrategica-impulsan-proyectos-de-emprendedores-refugiados-en-tijuana\/\" \/>\n<meta property=\"og:site_name\" content=\"CETYS\" \/>\n<meta property=\"article:publisher\" content=\"https:\/\/www.facebook.com\/cetysuniversidadmxl\/\" \/>\n<meta property=\"article:published_time\" content=\"2025-12-16T02:26:28+00:00\" \/>\n<meta property=\"article:modified_time\" content=\"2026-04-07T01:51:01+00:00\" \/>\n<meta property=\"og:image\" content=\"https:\/\/www.cetys.mx\/noticias\/wp-content\/uploads\/2026\/04\/Proyectos-de-Mercadotecnia-a-refugiados-Tijuana-CETYS.png\" \/>\n\t<meta property=\"og:image:width\" content=\"958\" \/>\n\t<meta property=\"og:image:height\" content=\"637\" \/>\n\t<meta property=\"og:image:type\" content=\"image\/png\" \/>\n<meta name=\"author\" content=\"Campus Tijuana\" \/>\n<meta name=\"twitter:card\" content=\"summary_large_image\" \/>\n<meta name=\"twitter:creator\" content=\"@cetysuni\" \/>\n<meta name=\"twitter:site\" content=\"@cetysuni\" \/>\n<meta name=\"twitter:label1\" content=\"Escrito por\" \/>\n\t<meta name=\"twitter:data1\" content=\"Campus Tijuana\" \/>\n\t<meta name=\"twitter:label2\" content=\"Tiempo de lectura\" \/>\n\t<meta name=\"twitter:data2\" content=\"2 minutos\" \/>\n<script type=\"application\/ld+json\" class=\"yoast-schema-graph\">{\"@context\":\"https:\\\/\\\/schema.org\",\"@graph\":[{\"@type\":\"Article\",\"@id\":\"https:\\\/\\\/www.cetys.mx\\\/noticias\\\/estudiantes-de-mercadotecnia-estrategica-impulsan-proyectos-de-emprendedores-refugiados-en-tijuana\\\/#article\",\"isPartOf\":{\"@id\":\"https:\\\/\\\/www.cetys.mx\\\/noticias\\\/estudiantes-de-mercadotecnia-estrategica-impulsan-proyectos-de-emprendedores-refugiados-en-tijuana\\\/\"},\"author\":{\"name\":\"Campus Tijuana\",\"@id\":\"https:\\\/\\\/www.cetys.mx\\\/noticias\\\/#\\\/schema\\\/person\\\/e790051ce60e18ae47cfa87011c8653f\"},\"headline\":\"Estudiantes de Mercadotecnia Estrat\u00e9gica impulsan proyectos de emprendedores refugiados en Tijuana\",\"datePublished\":\"2025-12-16T02:26:28+00:00\",\"dateModified\":\"2026-04-07T01:51:01+00:00\",\"mainEntityOfPage\":{\"@id\":\"https:\\\/\\\/www.cetys.mx\\\/noticias\\\/estudiantes-de-mercadotecnia-estrategica-impulsan-proyectos-de-emprendedores-refugiados-en-tijuana\\\/\"},\"wordCount\":360,\"commentCount\":0,\"image\":{\"@id\":\"https:\\\/\\\/www.cetys.mx\\\/noticias\\\/estudiantes-de-mercadotecnia-estrategica-impulsan-proyectos-de-emprendedores-refugiados-en-tijuana\\\/#primaryimage\"},\"thumbnailUrl\":\"https:\\\/\\\/www.cetys.mx\\\/noticias\\\/wp-content\\\/uploads\\\/2026\\\/04\\\/Proyectos-de-Mercadotecnia-a-refugiados-Tijuana-CETYS.png\",\"keywords\":[\"campustijuana\",\"IncubadoraTijuana\",\"MercadotecniaEstrategica\"],\"articleSection\":[\"Campus Tijuana\"],\"inLanguage\":\"es\",\"potentialAction\":[{\"@type\":\"CommentAction\",\"name\":\"Comment\",\"target\":[\"https:\\\/\\\/www.cetys.mx\\\/noticias\\\/estudiantes-de-mercadotecnia-estrategica-impulsan-proyectos-de-emprendedores-refugiados-en-tijuana\\\/#respond\"]}]},{\"@type\":\"WebPage\",\"@id\":\"https:\\\/\\\/www.cetys.mx\\\/noticias\\\/estudiantes-de-mercadotecnia-estrategica-impulsan-proyectos-de-emprendedores-refugiados-en-tijuana\\\/\",\"url\":\"https:\\\/\\\/www.cetys.mx\\\/noticias\\\/estudiantes-de-mercadotecnia-estrategica-impulsan-proyectos-de-emprendedores-refugiados-en-tijuana\\\/\",\"name\":\"Estudiantes de Mercadotecnia Estrat\u00e9gica impulsan proyectos de emprendedores refugiados en Tijuana - CETYS\",\"isPartOf\":{\"@id\":\"https:\\\/\\\/www.cetys.mx\\\/noticias\\\/#website\"},\"primaryImageOfPage\":{\"@id\":\"https:\\\/\\\/www.cetys.mx\\\/noticias\\\/estudiantes-de-mercadotecnia-estrategica-impulsan-proyectos-de-emprendedores-refugiados-en-tijuana\\\/#primaryimage\"},\"image\":{\"@id\":\"https:\\\/\\\/www.cetys.mx\\\/noticias\\\/estudiantes-de-mercadotecnia-estrategica-impulsan-proyectos-de-emprendedores-refugiados-en-tijuana\\\/#primaryimage\"},\"thumbnailUrl\":\"https:\\\/\\\/www.cetys.mx\\\/noticias\\\/wp-content\\\/uploads\\\/2026\\\/04\\\/Proyectos-de-Mercadotecnia-a-refugiados-Tijuana-CETYS.png\",\"datePublished\":\"2025-12-16T02:26:28+00:00\",\"dateModified\":\"2026-04-07T01:51:01+00:00\",\"author\":{\"@id\":\"https:\\\/\\\/www.cetys.mx\\\/noticias\\\/#\\\/schema\\\/person\\\/e790051ce60e18ae47cfa87011c8653f\"},\"description\":\"Articulo sobre Estudiantes de Mercadotecnia Estrat\u00e9gica impulsan proyectos de emprendedores refugiados en Tijuana\",\"breadcrumb\":{\"@id\":\"https:\\\/\\\/www.cetys.mx\\\/noticias\\\/estudiantes-de-mercadotecnia-estrategica-impulsan-proyectos-de-emprendedores-refugiados-en-tijuana\\\/#breadcrumb\"},\"inLanguage\":\"es\",\"potentialAction\":[{\"@type\":\"ReadAction\",\"target\":[\"https:\\\/\\\/www.cetys.mx\\\/noticias\\\/estudiantes-de-mercadotecnia-estrategica-impulsan-proyectos-de-emprendedores-refugiados-en-tijuana\\\/\"]}]},{\"@type\":\"ImageObject\",\"inLanguage\":\"es\",\"@id\":\"https:\\\/\\\/www.cetys.mx\\\/noticias\\\/estudiantes-de-mercadotecnia-estrategica-impulsan-proyectos-de-emprendedores-refugiados-en-tijuana\\\/#primaryimage\",\"url\":\"https:\\\/\\\/www.cetys.mx\\\/noticias\\\/wp-content\\\/uploads\\\/2026\\\/04\\\/Proyectos-de-Mercadotecnia-a-refugiados-Tijuana-CETYS.png\",\"contentUrl\":\"https:\\\/\\\/www.cetys.mx\\\/noticias\\\/wp-content\\\/uploads\\\/2026\\\/04\\\/Proyectos-de-Mercadotecnia-a-refugiados-Tijuana-CETYS.png\",\"width\":958,\"height\":637},{\"@type\":\"BreadcrumbList\",\"@id\":\"https:\\\/\\\/www.cetys.mx\\\/noticias\\\/estudiantes-de-mercadotecnia-estrategica-impulsan-proyectos-de-emprendedores-refugiados-en-tijuana\\\/#breadcrumb\",\"itemListElement\":[{\"@type\":\"ListItem\",\"position\":1,\"name\":\"Inicio\",\"item\":\"https:\\\/\\\/www.cetys.mx\\\/noticias\\\/\"},{\"@type\":\"ListItem\",\"position\":2,\"name\":\"Estudiantes de Mercadotecnia Estrat\u00e9gica impulsan proyectos de emprendedores refugiados en Tijuana\"}]},{\"@type\":\"WebSite\",\"@id\":\"https:\\\/\\\/www.cetys.mx\\\/noticias\\\/#website\",\"url\":\"https:\\\/\\\/www.cetys.mx\\\/noticias\\\/\",\"name\":\"CETYS\",\"description\":\"\",\"potentialAction\":[{\"@type\":\"SearchAction\",\"target\":{\"@type\":\"EntryPoint\",\"urlTemplate\":\"https:\\\/\\\/www.cetys.mx\\\/noticias\\\/?s={search_term_string}\"},\"query-input\":{\"@type\":\"PropertyValueSpecification\",\"valueRequired\":true,\"valueName\":\"search_term_string\"}}],\"inLanguage\":\"es\"},{\"@type\":\"Person\",\"@id\":\"https:\\\/\\\/www.cetys.mx\\\/noticias\\\/#\\\/schema\\\/person\\\/e790051ce60e18ae47cfa87011c8653f\",\"name\":\"Campus Tijuana\",\"url\":\"https:\\\/\\\/www.cetys.mx\\\/noticias\\\/author\\\/campustijuana\\\/\"}]}<\/script>\n<!-- \/ Yoast SEO plugin. -->","yoast_head_json":{"title":"Estudiantes de Mercadotecnia Estrat\u00e9gica impulsan proyectos de emprendedores refugiados en Tijuana - CETYS","description":"Articulo sobre Estudiantes de Mercadotecnia Estrat\u00e9gica impulsan proyectos de emprendedores refugiados en Tijuana","robots":{"index":"index","follow":"follow","max-snippet":"max-snippet:-1","max-image-preview":"max-image-preview:large","max-video-preview":"max-video-preview:-1"},"canonical":"https:\/\/www.cetys.mx\/noticias\/estudiantes-de-mercadotecnia-estrategica-impulsan-proyectos-de-emprendedores-refugiados-en-tijuana\/","og_locale":"es_MX","og_type":"article","og_title":"Estudiantes de Mercadotecnia Estrat\u00e9gica impulsan proyectos de emprendedores refugiados en Tijuana - CETYS","og_description":"Articulo sobre Estudiantes de Mercadotecnia Estrat\u00e9gica impulsan proyectos de emprendedores refugiados en Tijuana","og_url":"https:\/\/www.cetys.mx\/noticias\/estudiantes-de-mercadotecnia-estrategica-impulsan-proyectos-de-emprendedores-refugiados-en-tijuana\/","og_site_name":"CETYS","article_publisher":"https:\/\/www.facebook.com\/cetysuniversidadmxl\/","article_published_time":"2025-12-16T02:26:28+00:00","article_modified_time":"2026-04-07T01:51:01+00:00","og_image":[{"width":958,"height":637,"url":"https:\/\/www.cetys.mx\/noticias\/wp-content\/uploads\/2026\/04\/Proyectos-de-Mercadotecnia-a-refugiados-Tijuana-CETYS.png","type":"image\/png"}],"author":"Campus Tijuana","twitter_card":"summary_large_image","twitter_creator":"@cetysuni","twitter_site":"@cetysuni","twitter_misc":{"Escrito por":"Campus Tijuana","Tiempo de lectura":"2 minutos"},"schema":{"@context":"https:\/\/schema.org","@graph":[{"@type":"Article","@id":"https:\/\/www.cetys.mx\/noticias\/estudiantes-de-mercadotecnia-estrategica-impulsan-proyectos-de-emprendedores-refugiados-en-tijuana\/#article","isPartOf":{"@id":"https:\/\/www.cetys.mx\/noticias\/estudiantes-de-mercadotecnia-estrategica-impulsan-proyectos-de-emprendedores-refugiados-en-tijuana\/"},"author":{"name":"Campus Tijuana","@id":"https:\/\/www.cetys.mx\/noticias\/#\/schema\/person\/e790051ce60e18ae47cfa87011c8653f"},"headline":"Estudiantes de Mercadotecnia Estrat\u00e9gica impulsan proyectos de emprendedores refugiados en Tijuana","datePublished":"2025-12-16T02:26:28+00:00","dateModified":"2026-04-07T01:51:01+00:00","mainEntityOfPage":{"@id":"https:\/\/www.cetys.mx\/noticias\/estudiantes-de-mercadotecnia-estrategica-impulsan-proyectos-de-emprendedores-refugiados-en-tijuana\/"},"wordCount":360,"commentCount":0,"image":{"@id":"https:\/\/www.cetys.mx\/noticias\/estudiantes-de-mercadotecnia-estrategica-impulsan-proyectos-de-emprendedores-refugiados-en-tijuana\/#primaryimage"},"thumbnailUrl":"https:\/\/www.cetys.mx\/noticias\/wp-content\/uploads\/2026\/04\/Proyectos-de-Mercadotecnia-a-refugiados-Tijuana-CETYS.png","keywords":["campustijuana","IncubadoraTijuana","MercadotecniaEstrategica"],"articleSection":["Campus Tijuana"],"inLanguage":"es","potentialAction":[{"@type":"CommentAction","name":"Comment","target":["https:\/\/www.cetys.mx\/noticias\/estudiantes-de-mercadotecnia-estrategica-impulsan-proyectos-de-emprendedores-refugiados-en-tijuana\/#respond"]}]},{"@type":"WebPage","@id":"https:\/\/www.cetys.mx\/noticias\/estudiantes-de-mercadotecnia-estrategica-impulsan-proyectos-de-emprendedores-refugiados-en-tijuana\/","url":"https:\/\/www.cetys.mx\/noticias\/estudiantes-de-mercadotecnia-estrategica-impulsan-proyectos-de-emprendedores-refugiados-en-tijuana\/","name":"Estudiantes de Mercadotecnia Estrat\u00e9gica impulsan proyectos de emprendedores refugiados en Tijuana - CETYS","isPartOf":{"@id":"https:\/\/www.cetys.mx\/noticias\/#website"},"primaryImageOfPage":{"@id":"https:\/\/www.cetys.mx\/noticias\/estudiantes-de-mercadotecnia-estrategica-impulsan-proyectos-de-emprendedores-refugiados-en-tijuana\/#primaryimage"},"image":{"@id":"https:\/\/www.cetys.mx\/noticias\/estudiantes-de-mercadotecnia-estrategica-impulsan-proyectos-de-emprendedores-refugiados-en-tijuana\/#primaryimage"},"thumbnailUrl":"https:\/\/www.cetys.mx\/noticias\/wp-content\/uploads\/2026\/04\/Proyectos-de-Mercadotecnia-a-refugiados-Tijuana-CETYS.png","datePublished":"2025-12-16T02:26:28+00:00","dateModified":"2026-04-07T01:51:01+00:00","author":{"@id":"https:\/\/www.cetys.mx\/noticias\/#\/schema\/person\/e790051ce60e18ae47cfa87011c8653f"},"description":"Articulo sobre Estudiantes de Mercadotecnia Estrat\u00e9gica impulsan proyectos de emprendedores refugiados en Tijuana","breadcrumb":{"@id":"https:\/\/www.cetys.mx\/noticias\/estudiantes-de-mercadotecnia-estrategica-impulsan-proyectos-de-emprendedores-refugiados-en-tijuana\/#breadcrumb"},"inLanguage":"es","potentialAction":[{"@type":"ReadAction","target":["https:\/\/www.cetys.mx\/noticias\/estudiantes-de-mercadotecnia-estrategica-impulsan-proyectos-de-emprendedores-refugiados-en-tijuana\/"]}]},{"@type":"ImageObject","inLanguage":"es","@id":"https:\/\/www.cetys.mx\/noticias\/estudiantes-de-mercadotecnia-estrategica-impulsan-proyectos-de-emprendedores-refugiados-en-tijuana\/#primaryimage","url":"https:\/\/www.cetys.mx\/noticias\/wp-content\/uploads\/2026\/04\/Proyectos-de-Mercadotecnia-a-refugiados-Tijuana-CETYS.png","contentUrl":"https:\/\/www.cetys.mx\/noticias\/wp-content\/uploads\/2026\/04\/Proyectos-de-Mercadotecnia-a-refugiados-Tijuana-CETYS.png","width":958,"height":637},{"@type":"BreadcrumbList","@id":"https:\/\/www.cetys.mx\/noticias\/estudiantes-de-mercadotecnia-estrategica-impulsan-proyectos-de-emprendedores-refugiados-en-tijuana\/#breadcrumb","itemListElement":[{"@type":"ListItem","position":1,"name":"Inicio","item":"https:\/\/www.cetys.mx\/noticias\/"},{"@type":"ListItem","position":2,"name":"Estudiantes de Mercadotecnia Estrat\u00e9gica impulsan proyectos de emprendedores refugiados en Tijuana"}]},{"@type":"WebSite","@id":"https:\/\/www.cetys.mx\/noticias\/#website","url":"https:\/\/www.cetys.mx\/noticias\/","name":"CETYS","description":"","potentialAction":[{"@type":"SearchAction","target":{"@type":"EntryPoint","urlTemplate":"https:\/\/www.cetys.mx\/noticias\/?s={search_term_string}"},"query-input":{"@type":"PropertyValueSpecification","valueRequired":true,"valueName":"search_term_string"}}],"inLanguage":"es"},{"@type":"Person","@id":"https:\/\/www.cetys.mx\/noticias\/#\/schema\/person\/e790051ce60e18ae47cfa87011c8653f","name":"Campus Tijuana","url":"https:\/\/www.cetys.mx\/noticias\/author\/campustijuana\/"}]}},"_links":{"self":[{"href":"https:\/\/www.cetys.mx\/noticias\/wp-json\/wp\/v2\/posts\/221482","targetHints":{"allow":["GET"]}}],"collection":[{"href":"https:\/\/www.cetys.mx\/noticias\/wp-json\/wp\/v2\/posts"}],"about":[{"href":"https:\/\/www.cetys.mx\/noticias\/wp-json\/wp\/v2\/types\/post"}],"author":[{"embeddable":true,"href":"https:\/\/www.cetys.mx\/noticias\/wp-json\/wp\/v2\/users\/24"}],"replies":[{"embeddable":true,"href":"https:\/\/www.cetys.mx\/noticias\/wp-json\/wp\/v2\/comments?post=221482"}],"version-history":[{"count":3,"href":"https:\/\/www.cetys.mx\/noticias\/wp-json\/wp\/v2\/posts\/221482\/revisions"}],"predecessor-version":[{"id":221497,"href":"https:\/\/www.cetys.mx\/noticias\/wp-json\/wp\/v2\/posts\/221482\/revisions\/221497"}],"wp:featuredmedia":[{"embeddable":true,"href":"https:\/\/www.cetys.mx\/noticias\/wp-json\/wp\/v2\/media\/221494"}],"wp:attachment":[{"href":"https:\/\/www.cetys.mx\/noticias\/wp-json\/wp\/v2\/media?parent=221482"}],"wp:term":[{"taxonomy":"category","embeddable":true,"href":"https:\/\/www.cetys.mx\/noticias\/wp-json\/wp\/v2\/categories?post=221482"},{"taxonomy":"post_tag","embeddable":true,"href":"https:\/\/www.cetys.mx\/noticias\/wp-json\/wp\/v2\/tags?post=221482"}],"curies":[{"name":"wp","href":"https:\/\/api.w.org\/{rel}","templated":true}]}}