{"id":221250,"date":"2026-03-25T12:47:46","date_gmt":"2026-03-25T19:47:46","guid":{"rendered":"https:\/\/www.cetys.mx\/noticias\/?p=221250"},"modified":"2026-03-25T12:47:46","modified_gmt":"2026-03-25T19:47:46","slug":"participa-cetys-en-estudio-latinoamericano-sobre-inteligencia-artificial-en-educacion-superior","status":"publish","type":"post","link":"https:\/\/www.cetys.mx\/noticias\/participa-cetys-en-estudio-latinoamericano-sobre-inteligencia-artificial-en-educacion-superior\/","title":{"rendered":"Participa CETYS en estudio latinoamericano sobre inteligencia artificial en educaci\u00f3n superior"},"content":{"rendered":"<p><span style=\"font-weight: 400;\">Con el objetivo de identificar oportunidades y retos en su alfabetizaci\u00f3n e implementaci\u00f3n de la IA en el contexto acad\u00e9mico, el Sistema CETYS Universidad form\u00f3 parte de un estudio regional impulsado por el Digital Education Council (DEC), en el que se analizaron los niveles de adopci\u00f3n de la inteligencia artificial (IA) en instituciones de educaci\u00f3n superior de Am\u00e9rica Latina.<\/span><\/p>\n<p><span style=\"font-weight: 400;\">De acuerdo con la Dra. Luc\u00eda Beltr\u00e1n Rocha, directora del ICampus y Experta CETYS, esta investigaci\u00f3n reuni\u00f3 m\u00e1s de 30 mil respuestas provenientes de 29 universidades p\u00fablicas y privadas de la regi\u00f3n, lo que permiti\u00f3 obtener un panorama amplio sobre el nivel de madurez y alfabetizaci\u00f3n de la IAgenerativa.<\/span><\/p>\n<p><span style=\"font-weight: 400;\">\u201cLa intenci\u00f3n fue identificar c\u00f3mo se encuentra Am\u00e9rica Latina y, desde el contexto de la comunidad acad\u00e9mica de CETYS, cu\u00e1les son los resultados en cuanto al uso y nivel de adopci\u00f3n de la inteligencia artificial generativa dentro de la educaci\u00f3n por profesores y estudiantes\u201d, explic\u00f3.<\/span><\/p>\n<p><span style=\"font-weight: 400;\">En el caso de CETYS, la participaci\u00f3n incluy\u00f3 alrededor de mil respuestas, entre estudiantes y docentes, lo que permiti\u00f3 detectar \u00e1reas clave como brechas en alfabetizaci\u00f3n digital, niveles de adopci\u00f3n y oportunidades de mejora para fortalecer la formaci\u00f3n profesional.<\/span><\/p>\n<p><span style=\"font-weight: 400;\">La Dra. Beltr\u00e1n Rocha destac\u00f3 que formar parte de este tipo de estudios internacionales permite a la instituci\u00f3n compararse con referentes globales y regionales, e identificar su posicionamiento en el uso de la IA generativa.<\/span><\/p>\n<p><span style=\"font-weight: 400;\">\u201cEste estudio nos dio la oportunidad de medir cu\u00e1l es nuestro nivel de uso y adopci\u00f3n de la inteligencia artificial, as\u00ed como la ventaja de conocer otros referentes dentro del contexto de Am\u00e9rica Latina y del mundo\u201d, se\u00f1al\u00f3.<\/span><\/p>\n<p><span style=\"font-weight: 400;\">Uno de los principales hallazgos es que Am\u00e9rica Latina presenta, en algunos aspectos, niveles de adopci\u00f3n de IA incluso superiores al promedio global, lo que abre nuevas oportunidades para fortalecer los modelos educativos en la regi\u00f3n.<\/span><\/p>\n<p><span style=\"font-weight: 400;\">Desde la visi\u00f3n institucional, la Experta CETYS subray\u00f3 que el uso de la inteligencia artificial no debe limitarse a lo tecnol\u00f3gico, sino que debe estar acompa\u00f1ado de un enfoque \u00e9tico y humanista. En este sentido, enfatiz\u00f3 la importancia de desarrollar en los estudiantes habilidades como el pensamiento cr\u00edtico, la creatividad y el juicio de valor.<\/span><\/p>\n<p><span style=\"font-weight: 400;\">\u201cEs relevante que nuestros estudiantes no s\u00f3lo puedan entender c\u00f3mo utilizar la IA, sino que tengan la capacidad de evaluar esos resultados y utilizarla de manera \u00e9tica y responsable, sin perder de vista que todo est\u00e1 centrado en la parte humana\u201d, afirm\u00f3.<\/span><\/p>\n<p><span style=\"font-weight: 400;\">Asimismo, resalt\u00f3 el papel de los docentes como actores clave en la integraci\u00f3n de estas herramientas, quienes deben liderar los procesos de ense\u00f1anza-aprendizaje mediante el uso estrat\u00e9gico de la IA, asegurando que se convierta en un recurso que potencie las competencias profesionales.<\/span><\/p>\n<p><span style=\"font-weight: 400;\">La Experta CETYS destac\u00f3 que la adopci\u00f3n \u00e9tica de la IA forma parte de la estrategia institucional; ya que como instituci\u00f3n CETYS impulsa un proceso de transformaci\u00f3n digital en el que la inteligencia artificial se integra de manera transversal, tanto en el \u00e1mbito acad\u00e9mico como administrativo. Adem\u00e1s, la universidad ha desarrollado lineamientos para el uso \u00e9tico de estas herramientas y promueve su adopci\u00f3n mediante recursos institucionales como plataformas de IA generativa.<\/span><\/p>\n<p><span style=\"font-weight: 400;\">Finalmente, la participaci\u00f3n en este estudio permiti\u00f3 a la instituci\u00f3n realizar un diagn\u00f3stico sobre su nivel de madurez en el uso de la IA, lo que servir\u00e1 como base para dise\u00f1ar estrategias de formaci\u00f3n que fortalezcan las competencias digitales de su comunidad y contribuyan a su preparaci\u00f3n para los retos del entorno profesional.<\/span><\/p>\n<p><img loading=\"lazy\" decoding=\"async\" class=\"size-full wp-image-212744 aligncenter\" src=\"https:\/\/www.cetys.mx\/noticias\/wp-content\/uploads\/2025\/05\/FOTO-2.jpg\" alt=\"\" width=\"3630\" height=\"3264\" srcset=\"https:\/\/www.cetys.mx\/noticias\/wp-content\/uploads\/2025\/05\/FOTO-2.jpg 3630w, https:\/\/www.cetys.mx\/noticias\/wp-content\/uploads\/2025\/05\/FOTO-2-768x691.jpg 768w\" sizes=\"auto, (max-width: 3630px) 100vw, 3630px\" \/><\/p>\n","protected":false},"excerpt":{"rendered":"<p>Con el objetivo de identificar oportunidades y retos en su alfabetizaci\u00f3n e implementaci\u00f3n de la IA en el contexto acad\u00e9mico, el Sistema&#8230;<\/p>\n","protected":false},"author":23,"featured_media":221251,"comment_status":"open","ping_status":"closed","sticky":false,"template":"","format":"standard","meta":{"footnotes":""},"categories":[132,125,313],"tags":[7383,7382],"class_list":["post-221250","post","type-post","status-publish","format-standard","has-post-thumbnail","hentry","category-campus-ensenada","category-portada","category-vocetys-2","tag-i-campus","tag-ia-generativa","univesidades-icampus"],"yoast_head":"<!-- This site is optimized with the Yoast SEO plugin v27.4 - https:\/\/yoast.com\/product\/yoast-seo-wordpress\/ -->\n<title>Participa CETYS en estudio latinoamericano sobre inteligencia artificial en educaci\u00f3n superior - CETYS<\/title>\n<meta name=\"description\" content=\"Articulo sobre Participa CETYS en estudio latinoamericano sobre inteligencia artificial en educaci\u00f3n superior\" \/>\n<meta name=\"robots\" content=\"index, follow, max-snippet:-1, max-image-preview:large, max-video-preview:-1\" \/>\n<link rel=\"canonical\" href=\"https:\/\/www.cetys.mx\/noticias\/participa-cetys-en-estudio-latinoamericano-sobre-inteligencia-artificial-en-educacion-superior\/\" \/>\n<meta property=\"og:locale\" content=\"es_MX\" \/>\n<meta property=\"og:type\" content=\"article\" \/>\n<meta property=\"og:title\" content=\"Participa CETYS en estudio latinoamericano sobre inteligencia artificial en educaci\u00f3n superior - CETYS\" \/>\n<meta property=\"og:description\" content=\"Articulo sobre Participa CETYS en estudio latinoamericano sobre inteligencia artificial en educaci\u00f3n superior\" \/>\n<meta property=\"og:url\" content=\"https:\/\/www.cetys.mx\/noticias\/participa-cetys-en-estudio-latinoamericano-sobre-inteligencia-artificial-en-educacion-superior\/\" \/>\n<meta property=\"og:site_name\" content=\"CETYS\" \/>\n<meta property=\"article:publisher\" content=\"https:\/\/www.facebook.com\/cetysuniversidadmxl\/\" \/>\n<meta property=\"article:published_time\" content=\"2026-03-25T19:47:46+00:00\" \/>\n<meta property=\"og:image\" content=\"https:\/\/www.cetys.mx\/noticias\/wp-content\/uploads\/2026\/03\/Foto-1-2-scaled.jpg\" \/>\n\t<meta property=\"og:image:width\" content=\"2560\" \/>\n\t<meta property=\"og:image:height\" content=\"1707\" \/>\n\t<meta property=\"og:image:type\" content=\"image\/jpeg\" \/>\n<meta name=\"author\" content=\"Campus Ensenada\" \/>\n<meta name=\"twitter:card\" content=\"summary_large_image\" \/>\n<meta name=\"twitter:creator\" content=\"@cetysuni\" \/>\n<meta name=\"twitter:site\" content=\"@cetysuni\" \/>\n<meta name=\"twitter:label1\" content=\"Escrito por\" \/>\n\t<meta name=\"twitter:data1\" content=\"Campus Ensenada\" \/>\n\t<meta name=\"twitter:label2\" content=\"Tiempo de lectura\" \/>\n\t<meta name=\"twitter:data2\" content=\"3 minutos\" \/>\n<script type=\"application\/ld+json\" class=\"yoast-schema-graph\">{\"@context\":\"https:\\\/\\\/schema.org\",\"@graph\":[{\"@type\":\"Article\",\"@id\":\"https:\\\/\\\/www.cetys.mx\\\/noticias\\\/participa-cetys-en-estudio-latinoamericano-sobre-inteligencia-artificial-en-educacion-superior\\\/#article\",\"isPartOf\":{\"@id\":\"https:\\\/\\\/www.cetys.mx\\\/noticias\\\/participa-cetys-en-estudio-latinoamericano-sobre-inteligencia-artificial-en-educacion-superior\\\/\"},\"author\":{\"name\":\"Campus Ensenada\",\"@id\":\"https:\\\/\\\/www.cetys.mx\\\/noticias\\\/#\\\/schema\\\/person\\\/1a1a88c0b6586e66a2e9e88e07afc712\"},\"headline\":\"Participa CETYS en estudio latinoamericano sobre inteligencia artificial en educaci\u00f3n superior\",\"datePublished\":\"2026-03-25T19:47:46+00:00\",\"mainEntityOfPage\":{\"@id\":\"https:\\\/\\\/www.cetys.mx\\\/noticias\\\/participa-cetys-en-estudio-latinoamericano-sobre-inteligencia-artificial-en-educacion-superior\\\/\"},\"wordCount\":628,\"commentCount\":0,\"image\":{\"@id\":\"https:\\\/\\\/www.cetys.mx\\\/noticias\\\/participa-cetys-en-estudio-latinoamericano-sobre-inteligencia-artificial-en-educacion-superior\\\/#primaryimage\"},\"thumbnailUrl\":\"https:\\\/\\\/www.cetys.mx\\\/noticias\\\/wp-content\\\/uploads\\\/2026\\\/03\\\/Foto-1-2-scaled.jpg\",\"keywords\":[\"I Campus\",\"IA Generativa\"],\"articleSection\":[\"Campus Ensenada\",\"Portada\",\"VoCETYS\"],\"inLanguage\":\"es\",\"potentialAction\":[{\"@type\":\"CommentAction\",\"name\":\"Comment\",\"target\":[\"https:\\\/\\\/www.cetys.mx\\\/noticias\\\/participa-cetys-en-estudio-latinoamericano-sobre-inteligencia-artificial-en-educacion-superior\\\/#respond\"]}]},{\"@type\":\"WebPage\",\"@id\":\"https:\\\/\\\/www.cetys.mx\\\/noticias\\\/participa-cetys-en-estudio-latinoamericano-sobre-inteligencia-artificial-en-educacion-superior\\\/\",\"url\":\"https:\\\/\\\/www.cetys.mx\\\/noticias\\\/participa-cetys-en-estudio-latinoamericano-sobre-inteligencia-artificial-en-educacion-superior\\\/\",\"name\":\"Participa CETYS en estudio latinoamericano sobre inteligencia artificial en educaci\u00f3n superior - CETYS\",\"isPartOf\":{\"@id\":\"https:\\\/\\\/www.cetys.mx\\\/noticias\\\/#website\"},\"primaryImageOfPage\":{\"@id\":\"https:\\\/\\\/www.cetys.mx\\\/noticias\\\/participa-cetys-en-estudio-latinoamericano-sobre-inteligencia-artificial-en-educacion-superior\\\/#primaryimage\"},\"image\":{\"@id\":\"https:\\\/\\\/www.cetys.mx\\\/noticias\\\/participa-cetys-en-estudio-latinoamericano-sobre-inteligencia-artificial-en-educacion-superior\\\/#primaryimage\"},\"thumbnailUrl\":\"https:\\\/\\\/www.cetys.mx\\\/noticias\\\/wp-content\\\/uploads\\\/2026\\\/03\\\/Foto-1-2-scaled.jpg\",\"datePublished\":\"2026-03-25T19:47:46+00:00\",\"author\":{\"@id\":\"https:\\\/\\\/www.cetys.mx\\\/noticias\\\/#\\\/schema\\\/person\\\/1a1a88c0b6586e66a2e9e88e07afc712\"},\"description\":\"Articulo sobre Participa CETYS en estudio latinoamericano sobre inteligencia artificial en educaci\u00f3n superior\",\"breadcrumb\":{\"@id\":\"https:\\\/\\\/www.cetys.mx\\\/noticias\\\/participa-cetys-en-estudio-latinoamericano-sobre-inteligencia-artificial-en-educacion-superior\\\/#breadcrumb\"},\"inLanguage\":\"es\",\"potentialAction\":[{\"@type\":\"ReadAction\",\"target\":[\"https:\\\/\\\/www.cetys.mx\\\/noticias\\\/participa-cetys-en-estudio-latinoamericano-sobre-inteligencia-artificial-en-educacion-superior\\\/\"]}]},{\"@type\":\"ImageObject\",\"inLanguage\":\"es\",\"@id\":\"https:\\\/\\\/www.cetys.mx\\\/noticias\\\/participa-cetys-en-estudio-latinoamericano-sobre-inteligencia-artificial-en-educacion-superior\\\/#primaryimage\",\"url\":\"https:\\\/\\\/www.cetys.mx\\\/noticias\\\/wp-content\\\/uploads\\\/2026\\\/03\\\/Foto-1-2-scaled.jpg\",\"contentUrl\":\"https:\\\/\\\/www.cetys.mx\\\/noticias\\\/wp-content\\\/uploads\\\/2026\\\/03\\\/Foto-1-2-scaled.jpg\",\"width\":2560,\"height\":1707},{\"@type\":\"BreadcrumbList\",\"@id\":\"https:\\\/\\\/www.cetys.mx\\\/noticias\\\/participa-cetys-en-estudio-latinoamericano-sobre-inteligencia-artificial-en-educacion-superior\\\/#breadcrumb\",\"itemListElement\":[{\"@type\":\"ListItem\",\"position\":1,\"name\":\"Inicio\",\"item\":\"https:\\\/\\\/www.cetys.mx\\\/noticias\\\/\"},{\"@type\":\"ListItem\",\"position\":2,\"name\":\"Participa CETYS en estudio latinoamericano sobre inteligencia artificial en educaci\u00f3n superior\"}]},{\"@type\":\"WebSite\",\"@id\":\"https:\\\/\\\/www.cetys.mx\\\/noticias\\\/#website\",\"url\":\"https:\\\/\\\/www.cetys.mx\\\/noticias\\\/\",\"name\":\"CETYS\",\"description\":\"\",\"potentialAction\":[{\"@type\":\"SearchAction\",\"target\":{\"@type\":\"EntryPoint\",\"urlTemplate\":\"https:\\\/\\\/www.cetys.mx\\\/noticias\\\/?s={search_term_string}\"},\"query-input\":{\"@type\":\"PropertyValueSpecification\",\"valueRequired\":true,\"valueName\":\"search_term_string\"}}],\"inLanguage\":\"es\"},{\"@type\":\"Person\",\"@id\":\"https:\\\/\\\/www.cetys.mx\\\/noticias\\\/#\\\/schema\\\/person\\\/1a1a88c0b6586e66a2e9e88e07afc712\",\"name\":\"Campus Ensenada\",\"url\":\"https:\\\/\\\/www.cetys.mx\\\/noticias\\\/author\\\/campusensenada\\\/\"}]}<\/script>\n<!-- \/ Yoast SEO plugin. -->","yoast_head_json":{"title":"Participa CETYS en estudio latinoamericano sobre inteligencia artificial en educaci\u00f3n superior - CETYS","description":"Articulo sobre Participa CETYS en estudio latinoamericano sobre inteligencia artificial en educaci\u00f3n superior","robots":{"index":"index","follow":"follow","max-snippet":"max-snippet:-1","max-image-preview":"max-image-preview:large","max-video-preview":"max-video-preview:-1"},"canonical":"https:\/\/www.cetys.mx\/noticias\/participa-cetys-en-estudio-latinoamericano-sobre-inteligencia-artificial-en-educacion-superior\/","og_locale":"es_MX","og_type":"article","og_title":"Participa CETYS en estudio latinoamericano sobre inteligencia artificial en educaci\u00f3n superior - CETYS","og_description":"Articulo sobre Participa CETYS en estudio latinoamericano sobre inteligencia artificial en educaci\u00f3n superior","og_url":"https:\/\/www.cetys.mx\/noticias\/participa-cetys-en-estudio-latinoamericano-sobre-inteligencia-artificial-en-educacion-superior\/","og_site_name":"CETYS","article_publisher":"https:\/\/www.facebook.com\/cetysuniversidadmxl\/","article_published_time":"2026-03-25T19:47:46+00:00","og_image":[{"width":2560,"height":1707,"url":"https:\/\/www.cetys.mx\/noticias\/wp-content\/uploads\/2026\/03\/Foto-1-2-scaled.jpg","type":"image\/jpeg"}],"author":"Campus Ensenada","twitter_card":"summary_large_image","twitter_creator":"@cetysuni","twitter_site":"@cetysuni","twitter_misc":{"Escrito por":"Campus Ensenada","Tiempo de lectura":"3 minutos"},"schema":{"@context":"https:\/\/schema.org","@graph":[{"@type":"Article","@id":"https:\/\/www.cetys.mx\/noticias\/participa-cetys-en-estudio-latinoamericano-sobre-inteligencia-artificial-en-educacion-superior\/#article","isPartOf":{"@id":"https:\/\/www.cetys.mx\/noticias\/participa-cetys-en-estudio-latinoamericano-sobre-inteligencia-artificial-en-educacion-superior\/"},"author":{"name":"Campus Ensenada","@id":"https:\/\/www.cetys.mx\/noticias\/#\/schema\/person\/1a1a88c0b6586e66a2e9e88e07afc712"},"headline":"Participa CETYS en estudio latinoamericano sobre inteligencia artificial en educaci\u00f3n superior","datePublished":"2026-03-25T19:47:46+00:00","mainEntityOfPage":{"@id":"https:\/\/www.cetys.mx\/noticias\/participa-cetys-en-estudio-latinoamericano-sobre-inteligencia-artificial-en-educacion-superior\/"},"wordCount":628,"commentCount":0,"image":{"@id":"https:\/\/www.cetys.mx\/noticias\/participa-cetys-en-estudio-latinoamericano-sobre-inteligencia-artificial-en-educacion-superior\/#primaryimage"},"thumbnailUrl":"https:\/\/www.cetys.mx\/noticias\/wp-content\/uploads\/2026\/03\/Foto-1-2-scaled.jpg","keywords":["I Campus","IA Generativa"],"articleSection":["Campus Ensenada","Portada","VoCETYS"],"inLanguage":"es","potentialAction":[{"@type":"CommentAction","name":"Comment","target":["https:\/\/www.cetys.mx\/noticias\/participa-cetys-en-estudio-latinoamericano-sobre-inteligencia-artificial-en-educacion-superior\/#respond"]}]},{"@type":"WebPage","@id":"https:\/\/www.cetys.mx\/noticias\/participa-cetys-en-estudio-latinoamericano-sobre-inteligencia-artificial-en-educacion-superior\/","url":"https:\/\/www.cetys.mx\/noticias\/participa-cetys-en-estudio-latinoamericano-sobre-inteligencia-artificial-en-educacion-superior\/","name":"Participa CETYS en estudio latinoamericano sobre inteligencia artificial en educaci\u00f3n superior - CETYS","isPartOf":{"@id":"https:\/\/www.cetys.mx\/noticias\/#website"},"primaryImageOfPage":{"@id":"https:\/\/www.cetys.mx\/noticias\/participa-cetys-en-estudio-latinoamericano-sobre-inteligencia-artificial-en-educacion-superior\/#primaryimage"},"image":{"@id":"https:\/\/www.cetys.mx\/noticias\/participa-cetys-en-estudio-latinoamericano-sobre-inteligencia-artificial-en-educacion-superior\/#primaryimage"},"thumbnailUrl":"https:\/\/www.cetys.mx\/noticias\/wp-content\/uploads\/2026\/03\/Foto-1-2-scaled.jpg","datePublished":"2026-03-25T19:47:46+00:00","author":{"@id":"https:\/\/www.cetys.mx\/noticias\/#\/schema\/person\/1a1a88c0b6586e66a2e9e88e07afc712"},"description":"Articulo sobre Participa CETYS en estudio latinoamericano sobre inteligencia artificial en educaci\u00f3n superior","breadcrumb":{"@id":"https:\/\/www.cetys.mx\/noticias\/participa-cetys-en-estudio-latinoamericano-sobre-inteligencia-artificial-en-educacion-superior\/#breadcrumb"},"inLanguage":"es","potentialAction":[{"@type":"ReadAction","target":["https:\/\/www.cetys.mx\/noticias\/participa-cetys-en-estudio-latinoamericano-sobre-inteligencia-artificial-en-educacion-superior\/"]}]},{"@type":"ImageObject","inLanguage":"es","@id":"https:\/\/www.cetys.mx\/noticias\/participa-cetys-en-estudio-latinoamericano-sobre-inteligencia-artificial-en-educacion-superior\/#primaryimage","url":"https:\/\/www.cetys.mx\/noticias\/wp-content\/uploads\/2026\/03\/Foto-1-2-scaled.jpg","contentUrl":"https:\/\/www.cetys.mx\/noticias\/wp-content\/uploads\/2026\/03\/Foto-1-2-scaled.jpg","width":2560,"height":1707},{"@type":"BreadcrumbList","@id":"https:\/\/www.cetys.mx\/noticias\/participa-cetys-en-estudio-latinoamericano-sobre-inteligencia-artificial-en-educacion-superior\/#breadcrumb","itemListElement":[{"@type":"ListItem","position":1,"name":"Inicio","item":"https:\/\/www.cetys.mx\/noticias\/"},{"@type":"ListItem","position":2,"name":"Participa CETYS en estudio latinoamericano sobre inteligencia artificial en educaci\u00f3n superior"}]},{"@type":"WebSite","@id":"https:\/\/www.cetys.mx\/noticias\/#website","url":"https:\/\/www.cetys.mx\/noticias\/","name":"CETYS","description":"","potentialAction":[{"@type":"SearchAction","target":{"@type":"EntryPoint","urlTemplate":"https:\/\/www.cetys.mx\/noticias\/?s={search_term_string}"},"query-input":{"@type":"PropertyValueSpecification","valueRequired":true,"valueName":"search_term_string"}}],"inLanguage":"es"},{"@type":"Person","@id":"https:\/\/www.cetys.mx\/noticias\/#\/schema\/person\/1a1a88c0b6586e66a2e9e88e07afc712","name":"Campus Ensenada","url":"https:\/\/www.cetys.mx\/noticias\/author\/campusensenada\/"}]}},"_links":{"self":[{"href":"https:\/\/www.cetys.mx\/noticias\/wp-json\/wp\/v2\/posts\/221250","targetHints":{"allow":["GET"]}}],"collection":[{"href":"https:\/\/www.cetys.mx\/noticias\/wp-json\/wp\/v2\/posts"}],"about":[{"href":"https:\/\/www.cetys.mx\/noticias\/wp-json\/wp\/v2\/types\/post"}],"author":[{"embeddable":true,"href":"https:\/\/www.cetys.mx\/noticias\/wp-json\/wp\/v2\/users\/23"}],"replies":[{"embeddable":true,"href":"https:\/\/www.cetys.mx\/noticias\/wp-json\/wp\/v2\/comments?post=221250"}],"version-history":[{"count":1,"href":"https:\/\/www.cetys.mx\/noticias\/wp-json\/wp\/v2\/posts\/221250\/revisions"}],"predecessor-version":[{"id":221252,"href":"https:\/\/www.cetys.mx\/noticias\/wp-json\/wp\/v2\/posts\/221250\/revisions\/221252"}],"wp:featuredmedia":[{"embeddable":true,"href":"https:\/\/www.cetys.mx\/noticias\/wp-json\/wp\/v2\/media\/221251"}],"wp:attachment":[{"href":"https:\/\/www.cetys.mx\/noticias\/wp-json\/wp\/v2\/media?parent=221250"}],"wp:term":[{"taxonomy":"category","embeddable":true,"href":"https:\/\/www.cetys.mx\/noticias\/wp-json\/wp\/v2\/categories?post=221250"},{"taxonomy":"post_tag","embeddable":true,"href":"https:\/\/www.cetys.mx\/noticias\/wp-json\/wp\/v2\/tags?post=221250"}],"curies":[{"name":"wp","href":"https:\/\/api.w.org\/{rel}","templated":true}]}}