{"id":221192,"date":"2026-03-24T15:45:32","date_gmt":"2026-03-24T22:45:32","guid":{"rendered":"https:\/\/www.cetys.mx\/noticias\/?p=221192"},"modified":"2026-03-24T15:59:01","modified_gmt":"2026-03-24T22:59:01","slug":"foro-diseno-desde-el-origen-durante-la-xxxv-asamblea-de-encuadre-2026","status":"publish","type":"post","link":"https:\/\/www.cetys.mx\/noticias\/foro-diseno-desde-el-origen-durante-la-xxxv-asamblea-de-encuadre-2026\/","title":{"rendered":"Foro \u201cDise\u00f1o desde el Origen\u201d durante la XXXV Asamblea de ENCUADRE 2026"},"content":{"rendered":"<p><span style=\"font-weight: 400;\">En el marco de la XXXV Asamblea Ordinaria de la Asociaci\u00f3n Mexicana de Escuelas de Dise\u00f1o, ENCUADRE, celebrada en Canc\u00fan, Quintana Roo a finales de febrero de 2026, se realiz\u00f3 el foro \u201cDise\u00f1o desde el Origen. Raz\u00f3n Abierta y corresponsabilidad \u00e9tica en el dise\u00f1o\u201d, un espacio de di\u00e1logo acad\u00e9mico que reuni\u00f3 a especialistas para reflexionar sobre el sentido del dise\u00f1o ante las tecnolog\u00edas emergentes.<\/span><\/p>\n<p><span style=\"font-weight: 400;\">La Dra. Diana Robinson, profesora asociada de CETYS Universidad Campus Internacional Ensenada, y enlace del Centro de Excelencia en Competitividad y Emprendimiento de la escuela de Administraci\u00f3n y Negocios, particip\u00f3 como ponente en este foro, cuya finalidad fue, definir el papel de la raz\u00f3n abierta en el dise\u00f1o contempor\u00e1neo y construir una postura compartida sobre c\u00f3mo debe preservarse la figura del profesionista de dise\u00f1o frente a la inteligencia artificial y otras tecnolog\u00edas emergentes.<\/span><\/p>\n<p><span style=\"font-weight: 400;\">Este foro aport\u00f3 un di\u00e1logo interdisciplinario desde la perspectiva de la \u201cRaz\u00f3n abierta\u201d, entendida como una racionalidad que no se limita a lo t\u00e9cnico o instrumental, sino que integra dimensiones cient\u00edficas, filos\u00f3ficas, \u00e9ticas y culturales.\u00a0<\/span><\/p>\n<p><span style=\"font-weight: 400;\">\u201cEsta noci\u00f3n busca una s\u00edntesis de saberes que permita comprender la realidad en su totalidad, evitando tanto el reduccionismo tecnol\u00f3gico como un humanismo desconectado de la investigaci\u00f3n cient\u00edfica. Bajo este marco, las discusiones se organizaron en cuatro fases tem\u00e1ticas: marco conceptual, tecnolog\u00edas emergentes, identidad humana del dise\u00f1ador y reflexi\u00f3n \u00e9tica\u201d, explic\u00f3 la Dra. Diana Robinson.<\/span><\/p>\n<p><span style=\"font-weight: 400;\">Adem\u00e1s, la Dra. Robinson subray\u00f3 que el dise\u00f1o se entiende como una actividad situada dentro de sistemas sociales y culturales complejos, donde la pr\u00e1ctica t\u00e9cnica queda en un segundo plano. Destac\u00f3 que la profesi\u00f3n del dise\u00f1o atraviesa una transformaci\u00f3n.\u00a0<\/span><\/p>\n<p><span style=\"font-weight: 400;\">\u201cEl profesionista en dise\u00f1o es un facilitador, un estratega que construye soluciones consciente del impacto de sus decisiones, con pensamiento cr\u00edtico y capacidad de comprender su pr\u00e1ctica en di\u00e1logo con su comunidad y el contexto local, regional, nacional, e internacional. Cada decisi\u00f3n creativa se reconoce como una acci\u00f3n con implicaciones humanas y sociales, cuya responsabilidad forma parte constitutiva del ejercicio profesional\u201d. <\/span><span style=\"font-weight: 400;\">La Inteligencia Artificial (IA) debe comprenderse como una herramienta que automatiza procesos y amplifica la capacidad exploratoria, pero no sustituye la dimensi\u00f3n estrat\u00e9gica del dise\u00f1o.<\/span><\/p>\n<p><span style=\"font-weight: 400;\">En este contexto, explic\u00f3 que el rol del dise\u00f1ador evoluciona a estratega capaz de planear, interpretar y otorgar significado. Lo que permanece esencial, m\u00e1s all\u00e1 de la herramienta tecnol\u00f3gica, es la \u00e9tica, el pensamiento cr\u00edtico, la visi\u00f3n estrat\u00e9gica y la comprensi\u00f3n contextual. <\/span><span style=\"font-weight: 400;\">Asimismo, plante\u00f3 que la formaci\u00f3n en dise\u00f1o debe actualizarse para incluir el dominio de <\/span><span style=\"font-weight: 400;\">tecnolog\u00edas generativas y la comprensi\u00f3n de sus implicaciones legales y sociales, sin perder de vista la dimensi\u00f3n humanista de la disciplina.\u00a0<\/span><\/p>\n<p><span style=\"font-weight: 400;\">En lo referente a la identidad humana del dise\u00f1ador, la Dra. Robinson sostuvo que el dise\u00f1o configura imaginarios y comunica visiones del mundo. Cada interfaz, narrativa visual o sistema, transmite valores y orienta comportamientos. El profesionista en dise\u00f1o interpreta la realidad y crea experiencias que influyen en la manera en que las personas comprenden y habitan el mundo. Integra dimensiones culturales, t\u00e9cnicas, \u00e9ticas y simb\u00f3licas para construir marcos de sentido.<\/span><\/p>\n<p><span style=\"font-weight: 400;\">Advirti\u00f3 que, sin la mediaci\u00f3n del dise\u00f1o, \u201cpodr\u00edan proliferar soluciones t\u00e9cnicas descontextualizadas y carentes de responsabilidad \u00e9tica\u201d. El dise\u00f1ador(a), afirm\u00f3, coloca a la persona en el centro y dota de sentido humano a la comunicaci\u00f3n. Reflexi\u00f3n \u00e9tica La cuarta fase abord\u00f3 la reflexi\u00f3n \u00e9tica m\u00e1s all\u00e1 de normas o regulaciones. En su participaci\u00f3n, Robinson propuso principios orientadores como: el contexto, la pertenencia, la empat\u00eda, la capacidad de asombro y el empoderamiento. <\/span><span style=\"font-weight: 400;\">En este sentido, afirm\u00f3 que ning\u00fan valor debe delegarse a la tecnolog\u00eda: la t\u00e9cnica es un<\/span><span style=\"font-weight: 400;\">instrumento, y la orientaci\u00f3n \u00e9tica pertenece al sujeto.<\/span><\/p>\n<p><span style=\"font-weight: 400;\">El foro concluy\u00f3 con una invitaci\u00f3n a fortalecer la corresponsabilidad acad\u00e9mica e institucional frente a los desaf\u00edos tecnol\u00f3gicos y sent\u00f3 las bases para el di\u00e1logo y la discusi\u00f3n en mesas de trabajo, donde los integrantes de la asamblea analizaron el rumbo de la profesi\u00f3n del dise\u00f1o y los retos que enfrenta su ense\u00f1anza en las universidades de M\u00e9xico.<\/span><\/p>\n","protected":false},"excerpt":{"rendered":"<p>En el marco de la XXXV Asamblea Ordinaria de la Asociaci\u00f3n Mexicana de Escuelas de Dise\u00f1o, ENCUADRE, celebrada en Canc\u00fan, Quintana Roo&#8230;<\/p>\n","protected":false},"author":23,"featured_media":221193,"comment_status":"open","ping_status":"closed","sticky":false,"template":"","format":"standard","meta":{"footnotes":""},"categories":[110,132,313],"tags":[413,412],"class_list":["post-221192","post","type-post","status-publish","format-standard","has-post-thumbnail","hentry","category-academia","category-campus-ensenada","category-vocetys-2","tag-diseno","tag-encuadre"],"yoast_head":"<!-- This site is optimized with the Yoast SEO plugin v27.4 - https:\/\/yoast.com\/product\/yoast-seo-wordpress\/ -->\n<title>Foro \u201cDise\u00f1o desde el Origen\u201d durante la XXXV Asamblea de ENCUADRE 2026 - CETYS<\/title>\n<meta name=\"description\" content=\"Articulo sobre Foro \u201cDise\u00f1o desde el Origen\u201d durante la XXXV Asamblea de ENCUADRE 2026\" \/>\n<meta name=\"robots\" content=\"index, follow, max-snippet:-1, max-image-preview:large, max-video-preview:-1\" \/>\n<link rel=\"canonical\" href=\"https:\/\/www.cetys.mx\/noticias\/foro-diseno-desde-el-origen-durante-la-xxxv-asamblea-de-encuadre-2026\/\" \/>\n<meta property=\"og:locale\" content=\"es_MX\" \/>\n<meta property=\"og:type\" content=\"article\" \/>\n<meta property=\"og:title\" content=\"Foro \u201cDise\u00f1o desde el Origen\u201d durante la XXXV Asamblea de ENCUADRE 2026 - CETYS\" \/>\n<meta property=\"og:description\" content=\"Articulo sobre Foro \u201cDise\u00f1o desde el Origen\u201d durante la XXXV Asamblea de ENCUADRE 2026\" \/>\n<meta property=\"og:url\" content=\"https:\/\/www.cetys.mx\/noticias\/foro-diseno-desde-el-origen-durante-la-xxxv-asamblea-de-encuadre-2026\/\" \/>\n<meta property=\"og:site_name\" content=\"CETYS\" \/>\n<meta property=\"article:publisher\" content=\"https:\/\/www.facebook.com\/cetysuniversidadmxl\/\" \/>\n<meta property=\"article:published_time\" content=\"2026-03-24T22:45:32+00:00\" \/>\n<meta property=\"article:modified_time\" content=\"2026-03-24T22:59:01+00:00\" \/>\n<meta property=\"og:image\" content=\"https:\/\/www.cetys.mx\/noticias\/wp-content\/uploads\/2026\/03\/2d84a1de-cf32-4b79-89c7-6779d60ef5e4-1.jpg\" \/>\n\t<meta property=\"og:image:width\" content=\"1093\" \/>\n\t<meta property=\"og:image:height\" content=\"669\" \/>\n\t<meta property=\"og:image:type\" content=\"image\/jpeg\" \/>\n<meta name=\"author\" content=\"Campus Ensenada\" \/>\n<meta name=\"twitter:card\" content=\"summary_large_image\" \/>\n<meta name=\"twitter:creator\" content=\"@cetysuni\" \/>\n<meta name=\"twitter:site\" content=\"@cetysuni\" \/>\n<meta name=\"twitter:label1\" content=\"Escrito por\" \/>\n\t<meta name=\"twitter:data1\" content=\"Campus Ensenada\" \/>\n\t<meta name=\"twitter:label2\" content=\"Tiempo de lectura\" \/>\n\t<meta name=\"twitter:data2\" content=\"4 minutos\" \/>\n<script type=\"application\/ld+json\" class=\"yoast-schema-graph\">{\"@context\":\"https:\\\/\\\/schema.org\",\"@graph\":[{\"@type\":\"Article\",\"@id\":\"https:\\\/\\\/www.cetys.mx\\\/noticias\\\/foro-diseno-desde-el-origen-durante-la-xxxv-asamblea-de-encuadre-2026\\\/#article\",\"isPartOf\":{\"@id\":\"https:\\\/\\\/www.cetys.mx\\\/noticias\\\/foro-diseno-desde-el-origen-durante-la-xxxv-asamblea-de-encuadre-2026\\\/\"},\"author\":{\"name\":\"Campus Ensenada\",\"@id\":\"https:\\\/\\\/www.cetys.mx\\\/noticias\\\/#\\\/schema\\\/person\\\/1a1a88c0b6586e66a2e9e88e07afc712\"},\"headline\":\"Foro \u201cDise\u00f1o desde el Origen\u201d durante la XXXV Asamblea de ENCUADRE 2026\",\"datePublished\":\"2026-03-24T22:45:32+00:00\",\"dateModified\":\"2026-03-24T22:59:01+00:00\",\"mainEntityOfPage\":{\"@id\":\"https:\\\/\\\/www.cetys.mx\\\/noticias\\\/foro-diseno-desde-el-origen-durante-la-xxxv-asamblea-de-encuadre-2026\\\/\"},\"wordCount\":753,\"commentCount\":0,\"image\":{\"@id\":\"https:\\\/\\\/www.cetys.mx\\\/noticias\\\/foro-diseno-desde-el-origen-durante-la-xxxv-asamblea-de-encuadre-2026\\\/#primaryimage\"},\"thumbnailUrl\":\"https:\\\/\\\/www.cetys.mx\\\/noticias\\\/wp-content\\\/uploads\\\/2026\\\/03\\\/2d84a1de-cf32-4b79-89c7-6779d60ef5e4-1.jpg\",\"keywords\":[\"Dise\u00f1o\",\"Encuadre\"],\"articleSection\":[\"Academia\",\"Campus Ensenada\",\"VoCETYS\"],\"inLanguage\":\"es\",\"potentialAction\":[{\"@type\":\"CommentAction\",\"name\":\"Comment\",\"target\":[\"https:\\\/\\\/www.cetys.mx\\\/noticias\\\/foro-diseno-desde-el-origen-durante-la-xxxv-asamblea-de-encuadre-2026\\\/#respond\"]}]},{\"@type\":\"WebPage\",\"@id\":\"https:\\\/\\\/www.cetys.mx\\\/noticias\\\/foro-diseno-desde-el-origen-durante-la-xxxv-asamblea-de-encuadre-2026\\\/\",\"url\":\"https:\\\/\\\/www.cetys.mx\\\/noticias\\\/foro-diseno-desde-el-origen-durante-la-xxxv-asamblea-de-encuadre-2026\\\/\",\"name\":\"Foro \u201cDise\u00f1o desde el Origen\u201d durante la XXXV Asamblea de ENCUADRE 2026 - CETYS\",\"isPartOf\":{\"@id\":\"https:\\\/\\\/www.cetys.mx\\\/noticias\\\/#website\"},\"primaryImageOfPage\":{\"@id\":\"https:\\\/\\\/www.cetys.mx\\\/noticias\\\/foro-diseno-desde-el-origen-durante-la-xxxv-asamblea-de-encuadre-2026\\\/#primaryimage\"},\"image\":{\"@id\":\"https:\\\/\\\/www.cetys.mx\\\/noticias\\\/foro-diseno-desde-el-origen-durante-la-xxxv-asamblea-de-encuadre-2026\\\/#primaryimage\"},\"thumbnailUrl\":\"https:\\\/\\\/www.cetys.mx\\\/noticias\\\/wp-content\\\/uploads\\\/2026\\\/03\\\/2d84a1de-cf32-4b79-89c7-6779d60ef5e4-1.jpg\",\"datePublished\":\"2026-03-24T22:45:32+00:00\",\"dateModified\":\"2026-03-24T22:59:01+00:00\",\"author\":{\"@id\":\"https:\\\/\\\/www.cetys.mx\\\/noticias\\\/#\\\/schema\\\/person\\\/1a1a88c0b6586e66a2e9e88e07afc712\"},\"description\":\"Articulo sobre Foro \u201cDise\u00f1o desde el Origen\u201d durante la XXXV Asamblea de ENCUADRE 2026\",\"breadcrumb\":{\"@id\":\"https:\\\/\\\/www.cetys.mx\\\/noticias\\\/foro-diseno-desde-el-origen-durante-la-xxxv-asamblea-de-encuadre-2026\\\/#breadcrumb\"},\"inLanguage\":\"es\",\"potentialAction\":[{\"@type\":\"ReadAction\",\"target\":[\"https:\\\/\\\/www.cetys.mx\\\/noticias\\\/foro-diseno-desde-el-origen-durante-la-xxxv-asamblea-de-encuadre-2026\\\/\"]}]},{\"@type\":\"ImageObject\",\"inLanguage\":\"es\",\"@id\":\"https:\\\/\\\/www.cetys.mx\\\/noticias\\\/foro-diseno-desde-el-origen-durante-la-xxxv-asamblea-de-encuadre-2026\\\/#primaryimage\",\"url\":\"https:\\\/\\\/www.cetys.mx\\\/noticias\\\/wp-content\\\/uploads\\\/2026\\\/03\\\/2d84a1de-cf32-4b79-89c7-6779d60ef5e4-1.jpg\",\"contentUrl\":\"https:\\\/\\\/www.cetys.mx\\\/noticias\\\/wp-content\\\/uploads\\\/2026\\\/03\\\/2d84a1de-cf32-4b79-89c7-6779d60ef5e4-1.jpg\",\"width\":1093,\"height\":669},{\"@type\":\"BreadcrumbList\",\"@id\":\"https:\\\/\\\/www.cetys.mx\\\/noticias\\\/foro-diseno-desde-el-origen-durante-la-xxxv-asamblea-de-encuadre-2026\\\/#breadcrumb\",\"itemListElement\":[{\"@type\":\"ListItem\",\"position\":1,\"name\":\"Inicio\",\"item\":\"https:\\\/\\\/www.cetys.mx\\\/noticias\\\/\"},{\"@type\":\"ListItem\",\"position\":2,\"name\":\"Foro \u201cDise\u00f1o desde el Origen\u201d durante la XXXV Asamblea de ENCUADRE 2026\"}]},{\"@type\":\"WebSite\",\"@id\":\"https:\\\/\\\/www.cetys.mx\\\/noticias\\\/#website\",\"url\":\"https:\\\/\\\/www.cetys.mx\\\/noticias\\\/\",\"name\":\"CETYS\",\"description\":\"\",\"potentialAction\":[{\"@type\":\"SearchAction\",\"target\":{\"@type\":\"EntryPoint\",\"urlTemplate\":\"https:\\\/\\\/www.cetys.mx\\\/noticias\\\/?s={search_term_string}\"},\"query-input\":{\"@type\":\"PropertyValueSpecification\",\"valueRequired\":true,\"valueName\":\"search_term_string\"}}],\"inLanguage\":\"es\"},{\"@type\":\"Person\",\"@id\":\"https:\\\/\\\/www.cetys.mx\\\/noticias\\\/#\\\/schema\\\/person\\\/1a1a88c0b6586e66a2e9e88e07afc712\",\"name\":\"Campus Ensenada\",\"url\":\"https:\\\/\\\/www.cetys.mx\\\/noticias\\\/author\\\/campusensenada\\\/\"}]}<\/script>\n<!-- \/ Yoast SEO plugin. -->","yoast_head_json":{"title":"Foro \u201cDise\u00f1o desde el Origen\u201d durante la XXXV Asamblea de ENCUADRE 2026 - CETYS","description":"Articulo sobre Foro \u201cDise\u00f1o desde el Origen\u201d durante la XXXV Asamblea de ENCUADRE 2026","robots":{"index":"index","follow":"follow","max-snippet":"max-snippet:-1","max-image-preview":"max-image-preview:large","max-video-preview":"max-video-preview:-1"},"canonical":"https:\/\/www.cetys.mx\/noticias\/foro-diseno-desde-el-origen-durante-la-xxxv-asamblea-de-encuadre-2026\/","og_locale":"es_MX","og_type":"article","og_title":"Foro \u201cDise\u00f1o desde el Origen\u201d durante la XXXV Asamblea de ENCUADRE 2026 - CETYS","og_description":"Articulo sobre Foro \u201cDise\u00f1o desde el Origen\u201d durante la XXXV Asamblea de ENCUADRE 2026","og_url":"https:\/\/www.cetys.mx\/noticias\/foro-diseno-desde-el-origen-durante-la-xxxv-asamblea-de-encuadre-2026\/","og_site_name":"CETYS","article_publisher":"https:\/\/www.facebook.com\/cetysuniversidadmxl\/","article_published_time":"2026-03-24T22:45:32+00:00","article_modified_time":"2026-03-24T22:59:01+00:00","og_image":[{"width":1093,"height":669,"url":"https:\/\/www.cetys.mx\/noticias\/wp-content\/uploads\/2026\/03\/2d84a1de-cf32-4b79-89c7-6779d60ef5e4-1.jpg","type":"image\/jpeg"}],"author":"Campus Ensenada","twitter_card":"summary_large_image","twitter_creator":"@cetysuni","twitter_site":"@cetysuni","twitter_misc":{"Escrito por":"Campus Ensenada","Tiempo de lectura":"4 minutos"},"schema":{"@context":"https:\/\/schema.org","@graph":[{"@type":"Article","@id":"https:\/\/www.cetys.mx\/noticias\/foro-diseno-desde-el-origen-durante-la-xxxv-asamblea-de-encuadre-2026\/#article","isPartOf":{"@id":"https:\/\/www.cetys.mx\/noticias\/foro-diseno-desde-el-origen-durante-la-xxxv-asamblea-de-encuadre-2026\/"},"author":{"name":"Campus Ensenada","@id":"https:\/\/www.cetys.mx\/noticias\/#\/schema\/person\/1a1a88c0b6586e66a2e9e88e07afc712"},"headline":"Foro \u201cDise\u00f1o desde el Origen\u201d durante la XXXV Asamblea de ENCUADRE 2026","datePublished":"2026-03-24T22:45:32+00:00","dateModified":"2026-03-24T22:59:01+00:00","mainEntityOfPage":{"@id":"https:\/\/www.cetys.mx\/noticias\/foro-diseno-desde-el-origen-durante-la-xxxv-asamblea-de-encuadre-2026\/"},"wordCount":753,"commentCount":0,"image":{"@id":"https:\/\/www.cetys.mx\/noticias\/foro-diseno-desde-el-origen-durante-la-xxxv-asamblea-de-encuadre-2026\/#primaryimage"},"thumbnailUrl":"https:\/\/www.cetys.mx\/noticias\/wp-content\/uploads\/2026\/03\/2d84a1de-cf32-4b79-89c7-6779d60ef5e4-1.jpg","keywords":["Dise\u00f1o","Encuadre"],"articleSection":["Academia","Campus Ensenada","VoCETYS"],"inLanguage":"es","potentialAction":[{"@type":"CommentAction","name":"Comment","target":["https:\/\/www.cetys.mx\/noticias\/foro-diseno-desde-el-origen-durante-la-xxxv-asamblea-de-encuadre-2026\/#respond"]}]},{"@type":"WebPage","@id":"https:\/\/www.cetys.mx\/noticias\/foro-diseno-desde-el-origen-durante-la-xxxv-asamblea-de-encuadre-2026\/","url":"https:\/\/www.cetys.mx\/noticias\/foro-diseno-desde-el-origen-durante-la-xxxv-asamblea-de-encuadre-2026\/","name":"Foro \u201cDise\u00f1o desde el Origen\u201d durante la XXXV Asamblea de ENCUADRE 2026 - CETYS","isPartOf":{"@id":"https:\/\/www.cetys.mx\/noticias\/#website"},"primaryImageOfPage":{"@id":"https:\/\/www.cetys.mx\/noticias\/foro-diseno-desde-el-origen-durante-la-xxxv-asamblea-de-encuadre-2026\/#primaryimage"},"image":{"@id":"https:\/\/www.cetys.mx\/noticias\/foro-diseno-desde-el-origen-durante-la-xxxv-asamblea-de-encuadre-2026\/#primaryimage"},"thumbnailUrl":"https:\/\/www.cetys.mx\/noticias\/wp-content\/uploads\/2026\/03\/2d84a1de-cf32-4b79-89c7-6779d60ef5e4-1.jpg","datePublished":"2026-03-24T22:45:32+00:00","dateModified":"2026-03-24T22:59:01+00:00","author":{"@id":"https:\/\/www.cetys.mx\/noticias\/#\/schema\/person\/1a1a88c0b6586e66a2e9e88e07afc712"},"description":"Articulo sobre Foro \u201cDise\u00f1o desde el Origen\u201d durante la XXXV Asamblea de ENCUADRE 2026","breadcrumb":{"@id":"https:\/\/www.cetys.mx\/noticias\/foro-diseno-desde-el-origen-durante-la-xxxv-asamblea-de-encuadre-2026\/#breadcrumb"},"inLanguage":"es","potentialAction":[{"@type":"ReadAction","target":["https:\/\/www.cetys.mx\/noticias\/foro-diseno-desde-el-origen-durante-la-xxxv-asamblea-de-encuadre-2026\/"]}]},{"@type":"ImageObject","inLanguage":"es","@id":"https:\/\/www.cetys.mx\/noticias\/foro-diseno-desde-el-origen-durante-la-xxxv-asamblea-de-encuadre-2026\/#primaryimage","url":"https:\/\/www.cetys.mx\/noticias\/wp-content\/uploads\/2026\/03\/2d84a1de-cf32-4b79-89c7-6779d60ef5e4-1.jpg","contentUrl":"https:\/\/www.cetys.mx\/noticias\/wp-content\/uploads\/2026\/03\/2d84a1de-cf32-4b79-89c7-6779d60ef5e4-1.jpg","width":1093,"height":669},{"@type":"BreadcrumbList","@id":"https:\/\/www.cetys.mx\/noticias\/foro-diseno-desde-el-origen-durante-la-xxxv-asamblea-de-encuadre-2026\/#breadcrumb","itemListElement":[{"@type":"ListItem","position":1,"name":"Inicio","item":"https:\/\/www.cetys.mx\/noticias\/"},{"@type":"ListItem","position":2,"name":"Foro \u201cDise\u00f1o desde el Origen\u201d durante la XXXV Asamblea de ENCUADRE 2026"}]},{"@type":"WebSite","@id":"https:\/\/www.cetys.mx\/noticias\/#website","url":"https:\/\/www.cetys.mx\/noticias\/","name":"CETYS","description":"","potentialAction":[{"@type":"SearchAction","target":{"@type":"EntryPoint","urlTemplate":"https:\/\/www.cetys.mx\/noticias\/?s={search_term_string}"},"query-input":{"@type":"PropertyValueSpecification","valueRequired":true,"valueName":"search_term_string"}}],"inLanguage":"es"},{"@type":"Person","@id":"https:\/\/www.cetys.mx\/noticias\/#\/schema\/person\/1a1a88c0b6586e66a2e9e88e07afc712","name":"Campus Ensenada","url":"https:\/\/www.cetys.mx\/noticias\/author\/campusensenada\/"}]}},"_links":{"self":[{"href":"https:\/\/www.cetys.mx\/noticias\/wp-json\/wp\/v2\/posts\/221192","targetHints":{"allow":["GET"]}}],"collection":[{"href":"https:\/\/www.cetys.mx\/noticias\/wp-json\/wp\/v2\/posts"}],"about":[{"href":"https:\/\/www.cetys.mx\/noticias\/wp-json\/wp\/v2\/types\/post"}],"author":[{"embeddable":true,"href":"https:\/\/www.cetys.mx\/noticias\/wp-json\/wp\/v2\/users\/23"}],"replies":[{"embeddable":true,"href":"https:\/\/www.cetys.mx\/noticias\/wp-json\/wp\/v2\/comments?post=221192"}],"version-history":[{"count":2,"href":"https:\/\/www.cetys.mx\/noticias\/wp-json\/wp\/v2\/posts\/221192\/revisions"}],"predecessor-version":[{"id":221195,"href":"https:\/\/www.cetys.mx\/noticias\/wp-json\/wp\/v2\/posts\/221192\/revisions\/221195"}],"wp:featuredmedia":[{"embeddable":true,"href":"https:\/\/www.cetys.mx\/noticias\/wp-json\/wp\/v2\/media\/221193"}],"wp:attachment":[{"href":"https:\/\/www.cetys.mx\/noticias\/wp-json\/wp\/v2\/media?parent=221192"}],"wp:term":[{"taxonomy":"category","embeddable":true,"href":"https:\/\/www.cetys.mx\/noticias\/wp-json\/wp\/v2\/categories?post=221192"},{"taxonomy":"post_tag","embeddable":true,"href":"https:\/\/www.cetys.mx\/noticias\/wp-json\/wp\/v2\/tags?post=221192"}],"curies":[{"name":"wp","href":"https:\/\/api.w.org\/{rel}","templated":true}]}}