{"id":221032,"date":"2026-03-19T16:27:43","date_gmt":"2026-03-19T23:27:43","guid":{"rendered":"https:\/\/www.cetys.mx\/noticias\/?p=221032"},"modified":"2026-03-19T16:28:08","modified_gmt":"2026-03-19T23:28:08","slug":"nace-el-cisef-una-apuesta-de-cetys-por-el-impacto-social-y-el-liderazgo-femenino","status":"publish","type":"post","link":"https:\/\/www.cetys.mx\/noticias\/nace-el-cisef-una-apuesta-de-cetys-por-el-impacto-social-y-el-liderazgo-femenino\/","title":{"rendered":"Nace el CISEF,\u00a0una apuesta de CETYS por el impacto social y el liderazgo femenino"},"content":{"rendered":"<p><span style=\"font-weight: 400;\"><strong>CETYS Universidad<\/strong>, a trav\u00e9s del <em>Colegio de Administraci\u00f3n y Negocios<\/em>, present\u00f3 el<strong> Centro para el Impacto Social y el Emprendimiento Femenino (CISEF)<\/strong>, iniciativa orientada a fortalecer el desarrollo de la comunidad mediante el impulso del emprendimiento liderado por mujeres en Baja California. Este espacio surge con una visi\u00f3n integral que reconoce no solo el impacto econ\u00f3mico de las emprendedoras, sino tambi\u00e9n su capacidad para generar transformaci\u00f3n social en sus entornos, promoviendo oportunidades, innovaci\u00f3n y equidad.<\/span><\/p>\n<p><span style=\"font-weight: 400;\">La <strong>Dra. Guadalupe S\u00e1nchez V\u00e9lez<\/strong>, Directora del Colegio de Administraci\u00f3n y Negocios del Sistema CETYS, explic\u00f3 que el CISEF ser\u00e1 un espacio de aprendizaje que brindar\u00e1 recursos, herramientas y generaci\u00f3n de conocimiento para comprender mejor la realidad de las mujeres emprendedoras e incidir en su crecimiento econ\u00f3mico.<\/span><\/p>\n<p><span style=\"font-weight: 400;\">\u201cTenemos una visi\u00f3n que reconoce a las mujeres emprendedoras no s\u00f3lo como agentes econ\u00f3micos, sino como impulsoras de transformaci\u00f3n social, capaces de generar cambios significativos en sus familias y en sus entornos\u201d, expres\u00f3.<\/span><\/p>\n<p><span style=\"font-weight: 400;\">Por su parte, la <strong>Mtra. Yanina Rubio Boj\u00f3rquez,<\/strong> Directora de CETYS Universidad Campus Tijuana, subray\u00f3 que este centro representa una plataforma clave para abrir oportunidades, fortalecer capacidades y construir un futuro m\u00e1s equitativo.<\/span><\/p>\n<blockquote><p><span style=\"font-weight: 400;\">\u201cHoy m\u00e1s que nunca es importante generar espacios que impulsen el talento, la innovaci\u00f3n y la participaci\u00f3n de las mujeres en el \u00e1mbito empresarial, con un impacto significativo en nuestra comunidad\u201d, puntualiz\u00f3.<\/span><\/p><\/blockquote>\n<p><span style=\"font-weight: 400;\">El CISEF funcionar\u00e1 como un puente entre la academia y la comunidad, articulando esfuerzos de investigaci\u00f3n aplicada, vinculaci\u00f3n y formaci\u00f3n. A trav\u00e9s de la participaci\u00f3n de profesorado y estudiantes, el centro impulsar\u00e1 iniciativas pertinentes y de alto impacto, fomentando el trabajo colaborativo y el aprendizaje experiencial.<\/span><\/p>\n<p><span style=\"font-weight: 400;\">En ese sentido, el <strong>Mtro. Jaime Moncada Garibay<\/strong>, Director del Centro de Excelencia en Competitividad y Emprendimiento (CECE) del Sistema CETYS, destac\u00f3 que CETYS ya cuenta con diversos centros enfocados en la generaci\u00f3n de conocimiento, como el Centro de Investigaci\u00f3n de Estudios Econ\u00f3micos del Noroeste (CIEN), orientado al an\u00e1lisis de los retos econ\u00f3micos en la regi\u00f3n. Se\u00f1al\u00f3 que, con la incorporaci\u00f3n del CISEF, se fortalece la dimensi\u00f3n social del emprendimiento, particularmente en el impulso al talento femenino.<\/span><\/p>\n<blockquote><p><span style=\"font-weight: 400;\">\u201cEstamos impulsando diversas iniciativas para generar beneficios tangibles en estudiantes, academia y comunidad. En este caso, las mujeres emprendedoras pueden acercarse a las incubadoras de negocios de los tres campus para recibir acompa\u00f1amiento y, posteriormente, vincularse con las acciones del CISEF\u201d, coment\u00f3.<\/span><\/p><\/blockquote>\n<p><b>Desigualdad en el emprendimiento femenino<\/b><\/p>\n<p><span style=\"font-weight: 400;\">La Dra. Karina Parra Elizalde, Directora de la Escuela de Administraci\u00f3n y Negocios en CETYS Tijuana, explic\u00f3 que la creaci\u00f3n de este centro responde a un contexto donde persisten brechas importantes para las mujeres, como la desigualdad de ingresos, la alta informalidad en los emprendimientos y las limitadas oportunidades de acceso al empleo. Estas condiciones evidencian la necesidad de implementar acciones que fortalezcan sus capacidades y reduzcan las barreras estructurales, especialmente en una regi\u00f3n din\u00e1mica y compleja como la frontera.<\/span><\/p>\n<p><span style=\"font-weight: 400;\">Para atender esta realidad, el CISEF contempla diversas l\u00edneas de acci\u00f3n que incluyen proyectos de investigaci\u00f3n, programas de vinculaci\u00f3n comunitaria, formaci\u00f3n de liderazgo social y el desarrollo de un observatorio que genere informaci\u00f3n relevante sobre el emprendimiento femenino. Asimismo, se ofrecer\u00e1n talleres, acompa\u00f1amiento mediante incubaci\u00f3n y aceleraci\u00f3n de negocios, mentor\u00edas especializadas y espacios de aprendizaje que permitir\u00e1n a las participantes fortalecer sus proyectos y consolidar redes de apoyo.<\/span><\/p>\n<p><b>ESTAD\u00cdSTICA<\/b><\/p>\n<ul>\n<li style=\"font-weight: 400;\" aria-level=\"1\"><span style=\"font-weight: 400;\">Las mujeres emprendedoras ganan hasta 37% menos que los hombres emprendedores,\u00a0<\/span><\/li>\n<li style=\"font-weight: 400;\" aria-level=\"1\"><span style=\"font-weight: 400;\">5.2 millones de emprendedoras, el 82% operan en la informalidad.\u00a0<\/span><\/li>\n<li style=\"font-weight: 400;\" aria-level=\"1\"><span style=\"font-weight: 400;\">10 millones de mujeres en M\u00e9xico no tienen autonom\u00eda econ\u00f3mica y solo el 40% de toda la poblaci\u00f3n de mujeres en Tijuana tienen autonom\u00eda.<\/span><\/li>\n<\/ul>\n<div class=\"gallery-slider-wrapper gallery-1\">\n                        <div class=\"gallery-slider\" itemscope itemtype=\"http:\/\/schema.org\/ImageGallery\"><figure class=\"slide\" itemprop=\"associatedMedia\" itemscope itemtype=\"http:\/\/schema.org\/ImageObject\">\n                    <a itemprop=\"contentUrl\" href=\"https:\/\/www.cetys.mx\/noticias\/wp-content\/uploads\/2026\/03\/CETYS-MX-2026-03-19T130723.789.png\">\n                        <img decoding=\"async\" itemprop=\"thumbnail\" class=\"lazyOwl\" src=\"https:\/\/www.cetys.mx\/noticias\/wp-content\/plugins\/jmagz-plugin\/assets\/placeholder\/900x450.png\" data-src=\"https:\/\/www.cetys.mx\/noticias\/wp-content\/uploads\/2026\/03\/CETYS-MX-2026-03-19T130723.789.png\" alt=\"CETYS MX - 2026-03-19T130723.789\">\n                    <\/a>\n                    <figcaption itemprop=\"caption description\" class=\"slide-caption\">\n                        \n                    <\/figcaption>\n                <\/figure><figure class=\"slide\" itemprop=\"associatedMedia\" itemscope itemtype=\"http:\/\/schema.org\/ImageObject\">\n                    <a itemprop=\"contentUrl\" href=\"https:\/\/www.cetys.mx\/noticias\/wp-content\/uploads\/2026\/03\/WhatsApp-Image-2026-03-19-at-11.37.52-AM.jpeg\">\n                        <img decoding=\"async\" itemprop=\"thumbnail\" class=\"lazyOwl\" src=\"https:\/\/www.cetys.mx\/noticias\/wp-content\/plugins\/jmagz-plugin\/assets\/placeholder\/900x450.png\" data-src=\"https:\/\/www.cetys.mx\/noticias\/wp-content\/uploads\/2026\/03\/WhatsApp-Image-2026-03-19-at-11.37.52-AM.jpeg\" alt=\"WhatsApp Image 2026-03-19 at 11.37.52 AM\">\n                    <\/a>\n                    <figcaption itemprop=\"caption description\" class=\"slide-caption\">\n                        \n                    <\/figcaption>\n                <\/figure><figure class=\"slide\" itemprop=\"associatedMedia\" itemscope itemtype=\"http:\/\/schema.org\/ImageObject\">\n                    <a itemprop=\"contentUrl\" href=\"https:\/\/www.cetys.mx\/noticias\/wp-content\/uploads\/2026\/03\/CETYS-MX-2026-03-19T130408.460.png\">\n                        <img decoding=\"async\" itemprop=\"thumbnail\" class=\"lazyOwl\" src=\"https:\/\/www.cetys.mx\/noticias\/wp-content\/plugins\/jmagz-plugin\/assets\/placeholder\/900x450.png\" data-src=\"https:\/\/www.cetys.mx\/noticias\/wp-content\/uploads\/2026\/03\/CETYS-MX-2026-03-19T130408.460.png\" alt=\"CETYS MX - 2026-03-19T130408.460\">\n                    <\/a>\n                    <figcaption itemprop=\"caption description\" class=\"slide-caption\">\n                        \n                    <\/figcaption>\n                <\/figure><figure class=\"slide\" itemprop=\"associatedMedia\" itemscope itemtype=\"http:\/\/schema.org\/ImageObject\">\n                    <a itemprop=\"contentUrl\" href=\"https:\/\/www.cetys.mx\/noticias\/wp-content\/uploads\/2026\/03\/CETYS-MX-2026-03-19T130440.286-1.png\">\n                        <img decoding=\"async\" itemprop=\"thumbnail\" class=\"lazyOwl\" src=\"https:\/\/www.cetys.mx\/noticias\/wp-content\/plugins\/jmagz-plugin\/assets\/placeholder\/900x450.png\" data-src=\"https:\/\/www.cetys.mx\/noticias\/wp-content\/uploads\/2026\/03\/CETYS-MX-2026-03-19T130440.286-1.png\" alt=\"CETYS MX - 2026-03-19T130440.286\">\n                    <\/a>\n                    <figcaption itemprop=\"caption description\" class=\"slide-caption\">\n                        \n                    <\/figcaption>\n                <\/figure><figure class=\"slide\" itemprop=\"associatedMedia\" itemscope itemtype=\"http:\/\/schema.org\/ImageObject\">\n                    <a itemprop=\"contentUrl\" href=\"https:\/\/www.cetys.mx\/noticias\/wp-content\/uploads\/2026\/03\/CETYS-MX-2026-03-19T130821.059.png\">\n                        <img decoding=\"async\" itemprop=\"thumbnail\" class=\"lazyOwl\" src=\"https:\/\/www.cetys.mx\/noticias\/wp-content\/plugins\/jmagz-plugin\/assets\/placeholder\/900x450.png\" data-src=\"https:\/\/www.cetys.mx\/noticias\/wp-content\/uploads\/2026\/03\/CETYS-MX-2026-03-19T130821.059.png\" alt=\"CETYS MX - 2026-03-19T130821.059\">\n                    <\/a>\n                    <figcaption itemprop=\"caption description\" class=\"slide-caption\">\n                        \n                    <\/figcaption>\n                <\/figure><figure class=\"slide\" itemprop=\"associatedMedia\" itemscope itemtype=\"http:\/\/schema.org\/ImageObject\">\n                    <a itemprop=\"contentUrl\" href=\"https:\/\/www.cetys.mx\/noticias\/wp-content\/uploads\/2026\/03\/CETYS-MX-2026-03-19T130440.286.png\">\n                        <img decoding=\"async\" itemprop=\"thumbnail\" class=\"lazyOwl\" src=\"https:\/\/www.cetys.mx\/noticias\/wp-content\/plugins\/jmagz-plugin\/assets\/placeholder\/900x450.png\" data-src=\"https:\/\/www.cetys.mx\/noticias\/wp-content\/uploads\/2026\/03\/CETYS-MX-2026-03-19T130440.286.png\" alt=\"CETYS MX - 2026-03-19T130440.286\">\n                    <\/a>\n                    <figcaption itemprop=\"caption description\" class=\"slide-caption\">\n                        \n                    <\/figcaption>\n                <\/figure><\/div>\n                <div class=\"gallery-slider-thumbnail-wrapper\">\n                    <div class=\"gallery-slider-thumbnail\"><div class=\"slide-thumbnail\"><img decoding=\"async\" class=\"lazyOwl\" src=\"https:\/\/www.cetys.mx\/noticias\/wp-content\/plugins\/jmagz-plugin\/assets\/placeholder\/150x75.png\" data-src=\"https:\/\/www.cetys.mx\/noticias\/wp-content\/uploads\/2026\/03\/CETYS-MX-2026-03-19T130723.789.png\" alt=\"CETYS MX - 2026-03-19T130723.789\"><\/div><div class=\"slide-thumbnail\"><img decoding=\"async\" class=\"lazyOwl\" src=\"https:\/\/www.cetys.mx\/noticias\/wp-content\/plugins\/jmagz-plugin\/assets\/placeholder\/150x75.png\" data-src=\"https:\/\/www.cetys.mx\/noticias\/wp-content\/uploads\/2026\/03\/WhatsApp-Image-2026-03-19-at-11.37.52-AM.jpeg\" alt=\"WhatsApp Image 2026-03-19 at 11.37.52 AM\"><\/div><div class=\"slide-thumbnail\"><img decoding=\"async\" class=\"lazyOwl\" src=\"https:\/\/www.cetys.mx\/noticias\/wp-content\/plugins\/jmagz-plugin\/assets\/placeholder\/150x75.png\" data-src=\"https:\/\/www.cetys.mx\/noticias\/wp-content\/uploads\/2026\/03\/CETYS-MX-2026-03-19T130408.460.png\" alt=\"CETYS MX - 2026-03-19T130408.460\"><\/div><div class=\"slide-thumbnail\"><img decoding=\"async\" class=\"lazyOwl\" src=\"https:\/\/www.cetys.mx\/noticias\/wp-content\/plugins\/jmagz-plugin\/assets\/placeholder\/150x75.png\" data-src=\"https:\/\/www.cetys.mx\/noticias\/wp-content\/uploads\/2026\/03\/CETYS-MX-2026-03-19T130440.286-1.png\" alt=\"CETYS MX - 2026-03-19T130440.286\"><\/div><div class=\"slide-thumbnail\"><img decoding=\"async\" class=\"lazyOwl\" src=\"https:\/\/www.cetys.mx\/noticias\/wp-content\/plugins\/jmagz-plugin\/assets\/placeholder\/150x75.png\" data-src=\"https:\/\/www.cetys.mx\/noticias\/wp-content\/uploads\/2026\/03\/CETYS-MX-2026-03-19T130821.059.png\" alt=\"CETYS MX - 2026-03-19T130821.059\"><\/div><div class=\"slide-thumbnail\"><img decoding=\"async\" class=\"lazyOwl\" src=\"https:\/\/www.cetys.mx\/noticias\/wp-content\/plugins\/jmagz-plugin\/assets\/placeholder\/150x75.png\" data-src=\"https:\/\/www.cetys.mx\/noticias\/wp-content\/uploads\/2026\/03\/CETYS-MX-2026-03-19T130440.286.png\" alt=\"CETYS MX - 2026-03-19T130440.286\"><\/div><\/div><\/div><\/div>\n","protected":false},"excerpt":{"rendered":"<p>CETYS Universidad, a trav\u00e9s del Colegio de Administraci\u00f3n y Negocios, present\u00f3 el Centro para el Impacto Social y el Emprendimiento Femenino (CISEF),&#8230;<\/p>\n","protected":false},"author":26,"featured_media":221037,"comment_status":"open","ping_status":"closed","sticky":false,"template":"","format":"standard","meta":{"footnotes":""},"categories":[134,209,125],"tags":[328,204,7229,6571,7162,7290],"class_list":["post-221032","post","type-post","status-publish","format-standard","has-post-thumbnail","hentry","category-campus-tijuana","category-institucional","category-portada","tag-campustijuana","tag-cetysuniversidad","tag-incubadoraensenada","tag-incubadoramexicali","tag-incubadoratijuana","tag-inteligenciadenegocios"],"yoast_head":"<!-- This site is optimized with the Yoast SEO plugin v27.4 - https:\/\/yoast.com\/product\/yoast-seo-wordpress\/ -->\n<title>CISEF una apuesta de CETYS por el impacto social y liderazgo femenino<\/title>\n<meta name=\"description\" content=\"El CISEF de CETYS busca fortalecer el emprendimiento femenino con enfoque social, a trav\u00e9s de acompa\u00f1amiento, generaci\u00f3n de conocimiento y vinculaci\u00f3n con la comunidad.\" \/>\n<meta name=\"robots\" content=\"index, follow, max-snippet:-1, max-image-preview:large, max-video-preview:-1\" \/>\n<link rel=\"canonical\" href=\"https:\/\/www.cetys.mx\/noticias\/nace-el-cisef-una-apuesta-de-cetys-por-el-impacto-social-y-el-liderazgo-femenino\/\" \/>\n<meta property=\"og:locale\" content=\"es_MX\" \/>\n<meta property=\"og:type\" content=\"article\" \/>\n<meta property=\"og:title\" content=\"CISEF una apuesta de CETYS por el impacto social y liderazgo femenino\" \/>\n<meta property=\"og:description\" content=\"El CISEF de CETYS busca fortalecer el emprendimiento femenino con enfoque social, a trav\u00e9s de acompa\u00f1amiento, generaci\u00f3n de conocimiento y vinculaci\u00f3n con la comunidad.\" \/>\n<meta property=\"og:url\" content=\"https:\/\/www.cetys.mx\/noticias\/nace-el-cisef-una-apuesta-de-cetys-por-el-impacto-social-y-el-liderazgo-femenino\/\" \/>\n<meta property=\"og:site_name\" content=\"CETYS\" \/>\n<meta property=\"article:publisher\" content=\"https:\/\/www.facebook.com\/cetysuniversidadmxl\/\" \/>\n<meta property=\"article:published_time\" content=\"2026-03-19T23:27:43+00:00\" \/>\n<meta property=\"article:modified_time\" content=\"2026-03-19T23:28:08+00:00\" \/>\n<meta property=\"og:image\" content=\"https:\/\/www.cetys.mx\/noticias\/wp-content\/uploads\/2026\/03\/CETYS-MX-2026-03-19T130644.962.png\" \/>\n\t<meta property=\"og:image:width\" content=\"958\" \/>\n\t<meta property=\"og:image:height\" content=\"637\" \/>\n\t<meta property=\"og:image:type\" content=\"image\/png\" \/>\n<meta name=\"author\" content=\"CETYS Institucional\" \/>\n<meta name=\"twitter:card\" content=\"summary_large_image\" \/>\n<meta name=\"twitter:creator\" content=\"@cetysuni\" \/>\n<meta name=\"twitter:site\" content=\"@cetysuni\" \/>\n<meta name=\"twitter:label1\" content=\"Escrito por\" \/>\n\t<meta name=\"twitter:data1\" content=\"CETYS Institucional\" \/>\n\t<meta name=\"twitter:label2\" content=\"Tiempo de lectura\" \/>\n\t<meta name=\"twitter:data2\" content=\"3 minutos\" \/>\n<script type=\"application\/ld+json\" class=\"yoast-schema-graph\">{\"@context\":\"https:\\\/\\\/schema.org\",\"@graph\":[{\"@type\":\"Article\",\"@id\":\"https:\\\/\\\/www.cetys.mx\\\/noticias\\\/nace-el-cisef-una-apuesta-de-cetys-por-el-impacto-social-y-el-liderazgo-femenino\\\/#article\",\"isPartOf\":{\"@id\":\"https:\\\/\\\/www.cetys.mx\\\/noticias\\\/nace-el-cisef-una-apuesta-de-cetys-por-el-impacto-social-y-el-liderazgo-femenino\\\/\"},\"author\":{\"name\":\"CETYS Institucional\",\"@id\":\"https:\\\/\\\/www.cetys.mx\\\/noticias\\\/#\\\/schema\\\/person\\\/e9d2b35265b64aa454df57a2828eb2ac\"},\"headline\":\"Nace el CISEF,\u00a0una apuesta de CETYS por el impacto social y el liderazgo femenino\",\"datePublished\":\"2026-03-19T23:27:43+00:00\",\"dateModified\":\"2026-03-19T23:28:08+00:00\",\"mainEntityOfPage\":{\"@id\":\"https:\\\/\\\/www.cetys.mx\\\/noticias\\\/nace-el-cisef-una-apuesta-de-cetys-por-el-impacto-social-y-el-liderazgo-femenino\\\/\"},\"wordCount\":658,\"commentCount\":0,\"image\":{\"@id\":\"https:\\\/\\\/www.cetys.mx\\\/noticias\\\/nace-el-cisef-una-apuesta-de-cetys-por-el-impacto-social-y-el-liderazgo-femenino\\\/#primaryimage\"},\"thumbnailUrl\":\"https:\\\/\\\/www.cetys.mx\\\/noticias\\\/wp-content\\\/uploads\\\/2026\\\/03\\\/CETYS-MX-2026-03-19T130644.962.png\",\"keywords\":[\"campustijuana\",\"cetysuniversidad\",\"IncubadoraEnsenada\",\"IncubadoraMexicali\",\"IncubadoraTijuana\",\"InteligenciadeNegocios\"],\"articleSection\":[\"Campus Tijuana\",\"Institucional\",\"Portada\"],\"inLanguage\":\"es\",\"potentialAction\":[{\"@type\":\"CommentAction\",\"name\":\"Comment\",\"target\":[\"https:\\\/\\\/www.cetys.mx\\\/noticias\\\/nace-el-cisef-una-apuesta-de-cetys-por-el-impacto-social-y-el-liderazgo-femenino\\\/#respond\"]}]},{\"@type\":\"WebPage\",\"@id\":\"https:\\\/\\\/www.cetys.mx\\\/noticias\\\/nace-el-cisef-una-apuesta-de-cetys-por-el-impacto-social-y-el-liderazgo-femenino\\\/\",\"url\":\"https:\\\/\\\/www.cetys.mx\\\/noticias\\\/nace-el-cisef-una-apuesta-de-cetys-por-el-impacto-social-y-el-liderazgo-femenino\\\/\",\"name\":\"CISEF una apuesta de CETYS por el impacto social y liderazgo femenino\",\"isPartOf\":{\"@id\":\"https:\\\/\\\/www.cetys.mx\\\/noticias\\\/#website\"},\"primaryImageOfPage\":{\"@id\":\"https:\\\/\\\/www.cetys.mx\\\/noticias\\\/nace-el-cisef-una-apuesta-de-cetys-por-el-impacto-social-y-el-liderazgo-femenino\\\/#primaryimage\"},\"image\":{\"@id\":\"https:\\\/\\\/www.cetys.mx\\\/noticias\\\/nace-el-cisef-una-apuesta-de-cetys-por-el-impacto-social-y-el-liderazgo-femenino\\\/#primaryimage\"},\"thumbnailUrl\":\"https:\\\/\\\/www.cetys.mx\\\/noticias\\\/wp-content\\\/uploads\\\/2026\\\/03\\\/CETYS-MX-2026-03-19T130644.962.png\",\"datePublished\":\"2026-03-19T23:27:43+00:00\",\"dateModified\":\"2026-03-19T23:28:08+00:00\",\"author\":{\"@id\":\"https:\\\/\\\/www.cetys.mx\\\/noticias\\\/#\\\/schema\\\/person\\\/e9d2b35265b64aa454df57a2828eb2ac\"},\"description\":\"El CISEF de CETYS busca fortalecer el emprendimiento femenino con enfoque social, a trav\u00e9s de acompa\u00f1amiento, generaci\u00f3n de conocimiento y vinculaci\u00f3n con la comunidad.\",\"breadcrumb\":{\"@id\":\"https:\\\/\\\/www.cetys.mx\\\/noticias\\\/nace-el-cisef-una-apuesta-de-cetys-por-el-impacto-social-y-el-liderazgo-femenino\\\/#breadcrumb\"},\"inLanguage\":\"es\",\"potentialAction\":[{\"@type\":\"ReadAction\",\"target\":[\"https:\\\/\\\/www.cetys.mx\\\/noticias\\\/nace-el-cisef-una-apuesta-de-cetys-por-el-impacto-social-y-el-liderazgo-femenino\\\/\"]}]},{\"@type\":\"ImageObject\",\"inLanguage\":\"es\",\"@id\":\"https:\\\/\\\/www.cetys.mx\\\/noticias\\\/nace-el-cisef-una-apuesta-de-cetys-por-el-impacto-social-y-el-liderazgo-femenino\\\/#primaryimage\",\"url\":\"https:\\\/\\\/www.cetys.mx\\\/noticias\\\/wp-content\\\/uploads\\\/2026\\\/03\\\/CETYS-MX-2026-03-19T130644.962.png\",\"contentUrl\":\"https:\\\/\\\/www.cetys.mx\\\/noticias\\\/wp-content\\\/uploads\\\/2026\\\/03\\\/CETYS-MX-2026-03-19T130644.962.png\",\"width\":958,\"height\":637},{\"@type\":\"BreadcrumbList\",\"@id\":\"https:\\\/\\\/www.cetys.mx\\\/noticias\\\/nace-el-cisef-una-apuesta-de-cetys-por-el-impacto-social-y-el-liderazgo-femenino\\\/#breadcrumb\",\"itemListElement\":[{\"@type\":\"ListItem\",\"position\":1,\"name\":\"Inicio\",\"item\":\"https:\\\/\\\/www.cetys.mx\\\/noticias\\\/\"},{\"@type\":\"ListItem\",\"position\":2,\"name\":\"Nace el CISEF,\u00a0una apuesta de CETYS por el impacto social y el liderazgo femenino\"}]},{\"@type\":\"WebSite\",\"@id\":\"https:\\\/\\\/www.cetys.mx\\\/noticias\\\/#website\",\"url\":\"https:\\\/\\\/www.cetys.mx\\\/noticias\\\/\",\"name\":\"CETYS\",\"description\":\"\",\"potentialAction\":[{\"@type\":\"SearchAction\",\"target\":{\"@type\":\"EntryPoint\",\"urlTemplate\":\"https:\\\/\\\/www.cetys.mx\\\/noticias\\\/?s={search_term_string}\"},\"query-input\":{\"@type\":\"PropertyValueSpecification\",\"valueRequired\":true,\"valueName\":\"search_term_string\"}}],\"inLanguage\":\"es\"},{\"@type\":\"Person\",\"@id\":\"https:\\\/\\\/www.cetys.mx\\\/noticias\\\/#\\\/schema\\\/person\\\/e9d2b35265b64aa454df57a2828eb2ac\",\"name\":\"CETYS Institucional\",\"url\":\"https:\\\/\\\/www.cetys.mx\\\/noticias\\\/author\\\/cetysinstitucional\\\/\"}]}<\/script>\n<!-- \/ Yoast SEO plugin. -->","yoast_head_json":{"title":"CISEF una apuesta de CETYS por el impacto social y liderazgo femenino","description":"El CISEF de CETYS busca fortalecer el emprendimiento femenino con enfoque social, a trav\u00e9s de acompa\u00f1amiento, generaci\u00f3n de conocimiento y vinculaci\u00f3n con la comunidad.","robots":{"index":"index","follow":"follow","max-snippet":"max-snippet:-1","max-image-preview":"max-image-preview:large","max-video-preview":"max-video-preview:-1"},"canonical":"https:\/\/www.cetys.mx\/noticias\/nace-el-cisef-una-apuesta-de-cetys-por-el-impacto-social-y-el-liderazgo-femenino\/","og_locale":"es_MX","og_type":"article","og_title":"CISEF una apuesta de CETYS por el impacto social y liderazgo femenino","og_description":"El CISEF de CETYS busca fortalecer el emprendimiento femenino con enfoque social, a trav\u00e9s de acompa\u00f1amiento, generaci\u00f3n de conocimiento y vinculaci\u00f3n con la comunidad.","og_url":"https:\/\/www.cetys.mx\/noticias\/nace-el-cisef-una-apuesta-de-cetys-por-el-impacto-social-y-el-liderazgo-femenino\/","og_site_name":"CETYS","article_publisher":"https:\/\/www.facebook.com\/cetysuniversidadmxl\/","article_published_time":"2026-03-19T23:27:43+00:00","article_modified_time":"2026-03-19T23:28:08+00:00","og_image":[{"width":958,"height":637,"url":"https:\/\/www.cetys.mx\/noticias\/wp-content\/uploads\/2026\/03\/CETYS-MX-2026-03-19T130644.962.png","type":"image\/png"}],"author":"CETYS Institucional","twitter_card":"summary_large_image","twitter_creator":"@cetysuni","twitter_site":"@cetysuni","twitter_misc":{"Escrito por":"CETYS Institucional","Tiempo de lectura":"3 minutos"},"schema":{"@context":"https:\/\/schema.org","@graph":[{"@type":"Article","@id":"https:\/\/www.cetys.mx\/noticias\/nace-el-cisef-una-apuesta-de-cetys-por-el-impacto-social-y-el-liderazgo-femenino\/#article","isPartOf":{"@id":"https:\/\/www.cetys.mx\/noticias\/nace-el-cisef-una-apuesta-de-cetys-por-el-impacto-social-y-el-liderazgo-femenino\/"},"author":{"name":"CETYS Institucional","@id":"https:\/\/www.cetys.mx\/noticias\/#\/schema\/person\/e9d2b35265b64aa454df57a2828eb2ac"},"headline":"Nace el CISEF,\u00a0una apuesta de CETYS por el impacto social y el liderazgo femenino","datePublished":"2026-03-19T23:27:43+00:00","dateModified":"2026-03-19T23:28:08+00:00","mainEntityOfPage":{"@id":"https:\/\/www.cetys.mx\/noticias\/nace-el-cisef-una-apuesta-de-cetys-por-el-impacto-social-y-el-liderazgo-femenino\/"},"wordCount":658,"commentCount":0,"image":{"@id":"https:\/\/www.cetys.mx\/noticias\/nace-el-cisef-una-apuesta-de-cetys-por-el-impacto-social-y-el-liderazgo-femenino\/#primaryimage"},"thumbnailUrl":"https:\/\/www.cetys.mx\/noticias\/wp-content\/uploads\/2026\/03\/CETYS-MX-2026-03-19T130644.962.png","keywords":["campustijuana","cetysuniversidad","IncubadoraEnsenada","IncubadoraMexicali","IncubadoraTijuana","InteligenciadeNegocios"],"articleSection":["Campus Tijuana","Institucional","Portada"],"inLanguage":"es","potentialAction":[{"@type":"CommentAction","name":"Comment","target":["https:\/\/www.cetys.mx\/noticias\/nace-el-cisef-una-apuesta-de-cetys-por-el-impacto-social-y-el-liderazgo-femenino\/#respond"]}]},{"@type":"WebPage","@id":"https:\/\/www.cetys.mx\/noticias\/nace-el-cisef-una-apuesta-de-cetys-por-el-impacto-social-y-el-liderazgo-femenino\/","url":"https:\/\/www.cetys.mx\/noticias\/nace-el-cisef-una-apuesta-de-cetys-por-el-impacto-social-y-el-liderazgo-femenino\/","name":"CISEF una apuesta de CETYS por el impacto social y liderazgo femenino","isPartOf":{"@id":"https:\/\/www.cetys.mx\/noticias\/#website"},"primaryImageOfPage":{"@id":"https:\/\/www.cetys.mx\/noticias\/nace-el-cisef-una-apuesta-de-cetys-por-el-impacto-social-y-el-liderazgo-femenino\/#primaryimage"},"image":{"@id":"https:\/\/www.cetys.mx\/noticias\/nace-el-cisef-una-apuesta-de-cetys-por-el-impacto-social-y-el-liderazgo-femenino\/#primaryimage"},"thumbnailUrl":"https:\/\/www.cetys.mx\/noticias\/wp-content\/uploads\/2026\/03\/CETYS-MX-2026-03-19T130644.962.png","datePublished":"2026-03-19T23:27:43+00:00","dateModified":"2026-03-19T23:28:08+00:00","author":{"@id":"https:\/\/www.cetys.mx\/noticias\/#\/schema\/person\/e9d2b35265b64aa454df57a2828eb2ac"},"description":"El CISEF de CETYS busca fortalecer el emprendimiento femenino con enfoque social, a trav\u00e9s de acompa\u00f1amiento, generaci\u00f3n de conocimiento y vinculaci\u00f3n con la comunidad.","breadcrumb":{"@id":"https:\/\/www.cetys.mx\/noticias\/nace-el-cisef-una-apuesta-de-cetys-por-el-impacto-social-y-el-liderazgo-femenino\/#breadcrumb"},"inLanguage":"es","potentialAction":[{"@type":"ReadAction","target":["https:\/\/www.cetys.mx\/noticias\/nace-el-cisef-una-apuesta-de-cetys-por-el-impacto-social-y-el-liderazgo-femenino\/"]}]},{"@type":"ImageObject","inLanguage":"es","@id":"https:\/\/www.cetys.mx\/noticias\/nace-el-cisef-una-apuesta-de-cetys-por-el-impacto-social-y-el-liderazgo-femenino\/#primaryimage","url":"https:\/\/www.cetys.mx\/noticias\/wp-content\/uploads\/2026\/03\/CETYS-MX-2026-03-19T130644.962.png","contentUrl":"https:\/\/www.cetys.mx\/noticias\/wp-content\/uploads\/2026\/03\/CETYS-MX-2026-03-19T130644.962.png","width":958,"height":637},{"@type":"BreadcrumbList","@id":"https:\/\/www.cetys.mx\/noticias\/nace-el-cisef-una-apuesta-de-cetys-por-el-impacto-social-y-el-liderazgo-femenino\/#breadcrumb","itemListElement":[{"@type":"ListItem","position":1,"name":"Inicio","item":"https:\/\/www.cetys.mx\/noticias\/"},{"@type":"ListItem","position":2,"name":"Nace el CISEF,\u00a0una apuesta de CETYS por el impacto social y el liderazgo femenino"}]},{"@type":"WebSite","@id":"https:\/\/www.cetys.mx\/noticias\/#website","url":"https:\/\/www.cetys.mx\/noticias\/","name":"CETYS","description":"","potentialAction":[{"@type":"SearchAction","target":{"@type":"EntryPoint","urlTemplate":"https:\/\/www.cetys.mx\/noticias\/?s={search_term_string}"},"query-input":{"@type":"PropertyValueSpecification","valueRequired":true,"valueName":"search_term_string"}}],"inLanguage":"es"},{"@type":"Person","@id":"https:\/\/www.cetys.mx\/noticias\/#\/schema\/person\/e9d2b35265b64aa454df57a2828eb2ac","name":"CETYS Institucional","url":"https:\/\/www.cetys.mx\/noticias\/author\/cetysinstitucional\/"}]}},"_links":{"self":[{"href":"https:\/\/www.cetys.mx\/noticias\/wp-json\/wp\/v2\/posts\/221032","targetHints":{"allow":["GET"]}}],"collection":[{"href":"https:\/\/www.cetys.mx\/noticias\/wp-json\/wp\/v2\/posts"}],"about":[{"href":"https:\/\/www.cetys.mx\/noticias\/wp-json\/wp\/v2\/types\/post"}],"author":[{"embeddable":true,"href":"https:\/\/www.cetys.mx\/noticias\/wp-json\/wp\/v2\/users\/26"}],"replies":[{"embeddable":true,"href":"https:\/\/www.cetys.mx\/noticias\/wp-json\/wp\/v2\/comments?post=221032"}],"version-history":[{"count":2,"href":"https:\/\/www.cetys.mx\/noticias\/wp-json\/wp\/v2\/posts\/221032\/revisions"}],"predecessor-version":[{"id":221042,"href":"https:\/\/www.cetys.mx\/noticias\/wp-json\/wp\/v2\/posts\/221032\/revisions\/221042"}],"wp:featuredmedia":[{"embeddable":true,"href":"https:\/\/www.cetys.mx\/noticias\/wp-json\/wp\/v2\/media\/221037"}],"wp:attachment":[{"href":"https:\/\/www.cetys.mx\/noticias\/wp-json\/wp\/v2\/media?parent=221032"}],"wp:term":[{"taxonomy":"category","embeddable":true,"href":"https:\/\/www.cetys.mx\/noticias\/wp-json\/wp\/v2\/categories?post=221032"},{"taxonomy":"post_tag","embeddable":true,"href":"https:\/\/www.cetys.mx\/noticias\/wp-json\/wp\/v2\/tags?post=221032"}],"curies":[{"name":"wp","href":"https:\/\/api.w.org\/{rel}","templated":true}]}}