{"id":220764,"date":"2026-03-11T15:21:06","date_gmt":"2026-03-11T22:21:06","guid":{"rendered":"https:\/\/www.cetys.mx\/noticias\/?p=220764"},"modified":"2026-03-11T15:21:06","modified_gmt":"2026-03-11T22:21:06","slug":"estudiantes-y-docentes-de-cetys-participan-en-la-binational-youth-summit-2026-en-san-diego","status":"publish","type":"post","link":"https:\/\/www.cetys.mx\/noticias\/estudiantes-y-docentes-de-cetys-participan-en-la-binational-youth-summit-2026-en-san-diego\/","title":{"rendered":"Estudiantes y docentes de CETYS participan en la Binational Youth Summit 2026 en San Diego"},"content":{"rendered":"<p data-start=\"394\" data-end=\"716\">Estudiantes y docentes de la Preparatoria CETYS en Campus Tijuana participaron en la <strong data-start=\"505\" data-end=\"537\">Binational Youth Summit 2026<\/strong>, encuentro acad\u00e9mico que re\u00fane a j\u00f3venes de la regi\u00f3n Cali-Baja con el prop\u00f3sito de dialogar, reflexionar y proponer soluciones a retos compartidos entre M\u00e9xico y Estados Unidos.<\/p>\n<p data-start=\"718\" data-end=\"1093\">En esta edici\u00f3n, la cumbre tuvo como sede <span class=\"hover:entity-accent entity-underline inline cursor-pointer align-baseline\"><span class=\"whitespace-normal\">Southwestern College<\/span><\/span> en California y fue organizada por el <span class=\"hover:entity-accent entity-underline inline cursor-pointer align-baseline\"><span class=\"whitespace-normal\">San Diego Diplomacy Council<\/span><\/span>. Este encuentro se realiza de forma alternada en ambos lados de la frontera y convoca a instituciones educativas interesadas en fomentar el liderazgo juvenil, la colaboraci\u00f3n binacional y el entendimiento intercultural.<\/p>\n<p data-start=\"1095\" data-end=\"1333\">En total participaron m\u00e1s de 250 estudiantes y docentes de distintas escuelas de la regi\u00f3n Cali-Baja. <span class=\"hover:entity-accent entity-underline inline cursor-pointer align-baseline\"><span class=\"whitespace-normal\">CETYS Universidad<\/span><\/span> estuvo representado por estudiantes y profesores de sus tres campus: Tijuana, Mexicali y Ensenada.<\/p>\n<p data-start=\"1095\" data-end=\"1333\"><img loading=\"lazy\" decoding=\"async\" class=\" wp-image-220767 aligncenter\" src=\"https:\/\/www.cetys.mx\/noticias\/wp-content\/uploads\/2026\/03\/Binational-Youth-Summit-2026.png\" alt=\"\" width=\"514\" height=\"342\" srcset=\"https:\/\/www.cetys.mx\/noticias\/wp-content\/uploads\/2026\/03\/Binational-Youth-Summit-2026.png 958w, https:\/\/www.cetys.mx\/noticias\/wp-content\/uploads\/2026\/03\/Binational-Youth-Summit-2026-768x511.png 768w\" sizes=\"auto, (max-width: 514px) 100vw, 514px\" \/><\/p>\n<p data-start=\"1335\" data-end=\"1631\">Por parte de CETYS Preparatoria Tijuana, asistieron <strong data-start=\"1387\" data-end=\"1545\">15 estudiantes como participantes en las actividades acad\u00e9micas, 10 estudiantes voluntarios que formaron parte del equipo de apoyo del evento y 5 docentes<\/strong>, quienes acompa\u00f1aron a los alumnos y colaboraron en distintas din\u00e1micas del programa.<\/p>\n<p data-start=\"1633\" data-end=\"2003\">Durante la jornada, los participantes trabajaron en <strong data-start=\"1685\" data-end=\"1759\">m\u00f3dulos interactivos, simulaciones de diplomacia y espacios de di\u00e1logo<\/strong>, donde analizaron problem\u00e1ticas regionales y desarrollaron propuestas desde una perspectiva colaborativa y binacional. Estas actividades permiten fortalecer habilidades como el pensamiento cr\u00edtico, la comunicaci\u00f3n intercultural y el liderazgo.<\/p>\n<p data-start=\"2005\" data-end=\"2272\">La participaci\u00f3n en la <em data-start=\"2028\" data-end=\"2053\">Binational Youth Summit<\/em> representa una valiosa oportunidad para que los j\u00f3venes ampl\u00eden su perspectiva sobre los desaf\u00edos y oportunidades de la regi\u00f3n fronteriza, al tiempo que construyen redes de colaboraci\u00f3n con estudiantes de ambos pa\u00edses.<\/p>\n\n            <style type='text\/css'>\n                #gallery-1 {\n                    margin: auto;\n                }\n                #gallery-1 .gallery-item {\n                    float: left;\n                    margin-top: 10px;\n                    text-align: center;\n                    width: 33%;\n                }\n                #gallery-1 img {\n                    border: 2px solid #cfcfcf;\n                }\n                #gallery-1 .gallery-caption {\n                    margin-left: 0;\n                }\n                \/* see gallery_shortcode() in wp-includes\/media.php *\/\n            <\/style>\n\t\t<div id='gallery-1' class='gallery galleryid-220764 gallery-columns-3 gallery-size-medium'><dl class='gallery-item'>\n                <dt class='gallery-icon landscape'>\n                    <a href='https:\/\/www.cetys.mx\/noticias\/estudiantes-y-docentes-de-cetys-participan-en-la-binational-youth-summit-2026-en-san-diego\/binational-youth-summit-2026-3\/'><img loading=\"lazy\" decoding=\"async\" width=\"958\" height=\"637\" src=\"https:\/\/www.cetys.mx\/noticias\/wp-content\/uploads\/2026\/03\/Binational-Youth-Summit-2026-3.png\" class=\"attachment-medium size-medium\" alt=\"\" srcset=\"https:\/\/www.cetys.mx\/noticias\/wp-content\/uploads\/2026\/03\/Binational-Youth-Summit-2026-3.png 958w, https:\/\/www.cetys.mx\/noticias\/wp-content\/uploads\/2026\/03\/Binational-Youth-Summit-2026-3-768x511.png 768w\" sizes=\"auto, (max-width: 958px) 100vw, 958px\" \/><\/a>\n                <\/dt><\/dl><dl class='gallery-item'>\n                <dt class='gallery-icon landscape'>\n                    <a href='https:\/\/www.cetys.mx\/noticias\/estudiantes-y-docentes-de-cetys-participan-en-la-binational-youth-summit-2026-en-san-diego\/binational-youth-summit-2026-5\/'><img loading=\"lazy\" decoding=\"async\" width=\"958\" height=\"637\" src=\"https:\/\/www.cetys.mx\/noticias\/wp-content\/uploads\/2026\/03\/Binational-Youth-Summit-2026-5.png\" class=\"attachment-medium size-medium\" alt=\"\" srcset=\"https:\/\/www.cetys.mx\/noticias\/wp-content\/uploads\/2026\/03\/Binational-Youth-Summit-2026-5.png 958w, https:\/\/www.cetys.mx\/noticias\/wp-content\/uploads\/2026\/03\/Binational-Youth-Summit-2026-5-768x511.png 768w\" sizes=\"auto, (max-width: 958px) 100vw, 958px\" \/><\/a>\n                <\/dt><\/dl><dl class='gallery-item'>\n                <dt class='gallery-icon landscape'>\n                    <a href='https:\/\/www.cetys.mx\/noticias\/estudiantes-y-docentes-de-cetys-participan-en-la-binational-youth-summit-2026-en-san-diego\/binational-youth-summit-2026-4\/'><img loading=\"lazy\" decoding=\"async\" width=\"958\" height=\"637\" src=\"https:\/\/www.cetys.mx\/noticias\/wp-content\/uploads\/2026\/03\/Binational-Youth-Summit-2026-4.png\" class=\"attachment-medium size-medium\" alt=\"\" srcset=\"https:\/\/www.cetys.mx\/noticias\/wp-content\/uploads\/2026\/03\/Binational-Youth-Summit-2026-4.png 958w, https:\/\/www.cetys.mx\/noticias\/wp-content\/uploads\/2026\/03\/Binational-Youth-Summit-2026-4-768x511.png 768w\" sizes=\"auto, (max-width: 958px) 100vw, 958px\" \/><\/a>\n                <\/dt><\/dl><br style=\"clear: both\" \/>\n            <\/div>\n\n<p data-start=\"2005\" data-end=\"2272\">En 2025, CETYS Campus Tijuana fue sede del Binational Youth Summit.<\/p>\n","protected":false},"excerpt":{"rendered":"<p>Estudiantes y docentes de la Preparatoria CETYS en Campus Tijuana participaron en la Binational Youth Summit 2026, encuentro acad\u00e9mico que re\u00fane a&#8230;<\/p>\n","protected":false},"author":24,"featured_media":220768,"comment_status":"open","ping_status":"closed","sticky":false,"template":"","format":"standard","meta":{"footnotes":""},"categories":[134,125,318],"tags":[],"class_list":["post-220764","post","type-post","status-publish","format-standard","has-post-thumbnail","hentry","category-campus-tijuana","category-portada","category-preparatoria"],"yoast_head":"<!-- This site is optimized with the Yoast SEO plugin v27.4 - https:\/\/yoast.com\/product\/yoast-seo-wordpress\/ -->\n<title>Estudiantes y docentes de CETYS participan en la Binational Youth Summit 2026 en San Diego - CETYS<\/title>\n<meta name=\"description\" content=\"Articulo sobre Estudiantes y docentes de CETYS participan en la Binational Youth Summit 2026 en San Diego\" \/>\n<meta name=\"robots\" content=\"index, follow, max-snippet:-1, max-image-preview:large, max-video-preview:-1\" \/>\n<link rel=\"canonical\" href=\"https:\/\/www.cetys.mx\/noticias\/estudiantes-y-docentes-de-cetys-participan-en-la-binational-youth-summit-2026-en-san-diego\/\" \/>\n<meta property=\"og:locale\" content=\"es_MX\" \/>\n<meta property=\"og:type\" content=\"article\" \/>\n<meta property=\"og:title\" content=\"Estudiantes y docentes de CETYS participan en la Binational Youth Summit 2026 en San Diego - CETYS\" \/>\n<meta property=\"og:description\" content=\"Articulo sobre Estudiantes y docentes de CETYS participan en la Binational Youth Summit 2026 en San Diego\" \/>\n<meta property=\"og:url\" content=\"https:\/\/www.cetys.mx\/noticias\/estudiantes-y-docentes-de-cetys-participan-en-la-binational-youth-summit-2026-en-san-diego\/\" \/>\n<meta property=\"og:site_name\" content=\"CETYS\" \/>\n<meta property=\"article:publisher\" content=\"https:\/\/www.facebook.com\/cetysuniversidadmxl\/\" \/>\n<meta property=\"article:published_time\" content=\"2026-03-11T22:21:06+00:00\" \/>\n<meta property=\"og:image\" content=\"https:\/\/www.cetys.mx\/noticias\/wp-content\/uploads\/2026\/03\/Binational-Youth-Summit-2026-3.png\" \/>\n\t<meta property=\"og:image:width\" content=\"958\" \/>\n\t<meta property=\"og:image:height\" content=\"637\" \/>\n\t<meta property=\"og:image:type\" content=\"image\/png\" \/>\n<meta name=\"author\" content=\"Campus Tijuana\" \/>\n<meta name=\"twitter:card\" content=\"summary_large_image\" \/>\n<meta name=\"twitter:creator\" content=\"@cetysuni\" \/>\n<meta name=\"twitter:site\" content=\"@cetysuni\" \/>\n<meta name=\"twitter:label1\" content=\"Escrito por\" \/>\n\t<meta name=\"twitter:data1\" content=\"Campus Tijuana\" \/>\n\t<meta name=\"twitter:label2\" content=\"Tiempo de lectura\" \/>\n\t<meta name=\"twitter:data2\" content=\"1 minuto\" \/>\n<script type=\"application\/ld+json\" class=\"yoast-schema-graph\">{\"@context\":\"https:\\\/\\\/schema.org\",\"@graph\":[{\"@type\":\"Article\",\"@id\":\"https:\\\/\\\/www.cetys.mx\\\/noticias\\\/estudiantes-y-docentes-de-cetys-participan-en-la-binational-youth-summit-2026-en-san-diego\\\/#article\",\"isPartOf\":{\"@id\":\"https:\\\/\\\/www.cetys.mx\\\/noticias\\\/estudiantes-y-docentes-de-cetys-participan-en-la-binational-youth-summit-2026-en-san-diego\\\/\"},\"author\":{\"name\":\"Campus Tijuana\",\"@id\":\"https:\\\/\\\/www.cetys.mx\\\/noticias\\\/#\\\/schema\\\/person\\\/e790051ce60e18ae47cfa87011c8653f\"},\"headline\":\"Estudiantes y docentes de CETYS participan en la Binational Youth Summit 2026 en San Diego\",\"datePublished\":\"2026-03-11T22:21:06+00:00\",\"mainEntityOfPage\":{\"@id\":\"https:\\\/\\\/www.cetys.mx\\\/noticias\\\/estudiantes-y-docentes-de-cetys-participan-en-la-binational-youth-summit-2026-en-san-diego\\\/\"},\"wordCount\":301,\"commentCount\":0,\"image\":{\"@id\":\"https:\\\/\\\/www.cetys.mx\\\/noticias\\\/estudiantes-y-docentes-de-cetys-participan-en-la-binational-youth-summit-2026-en-san-diego\\\/#primaryimage\"},\"thumbnailUrl\":\"https:\\\/\\\/www.cetys.mx\\\/noticias\\\/wp-content\\\/uploads\\\/2026\\\/03\\\/Binational-Youth-Summit-2026-3.png\",\"articleSection\":[\"Campus Tijuana\",\"Portada\",\"Preparatoria\"],\"inLanguage\":\"es\",\"potentialAction\":[{\"@type\":\"CommentAction\",\"name\":\"Comment\",\"target\":[\"https:\\\/\\\/www.cetys.mx\\\/noticias\\\/estudiantes-y-docentes-de-cetys-participan-en-la-binational-youth-summit-2026-en-san-diego\\\/#respond\"]}]},{\"@type\":\"WebPage\",\"@id\":\"https:\\\/\\\/www.cetys.mx\\\/noticias\\\/estudiantes-y-docentes-de-cetys-participan-en-la-binational-youth-summit-2026-en-san-diego\\\/\",\"url\":\"https:\\\/\\\/www.cetys.mx\\\/noticias\\\/estudiantes-y-docentes-de-cetys-participan-en-la-binational-youth-summit-2026-en-san-diego\\\/\",\"name\":\"Estudiantes y docentes de CETYS participan en la Binational Youth Summit 2026 en San Diego - CETYS\",\"isPartOf\":{\"@id\":\"https:\\\/\\\/www.cetys.mx\\\/noticias\\\/#website\"},\"primaryImageOfPage\":{\"@id\":\"https:\\\/\\\/www.cetys.mx\\\/noticias\\\/estudiantes-y-docentes-de-cetys-participan-en-la-binational-youth-summit-2026-en-san-diego\\\/#primaryimage\"},\"image\":{\"@id\":\"https:\\\/\\\/www.cetys.mx\\\/noticias\\\/estudiantes-y-docentes-de-cetys-participan-en-la-binational-youth-summit-2026-en-san-diego\\\/#primaryimage\"},\"thumbnailUrl\":\"https:\\\/\\\/www.cetys.mx\\\/noticias\\\/wp-content\\\/uploads\\\/2026\\\/03\\\/Binational-Youth-Summit-2026-3.png\",\"datePublished\":\"2026-03-11T22:21:06+00:00\",\"author\":{\"@id\":\"https:\\\/\\\/www.cetys.mx\\\/noticias\\\/#\\\/schema\\\/person\\\/e790051ce60e18ae47cfa87011c8653f\"},\"description\":\"Articulo sobre Estudiantes y docentes de CETYS participan en la Binational Youth Summit 2026 en San Diego\",\"breadcrumb\":{\"@id\":\"https:\\\/\\\/www.cetys.mx\\\/noticias\\\/estudiantes-y-docentes-de-cetys-participan-en-la-binational-youth-summit-2026-en-san-diego\\\/#breadcrumb\"},\"inLanguage\":\"es\",\"potentialAction\":[{\"@type\":\"ReadAction\",\"target\":[\"https:\\\/\\\/www.cetys.mx\\\/noticias\\\/estudiantes-y-docentes-de-cetys-participan-en-la-binational-youth-summit-2026-en-san-diego\\\/\"]}]},{\"@type\":\"ImageObject\",\"inLanguage\":\"es\",\"@id\":\"https:\\\/\\\/www.cetys.mx\\\/noticias\\\/estudiantes-y-docentes-de-cetys-participan-en-la-binational-youth-summit-2026-en-san-diego\\\/#primaryimage\",\"url\":\"https:\\\/\\\/www.cetys.mx\\\/noticias\\\/wp-content\\\/uploads\\\/2026\\\/03\\\/Binational-Youth-Summit-2026-3.png\",\"contentUrl\":\"https:\\\/\\\/www.cetys.mx\\\/noticias\\\/wp-content\\\/uploads\\\/2026\\\/03\\\/Binational-Youth-Summit-2026-3.png\",\"width\":958,\"height\":637},{\"@type\":\"BreadcrumbList\",\"@id\":\"https:\\\/\\\/www.cetys.mx\\\/noticias\\\/estudiantes-y-docentes-de-cetys-participan-en-la-binational-youth-summit-2026-en-san-diego\\\/#breadcrumb\",\"itemListElement\":[{\"@type\":\"ListItem\",\"position\":1,\"name\":\"Inicio\",\"item\":\"https:\\\/\\\/www.cetys.mx\\\/noticias\\\/\"},{\"@type\":\"ListItem\",\"position\":2,\"name\":\"Estudiantes y docentes de CETYS participan en la Binational Youth Summit 2026 en San Diego\"}]},{\"@type\":\"WebSite\",\"@id\":\"https:\\\/\\\/www.cetys.mx\\\/noticias\\\/#website\",\"url\":\"https:\\\/\\\/www.cetys.mx\\\/noticias\\\/\",\"name\":\"CETYS\",\"description\":\"\",\"potentialAction\":[{\"@type\":\"SearchAction\",\"target\":{\"@type\":\"EntryPoint\",\"urlTemplate\":\"https:\\\/\\\/www.cetys.mx\\\/noticias\\\/?s={search_term_string}\"},\"query-input\":{\"@type\":\"PropertyValueSpecification\",\"valueRequired\":true,\"valueName\":\"search_term_string\"}}],\"inLanguage\":\"es\"},{\"@type\":\"Person\",\"@id\":\"https:\\\/\\\/www.cetys.mx\\\/noticias\\\/#\\\/schema\\\/person\\\/e790051ce60e18ae47cfa87011c8653f\",\"name\":\"Campus Tijuana\",\"url\":\"https:\\\/\\\/www.cetys.mx\\\/noticias\\\/author\\\/campustijuana\\\/\"}]}<\/script>\n<!-- \/ Yoast SEO plugin. -->","yoast_head_json":{"title":"Estudiantes y docentes de CETYS participan en la Binational Youth Summit 2026 en San Diego - CETYS","description":"Articulo sobre Estudiantes y docentes de CETYS participan en la Binational Youth Summit 2026 en San Diego","robots":{"index":"index","follow":"follow","max-snippet":"max-snippet:-1","max-image-preview":"max-image-preview:large","max-video-preview":"max-video-preview:-1"},"canonical":"https:\/\/www.cetys.mx\/noticias\/estudiantes-y-docentes-de-cetys-participan-en-la-binational-youth-summit-2026-en-san-diego\/","og_locale":"es_MX","og_type":"article","og_title":"Estudiantes y docentes de CETYS participan en la Binational Youth Summit 2026 en San Diego - CETYS","og_description":"Articulo sobre Estudiantes y docentes de CETYS participan en la Binational Youth Summit 2026 en San Diego","og_url":"https:\/\/www.cetys.mx\/noticias\/estudiantes-y-docentes-de-cetys-participan-en-la-binational-youth-summit-2026-en-san-diego\/","og_site_name":"CETYS","article_publisher":"https:\/\/www.facebook.com\/cetysuniversidadmxl\/","article_published_time":"2026-03-11T22:21:06+00:00","og_image":[{"width":958,"height":637,"url":"https:\/\/www.cetys.mx\/noticias\/wp-content\/uploads\/2026\/03\/Binational-Youth-Summit-2026-3.png","type":"image\/png"}],"author":"Campus Tijuana","twitter_card":"summary_large_image","twitter_creator":"@cetysuni","twitter_site":"@cetysuni","twitter_misc":{"Escrito por":"Campus Tijuana","Tiempo de lectura":"1 minuto"},"schema":{"@context":"https:\/\/schema.org","@graph":[{"@type":"Article","@id":"https:\/\/www.cetys.mx\/noticias\/estudiantes-y-docentes-de-cetys-participan-en-la-binational-youth-summit-2026-en-san-diego\/#article","isPartOf":{"@id":"https:\/\/www.cetys.mx\/noticias\/estudiantes-y-docentes-de-cetys-participan-en-la-binational-youth-summit-2026-en-san-diego\/"},"author":{"name":"Campus Tijuana","@id":"https:\/\/www.cetys.mx\/noticias\/#\/schema\/person\/e790051ce60e18ae47cfa87011c8653f"},"headline":"Estudiantes y docentes de CETYS participan en la Binational Youth Summit 2026 en San Diego","datePublished":"2026-03-11T22:21:06+00:00","mainEntityOfPage":{"@id":"https:\/\/www.cetys.mx\/noticias\/estudiantes-y-docentes-de-cetys-participan-en-la-binational-youth-summit-2026-en-san-diego\/"},"wordCount":301,"commentCount":0,"image":{"@id":"https:\/\/www.cetys.mx\/noticias\/estudiantes-y-docentes-de-cetys-participan-en-la-binational-youth-summit-2026-en-san-diego\/#primaryimage"},"thumbnailUrl":"https:\/\/www.cetys.mx\/noticias\/wp-content\/uploads\/2026\/03\/Binational-Youth-Summit-2026-3.png","articleSection":["Campus Tijuana","Portada","Preparatoria"],"inLanguage":"es","potentialAction":[{"@type":"CommentAction","name":"Comment","target":["https:\/\/www.cetys.mx\/noticias\/estudiantes-y-docentes-de-cetys-participan-en-la-binational-youth-summit-2026-en-san-diego\/#respond"]}]},{"@type":"WebPage","@id":"https:\/\/www.cetys.mx\/noticias\/estudiantes-y-docentes-de-cetys-participan-en-la-binational-youth-summit-2026-en-san-diego\/","url":"https:\/\/www.cetys.mx\/noticias\/estudiantes-y-docentes-de-cetys-participan-en-la-binational-youth-summit-2026-en-san-diego\/","name":"Estudiantes y docentes de CETYS participan en la Binational Youth Summit 2026 en San Diego - CETYS","isPartOf":{"@id":"https:\/\/www.cetys.mx\/noticias\/#website"},"primaryImageOfPage":{"@id":"https:\/\/www.cetys.mx\/noticias\/estudiantes-y-docentes-de-cetys-participan-en-la-binational-youth-summit-2026-en-san-diego\/#primaryimage"},"image":{"@id":"https:\/\/www.cetys.mx\/noticias\/estudiantes-y-docentes-de-cetys-participan-en-la-binational-youth-summit-2026-en-san-diego\/#primaryimage"},"thumbnailUrl":"https:\/\/www.cetys.mx\/noticias\/wp-content\/uploads\/2026\/03\/Binational-Youth-Summit-2026-3.png","datePublished":"2026-03-11T22:21:06+00:00","author":{"@id":"https:\/\/www.cetys.mx\/noticias\/#\/schema\/person\/e790051ce60e18ae47cfa87011c8653f"},"description":"Articulo sobre Estudiantes y docentes de CETYS participan en la Binational Youth Summit 2026 en San Diego","breadcrumb":{"@id":"https:\/\/www.cetys.mx\/noticias\/estudiantes-y-docentes-de-cetys-participan-en-la-binational-youth-summit-2026-en-san-diego\/#breadcrumb"},"inLanguage":"es","potentialAction":[{"@type":"ReadAction","target":["https:\/\/www.cetys.mx\/noticias\/estudiantes-y-docentes-de-cetys-participan-en-la-binational-youth-summit-2026-en-san-diego\/"]}]},{"@type":"ImageObject","inLanguage":"es","@id":"https:\/\/www.cetys.mx\/noticias\/estudiantes-y-docentes-de-cetys-participan-en-la-binational-youth-summit-2026-en-san-diego\/#primaryimage","url":"https:\/\/www.cetys.mx\/noticias\/wp-content\/uploads\/2026\/03\/Binational-Youth-Summit-2026-3.png","contentUrl":"https:\/\/www.cetys.mx\/noticias\/wp-content\/uploads\/2026\/03\/Binational-Youth-Summit-2026-3.png","width":958,"height":637},{"@type":"BreadcrumbList","@id":"https:\/\/www.cetys.mx\/noticias\/estudiantes-y-docentes-de-cetys-participan-en-la-binational-youth-summit-2026-en-san-diego\/#breadcrumb","itemListElement":[{"@type":"ListItem","position":1,"name":"Inicio","item":"https:\/\/www.cetys.mx\/noticias\/"},{"@type":"ListItem","position":2,"name":"Estudiantes y docentes de CETYS participan en la Binational Youth Summit 2026 en San Diego"}]},{"@type":"WebSite","@id":"https:\/\/www.cetys.mx\/noticias\/#website","url":"https:\/\/www.cetys.mx\/noticias\/","name":"CETYS","description":"","potentialAction":[{"@type":"SearchAction","target":{"@type":"EntryPoint","urlTemplate":"https:\/\/www.cetys.mx\/noticias\/?s={search_term_string}"},"query-input":{"@type":"PropertyValueSpecification","valueRequired":true,"valueName":"search_term_string"}}],"inLanguage":"es"},{"@type":"Person","@id":"https:\/\/www.cetys.mx\/noticias\/#\/schema\/person\/e790051ce60e18ae47cfa87011c8653f","name":"Campus Tijuana","url":"https:\/\/www.cetys.mx\/noticias\/author\/campustijuana\/"}]}},"_links":{"self":[{"href":"https:\/\/www.cetys.mx\/noticias\/wp-json\/wp\/v2\/posts\/220764","targetHints":{"allow":["GET"]}}],"collection":[{"href":"https:\/\/www.cetys.mx\/noticias\/wp-json\/wp\/v2\/posts"}],"about":[{"href":"https:\/\/www.cetys.mx\/noticias\/wp-json\/wp\/v2\/types\/post"}],"author":[{"embeddable":true,"href":"https:\/\/www.cetys.mx\/noticias\/wp-json\/wp\/v2\/users\/24"}],"replies":[{"embeddable":true,"href":"https:\/\/www.cetys.mx\/noticias\/wp-json\/wp\/v2\/comments?post=220764"}],"version-history":[{"count":1,"href":"https:\/\/www.cetys.mx\/noticias\/wp-json\/wp\/v2\/posts\/220764\/revisions"}],"predecessor-version":[{"id":220771,"href":"https:\/\/www.cetys.mx\/noticias\/wp-json\/wp\/v2\/posts\/220764\/revisions\/220771"}],"wp:featuredmedia":[{"embeddable":true,"href":"https:\/\/www.cetys.mx\/noticias\/wp-json\/wp\/v2\/media\/220768"}],"wp:attachment":[{"href":"https:\/\/www.cetys.mx\/noticias\/wp-json\/wp\/v2\/media?parent=220764"}],"wp:term":[{"taxonomy":"category","embeddable":true,"href":"https:\/\/www.cetys.mx\/noticias\/wp-json\/wp\/v2\/categories?post=220764"},{"taxonomy":"post_tag","embeddable":true,"href":"https:\/\/www.cetys.mx\/noticias\/wp-json\/wp\/v2\/tags?post=220764"}],"curies":[{"name":"wp","href":"https:\/\/api.w.org\/{rel}","templated":true}]}}