{"id":220721,"date":"2026-03-10T17:54:05","date_gmt":"2026-03-11T00:54:05","guid":{"rendered":"https:\/\/www.cetys.mx\/noticias\/?p=220721"},"modified":"2026-03-10T17:54:05","modified_gmt":"2026-03-11T00:54:05","slug":"videocolumna-de-la-marcha-a-los-resultados-empresas-deben-impulsar-politicas-reales-de-equidad","status":"publish","type":"post","link":"https:\/\/www.cetys.mx\/noticias\/videocolumna-de-la-marcha-a-los-resultados-empresas-deben-impulsar-politicas-reales-de-equidad\/","title":{"rendered":"Videocolumna: De la marcha a los resultados: empresas deben impulsar pol\u00edticas reales de equidad"},"content":{"rendered":"<p align=\"justify\">Uno de los principales retos para avanzar hacia la igualdad de g\u00e9nero se encuentra en el \u00e1mbito laboral, donde las empresas deben ir m\u00e1s all\u00e1 del discurso o la tendencia, y desarrollar pol\u00edticas concretas que reduzcan la brecha salarial, prevengan la violencia y generen mejores condiciones para la participaci\u00f3n de las mujeres, se\u00f1al\u00f3 la <em>acad\u00e9mica de CETYS Universidad Campus Tijuana,<\/em> <strong>Mtra. Lorena Santana Serrano.<\/strong><\/p>\n<p align=\"justify\">La especialista de la Escuela de Administraci\u00f3n y Negocios de CETYS Tijuana explic\u00f3 que en los \u00faltimos a\u00f1os el movimiento feminista ha evolucionado, ya no solo es salir a la marcha del 8M o 9M, a una nueva etapa enfocada n resultados concretos, acciones reales para mejorar las condiciones de las mujeres en los distintos \u00e1mbitos, tanto laborales, sociales, pol\u00edticos y econ\u00f3micos.<\/p>\n<blockquote>\n<p align=\"justify\">\u201cHoy se busca que las empresas desarrollen protocolos y pol\u00edticas internas que atiendan problem\u00e1ticas como la brecha salarial, la violencia laboral o las condiciones que dificultan el desarrollo profesional de las mujeres\u201d, explic\u00f3.<\/p>\n<\/blockquote>\n<p align=\"justify\">Entre las medidas que pueden adoptar las organizaciones se encuentran pol\u00edticas de equidad salarial, mecanismos de prevenci\u00f3n y atenci\u00f3n al acoso y hostigamiento laboral, as\u00ed como estrategias que permitan conciliar la vida laboral y personal. \u201cEsto \u00faltimo considerando que gran parte de las responsabilidades de cuidado, de hijos, familiares o adultos mayores, contin\u00faan recayendo principalmente en las mujeres.<\/p>\n<p align=\"justify\">La acad\u00e9mica tambi\u00e9n se\u00f1al\u00f3 que existe una diferencia importante entre las empresas que integran estas acciones de manera estructural y aquellas que \u00fanicamente se suman de forma simb\u00f3lica a la conmemoraci\u00f3n del D\u00eda Internacional de las Mujeres.<\/p>\n<blockquote>\n<p align=\"justify\">\u201cHay organizaciones que institucionalizan estas pr\u00e1cticas mediante pol\u00edticas y protocolos permanentes. Sin embargo, tambi\u00e9n hay casos donde \u00fanicamente se realizan campa\u00f1as o acciones visibles durante marzo, sin continuidad ni cambios reales en la organizaci\u00f3n\u201d, advirti\u00f3.<\/p>\n<\/blockquote>\n<div id=\"attachment_179744\" style=\"width: 360px\" class=\"wp-caption alignleft\"><img loading=\"lazy\" decoding=\"async\" aria-describedby=\"caption-attachment-179744\" class=\" wp-image-179744\" src=\"https:\/\/www.cetys.mx\/noticias\/wp-content\/uploads\/2024\/03\/mtra-lorena-santana-academica-cetys-tijuana.jpg\" alt=\"\" width=\"350\" height=\"233\" \/><p id=\"caption-attachment-179744\" class=\"wp-caption-text\">La Mtra. Lorena Santana es acad\u00e9mica de la Escuela de Administraci\u00f3n y Negocios de CETYS Tijuana<\/p><\/div>\n<p align=\"justify\">Si bien hay avances en materia de pol\u00edticas p\u00fablicas y en la visibilizaci\u00f3n de la problem\u00e1tica, los retos a\u00fan persisten.. A nivel global, datos de ONU Mujeres se\u00f1alan que una de cada tres mujeres ha sufrido alg\u00fan tipo de violencia, mientras que en M\u00e9xico cifras del INEGI indican que siete de cada diez mujeres han enfrentado alg\u00fan tipo de violencia a lo largo de su vida.<\/p>\n<p align=\"justify\">Ante este panorama, la Mtra. Lorena Santana Serrano subray\u00f3 que la construcci\u00f3n de condiciones m\u00e1s equitativas requiere un esfuerzo constante que involucre a empresas, instituciones educativas, gobiernos y sociedad en general.<\/p>\n<blockquote>\n<p align=\"justify\">\u201cEl trabajo debe ser cotidiano y colaborativo entre mujeres y hombres, impulsando pol\u00edticas p\u00fablicas, generando investigaci\u00f3n y promoviendo cambios dentro de los centros de trabajo que permitan una mayor participaci\u00f3n de las mujeres en la toma de decisiones\u201d, concluy\u00f3.<\/p>\n<\/blockquote>\n","protected":false},"excerpt":{"rendered":"<p>Uno de los principales retos para avanzar hacia la igualdad de g\u00e9nero se encuentra en el \u00e1mbito laboral, donde las empresas deben&#8230;<\/p>\n","protected":false},"author":24,"featured_media":220722,"comment_status":"open","ping_status":"closed","sticky":false,"template":"","format":"video","meta":{"footnotes":""},"categories":[134,114,125],"tags":[6520,328,6551,6477],"class_list":["post-220721","post","type-post","status-publish","format-video","has-post-thumbnail","hentry","category-campus-tijuana","category-opinion","category-portada","tag-administraciondeempresas","tag-campustijuana","tag-mercadotecniaestrategica","tag-negociosinternacionales","post_format-post-format-video"],"yoast_head":"<!-- This site is optimized with the Yoast SEO plugin v27.4 - https:\/\/yoast.com\/product\/yoast-seo-wordpress\/ -->\n<title>Videocolumna: De la marcha a los resultados: empresas deben impulsar pol\u00edticas reales de equidad - CETYS<\/title>\n<meta name=\"description\" content=\"Articulo sobre Videocolumna: De la marcha a los resultados: empresas deben impulsar pol\u00edticas reales de equidad\" \/>\n<meta name=\"robots\" content=\"index, follow, max-snippet:-1, max-image-preview:large, max-video-preview:-1\" \/>\n<link rel=\"canonical\" href=\"https:\/\/www.cetys.mx\/noticias\/videocolumna-de-la-marcha-a-los-resultados-empresas-deben-impulsar-politicas-reales-de-equidad\/\" \/>\n<meta property=\"og:locale\" content=\"es_MX\" \/>\n<meta property=\"og:type\" content=\"article\" \/>\n<meta property=\"og:title\" content=\"Videocolumna: De la marcha a los resultados: empresas deben impulsar pol\u00edticas reales de equidad - CETYS\" \/>\n<meta property=\"og:description\" content=\"Articulo sobre Videocolumna: De la marcha a los resultados: empresas deben impulsar pol\u00edticas reales de equidad\" \/>\n<meta property=\"og:url\" content=\"https:\/\/www.cetys.mx\/noticias\/videocolumna-de-la-marcha-a-los-resultados-empresas-deben-impulsar-politicas-reales-de-equidad\/\" \/>\n<meta property=\"og:site_name\" content=\"CETYS\" \/>\n<meta property=\"article:publisher\" content=\"https:\/\/www.facebook.com\/cetysuniversidadmxl\/\" \/>\n<meta property=\"article:published_time\" content=\"2026-03-11T00:54:05+00:00\" \/>\n<meta property=\"og:image\" content=\"https:\/\/www.cetys.mx\/noticias\/wp-content\/uploads\/2026\/03\/Experta-CETYS-DIa-Internacional-de-las-Mujeres.png\" \/>\n\t<meta property=\"og:image:width\" content=\"958\" \/>\n\t<meta property=\"og:image:height\" content=\"637\" \/>\n\t<meta property=\"og:image:type\" content=\"image\/png\" \/>\n<meta name=\"author\" content=\"Campus Tijuana\" \/>\n<meta name=\"twitter:card\" content=\"summary_large_image\" \/>\n<meta name=\"twitter:creator\" content=\"@cetysuni\" \/>\n<meta name=\"twitter:site\" content=\"@cetysuni\" \/>\n<meta name=\"twitter:label1\" content=\"Escrito por\" \/>\n\t<meta name=\"twitter:data1\" content=\"Campus Tijuana\" \/>\n\t<meta name=\"twitter:label2\" content=\"Tiempo de lectura\" \/>\n\t<meta name=\"twitter:data2\" content=\"2 minutos\" \/>\n<script type=\"application\/ld+json\" class=\"yoast-schema-graph\">{\"@context\":\"https:\\\/\\\/schema.org\",\"@graph\":[{\"@type\":\"Article\",\"@id\":\"https:\\\/\\\/www.cetys.mx\\\/noticias\\\/videocolumna-de-la-marcha-a-los-resultados-empresas-deben-impulsar-politicas-reales-de-equidad\\\/#article\",\"isPartOf\":{\"@id\":\"https:\\\/\\\/www.cetys.mx\\\/noticias\\\/videocolumna-de-la-marcha-a-los-resultados-empresas-deben-impulsar-politicas-reales-de-equidad\\\/\"},\"author\":{\"name\":\"Campus Tijuana\",\"@id\":\"https:\\\/\\\/www.cetys.mx\\\/noticias\\\/#\\\/schema\\\/person\\\/e790051ce60e18ae47cfa87011c8653f\"},\"headline\":\"Videocolumna: De la marcha a los resultados: empresas deben impulsar pol\u00edticas reales de equidad\",\"datePublished\":\"2026-03-11T00:54:05+00:00\",\"mainEntityOfPage\":{\"@id\":\"https:\\\/\\\/www.cetys.mx\\\/noticias\\\/videocolumna-de-la-marcha-a-los-resultados-empresas-deben-impulsar-politicas-reales-de-equidad\\\/\"},\"wordCount\":507,\"commentCount\":0,\"image\":{\"@id\":\"https:\\\/\\\/www.cetys.mx\\\/noticias\\\/videocolumna-de-la-marcha-a-los-resultados-empresas-deben-impulsar-politicas-reales-de-equidad\\\/#primaryimage\"},\"thumbnailUrl\":\"https:\\\/\\\/www.cetys.mx\\\/noticias\\\/wp-content\\\/uploads\\\/2026\\\/03\\\/Experta-CETYS-DIa-Internacional-de-las-Mujeres.png\",\"keywords\":[\"AdministraciondeEmpresas\",\"campustijuana\",\"MercadotecniaEstrategica\",\"NegociosInternacionales\"],\"articleSection\":[\"Campus Tijuana\",\"Opini\u00f3n\",\"Portada\"],\"inLanguage\":\"es\",\"potentialAction\":[{\"@type\":\"CommentAction\",\"name\":\"Comment\",\"target\":[\"https:\\\/\\\/www.cetys.mx\\\/noticias\\\/videocolumna-de-la-marcha-a-los-resultados-empresas-deben-impulsar-politicas-reales-de-equidad\\\/#respond\"]}]},{\"@type\":\"WebPage\",\"@id\":\"https:\\\/\\\/www.cetys.mx\\\/noticias\\\/videocolumna-de-la-marcha-a-los-resultados-empresas-deben-impulsar-politicas-reales-de-equidad\\\/\",\"url\":\"https:\\\/\\\/www.cetys.mx\\\/noticias\\\/videocolumna-de-la-marcha-a-los-resultados-empresas-deben-impulsar-politicas-reales-de-equidad\\\/\",\"name\":\"Videocolumna: De la marcha a los resultados: empresas deben impulsar pol\u00edticas reales de equidad - CETYS\",\"isPartOf\":{\"@id\":\"https:\\\/\\\/www.cetys.mx\\\/noticias\\\/#website\"},\"primaryImageOfPage\":{\"@id\":\"https:\\\/\\\/www.cetys.mx\\\/noticias\\\/videocolumna-de-la-marcha-a-los-resultados-empresas-deben-impulsar-politicas-reales-de-equidad\\\/#primaryimage\"},\"image\":{\"@id\":\"https:\\\/\\\/www.cetys.mx\\\/noticias\\\/videocolumna-de-la-marcha-a-los-resultados-empresas-deben-impulsar-politicas-reales-de-equidad\\\/#primaryimage\"},\"thumbnailUrl\":\"https:\\\/\\\/www.cetys.mx\\\/noticias\\\/wp-content\\\/uploads\\\/2026\\\/03\\\/Experta-CETYS-DIa-Internacional-de-las-Mujeres.png\",\"datePublished\":\"2026-03-11T00:54:05+00:00\",\"author\":{\"@id\":\"https:\\\/\\\/www.cetys.mx\\\/noticias\\\/#\\\/schema\\\/person\\\/e790051ce60e18ae47cfa87011c8653f\"},\"description\":\"Articulo sobre Videocolumna: De la marcha a los resultados: empresas deben impulsar pol\u00edticas reales de equidad\",\"breadcrumb\":{\"@id\":\"https:\\\/\\\/www.cetys.mx\\\/noticias\\\/videocolumna-de-la-marcha-a-los-resultados-empresas-deben-impulsar-politicas-reales-de-equidad\\\/#breadcrumb\"},\"inLanguage\":\"es\",\"potentialAction\":[{\"@type\":\"ReadAction\",\"target\":[\"https:\\\/\\\/www.cetys.mx\\\/noticias\\\/videocolumna-de-la-marcha-a-los-resultados-empresas-deben-impulsar-politicas-reales-de-equidad\\\/\"]}]},{\"@type\":\"ImageObject\",\"inLanguage\":\"es\",\"@id\":\"https:\\\/\\\/www.cetys.mx\\\/noticias\\\/videocolumna-de-la-marcha-a-los-resultados-empresas-deben-impulsar-politicas-reales-de-equidad\\\/#primaryimage\",\"url\":\"https:\\\/\\\/www.cetys.mx\\\/noticias\\\/wp-content\\\/uploads\\\/2026\\\/03\\\/Experta-CETYS-DIa-Internacional-de-las-Mujeres.png\",\"contentUrl\":\"https:\\\/\\\/www.cetys.mx\\\/noticias\\\/wp-content\\\/uploads\\\/2026\\\/03\\\/Experta-CETYS-DIa-Internacional-de-las-Mujeres.png\",\"width\":958,\"height\":637},{\"@type\":\"BreadcrumbList\",\"@id\":\"https:\\\/\\\/www.cetys.mx\\\/noticias\\\/videocolumna-de-la-marcha-a-los-resultados-empresas-deben-impulsar-politicas-reales-de-equidad\\\/#breadcrumb\",\"itemListElement\":[{\"@type\":\"ListItem\",\"position\":1,\"name\":\"Inicio\",\"item\":\"https:\\\/\\\/www.cetys.mx\\\/noticias\\\/\"},{\"@type\":\"ListItem\",\"position\":2,\"name\":\"Videocolumna: De la marcha a los resultados: empresas deben impulsar pol\u00edticas reales de equidad\"}]},{\"@type\":\"WebSite\",\"@id\":\"https:\\\/\\\/www.cetys.mx\\\/noticias\\\/#website\",\"url\":\"https:\\\/\\\/www.cetys.mx\\\/noticias\\\/\",\"name\":\"CETYS\",\"description\":\"\",\"potentialAction\":[{\"@type\":\"SearchAction\",\"target\":{\"@type\":\"EntryPoint\",\"urlTemplate\":\"https:\\\/\\\/www.cetys.mx\\\/noticias\\\/?s={search_term_string}\"},\"query-input\":{\"@type\":\"PropertyValueSpecification\",\"valueRequired\":true,\"valueName\":\"search_term_string\"}}],\"inLanguage\":\"es\"},{\"@type\":\"Person\",\"@id\":\"https:\\\/\\\/www.cetys.mx\\\/noticias\\\/#\\\/schema\\\/person\\\/e790051ce60e18ae47cfa87011c8653f\",\"name\":\"Campus Tijuana\",\"url\":\"https:\\\/\\\/www.cetys.mx\\\/noticias\\\/author\\\/campustijuana\\\/\"}]}<\/script>\n<!-- \/ Yoast SEO plugin. -->","yoast_head_json":{"title":"Videocolumna: De la marcha a los resultados: empresas deben impulsar pol\u00edticas reales de equidad - CETYS","description":"Articulo sobre Videocolumna: De la marcha a los resultados: empresas deben impulsar pol\u00edticas reales de equidad","robots":{"index":"index","follow":"follow","max-snippet":"max-snippet:-1","max-image-preview":"max-image-preview:large","max-video-preview":"max-video-preview:-1"},"canonical":"https:\/\/www.cetys.mx\/noticias\/videocolumna-de-la-marcha-a-los-resultados-empresas-deben-impulsar-politicas-reales-de-equidad\/","og_locale":"es_MX","og_type":"article","og_title":"Videocolumna: De la marcha a los resultados: empresas deben impulsar pol\u00edticas reales de equidad - CETYS","og_description":"Articulo sobre Videocolumna: De la marcha a los resultados: empresas deben impulsar pol\u00edticas reales de equidad","og_url":"https:\/\/www.cetys.mx\/noticias\/videocolumna-de-la-marcha-a-los-resultados-empresas-deben-impulsar-politicas-reales-de-equidad\/","og_site_name":"CETYS","article_publisher":"https:\/\/www.facebook.com\/cetysuniversidadmxl\/","article_published_time":"2026-03-11T00:54:05+00:00","og_image":[{"width":958,"height":637,"url":"https:\/\/www.cetys.mx\/noticias\/wp-content\/uploads\/2026\/03\/Experta-CETYS-DIa-Internacional-de-las-Mujeres.png","type":"image\/png"}],"author":"Campus Tijuana","twitter_card":"summary_large_image","twitter_creator":"@cetysuni","twitter_site":"@cetysuni","twitter_misc":{"Escrito por":"Campus Tijuana","Tiempo de lectura":"2 minutos"},"schema":{"@context":"https:\/\/schema.org","@graph":[{"@type":"Article","@id":"https:\/\/www.cetys.mx\/noticias\/videocolumna-de-la-marcha-a-los-resultados-empresas-deben-impulsar-politicas-reales-de-equidad\/#article","isPartOf":{"@id":"https:\/\/www.cetys.mx\/noticias\/videocolumna-de-la-marcha-a-los-resultados-empresas-deben-impulsar-politicas-reales-de-equidad\/"},"author":{"name":"Campus Tijuana","@id":"https:\/\/www.cetys.mx\/noticias\/#\/schema\/person\/e790051ce60e18ae47cfa87011c8653f"},"headline":"Videocolumna: De la marcha a los resultados: empresas deben impulsar pol\u00edticas reales de equidad","datePublished":"2026-03-11T00:54:05+00:00","mainEntityOfPage":{"@id":"https:\/\/www.cetys.mx\/noticias\/videocolumna-de-la-marcha-a-los-resultados-empresas-deben-impulsar-politicas-reales-de-equidad\/"},"wordCount":507,"commentCount":0,"image":{"@id":"https:\/\/www.cetys.mx\/noticias\/videocolumna-de-la-marcha-a-los-resultados-empresas-deben-impulsar-politicas-reales-de-equidad\/#primaryimage"},"thumbnailUrl":"https:\/\/www.cetys.mx\/noticias\/wp-content\/uploads\/2026\/03\/Experta-CETYS-DIa-Internacional-de-las-Mujeres.png","keywords":["AdministraciondeEmpresas","campustijuana","MercadotecniaEstrategica","NegociosInternacionales"],"articleSection":["Campus Tijuana","Opini\u00f3n","Portada"],"inLanguage":"es","potentialAction":[{"@type":"CommentAction","name":"Comment","target":["https:\/\/www.cetys.mx\/noticias\/videocolumna-de-la-marcha-a-los-resultados-empresas-deben-impulsar-politicas-reales-de-equidad\/#respond"]}]},{"@type":"WebPage","@id":"https:\/\/www.cetys.mx\/noticias\/videocolumna-de-la-marcha-a-los-resultados-empresas-deben-impulsar-politicas-reales-de-equidad\/","url":"https:\/\/www.cetys.mx\/noticias\/videocolumna-de-la-marcha-a-los-resultados-empresas-deben-impulsar-politicas-reales-de-equidad\/","name":"Videocolumna: De la marcha a los resultados: empresas deben impulsar pol\u00edticas reales de equidad - CETYS","isPartOf":{"@id":"https:\/\/www.cetys.mx\/noticias\/#website"},"primaryImageOfPage":{"@id":"https:\/\/www.cetys.mx\/noticias\/videocolumna-de-la-marcha-a-los-resultados-empresas-deben-impulsar-politicas-reales-de-equidad\/#primaryimage"},"image":{"@id":"https:\/\/www.cetys.mx\/noticias\/videocolumna-de-la-marcha-a-los-resultados-empresas-deben-impulsar-politicas-reales-de-equidad\/#primaryimage"},"thumbnailUrl":"https:\/\/www.cetys.mx\/noticias\/wp-content\/uploads\/2026\/03\/Experta-CETYS-DIa-Internacional-de-las-Mujeres.png","datePublished":"2026-03-11T00:54:05+00:00","author":{"@id":"https:\/\/www.cetys.mx\/noticias\/#\/schema\/person\/e790051ce60e18ae47cfa87011c8653f"},"description":"Articulo sobre Videocolumna: De la marcha a los resultados: empresas deben impulsar pol\u00edticas reales de equidad","breadcrumb":{"@id":"https:\/\/www.cetys.mx\/noticias\/videocolumna-de-la-marcha-a-los-resultados-empresas-deben-impulsar-politicas-reales-de-equidad\/#breadcrumb"},"inLanguage":"es","potentialAction":[{"@type":"ReadAction","target":["https:\/\/www.cetys.mx\/noticias\/videocolumna-de-la-marcha-a-los-resultados-empresas-deben-impulsar-politicas-reales-de-equidad\/"]}]},{"@type":"ImageObject","inLanguage":"es","@id":"https:\/\/www.cetys.mx\/noticias\/videocolumna-de-la-marcha-a-los-resultados-empresas-deben-impulsar-politicas-reales-de-equidad\/#primaryimage","url":"https:\/\/www.cetys.mx\/noticias\/wp-content\/uploads\/2026\/03\/Experta-CETYS-DIa-Internacional-de-las-Mujeres.png","contentUrl":"https:\/\/www.cetys.mx\/noticias\/wp-content\/uploads\/2026\/03\/Experta-CETYS-DIa-Internacional-de-las-Mujeres.png","width":958,"height":637},{"@type":"BreadcrumbList","@id":"https:\/\/www.cetys.mx\/noticias\/videocolumna-de-la-marcha-a-los-resultados-empresas-deben-impulsar-politicas-reales-de-equidad\/#breadcrumb","itemListElement":[{"@type":"ListItem","position":1,"name":"Inicio","item":"https:\/\/www.cetys.mx\/noticias\/"},{"@type":"ListItem","position":2,"name":"Videocolumna: De la marcha a los resultados: empresas deben impulsar pol\u00edticas reales de equidad"}]},{"@type":"WebSite","@id":"https:\/\/www.cetys.mx\/noticias\/#website","url":"https:\/\/www.cetys.mx\/noticias\/","name":"CETYS","description":"","potentialAction":[{"@type":"SearchAction","target":{"@type":"EntryPoint","urlTemplate":"https:\/\/www.cetys.mx\/noticias\/?s={search_term_string}"},"query-input":{"@type":"PropertyValueSpecification","valueRequired":true,"valueName":"search_term_string"}}],"inLanguage":"es"},{"@type":"Person","@id":"https:\/\/www.cetys.mx\/noticias\/#\/schema\/person\/e790051ce60e18ae47cfa87011c8653f","name":"Campus Tijuana","url":"https:\/\/www.cetys.mx\/noticias\/author\/campustijuana\/"}]}},"_links":{"self":[{"href":"https:\/\/www.cetys.mx\/noticias\/wp-json\/wp\/v2\/posts\/220721","targetHints":{"allow":["GET"]}}],"collection":[{"href":"https:\/\/www.cetys.mx\/noticias\/wp-json\/wp\/v2\/posts"}],"about":[{"href":"https:\/\/www.cetys.mx\/noticias\/wp-json\/wp\/v2\/types\/post"}],"author":[{"embeddable":true,"href":"https:\/\/www.cetys.mx\/noticias\/wp-json\/wp\/v2\/users\/24"}],"replies":[{"embeddable":true,"href":"https:\/\/www.cetys.mx\/noticias\/wp-json\/wp\/v2\/comments?post=220721"}],"version-history":[{"count":1,"href":"https:\/\/www.cetys.mx\/noticias\/wp-json\/wp\/v2\/posts\/220721\/revisions"}],"predecessor-version":[{"id":220723,"href":"https:\/\/www.cetys.mx\/noticias\/wp-json\/wp\/v2\/posts\/220721\/revisions\/220723"}],"wp:featuredmedia":[{"embeddable":true,"href":"https:\/\/www.cetys.mx\/noticias\/wp-json\/wp\/v2\/media\/220722"}],"wp:attachment":[{"href":"https:\/\/www.cetys.mx\/noticias\/wp-json\/wp\/v2\/media?parent=220721"}],"wp:term":[{"taxonomy":"category","embeddable":true,"href":"https:\/\/www.cetys.mx\/noticias\/wp-json\/wp\/v2\/categories?post=220721"},{"taxonomy":"post_tag","embeddable":true,"href":"https:\/\/www.cetys.mx\/noticias\/wp-json\/wp\/v2\/tags?post=220721"}],"curies":[{"name":"wp","href":"https:\/\/api.w.org\/{rel}","templated":true}]}}