{"id":220658,"date":"2026-02-26T17:17:02","date_gmt":"2026-02-27T01:17:02","guid":{"rendered":"https:\/\/www.cetys.mx\/noticias\/?p=220658"},"modified":"2026-03-09T17:20:40","modified_gmt":"2026-03-10T00:20:40","slug":"cetys-ensenada-impulsa-el-presente-y-futuro-cientifico-con-el-programa-semilleros-de-investigacion","status":"publish","type":"post","link":"https:\/\/www.cetys.mx\/noticias\/cetys-ensenada-impulsa-el-presente-y-futuro-cientifico-con-el-programa-semilleros-de-investigacion\/","title":{"rendered":"CETYS Ensenada impulsa el presente y futuro cient\u00edfico con el Programa Semilleros de Investigaci\u00f3n"},"content":{"rendered":"<p><span style=\"font-weight: 400;\">Con el objetivo de fortalecer las habilidades de investigaci\u00f3n, liderazgo y responsabilidad social<\/span> <span style=\"font-weight: 400;\">CETYS Universidad Campus Internacional Ensenada, por medio de la Coordinaci\u00f3n Institucional de Investigaci\u00f3n, arranc\u00f3 el Programa Semilleros de Investigaci\u00f3n para el ciclo 2026- 1. Este programa inicia despu\u00e9s de un proceso de selecci\u00f3n y an\u00e1lisis de potenciales colaboraciones de las escuelas de Ingenier\u00eda y Administraci\u00f3n y Negocios, 48 estudiantes de licenciatura y 8 profesores asesores participar\u00e1n en el programa.<\/span><\/p>\n<p><span style=\"font-weight: 400;\">\u201cEste programa est\u00e1 ligado a las Competencias Distintivas de la Educaci\u00f3n CETYS (CODEC), de manera que al participar, los estudiantes no solo desarrollar\u00e1n y\/o fortalecer\u00e1n habilidades duras de investigaci\u00f3n por medio de diversas capacitaciones, pl\u00e1ticas, talleres, proyectos espec\u00edficos, colaboraciones con otras universidades y actividades formadoras, sino tambi\u00e9n aspectos como liderazgo, responsabilidad social, capacidad de aprendizaje permanente, pensamiento cr\u00edtico y trabajo colaborativo\u201d, explic\u00f3 el Dr. Josu\u00e9 L\u00f3pez, docente del Colegio de Ingenier\u00eda y Coordinador del programa Semilleros de Investigaci\u00f3n.<\/span><\/p>\n<p><span style=\"font-weight: 400;\">Respecto a lo anterior, coment\u00f3 que este a\u00f1o, \u201clas convocatorias dirigidas a estudiantes y docentes han dado frutos excepcionales\u201d. Es importante destacar que esta convergencia de saberes no es accidental, ya que la visi\u00f3n de la Dra. Cecilia Osuna Lever, Coordinadora Institucional de Investigaci\u00f3n, y del Dr. Josu\u00e9 Aar\u00f3n L\u00f3pez Leyva, Coordinador del Programa, enfatiza que los grandes retos de la actualidad no pueden resolverse desde una sola perspectiva.\u00a0<\/span><\/p>\n<p><span style=\"font-weight: 400;\">En particular, en esta primera etapa en el Campus, la participaci\u00f3n de los estudiantes ser\u00e1 amplia, ya que 4 estudiantes ser\u00e1n asistentes de investigaci\u00f3n en proyectos apoyados por la 7ma. Convocatoria interna para el financiamiento a proyectos de investigaci\u00f3n y de desarrollo tecnol\u00f3gico 2025-2026.\u00a0<\/span><\/p>\n<p><span style=\"font-weight: 400;\">Mientras que 34 estudiantes desarrollar\u00e1n proyectos de investigaci\u00f3n orientados por los profesores asesores en el marco de asignaturas. Al final de este semestre, se espera una reuni\u00f3n donde se mostrar\u00e1n los resultados de los diversos proyectos y del programa general. De esta manera, CETYS Universidad demuestra que su misi\u00f3n de formar seres humanos y profesionistas se alcanza m\u00e1s all\u00e1 de los l\u00edmites de las aulas.<\/span><\/p>\n<p><span style=\"font-weight: 400;\">Gracias a lo anterior, el trabajo interdisciplinario entre ingenieros y licenciados, as\u00ed como la retroalimentaci\u00f3n de los asesores de diversas disciplinas, permitir\u00e1 formar mejores personas y profesionales que propongan, dise\u00f1en y desarrollen proyectos que tengan un impacto integral.<\/span><\/p>\n<p><img loading=\"lazy\" decoding=\"async\" class=\"alignnone size-full wp-image-220664\" src=\"https:\/\/www.cetys.mx\/noticias\/wp-content\/uploads\/2026\/03\/FOTO-1-4-scaled.jpg\" alt=\"\" width=\"2560\" height=\"1707\" srcset=\"https:\/\/www.cetys.mx\/noticias\/wp-content\/uploads\/2026\/03\/FOTO-1-4-scaled.jpg 2560w, https:\/\/www.cetys.mx\/noticias\/wp-content\/uploads\/2026\/03\/FOTO-1-4-768x512.jpg 768w, https:\/\/www.cetys.mx\/noticias\/wp-content\/uploads\/2026\/03\/FOTO-1-4-1536x1024.jpg 1536w, https:\/\/www.cetys.mx\/noticias\/wp-content\/uploads\/2026\/03\/FOTO-1-4-2048x1365.jpg 2048w\" sizes=\"auto, (max-width: 2560px) 100vw, 2560px\" \/><\/p>\n","protected":false},"excerpt":{"rendered":"<p>Con el objetivo de fortalecer las habilidades de investigaci\u00f3n, liderazgo y responsabilidad social CETYS Universidad Campus Internacional Ensenada, por medio de la&#8230;<\/p>\n","protected":false},"author":23,"featured_media":220663,"comment_status":"open","ping_status":"closed","sticky":false,"template":"","format":"standard","meta":{"footnotes":""},"categories":[132,125,313],"tags":[],"class_list":["post-220658","post","type-post","status-publish","format-standard","has-post-thumbnail","hentry","category-campus-ensenada","category-portada","category-vocetys-2"],"yoast_head":"<!-- This site is optimized with the Yoast SEO plugin v27.4 - https:\/\/yoast.com\/product\/yoast-seo-wordpress\/ -->\n<title>CETYS Ensenada impulsa el presente y futuro cient\u00edfico con el Programa Semilleros de Investigaci\u00f3n - CETYS<\/title>\n<meta name=\"description\" content=\"Articulo sobre CETYS Ensenada impulsa el presente y futuro cient\u00edfico con el Programa Semilleros de Investigaci\u00f3n\" \/>\n<meta name=\"robots\" content=\"index, follow, max-snippet:-1, max-image-preview:large, max-video-preview:-1\" \/>\n<link rel=\"canonical\" href=\"https:\/\/www.cetys.mx\/noticias\/cetys-ensenada-impulsa-el-presente-y-futuro-cientifico-con-el-programa-semilleros-de-investigacion\/\" \/>\n<meta property=\"og:locale\" content=\"es_MX\" \/>\n<meta property=\"og:type\" content=\"article\" \/>\n<meta property=\"og:title\" content=\"CETYS Ensenada impulsa el presente y futuro cient\u00edfico con el Programa Semilleros de Investigaci\u00f3n - CETYS\" \/>\n<meta property=\"og:description\" content=\"Articulo sobre CETYS Ensenada impulsa el presente y futuro cient\u00edfico con el Programa Semilleros de Investigaci\u00f3n\" \/>\n<meta property=\"og:url\" content=\"https:\/\/www.cetys.mx\/noticias\/cetys-ensenada-impulsa-el-presente-y-futuro-cientifico-con-el-programa-semilleros-de-investigacion\/\" \/>\n<meta property=\"og:site_name\" content=\"CETYS\" \/>\n<meta property=\"article:publisher\" content=\"https:\/\/www.facebook.com\/cetysuniversidadmxl\/\" \/>\n<meta property=\"article:published_time\" content=\"2026-02-27T01:17:02+00:00\" \/>\n<meta property=\"article:modified_time\" content=\"2026-03-10T00:20:40+00:00\" \/>\n<meta property=\"og:image\" content=\"https:\/\/www.cetys.mx\/noticias\/wp-content\/uploads\/2026\/03\/FOTO-2-5-scaled.jpg\" \/>\n\t<meta property=\"og:image:width\" content=\"2560\" \/>\n\t<meta property=\"og:image:height\" content=\"1707\" \/>\n\t<meta property=\"og:image:type\" content=\"image\/jpeg\" \/>\n<meta name=\"author\" content=\"Campus Ensenada\" \/>\n<meta name=\"twitter:card\" content=\"summary_large_image\" \/>\n<meta name=\"twitter:creator\" content=\"@cetysuni\" \/>\n<meta name=\"twitter:site\" content=\"@cetysuni\" \/>\n<meta name=\"twitter:label1\" content=\"Escrito por\" \/>\n\t<meta name=\"twitter:data1\" content=\"Campus Ensenada\" \/>\n\t<meta name=\"twitter:label2\" content=\"Tiempo de lectura\" \/>\n\t<meta name=\"twitter:data2\" content=\"2 minutos\" \/>\n<script type=\"application\/ld+json\" class=\"yoast-schema-graph\">{\"@context\":\"https:\\\/\\\/schema.org\",\"@graph\":[{\"@type\":\"Article\",\"@id\":\"https:\\\/\\\/www.cetys.mx\\\/noticias\\\/cetys-ensenada-impulsa-el-presente-y-futuro-cientifico-con-el-programa-semilleros-de-investigacion\\\/#article\",\"isPartOf\":{\"@id\":\"https:\\\/\\\/www.cetys.mx\\\/noticias\\\/cetys-ensenada-impulsa-el-presente-y-futuro-cientifico-con-el-programa-semilleros-de-investigacion\\\/\"},\"author\":{\"name\":\"Campus Ensenada\",\"@id\":\"https:\\\/\\\/www.cetys.mx\\\/noticias\\\/#\\\/schema\\\/person\\\/1a1a88c0b6586e66a2e9e88e07afc712\"},\"headline\":\"CETYS Ensenada impulsa el presente y futuro cient\u00edfico con el Programa Semilleros de Investigaci\u00f3n\",\"datePublished\":\"2026-02-27T01:17:02+00:00\",\"dateModified\":\"2026-03-10T00:20:40+00:00\",\"mainEntityOfPage\":{\"@id\":\"https:\\\/\\\/www.cetys.mx\\\/noticias\\\/cetys-ensenada-impulsa-el-presente-y-futuro-cientifico-con-el-programa-semilleros-de-investigacion\\\/\"},\"wordCount\":418,\"commentCount\":0,\"image\":{\"@id\":\"https:\\\/\\\/www.cetys.mx\\\/noticias\\\/cetys-ensenada-impulsa-el-presente-y-futuro-cientifico-con-el-programa-semilleros-de-investigacion\\\/#primaryimage\"},\"thumbnailUrl\":\"https:\\\/\\\/www.cetys.mx\\\/noticias\\\/wp-content\\\/uploads\\\/2026\\\/03\\\/FOTO-2-5-scaled.jpg\",\"articleSection\":[\"Campus Ensenada\",\"Portada\",\"VoCETYS\"],\"inLanguage\":\"es\",\"potentialAction\":[{\"@type\":\"CommentAction\",\"name\":\"Comment\",\"target\":[\"https:\\\/\\\/www.cetys.mx\\\/noticias\\\/cetys-ensenada-impulsa-el-presente-y-futuro-cientifico-con-el-programa-semilleros-de-investigacion\\\/#respond\"]}]},{\"@type\":\"WebPage\",\"@id\":\"https:\\\/\\\/www.cetys.mx\\\/noticias\\\/cetys-ensenada-impulsa-el-presente-y-futuro-cientifico-con-el-programa-semilleros-de-investigacion\\\/\",\"url\":\"https:\\\/\\\/www.cetys.mx\\\/noticias\\\/cetys-ensenada-impulsa-el-presente-y-futuro-cientifico-con-el-programa-semilleros-de-investigacion\\\/\",\"name\":\"CETYS Ensenada impulsa el presente y futuro cient\u00edfico con el Programa Semilleros de Investigaci\u00f3n - CETYS\",\"isPartOf\":{\"@id\":\"https:\\\/\\\/www.cetys.mx\\\/noticias\\\/#website\"},\"primaryImageOfPage\":{\"@id\":\"https:\\\/\\\/www.cetys.mx\\\/noticias\\\/cetys-ensenada-impulsa-el-presente-y-futuro-cientifico-con-el-programa-semilleros-de-investigacion\\\/#primaryimage\"},\"image\":{\"@id\":\"https:\\\/\\\/www.cetys.mx\\\/noticias\\\/cetys-ensenada-impulsa-el-presente-y-futuro-cientifico-con-el-programa-semilleros-de-investigacion\\\/#primaryimage\"},\"thumbnailUrl\":\"https:\\\/\\\/www.cetys.mx\\\/noticias\\\/wp-content\\\/uploads\\\/2026\\\/03\\\/FOTO-2-5-scaled.jpg\",\"datePublished\":\"2026-02-27T01:17:02+00:00\",\"dateModified\":\"2026-03-10T00:20:40+00:00\",\"author\":{\"@id\":\"https:\\\/\\\/www.cetys.mx\\\/noticias\\\/#\\\/schema\\\/person\\\/1a1a88c0b6586e66a2e9e88e07afc712\"},\"description\":\"Articulo sobre CETYS Ensenada impulsa el presente y futuro cient\u00edfico con el Programa Semilleros de Investigaci\u00f3n\",\"breadcrumb\":{\"@id\":\"https:\\\/\\\/www.cetys.mx\\\/noticias\\\/cetys-ensenada-impulsa-el-presente-y-futuro-cientifico-con-el-programa-semilleros-de-investigacion\\\/#breadcrumb\"},\"inLanguage\":\"es\",\"potentialAction\":[{\"@type\":\"ReadAction\",\"target\":[\"https:\\\/\\\/www.cetys.mx\\\/noticias\\\/cetys-ensenada-impulsa-el-presente-y-futuro-cientifico-con-el-programa-semilleros-de-investigacion\\\/\"]}]},{\"@type\":\"ImageObject\",\"inLanguage\":\"es\",\"@id\":\"https:\\\/\\\/www.cetys.mx\\\/noticias\\\/cetys-ensenada-impulsa-el-presente-y-futuro-cientifico-con-el-programa-semilleros-de-investigacion\\\/#primaryimage\",\"url\":\"https:\\\/\\\/www.cetys.mx\\\/noticias\\\/wp-content\\\/uploads\\\/2026\\\/03\\\/FOTO-2-5-scaled.jpg\",\"contentUrl\":\"https:\\\/\\\/www.cetys.mx\\\/noticias\\\/wp-content\\\/uploads\\\/2026\\\/03\\\/FOTO-2-5-scaled.jpg\",\"width\":2560,\"height\":1707},{\"@type\":\"BreadcrumbList\",\"@id\":\"https:\\\/\\\/www.cetys.mx\\\/noticias\\\/cetys-ensenada-impulsa-el-presente-y-futuro-cientifico-con-el-programa-semilleros-de-investigacion\\\/#breadcrumb\",\"itemListElement\":[{\"@type\":\"ListItem\",\"position\":1,\"name\":\"Inicio\",\"item\":\"https:\\\/\\\/www.cetys.mx\\\/noticias\\\/\"},{\"@type\":\"ListItem\",\"position\":2,\"name\":\"CETYS Ensenada impulsa el presente y futuro cient\u00edfico con el Programa Semilleros de Investigaci\u00f3n\"}]},{\"@type\":\"WebSite\",\"@id\":\"https:\\\/\\\/www.cetys.mx\\\/noticias\\\/#website\",\"url\":\"https:\\\/\\\/www.cetys.mx\\\/noticias\\\/\",\"name\":\"CETYS\",\"description\":\"\",\"potentialAction\":[{\"@type\":\"SearchAction\",\"target\":{\"@type\":\"EntryPoint\",\"urlTemplate\":\"https:\\\/\\\/www.cetys.mx\\\/noticias\\\/?s={search_term_string}\"},\"query-input\":{\"@type\":\"PropertyValueSpecification\",\"valueRequired\":true,\"valueName\":\"search_term_string\"}}],\"inLanguage\":\"es\"},{\"@type\":\"Person\",\"@id\":\"https:\\\/\\\/www.cetys.mx\\\/noticias\\\/#\\\/schema\\\/person\\\/1a1a88c0b6586e66a2e9e88e07afc712\",\"name\":\"Campus Ensenada\",\"url\":\"https:\\\/\\\/www.cetys.mx\\\/noticias\\\/author\\\/campusensenada\\\/\"}]}<\/script>\n<!-- \/ Yoast SEO plugin. -->","yoast_head_json":{"title":"CETYS Ensenada impulsa el presente y futuro cient\u00edfico con el Programa Semilleros de Investigaci\u00f3n - CETYS","description":"Articulo sobre CETYS Ensenada impulsa el presente y futuro cient\u00edfico con el Programa Semilleros de Investigaci\u00f3n","robots":{"index":"index","follow":"follow","max-snippet":"max-snippet:-1","max-image-preview":"max-image-preview:large","max-video-preview":"max-video-preview:-1"},"canonical":"https:\/\/www.cetys.mx\/noticias\/cetys-ensenada-impulsa-el-presente-y-futuro-cientifico-con-el-programa-semilleros-de-investigacion\/","og_locale":"es_MX","og_type":"article","og_title":"CETYS Ensenada impulsa el presente y futuro cient\u00edfico con el Programa Semilleros de Investigaci\u00f3n - CETYS","og_description":"Articulo sobre CETYS Ensenada impulsa el presente y futuro cient\u00edfico con el Programa Semilleros de Investigaci\u00f3n","og_url":"https:\/\/www.cetys.mx\/noticias\/cetys-ensenada-impulsa-el-presente-y-futuro-cientifico-con-el-programa-semilleros-de-investigacion\/","og_site_name":"CETYS","article_publisher":"https:\/\/www.facebook.com\/cetysuniversidadmxl\/","article_published_time":"2026-02-27T01:17:02+00:00","article_modified_time":"2026-03-10T00:20:40+00:00","og_image":[{"width":2560,"height":1707,"url":"https:\/\/www.cetys.mx\/noticias\/wp-content\/uploads\/2026\/03\/FOTO-2-5-scaled.jpg","type":"image\/jpeg"}],"author":"Campus Ensenada","twitter_card":"summary_large_image","twitter_creator":"@cetysuni","twitter_site":"@cetysuni","twitter_misc":{"Escrito por":"Campus Ensenada","Tiempo de lectura":"2 minutos"},"schema":{"@context":"https:\/\/schema.org","@graph":[{"@type":"Article","@id":"https:\/\/www.cetys.mx\/noticias\/cetys-ensenada-impulsa-el-presente-y-futuro-cientifico-con-el-programa-semilleros-de-investigacion\/#article","isPartOf":{"@id":"https:\/\/www.cetys.mx\/noticias\/cetys-ensenada-impulsa-el-presente-y-futuro-cientifico-con-el-programa-semilleros-de-investigacion\/"},"author":{"name":"Campus Ensenada","@id":"https:\/\/www.cetys.mx\/noticias\/#\/schema\/person\/1a1a88c0b6586e66a2e9e88e07afc712"},"headline":"CETYS Ensenada impulsa el presente y futuro cient\u00edfico con el Programa Semilleros de Investigaci\u00f3n","datePublished":"2026-02-27T01:17:02+00:00","dateModified":"2026-03-10T00:20:40+00:00","mainEntityOfPage":{"@id":"https:\/\/www.cetys.mx\/noticias\/cetys-ensenada-impulsa-el-presente-y-futuro-cientifico-con-el-programa-semilleros-de-investigacion\/"},"wordCount":418,"commentCount":0,"image":{"@id":"https:\/\/www.cetys.mx\/noticias\/cetys-ensenada-impulsa-el-presente-y-futuro-cientifico-con-el-programa-semilleros-de-investigacion\/#primaryimage"},"thumbnailUrl":"https:\/\/www.cetys.mx\/noticias\/wp-content\/uploads\/2026\/03\/FOTO-2-5-scaled.jpg","articleSection":["Campus Ensenada","Portada","VoCETYS"],"inLanguage":"es","potentialAction":[{"@type":"CommentAction","name":"Comment","target":["https:\/\/www.cetys.mx\/noticias\/cetys-ensenada-impulsa-el-presente-y-futuro-cientifico-con-el-programa-semilleros-de-investigacion\/#respond"]}]},{"@type":"WebPage","@id":"https:\/\/www.cetys.mx\/noticias\/cetys-ensenada-impulsa-el-presente-y-futuro-cientifico-con-el-programa-semilleros-de-investigacion\/","url":"https:\/\/www.cetys.mx\/noticias\/cetys-ensenada-impulsa-el-presente-y-futuro-cientifico-con-el-programa-semilleros-de-investigacion\/","name":"CETYS Ensenada impulsa el presente y futuro cient\u00edfico con el Programa Semilleros de Investigaci\u00f3n - CETYS","isPartOf":{"@id":"https:\/\/www.cetys.mx\/noticias\/#website"},"primaryImageOfPage":{"@id":"https:\/\/www.cetys.mx\/noticias\/cetys-ensenada-impulsa-el-presente-y-futuro-cientifico-con-el-programa-semilleros-de-investigacion\/#primaryimage"},"image":{"@id":"https:\/\/www.cetys.mx\/noticias\/cetys-ensenada-impulsa-el-presente-y-futuro-cientifico-con-el-programa-semilleros-de-investigacion\/#primaryimage"},"thumbnailUrl":"https:\/\/www.cetys.mx\/noticias\/wp-content\/uploads\/2026\/03\/FOTO-2-5-scaled.jpg","datePublished":"2026-02-27T01:17:02+00:00","dateModified":"2026-03-10T00:20:40+00:00","author":{"@id":"https:\/\/www.cetys.mx\/noticias\/#\/schema\/person\/1a1a88c0b6586e66a2e9e88e07afc712"},"description":"Articulo sobre CETYS Ensenada impulsa el presente y futuro cient\u00edfico con el Programa Semilleros de Investigaci\u00f3n","breadcrumb":{"@id":"https:\/\/www.cetys.mx\/noticias\/cetys-ensenada-impulsa-el-presente-y-futuro-cientifico-con-el-programa-semilleros-de-investigacion\/#breadcrumb"},"inLanguage":"es","potentialAction":[{"@type":"ReadAction","target":["https:\/\/www.cetys.mx\/noticias\/cetys-ensenada-impulsa-el-presente-y-futuro-cientifico-con-el-programa-semilleros-de-investigacion\/"]}]},{"@type":"ImageObject","inLanguage":"es","@id":"https:\/\/www.cetys.mx\/noticias\/cetys-ensenada-impulsa-el-presente-y-futuro-cientifico-con-el-programa-semilleros-de-investigacion\/#primaryimage","url":"https:\/\/www.cetys.mx\/noticias\/wp-content\/uploads\/2026\/03\/FOTO-2-5-scaled.jpg","contentUrl":"https:\/\/www.cetys.mx\/noticias\/wp-content\/uploads\/2026\/03\/FOTO-2-5-scaled.jpg","width":2560,"height":1707},{"@type":"BreadcrumbList","@id":"https:\/\/www.cetys.mx\/noticias\/cetys-ensenada-impulsa-el-presente-y-futuro-cientifico-con-el-programa-semilleros-de-investigacion\/#breadcrumb","itemListElement":[{"@type":"ListItem","position":1,"name":"Inicio","item":"https:\/\/www.cetys.mx\/noticias\/"},{"@type":"ListItem","position":2,"name":"CETYS Ensenada impulsa el presente y futuro cient\u00edfico con el Programa Semilleros de Investigaci\u00f3n"}]},{"@type":"WebSite","@id":"https:\/\/www.cetys.mx\/noticias\/#website","url":"https:\/\/www.cetys.mx\/noticias\/","name":"CETYS","description":"","potentialAction":[{"@type":"SearchAction","target":{"@type":"EntryPoint","urlTemplate":"https:\/\/www.cetys.mx\/noticias\/?s={search_term_string}"},"query-input":{"@type":"PropertyValueSpecification","valueRequired":true,"valueName":"search_term_string"}}],"inLanguage":"es"},{"@type":"Person","@id":"https:\/\/www.cetys.mx\/noticias\/#\/schema\/person\/1a1a88c0b6586e66a2e9e88e07afc712","name":"Campus Ensenada","url":"https:\/\/www.cetys.mx\/noticias\/author\/campusensenada\/"}]}},"_links":{"self":[{"href":"https:\/\/www.cetys.mx\/noticias\/wp-json\/wp\/v2\/posts\/220658","targetHints":{"allow":["GET"]}}],"collection":[{"href":"https:\/\/www.cetys.mx\/noticias\/wp-json\/wp\/v2\/posts"}],"about":[{"href":"https:\/\/www.cetys.mx\/noticias\/wp-json\/wp\/v2\/types\/post"}],"author":[{"embeddable":true,"href":"https:\/\/www.cetys.mx\/noticias\/wp-json\/wp\/v2\/users\/23"}],"replies":[{"embeddable":true,"href":"https:\/\/www.cetys.mx\/noticias\/wp-json\/wp\/v2\/comments?post=220658"}],"version-history":[{"count":1,"href":"https:\/\/www.cetys.mx\/noticias\/wp-json\/wp\/v2\/posts\/220658\/revisions"}],"predecessor-version":[{"id":220665,"href":"https:\/\/www.cetys.mx\/noticias\/wp-json\/wp\/v2\/posts\/220658\/revisions\/220665"}],"wp:featuredmedia":[{"embeddable":true,"href":"https:\/\/www.cetys.mx\/noticias\/wp-json\/wp\/v2\/media\/220663"}],"wp:attachment":[{"href":"https:\/\/www.cetys.mx\/noticias\/wp-json\/wp\/v2\/media?parent=220658"}],"wp:term":[{"taxonomy":"category","embeddable":true,"href":"https:\/\/www.cetys.mx\/noticias\/wp-json\/wp\/v2\/categories?post=220658"},{"taxonomy":"post_tag","embeddable":true,"href":"https:\/\/www.cetys.mx\/noticias\/wp-json\/wp\/v2\/tags?post=220658"}],"curies":[{"name":"wp","href":"https:\/\/api.w.org\/{rel}","templated":true}]}}