{"id":220621,"date":"2026-03-04T12:29:18","date_gmt":"2026-03-04T20:29:18","guid":{"rendered":"https:\/\/www.cetys.mx\/noticias\/?p=220621"},"modified":"2026-03-06T12:36:41","modified_gmt":"2026-03-06T20:36:41","slug":"cetys-universidad-y-ayuntamiento-de-ensenada-firman-convenio-para-impulsar-el-desarrollo-juvenil","status":"publish","type":"post","link":"https:\/\/www.cetys.mx\/noticias\/cetys-universidad-y-ayuntamiento-de-ensenada-firman-convenio-para-impulsar-el-desarrollo-juvenil\/","title":{"rendered":"CETYS Universidad y Ayuntamiento de Ensenada firman convenio para impulsar el desarrollo juvenil"},"content":{"rendered":"<p><span style=\"font-weight: 400;\">Con el objetivo de fortalecer la formaci\u00f3n integral de las juventudes y generar oportunidades de participaci\u00f3n activa en la vida p\u00fablica, CETYS Universidad Campus Internacional Ensenada y el Ayuntamiento de Ensenada, a trav\u00e9s del Instituto Municipal de la Juventud (IMJUVENS), formalizaron un convenio de colaboraci\u00f3n que permitir\u00e1 impulsar proyectos conjuntos en beneficio de la comunidad.<\/span><\/p>\n<p><span style=\"font-weight: 400;\">Durante su mensaje, el Dr. Francisco V\u00e9lez Torres, Director del Campus Internacional Ensenada destac\u00f3 que este acuerdo representa un paso concreto para fortalecer la vinculaci\u00f3n entre la academia y el gobierno municipal: \u201cEste acuerdo representa un paso para fortalecer la formaci\u00f3n de nuestras generaciones y contribuir de manera directa al desarrollo de nuestra comunidad\u201d, expres\u00f3.<\/span><\/p>\n<p><span style=\"font-weight: 400;\">Cabe destacar que el convenio establece un marco de colaboraci\u00f3n que permitir\u00e1 a estudiantes realizar pr\u00e1cticas profesionales y servicio social en dependencias municipales, al tiempo que abre oportunidades de desarrollo acad\u00e9mico para colaboradores del Ayuntamiento, consolidando as\u00ed una relaci\u00f3n estrat\u00e9gica en favor de la juventud.<\/span><\/p>\n<p><span style=\"font-weight: 400;\">Por su parte, el director del Instituto Municipal de la Juventud subray\u00f3 que la firma trasciende lo protocolario y se traduce en acciones concretas para el empoderamiento juvenil, \u201ceste acuerdo representa mucho m\u00e1s que una firma en papel. Es un compromiso conjunto y una apuesta por el talento, la energ\u00eda y el potencial transformador de nuestras juventudes. A trav\u00e9s de alianzas como esta podemos crear oportunidades reales para su crecimiento, formaci\u00f3n y liderazgo\u201d, afirm\u00f3.<\/span><\/p>\n<p><span style=\"font-weight: 400;\">En su intervenci\u00f3n, la alcaldesa Claudia Agat\u00f3n enfatiz\u00f3 la importancia de que los convenios se traduzcan en resultados tangibles para la ciudad, al tiempo que propuso la creaci\u00f3n de un departamento de creatividad e innovaci\u00f3n con participaci\u00f3n activa de estudiantes.<\/span><\/p>\n<p><span style=\"font-weight: 400;\">\u201cM\u00e1s que firmar un convenio para guardarlo en un escritorio, lo que queremos es que pase a la pr\u00e1ctica. Queremos trazar una ruta con ustedes para realizar actividades que realmente remuneren en todos los sentidos a Ensenada\u201d, puntualiz\u00f3.<\/span><\/p>\n<p><span style=\"font-weight: 400;\">El pres\u00eddium cont\u00f3 con la participaci\u00f3n del Dr. Francisco V\u00e9lez, Director de CETYS Universidad Campus Internacional Ensenada; la Mtra. Ana Gloria Pedr\u00edn, Directora Acad\u00e9mica de CETYS Universidad Campus Internacional Ensenada; la Mtra. Claudia Alfaro,\u00a0 Coord. de Vinculaci\u00f3n Acad\u00e9mica de CETYS Universidad Campus Intencional Ensenada;\u00a0 Lic. Claudia Agat\u00f3n Mu\u00f1iz, Alcaldesa del Ayuntamiento de Ensenada\u00a0 y el director de IMJUVENS, Lic. Diego Axel Guevara, ante la presencia de autoridades acad\u00e9micas, docentes y estudiantes.<\/span><\/p>\n<p><span style=\"font-weight: 400;\">Con esta firma, CETYS Universidad y el Ayuntamiento de Ensenada refrendan su compromiso de caminar de manera conjunta para impulsar proyectos innovadores que fortalezcan la formaci\u00f3n acad\u00e9mica, la participaci\u00f3n ciudadana y el desarrollo sostenible del municipio.<\/span><\/p>\n<div class=\"gallery-slider-wrapper gallery-1\">\n                        <div class=\"gallery-slider\" itemscope itemtype=\"http:\/\/schema.org\/ImageGallery\"><figure class=\"slide\" itemprop=\"associatedMedia\" itemscope itemtype=\"http:\/\/schema.org\/ImageObject\">\n                    <a itemprop=\"contentUrl\" href=\"https:\/\/www.cetys.mx\/noticias\/wp-content\/uploads\/2026\/03\/FOTO-2-4.jpg\">\n                        <img decoding=\"async\" itemprop=\"thumbnail\" class=\"lazyOwl\" src=\"https:\/\/www.cetys.mx\/noticias\/wp-content\/plugins\/jmagz-plugin\/assets\/placeholder\/900x450.png\" data-src=\"https:\/\/www.cetys.mx\/noticias\/wp-content\/uploads\/2026\/03\/FOTO-2-4-scaled.jpg\" alt=\"Firma de convenio con Ayuntamiento de Ensenada\">\n                    <\/a>\n                    <figcaption itemprop=\"caption description\" class=\"slide-caption\">\n                        \n                    <\/figcaption>\n                <\/figure><figure class=\"slide\" itemprop=\"associatedMedia\" itemscope itemtype=\"http:\/\/schema.org\/ImageObject\">\n                    <a itemprop=\"contentUrl\" href=\"https:\/\/www.cetys.mx\/noticias\/wp-content\/uploads\/2026\/03\/FOTO-4.jpeg\">\n                        <img decoding=\"async\" itemprop=\"thumbnail\" class=\"lazyOwl\" src=\"https:\/\/www.cetys.mx\/noticias\/wp-content\/plugins\/jmagz-plugin\/assets\/placeholder\/900x450.png\" data-src=\"https:\/\/www.cetys.mx\/noticias\/wp-content\/uploads\/2026\/03\/FOTO-4.jpeg\" alt=\"Firma de convenio con Ayuntamiento de Ensenada\">\n                    <\/a>\n                    <figcaption itemprop=\"caption description\" class=\"slide-caption\">\n                        \n                    <\/figcaption>\n                <\/figure><figure class=\"slide\" itemprop=\"associatedMedia\" itemscope itemtype=\"http:\/\/schema.org\/ImageObject\">\n                    <a itemprop=\"contentUrl\" href=\"https:\/\/www.cetys.mx\/noticias\/wp-content\/uploads\/2026\/03\/FOTO-1-1.jpeg\">\n                        <img decoding=\"async\" itemprop=\"thumbnail\" class=\"lazyOwl\" src=\"https:\/\/www.cetys.mx\/noticias\/wp-content\/plugins\/jmagz-plugin\/assets\/placeholder\/900x450.png\" data-src=\"https:\/\/www.cetys.mx\/noticias\/wp-content\/uploads\/2026\/03\/FOTO-1-1.jpeg\" alt=\"Firma de convenio con Ayuntamiento de Ensenada\">\n                    <\/a>\n                    <figcaption itemprop=\"caption description\" class=\"slide-caption\">\n                        \n                    <\/figcaption>\n                <\/figure><\/div>\n                <div class=\"gallery-slider-thumbnail-wrapper\">\n                    <div class=\"gallery-slider-thumbnail\"><div class=\"slide-thumbnail\"><img decoding=\"async\" class=\"lazyOwl\" src=\"https:\/\/www.cetys.mx\/noticias\/wp-content\/plugins\/jmagz-plugin\/assets\/placeholder\/150x75.png\" data-src=\"https:\/\/www.cetys.mx\/noticias\/wp-content\/uploads\/2026\/03\/FOTO-2-4-scaled.jpg\" alt=\"Firma de convenio con Ayuntamiento de Ensenada\"><\/div><div class=\"slide-thumbnail\"><img decoding=\"async\" class=\"lazyOwl\" src=\"https:\/\/www.cetys.mx\/noticias\/wp-content\/plugins\/jmagz-plugin\/assets\/placeholder\/150x75.png\" data-src=\"https:\/\/www.cetys.mx\/noticias\/wp-content\/uploads\/2026\/03\/FOTO-4.jpeg\" alt=\"Firma de convenio con Ayuntamiento de Ensenada\"><\/div><div class=\"slide-thumbnail\"><img decoding=\"async\" class=\"lazyOwl\" src=\"https:\/\/www.cetys.mx\/noticias\/wp-content\/plugins\/jmagz-plugin\/assets\/placeholder\/150x75.png\" data-src=\"https:\/\/www.cetys.mx\/noticias\/wp-content\/uploads\/2026\/03\/FOTO-1-1.jpeg\" alt=\"Firma de convenio con Ayuntamiento de Ensenada\"><\/div><\/div><\/div><\/div>\n","protected":false},"excerpt":{"rendered":"<p>Con el objetivo de fortalecer la formaci\u00f3n integral de las juventudes y generar oportunidades de participaci\u00f3n activa en la vida p\u00fablica, CETYS&#8230;<\/p>\n","protected":false},"author":23,"featured_media":220620,"comment_status":"open","ping_status":"closed","sticky":false,"template":"","format":"standard","meta":{"footnotes":""},"categories":[132,125,313],"tags":[7372],"class_list":["post-220621","post","type-post","status-publish","format-standard","has-post-thumbnail","hentry","category-campus-ensenada","category-portada","category-vocetys-2","tag-firma-de-convenios"],"yoast_head":"<!-- This site is optimized with the Yoast SEO plugin v27.4 - https:\/\/yoast.com\/product\/yoast-seo-wordpress\/ -->\n<title>CETYS Universidad y Ayuntamiento de Ensenada firman convenio para impulsar el desarrollo juvenil - CETYS<\/title>\n<meta name=\"description\" content=\"Articulo sobre CETYS Universidad y Ayuntamiento de Ensenada firman convenio para impulsar el desarrollo juvenil\" \/>\n<meta name=\"robots\" content=\"index, follow, max-snippet:-1, max-image-preview:large, max-video-preview:-1\" \/>\n<link rel=\"canonical\" href=\"https:\/\/www.cetys.mx\/noticias\/cetys-universidad-y-ayuntamiento-de-ensenada-firman-convenio-para-impulsar-el-desarrollo-juvenil\/\" \/>\n<meta property=\"og:locale\" content=\"es_MX\" \/>\n<meta property=\"og:type\" content=\"article\" \/>\n<meta property=\"og:title\" content=\"CETYS Universidad y Ayuntamiento de Ensenada firman convenio para impulsar el desarrollo juvenil - CETYS\" \/>\n<meta property=\"og:description\" content=\"Articulo sobre CETYS Universidad y Ayuntamiento de Ensenada firman convenio para impulsar el desarrollo juvenil\" \/>\n<meta property=\"og:url\" content=\"https:\/\/www.cetys.mx\/noticias\/cetys-universidad-y-ayuntamiento-de-ensenada-firman-convenio-para-impulsar-el-desarrollo-juvenil\/\" \/>\n<meta property=\"og:site_name\" content=\"CETYS\" \/>\n<meta property=\"article:publisher\" content=\"https:\/\/www.facebook.com\/cetysuniversidadmxl\/\" \/>\n<meta property=\"article:published_time\" content=\"2026-03-04T20:29:18+00:00\" \/>\n<meta property=\"article:modified_time\" content=\"2026-03-06T20:36:41+00:00\" \/>\n<meta property=\"og:image\" content=\"https:\/\/www.cetys.mx\/noticias\/wp-content\/uploads\/2026\/03\/FOTO-2-4-scaled.jpg\" \/>\n\t<meta property=\"og:image:width\" content=\"2560\" \/>\n\t<meta property=\"og:image:height\" content=\"1707\" \/>\n\t<meta property=\"og:image:type\" content=\"image\/jpeg\" \/>\n<meta name=\"author\" content=\"Campus Ensenada\" \/>\n<meta name=\"twitter:card\" content=\"summary_large_image\" \/>\n<meta name=\"twitter:creator\" content=\"@cetysuni\" \/>\n<meta name=\"twitter:site\" content=\"@cetysuni\" \/>\n<meta name=\"twitter:label1\" content=\"Escrito por\" \/>\n\t<meta name=\"twitter:data1\" content=\"Campus Ensenada\" \/>\n\t<meta name=\"twitter:label2\" content=\"Tiempo de lectura\" \/>\n\t<meta name=\"twitter:data2\" content=\"2 minutos\" \/>\n<script type=\"application\/ld+json\" class=\"yoast-schema-graph\">{\"@context\":\"https:\\\/\\\/schema.org\",\"@graph\":[{\"@type\":\"Article\",\"@id\":\"https:\\\/\\\/www.cetys.mx\\\/noticias\\\/cetys-universidad-y-ayuntamiento-de-ensenada-firman-convenio-para-impulsar-el-desarrollo-juvenil\\\/#article\",\"isPartOf\":{\"@id\":\"https:\\\/\\\/www.cetys.mx\\\/noticias\\\/cetys-universidad-y-ayuntamiento-de-ensenada-firman-convenio-para-impulsar-el-desarrollo-juvenil\\\/\"},\"author\":{\"name\":\"Campus Ensenada\",\"@id\":\"https:\\\/\\\/www.cetys.mx\\\/noticias\\\/#\\\/schema\\\/person\\\/1a1a88c0b6586e66a2e9e88e07afc712\"},\"headline\":\"CETYS Universidad y Ayuntamiento de Ensenada firman convenio para impulsar el desarrollo juvenil\",\"datePublished\":\"2026-03-04T20:29:18+00:00\",\"dateModified\":\"2026-03-06T20:36:41+00:00\",\"mainEntityOfPage\":{\"@id\":\"https:\\\/\\\/www.cetys.mx\\\/noticias\\\/cetys-universidad-y-ayuntamiento-de-ensenada-firman-convenio-para-impulsar-el-desarrollo-juvenil\\\/\"},\"wordCount\":473,\"commentCount\":0,\"image\":{\"@id\":\"https:\\\/\\\/www.cetys.mx\\\/noticias\\\/cetys-universidad-y-ayuntamiento-de-ensenada-firman-convenio-para-impulsar-el-desarrollo-juvenil\\\/#primaryimage\"},\"thumbnailUrl\":\"https:\\\/\\\/www.cetys.mx\\\/noticias\\\/wp-content\\\/uploads\\\/2026\\\/03\\\/FOTO-2-4-scaled.jpg\",\"keywords\":[\"Firma de convenios\"],\"articleSection\":[\"Campus Ensenada\",\"Portada\",\"VoCETYS\"],\"inLanguage\":\"es\",\"potentialAction\":[{\"@type\":\"CommentAction\",\"name\":\"Comment\",\"target\":[\"https:\\\/\\\/www.cetys.mx\\\/noticias\\\/cetys-universidad-y-ayuntamiento-de-ensenada-firman-convenio-para-impulsar-el-desarrollo-juvenil\\\/#respond\"]}]},{\"@type\":\"WebPage\",\"@id\":\"https:\\\/\\\/www.cetys.mx\\\/noticias\\\/cetys-universidad-y-ayuntamiento-de-ensenada-firman-convenio-para-impulsar-el-desarrollo-juvenil\\\/\",\"url\":\"https:\\\/\\\/www.cetys.mx\\\/noticias\\\/cetys-universidad-y-ayuntamiento-de-ensenada-firman-convenio-para-impulsar-el-desarrollo-juvenil\\\/\",\"name\":\"CETYS Universidad y Ayuntamiento de Ensenada firman convenio para impulsar el desarrollo juvenil - CETYS\",\"isPartOf\":{\"@id\":\"https:\\\/\\\/www.cetys.mx\\\/noticias\\\/#website\"},\"primaryImageOfPage\":{\"@id\":\"https:\\\/\\\/www.cetys.mx\\\/noticias\\\/cetys-universidad-y-ayuntamiento-de-ensenada-firman-convenio-para-impulsar-el-desarrollo-juvenil\\\/#primaryimage\"},\"image\":{\"@id\":\"https:\\\/\\\/www.cetys.mx\\\/noticias\\\/cetys-universidad-y-ayuntamiento-de-ensenada-firman-convenio-para-impulsar-el-desarrollo-juvenil\\\/#primaryimage\"},\"thumbnailUrl\":\"https:\\\/\\\/www.cetys.mx\\\/noticias\\\/wp-content\\\/uploads\\\/2026\\\/03\\\/FOTO-2-4-scaled.jpg\",\"datePublished\":\"2026-03-04T20:29:18+00:00\",\"dateModified\":\"2026-03-06T20:36:41+00:00\",\"author\":{\"@id\":\"https:\\\/\\\/www.cetys.mx\\\/noticias\\\/#\\\/schema\\\/person\\\/1a1a88c0b6586e66a2e9e88e07afc712\"},\"description\":\"Articulo sobre CETYS Universidad y Ayuntamiento de Ensenada firman convenio para impulsar el desarrollo juvenil\",\"breadcrumb\":{\"@id\":\"https:\\\/\\\/www.cetys.mx\\\/noticias\\\/cetys-universidad-y-ayuntamiento-de-ensenada-firman-convenio-para-impulsar-el-desarrollo-juvenil\\\/#breadcrumb\"},\"inLanguage\":\"es\",\"potentialAction\":[{\"@type\":\"ReadAction\",\"target\":[\"https:\\\/\\\/www.cetys.mx\\\/noticias\\\/cetys-universidad-y-ayuntamiento-de-ensenada-firman-convenio-para-impulsar-el-desarrollo-juvenil\\\/\"]}]},{\"@type\":\"ImageObject\",\"inLanguage\":\"es\",\"@id\":\"https:\\\/\\\/www.cetys.mx\\\/noticias\\\/cetys-universidad-y-ayuntamiento-de-ensenada-firman-convenio-para-impulsar-el-desarrollo-juvenil\\\/#primaryimage\",\"url\":\"https:\\\/\\\/www.cetys.mx\\\/noticias\\\/wp-content\\\/uploads\\\/2026\\\/03\\\/FOTO-2-4-scaled.jpg\",\"contentUrl\":\"https:\\\/\\\/www.cetys.mx\\\/noticias\\\/wp-content\\\/uploads\\\/2026\\\/03\\\/FOTO-2-4-scaled.jpg\",\"width\":2560,\"height\":1707},{\"@type\":\"BreadcrumbList\",\"@id\":\"https:\\\/\\\/www.cetys.mx\\\/noticias\\\/cetys-universidad-y-ayuntamiento-de-ensenada-firman-convenio-para-impulsar-el-desarrollo-juvenil\\\/#breadcrumb\",\"itemListElement\":[{\"@type\":\"ListItem\",\"position\":1,\"name\":\"Inicio\",\"item\":\"https:\\\/\\\/www.cetys.mx\\\/noticias\\\/\"},{\"@type\":\"ListItem\",\"position\":2,\"name\":\"CETYS Universidad y Ayuntamiento de Ensenada firman convenio para impulsar el desarrollo juvenil\"}]},{\"@type\":\"WebSite\",\"@id\":\"https:\\\/\\\/www.cetys.mx\\\/noticias\\\/#website\",\"url\":\"https:\\\/\\\/www.cetys.mx\\\/noticias\\\/\",\"name\":\"CETYS\",\"description\":\"\",\"potentialAction\":[{\"@type\":\"SearchAction\",\"target\":{\"@type\":\"EntryPoint\",\"urlTemplate\":\"https:\\\/\\\/www.cetys.mx\\\/noticias\\\/?s={search_term_string}\"},\"query-input\":{\"@type\":\"PropertyValueSpecification\",\"valueRequired\":true,\"valueName\":\"search_term_string\"}}],\"inLanguage\":\"es\"},{\"@type\":\"Person\",\"@id\":\"https:\\\/\\\/www.cetys.mx\\\/noticias\\\/#\\\/schema\\\/person\\\/1a1a88c0b6586e66a2e9e88e07afc712\",\"name\":\"Campus Ensenada\",\"url\":\"https:\\\/\\\/www.cetys.mx\\\/noticias\\\/author\\\/campusensenada\\\/\"}]}<\/script>\n<!-- \/ Yoast SEO plugin. -->","yoast_head_json":{"title":"CETYS Universidad y Ayuntamiento de Ensenada firman convenio para impulsar el desarrollo juvenil - CETYS","description":"Articulo sobre CETYS Universidad y Ayuntamiento de Ensenada firman convenio para impulsar el desarrollo juvenil","robots":{"index":"index","follow":"follow","max-snippet":"max-snippet:-1","max-image-preview":"max-image-preview:large","max-video-preview":"max-video-preview:-1"},"canonical":"https:\/\/www.cetys.mx\/noticias\/cetys-universidad-y-ayuntamiento-de-ensenada-firman-convenio-para-impulsar-el-desarrollo-juvenil\/","og_locale":"es_MX","og_type":"article","og_title":"CETYS Universidad y Ayuntamiento de Ensenada firman convenio para impulsar el desarrollo juvenil - CETYS","og_description":"Articulo sobre CETYS Universidad y Ayuntamiento de Ensenada firman convenio para impulsar el desarrollo juvenil","og_url":"https:\/\/www.cetys.mx\/noticias\/cetys-universidad-y-ayuntamiento-de-ensenada-firman-convenio-para-impulsar-el-desarrollo-juvenil\/","og_site_name":"CETYS","article_publisher":"https:\/\/www.facebook.com\/cetysuniversidadmxl\/","article_published_time":"2026-03-04T20:29:18+00:00","article_modified_time":"2026-03-06T20:36:41+00:00","og_image":[{"width":2560,"height":1707,"url":"https:\/\/www.cetys.mx\/noticias\/wp-content\/uploads\/2026\/03\/FOTO-2-4-scaled.jpg","type":"image\/jpeg"}],"author":"Campus Ensenada","twitter_card":"summary_large_image","twitter_creator":"@cetysuni","twitter_site":"@cetysuni","twitter_misc":{"Escrito por":"Campus Ensenada","Tiempo de lectura":"2 minutos"},"schema":{"@context":"https:\/\/schema.org","@graph":[{"@type":"Article","@id":"https:\/\/www.cetys.mx\/noticias\/cetys-universidad-y-ayuntamiento-de-ensenada-firman-convenio-para-impulsar-el-desarrollo-juvenil\/#article","isPartOf":{"@id":"https:\/\/www.cetys.mx\/noticias\/cetys-universidad-y-ayuntamiento-de-ensenada-firman-convenio-para-impulsar-el-desarrollo-juvenil\/"},"author":{"name":"Campus Ensenada","@id":"https:\/\/www.cetys.mx\/noticias\/#\/schema\/person\/1a1a88c0b6586e66a2e9e88e07afc712"},"headline":"CETYS Universidad y Ayuntamiento de Ensenada firman convenio para impulsar el desarrollo juvenil","datePublished":"2026-03-04T20:29:18+00:00","dateModified":"2026-03-06T20:36:41+00:00","mainEntityOfPage":{"@id":"https:\/\/www.cetys.mx\/noticias\/cetys-universidad-y-ayuntamiento-de-ensenada-firman-convenio-para-impulsar-el-desarrollo-juvenil\/"},"wordCount":473,"commentCount":0,"image":{"@id":"https:\/\/www.cetys.mx\/noticias\/cetys-universidad-y-ayuntamiento-de-ensenada-firman-convenio-para-impulsar-el-desarrollo-juvenil\/#primaryimage"},"thumbnailUrl":"https:\/\/www.cetys.mx\/noticias\/wp-content\/uploads\/2026\/03\/FOTO-2-4-scaled.jpg","keywords":["Firma de convenios"],"articleSection":["Campus Ensenada","Portada","VoCETYS"],"inLanguage":"es","potentialAction":[{"@type":"CommentAction","name":"Comment","target":["https:\/\/www.cetys.mx\/noticias\/cetys-universidad-y-ayuntamiento-de-ensenada-firman-convenio-para-impulsar-el-desarrollo-juvenil\/#respond"]}]},{"@type":"WebPage","@id":"https:\/\/www.cetys.mx\/noticias\/cetys-universidad-y-ayuntamiento-de-ensenada-firman-convenio-para-impulsar-el-desarrollo-juvenil\/","url":"https:\/\/www.cetys.mx\/noticias\/cetys-universidad-y-ayuntamiento-de-ensenada-firman-convenio-para-impulsar-el-desarrollo-juvenil\/","name":"CETYS Universidad y Ayuntamiento de Ensenada firman convenio para impulsar el desarrollo juvenil - CETYS","isPartOf":{"@id":"https:\/\/www.cetys.mx\/noticias\/#website"},"primaryImageOfPage":{"@id":"https:\/\/www.cetys.mx\/noticias\/cetys-universidad-y-ayuntamiento-de-ensenada-firman-convenio-para-impulsar-el-desarrollo-juvenil\/#primaryimage"},"image":{"@id":"https:\/\/www.cetys.mx\/noticias\/cetys-universidad-y-ayuntamiento-de-ensenada-firman-convenio-para-impulsar-el-desarrollo-juvenil\/#primaryimage"},"thumbnailUrl":"https:\/\/www.cetys.mx\/noticias\/wp-content\/uploads\/2026\/03\/FOTO-2-4-scaled.jpg","datePublished":"2026-03-04T20:29:18+00:00","dateModified":"2026-03-06T20:36:41+00:00","author":{"@id":"https:\/\/www.cetys.mx\/noticias\/#\/schema\/person\/1a1a88c0b6586e66a2e9e88e07afc712"},"description":"Articulo sobre CETYS Universidad y Ayuntamiento de Ensenada firman convenio para impulsar el desarrollo juvenil","breadcrumb":{"@id":"https:\/\/www.cetys.mx\/noticias\/cetys-universidad-y-ayuntamiento-de-ensenada-firman-convenio-para-impulsar-el-desarrollo-juvenil\/#breadcrumb"},"inLanguage":"es","potentialAction":[{"@type":"ReadAction","target":["https:\/\/www.cetys.mx\/noticias\/cetys-universidad-y-ayuntamiento-de-ensenada-firman-convenio-para-impulsar-el-desarrollo-juvenil\/"]}]},{"@type":"ImageObject","inLanguage":"es","@id":"https:\/\/www.cetys.mx\/noticias\/cetys-universidad-y-ayuntamiento-de-ensenada-firman-convenio-para-impulsar-el-desarrollo-juvenil\/#primaryimage","url":"https:\/\/www.cetys.mx\/noticias\/wp-content\/uploads\/2026\/03\/FOTO-2-4-scaled.jpg","contentUrl":"https:\/\/www.cetys.mx\/noticias\/wp-content\/uploads\/2026\/03\/FOTO-2-4-scaled.jpg","width":2560,"height":1707},{"@type":"BreadcrumbList","@id":"https:\/\/www.cetys.mx\/noticias\/cetys-universidad-y-ayuntamiento-de-ensenada-firman-convenio-para-impulsar-el-desarrollo-juvenil\/#breadcrumb","itemListElement":[{"@type":"ListItem","position":1,"name":"Inicio","item":"https:\/\/www.cetys.mx\/noticias\/"},{"@type":"ListItem","position":2,"name":"CETYS Universidad y Ayuntamiento de Ensenada firman convenio para impulsar el desarrollo juvenil"}]},{"@type":"WebSite","@id":"https:\/\/www.cetys.mx\/noticias\/#website","url":"https:\/\/www.cetys.mx\/noticias\/","name":"CETYS","description":"","potentialAction":[{"@type":"SearchAction","target":{"@type":"EntryPoint","urlTemplate":"https:\/\/www.cetys.mx\/noticias\/?s={search_term_string}"},"query-input":{"@type":"PropertyValueSpecification","valueRequired":true,"valueName":"search_term_string"}}],"inLanguage":"es"},{"@type":"Person","@id":"https:\/\/www.cetys.mx\/noticias\/#\/schema\/person\/1a1a88c0b6586e66a2e9e88e07afc712","name":"Campus Ensenada","url":"https:\/\/www.cetys.mx\/noticias\/author\/campusensenada\/"}]}},"_links":{"self":[{"href":"https:\/\/www.cetys.mx\/noticias\/wp-json\/wp\/v2\/posts\/220621","targetHints":{"allow":["GET"]}}],"collection":[{"href":"https:\/\/www.cetys.mx\/noticias\/wp-json\/wp\/v2\/posts"}],"about":[{"href":"https:\/\/www.cetys.mx\/noticias\/wp-json\/wp\/v2\/types\/post"}],"author":[{"embeddable":true,"href":"https:\/\/www.cetys.mx\/noticias\/wp-json\/wp\/v2\/users\/23"}],"replies":[{"embeddable":true,"href":"https:\/\/www.cetys.mx\/noticias\/wp-json\/wp\/v2\/comments?post=220621"}],"version-history":[{"count":3,"href":"https:\/\/www.cetys.mx\/noticias\/wp-json\/wp\/v2\/posts\/220621\/revisions"}],"predecessor-version":[{"id":220624,"href":"https:\/\/www.cetys.mx\/noticias\/wp-json\/wp\/v2\/posts\/220621\/revisions\/220624"}],"wp:featuredmedia":[{"embeddable":true,"href":"https:\/\/www.cetys.mx\/noticias\/wp-json\/wp\/v2\/media\/220620"}],"wp:attachment":[{"href":"https:\/\/www.cetys.mx\/noticias\/wp-json\/wp\/v2\/media?parent=220621"}],"wp:term":[{"taxonomy":"category","embeddable":true,"href":"https:\/\/www.cetys.mx\/noticias\/wp-json\/wp\/v2\/categories?post=220621"},{"taxonomy":"post_tag","embeddable":true,"href":"https:\/\/www.cetys.mx\/noticias\/wp-json\/wp\/v2\/tags?post=220621"}],"curies":[{"name":"wp","href":"https:\/\/api.w.org\/{rel}","templated":true}]}}