{"id":220294,"date":"2026-02-25T15:30:36","date_gmt":"2026-02-25T23:30:36","guid":{"rendered":"https:\/\/www.cetys.mx\/noticias\/?p=220294"},"modified":"2026-02-25T15:30:36","modified_gmt":"2026-02-25T23:30:36","slug":"cetys-impulsa-la-consultoria-empresarial-desde-el-primer-semestre-como-estrategia-para-el-desarrollo-economico-local","status":"publish","type":"post","link":"https:\/\/www.cetys.mx\/noticias\/cetys-impulsa-la-consultoria-empresarial-desde-el-primer-semestre-como-estrategia-para-el-desarrollo-economico-local\/","title":{"rendered":"CETYS impulsa la consultor\u00eda empresarial desde el primer semestre como estrategia para el desarrollo econ\u00f3mico local"},"content":{"rendered":"<p><span style=\"font-weight: 400;\">Como parte de la visi\u00f3n estrat\u00e9gica de la Direcci\u00f3n de la <strong>Escuela de Administraci\u00f3n y Negocios del Campus Mexicali de CETYS Universidad<\/strong>, orientada a fortalecer el desarrollo econ\u00f3mico de la localidad desde la formaci\u00f3n universitaria, el 100% de los alumnos de primer semestre, un total de 162 estudiantes, tuvieron su primer acercamiento formal a la consultor\u00eda empresarial y a la vinculaci\u00f3n aplicada con micro y peque\u00f1as empresas, a trav\u00e9s del programa <strong>Soluciones Empresariales CETYS.<\/strong><\/span><\/p>\n<p><span style=\"font-weight: 400;\">Esta iniciativa acad\u00e9mica, encabezada por la Dra. Paulina A. Vargas Larragu\u00edvel, directora de la Escuela de Administraci\u00f3n y Negocios, busca que los estudiantes desarrollen desde el inicio de su vida universitaria competencias profesionales clave mediante experiencias reales de consultor\u00eda, alineadas a las necesidades del entorno productivo local.<\/span><\/p>\n<p><b>Formaci\u00f3n pr\u00e1ctica temprana con impacto en MIPYMES<\/b><\/p>\n<p><span style=\"font-weight: 400;\">\u201cPara la Escuela de Administraci\u00f3n y Negocios es fundamental acercar a nuestros estudiantes a la pr\u00e1ctica desde el inicio, vinculados directamente con la industria. A trav\u00e9s del programa de soluciones empresariales, nuestros alumnos llevan la teor\u00eda a la acci\u00f3n al desarrollar propuestas de mejora para micro, peque\u00f1as y medianas empresas, que muchas veces no cuentan con acceso a consultor\u00eda. Este modelo no solo fortalece su aprendizaje experiencial, sino que tambi\u00e9n genera un impacto positivo en la econom\u00eda, formando talento con visi\u00f3n, experiencia y compromiso con su entorno\u201d, mencion\u00f3 la Dra. Paulina A. Vargas Larragu\u00edvel.<\/span><\/p>\n<p><span style=\"font-weight: 400;\">Por su parte, la alumna de segundo semestre de la Licenciatura en Administraci\u00f3n de Empresas, Carolina Rivas Casta\u00f1eda, habl\u00f3 sobre la importancia de su experiencia: \u201cLa vinculaci\u00f3n con empresas nos abre puertas y nos permite crear conexiones para pr\u00e1cticas y oportunidades laborales. Tener la experiencia de trabajar en una consultor\u00eda con una empresa local y ver c\u00f3mo nuestro trabajo aporta a su crecimiento hace que el aprendizaje sea mucho m\u00e1s significativo\u201d.<\/span><\/p>\n<p><span style=\"font-weight: 400;\">Los estudiantes participantes pertenecen a las carreras de Administraci\u00f3n de Empresas, Mercadotecnia Estrat\u00e9gica, Contador P\u00fablico Internacional y Finanzas, Inteligencia de Negocios e Innovaci\u00f3n, Licenciatura en Log\u00edstica y Comercio Internacional, Licenciatura en Negocios Internacionales y Negocios Internacionales Global Program, quienes, bajo la tutela de 8 docentes, atendieron proyectos enfocados principalmente en la consultor\u00eda del proceso administrativo de micro y peque\u00f1as empresas.<\/span><\/p>\n<p><span style=\"font-weight: 400;\">Este primer acercamiento a la consultor\u00eda permiti\u00f3 a los alumnos aplicar conocimientos te\u00f3ricos en contextos reales, desarrollar pensamiento estrat\u00e9gico y comprender el funcionamiento de las organizaciones desde una perspectiva pr\u00e1ctica, fortaleciendo de manera temprana su perfil profesional.<\/span><\/p>\n<p><b>Un modelo formativo alineado a la visi\u00f3n de la Escuela<\/b><\/p>\n<p><span style=\"font-weight: 400;\">A diferencia de los esquemas tradicionales de formaci\u00f3n empresarial, esta experiencia representa un diferenciador del modelo educativo de la Escuela de Administraci\u00f3n y Negocios, al integrar la vinculaci\u00f3n y la consultor\u00eda desde el primer semestre como parte de una estrategia para incidir en el desarrollo econ\u00f3mico local.<\/span><\/p>\n<p><span style=\"font-weight: 400;\">La Dra. Paulina A. Vargas Larragu\u00edvel destac\u00f3 que este tipo de iniciativas no ser\u00edan posibles sin el compromiso, la experiencia y la disposici\u00f3n del cuerpo docente, as\u00ed como sin el acompa\u00f1amiento estrat\u00e9gico del Centro de Excelencia en Competitividad y Emprendimiento (CECE), que brinda soporte metodol\u00f3gico y vinculaci\u00f3n con el ecosistema empresarial.<\/span><\/p>\n<p><b>Vinculaci\u00f3n acad\u00e9mica con impacto educativo y social<\/b><\/p>\n<p><span style=\"font-weight: 400;\">La implementaci\u00f3n de esta experiencia formativa desde etapas tempranas reafirma el papel de la escuela de Administraci\u00f3n y Negocios de campus Mexicali como un actor activo en el fortalecimiento de las micro y peque\u00f1as empresas, al mismo tiempo que forma profesionales con una visi\u00f3n pr\u00e1ctica, sensible al contexto y orientada a la soluci\u00f3n de problem\u00e1ticas reales.<\/span><\/p>\n<p><span style=\"font-weight: 400;\">Con Soluciones Empresariales CETYS, la Escuela de Administraci\u00f3n y Negocios del Campus Mexicali consolida un modelo educativo que articula formaci\u00f3n acad\u00e9mica, vinculaci\u00f3n y compromiso con el entorno, generando valor tanto para los estudiantes como para el tejido empresarial de la regi\u00f3n.<\/span><\/p>\n","protected":false},"excerpt":{"rendered":"<p>Como parte de la visi\u00f3n estrat\u00e9gica de la Direcci\u00f3n de la Escuela de Administraci\u00f3n y Negocios del Campus Mexicali de CETYS Universidad,&#8230;<\/p>\n","protected":false},"author":20,"featured_media":220291,"comment_status":"open","ping_status":"closed","sticky":false,"template":"","format":"standard","meta":{"footnotes":""},"categories":[133,313],"tags":[],"class_list":["post-220294","post","type-post","status-publish","format-standard","has-post-thumbnail","hentry","category-campus-mexicali","category-vocetys-2"],"yoast_head":"<!-- This site is optimized with the Yoast SEO plugin v27.4 - https:\/\/yoast.com\/product\/yoast-seo-wordpress\/ -->\n<title>CETYS impulsa la consultor\u00eda empresarial desde el primer semestre como estrategia para el desarrollo econ\u00f3mico local - CETYS<\/title>\n<meta name=\"description\" content=\"Articulo sobre CETYS impulsa la consultor\u00eda empresarial desde el primer semestre como estrategia para el desarrollo econ\u00f3mico local\" \/>\n<meta name=\"robots\" content=\"index, follow, max-snippet:-1, max-image-preview:large, max-video-preview:-1\" \/>\n<link rel=\"canonical\" href=\"https:\/\/www.cetys.mx\/noticias\/cetys-impulsa-la-consultoria-empresarial-desde-el-primer-semestre-como-estrategia-para-el-desarrollo-economico-local\/\" \/>\n<meta property=\"og:locale\" content=\"es_MX\" \/>\n<meta property=\"og:type\" content=\"article\" \/>\n<meta property=\"og:title\" content=\"CETYS impulsa la consultor\u00eda empresarial desde el primer semestre como estrategia para el desarrollo econ\u00f3mico local - CETYS\" \/>\n<meta property=\"og:description\" content=\"Articulo sobre CETYS impulsa la consultor\u00eda empresarial desde el primer semestre como estrategia para el desarrollo econ\u00f3mico local\" \/>\n<meta property=\"og:url\" content=\"https:\/\/www.cetys.mx\/noticias\/cetys-impulsa-la-consultoria-empresarial-desde-el-primer-semestre-como-estrategia-para-el-desarrollo-economico-local\/\" \/>\n<meta property=\"og:site_name\" content=\"CETYS\" \/>\n<meta property=\"article:publisher\" content=\"https:\/\/www.facebook.com\/cetysuniversidadmxl\/\" \/>\n<meta property=\"article:published_time\" content=\"2026-02-25T23:30:36+00:00\" \/>\n<meta property=\"og:image\" content=\"https:\/\/www.cetys.mx\/noticias\/wp-content\/uploads\/2026\/02\/A742436.jpg\" \/>\n\t<meta property=\"og:image:width\" content=\"958\" \/>\n\t<meta property=\"og:image:height\" content=\"718\" \/>\n\t<meta property=\"og:image:type\" content=\"image\/jpeg\" \/>\n<meta name=\"author\" content=\"Campus Mexicali\" \/>\n<meta name=\"twitter:card\" content=\"summary_large_image\" \/>\n<meta name=\"twitter:creator\" content=\"@cetysuni\" \/>\n<meta name=\"twitter:site\" content=\"@cetysuni\" \/>\n<meta name=\"twitter:label1\" content=\"Escrito por\" \/>\n\t<meta name=\"twitter:data1\" content=\"Campus Mexicali\" \/>\n\t<meta name=\"twitter:label2\" content=\"Tiempo de lectura\" \/>\n\t<meta name=\"twitter:data2\" content=\"3 minutos\" \/>\n<script type=\"application\/ld+json\" class=\"yoast-schema-graph\">{\"@context\":\"https:\\\/\\\/schema.org\",\"@graph\":[{\"@type\":\"Article\",\"@id\":\"https:\\\/\\\/www.cetys.mx\\\/noticias\\\/cetys-impulsa-la-consultoria-empresarial-desde-el-primer-semestre-como-estrategia-para-el-desarrollo-economico-local\\\/#article\",\"isPartOf\":{\"@id\":\"https:\\\/\\\/www.cetys.mx\\\/noticias\\\/cetys-impulsa-la-consultoria-empresarial-desde-el-primer-semestre-como-estrategia-para-el-desarrollo-economico-local\\\/\"},\"author\":{\"name\":\"Campus Mexicali\",\"@id\":\"https:\\\/\\\/www.cetys.mx\\\/noticias\\\/#\\\/schema\\\/person\\\/79a95c4ac185f3705cf1b9c9340a5f70\"},\"headline\":\"CETYS impulsa la consultor\u00eda empresarial desde el primer semestre como estrategia para el desarrollo econ\u00f3mico local\",\"datePublished\":\"2026-02-25T23:30:36+00:00\",\"mainEntityOfPage\":{\"@id\":\"https:\\\/\\\/www.cetys.mx\\\/noticias\\\/cetys-impulsa-la-consultoria-empresarial-desde-el-primer-semestre-como-estrategia-para-el-desarrollo-economico-local\\\/\"},\"wordCount\":689,\"commentCount\":0,\"image\":{\"@id\":\"https:\\\/\\\/www.cetys.mx\\\/noticias\\\/cetys-impulsa-la-consultoria-empresarial-desde-el-primer-semestre-como-estrategia-para-el-desarrollo-economico-local\\\/#primaryimage\"},\"thumbnailUrl\":\"https:\\\/\\\/www.cetys.mx\\\/noticias\\\/wp-content\\\/uploads\\\/2026\\\/02\\\/A742436.jpg\",\"articleSection\":[\"Campus Mexicali\",\"VoCETYS\"],\"inLanguage\":\"es\",\"potentialAction\":[{\"@type\":\"CommentAction\",\"name\":\"Comment\",\"target\":[\"https:\\\/\\\/www.cetys.mx\\\/noticias\\\/cetys-impulsa-la-consultoria-empresarial-desde-el-primer-semestre-como-estrategia-para-el-desarrollo-economico-local\\\/#respond\"]}]},{\"@type\":\"WebPage\",\"@id\":\"https:\\\/\\\/www.cetys.mx\\\/noticias\\\/cetys-impulsa-la-consultoria-empresarial-desde-el-primer-semestre-como-estrategia-para-el-desarrollo-economico-local\\\/\",\"url\":\"https:\\\/\\\/www.cetys.mx\\\/noticias\\\/cetys-impulsa-la-consultoria-empresarial-desde-el-primer-semestre-como-estrategia-para-el-desarrollo-economico-local\\\/\",\"name\":\"CETYS impulsa la consultor\u00eda empresarial desde el primer semestre como estrategia para el desarrollo econ\u00f3mico local - CETYS\",\"isPartOf\":{\"@id\":\"https:\\\/\\\/www.cetys.mx\\\/noticias\\\/#website\"},\"primaryImageOfPage\":{\"@id\":\"https:\\\/\\\/www.cetys.mx\\\/noticias\\\/cetys-impulsa-la-consultoria-empresarial-desde-el-primer-semestre-como-estrategia-para-el-desarrollo-economico-local\\\/#primaryimage\"},\"image\":{\"@id\":\"https:\\\/\\\/www.cetys.mx\\\/noticias\\\/cetys-impulsa-la-consultoria-empresarial-desde-el-primer-semestre-como-estrategia-para-el-desarrollo-economico-local\\\/#primaryimage\"},\"thumbnailUrl\":\"https:\\\/\\\/www.cetys.mx\\\/noticias\\\/wp-content\\\/uploads\\\/2026\\\/02\\\/A742436.jpg\",\"datePublished\":\"2026-02-25T23:30:36+00:00\",\"author\":{\"@id\":\"https:\\\/\\\/www.cetys.mx\\\/noticias\\\/#\\\/schema\\\/person\\\/79a95c4ac185f3705cf1b9c9340a5f70\"},\"description\":\"Articulo sobre CETYS impulsa la consultor\u00eda empresarial desde el primer semestre como estrategia para el desarrollo econ\u00f3mico local\",\"breadcrumb\":{\"@id\":\"https:\\\/\\\/www.cetys.mx\\\/noticias\\\/cetys-impulsa-la-consultoria-empresarial-desde-el-primer-semestre-como-estrategia-para-el-desarrollo-economico-local\\\/#breadcrumb\"},\"inLanguage\":\"es\",\"potentialAction\":[{\"@type\":\"ReadAction\",\"target\":[\"https:\\\/\\\/www.cetys.mx\\\/noticias\\\/cetys-impulsa-la-consultoria-empresarial-desde-el-primer-semestre-como-estrategia-para-el-desarrollo-economico-local\\\/\"]}]},{\"@type\":\"ImageObject\",\"inLanguage\":\"es\",\"@id\":\"https:\\\/\\\/www.cetys.mx\\\/noticias\\\/cetys-impulsa-la-consultoria-empresarial-desde-el-primer-semestre-como-estrategia-para-el-desarrollo-economico-local\\\/#primaryimage\",\"url\":\"https:\\\/\\\/www.cetys.mx\\\/noticias\\\/wp-content\\\/uploads\\\/2026\\\/02\\\/A742436.jpg\",\"contentUrl\":\"https:\\\/\\\/www.cetys.mx\\\/noticias\\\/wp-content\\\/uploads\\\/2026\\\/02\\\/A742436.jpg\",\"width\":958,\"height\":718},{\"@type\":\"BreadcrumbList\",\"@id\":\"https:\\\/\\\/www.cetys.mx\\\/noticias\\\/cetys-impulsa-la-consultoria-empresarial-desde-el-primer-semestre-como-estrategia-para-el-desarrollo-economico-local\\\/#breadcrumb\",\"itemListElement\":[{\"@type\":\"ListItem\",\"position\":1,\"name\":\"Inicio\",\"item\":\"https:\\\/\\\/www.cetys.mx\\\/noticias\\\/\"},{\"@type\":\"ListItem\",\"position\":2,\"name\":\"CETYS impulsa la consultor\u00eda empresarial desde el primer semestre como estrategia para el desarrollo econ\u00f3mico local\"}]},{\"@type\":\"WebSite\",\"@id\":\"https:\\\/\\\/www.cetys.mx\\\/noticias\\\/#website\",\"url\":\"https:\\\/\\\/www.cetys.mx\\\/noticias\\\/\",\"name\":\"CETYS\",\"description\":\"\",\"potentialAction\":[{\"@type\":\"SearchAction\",\"target\":{\"@type\":\"EntryPoint\",\"urlTemplate\":\"https:\\\/\\\/www.cetys.mx\\\/noticias\\\/?s={search_term_string}\"},\"query-input\":{\"@type\":\"PropertyValueSpecification\",\"valueRequired\":true,\"valueName\":\"search_term_string\"}}],\"inLanguage\":\"es\"},{\"@type\":\"Person\",\"@id\":\"https:\\\/\\\/www.cetys.mx\\\/noticias\\\/#\\\/schema\\\/person\\\/79a95c4ac185f3705cf1b9c9340a5f70\",\"name\":\"Campus Mexicali\",\"url\":\"https:\\\/\\\/www.cetys.mx\\\/noticias\\\/author\\\/campusmexicali\\\/\"}]}<\/script>\n<!-- \/ Yoast SEO plugin. -->","yoast_head_json":{"title":"CETYS impulsa la consultor\u00eda empresarial desde el primer semestre como estrategia para el desarrollo econ\u00f3mico local - CETYS","description":"Articulo sobre CETYS impulsa la consultor\u00eda empresarial desde el primer semestre como estrategia para el desarrollo econ\u00f3mico local","robots":{"index":"index","follow":"follow","max-snippet":"max-snippet:-1","max-image-preview":"max-image-preview:large","max-video-preview":"max-video-preview:-1"},"canonical":"https:\/\/www.cetys.mx\/noticias\/cetys-impulsa-la-consultoria-empresarial-desde-el-primer-semestre-como-estrategia-para-el-desarrollo-economico-local\/","og_locale":"es_MX","og_type":"article","og_title":"CETYS impulsa la consultor\u00eda empresarial desde el primer semestre como estrategia para el desarrollo econ\u00f3mico local - CETYS","og_description":"Articulo sobre CETYS impulsa la consultor\u00eda empresarial desde el primer semestre como estrategia para el desarrollo econ\u00f3mico local","og_url":"https:\/\/www.cetys.mx\/noticias\/cetys-impulsa-la-consultoria-empresarial-desde-el-primer-semestre-como-estrategia-para-el-desarrollo-economico-local\/","og_site_name":"CETYS","article_publisher":"https:\/\/www.facebook.com\/cetysuniversidadmxl\/","article_published_time":"2026-02-25T23:30:36+00:00","og_image":[{"width":958,"height":718,"url":"https:\/\/www.cetys.mx\/noticias\/wp-content\/uploads\/2026\/02\/A742436.jpg","type":"image\/jpeg"}],"author":"Campus Mexicali","twitter_card":"summary_large_image","twitter_creator":"@cetysuni","twitter_site":"@cetysuni","twitter_misc":{"Escrito por":"Campus Mexicali","Tiempo de lectura":"3 minutos"},"schema":{"@context":"https:\/\/schema.org","@graph":[{"@type":"Article","@id":"https:\/\/www.cetys.mx\/noticias\/cetys-impulsa-la-consultoria-empresarial-desde-el-primer-semestre-como-estrategia-para-el-desarrollo-economico-local\/#article","isPartOf":{"@id":"https:\/\/www.cetys.mx\/noticias\/cetys-impulsa-la-consultoria-empresarial-desde-el-primer-semestre-como-estrategia-para-el-desarrollo-economico-local\/"},"author":{"name":"Campus Mexicali","@id":"https:\/\/www.cetys.mx\/noticias\/#\/schema\/person\/79a95c4ac185f3705cf1b9c9340a5f70"},"headline":"CETYS impulsa la consultor\u00eda empresarial desde el primer semestre como estrategia para el desarrollo econ\u00f3mico local","datePublished":"2026-02-25T23:30:36+00:00","mainEntityOfPage":{"@id":"https:\/\/www.cetys.mx\/noticias\/cetys-impulsa-la-consultoria-empresarial-desde-el-primer-semestre-como-estrategia-para-el-desarrollo-economico-local\/"},"wordCount":689,"commentCount":0,"image":{"@id":"https:\/\/www.cetys.mx\/noticias\/cetys-impulsa-la-consultoria-empresarial-desde-el-primer-semestre-como-estrategia-para-el-desarrollo-economico-local\/#primaryimage"},"thumbnailUrl":"https:\/\/www.cetys.mx\/noticias\/wp-content\/uploads\/2026\/02\/A742436.jpg","articleSection":["Campus Mexicali","VoCETYS"],"inLanguage":"es","potentialAction":[{"@type":"CommentAction","name":"Comment","target":["https:\/\/www.cetys.mx\/noticias\/cetys-impulsa-la-consultoria-empresarial-desde-el-primer-semestre-como-estrategia-para-el-desarrollo-economico-local\/#respond"]}]},{"@type":"WebPage","@id":"https:\/\/www.cetys.mx\/noticias\/cetys-impulsa-la-consultoria-empresarial-desde-el-primer-semestre-como-estrategia-para-el-desarrollo-economico-local\/","url":"https:\/\/www.cetys.mx\/noticias\/cetys-impulsa-la-consultoria-empresarial-desde-el-primer-semestre-como-estrategia-para-el-desarrollo-economico-local\/","name":"CETYS impulsa la consultor\u00eda empresarial desde el primer semestre como estrategia para el desarrollo econ\u00f3mico local - CETYS","isPartOf":{"@id":"https:\/\/www.cetys.mx\/noticias\/#website"},"primaryImageOfPage":{"@id":"https:\/\/www.cetys.mx\/noticias\/cetys-impulsa-la-consultoria-empresarial-desde-el-primer-semestre-como-estrategia-para-el-desarrollo-economico-local\/#primaryimage"},"image":{"@id":"https:\/\/www.cetys.mx\/noticias\/cetys-impulsa-la-consultoria-empresarial-desde-el-primer-semestre-como-estrategia-para-el-desarrollo-economico-local\/#primaryimage"},"thumbnailUrl":"https:\/\/www.cetys.mx\/noticias\/wp-content\/uploads\/2026\/02\/A742436.jpg","datePublished":"2026-02-25T23:30:36+00:00","author":{"@id":"https:\/\/www.cetys.mx\/noticias\/#\/schema\/person\/79a95c4ac185f3705cf1b9c9340a5f70"},"description":"Articulo sobre CETYS impulsa la consultor\u00eda empresarial desde el primer semestre como estrategia para el desarrollo econ\u00f3mico local","breadcrumb":{"@id":"https:\/\/www.cetys.mx\/noticias\/cetys-impulsa-la-consultoria-empresarial-desde-el-primer-semestre-como-estrategia-para-el-desarrollo-economico-local\/#breadcrumb"},"inLanguage":"es","potentialAction":[{"@type":"ReadAction","target":["https:\/\/www.cetys.mx\/noticias\/cetys-impulsa-la-consultoria-empresarial-desde-el-primer-semestre-como-estrategia-para-el-desarrollo-economico-local\/"]}]},{"@type":"ImageObject","inLanguage":"es","@id":"https:\/\/www.cetys.mx\/noticias\/cetys-impulsa-la-consultoria-empresarial-desde-el-primer-semestre-como-estrategia-para-el-desarrollo-economico-local\/#primaryimage","url":"https:\/\/www.cetys.mx\/noticias\/wp-content\/uploads\/2026\/02\/A742436.jpg","contentUrl":"https:\/\/www.cetys.mx\/noticias\/wp-content\/uploads\/2026\/02\/A742436.jpg","width":958,"height":718},{"@type":"BreadcrumbList","@id":"https:\/\/www.cetys.mx\/noticias\/cetys-impulsa-la-consultoria-empresarial-desde-el-primer-semestre-como-estrategia-para-el-desarrollo-economico-local\/#breadcrumb","itemListElement":[{"@type":"ListItem","position":1,"name":"Inicio","item":"https:\/\/www.cetys.mx\/noticias\/"},{"@type":"ListItem","position":2,"name":"CETYS impulsa la consultor\u00eda empresarial desde el primer semestre como estrategia para el desarrollo econ\u00f3mico local"}]},{"@type":"WebSite","@id":"https:\/\/www.cetys.mx\/noticias\/#website","url":"https:\/\/www.cetys.mx\/noticias\/","name":"CETYS","description":"","potentialAction":[{"@type":"SearchAction","target":{"@type":"EntryPoint","urlTemplate":"https:\/\/www.cetys.mx\/noticias\/?s={search_term_string}"},"query-input":{"@type":"PropertyValueSpecification","valueRequired":true,"valueName":"search_term_string"}}],"inLanguage":"es"},{"@type":"Person","@id":"https:\/\/www.cetys.mx\/noticias\/#\/schema\/person\/79a95c4ac185f3705cf1b9c9340a5f70","name":"Campus Mexicali","url":"https:\/\/www.cetys.mx\/noticias\/author\/campusmexicali\/"}]}},"_links":{"self":[{"href":"https:\/\/www.cetys.mx\/noticias\/wp-json\/wp\/v2\/posts\/220294","targetHints":{"allow":["GET"]}}],"collection":[{"href":"https:\/\/www.cetys.mx\/noticias\/wp-json\/wp\/v2\/posts"}],"about":[{"href":"https:\/\/www.cetys.mx\/noticias\/wp-json\/wp\/v2\/types\/post"}],"author":[{"embeddable":true,"href":"https:\/\/www.cetys.mx\/noticias\/wp-json\/wp\/v2\/users\/20"}],"replies":[{"embeddable":true,"href":"https:\/\/www.cetys.mx\/noticias\/wp-json\/wp\/v2\/comments?post=220294"}],"version-history":[{"count":1,"href":"https:\/\/www.cetys.mx\/noticias\/wp-json\/wp\/v2\/posts\/220294\/revisions"}],"predecessor-version":[{"id":220295,"href":"https:\/\/www.cetys.mx\/noticias\/wp-json\/wp\/v2\/posts\/220294\/revisions\/220295"}],"wp:featuredmedia":[{"embeddable":true,"href":"https:\/\/www.cetys.mx\/noticias\/wp-json\/wp\/v2\/media\/220291"}],"wp:attachment":[{"href":"https:\/\/www.cetys.mx\/noticias\/wp-json\/wp\/v2\/media?parent=220294"}],"wp:term":[{"taxonomy":"category","embeddable":true,"href":"https:\/\/www.cetys.mx\/noticias\/wp-json\/wp\/v2\/categories?post=220294"},{"taxonomy":"post_tag","embeddable":true,"href":"https:\/\/www.cetys.mx\/noticias\/wp-json\/wp\/v2\/tags?post=220294"}],"curies":[{"name":"wp","href":"https:\/\/api.w.org\/{rel}","templated":true}]}}