{"id":220281,"date":"2026-02-24T17:49:47","date_gmt":"2026-02-25T01:49:47","guid":{"rendered":"https:\/\/www.cetys.mx\/noticias\/?p=220281"},"modified":"2026-02-25T17:12:02","modified_gmt":"2026-02-26T01:12:02","slug":"biblioteca-cetys-recibe-a-estudiantes-del-preescolar","status":"publish","type":"post","link":"https:\/\/www.cetys.mx\/noticias\/biblioteca-cetys-recibe-a-estudiantes-del-preescolar\/","title":{"rendered":"Biblioteca CETYS recibe a estudiantes del preescolar"},"content":{"rendered":"<p data-start=\"172\" data-end=\"590\">La Biblioteca de <span class=\"hover:entity-accent entity-underline inline cursor-pointer align-baseline\"><span class=\"whitespace-normal\">CETYS Universidad<\/span><\/span> Campus Internacional Ensenada recibi\u00f3 la visita de aproximadamente 65 personas, entre estudiantes y acompa\u00f1antes, pertenecientes a los grupos de primero, segundo y tercer grado del jard\u00edn de ni\u00f1os y ni\u00f1as Chapultepec, como parte de una jornada de acercamiento a la lectura y a los servicios bibliotecarios.<\/p>\n<p data-start=\"592\" data-end=\"856\">Durante la visita guiada, las y los estudiantes, acompa\u00f1ados por la Mtra. Araceli Murillo, participaron en diversas actividades dise\u00f1adas para fomentar el gusto por la lectura, el cuidado del acervo bibliogr\u00e1fico y el conocimiento de los espacios de la biblioteca.<\/p>\n<p data-start=\"858\" data-end=\"1233\">El recorrido incluy\u00f3 la exploraci\u00f3n de las instalaciones, \u00e1reas de consulta y lectura, as\u00ed como din\u00e1micas de lectura de cuentos, actividades de coloreado y ejercicios de participaci\u00f3n interactiva. Adem\u00e1s, las ni\u00f1as y ni\u00f1os disfrutaron de actividades l\u00fadicas en el rinc\u00f3n infantil, un espacio especialmente dise\u00f1ado para el aprendizaje y la convivencia en entornos de lectura.<\/p>\n<p data-start=\"1235\" data-end=\"1502\">Esta actividad forma parte de las acciones permanentes de la Biblioteca CETYS para promover la alfabetizaci\u00f3n informacional y el acceso a la lectura desde edades tempranas, reforzando su compromiso con la formaci\u00f3n integral y el desarrollo educativo de la comunidad.<\/p>\n","protected":false},"excerpt":{"rendered":"<p>La Biblioteca de CETYS Universidad Campus Internacional Ensenada recibi\u00f3 la visita de aproximadamente 65 personas, entre estudiantes y acompa\u00f1antes, pertenecientes a los&#8230;<\/p>\n","protected":false},"author":23,"featured_media":220282,"comment_status":"open","ping_status":"closed","sticky":false,"template":"","format":"standard","meta":{"footnotes":""},"categories":[132,125,313],"tags":[273],"class_list":["post-220281","post","type-post","status-publish","format-standard","has-post-thumbnail","hentry","category-campus-ensenada","category-portada","category-vocetys-2","tag-biblioteca"],"yoast_head":"<!-- This site is optimized with the Yoast SEO plugin v27.4 - https:\/\/yoast.com\/product\/yoast-seo-wordpress\/ -->\n<title>Biblioteca CETYS recibe a estudiantes del preescolar - CETYS<\/title>\n<meta name=\"description\" content=\"Articulo sobre Biblioteca CETYS recibe a estudiantes del preescolar\" \/>\n<meta name=\"robots\" content=\"index, follow, max-snippet:-1, max-image-preview:large, max-video-preview:-1\" \/>\n<link rel=\"canonical\" href=\"https:\/\/www.cetys.mx\/noticias\/biblioteca-cetys-recibe-a-estudiantes-del-preescolar\/\" \/>\n<meta property=\"og:locale\" content=\"es_MX\" \/>\n<meta property=\"og:type\" content=\"article\" \/>\n<meta property=\"og:title\" content=\"Biblioteca CETYS recibe a estudiantes del preescolar - CETYS\" \/>\n<meta property=\"og:description\" content=\"Articulo sobre Biblioteca CETYS recibe a estudiantes del preescolar\" \/>\n<meta property=\"og:url\" content=\"https:\/\/www.cetys.mx\/noticias\/biblioteca-cetys-recibe-a-estudiantes-del-preescolar\/\" \/>\n<meta property=\"og:site_name\" content=\"CETYS\" \/>\n<meta property=\"article:publisher\" content=\"https:\/\/www.facebook.com\/cetysuniversidadmxl\/\" \/>\n<meta property=\"article:published_time\" content=\"2026-02-25T01:49:47+00:00\" \/>\n<meta property=\"article:modified_time\" content=\"2026-02-26T01:12:02+00:00\" \/>\n<meta property=\"og:image\" content=\"https:\/\/www.cetys.mx\/noticias\/wp-content\/uploads\/2026\/02\/IMG-20260211-WA0016-1-1.jpg\" \/>\n\t<meta property=\"og:image:width\" content=\"1600\" \/>\n\t<meta property=\"og:image:height\" content=\"720\" \/>\n\t<meta property=\"og:image:type\" content=\"image\/jpeg\" \/>\n<meta name=\"author\" content=\"Campus Ensenada\" \/>\n<meta name=\"twitter:card\" content=\"summary_large_image\" \/>\n<meta name=\"twitter:creator\" content=\"@cetysuni\" \/>\n<meta name=\"twitter:site\" content=\"@cetysuni\" \/>\n<meta name=\"twitter:label1\" content=\"Escrito por\" \/>\n\t<meta name=\"twitter:data1\" content=\"Campus Ensenada\" \/>\n\t<meta name=\"twitter:label2\" content=\"Tiempo de lectura\" \/>\n\t<meta name=\"twitter:data2\" content=\"1 minuto\" \/>\n<script type=\"application\/ld+json\" class=\"yoast-schema-graph\">{\"@context\":\"https:\\\/\\\/schema.org\",\"@graph\":[{\"@type\":\"Article\",\"@id\":\"https:\\\/\\\/www.cetys.mx\\\/noticias\\\/biblioteca-cetys-recibe-a-estudiantes-del-preescolar\\\/#article\",\"isPartOf\":{\"@id\":\"https:\\\/\\\/www.cetys.mx\\\/noticias\\\/biblioteca-cetys-recibe-a-estudiantes-del-preescolar\\\/\"},\"author\":{\"name\":\"Campus Ensenada\",\"@id\":\"https:\\\/\\\/www.cetys.mx\\\/noticias\\\/#\\\/schema\\\/person\\\/1a1a88c0b6586e66a2e9e88e07afc712\"},\"headline\":\"Biblioteca CETYS recibe a estudiantes del preescolar\",\"datePublished\":\"2026-02-25T01:49:47+00:00\",\"dateModified\":\"2026-02-26T01:12:02+00:00\",\"mainEntityOfPage\":{\"@id\":\"https:\\\/\\\/www.cetys.mx\\\/noticias\\\/biblioteca-cetys-recibe-a-estudiantes-del-preescolar\\\/\"},\"wordCount\":210,\"commentCount\":0,\"image\":{\"@id\":\"https:\\\/\\\/www.cetys.mx\\\/noticias\\\/biblioteca-cetys-recibe-a-estudiantes-del-preescolar\\\/#primaryimage\"},\"thumbnailUrl\":\"https:\\\/\\\/www.cetys.mx\\\/noticias\\\/wp-content\\\/uploads\\\/2026\\\/02\\\/IMG-20260211-WA0016-1-1.jpg\",\"keywords\":[\"Biblioteca\"],\"articleSection\":[\"Campus Ensenada\",\"Portada\",\"VoCETYS\"],\"inLanguage\":\"es\",\"potentialAction\":[{\"@type\":\"CommentAction\",\"name\":\"Comment\",\"target\":[\"https:\\\/\\\/www.cetys.mx\\\/noticias\\\/biblioteca-cetys-recibe-a-estudiantes-del-preescolar\\\/#respond\"]}]},{\"@type\":\"WebPage\",\"@id\":\"https:\\\/\\\/www.cetys.mx\\\/noticias\\\/biblioteca-cetys-recibe-a-estudiantes-del-preescolar\\\/\",\"url\":\"https:\\\/\\\/www.cetys.mx\\\/noticias\\\/biblioteca-cetys-recibe-a-estudiantes-del-preescolar\\\/\",\"name\":\"Biblioteca CETYS recibe a estudiantes del preescolar - CETYS\",\"isPartOf\":{\"@id\":\"https:\\\/\\\/www.cetys.mx\\\/noticias\\\/#website\"},\"primaryImageOfPage\":{\"@id\":\"https:\\\/\\\/www.cetys.mx\\\/noticias\\\/biblioteca-cetys-recibe-a-estudiantes-del-preescolar\\\/#primaryimage\"},\"image\":{\"@id\":\"https:\\\/\\\/www.cetys.mx\\\/noticias\\\/biblioteca-cetys-recibe-a-estudiantes-del-preescolar\\\/#primaryimage\"},\"thumbnailUrl\":\"https:\\\/\\\/www.cetys.mx\\\/noticias\\\/wp-content\\\/uploads\\\/2026\\\/02\\\/IMG-20260211-WA0016-1-1.jpg\",\"datePublished\":\"2026-02-25T01:49:47+00:00\",\"dateModified\":\"2026-02-26T01:12:02+00:00\",\"author\":{\"@id\":\"https:\\\/\\\/www.cetys.mx\\\/noticias\\\/#\\\/schema\\\/person\\\/1a1a88c0b6586e66a2e9e88e07afc712\"},\"description\":\"Articulo sobre Biblioteca CETYS recibe a estudiantes del preescolar\",\"breadcrumb\":{\"@id\":\"https:\\\/\\\/www.cetys.mx\\\/noticias\\\/biblioteca-cetys-recibe-a-estudiantes-del-preescolar\\\/#breadcrumb\"},\"inLanguage\":\"es\",\"potentialAction\":[{\"@type\":\"ReadAction\",\"target\":[\"https:\\\/\\\/www.cetys.mx\\\/noticias\\\/biblioteca-cetys-recibe-a-estudiantes-del-preescolar\\\/\"]}]},{\"@type\":\"ImageObject\",\"inLanguage\":\"es\",\"@id\":\"https:\\\/\\\/www.cetys.mx\\\/noticias\\\/biblioteca-cetys-recibe-a-estudiantes-del-preescolar\\\/#primaryimage\",\"url\":\"https:\\\/\\\/www.cetys.mx\\\/noticias\\\/wp-content\\\/uploads\\\/2026\\\/02\\\/IMG-20260211-WA0016-1-1.jpg\",\"contentUrl\":\"https:\\\/\\\/www.cetys.mx\\\/noticias\\\/wp-content\\\/uploads\\\/2026\\\/02\\\/IMG-20260211-WA0016-1-1.jpg\",\"width\":1600,\"height\":720},{\"@type\":\"BreadcrumbList\",\"@id\":\"https:\\\/\\\/www.cetys.mx\\\/noticias\\\/biblioteca-cetys-recibe-a-estudiantes-del-preescolar\\\/#breadcrumb\",\"itemListElement\":[{\"@type\":\"ListItem\",\"position\":1,\"name\":\"Inicio\",\"item\":\"https:\\\/\\\/www.cetys.mx\\\/noticias\\\/\"},{\"@type\":\"ListItem\",\"position\":2,\"name\":\"Biblioteca CETYS recibe a estudiantes del preescolar\"}]},{\"@type\":\"WebSite\",\"@id\":\"https:\\\/\\\/www.cetys.mx\\\/noticias\\\/#website\",\"url\":\"https:\\\/\\\/www.cetys.mx\\\/noticias\\\/\",\"name\":\"CETYS\",\"description\":\"\",\"potentialAction\":[{\"@type\":\"SearchAction\",\"target\":{\"@type\":\"EntryPoint\",\"urlTemplate\":\"https:\\\/\\\/www.cetys.mx\\\/noticias\\\/?s={search_term_string}\"},\"query-input\":{\"@type\":\"PropertyValueSpecification\",\"valueRequired\":true,\"valueName\":\"search_term_string\"}}],\"inLanguage\":\"es\"},{\"@type\":\"Person\",\"@id\":\"https:\\\/\\\/www.cetys.mx\\\/noticias\\\/#\\\/schema\\\/person\\\/1a1a88c0b6586e66a2e9e88e07afc712\",\"name\":\"Campus Ensenada\",\"url\":\"https:\\\/\\\/www.cetys.mx\\\/noticias\\\/author\\\/campusensenada\\\/\"}]}<\/script>\n<!-- \/ Yoast SEO plugin. -->","yoast_head_json":{"title":"Biblioteca CETYS recibe a estudiantes del preescolar - CETYS","description":"Articulo sobre Biblioteca CETYS recibe a estudiantes del preescolar","robots":{"index":"index","follow":"follow","max-snippet":"max-snippet:-1","max-image-preview":"max-image-preview:large","max-video-preview":"max-video-preview:-1"},"canonical":"https:\/\/www.cetys.mx\/noticias\/biblioteca-cetys-recibe-a-estudiantes-del-preescolar\/","og_locale":"es_MX","og_type":"article","og_title":"Biblioteca CETYS recibe a estudiantes del preescolar - CETYS","og_description":"Articulo sobre Biblioteca CETYS recibe a estudiantes del preescolar","og_url":"https:\/\/www.cetys.mx\/noticias\/biblioteca-cetys-recibe-a-estudiantes-del-preescolar\/","og_site_name":"CETYS","article_publisher":"https:\/\/www.facebook.com\/cetysuniversidadmxl\/","article_published_time":"2026-02-25T01:49:47+00:00","article_modified_time":"2026-02-26T01:12:02+00:00","og_image":[{"width":1600,"height":720,"url":"https:\/\/www.cetys.mx\/noticias\/wp-content\/uploads\/2026\/02\/IMG-20260211-WA0016-1-1.jpg","type":"image\/jpeg"}],"author":"Campus Ensenada","twitter_card":"summary_large_image","twitter_creator":"@cetysuni","twitter_site":"@cetysuni","twitter_misc":{"Escrito por":"Campus Ensenada","Tiempo de lectura":"1 minuto"},"schema":{"@context":"https:\/\/schema.org","@graph":[{"@type":"Article","@id":"https:\/\/www.cetys.mx\/noticias\/biblioteca-cetys-recibe-a-estudiantes-del-preescolar\/#article","isPartOf":{"@id":"https:\/\/www.cetys.mx\/noticias\/biblioteca-cetys-recibe-a-estudiantes-del-preescolar\/"},"author":{"name":"Campus Ensenada","@id":"https:\/\/www.cetys.mx\/noticias\/#\/schema\/person\/1a1a88c0b6586e66a2e9e88e07afc712"},"headline":"Biblioteca CETYS recibe a estudiantes del preescolar","datePublished":"2026-02-25T01:49:47+00:00","dateModified":"2026-02-26T01:12:02+00:00","mainEntityOfPage":{"@id":"https:\/\/www.cetys.mx\/noticias\/biblioteca-cetys-recibe-a-estudiantes-del-preescolar\/"},"wordCount":210,"commentCount":0,"image":{"@id":"https:\/\/www.cetys.mx\/noticias\/biblioteca-cetys-recibe-a-estudiantes-del-preescolar\/#primaryimage"},"thumbnailUrl":"https:\/\/www.cetys.mx\/noticias\/wp-content\/uploads\/2026\/02\/IMG-20260211-WA0016-1-1.jpg","keywords":["Biblioteca"],"articleSection":["Campus Ensenada","Portada","VoCETYS"],"inLanguage":"es","potentialAction":[{"@type":"CommentAction","name":"Comment","target":["https:\/\/www.cetys.mx\/noticias\/biblioteca-cetys-recibe-a-estudiantes-del-preescolar\/#respond"]}]},{"@type":"WebPage","@id":"https:\/\/www.cetys.mx\/noticias\/biblioteca-cetys-recibe-a-estudiantes-del-preescolar\/","url":"https:\/\/www.cetys.mx\/noticias\/biblioteca-cetys-recibe-a-estudiantes-del-preescolar\/","name":"Biblioteca CETYS recibe a estudiantes del preescolar - CETYS","isPartOf":{"@id":"https:\/\/www.cetys.mx\/noticias\/#website"},"primaryImageOfPage":{"@id":"https:\/\/www.cetys.mx\/noticias\/biblioteca-cetys-recibe-a-estudiantes-del-preescolar\/#primaryimage"},"image":{"@id":"https:\/\/www.cetys.mx\/noticias\/biblioteca-cetys-recibe-a-estudiantes-del-preescolar\/#primaryimage"},"thumbnailUrl":"https:\/\/www.cetys.mx\/noticias\/wp-content\/uploads\/2026\/02\/IMG-20260211-WA0016-1-1.jpg","datePublished":"2026-02-25T01:49:47+00:00","dateModified":"2026-02-26T01:12:02+00:00","author":{"@id":"https:\/\/www.cetys.mx\/noticias\/#\/schema\/person\/1a1a88c0b6586e66a2e9e88e07afc712"},"description":"Articulo sobre Biblioteca CETYS recibe a estudiantes del preescolar","breadcrumb":{"@id":"https:\/\/www.cetys.mx\/noticias\/biblioteca-cetys-recibe-a-estudiantes-del-preescolar\/#breadcrumb"},"inLanguage":"es","potentialAction":[{"@type":"ReadAction","target":["https:\/\/www.cetys.mx\/noticias\/biblioteca-cetys-recibe-a-estudiantes-del-preescolar\/"]}]},{"@type":"ImageObject","inLanguage":"es","@id":"https:\/\/www.cetys.mx\/noticias\/biblioteca-cetys-recibe-a-estudiantes-del-preescolar\/#primaryimage","url":"https:\/\/www.cetys.mx\/noticias\/wp-content\/uploads\/2026\/02\/IMG-20260211-WA0016-1-1.jpg","contentUrl":"https:\/\/www.cetys.mx\/noticias\/wp-content\/uploads\/2026\/02\/IMG-20260211-WA0016-1-1.jpg","width":1600,"height":720},{"@type":"BreadcrumbList","@id":"https:\/\/www.cetys.mx\/noticias\/biblioteca-cetys-recibe-a-estudiantes-del-preescolar\/#breadcrumb","itemListElement":[{"@type":"ListItem","position":1,"name":"Inicio","item":"https:\/\/www.cetys.mx\/noticias\/"},{"@type":"ListItem","position":2,"name":"Biblioteca CETYS recibe a estudiantes del preescolar"}]},{"@type":"WebSite","@id":"https:\/\/www.cetys.mx\/noticias\/#website","url":"https:\/\/www.cetys.mx\/noticias\/","name":"CETYS","description":"","potentialAction":[{"@type":"SearchAction","target":{"@type":"EntryPoint","urlTemplate":"https:\/\/www.cetys.mx\/noticias\/?s={search_term_string}"},"query-input":{"@type":"PropertyValueSpecification","valueRequired":true,"valueName":"search_term_string"}}],"inLanguage":"es"},{"@type":"Person","@id":"https:\/\/www.cetys.mx\/noticias\/#\/schema\/person\/1a1a88c0b6586e66a2e9e88e07afc712","name":"Campus Ensenada","url":"https:\/\/www.cetys.mx\/noticias\/author\/campusensenada\/"}]}},"_links":{"self":[{"href":"https:\/\/www.cetys.mx\/noticias\/wp-json\/wp\/v2\/posts\/220281","targetHints":{"allow":["GET"]}}],"collection":[{"href":"https:\/\/www.cetys.mx\/noticias\/wp-json\/wp\/v2\/posts"}],"about":[{"href":"https:\/\/www.cetys.mx\/noticias\/wp-json\/wp\/v2\/types\/post"}],"author":[{"embeddable":true,"href":"https:\/\/www.cetys.mx\/noticias\/wp-json\/wp\/v2\/users\/23"}],"replies":[{"embeddable":true,"href":"https:\/\/www.cetys.mx\/noticias\/wp-json\/wp\/v2\/comments?post=220281"}],"version-history":[{"count":3,"href":"https:\/\/www.cetys.mx\/noticias\/wp-json\/wp\/v2\/posts\/220281\/revisions"}],"predecessor-version":[{"id":220312,"href":"https:\/\/www.cetys.mx\/noticias\/wp-json\/wp\/v2\/posts\/220281\/revisions\/220312"}],"wp:featuredmedia":[{"embeddable":true,"href":"https:\/\/www.cetys.mx\/noticias\/wp-json\/wp\/v2\/media\/220282"}],"wp:attachment":[{"href":"https:\/\/www.cetys.mx\/noticias\/wp-json\/wp\/v2\/media?parent=220281"}],"wp:term":[{"taxonomy":"category","embeddable":true,"href":"https:\/\/www.cetys.mx\/noticias\/wp-json\/wp\/v2\/categories?post=220281"},{"taxonomy":"post_tag","embeddable":true,"href":"https:\/\/www.cetys.mx\/noticias\/wp-json\/wp\/v2\/tags?post=220281"}],"curies":[{"name":"wp","href":"https:\/\/api.w.org\/{rel}","templated":true}]}}