{"id":220044,"date":"2026-02-18T17:03:15","date_gmt":"2026-02-19T01:03:15","guid":{"rendered":"https:\/\/www.cetys.mx\/noticias\/?p=220044"},"modified":"2026-02-18T17:03:15","modified_gmt":"2026-02-19T01:03:15","slug":"cetys-tijuana-y-sistema-dif-tijuana-firman-convenio-de-colaboracion","status":"publish","type":"post","link":"https:\/\/www.cetys.mx\/noticias\/cetys-tijuana-y-sistema-dif-tijuana-firman-convenio-de-colaboracion\/","title":{"rendered":"CETYS Tijuana y Sistema DIF Tijuana firman convenio de colaboraci\u00f3n"},"content":{"rendered":"<p data-start=\"221\" data-end=\"515\"><strong><span class=\"hover:entity-accent entity-underline inline cursor-pointer align-baseline\"><span class=\"whitespace-normal\">CETYS Universidad<\/span><\/span> Campus Tijuana<\/strong> y el <strong><span class=\"hover:entity-accent entity-underline inline cursor-pointer align-baseline\"><span class=\"whitespace-normal\">Sistema DIF Tijuana<\/span><\/span><\/strong> firmaron un convenio de colaboraci\u00f3n que permitir\u00e1 fortalecer la vinculaci\u00f3n entre la formaci\u00f3n acad\u00e9mica y las necesidades reales de la comunidad tijuanense.<\/p>\n<p data-start=\"517\" data-end=\"954\">A trav\u00e9s de este acuerdo, estudiantes de diferentes carreras de CETYS Universidad Campus Tijuana, como de la Escuela de Psicolog\u00eda, podr\u00e1n integrarse a distintas \u00e1reas del DIF Tijuana para realizar su servicio social y\/o pr\u00e1cticas profesionales, aplicando en entornos reales los conocimientos adquiridos en el aula. Al mismo tiempo, el organismo municipal podr\u00e1 contar con el apoyo de j\u00f3venes universitarios que aporten talento, energ\u00eda y nuevas perspectivas para fortalecer los programas y servicios que ofrece a la poblaci\u00f3n.<\/p>\n<p data-start=\"956\" data-end=\"1224\">Esta vinculaci\u00f3n tambi\u00e9n busca impulsar de campa\u00f1as de donaci\u00f3n y actividades acad\u00e9micas y culturales que fomenten la participaci\u00f3n estudiantil y el compromiso social, generando un beneficio directo tanto para la comunidad como para la formaci\u00f3n integral del alumnado.<\/p>\n<div class=\"gallery-slider-wrapper gallery-1\">\n                        <div class=\"gallery-slider\" itemscope itemtype=\"http:\/\/schema.org\/ImageGallery\"><figure class=\"slide\" itemprop=\"associatedMedia\" itemscope itemtype=\"http:\/\/schema.org\/ImageObject\">\n                    <a itemprop=\"contentUrl\" href=\"https:\/\/www.cetys.mx\/noticias\/wp-content\/uploads\/2026\/02\/Convenio-CETYS-Tijuana-DIF-TIjuana-2026-4.png\">\n                        <img decoding=\"async\" itemprop=\"thumbnail\" class=\"lazyOwl\" src=\"https:\/\/www.cetys.mx\/noticias\/wp-content\/plugins\/jmagz-plugin\/assets\/placeholder\/900x450.png\" data-src=\"https:\/\/www.cetys.mx\/noticias\/wp-content\/uploads\/2026\/02\/Convenio-CETYS-Tijuana-DIF-TIjuana-2026-4.png\" alt=\"Convenio CETYS Tijuana-DIF TIjuana 2026 (4)\">\n                    <\/a>\n                    <figcaption itemprop=\"caption description\" class=\"slide-caption\">\n                        \n                    <\/figcaption>\n                <\/figure><figure class=\"slide\" itemprop=\"associatedMedia\" itemscope itemtype=\"http:\/\/schema.org\/ImageObject\">\n                    <a itemprop=\"contentUrl\" href=\"https:\/\/www.cetys.mx\/noticias\/wp-content\/uploads\/2026\/02\/Convenio-CETYS-Tijuana-DIF-TIjuana-2026-3.png\">\n                        <img decoding=\"async\" itemprop=\"thumbnail\" class=\"lazyOwl\" src=\"https:\/\/www.cetys.mx\/noticias\/wp-content\/plugins\/jmagz-plugin\/assets\/placeholder\/900x450.png\" data-src=\"https:\/\/www.cetys.mx\/noticias\/wp-content\/uploads\/2026\/02\/Convenio-CETYS-Tijuana-DIF-TIjuana-2026-3.png\" alt=\"Convenio CETYS Tijuana-DIF TIjuana 2026 (3)\">\n                    <\/a>\n                    <figcaption itemprop=\"caption description\" class=\"slide-caption\">\n                        \n                    <\/figcaption>\n                <\/figure><figure class=\"slide\" itemprop=\"associatedMedia\" itemscope itemtype=\"http:\/\/schema.org\/ImageObject\">\n                    <a itemprop=\"contentUrl\" href=\"https:\/\/www.cetys.mx\/noticias\/wp-content\/uploads\/2026\/02\/Convenio-CETYS-Tijuana-DIF-TIjuana-2026-5.png\">\n                        <img decoding=\"async\" itemprop=\"thumbnail\" class=\"lazyOwl\" src=\"https:\/\/www.cetys.mx\/noticias\/wp-content\/plugins\/jmagz-plugin\/assets\/placeholder\/900x450.png\" data-src=\"https:\/\/www.cetys.mx\/noticias\/wp-content\/uploads\/2026\/02\/Convenio-CETYS-Tijuana-DIF-TIjuana-2026-5.png\" alt=\"Convenio CETYS Tijuana-DIF TIjuana 2026 (5)\">\n                    <\/a>\n                    <figcaption itemprop=\"caption description\" class=\"slide-caption\">\n                        \n                    <\/figcaption>\n                <\/figure><figure class=\"slide\" itemprop=\"associatedMedia\" itemscope itemtype=\"http:\/\/schema.org\/ImageObject\">\n                    <a itemprop=\"contentUrl\" href=\"https:\/\/www.cetys.mx\/noticias\/wp-content\/uploads\/2026\/02\/Convenio-CETYS-Tijuana-DIF-TIjuana-2026-6.png\">\n                        <img decoding=\"async\" itemprop=\"thumbnail\" class=\"lazyOwl\" src=\"https:\/\/www.cetys.mx\/noticias\/wp-content\/plugins\/jmagz-plugin\/assets\/placeholder\/900x450.png\" data-src=\"https:\/\/www.cetys.mx\/noticias\/wp-content\/uploads\/2026\/02\/Convenio-CETYS-Tijuana-DIF-TIjuana-2026-6.png\" alt=\"Convenio CETYS Tijuana-DIF TIjuana 2026 (6)\">\n                    <\/a>\n                    <figcaption itemprop=\"caption description\" class=\"slide-caption\">\n                        \n                    <\/figcaption>\n                <\/figure><figure class=\"slide\" itemprop=\"associatedMedia\" itemscope itemtype=\"http:\/\/schema.org\/ImageObject\">\n                    <a itemprop=\"contentUrl\" href=\"https:\/\/www.cetys.mx\/noticias\/wp-content\/uploads\/2026\/02\/Convenio-CETYS-Tijuana-DIF-TIjuana-2026-7.png\">\n                        <img decoding=\"async\" itemprop=\"thumbnail\" class=\"lazyOwl\" src=\"https:\/\/www.cetys.mx\/noticias\/wp-content\/plugins\/jmagz-plugin\/assets\/placeholder\/900x450.png\" data-src=\"https:\/\/www.cetys.mx\/noticias\/wp-content\/uploads\/2026\/02\/Convenio-CETYS-Tijuana-DIF-TIjuana-2026-7.png\" alt=\"Convenio CETYS Tijuana-DIF TIjuana 2026 (7)\">\n                    <\/a>\n                    <figcaption itemprop=\"caption description\" class=\"slide-caption\">\n                        \n                    <\/figcaption>\n                <\/figure><figure class=\"slide\" itemprop=\"associatedMedia\" itemscope itemtype=\"http:\/\/schema.org\/ImageObject\">\n                    <a itemprop=\"contentUrl\" href=\"https:\/\/www.cetys.mx\/noticias\/wp-content\/uploads\/2026\/02\/Convenio-CETYS-Tijuana-DIF-TIjuana-2026-8.png\">\n                        <img decoding=\"async\" itemprop=\"thumbnail\" class=\"lazyOwl\" src=\"https:\/\/www.cetys.mx\/noticias\/wp-content\/plugins\/jmagz-plugin\/assets\/placeholder\/900x450.png\" data-src=\"https:\/\/www.cetys.mx\/noticias\/wp-content\/uploads\/2026\/02\/Convenio-CETYS-Tijuana-DIF-TIjuana-2026-8.png\" alt=\"Convenio CETYS Tijuana-DIF TIjuana 2026 (8)\">\n                    <\/a>\n                    <figcaption itemprop=\"caption description\" class=\"slide-caption\">\n                        \n                    <\/figcaption>\n                <\/figure><figure class=\"slide\" itemprop=\"associatedMedia\" itemscope itemtype=\"http:\/\/schema.org\/ImageObject\">\n                    <a itemprop=\"contentUrl\" href=\"https:\/\/www.cetys.mx\/noticias\/wp-content\/uploads\/2026\/02\/Convenio-CETYS-Tijuana-DIF-TIjuana-2026-2.png\">\n                        <img decoding=\"async\" itemprop=\"thumbnail\" class=\"lazyOwl\" src=\"https:\/\/www.cetys.mx\/noticias\/wp-content\/plugins\/jmagz-plugin\/assets\/placeholder\/900x450.png\" data-src=\"https:\/\/www.cetys.mx\/noticias\/wp-content\/uploads\/2026\/02\/Convenio-CETYS-Tijuana-DIF-TIjuana-2026-2.png\" alt=\"Convenio CETYS Tijuana-DIF TIjuana 2026 (2)\">\n                    <\/a>\n                    <figcaption itemprop=\"caption description\" class=\"slide-caption\">\n                        \n                    <\/figcaption>\n                <\/figure><figure class=\"slide\" itemprop=\"associatedMedia\" itemscope itemtype=\"http:\/\/schema.org\/ImageObject\">\n                    <a itemprop=\"contentUrl\" href=\"https:\/\/www.cetys.mx\/noticias\/wp-content\/uploads\/2026\/02\/Convenio-CETYS-Tijuana-DIF-TIjuana-2026.png\">\n                        <img decoding=\"async\" itemprop=\"thumbnail\" class=\"lazyOwl\" src=\"https:\/\/www.cetys.mx\/noticias\/wp-content\/plugins\/jmagz-plugin\/assets\/placeholder\/900x450.png\" data-src=\"https:\/\/www.cetys.mx\/noticias\/wp-content\/uploads\/2026\/02\/Convenio-CETYS-Tijuana-DIF-TIjuana-2026.png\" alt=\"Convenio CETYS Tijuana-DIF TIjuana 2026\">\n                    <\/a>\n                    <figcaption itemprop=\"caption description\" class=\"slide-caption\">\n                        \n                    <\/figcaption>\n                <\/figure><\/div>\n                <div class=\"gallery-slider-thumbnail-wrapper\">\n                    <div class=\"gallery-slider-thumbnail\"><div class=\"slide-thumbnail\"><img decoding=\"async\" class=\"lazyOwl\" src=\"https:\/\/www.cetys.mx\/noticias\/wp-content\/plugins\/jmagz-plugin\/assets\/placeholder\/150x75.png\" data-src=\"https:\/\/www.cetys.mx\/noticias\/wp-content\/uploads\/2026\/02\/Convenio-CETYS-Tijuana-DIF-TIjuana-2026-4.png\" alt=\"Convenio CETYS Tijuana-DIF TIjuana 2026 (4)\"><\/div><div class=\"slide-thumbnail\"><img decoding=\"async\" class=\"lazyOwl\" src=\"https:\/\/www.cetys.mx\/noticias\/wp-content\/plugins\/jmagz-plugin\/assets\/placeholder\/150x75.png\" data-src=\"https:\/\/www.cetys.mx\/noticias\/wp-content\/uploads\/2026\/02\/Convenio-CETYS-Tijuana-DIF-TIjuana-2026-3.png\" alt=\"Convenio CETYS Tijuana-DIF TIjuana 2026 (3)\"><\/div><div class=\"slide-thumbnail\"><img decoding=\"async\" class=\"lazyOwl\" src=\"https:\/\/www.cetys.mx\/noticias\/wp-content\/plugins\/jmagz-plugin\/assets\/placeholder\/150x75.png\" data-src=\"https:\/\/www.cetys.mx\/noticias\/wp-content\/uploads\/2026\/02\/Convenio-CETYS-Tijuana-DIF-TIjuana-2026-5.png\" alt=\"Convenio CETYS Tijuana-DIF TIjuana 2026 (5)\"><\/div><div class=\"slide-thumbnail\"><img decoding=\"async\" class=\"lazyOwl\" src=\"https:\/\/www.cetys.mx\/noticias\/wp-content\/plugins\/jmagz-plugin\/assets\/placeholder\/150x75.png\" data-src=\"https:\/\/www.cetys.mx\/noticias\/wp-content\/uploads\/2026\/02\/Convenio-CETYS-Tijuana-DIF-TIjuana-2026-6.png\" alt=\"Convenio CETYS Tijuana-DIF TIjuana 2026 (6)\"><\/div><div class=\"slide-thumbnail\"><img decoding=\"async\" class=\"lazyOwl\" src=\"https:\/\/www.cetys.mx\/noticias\/wp-content\/plugins\/jmagz-plugin\/assets\/placeholder\/150x75.png\" data-src=\"https:\/\/www.cetys.mx\/noticias\/wp-content\/uploads\/2026\/02\/Convenio-CETYS-Tijuana-DIF-TIjuana-2026-7.png\" alt=\"Convenio CETYS Tijuana-DIF TIjuana 2026 (7)\"><\/div><div class=\"slide-thumbnail\"><img decoding=\"async\" class=\"lazyOwl\" src=\"https:\/\/www.cetys.mx\/noticias\/wp-content\/plugins\/jmagz-plugin\/assets\/placeholder\/150x75.png\" data-src=\"https:\/\/www.cetys.mx\/noticias\/wp-content\/uploads\/2026\/02\/Convenio-CETYS-Tijuana-DIF-TIjuana-2026-8.png\" alt=\"Convenio CETYS Tijuana-DIF TIjuana 2026 (8)\"><\/div><div class=\"slide-thumbnail\"><img decoding=\"async\" class=\"lazyOwl\" src=\"https:\/\/www.cetys.mx\/noticias\/wp-content\/plugins\/jmagz-plugin\/assets\/placeholder\/150x75.png\" data-src=\"https:\/\/www.cetys.mx\/noticias\/wp-content\/uploads\/2026\/02\/Convenio-CETYS-Tijuana-DIF-TIjuana-2026-2.png\" alt=\"Convenio CETYS Tijuana-DIF TIjuana 2026 (2)\"><\/div><div class=\"slide-thumbnail\"><img decoding=\"async\" class=\"lazyOwl\" src=\"https:\/\/www.cetys.mx\/noticias\/wp-content\/plugins\/jmagz-plugin\/assets\/placeholder\/150x75.png\" data-src=\"https:\/\/www.cetys.mx\/noticias\/wp-content\/uploads\/2026\/02\/Convenio-CETYS-Tijuana-DIF-TIjuana-2026.png\" alt=\"Convenio CETYS Tijuana-DIF TIjuana 2026\"><\/div><\/div><\/div><\/div>\n<p data-start=\"1226\" data-end=\"1286\">La <strong>Mtra. Yanina Rubio Boj\u00f3rquez<\/strong>, <em>Directora de CETYS Universidad Campus Tijuana<\/em>, comparti\u00f3 la relevancia de promover entre los estudiantes de las distintas carreras de las escuelas de Psicolog\u00eda, Derecho, Ingenier\u00eda y Administraci\u00f3n y Negocios, realizar acciones que ponga en pr\u00e1ctica sus habilidades, pero tambi\u00e9n en \u00e1reas que sumen a la comunidad, ya que es un aspecto que desarrollan en su formaci\u00f3n integral.<\/p>\n<p data-start=\"1288\" data-end=\"1841\">Por su parte, <strong><span class=\"hover:entity-accent entity-underline inline cursor-pointer align-baseline\"><span class=\"whitespace-normal\">Paola Nohem\u00ed Leyva Izaguirre<\/span><\/span><\/strong>, <em>Directora del Sistema para el Desarrollo Integral de la Familia en Tijuana<\/em>, agradeci\u00f3 la vinculaci\u00f3n con CETYS y destac\u00f3 la importancia de sumar esfuerzos con instituciones educativas. Durante el encuentro, present\u00f3 los distintos apoyos que se brindan desde el DIF a grupos vulnerables, incluyendo adultos mayores, personas con discapacidad y personas en situaci\u00f3n de vivienda o con carencias b\u00e1sicas, servicios que se ofrecen desde sus propias instalaciones en beneficio de quienes m\u00e1s lo necesitan.<\/p>\n<p data-start=\"1843\" data-end=\"2069\">Con esta colaboraci\u00f3n, CETYS Universidad Campus Tijuana reafirma su compromiso de formar profesionistas preparados, pero tambi\u00e9n socialmente responsables, capaces de contribuir activamente al desarrollo y bienestar de Tijuana, y abre la puerta para demas colaboraciones que surjan.<\/p>\n","protected":false},"excerpt":{"rendered":"<p>CETYS Universidad Campus Tijuana y el Sistema DIF Tijuana firmaron un convenio de colaboraci\u00f3n que permitir\u00e1 fortalecer la vinculaci\u00f3n entre la formaci\u00f3n&#8230;<\/p>\n","protected":false},"author":24,"featured_media":220054,"comment_status":"open","ping_status":"closed","sticky":false,"template":"","format":"standard","meta":{"footnotes":""},"categories":[134,125,313],"tags":[328,6491,487,6623,275],"class_list":["post-220044","post","type-post","status-publish","format-standard","has-post-thumbnail","hentry","category-campus-tijuana","category-portada","category-vocetys-2","tag-campustijuana","tag-psicologiaclinica","tag-psicologiainfantil","tag-psicologiaorganizacional","tag-vinculacion"],"yoast_head":"<!-- This site is optimized with the Yoast SEO plugin v27.4 - https:\/\/yoast.com\/product\/yoast-seo-wordpress\/ -->\n<title>CETYS Tijuana y Sistema DIF Tijuana firman convenio de colaboraci\u00f3n - CETYS<\/title>\n<meta name=\"description\" content=\"Articulo sobre CETYS Tijuana y Sistema DIF Tijuana firman convenio de colaboraci\u00f3n\" \/>\n<meta name=\"robots\" content=\"index, follow, max-snippet:-1, max-image-preview:large, max-video-preview:-1\" \/>\n<link rel=\"canonical\" href=\"https:\/\/www.cetys.mx\/noticias\/cetys-tijuana-y-sistema-dif-tijuana-firman-convenio-de-colaboracion\/\" \/>\n<meta property=\"og:locale\" content=\"es_MX\" \/>\n<meta property=\"og:type\" content=\"article\" \/>\n<meta property=\"og:title\" content=\"CETYS Tijuana y Sistema DIF Tijuana firman convenio de colaboraci\u00f3n - CETYS\" \/>\n<meta property=\"og:description\" content=\"Articulo sobre CETYS Tijuana y Sistema DIF Tijuana firman convenio de colaboraci\u00f3n\" \/>\n<meta property=\"og:url\" content=\"https:\/\/www.cetys.mx\/noticias\/cetys-tijuana-y-sistema-dif-tijuana-firman-convenio-de-colaboracion\/\" \/>\n<meta property=\"og:site_name\" content=\"CETYS\" \/>\n<meta property=\"article:publisher\" content=\"https:\/\/www.facebook.com\/cetysuniversidadmxl\/\" \/>\n<meta property=\"article:published_time\" content=\"2026-02-19T01:03:15+00:00\" \/>\n<meta property=\"og:image\" content=\"https:\/\/www.cetys.mx\/noticias\/wp-content\/uploads\/2026\/02\/Convenio-CETYS-Tijuana-DIF-TIjuana-2026.png\" \/>\n\t<meta property=\"og:image:width\" content=\"958\" \/>\n\t<meta property=\"og:image:height\" content=\"637\" \/>\n\t<meta property=\"og:image:type\" content=\"image\/png\" \/>\n<meta name=\"author\" content=\"Campus Tijuana\" \/>\n<meta name=\"twitter:card\" content=\"summary_large_image\" \/>\n<meta name=\"twitter:creator\" content=\"@cetysuni\" \/>\n<meta name=\"twitter:site\" content=\"@cetysuni\" \/>\n<meta name=\"twitter:label1\" content=\"Escrito por\" \/>\n\t<meta name=\"twitter:data1\" content=\"Campus Tijuana\" \/>\n\t<meta name=\"twitter:label2\" content=\"Tiempo de lectura\" \/>\n\t<meta name=\"twitter:data2\" content=\"2 minutos\" \/>\n<script type=\"application\/ld+json\" class=\"yoast-schema-graph\">{\"@context\":\"https:\\\/\\\/schema.org\",\"@graph\":[{\"@type\":\"Article\",\"@id\":\"https:\\\/\\\/www.cetys.mx\\\/noticias\\\/cetys-tijuana-y-sistema-dif-tijuana-firman-convenio-de-colaboracion\\\/#article\",\"isPartOf\":{\"@id\":\"https:\\\/\\\/www.cetys.mx\\\/noticias\\\/cetys-tijuana-y-sistema-dif-tijuana-firman-convenio-de-colaboracion\\\/\"},\"author\":{\"name\":\"Campus Tijuana\",\"@id\":\"https:\\\/\\\/www.cetys.mx\\\/noticias\\\/#\\\/schema\\\/person\\\/e790051ce60e18ae47cfa87011c8653f\"},\"headline\":\"CETYS Tijuana y Sistema DIF Tijuana firman convenio de colaboraci\u00f3n\",\"datePublished\":\"2026-02-19T01:03:15+00:00\",\"mainEntityOfPage\":{\"@id\":\"https:\\\/\\\/www.cetys.mx\\\/noticias\\\/cetys-tijuana-y-sistema-dif-tijuana-firman-convenio-de-colaboracion\\\/\"},\"wordCount\":377,\"commentCount\":0,\"image\":{\"@id\":\"https:\\\/\\\/www.cetys.mx\\\/noticias\\\/cetys-tijuana-y-sistema-dif-tijuana-firman-convenio-de-colaboracion\\\/#primaryimage\"},\"thumbnailUrl\":\"https:\\\/\\\/www.cetys.mx\\\/noticias\\\/wp-content\\\/uploads\\\/2026\\\/02\\\/Convenio-CETYS-Tijuana-DIF-TIjuana-2026.png\",\"keywords\":[\"campustijuana\",\"PsicologiaClinica\",\"psicologiainfantil\",\"Psicolog\u00edaOrganizacional\",\"Vinculacion\"],\"articleSection\":[\"Campus Tijuana\",\"Portada\",\"VoCETYS\"],\"inLanguage\":\"es\",\"potentialAction\":[{\"@type\":\"CommentAction\",\"name\":\"Comment\",\"target\":[\"https:\\\/\\\/www.cetys.mx\\\/noticias\\\/cetys-tijuana-y-sistema-dif-tijuana-firman-convenio-de-colaboracion\\\/#respond\"]}]},{\"@type\":\"WebPage\",\"@id\":\"https:\\\/\\\/www.cetys.mx\\\/noticias\\\/cetys-tijuana-y-sistema-dif-tijuana-firman-convenio-de-colaboracion\\\/\",\"url\":\"https:\\\/\\\/www.cetys.mx\\\/noticias\\\/cetys-tijuana-y-sistema-dif-tijuana-firman-convenio-de-colaboracion\\\/\",\"name\":\"CETYS Tijuana y Sistema DIF Tijuana firman convenio de colaboraci\u00f3n - CETYS\",\"isPartOf\":{\"@id\":\"https:\\\/\\\/www.cetys.mx\\\/noticias\\\/#website\"},\"primaryImageOfPage\":{\"@id\":\"https:\\\/\\\/www.cetys.mx\\\/noticias\\\/cetys-tijuana-y-sistema-dif-tijuana-firman-convenio-de-colaboracion\\\/#primaryimage\"},\"image\":{\"@id\":\"https:\\\/\\\/www.cetys.mx\\\/noticias\\\/cetys-tijuana-y-sistema-dif-tijuana-firman-convenio-de-colaboracion\\\/#primaryimage\"},\"thumbnailUrl\":\"https:\\\/\\\/www.cetys.mx\\\/noticias\\\/wp-content\\\/uploads\\\/2026\\\/02\\\/Convenio-CETYS-Tijuana-DIF-TIjuana-2026.png\",\"datePublished\":\"2026-02-19T01:03:15+00:00\",\"author\":{\"@id\":\"https:\\\/\\\/www.cetys.mx\\\/noticias\\\/#\\\/schema\\\/person\\\/e790051ce60e18ae47cfa87011c8653f\"},\"description\":\"Articulo sobre CETYS Tijuana y Sistema DIF Tijuana firman convenio de colaboraci\u00f3n\",\"breadcrumb\":{\"@id\":\"https:\\\/\\\/www.cetys.mx\\\/noticias\\\/cetys-tijuana-y-sistema-dif-tijuana-firman-convenio-de-colaboracion\\\/#breadcrumb\"},\"inLanguage\":\"es\",\"potentialAction\":[{\"@type\":\"ReadAction\",\"target\":[\"https:\\\/\\\/www.cetys.mx\\\/noticias\\\/cetys-tijuana-y-sistema-dif-tijuana-firman-convenio-de-colaboracion\\\/\"]}]},{\"@type\":\"ImageObject\",\"inLanguage\":\"es\",\"@id\":\"https:\\\/\\\/www.cetys.mx\\\/noticias\\\/cetys-tijuana-y-sistema-dif-tijuana-firman-convenio-de-colaboracion\\\/#primaryimage\",\"url\":\"https:\\\/\\\/www.cetys.mx\\\/noticias\\\/wp-content\\\/uploads\\\/2026\\\/02\\\/Convenio-CETYS-Tijuana-DIF-TIjuana-2026.png\",\"contentUrl\":\"https:\\\/\\\/www.cetys.mx\\\/noticias\\\/wp-content\\\/uploads\\\/2026\\\/02\\\/Convenio-CETYS-Tijuana-DIF-TIjuana-2026.png\",\"width\":958,\"height\":637},{\"@type\":\"BreadcrumbList\",\"@id\":\"https:\\\/\\\/www.cetys.mx\\\/noticias\\\/cetys-tijuana-y-sistema-dif-tijuana-firman-convenio-de-colaboracion\\\/#breadcrumb\",\"itemListElement\":[{\"@type\":\"ListItem\",\"position\":1,\"name\":\"Inicio\",\"item\":\"https:\\\/\\\/www.cetys.mx\\\/noticias\\\/\"},{\"@type\":\"ListItem\",\"position\":2,\"name\":\"CETYS Tijuana y Sistema DIF Tijuana firman convenio de colaboraci\u00f3n\"}]},{\"@type\":\"WebSite\",\"@id\":\"https:\\\/\\\/www.cetys.mx\\\/noticias\\\/#website\",\"url\":\"https:\\\/\\\/www.cetys.mx\\\/noticias\\\/\",\"name\":\"CETYS\",\"description\":\"\",\"potentialAction\":[{\"@type\":\"SearchAction\",\"target\":{\"@type\":\"EntryPoint\",\"urlTemplate\":\"https:\\\/\\\/www.cetys.mx\\\/noticias\\\/?s={search_term_string}\"},\"query-input\":{\"@type\":\"PropertyValueSpecification\",\"valueRequired\":true,\"valueName\":\"search_term_string\"}}],\"inLanguage\":\"es\"},{\"@type\":\"Person\",\"@id\":\"https:\\\/\\\/www.cetys.mx\\\/noticias\\\/#\\\/schema\\\/person\\\/e790051ce60e18ae47cfa87011c8653f\",\"name\":\"Campus Tijuana\",\"url\":\"https:\\\/\\\/www.cetys.mx\\\/noticias\\\/author\\\/campustijuana\\\/\"}]}<\/script>\n<!-- \/ Yoast SEO plugin. -->","yoast_head_json":{"title":"CETYS Tijuana y Sistema DIF Tijuana firman convenio de colaboraci\u00f3n - CETYS","description":"Articulo sobre CETYS Tijuana y Sistema DIF Tijuana firman convenio de colaboraci\u00f3n","robots":{"index":"index","follow":"follow","max-snippet":"max-snippet:-1","max-image-preview":"max-image-preview:large","max-video-preview":"max-video-preview:-1"},"canonical":"https:\/\/www.cetys.mx\/noticias\/cetys-tijuana-y-sistema-dif-tijuana-firman-convenio-de-colaboracion\/","og_locale":"es_MX","og_type":"article","og_title":"CETYS Tijuana y Sistema DIF Tijuana firman convenio de colaboraci\u00f3n - CETYS","og_description":"Articulo sobre CETYS Tijuana y Sistema DIF Tijuana firman convenio de colaboraci\u00f3n","og_url":"https:\/\/www.cetys.mx\/noticias\/cetys-tijuana-y-sistema-dif-tijuana-firman-convenio-de-colaboracion\/","og_site_name":"CETYS","article_publisher":"https:\/\/www.facebook.com\/cetysuniversidadmxl\/","article_published_time":"2026-02-19T01:03:15+00:00","og_image":[{"width":958,"height":637,"url":"https:\/\/www.cetys.mx\/noticias\/wp-content\/uploads\/2026\/02\/Convenio-CETYS-Tijuana-DIF-TIjuana-2026.png","type":"image\/png"}],"author":"Campus Tijuana","twitter_card":"summary_large_image","twitter_creator":"@cetysuni","twitter_site":"@cetysuni","twitter_misc":{"Escrito por":"Campus Tijuana","Tiempo de lectura":"2 minutos"},"schema":{"@context":"https:\/\/schema.org","@graph":[{"@type":"Article","@id":"https:\/\/www.cetys.mx\/noticias\/cetys-tijuana-y-sistema-dif-tijuana-firman-convenio-de-colaboracion\/#article","isPartOf":{"@id":"https:\/\/www.cetys.mx\/noticias\/cetys-tijuana-y-sistema-dif-tijuana-firman-convenio-de-colaboracion\/"},"author":{"name":"Campus Tijuana","@id":"https:\/\/www.cetys.mx\/noticias\/#\/schema\/person\/e790051ce60e18ae47cfa87011c8653f"},"headline":"CETYS Tijuana y Sistema DIF Tijuana firman convenio de colaboraci\u00f3n","datePublished":"2026-02-19T01:03:15+00:00","mainEntityOfPage":{"@id":"https:\/\/www.cetys.mx\/noticias\/cetys-tijuana-y-sistema-dif-tijuana-firman-convenio-de-colaboracion\/"},"wordCount":377,"commentCount":0,"image":{"@id":"https:\/\/www.cetys.mx\/noticias\/cetys-tijuana-y-sistema-dif-tijuana-firman-convenio-de-colaboracion\/#primaryimage"},"thumbnailUrl":"https:\/\/www.cetys.mx\/noticias\/wp-content\/uploads\/2026\/02\/Convenio-CETYS-Tijuana-DIF-TIjuana-2026.png","keywords":["campustijuana","PsicologiaClinica","psicologiainfantil","Psicolog\u00edaOrganizacional","Vinculacion"],"articleSection":["Campus Tijuana","Portada","VoCETYS"],"inLanguage":"es","potentialAction":[{"@type":"CommentAction","name":"Comment","target":["https:\/\/www.cetys.mx\/noticias\/cetys-tijuana-y-sistema-dif-tijuana-firman-convenio-de-colaboracion\/#respond"]}]},{"@type":"WebPage","@id":"https:\/\/www.cetys.mx\/noticias\/cetys-tijuana-y-sistema-dif-tijuana-firman-convenio-de-colaboracion\/","url":"https:\/\/www.cetys.mx\/noticias\/cetys-tijuana-y-sistema-dif-tijuana-firman-convenio-de-colaboracion\/","name":"CETYS Tijuana y Sistema DIF Tijuana firman convenio de colaboraci\u00f3n - CETYS","isPartOf":{"@id":"https:\/\/www.cetys.mx\/noticias\/#website"},"primaryImageOfPage":{"@id":"https:\/\/www.cetys.mx\/noticias\/cetys-tijuana-y-sistema-dif-tijuana-firman-convenio-de-colaboracion\/#primaryimage"},"image":{"@id":"https:\/\/www.cetys.mx\/noticias\/cetys-tijuana-y-sistema-dif-tijuana-firman-convenio-de-colaboracion\/#primaryimage"},"thumbnailUrl":"https:\/\/www.cetys.mx\/noticias\/wp-content\/uploads\/2026\/02\/Convenio-CETYS-Tijuana-DIF-TIjuana-2026.png","datePublished":"2026-02-19T01:03:15+00:00","author":{"@id":"https:\/\/www.cetys.mx\/noticias\/#\/schema\/person\/e790051ce60e18ae47cfa87011c8653f"},"description":"Articulo sobre CETYS Tijuana y Sistema DIF Tijuana firman convenio de colaboraci\u00f3n","breadcrumb":{"@id":"https:\/\/www.cetys.mx\/noticias\/cetys-tijuana-y-sistema-dif-tijuana-firman-convenio-de-colaboracion\/#breadcrumb"},"inLanguage":"es","potentialAction":[{"@type":"ReadAction","target":["https:\/\/www.cetys.mx\/noticias\/cetys-tijuana-y-sistema-dif-tijuana-firman-convenio-de-colaboracion\/"]}]},{"@type":"ImageObject","inLanguage":"es","@id":"https:\/\/www.cetys.mx\/noticias\/cetys-tijuana-y-sistema-dif-tijuana-firman-convenio-de-colaboracion\/#primaryimage","url":"https:\/\/www.cetys.mx\/noticias\/wp-content\/uploads\/2026\/02\/Convenio-CETYS-Tijuana-DIF-TIjuana-2026.png","contentUrl":"https:\/\/www.cetys.mx\/noticias\/wp-content\/uploads\/2026\/02\/Convenio-CETYS-Tijuana-DIF-TIjuana-2026.png","width":958,"height":637},{"@type":"BreadcrumbList","@id":"https:\/\/www.cetys.mx\/noticias\/cetys-tijuana-y-sistema-dif-tijuana-firman-convenio-de-colaboracion\/#breadcrumb","itemListElement":[{"@type":"ListItem","position":1,"name":"Inicio","item":"https:\/\/www.cetys.mx\/noticias\/"},{"@type":"ListItem","position":2,"name":"CETYS Tijuana y Sistema DIF Tijuana firman convenio de colaboraci\u00f3n"}]},{"@type":"WebSite","@id":"https:\/\/www.cetys.mx\/noticias\/#website","url":"https:\/\/www.cetys.mx\/noticias\/","name":"CETYS","description":"","potentialAction":[{"@type":"SearchAction","target":{"@type":"EntryPoint","urlTemplate":"https:\/\/www.cetys.mx\/noticias\/?s={search_term_string}"},"query-input":{"@type":"PropertyValueSpecification","valueRequired":true,"valueName":"search_term_string"}}],"inLanguage":"es"},{"@type":"Person","@id":"https:\/\/www.cetys.mx\/noticias\/#\/schema\/person\/e790051ce60e18ae47cfa87011c8653f","name":"Campus Tijuana","url":"https:\/\/www.cetys.mx\/noticias\/author\/campustijuana\/"}]}},"_links":{"self":[{"href":"https:\/\/www.cetys.mx\/noticias\/wp-json\/wp\/v2\/posts\/220044","targetHints":{"allow":["GET"]}}],"collection":[{"href":"https:\/\/www.cetys.mx\/noticias\/wp-json\/wp\/v2\/posts"}],"about":[{"href":"https:\/\/www.cetys.mx\/noticias\/wp-json\/wp\/v2\/types\/post"}],"author":[{"embeddable":true,"href":"https:\/\/www.cetys.mx\/noticias\/wp-json\/wp\/v2\/users\/24"}],"replies":[{"embeddable":true,"href":"https:\/\/www.cetys.mx\/noticias\/wp-json\/wp\/v2\/comments?post=220044"}],"version-history":[{"count":1,"href":"https:\/\/www.cetys.mx\/noticias\/wp-json\/wp\/v2\/posts\/220044\/revisions"}],"predecessor-version":[{"id":220056,"href":"https:\/\/www.cetys.mx\/noticias\/wp-json\/wp\/v2\/posts\/220044\/revisions\/220056"}],"wp:featuredmedia":[{"embeddable":true,"href":"https:\/\/www.cetys.mx\/noticias\/wp-json\/wp\/v2\/media\/220054"}],"wp:attachment":[{"href":"https:\/\/www.cetys.mx\/noticias\/wp-json\/wp\/v2\/media?parent=220044"}],"wp:term":[{"taxonomy":"category","embeddable":true,"href":"https:\/\/www.cetys.mx\/noticias\/wp-json\/wp\/v2\/categories?post=220044"},{"taxonomy":"post_tag","embeddable":true,"href":"https:\/\/www.cetys.mx\/noticias\/wp-json\/wp\/v2\/tags?post=220044"}],"curies":[{"name":"wp","href":"https:\/\/api.w.org\/{rel}","templated":true}]}}