{"id":219977,"date":"2026-02-16T12:49:50","date_gmt":"2026-02-16T20:49:50","guid":{"rendered":"https:\/\/www.cetys.mx\/noticias\/?p=219977"},"modified":"2026-02-16T15:12:33","modified_gmt":"2026-02-16T23:12:33","slug":"sistema-cetys-realiza-seminario-sobre-el-conocimiento-e-importancia-de-los-objetivos-de-desarrollo-sostenible-ods","status":"publish","type":"post","link":"https:\/\/www.cetys.mx\/noticias\/sistema-cetys-realiza-seminario-sobre-el-conocimiento-e-importancia-de-los-objetivos-de-desarrollo-sostenible-ods\/","title":{"rendered":"Colegio de Administraci\u00f3n y Negocios de CETYS realiza seminario sobre el conocimiento e importancia de los Objetivos de Desarrollo Sostenible (ODS)"},"content":{"rendered":"<p><span style=\"font-weight: 400;\">Durante el mes de enero de 2026, el Colegio de Administraci\u00f3n y Negocios del Sistema CETYS Universidad llev\u00f3 a cabo el Seminario sobre el conocimiento e importancia de los Objetivos de Desarrollo Sostenible (ODS), una iniciativa estrat\u00e9gica orientada a fortalecer la incorporaci\u00f3n de la sostenibilidad en la docencia, la investigaci\u00f3n y la vinculaci\u00f3n universitaria.<\/span><\/p>\n<p><span style=\"font-weight: 400;\">El seminario, con una duraci\u00f3n total de 25 horas distribuidas en cinco m\u00f3dulos, reuni\u00f3 a m\u00e1s de 40 docentes, (profesores de tiempo completo y profesores asociados) en un espacio de reflexi\u00f3n, actualizaci\u00f3n y dise\u00f1o de estrategias para transversalizar los ODS en los programas acad\u00e9micos.<\/span><\/p>\n<p><span style=\"font-weight: 400;\">El programa cont\u00f3 con la participaci\u00f3n de destacados expertos, quienes compartieron mejores pr\u00e1cticas globales en educaci\u00f3n responsable en gesti\u00f3n:<\/span><\/p>\n<ul>\n<li style=\"font-weight: 400;\" aria-level=\"1\"><b>Victoria Gonz\u00e1lez Guti\u00e9rrez (M\u00e9xico),<\/b><span style=\"font-weight: 400;\"> Doctora en Ciencias de la Educaci\u00f3n por la Universidad Iberoamericana y Presidenta de PRME LAC, cuenta con amplia trayectoria internacional en educaci\u00f3n para la sostenibilidad y responsabilidad social, colaborando con redes acad\u00e9micas de Am\u00e9rica Latina y organismos vinculados al Pacto Mundial de la ONU.<\/span><\/li>\n<li style=\"font-weight: 400;\" aria-level=\"1\"><b>Fabrice Galia (Francia)<\/b><span style=\"font-weight: 400;\">, Doctor en Econom\u00eda por la Universidad Panth\u00e9on-Assas Paris II, es investigador con m\u00e1s de 20 a\u00f1os de experiencia internacional en Europa y Am\u00e9rica Latina en temas de innovaci\u00f3n, sostenibilidad y desempe\u00f1o empresarial.<\/span><\/li>\n<li style=\"font-weight: 400;\" aria-level=\"1\"><b>Evelyne Gross (Francia),<\/b><span style=\"font-weight: 400;\"> Maestra en Estudios Europeos por la Jagiellonski University (Polonia) y la Universidad de Estrasburgo (Francia), es especialista en acreditaciones internacionales, rankings globales y estrategias de sostenibilidad en educaci\u00f3n superior, con participaci\u00f3n activa en redes acad\u00e9micas europeas y latinoamericanas.<\/span><\/li>\n<li style=\"font-weight: 400;\" aria-level=\"1\"><b>Gustavo Yepes-L\u00f3pez (Colombia), <\/b><span style=\"font-weight: 400;\">Doctor en Ciencias Empresariales por la Universidad Antonio de Nebrija, profesor de la Universidad Externado de Colombia, es referente latinoamericano en responsabilidad social y sostenibilidad, con amplia experiencia en investigaci\u00f3n aplicada y colaboraci\u00f3n con redes del Pacto Global.<\/span><\/li>\n<\/ul>\n<p><span style=\"font-weight: 400;\">A lo largo de los m\u00f3dulos se abordaron temas clave como la Agenda 2030 y su relaci\u00f3n con las escuelas de negocios, la responsabilidad social estrat\u00e9gica, la investigaci\u00f3n con enfoque en ODS, el redise\u00f1o curricular con perspectiva de sostenibilidad y la extensi\u00f3n universitaria como mecanismo de impacto social.<\/span><\/p>\n<p><span style=\"font-weight: 400;\">Esta capacitaci\u00f3n representa un paso firme en la consolidaci\u00f3n de una cultura institucional orientada al desarrollo sostenible y se alinea con uno de los pilares estrat\u00e9gicos de CETYS hacia el 2036: la sostenibilidad como eje transversal de la formaci\u00f3n, la generaci\u00f3n de conocimiento y la vinculaci\u00f3n con el entorno.<\/span><\/p>\n<p><span style=\"font-weight: 400;\">Con este esfuerzo, el Colegio de Administraci\u00f3n y Negocios reafirm\u00f3 su compromiso con la formaci\u00f3n de l\u00edderes \u00e9ticos, responsables y capaces de generar valor social en un entorno global cada vez m\u00e1s demandante.<\/span><\/p>\n<div class=\"gallery-slider-wrapper gallery-1\">\n                        <div class=\"gallery-slider\" itemscope itemtype=\"http:\/\/schema.org\/ImageGallery\"><figure class=\"slide\" itemprop=\"associatedMedia\" itemscope itemtype=\"http:\/\/schema.org\/ImageObject\">\n                    <a itemprop=\"contentUrl\" href=\"https:\/\/www.cetys.mx\/noticias\/wp-content\/uploads\/2026\/02\/Seminario-ODS-1.jpeg\">\n                        <img decoding=\"async\" itemprop=\"thumbnail\" class=\"lazyOwl\" src=\"https:\/\/www.cetys.mx\/noticias\/wp-content\/plugins\/jmagz-plugin\/assets\/placeholder\/900x450.png\" data-src=\"https:\/\/www.cetys.mx\/noticias\/wp-content\/uploads\/2026\/02\/Seminario-ODS-1.jpeg\" alt=\"Seminario ODS 1\">\n                    <\/a>\n                    <figcaption itemprop=\"caption description\" class=\"slide-caption\">\n                        \n                    <\/figcaption>\n                <\/figure><figure class=\"slide\" itemprop=\"associatedMedia\" itemscope itemtype=\"http:\/\/schema.org\/ImageObject\">\n                    <a itemprop=\"contentUrl\" href=\"https:\/\/www.cetys.mx\/noticias\/wp-content\/uploads\/2026\/02\/Seminario-ODS-2.jpeg\">\n                        <img decoding=\"async\" itemprop=\"thumbnail\" class=\"lazyOwl\" src=\"https:\/\/www.cetys.mx\/noticias\/wp-content\/plugins\/jmagz-plugin\/assets\/placeholder\/900x450.png\" data-src=\"https:\/\/www.cetys.mx\/noticias\/wp-content\/uploads\/2026\/02\/Seminario-ODS-2.jpeg\" alt=\"Seminario ODS 2\">\n                    <\/a>\n                    <figcaption itemprop=\"caption description\" class=\"slide-caption\">\n                        \n                    <\/figcaption>\n                <\/figure><figure class=\"slide\" itemprop=\"associatedMedia\" itemscope itemtype=\"http:\/\/schema.org\/ImageObject\">\n                    <a itemprop=\"contentUrl\" href=\"https:\/\/www.cetys.mx\/noticias\/wp-content\/uploads\/2026\/02\/Seminario-ODS-3.jpeg\">\n                        <img decoding=\"async\" itemprop=\"thumbnail\" class=\"lazyOwl\" src=\"https:\/\/www.cetys.mx\/noticias\/wp-content\/plugins\/jmagz-plugin\/assets\/placeholder\/900x450.png\" data-src=\"https:\/\/www.cetys.mx\/noticias\/wp-content\/uploads\/2026\/02\/Seminario-ODS-3.jpeg\" alt=\"Seminario ODS 3\">\n                    <\/a>\n                    <figcaption itemprop=\"caption description\" class=\"slide-caption\">\n                        \n                    <\/figcaption>\n                <\/figure><\/div>\n                <div class=\"gallery-slider-thumbnail-wrapper\">\n                    <div class=\"gallery-slider-thumbnail\"><div class=\"slide-thumbnail\"><img decoding=\"async\" class=\"lazyOwl\" src=\"https:\/\/www.cetys.mx\/noticias\/wp-content\/plugins\/jmagz-plugin\/assets\/placeholder\/150x75.png\" data-src=\"https:\/\/www.cetys.mx\/noticias\/wp-content\/uploads\/2026\/02\/Seminario-ODS-1.jpeg\" alt=\"Seminario ODS 1\"><\/div><div class=\"slide-thumbnail\"><img decoding=\"async\" class=\"lazyOwl\" src=\"https:\/\/www.cetys.mx\/noticias\/wp-content\/plugins\/jmagz-plugin\/assets\/placeholder\/150x75.png\" data-src=\"https:\/\/www.cetys.mx\/noticias\/wp-content\/uploads\/2026\/02\/Seminario-ODS-2.jpeg\" alt=\"Seminario ODS 2\"><\/div><div class=\"slide-thumbnail\"><img decoding=\"async\" class=\"lazyOwl\" src=\"https:\/\/www.cetys.mx\/noticias\/wp-content\/plugins\/jmagz-plugin\/assets\/placeholder\/150x75.png\" data-src=\"https:\/\/www.cetys.mx\/noticias\/wp-content\/uploads\/2026\/02\/Seminario-ODS-3.jpeg\" alt=\"Seminario ODS 3\"><\/div><\/div><\/div><\/div>\n","protected":false},"excerpt":{"rendered":"<p>Durante el mes de enero de 2026, el Colegio de Administraci\u00f3n y Negocios del Sistema CETYS Universidad llev\u00f3 a cabo el Seminario&#8230;<\/p>\n","protected":false},"author":26,"featured_media":219981,"comment_status":"open","ping_status":"closed","sticky":false,"template":"","format":"standard","meta":{"footnotes":""},"categories":[209,125],"tags":[],"class_list":["post-219977","post","type-post","status-publish","format-standard","has-post-thumbnail","hentry","category-institucional","category-portada"],"yoast_head":"<!-- This site is optimized with the Yoast SEO plugin v27.4 - https:\/\/yoast.com\/product\/yoast-seo-wordpress\/ -->\n<title>Colegio de Administraci\u00f3n y Negocios de CETYS realiza seminario sobre el conocimiento e importancia de los Objetivos de Desarrollo Sostenible (ODS) - CETYS<\/title>\n<meta name=\"description\" content=\"Articulo sobre Colegio de Administraci\u00f3n y Negocios de CETYS realiza seminario sobre el conocimiento e importancia de los Objetivos de Desarrollo Sostenible (ODS)\" \/>\n<meta name=\"robots\" content=\"index, follow, max-snippet:-1, max-image-preview:large, max-video-preview:-1\" \/>\n<link rel=\"canonical\" href=\"https:\/\/www.cetys.mx\/noticias\/sistema-cetys-realiza-seminario-sobre-el-conocimiento-e-importancia-de-los-objetivos-de-desarrollo-sostenible-ods\/\" \/>\n<meta property=\"og:locale\" content=\"es_MX\" \/>\n<meta property=\"og:type\" content=\"article\" \/>\n<meta property=\"og:title\" content=\"Colegio de Administraci\u00f3n y Negocios de CETYS realiza seminario sobre el conocimiento e importancia de los Objetivos de Desarrollo Sostenible (ODS) - CETYS\" \/>\n<meta property=\"og:description\" content=\"Articulo sobre Colegio de Administraci\u00f3n y Negocios de CETYS realiza seminario sobre el conocimiento e importancia de los Objetivos de Desarrollo Sostenible (ODS)\" \/>\n<meta property=\"og:url\" content=\"https:\/\/www.cetys.mx\/noticias\/sistema-cetys-realiza-seminario-sobre-el-conocimiento-e-importancia-de-los-objetivos-de-desarrollo-sostenible-ods\/\" \/>\n<meta property=\"og:site_name\" content=\"CETYS\" \/>\n<meta property=\"article:publisher\" content=\"https:\/\/www.facebook.com\/cetysuniversidadmxl\/\" \/>\n<meta property=\"article:published_time\" content=\"2026-02-16T20:49:50+00:00\" \/>\n<meta property=\"article:modified_time\" content=\"2026-02-16T23:12:33+00:00\" \/>\n<meta property=\"og:image\" content=\"https:\/\/www.cetys.mx\/noticias\/wp-content\/uploads\/2026\/02\/Seminario-ODS.jpg\" \/>\n\t<meta property=\"og:image:width\" content=\"958\" \/>\n\t<meta property=\"og:image:height\" content=\"637\" \/>\n\t<meta property=\"og:image:type\" content=\"image\/jpeg\" \/>\n<meta name=\"author\" content=\"CETYS Institucional\" \/>\n<meta name=\"twitter:card\" content=\"summary_large_image\" \/>\n<meta name=\"twitter:creator\" content=\"@cetysuni\" \/>\n<meta name=\"twitter:site\" content=\"@cetysuni\" \/>\n<meta name=\"twitter:label1\" content=\"Escrito por\" \/>\n\t<meta name=\"twitter:data1\" content=\"CETYS Institucional\" \/>\n\t<meta name=\"twitter:label2\" content=\"Tiempo de lectura\" \/>\n\t<meta name=\"twitter:data2\" content=\"2 minutos\" \/>\n<script type=\"application\/ld+json\" class=\"yoast-schema-graph\">{\"@context\":\"https:\\\/\\\/schema.org\",\"@graph\":[{\"@type\":\"Article\",\"@id\":\"https:\\\/\\\/www.cetys.mx\\\/noticias\\\/sistema-cetys-realiza-seminario-sobre-el-conocimiento-e-importancia-de-los-objetivos-de-desarrollo-sostenible-ods\\\/#article\",\"isPartOf\":{\"@id\":\"https:\\\/\\\/www.cetys.mx\\\/noticias\\\/sistema-cetys-realiza-seminario-sobre-el-conocimiento-e-importancia-de-los-objetivos-de-desarrollo-sostenible-ods\\\/\"},\"author\":{\"name\":\"CETYS Institucional\",\"@id\":\"https:\\\/\\\/www.cetys.mx\\\/noticias\\\/#\\\/schema\\\/person\\\/e9d2b35265b64aa454df57a2828eb2ac\"},\"headline\":\"Colegio de Administraci\u00f3n y Negocios de CETYS realiza seminario sobre el conocimiento e importancia de los Objetivos de Desarrollo Sostenible (ODS)\",\"datePublished\":\"2026-02-16T20:49:50+00:00\",\"dateModified\":\"2026-02-16T23:12:33+00:00\",\"mainEntityOfPage\":{\"@id\":\"https:\\\/\\\/www.cetys.mx\\\/noticias\\\/sistema-cetys-realiza-seminario-sobre-el-conocimiento-e-importancia-de-los-objetivos-de-desarrollo-sostenible-ods\\\/\"},\"wordCount\":485,\"commentCount\":0,\"image\":{\"@id\":\"https:\\\/\\\/www.cetys.mx\\\/noticias\\\/sistema-cetys-realiza-seminario-sobre-el-conocimiento-e-importancia-de-los-objetivos-de-desarrollo-sostenible-ods\\\/#primaryimage\"},\"thumbnailUrl\":\"https:\\\/\\\/www.cetys.mx\\\/noticias\\\/wp-content\\\/uploads\\\/2026\\\/02\\\/Seminario-ODS.jpg\",\"articleSection\":[\"Institucional\",\"Portada\"],\"inLanguage\":\"es\",\"potentialAction\":[{\"@type\":\"CommentAction\",\"name\":\"Comment\",\"target\":[\"https:\\\/\\\/www.cetys.mx\\\/noticias\\\/sistema-cetys-realiza-seminario-sobre-el-conocimiento-e-importancia-de-los-objetivos-de-desarrollo-sostenible-ods\\\/#respond\"]}]},{\"@type\":\"WebPage\",\"@id\":\"https:\\\/\\\/www.cetys.mx\\\/noticias\\\/sistema-cetys-realiza-seminario-sobre-el-conocimiento-e-importancia-de-los-objetivos-de-desarrollo-sostenible-ods\\\/\",\"url\":\"https:\\\/\\\/www.cetys.mx\\\/noticias\\\/sistema-cetys-realiza-seminario-sobre-el-conocimiento-e-importancia-de-los-objetivos-de-desarrollo-sostenible-ods\\\/\",\"name\":\"Colegio de Administraci\u00f3n y Negocios de CETYS realiza seminario sobre el conocimiento e importancia de los Objetivos de Desarrollo Sostenible (ODS) - CETYS\",\"isPartOf\":{\"@id\":\"https:\\\/\\\/www.cetys.mx\\\/noticias\\\/#website\"},\"primaryImageOfPage\":{\"@id\":\"https:\\\/\\\/www.cetys.mx\\\/noticias\\\/sistema-cetys-realiza-seminario-sobre-el-conocimiento-e-importancia-de-los-objetivos-de-desarrollo-sostenible-ods\\\/#primaryimage\"},\"image\":{\"@id\":\"https:\\\/\\\/www.cetys.mx\\\/noticias\\\/sistema-cetys-realiza-seminario-sobre-el-conocimiento-e-importancia-de-los-objetivos-de-desarrollo-sostenible-ods\\\/#primaryimage\"},\"thumbnailUrl\":\"https:\\\/\\\/www.cetys.mx\\\/noticias\\\/wp-content\\\/uploads\\\/2026\\\/02\\\/Seminario-ODS.jpg\",\"datePublished\":\"2026-02-16T20:49:50+00:00\",\"dateModified\":\"2026-02-16T23:12:33+00:00\",\"author\":{\"@id\":\"https:\\\/\\\/www.cetys.mx\\\/noticias\\\/#\\\/schema\\\/person\\\/e9d2b35265b64aa454df57a2828eb2ac\"},\"description\":\"Articulo sobre Colegio de Administraci\u00f3n y Negocios de CETYS realiza seminario sobre el conocimiento e importancia de los Objetivos de Desarrollo Sostenible (ODS)\",\"breadcrumb\":{\"@id\":\"https:\\\/\\\/www.cetys.mx\\\/noticias\\\/sistema-cetys-realiza-seminario-sobre-el-conocimiento-e-importancia-de-los-objetivos-de-desarrollo-sostenible-ods\\\/#breadcrumb\"},\"inLanguage\":\"es\",\"potentialAction\":[{\"@type\":\"ReadAction\",\"target\":[\"https:\\\/\\\/www.cetys.mx\\\/noticias\\\/sistema-cetys-realiza-seminario-sobre-el-conocimiento-e-importancia-de-los-objetivos-de-desarrollo-sostenible-ods\\\/\"]}]},{\"@type\":\"ImageObject\",\"inLanguage\":\"es\",\"@id\":\"https:\\\/\\\/www.cetys.mx\\\/noticias\\\/sistema-cetys-realiza-seminario-sobre-el-conocimiento-e-importancia-de-los-objetivos-de-desarrollo-sostenible-ods\\\/#primaryimage\",\"url\":\"https:\\\/\\\/www.cetys.mx\\\/noticias\\\/wp-content\\\/uploads\\\/2026\\\/02\\\/Seminario-ODS.jpg\",\"contentUrl\":\"https:\\\/\\\/www.cetys.mx\\\/noticias\\\/wp-content\\\/uploads\\\/2026\\\/02\\\/Seminario-ODS.jpg\",\"width\":958,\"height\":637},{\"@type\":\"BreadcrumbList\",\"@id\":\"https:\\\/\\\/www.cetys.mx\\\/noticias\\\/sistema-cetys-realiza-seminario-sobre-el-conocimiento-e-importancia-de-los-objetivos-de-desarrollo-sostenible-ods\\\/#breadcrumb\",\"itemListElement\":[{\"@type\":\"ListItem\",\"position\":1,\"name\":\"Inicio\",\"item\":\"https:\\\/\\\/www.cetys.mx\\\/noticias\\\/\"},{\"@type\":\"ListItem\",\"position\":2,\"name\":\"Colegio de Administraci\u00f3n y Negocios de CETYS realiza seminario sobre el conocimiento e importancia de los Objetivos de Desarrollo Sostenible (ODS)\"}]},{\"@type\":\"WebSite\",\"@id\":\"https:\\\/\\\/www.cetys.mx\\\/noticias\\\/#website\",\"url\":\"https:\\\/\\\/www.cetys.mx\\\/noticias\\\/\",\"name\":\"CETYS\",\"description\":\"\",\"potentialAction\":[{\"@type\":\"SearchAction\",\"target\":{\"@type\":\"EntryPoint\",\"urlTemplate\":\"https:\\\/\\\/www.cetys.mx\\\/noticias\\\/?s={search_term_string}\"},\"query-input\":{\"@type\":\"PropertyValueSpecification\",\"valueRequired\":true,\"valueName\":\"search_term_string\"}}],\"inLanguage\":\"es\"},{\"@type\":\"Person\",\"@id\":\"https:\\\/\\\/www.cetys.mx\\\/noticias\\\/#\\\/schema\\\/person\\\/e9d2b35265b64aa454df57a2828eb2ac\",\"name\":\"CETYS Institucional\",\"url\":\"https:\\\/\\\/www.cetys.mx\\\/noticias\\\/author\\\/cetysinstitucional\\\/\"}]}<\/script>\n<!-- \/ Yoast SEO plugin. -->","yoast_head_json":{"title":"Colegio de Administraci\u00f3n y Negocios de CETYS realiza seminario sobre el conocimiento e importancia de los Objetivos de Desarrollo Sostenible (ODS) - CETYS","description":"Articulo sobre Colegio de Administraci\u00f3n y Negocios de CETYS realiza seminario sobre el conocimiento e importancia de los Objetivos de Desarrollo Sostenible (ODS)","robots":{"index":"index","follow":"follow","max-snippet":"max-snippet:-1","max-image-preview":"max-image-preview:large","max-video-preview":"max-video-preview:-1"},"canonical":"https:\/\/www.cetys.mx\/noticias\/sistema-cetys-realiza-seminario-sobre-el-conocimiento-e-importancia-de-los-objetivos-de-desarrollo-sostenible-ods\/","og_locale":"es_MX","og_type":"article","og_title":"Colegio de Administraci\u00f3n y Negocios de CETYS realiza seminario sobre el conocimiento e importancia de los Objetivos de Desarrollo Sostenible (ODS) - CETYS","og_description":"Articulo sobre Colegio de Administraci\u00f3n y Negocios de CETYS realiza seminario sobre el conocimiento e importancia de los Objetivos de Desarrollo Sostenible (ODS)","og_url":"https:\/\/www.cetys.mx\/noticias\/sistema-cetys-realiza-seminario-sobre-el-conocimiento-e-importancia-de-los-objetivos-de-desarrollo-sostenible-ods\/","og_site_name":"CETYS","article_publisher":"https:\/\/www.facebook.com\/cetysuniversidadmxl\/","article_published_time":"2026-02-16T20:49:50+00:00","article_modified_time":"2026-02-16T23:12:33+00:00","og_image":[{"width":958,"height":637,"url":"https:\/\/www.cetys.mx\/noticias\/wp-content\/uploads\/2026\/02\/Seminario-ODS.jpg","type":"image\/jpeg"}],"author":"CETYS Institucional","twitter_card":"summary_large_image","twitter_creator":"@cetysuni","twitter_site":"@cetysuni","twitter_misc":{"Escrito por":"CETYS Institucional","Tiempo de lectura":"2 minutos"},"schema":{"@context":"https:\/\/schema.org","@graph":[{"@type":"Article","@id":"https:\/\/www.cetys.mx\/noticias\/sistema-cetys-realiza-seminario-sobre-el-conocimiento-e-importancia-de-los-objetivos-de-desarrollo-sostenible-ods\/#article","isPartOf":{"@id":"https:\/\/www.cetys.mx\/noticias\/sistema-cetys-realiza-seminario-sobre-el-conocimiento-e-importancia-de-los-objetivos-de-desarrollo-sostenible-ods\/"},"author":{"name":"CETYS Institucional","@id":"https:\/\/www.cetys.mx\/noticias\/#\/schema\/person\/e9d2b35265b64aa454df57a2828eb2ac"},"headline":"Colegio de Administraci\u00f3n y Negocios de CETYS realiza seminario sobre el conocimiento e importancia de los Objetivos de Desarrollo Sostenible (ODS)","datePublished":"2026-02-16T20:49:50+00:00","dateModified":"2026-02-16T23:12:33+00:00","mainEntityOfPage":{"@id":"https:\/\/www.cetys.mx\/noticias\/sistema-cetys-realiza-seminario-sobre-el-conocimiento-e-importancia-de-los-objetivos-de-desarrollo-sostenible-ods\/"},"wordCount":485,"commentCount":0,"image":{"@id":"https:\/\/www.cetys.mx\/noticias\/sistema-cetys-realiza-seminario-sobre-el-conocimiento-e-importancia-de-los-objetivos-de-desarrollo-sostenible-ods\/#primaryimage"},"thumbnailUrl":"https:\/\/www.cetys.mx\/noticias\/wp-content\/uploads\/2026\/02\/Seminario-ODS.jpg","articleSection":["Institucional","Portada"],"inLanguage":"es","potentialAction":[{"@type":"CommentAction","name":"Comment","target":["https:\/\/www.cetys.mx\/noticias\/sistema-cetys-realiza-seminario-sobre-el-conocimiento-e-importancia-de-los-objetivos-de-desarrollo-sostenible-ods\/#respond"]}]},{"@type":"WebPage","@id":"https:\/\/www.cetys.mx\/noticias\/sistema-cetys-realiza-seminario-sobre-el-conocimiento-e-importancia-de-los-objetivos-de-desarrollo-sostenible-ods\/","url":"https:\/\/www.cetys.mx\/noticias\/sistema-cetys-realiza-seminario-sobre-el-conocimiento-e-importancia-de-los-objetivos-de-desarrollo-sostenible-ods\/","name":"Colegio de Administraci\u00f3n y Negocios de CETYS realiza seminario sobre el conocimiento e importancia de los Objetivos de Desarrollo Sostenible (ODS) - CETYS","isPartOf":{"@id":"https:\/\/www.cetys.mx\/noticias\/#website"},"primaryImageOfPage":{"@id":"https:\/\/www.cetys.mx\/noticias\/sistema-cetys-realiza-seminario-sobre-el-conocimiento-e-importancia-de-los-objetivos-de-desarrollo-sostenible-ods\/#primaryimage"},"image":{"@id":"https:\/\/www.cetys.mx\/noticias\/sistema-cetys-realiza-seminario-sobre-el-conocimiento-e-importancia-de-los-objetivos-de-desarrollo-sostenible-ods\/#primaryimage"},"thumbnailUrl":"https:\/\/www.cetys.mx\/noticias\/wp-content\/uploads\/2026\/02\/Seminario-ODS.jpg","datePublished":"2026-02-16T20:49:50+00:00","dateModified":"2026-02-16T23:12:33+00:00","author":{"@id":"https:\/\/www.cetys.mx\/noticias\/#\/schema\/person\/e9d2b35265b64aa454df57a2828eb2ac"},"description":"Articulo sobre Colegio de Administraci\u00f3n y Negocios de CETYS realiza seminario sobre el conocimiento e importancia de los Objetivos de Desarrollo Sostenible (ODS)","breadcrumb":{"@id":"https:\/\/www.cetys.mx\/noticias\/sistema-cetys-realiza-seminario-sobre-el-conocimiento-e-importancia-de-los-objetivos-de-desarrollo-sostenible-ods\/#breadcrumb"},"inLanguage":"es","potentialAction":[{"@type":"ReadAction","target":["https:\/\/www.cetys.mx\/noticias\/sistema-cetys-realiza-seminario-sobre-el-conocimiento-e-importancia-de-los-objetivos-de-desarrollo-sostenible-ods\/"]}]},{"@type":"ImageObject","inLanguage":"es","@id":"https:\/\/www.cetys.mx\/noticias\/sistema-cetys-realiza-seminario-sobre-el-conocimiento-e-importancia-de-los-objetivos-de-desarrollo-sostenible-ods\/#primaryimage","url":"https:\/\/www.cetys.mx\/noticias\/wp-content\/uploads\/2026\/02\/Seminario-ODS.jpg","contentUrl":"https:\/\/www.cetys.mx\/noticias\/wp-content\/uploads\/2026\/02\/Seminario-ODS.jpg","width":958,"height":637},{"@type":"BreadcrumbList","@id":"https:\/\/www.cetys.mx\/noticias\/sistema-cetys-realiza-seminario-sobre-el-conocimiento-e-importancia-de-los-objetivos-de-desarrollo-sostenible-ods\/#breadcrumb","itemListElement":[{"@type":"ListItem","position":1,"name":"Inicio","item":"https:\/\/www.cetys.mx\/noticias\/"},{"@type":"ListItem","position":2,"name":"Colegio de Administraci\u00f3n y Negocios de CETYS realiza seminario sobre el conocimiento e importancia de los Objetivos de Desarrollo Sostenible (ODS)"}]},{"@type":"WebSite","@id":"https:\/\/www.cetys.mx\/noticias\/#website","url":"https:\/\/www.cetys.mx\/noticias\/","name":"CETYS","description":"","potentialAction":[{"@type":"SearchAction","target":{"@type":"EntryPoint","urlTemplate":"https:\/\/www.cetys.mx\/noticias\/?s={search_term_string}"},"query-input":{"@type":"PropertyValueSpecification","valueRequired":true,"valueName":"search_term_string"}}],"inLanguage":"es"},{"@type":"Person","@id":"https:\/\/www.cetys.mx\/noticias\/#\/schema\/person\/e9d2b35265b64aa454df57a2828eb2ac","name":"CETYS Institucional","url":"https:\/\/www.cetys.mx\/noticias\/author\/cetysinstitucional\/"}]}},"_links":{"self":[{"href":"https:\/\/www.cetys.mx\/noticias\/wp-json\/wp\/v2\/posts\/219977","targetHints":{"allow":["GET"]}}],"collection":[{"href":"https:\/\/www.cetys.mx\/noticias\/wp-json\/wp\/v2\/posts"}],"about":[{"href":"https:\/\/www.cetys.mx\/noticias\/wp-json\/wp\/v2\/types\/post"}],"author":[{"embeddable":true,"href":"https:\/\/www.cetys.mx\/noticias\/wp-json\/wp\/v2\/users\/26"}],"replies":[{"embeddable":true,"href":"https:\/\/www.cetys.mx\/noticias\/wp-json\/wp\/v2\/comments?post=219977"}],"version-history":[{"count":3,"href":"https:\/\/www.cetys.mx\/noticias\/wp-json\/wp\/v2\/posts\/219977\/revisions"}],"predecessor-version":[{"id":219986,"href":"https:\/\/www.cetys.mx\/noticias\/wp-json\/wp\/v2\/posts\/219977\/revisions\/219986"}],"wp:featuredmedia":[{"embeddable":true,"href":"https:\/\/www.cetys.mx\/noticias\/wp-json\/wp\/v2\/media\/219981"}],"wp:attachment":[{"href":"https:\/\/www.cetys.mx\/noticias\/wp-json\/wp\/v2\/media?parent=219977"}],"wp:term":[{"taxonomy":"category","embeddable":true,"href":"https:\/\/www.cetys.mx\/noticias\/wp-json\/wp\/v2\/categories?post=219977"},{"taxonomy":"post_tag","embeddable":true,"href":"https:\/\/www.cetys.mx\/noticias\/wp-json\/wp\/v2\/tags?post=219977"}],"curies":[{"name":"wp","href":"https:\/\/api.w.org\/{rel}","templated":true}]}}