{"id":219576,"date":"2026-02-05T11:50:02","date_gmt":"2026-02-05T19:50:02","guid":{"rendered":"https:\/\/www.cetys.mx\/noticias\/?p=219576"},"modified":"2026-02-05T16:46:54","modified_gmt":"2026-02-06T00:46:54","slug":"estudiantes-de-la-maestria-en-educacion-conocen-implicaciones-del-uso-responsable-de-la-ia-en-el-ambito-academico","status":"publish","type":"post","link":"https:\/\/www.cetys.mx\/noticias\/estudiantes-de-la-maestria-en-educacion-conocen-implicaciones-del-uso-responsable-de-la-ia-en-el-ambito-academico\/","title":{"rendered":"Estudiantes de Posgrado en CETYS conocen implicaciones del uso responsable de la IA en el \u00e1mbito acad\u00e9mico"},"content":{"rendered":"<p data-start=\"659\" data-end=\"1345\">El uso de la Inteligencia Artificial (IA) en el \u00e1mbito acad\u00e9mico es cada vez m\u00e1s frecuente; sin embargo, no es recomendable depender 100% de ella, ya que es una herramienta que debe usarse de forma responsable.\u00a0Bajo esta premisa, la\u00a0<a href=\"https:\/\/www.cetys.mx\/programas\/maestria-en-educacion\/\">Maestr\u00eda en Educaci\u00f3n<\/a> de CETYS Universidad ofreci\u00f3 a estudiantes de las diferentes maestr\u00edas y doctorados de CETYS,\u00a0 recomendaciones para su uso \u00f3ptimo, y as\u00ed usar citas, par\u00e1frasis y\/o referencias correctamente para no caer en plagio u otras malas pr\u00e1cticas.<\/p>\n<p data-start=\"659\" data-end=\"1345\">La\u00a0<strong data-start=\"874\" data-end=\"903\">Dra. Melanie Montes Silva, <\/strong><em>Coordinadora de la Maestr\u00eda en Educaci\u00f3n de CETYS Universidad Campus Tijuana,<\/em> present\u00f3 de forma virtual , la segunda edici\u00f3n de una gu\u00eda para el uso de la IA en entornos acad\u00e9micos,\u00a0\u00a0demostrando ejemplos de\u00a0cu\u00e1ndo la IA puede ser un apoyo \u00fatil y cu\u00e1ndo su uso autom\u00e1tico o indiscriminado puede afectar la calidad y el rigor acad\u00e9mico. Entre los puntos clave, subray\u00f3 la importancia de analizar el origen de la informaci\u00f3n generada, ya que la IA no constituye una fuente acad\u00e9mica v\u00e1lida, requiere verificaci\u00f3n, contraste y criterio humano.<\/p>\n<p data-start=\"1347\" data-end=\"1656\">El objetivo de la actividad es fortalecer su formaci\u00f3n en el uso consciente y \u00e9tico de tecnolog\u00edas emergentes dentro de procesos educativos, de investigaci\u00f3n y de producci\u00f3n acad\u00e9mica de los estudiantes de la Maestr\u00eda.<\/p>\n<p data-start=\"1347\" data-end=\"1656\">Entre las recomendaciones para uso destac\u00f3:<\/p>\n<p>\u2022 Revisar la informaci\u00f3n generada con IA y referir correctamente la fuente.<\/p>\n<p data-start=\"1347\" data-end=\"1656\">\u2022\u00a0Busca la mejor forma de ser\u00a0transparente y dar cr\u00e9dito a las herramientas\u00a0utilizadas.<\/p>\n<blockquote>\n<p data-start=\"1347\" data-end=\"1656\">&#8220;E<strong data-start=\"1714\" data-end=\"1757\">l uso de la IA no es en s\u00ed perjudicial<\/strong>, especialmente cuando se emplea para organizar ideas, explorar enfoques iniciales o apoyar tareas espec\u00edficas. No obstante, delegar de forma autom\u00e1tica el an\u00e1lisis, la argumentaci\u00f3n o la toma de decisiones acad\u00e9micas puede debilitar el aprendizaje y la autor\u00eda intelectual&#8221;, comparti\u00f3.<\/p>\n<div id=\"attachment_219579\" style=\"width: 610px\" class=\"wp-caption aligncenter\"><img loading=\"lazy\" decoding=\"async\" aria-describedby=\"caption-attachment-219579\" class=\"wp-image-219579\" src=\"https:\/\/www.cetys.mx\/noticias\/wp-content\/uploads\/2026\/01\/presentacion-virtual-MED-CETYS-SIstema.png\" alt=\"\" width=\"600\" height=\"399\" srcset=\"https:\/\/www.cetys.mx\/noticias\/wp-content\/uploads\/2026\/01\/presentacion-virtual-MED-CETYS-SIstema.png 958w, https:\/\/www.cetys.mx\/noticias\/wp-content\/uploads\/2026\/01\/presentacion-virtual-MED-CETYS-SIstema-768x511.png 768w\" sizes=\"auto, (max-width: 600px) 100vw, 600px\" \/><p id=\"caption-attachment-219579\" class=\"wp-caption-text\">Presentaci\u00f3n virtual de la Gu\u00eda para el uso de la IA en entornos acad\u00e9micos para estudiantes de la Maestr\u00eda en Educaci\u00f3n de CETYS Universidad.<\/p><\/div><\/blockquote>\n<p data-start=\"2046\" data-end=\"2491\">Por \u00faltimo, la <strong>Dra. Melanie<\/strong> record\u00f3 a los estudiantes de la Maestr\u00eda en Educaci\u00f3n, que\u00a0 el uso correcto de la IA permitir\u00e1 a que integren la innovaci\u00f3n tecnol\u00f3gica sin perder de vista los principios de rigor, \u00e9tica y calidad que distinguen al trabajo acad\u00e9mico de posgrado.<\/p>\n","protected":false},"excerpt":{"rendered":"<p>El uso de la Inteligencia Artificial (IA) en el \u00e1mbito acad\u00e9mico es cada vez m\u00e1s frecuente; sin embargo, no es recomendable depender&#8230;<\/p>\n","protected":false},"author":24,"featured_media":219578,"comment_status":"open","ping_status":"closed","sticky":false,"template":"","format":"standard","meta":{"footnotes":""},"categories":[134,309],"tags":[328,430,216],"class_list":["post-219576","post","type-post","status-publish","format-standard","has-post-thumbnail","hentry","category-campus-tijuana","category-posgrado","tag-campustijuana","tag-educacion","tag-posgrado"],"yoast_head":"<!-- This site is optimized with the Yoast SEO plugin v27.4 - https:\/\/yoast.com\/product\/yoast-seo-wordpress\/ -->\n<title>Estudiantes de Posgrado en CETYS conocen implicaciones del uso responsable de la IA en el \u00e1mbito acad\u00e9mico - CETYS<\/title>\n<meta name=\"description\" content=\"Articulo sobre Estudiantes de Posgrado en CETYS conocen implicaciones del uso responsable de la IA en el \u00e1mbito acad\u00e9mico\" \/>\n<meta name=\"robots\" content=\"index, follow, max-snippet:-1, max-image-preview:large, max-video-preview:-1\" \/>\n<link rel=\"canonical\" href=\"https:\/\/www.cetys.mx\/noticias\/estudiantes-de-la-maestria-en-educacion-conocen-implicaciones-del-uso-responsable-de-la-ia-en-el-ambito-academico\/\" \/>\n<meta property=\"og:locale\" content=\"es_MX\" \/>\n<meta property=\"og:type\" content=\"article\" \/>\n<meta property=\"og:title\" content=\"Estudiantes de Posgrado en CETYS conocen implicaciones del uso responsable de la IA en el \u00e1mbito acad\u00e9mico - CETYS\" \/>\n<meta property=\"og:description\" content=\"Articulo sobre Estudiantes de Posgrado en CETYS conocen implicaciones del uso responsable de la IA en el \u00e1mbito acad\u00e9mico\" \/>\n<meta property=\"og:url\" content=\"https:\/\/www.cetys.mx\/noticias\/estudiantes-de-la-maestria-en-educacion-conocen-implicaciones-del-uso-responsable-de-la-ia-en-el-ambito-academico\/\" \/>\n<meta property=\"og:site_name\" content=\"CETYS\" \/>\n<meta property=\"article:publisher\" content=\"https:\/\/www.facebook.com\/cetysuniversidadmxl\/\" \/>\n<meta property=\"article:published_time\" content=\"2026-02-05T19:50:02+00:00\" \/>\n<meta property=\"article:modified_time\" content=\"2026-02-06T00:46:54+00:00\" \/>\n<meta property=\"og:image\" content=\"https:\/\/www.cetys.mx\/noticias\/wp-content\/uploads\/2026\/01\/Clase-Posgrado-CETYS-Universidad.png\" \/>\n\t<meta property=\"og:image:width\" content=\"958\" \/>\n\t<meta property=\"og:image:height\" content=\"637\" \/>\n\t<meta property=\"og:image:type\" content=\"image\/png\" \/>\n<meta name=\"author\" content=\"Campus Tijuana\" \/>\n<meta name=\"twitter:card\" content=\"summary_large_image\" \/>\n<meta name=\"twitter:creator\" content=\"@cetysuni\" \/>\n<meta name=\"twitter:site\" content=\"@cetysuni\" \/>\n<meta name=\"twitter:label1\" content=\"Escrito por\" \/>\n\t<meta name=\"twitter:data1\" content=\"Campus Tijuana\" \/>\n\t<meta name=\"twitter:label2\" content=\"Tiempo de lectura\" \/>\n\t<meta name=\"twitter:data2\" content=\"2 minutos\" \/>\n<script type=\"application\/ld+json\" class=\"yoast-schema-graph\">{\"@context\":\"https:\\\/\\\/schema.org\",\"@graph\":[{\"@type\":\"Article\",\"@id\":\"https:\\\/\\\/www.cetys.mx\\\/noticias\\\/estudiantes-de-la-maestria-en-educacion-conocen-implicaciones-del-uso-responsable-de-la-ia-en-el-ambito-academico\\\/#article\",\"isPartOf\":{\"@id\":\"https:\\\/\\\/www.cetys.mx\\\/noticias\\\/estudiantes-de-la-maestria-en-educacion-conocen-implicaciones-del-uso-responsable-de-la-ia-en-el-ambito-academico\\\/\"},\"author\":{\"name\":\"Campus Tijuana\",\"@id\":\"https:\\\/\\\/www.cetys.mx\\\/noticias\\\/#\\\/schema\\\/person\\\/e790051ce60e18ae47cfa87011c8653f\"},\"headline\":\"Estudiantes de Posgrado en CETYS conocen implicaciones del uso responsable de la IA en el \u00e1mbito acad\u00e9mico\",\"datePublished\":\"2026-02-05T19:50:02+00:00\",\"dateModified\":\"2026-02-06T00:46:54+00:00\",\"mainEntityOfPage\":{\"@id\":\"https:\\\/\\\/www.cetys.mx\\\/noticias\\\/estudiantes-de-la-maestria-en-educacion-conocen-implicaciones-del-uso-responsable-de-la-ia-en-el-ambito-academico\\\/\"},\"wordCount\":424,\"commentCount\":0,\"image\":{\"@id\":\"https:\\\/\\\/www.cetys.mx\\\/noticias\\\/estudiantes-de-la-maestria-en-educacion-conocen-implicaciones-del-uso-responsable-de-la-ia-en-el-ambito-academico\\\/#primaryimage\"},\"thumbnailUrl\":\"https:\\\/\\\/www.cetys.mx\\\/noticias\\\/wp-content\\\/uploads\\\/2026\\\/01\\\/Clase-Posgrado-CETYS-Universidad.png\",\"keywords\":[\"campustijuana\",\"Educaci\u00f3n\",\"posgrado\"],\"articleSection\":[\"Campus Tijuana\",\"Posgrado\"],\"inLanguage\":\"es\",\"potentialAction\":[{\"@type\":\"CommentAction\",\"name\":\"Comment\",\"target\":[\"https:\\\/\\\/www.cetys.mx\\\/noticias\\\/estudiantes-de-la-maestria-en-educacion-conocen-implicaciones-del-uso-responsable-de-la-ia-en-el-ambito-academico\\\/#respond\"]}]},{\"@type\":\"WebPage\",\"@id\":\"https:\\\/\\\/www.cetys.mx\\\/noticias\\\/estudiantes-de-la-maestria-en-educacion-conocen-implicaciones-del-uso-responsable-de-la-ia-en-el-ambito-academico\\\/\",\"url\":\"https:\\\/\\\/www.cetys.mx\\\/noticias\\\/estudiantes-de-la-maestria-en-educacion-conocen-implicaciones-del-uso-responsable-de-la-ia-en-el-ambito-academico\\\/\",\"name\":\"Estudiantes de Posgrado en CETYS conocen implicaciones del uso responsable de la IA en el \u00e1mbito acad\u00e9mico - CETYS\",\"isPartOf\":{\"@id\":\"https:\\\/\\\/www.cetys.mx\\\/noticias\\\/#website\"},\"primaryImageOfPage\":{\"@id\":\"https:\\\/\\\/www.cetys.mx\\\/noticias\\\/estudiantes-de-la-maestria-en-educacion-conocen-implicaciones-del-uso-responsable-de-la-ia-en-el-ambito-academico\\\/#primaryimage\"},\"image\":{\"@id\":\"https:\\\/\\\/www.cetys.mx\\\/noticias\\\/estudiantes-de-la-maestria-en-educacion-conocen-implicaciones-del-uso-responsable-de-la-ia-en-el-ambito-academico\\\/#primaryimage\"},\"thumbnailUrl\":\"https:\\\/\\\/www.cetys.mx\\\/noticias\\\/wp-content\\\/uploads\\\/2026\\\/01\\\/Clase-Posgrado-CETYS-Universidad.png\",\"datePublished\":\"2026-02-05T19:50:02+00:00\",\"dateModified\":\"2026-02-06T00:46:54+00:00\",\"author\":{\"@id\":\"https:\\\/\\\/www.cetys.mx\\\/noticias\\\/#\\\/schema\\\/person\\\/e790051ce60e18ae47cfa87011c8653f\"},\"description\":\"Articulo sobre Estudiantes de Posgrado en CETYS conocen implicaciones del uso responsable de la IA en el \u00e1mbito acad\u00e9mico\",\"breadcrumb\":{\"@id\":\"https:\\\/\\\/www.cetys.mx\\\/noticias\\\/estudiantes-de-la-maestria-en-educacion-conocen-implicaciones-del-uso-responsable-de-la-ia-en-el-ambito-academico\\\/#breadcrumb\"},\"inLanguage\":\"es\",\"potentialAction\":[{\"@type\":\"ReadAction\",\"target\":[\"https:\\\/\\\/www.cetys.mx\\\/noticias\\\/estudiantes-de-la-maestria-en-educacion-conocen-implicaciones-del-uso-responsable-de-la-ia-en-el-ambito-academico\\\/\"]}]},{\"@type\":\"ImageObject\",\"inLanguage\":\"es\",\"@id\":\"https:\\\/\\\/www.cetys.mx\\\/noticias\\\/estudiantes-de-la-maestria-en-educacion-conocen-implicaciones-del-uso-responsable-de-la-ia-en-el-ambito-academico\\\/#primaryimage\",\"url\":\"https:\\\/\\\/www.cetys.mx\\\/noticias\\\/wp-content\\\/uploads\\\/2026\\\/01\\\/Clase-Posgrado-CETYS-Universidad.png\",\"contentUrl\":\"https:\\\/\\\/www.cetys.mx\\\/noticias\\\/wp-content\\\/uploads\\\/2026\\\/01\\\/Clase-Posgrado-CETYS-Universidad.png\",\"width\":958,\"height\":637},{\"@type\":\"BreadcrumbList\",\"@id\":\"https:\\\/\\\/www.cetys.mx\\\/noticias\\\/estudiantes-de-la-maestria-en-educacion-conocen-implicaciones-del-uso-responsable-de-la-ia-en-el-ambito-academico\\\/#breadcrumb\",\"itemListElement\":[{\"@type\":\"ListItem\",\"position\":1,\"name\":\"Inicio\",\"item\":\"https:\\\/\\\/www.cetys.mx\\\/noticias\\\/\"},{\"@type\":\"ListItem\",\"position\":2,\"name\":\"Estudiantes de Posgrado en CETYS conocen implicaciones del uso responsable de la IA en el \u00e1mbito acad\u00e9mico\"}]},{\"@type\":\"WebSite\",\"@id\":\"https:\\\/\\\/www.cetys.mx\\\/noticias\\\/#website\",\"url\":\"https:\\\/\\\/www.cetys.mx\\\/noticias\\\/\",\"name\":\"CETYS\",\"description\":\"\",\"potentialAction\":[{\"@type\":\"SearchAction\",\"target\":{\"@type\":\"EntryPoint\",\"urlTemplate\":\"https:\\\/\\\/www.cetys.mx\\\/noticias\\\/?s={search_term_string}\"},\"query-input\":{\"@type\":\"PropertyValueSpecification\",\"valueRequired\":true,\"valueName\":\"search_term_string\"}}],\"inLanguage\":\"es\"},{\"@type\":\"Person\",\"@id\":\"https:\\\/\\\/www.cetys.mx\\\/noticias\\\/#\\\/schema\\\/person\\\/e790051ce60e18ae47cfa87011c8653f\",\"name\":\"Campus Tijuana\",\"url\":\"https:\\\/\\\/www.cetys.mx\\\/noticias\\\/author\\\/campustijuana\\\/\"}]}<\/script>\n<!-- \/ Yoast SEO plugin. -->","yoast_head_json":{"title":"Estudiantes de Posgrado en CETYS conocen implicaciones del uso responsable de la IA en el \u00e1mbito acad\u00e9mico - CETYS","description":"Articulo sobre Estudiantes de Posgrado en CETYS conocen implicaciones del uso responsable de la IA en el \u00e1mbito acad\u00e9mico","robots":{"index":"index","follow":"follow","max-snippet":"max-snippet:-1","max-image-preview":"max-image-preview:large","max-video-preview":"max-video-preview:-1"},"canonical":"https:\/\/www.cetys.mx\/noticias\/estudiantes-de-la-maestria-en-educacion-conocen-implicaciones-del-uso-responsable-de-la-ia-en-el-ambito-academico\/","og_locale":"es_MX","og_type":"article","og_title":"Estudiantes de Posgrado en CETYS conocen implicaciones del uso responsable de la IA en el \u00e1mbito acad\u00e9mico - CETYS","og_description":"Articulo sobre Estudiantes de Posgrado en CETYS conocen implicaciones del uso responsable de la IA en el \u00e1mbito acad\u00e9mico","og_url":"https:\/\/www.cetys.mx\/noticias\/estudiantes-de-la-maestria-en-educacion-conocen-implicaciones-del-uso-responsable-de-la-ia-en-el-ambito-academico\/","og_site_name":"CETYS","article_publisher":"https:\/\/www.facebook.com\/cetysuniversidadmxl\/","article_published_time":"2026-02-05T19:50:02+00:00","article_modified_time":"2026-02-06T00:46:54+00:00","og_image":[{"width":958,"height":637,"url":"https:\/\/www.cetys.mx\/noticias\/wp-content\/uploads\/2026\/01\/Clase-Posgrado-CETYS-Universidad.png","type":"image\/png"}],"author":"Campus Tijuana","twitter_card":"summary_large_image","twitter_creator":"@cetysuni","twitter_site":"@cetysuni","twitter_misc":{"Escrito por":"Campus Tijuana","Tiempo de lectura":"2 minutos"},"schema":{"@context":"https:\/\/schema.org","@graph":[{"@type":"Article","@id":"https:\/\/www.cetys.mx\/noticias\/estudiantes-de-la-maestria-en-educacion-conocen-implicaciones-del-uso-responsable-de-la-ia-en-el-ambito-academico\/#article","isPartOf":{"@id":"https:\/\/www.cetys.mx\/noticias\/estudiantes-de-la-maestria-en-educacion-conocen-implicaciones-del-uso-responsable-de-la-ia-en-el-ambito-academico\/"},"author":{"name":"Campus Tijuana","@id":"https:\/\/www.cetys.mx\/noticias\/#\/schema\/person\/e790051ce60e18ae47cfa87011c8653f"},"headline":"Estudiantes de Posgrado en CETYS conocen implicaciones del uso responsable de la IA en el \u00e1mbito acad\u00e9mico","datePublished":"2026-02-05T19:50:02+00:00","dateModified":"2026-02-06T00:46:54+00:00","mainEntityOfPage":{"@id":"https:\/\/www.cetys.mx\/noticias\/estudiantes-de-la-maestria-en-educacion-conocen-implicaciones-del-uso-responsable-de-la-ia-en-el-ambito-academico\/"},"wordCount":424,"commentCount":0,"image":{"@id":"https:\/\/www.cetys.mx\/noticias\/estudiantes-de-la-maestria-en-educacion-conocen-implicaciones-del-uso-responsable-de-la-ia-en-el-ambito-academico\/#primaryimage"},"thumbnailUrl":"https:\/\/www.cetys.mx\/noticias\/wp-content\/uploads\/2026\/01\/Clase-Posgrado-CETYS-Universidad.png","keywords":["campustijuana","Educaci\u00f3n","posgrado"],"articleSection":["Campus Tijuana","Posgrado"],"inLanguage":"es","potentialAction":[{"@type":"CommentAction","name":"Comment","target":["https:\/\/www.cetys.mx\/noticias\/estudiantes-de-la-maestria-en-educacion-conocen-implicaciones-del-uso-responsable-de-la-ia-en-el-ambito-academico\/#respond"]}]},{"@type":"WebPage","@id":"https:\/\/www.cetys.mx\/noticias\/estudiantes-de-la-maestria-en-educacion-conocen-implicaciones-del-uso-responsable-de-la-ia-en-el-ambito-academico\/","url":"https:\/\/www.cetys.mx\/noticias\/estudiantes-de-la-maestria-en-educacion-conocen-implicaciones-del-uso-responsable-de-la-ia-en-el-ambito-academico\/","name":"Estudiantes de Posgrado en CETYS conocen implicaciones del uso responsable de la IA en el \u00e1mbito acad\u00e9mico - CETYS","isPartOf":{"@id":"https:\/\/www.cetys.mx\/noticias\/#website"},"primaryImageOfPage":{"@id":"https:\/\/www.cetys.mx\/noticias\/estudiantes-de-la-maestria-en-educacion-conocen-implicaciones-del-uso-responsable-de-la-ia-en-el-ambito-academico\/#primaryimage"},"image":{"@id":"https:\/\/www.cetys.mx\/noticias\/estudiantes-de-la-maestria-en-educacion-conocen-implicaciones-del-uso-responsable-de-la-ia-en-el-ambito-academico\/#primaryimage"},"thumbnailUrl":"https:\/\/www.cetys.mx\/noticias\/wp-content\/uploads\/2026\/01\/Clase-Posgrado-CETYS-Universidad.png","datePublished":"2026-02-05T19:50:02+00:00","dateModified":"2026-02-06T00:46:54+00:00","author":{"@id":"https:\/\/www.cetys.mx\/noticias\/#\/schema\/person\/e790051ce60e18ae47cfa87011c8653f"},"description":"Articulo sobre Estudiantes de Posgrado en CETYS conocen implicaciones del uso responsable de la IA en el \u00e1mbito acad\u00e9mico","breadcrumb":{"@id":"https:\/\/www.cetys.mx\/noticias\/estudiantes-de-la-maestria-en-educacion-conocen-implicaciones-del-uso-responsable-de-la-ia-en-el-ambito-academico\/#breadcrumb"},"inLanguage":"es","potentialAction":[{"@type":"ReadAction","target":["https:\/\/www.cetys.mx\/noticias\/estudiantes-de-la-maestria-en-educacion-conocen-implicaciones-del-uso-responsable-de-la-ia-en-el-ambito-academico\/"]}]},{"@type":"ImageObject","inLanguage":"es","@id":"https:\/\/www.cetys.mx\/noticias\/estudiantes-de-la-maestria-en-educacion-conocen-implicaciones-del-uso-responsable-de-la-ia-en-el-ambito-academico\/#primaryimage","url":"https:\/\/www.cetys.mx\/noticias\/wp-content\/uploads\/2026\/01\/Clase-Posgrado-CETYS-Universidad.png","contentUrl":"https:\/\/www.cetys.mx\/noticias\/wp-content\/uploads\/2026\/01\/Clase-Posgrado-CETYS-Universidad.png","width":958,"height":637},{"@type":"BreadcrumbList","@id":"https:\/\/www.cetys.mx\/noticias\/estudiantes-de-la-maestria-en-educacion-conocen-implicaciones-del-uso-responsable-de-la-ia-en-el-ambito-academico\/#breadcrumb","itemListElement":[{"@type":"ListItem","position":1,"name":"Inicio","item":"https:\/\/www.cetys.mx\/noticias\/"},{"@type":"ListItem","position":2,"name":"Estudiantes de Posgrado en CETYS conocen implicaciones del uso responsable de la IA en el \u00e1mbito acad\u00e9mico"}]},{"@type":"WebSite","@id":"https:\/\/www.cetys.mx\/noticias\/#website","url":"https:\/\/www.cetys.mx\/noticias\/","name":"CETYS","description":"","potentialAction":[{"@type":"SearchAction","target":{"@type":"EntryPoint","urlTemplate":"https:\/\/www.cetys.mx\/noticias\/?s={search_term_string}"},"query-input":{"@type":"PropertyValueSpecification","valueRequired":true,"valueName":"search_term_string"}}],"inLanguage":"es"},{"@type":"Person","@id":"https:\/\/www.cetys.mx\/noticias\/#\/schema\/person\/e790051ce60e18ae47cfa87011c8653f","name":"Campus Tijuana","url":"https:\/\/www.cetys.mx\/noticias\/author\/campustijuana\/"}]}},"_links":{"self":[{"href":"https:\/\/www.cetys.mx\/noticias\/wp-json\/wp\/v2\/posts\/219576","targetHints":{"allow":["GET"]}}],"collection":[{"href":"https:\/\/www.cetys.mx\/noticias\/wp-json\/wp\/v2\/posts"}],"about":[{"href":"https:\/\/www.cetys.mx\/noticias\/wp-json\/wp\/v2\/types\/post"}],"author":[{"embeddable":true,"href":"https:\/\/www.cetys.mx\/noticias\/wp-json\/wp\/v2\/users\/24"}],"replies":[{"embeddable":true,"href":"https:\/\/www.cetys.mx\/noticias\/wp-json\/wp\/v2\/comments?post=219576"}],"version-history":[{"count":7,"href":"https:\/\/www.cetys.mx\/noticias\/wp-json\/wp\/v2\/posts\/219576\/revisions"}],"predecessor-version":[{"id":219685,"href":"https:\/\/www.cetys.mx\/noticias\/wp-json\/wp\/v2\/posts\/219576\/revisions\/219685"}],"wp:featuredmedia":[{"embeddable":true,"href":"https:\/\/www.cetys.mx\/noticias\/wp-json\/wp\/v2\/media\/219578"}],"wp:attachment":[{"href":"https:\/\/www.cetys.mx\/noticias\/wp-json\/wp\/v2\/media?parent=219576"}],"wp:term":[{"taxonomy":"category","embeddable":true,"href":"https:\/\/www.cetys.mx\/noticias\/wp-json\/wp\/v2\/categories?post=219576"},{"taxonomy":"post_tag","embeddable":true,"href":"https:\/\/www.cetys.mx\/noticias\/wp-json\/wp\/v2\/tags?post=219576"}],"curies":[{"name":"wp","href":"https:\/\/api.w.org\/{rel}","templated":true}]}}