{"id":219224,"date":"2026-01-14T13:01:29","date_gmt":"2026-01-14T21:01:29","guid":{"rendered":"https:\/\/www.cetys.mx\/noticias\/?p=219224"},"modified":"2026-01-15T17:14:36","modified_gmt":"2026-01-16T01:14:36","slug":"cetys-universidad-fortalece-su-internacionalizacion-con-el-winter-school-2026","status":"publish","type":"post","link":"https:\/\/www.cetys.mx\/noticias\/cetys-universidad-fortalece-su-internacionalizacion-con-el-winter-school-2026\/","title":{"rendered":"CETYS Universidad fortalece su internacionalizaci\u00f3n con el Winter School 2026"},"content":{"rendered":"<h3><\/h3>\n<h3><span style=\"font-weight: 400;\">CETYS Universidad dio inicio al Winter School 2026 con una ceremonia de apertura realizada en Campus Internacional Ensenada, como una acci\u00f3n para reafirmar su su compromiso con la internacionalizaci\u00f3n y la colaboraci\u00f3n acad\u00e9mica global.<\/span><\/h3>\n<p><span style=\"font-weight: 400;\">El acto fue presidido por el Dr. Fernando Le\u00f3n Garc\u00eda, Rector del Sistema CETYS Universidad, y cont\u00f3 con la participaci\u00f3n de autoridades invitadas del Sistema CETYS, as\u00ed como de la California State University (CSU), Stanislaus.<\/span><\/p>\n<p><span style=\"font-weight: 400;\">\u201cNo podemos concebir una universidad que forme estudiantes sin ofrecerles el desarrollo de una perspectiva global. Considero de especial relevancia el compromiso que existe por parte del sistema CSU, espec\u00edficamente del campus de CSU Stanislaus, con quien buscamos demostrar que probablemente no existe una mejor regi\u00f3n para pilotear y expandir este flujo norte-sur que California y Baja California\u201d, expres\u00f3 durante la inauguraci\u00f3n el Dr. Fernando Le\u00f3n Garc\u00eda.<\/span><\/p>\n<p><span style=\"font-weight: 400;\">En esta edici\u00f3n, el Winter School recibe a un grupo de 21 estudiantes de CSU Stanislaus, quienes durante una semana convivir\u00e1n y trabajar\u00e1n con 24 estudiantes de los tres campus de CETYS Universidad en temas relacionados con emprendimiento, a la par que docentes de ambas instituciones exploran oportunidades de colaboraci\u00f3n acad\u00e9mica e iniciativas conjuntas.<\/span><\/p>\n<p><span style=\"font-weight: 400;\">\u201cComo siempre les digo a las y los estudiantes en este tipo de eventos, es un programa muy corto. Si se est\u00e1n divirtiendo, si les resulta interesante y est\u00e1n aprendiendo mucho, aprov\u00e9chenlo al m\u00e1ximo, porque es un programa breve: dura solo cinco d\u00edas\u201d, expres\u00f3 el Dr. Scott Venezia Corral.<\/span><\/p>\n<p><span style=\"font-weight: 400;\">Por su parte la Dra. Britt R\u00edos-Ellis, Rectora de la California State University, Stanislaus, enfatiz\u00f3 su cercan\u00eda y cari\u00f1o por la cultura mexicana: \u201cEsta es una semana que puede cambiar tu vida por completo. Y si no vienes de Latinoam\u00e9rica, si tu herencia no es latinoamericana, creo que ese personalismo, ese sentido de cercan\u00eda, de familiaridad, todas esas cosas que aprend\u00ed en M\u00e9xico y son las que los hacen tan especiales; tambi\u00e9n puedes aprenderlas esta semana\u201d.<\/span><\/p>\n<p><span style=\"font-weight: 400;\">Adem\u00e1s, en el marco de la inauguraci\u00f3n del seminario \u201cLeadership and Innovation\u201d, impartido por el Mtro. Santiago Ram\u00f3n, de la Universidad de Alcal\u00e1 de Espa\u00f1a, se llev\u00f3 a cabo la firma del convenio de colaboraci\u00f3n entre la Rectora de California State University, Stanislaus, Britt Rios-Ellis, y el Rector del Sistema CETYS Universidad, Dr. Fernando Le\u00f3n Garc\u00eda, con el fin de fortalecer lazos internacionales y ampliando las oportunidades de formaci\u00f3n con perspectiva global para la comunidad estudiantil.\u00a0<\/span><\/p>\n<p><span style=\"font-weight: 400;\">Respecto a esto, el Dr. Fernando Le\u00f3n Garc\u00eda destac\u00f3 que, alineado con el Plan CETYS 2036, la instituci\u00f3n impulsa una educaci\u00f3n con perspectiva global, orientada al desarrollo de competencias interculturales, mentalidad internacional y v\u00ednculos acad\u00e9micos significativos que trascienden fronteras.<\/span><\/p>\n<p><span style=\"font-weight: 400;\">La ceremonia marc\u00f3 el inicio formal de las actividades del Winter School 2026: ofreciendo el seminario \u201cLeadership innovation\u201d, as\u00ed como visitas a empresas y un panel de emprendimiento a cargo del Mtro. Santiago Ram\u00f3n, de la Universidad de Alcal\u00e1 y empresarios locales.<\/span><\/p>\n<p><span style=\"font-weight: 400;\">Finalmente, cabe destacar que como parte del programa acad\u00e9mico, se cont\u00f3 con la asistencia del Dr. Santiago Ram\u00f3n, de la Universidad de Alcal\u00e1, quien impartir\u00e1 el seminario \u201cLeadership and Innovation\u201d, as\u00ed como a profesores de CSU Stanislaus que participan activamente en esta edici\u00f3n del Winter School: Dr. Enrique R\u00edos-Ellis, Dra. Ana York, Prof. Sara Cadalig, Dr. Shradha Tibrewal,\u00a0 Dra. Kari Knutson de la CSU Stan y la Dra. Cassandra Drake.<\/span><\/p>\n<p>&nbsp;<\/p>\n<p>&nbsp;<\/p>\n<div class=\"gallery-slider-wrapper gallery-1\">\n                        <div class=\"gallery-slider\" itemscope itemtype=\"http:\/\/schema.org\/ImageGallery\"><figure class=\"slide\" itemprop=\"associatedMedia\" itemscope itemtype=\"http:\/\/schema.org\/ImageObject\">\n                    <a itemprop=\"contentUrl\" href=\"https:\/\/www.cetys.mx\/noticias\/wp-content\/uploads\/2026\/01\/Mtro.-Santiago-Ram\u00f3n-de-la-Universidad-de-Alcal\u00e1-de-Espa\u00f1a.jpg\">\n                        <img decoding=\"async\" itemprop=\"thumbnail\" class=\"lazyOwl\" src=\"https:\/\/www.cetys.mx\/noticias\/wp-content\/plugins\/jmagz-plugin\/assets\/placeholder\/900x450.png\" data-src=\"https:\/\/www.cetys.mx\/noticias\/wp-content\/uploads\/2026\/01\/Mtro.-Santiago-Ram\u00f3n-de-la-Universidad-de-Alcal\u00e1-de-Espa\u00f1a.jpg\" alt=\"Mtro. Santiago Ram\u00f3n, de la Universidad de Alcal\u00e1 de Espa\u00f1a\">\n                    <\/a>\n                    <figcaption itemprop=\"caption description\" class=\"slide-caption\">\n                        \n                    <\/figcaption>\n                <\/figure><figure class=\"slide\" itemprop=\"associatedMedia\" itemscope itemtype=\"http:\/\/schema.org\/ImageObject\">\n                    <a itemprop=\"contentUrl\" href=\"https:\/\/www.cetys.mx\/noticias\/wp-content\/uploads\/2026\/01\/FOTO-2.jpg\">\n                        <img decoding=\"async\" itemprop=\"thumbnail\" class=\"lazyOwl\" src=\"https:\/\/www.cetys.mx\/noticias\/wp-content\/plugins\/jmagz-plugin\/assets\/placeholder\/900x450.png\" data-src=\"https:\/\/www.cetys.mx\/noticias\/wp-content\/uploads\/2026\/01\/FOTO-2.jpg\" alt=\"Firma de convenio con la UCS Stanislaus\">\n                    <\/a>\n                    <figcaption itemprop=\"caption description\" class=\"slide-caption\">\n                        \n                    <\/figcaption>\n                <\/figure><figure class=\"slide\" itemprop=\"associatedMedia\" itemscope itemtype=\"http:\/\/schema.org\/ImageObject\">\n                    <a itemprop=\"contentUrl\" href=\"https:\/\/www.cetys.mx\/noticias\/wp-content\/uploads\/2026\/01\/FOTO-1-2.jpg\">\n                        <img decoding=\"async\" itemprop=\"thumbnail\" class=\"lazyOwl\" src=\"https:\/\/www.cetys.mx\/noticias\/wp-content\/plugins\/jmagz-plugin\/assets\/placeholder\/900x450.png\" data-src=\"https:\/\/www.cetys.mx\/noticias\/wp-content\/uploads\/2026\/01\/FOTO-1-2.jpg\" alt=\"Winter school 2026\">\n                    <\/a>\n                    <figcaption itemprop=\"caption description\" class=\"slide-caption\">\n                        \n                    <\/figcaption>\n                <\/figure><figure class=\"slide\" itemprop=\"associatedMedia\" itemscope itemtype=\"http:\/\/schema.org\/ImageObject\">\n                    <a itemprop=\"contentUrl\" href=\"https:\/\/www.cetys.mx\/noticias\/wp-content\/uploads\/2026\/01\/Dra.-Britt-R\u00edos-Ellis-Rectora-de-la-California-State-University-Stanislaus.jpg\">\n                        <img decoding=\"async\" itemprop=\"thumbnail\" class=\"lazyOwl\" src=\"https:\/\/www.cetys.mx\/noticias\/wp-content\/plugins\/jmagz-plugin\/assets\/placeholder\/900x450.png\" data-src=\"https:\/\/www.cetys.mx\/noticias\/wp-content\/uploads\/2026\/01\/Dra.-Britt-R\u00edos-Ellis-Rectora-de-la-California-State-University-Stanislaus.jpg\" alt=\"Dra. Britt R\u00edos-Ellis, Rectora de la California State University, Stanislaus\">\n                    <\/a>\n                    <figcaption itemprop=\"caption description\" class=\"slide-caption\">\n                        \n                    <\/figcaption>\n                <\/figure><figure class=\"slide\" itemprop=\"associatedMedia\" itemscope itemtype=\"http:\/\/schema.org\/ImageObject\">\n                    <a itemprop=\"contentUrl\" href=\"https:\/\/www.cetys.mx\/noticias\/wp-content\/uploads\/2026\/01\/Dr.-Fernando-Le\u00f3n-Garc\u00eda-Rector-del-Sistema-CETYS-Universidad.jpg\">\n                        <img decoding=\"async\" itemprop=\"thumbnail\" class=\"lazyOwl\" src=\"https:\/\/www.cetys.mx\/noticias\/wp-content\/plugins\/jmagz-plugin\/assets\/placeholder\/900x450.png\" data-src=\"https:\/\/www.cetys.mx\/noticias\/wp-content\/uploads\/2026\/01\/Dr.-Fernando-Le\u00f3n-Garc\u00eda-Rector-del-Sistema-CETYS-Universidad.jpg\" alt=\"Dr. Fernando Le\u00f3n Garc\u00eda, Rector del Sistema CETYS Universidad\">\n                    <\/a>\n                    <figcaption itemprop=\"caption description\" class=\"slide-caption\">\n                        \n                    <\/figcaption>\n                <\/figure><\/div>\n                <div class=\"gallery-slider-thumbnail-wrapper\">\n                    <div class=\"gallery-slider-thumbnail\"><div class=\"slide-thumbnail\"><img decoding=\"async\" class=\"lazyOwl\" src=\"https:\/\/www.cetys.mx\/noticias\/wp-content\/plugins\/jmagz-plugin\/assets\/placeholder\/150x75.png\" data-src=\"https:\/\/www.cetys.mx\/noticias\/wp-content\/uploads\/2026\/01\/Mtro.-Santiago-Ram\u00f3n-de-la-Universidad-de-Alcal\u00e1-de-Espa\u00f1a.jpg\" alt=\"Mtro. Santiago Ram\u00f3n, de la Universidad de Alcal\u00e1 de Espa\u00f1a\"><\/div><div class=\"slide-thumbnail\"><img decoding=\"async\" class=\"lazyOwl\" src=\"https:\/\/www.cetys.mx\/noticias\/wp-content\/plugins\/jmagz-plugin\/assets\/placeholder\/150x75.png\" data-src=\"https:\/\/www.cetys.mx\/noticias\/wp-content\/uploads\/2026\/01\/FOTO-2.jpg\" alt=\"Firma de convenio con la UCS Stanislaus\"><\/div><div class=\"slide-thumbnail\"><img decoding=\"async\" class=\"lazyOwl\" src=\"https:\/\/www.cetys.mx\/noticias\/wp-content\/plugins\/jmagz-plugin\/assets\/placeholder\/150x75.png\" data-src=\"https:\/\/www.cetys.mx\/noticias\/wp-content\/uploads\/2026\/01\/FOTO-1-2.jpg\" alt=\"Winter school 2026\"><\/div><div class=\"slide-thumbnail\"><img decoding=\"async\" class=\"lazyOwl\" src=\"https:\/\/www.cetys.mx\/noticias\/wp-content\/plugins\/jmagz-plugin\/assets\/placeholder\/150x75.png\" data-src=\"https:\/\/www.cetys.mx\/noticias\/wp-content\/uploads\/2026\/01\/Dra.-Britt-R\u00edos-Ellis-Rectora-de-la-California-State-University-Stanislaus.jpg\" alt=\"Dra. Britt R\u00edos-Ellis, Rectora de la California State University, Stanislaus\"><\/div><div class=\"slide-thumbnail\"><img decoding=\"async\" class=\"lazyOwl\" src=\"https:\/\/www.cetys.mx\/noticias\/wp-content\/plugins\/jmagz-plugin\/assets\/placeholder\/150x75.png\" data-src=\"https:\/\/www.cetys.mx\/noticias\/wp-content\/uploads\/2026\/01\/Dr.-Fernando-Le\u00f3n-Garc\u00eda-Rector-del-Sistema-CETYS-Universidad.jpg\" alt=\"Dr. Fernando Le\u00f3n Garc\u00eda, Rector del Sistema CETYS Universidad\"><\/div><\/div><\/div><\/div>\n","protected":false},"excerpt":{"rendered":"<p>CETYS Universidad dio inicio al Winter School 2026 con una ceremonia de apertura realizada en Campus Internacional Ensenada, como una acci\u00f3n para&#8230;<\/p>\n","protected":false},"author":23,"featured_media":219228,"comment_status":"open","ping_status":"closed","sticky":false,"template":"","format":"standard","meta":{"footnotes":""},"categories":[132,209,125,313],"tags":[285,269,221,342,176],"class_list":["post-219224","post","type-post","status-publish","format-standard","has-post-thumbnail","hentry","category-campus-ensenada","category-institucional","category-portada","category-vocetys-2","tag-alumnos","tag-innovacion","tag-internacional","tag-liderazgo","tag-profesional"],"yoast_head":"<!-- This site is optimized with the Yoast SEO plugin v27.4 - https:\/\/yoast.com\/product\/yoast-seo-wordpress\/ -->\n<title>CETYS Universidad fortalece su internacionalizaci\u00f3n con el Winter School 2026 - CETYS<\/title>\n<meta name=\"description\" content=\"Articulo sobre CETYS Universidad fortalece su internacionalizaci\u00f3n con el Winter School 2026\" \/>\n<meta name=\"robots\" content=\"index, follow, max-snippet:-1, max-image-preview:large, max-video-preview:-1\" \/>\n<link rel=\"canonical\" href=\"https:\/\/www.cetys.mx\/noticias\/cetys-universidad-fortalece-su-internacionalizacion-con-el-winter-school-2026\/\" \/>\n<meta property=\"og:locale\" content=\"es_MX\" \/>\n<meta property=\"og:type\" content=\"article\" \/>\n<meta property=\"og:title\" content=\"CETYS Universidad fortalece su internacionalizaci\u00f3n con el Winter School 2026 - CETYS\" \/>\n<meta property=\"og:description\" content=\"Articulo sobre CETYS Universidad fortalece su internacionalizaci\u00f3n con el Winter School 2026\" \/>\n<meta property=\"og:url\" content=\"https:\/\/www.cetys.mx\/noticias\/cetys-universidad-fortalece-su-internacionalizacion-con-el-winter-school-2026\/\" \/>\n<meta property=\"og:site_name\" content=\"CETYS\" \/>\n<meta property=\"article:publisher\" content=\"https:\/\/www.facebook.com\/cetysuniversidadmxl\/\" \/>\n<meta property=\"article:published_time\" content=\"2026-01-14T21:01:29+00:00\" \/>\n<meta property=\"article:modified_time\" content=\"2026-01-16T01:14:36+00:00\" \/>\n<meta property=\"og:image\" content=\"https:\/\/www.cetys.mx\/noticias\/wp-content\/uploads\/2026\/01\/FOTO-1-2.jpg\" \/>\n\t<meta property=\"og:image:width\" content=\"6000\" \/>\n\t<meta property=\"og:image:height\" content=\"4000\" \/>\n\t<meta property=\"og:image:type\" content=\"image\/jpeg\" \/>\n<meta name=\"author\" content=\"Campus Ensenada\" \/>\n<meta name=\"twitter:card\" content=\"summary_large_image\" \/>\n<meta name=\"twitter:creator\" content=\"@cetysuni\" \/>\n<meta name=\"twitter:site\" content=\"@cetysuni\" \/>\n<meta name=\"twitter:label1\" content=\"Escrito por\" \/>\n\t<meta name=\"twitter:data1\" content=\"Campus Ensenada\" \/>\n\t<meta name=\"twitter:label2\" content=\"Tiempo de lectura\" \/>\n\t<meta name=\"twitter:data2\" content=\"3 minutos\" \/>\n<script type=\"application\/ld+json\" class=\"yoast-schema-graph\">{\"@context\":\"https:\\\/\\\/schema.org\",\"@graph\":[{\"@type\":\"Article\",\"@id\":\"https:\\\/\\\/www.cetys.mx\\\/noticias\\\/cetys-universidad-fortalece-su-internacionalizacion-con-el-winter-school-2026\\\/#article\",\"isPartOf\":{\"@id\":\"https:\\\/\\\/www.cetys.mx\\\/noticias\\\/cetys-universidad-fortalece-su-internacionalizacion-con-el-winter-school-2026\\\/\"},\"author\":{\"name\":\"Campus Ensenada\",\"@id\":\"https:\\\/\\\/www.cetys.mx\\\/noticias\\\/#\\\/schema\\\/person\\\/1a1a88c0b6586e66a2e9e88e07afc712\"},\"headline\":\"CETYS Universidad fortalece su internacionalizaci\u00f3n con el Winter School 2026\",\"datePublished\":\"2026-01-14T21:01:29+00:00\",\"dateModified\":\"2026-01-16T01:14:36+00:00\",\"mainEntityOfPage\":{\"@id\":\"https:\\\/\\\/www.cetys.mx\\\/noticias\\\/cetys-universidad-fortalece-su-internacionalizacion-con-el-winter-school-2026\\\/\"},\"wordCount\":604,\"commentCount\":0,\"image\":{\"@id\":\"https:\\\/\\\/www.cetys.mx\\\/noticias\\\/cetys-universidad-fortalece-su-internacionalizacion-con-el-winter-school-2026\\\/#primaryimage\"},\"thumbnailUrl\":\"https:\\\/\\\/www.cetys.mx\\\/noticias\\\/wp-content\\\/uploads\\\/2026\\\/01\\\/FOTO-1-2.jpg\",\"keywords\":[\"Alumnos\",\"Innovaci\u00f3n\",\"internacional\",\"liderazgo\",\"profesional\"],\"articleSection\":[\"Campus Ensenada\",\"Institucional\",\"Portada\",\"VoCETYS\"],\"inLanguage\":\"es\",\"potentialAction\":[{\"@type\":\"CommentAction\",\"name\":\"Comment\",\"target\":[\"https:\\\/\\\/www.cetys.mx\\\/noticias\\\/cetys-universidad-fortalece-su-internacionalizacion-con-el-winter-school-2026\\\/#respond\"]}]},{\"@type\":\"WebPage\",\"@id\":\"https:\\\/\\\/www.cetys.mx\\\/noticias\\\/cetys-universidad-fortalece-su-internacionalizacion-con-el-winter-school-2026\\\/\",\"url\":\"https:\\\/\\\/www.cetys.mx\\\/noticias\\\/cetys-universidad-fortalece-su-internacionalizacion-con-el-winter-school-2026\\\/\",\"name\":\"CETYS Universidad fortalece su internacionalizaci\u00f3n con el Winter School 2026 - CETYS\",\"isPartOf\":{\"@id\":\"https:\\\/\\\/www.cetys.mx\\\/noticias\\\/#website\"},\"primaryImageOfPage\":{\"@id\":\"https:\\\/\\\/www.cetys.mx\\\/noticias\\\/cetys-universidad-fortalece-su-internacionalizacion-con-el-winter-school-2026\\\/#primaryimage\"},\"image\":{\"@id\":\"https:\\\/\\\/www.cetys.mx\\\/noticias\\\/cetys-universidad-fortalece-su-internacionalizacion-con-el-winter-school-2026\\\/#primaryimage\"},\"thumbnailUrl\":\"https:\\\/\\\/www.cetys.mx\\\/noticias\\\/wp-content\\\/uploads\\\/2026\\\/01\\\/FOTO-1-2.jpg\",\"datePublished\":\"2026-01-14T21:01:29+00:00\",\"dateModified\":\"2026-01-16T01:14:36+00:00\",\"author\":{\"@id\":\"https:\\\/\\\/www.cetys.mx\\\/noticias\\\/#\\\/schema\\\/person\\\/1a1a88c0b6586e66a2e9e88e07afc712\"},\"description\":\"Articulo sobre CETYS Universidad fortalece su internacionalizaci\u00f3n con el Winter School 2026\",\"breadcrumb\":{\"@id\":\"https:\\\/\\\/www.cetys.mx\\\/noticias\\\/cetys-universidad-fortalece-su-internacionalizacion-con-el-winter-school-2026\\\/#breadcrumb\"},\"inLanguage\":\"es\",\"potentialAction\":[{\"@type\":\"ReadAction\",\"target\":[\"https:\\\/\\\/www.cetys.mx\\\/noticias\\\/cetys-universidad-fortalece-su-internacionalizacion-con-el-winter-school-2026\\\/\"]}]},{\"@type\":\"ImageObject\",\"inLanguage\":\"es\",\"@id\":\"https:\\\/\\\/www.cetys.mx\\\/noticias\\\/cetys-universidad-fortalece-su-internacionalizacion-con-el-winter-school-2026\\\/#primaryimage\",\"url\":\"https:\\\/\\\/www.cetys.mx\\\/noticias\\\/wp-content\\\/uploads\\\/2026\\\/01\\\/FOTO-1-2.jpg\",\"contentUrl\":\"https:\\\/\\\/www.cetys.mx\\\/noticias\\\/wp-content\\\/uploads\\\/2026\\\/01\\\/FOTO-1-2.jpg\",\"width\":6000,\"height\":4000},{\"@type\":\"BreadcrumbList\",\"@id\":\"https:\\\/\\\/www.cetys.mx\\\/noticias\\\/cetys-universidad-fortalece-su-internacionalizacion-con-el-winter-school-2026\\\/#breadcrumb\",\"itemListElement\":[{\"@type\":\"ListItem\",\"position\":1,\"name\":\"Inicio\",\"item\":\"https:\\\/\\\/www.cetys.mx\\\/noticias\\\/\"},{\"@type\":\"ListItem\",\"position\":2,\"name\":\"CETYS Universidad fortalece su internacionalizaci\u00f3n con el Winter School 2026\"}]},{\"@type\":\"WebSite\",\"@id\":\"https:\\\/\\\/www.cetys.mx\\\/noticias\\\/#website\",\"url\":\"https:\\\/\\\/www.cetys.mx\\\/noticias\\\/\",\"name\":\"CETYS\",\"description\":\"\",\"potentialAction\":[{\"@type\":\"SearchAction\",\"target\":{\"@type\":\"EntryPoint\",\"urlTemplate\":\"https:\\\/\\\/www.cetys.mx\\\/noticias\\\/?s={search_term_string}\"},\"query-input\":{\"@type\":\"PropertyValueSpecification\",\"valueRequired\":true,\"valueName\":\"search_term_string\"}}],\"inLanguage\":\"es\"},{\"@type\":\"Person\",\"@id\":\"https:\\\/\\\/www.cetys.mx\\\/noticias\\\/#\\\/schema\\\/person\\\/1a1a88c0b6586e66a2e9e88e07afc712\",\"name\":\"Campus Ensenada\",\"url\":\"https:\\\/\\\/www.cetys.mx\\\/noticias\\\/author\\\/campusensenada\\\/\"}]}<\/script>\n<!-- \/ Yoast SEO plugin. -->","yoast_head_json":{"title":"CETYS Universidad fortalece su internacionalizaci\u00f3n con el Winter School 2026 - CETYS","description":"Articulo sobre CETYS Universidad fortalece su internacionalizaci\u00f3n con el Winter School 2026","robots":{"index":"index","follow":"follow","max-snippet":"max-snippet:-1","max-image-preview":"max-image-preview:large","max-video-preview":"max-video-preview:-1"},"canonical":"https:\/\/www.cetys.mx\/noticias\/cetys-universidad-fortalece-su-internacionalizacion-con-el-winter-school-2026\/","og_locale":"es_MX","og_type":"article","og_title":"CETYS Universidad fortalece su internacionalizaci\u00f3n con el Winter School 2026 - CETYS","og_description":"Articulo sobre CETYS Universidad fortalece su internacionalizaci\u00f3n con el Winter School 2026","og_url":"https:\/\/www.cetys.mx\/noticias\/cetys-universidad-fortalece-su-internacionalizacion-con-el-winter-school-2026\/","og_site_name":"CETYS","article_publisher":"https:\/\/www.facebook.com\/cetysuniversidadmxl\/","article_published_time":"2026-01-14T21:01:29+00:00","article_modified_time":"2026-01-16T01:14:36+00:00","og_image":[{"width":6000,"height":4000,"url":"https:\/\/www.cetys.mx\/noticias\/wp-content\/uploads\/2026\/01\/FOTO-1-2.jpg","type":"image\/jpeg"}],"author":"Campus Ensenada","twitter_card":"summary_large_image","twitter_creator":"@cetysuni","twitter_site":"@cetysuni","twitter_misc":{"Escrito por":"Campus Ensenada","Tiempo de lectura":"3 minutos"},"schema":{"@context":"https:\/\/schema.org","@graph":[{"@type":"Article","@id":"https:\/\/www.cetys.mx\/noticias\/cetys-universidad-fortalece-su-internacionalizacion-con-el-winter-school-2026\/#article","isPartOf":{"@id":"https:\/\/www.cetys.mx\/noticias\/cetys-universidad-fortalece-su-internacionalizacion-con-el-winter-school-2026\/"},"author":{"name":"Campus Ensenada","@id":"https:\/\/www.cetys.mx\/noticias\/#\/schema\/person\/1a1a88c0b6586e66a2e9e88e07afc712"},"headline":"CETYS Universidad fortalece su internacionalizaci\u00f3n con el Winter School 2026","datePublished":"2026-01-14T21:01:29+00:00","dateModified":"2026-01-16T01:14:36+00:00","mainEntityOfPage":{"@id":"https:\/\/www.cetys.mx\/noticias\/cetys-universidad-fortalece-su-internacionalizacion-con-el-winter-school-2026\/"},"wordCount":604,"commentCount":0,"image":{"@id":"https:\/\/www.cetys.mx\/noticias\/cetys-universidad-fortalece-su-internacionalizacion-con-el-winter-school-2026\/#primaryimage"},"thumbnailUrl":"https:\/\/www.cetys.mx\/noticias\/wp-content\/uploads\/2026\/01\/FOTO-1-2.jpg","keywords":["Alumnos","Innovaci\u00f3n","internacional","liderazgo","profesional"],"articleSection":["Campus Ensenada","Institucional","Portada","VoCETYS"],"inLanguage":"es","potentialAction":[{"@type":"CommentAction","name":"Comment","target":["https:\/\/www.cetys.mx\/noticias\/cetys-universidad-fortalece-su-internacionalizacion-con-el-winter-school-2026\/#respond"]}]},{"@type":"WebPage","@id":"https:\/\/www.cetys.mx\/noticias\/cetys-universidad-fortalece-su-internacionalizacion-con-el-winter-school-2026\/","url":"https:\/\/www.cetys.mx\/noticias\/cetys-universidad-fortalece-su-internacionalizacion-con-el-winter-school-2026\/","name":"CETYS Universidad fortalece su internacionalizaci\u00f3n con el Winter School 2026 - CETYS","isPartOf":{"@id":"https:\/\/www.cetys.mx\/noticias\/#website"},"primaryImageOfPage":{"@id":"https:\/\/www.cetys.mx\/noticias\/cetys-universidad-fortalece-su-internacionalizacion-con-el-winter-school-2026\/#primaryimage"},"image":{"@id":"https:\/\/www.cetys.mx\/noticias\/cetys-universidad-fortalece-su-internacionalizacion-con-el-winter-school-2026\/#primaryimage"},"thumbnailUrl":"https:\/\/www.cetys.mx\/noticias\/wp-content\/uploads\/2026\/01\/FOTO-1-2.jpg","datePublished":"2026-01-14T21:01:29+00:00","dateModified":"2026-01-16T01:14:36+00:00","author":{"@id":"https:\/\/www.cetys.mx\/noticias\/#\/schema\/person\/1a1a88c0b6586e66a2e9e88e07afc712"},"description":"Articulo sobre CETYS Universidad fortalece su internacionalizaci\u00f3n con el Winter School 2026","breadcrumb":{"@id":"https:\/\/www.cetys.mx\/noticias\/cetys-universidad-fortalece-su-internacionalizacion-con-el-winter-school-2026\/#breadcrumb"},"inLanguage":"es","potentialAction":[{"@type":"ReadAction","target":["https:\/\/www.cetys.mx\/noticias\/cetys-universidad-fortalece-su-internacionalizacion-con-el-winter-school-2026\/"]}]},{"@type":"ImageObject","inLanguage":"es","@id":"https:\/\/www.cetys.mx\/noticias\/cetys-universidad-fortalece-su-internacionalizacion-con-el-winter-school-2026\/#primaryimage","url":"https:\/\/www.cetys.mx\/noticias\/wp-content\/uploads\/2026\/01\/FOTO-1-2.jpg","contentUrl":"https:\/\/www.cetys.mx\/noticias\/wp-content\/uploads\/2026\/01\/FOTO-1-2.jpg","width":6000,"height":4000},{"@type":"BreadcrumbList","@id":"https:\/\/www.cetys.mx\/noticias\/cetys-universidad-fortalece-su-internacionalizacion-con-el-winter-school-2026\/#breadcrumb","itemListElement":[{"@type":"ListItem","position":1,"name":"Inicio","item":"https:\/\/www.cetys.mx\/noticias\/"},{"@type":"ListItem","position":2,"name":"CETYS Universidad fortalece su internacionalizaci\u00f3n con el Winter School 2026"}]},{"@type":"WebSite","@id":"https:\/\/www.cetys.mx\/noticias\/#website","url":"https:\/\/www.cetys.mx\/noticias\/","name":"CETYS","description":"","potentialAction":[{"@type":"SearchAction","target":{"@type":"EntryPoint","urlTemplate":"https:\/\/www.cetys.mx\/noticias\/?s={search_term_string}"},"query-input":{"@type":"PropertyValueSpecification","valueRequired":true,"valueName":"search_term_string"}}],"inLanguage":"es"},{"@type":"Person","@id":"https:\/\/www.cetys.mx\/noticias\/#\/schema\/person\/1a1a88c0b6586e66a2e9e88e07afc712","name":"Campus Ensenada","url":"https:\/\/www.cetys.mx\/noticias\/author\/campusensenada\/"}]}},"_links":{"self":[{"href":"https:\/\/www.cetys.mx\/noticias\/wp-json\/wp\/v2\/posts\/219224","targetHints":{"allow":["GET"]}}],"collection":[{"href":"https:\/\/www.cetys.mx\/noticias\/wp-json\/wp\/v2\/posts"}],"about":[{"href":"https:\/\/www.cetys.mx\/noticias\/wp-json\/wp\/v2\/types\/post"}],"author":[{"embeddable":true,"href":"https:\/\/www.cetys.mx\/noticias\/wp-json\/wp\/v2\/users\/23"}],"replies":[{"embeddable":true,"href":"https:\/\/www.cetys.mx\/noticias\/wp-json\/wp\/v2\/comments?post=219224"}],"version-history":[{"count":3,"href":"https:\/\/www.cetys.mx\/noticias\/wp-json\/wp\/v2\/posts\/219224\/revisions"}],"predecessor-version":[{"id":219233,"href":"https:\/\/www.cetys.mx\/noticias\/wp-json\/wp\/v2\/posts\/219224\/revisions\/219233"}],"wp:featuredmedia":[{"embeddable":true,"href":"https:\/\/www.cetys.mx\/noticias\/wp-json\/wp\/v2\/media\/219228"}],"wp:attachment":[{"href":"https:\/\/www.cetys.mx\/noticias\/wp-json\/wp\/v2\/media?parent=219224"}],"wp:term":[{"taxonomy":"category","embeddable":true,"href":"https:\/\/www.cetys.mx\/noticias\/wp-json\/wp\/v2\/categories?post=219224"},{"taxonomy":"post_tag","embeddable":true,"href":"https:\/\/www.cetys.mx\/noticias\/wp-json\/wp\/v2\/tags?post=219224"}],"curies":[{"name":"wp","href":"https:\/\/api.w.org\/{rel}","templated":true}]}}