{"id":219175,"date":"2026-01-14T09:04:46","date_gmt":"2026-01-14T17:04:46","guid":{"rendered":"https:\/\/www.cetys.mx\/noticias\/?p=219175"},"modified":"2026-01-14T11:01:03","modified_gmt":"2026-01-14T19:01:03","slug":"cetys-universidad-refrenda-crecimiento-internacionalizacion-y-calidad-academica-en-encuentro-anual-con-medios-en-ensenada","status":"publish","type":"post","link":"https:\/\/www.cetys.mx\/noticias\/cetys-universidad-refrenda-crecimiento-internacionalizacion-y-calidad-academica-en-encuentro-anual-con-medios-en-ensenada\/","title":{"rendered":"CETYS Universidad refrenda crecimiento, internacionalizaci\u00f3n y calidad acad\u00e9mica en encuentro anual con medios en Ensenada"},"content":{"rendered":"<p>En el marco de su reuni\u00f3n anual con representantes de medios de comunicaci\u00f3n, el Rector del Sistema CETYS Universidad, Dr. Fernando Le\u00f3n Garc\u00eda, comparti\u00f3 los principales avances, logros e iniciativas que marcaron el desempe\u00f1o institucional durante 2025, as\u00ed como las prioridades estrat\u00e9gicas para el 2026 y los pr\u00f3ximos a\u00f1os.<\/p>\n<p>Durante el encuentro, realizado con la presencia del Dr. Francisco V\u00e9lez, Director de Campus Internacional Ensenada; la Mtra. Ana Gloria Pedr\u00edn, Directora Acad\u00e9mica del Campus, con la asistencia de periodistas de distintos medios locales y regionales, el Rector destac\u00f3 que 2025 fue un a\u00f1o clave para la consolidaci\u00f3n de CETYS como una instituci\u00f3n con impacto regional y proyecci\u00f3n global.<\/p>\n<p>El Dr. Le\u00f3n Garc\u00eda se\u00f1al\u00f3 que actualmente el 7% del estudiantado de licenciatura proviene del sur de California, mientras que \u201cel 9% llega de otros estados del pa\u00eds, principalmente Sonora, Sinaloa, Baja California Sur y Chihuahua, lo que reafirma el car\u00e1cter regional e internacional de la instituci\u00f3n\u201d. En cuanto a la distribuci\u00f3n por g\u00e9nero, se\u00f1al\u00f3 que en Preparatoria y Posgrado predomina la participaci\u00f3n femenina, mientras que a nivel Licenciatura a\u00fan hay mayor presencia masculina, una tendencia que, estim\u00f3, podr\u00eda equilibrarse en los pr\u00f3ximos a\u00f1os.<\/p>\n<p>La internacionalizaci\u00f3n contin\u00faa siendo un pilar del Modelo Educativo de CETYS. El Rector subray\u00f3 que el 76% de los estudiantes que se graduaron en junio de 2025 contaban con al menos una experiencia internacional, \u201ccifra que en el Campus Internacional Ensenada supera el 80%. En la Escuela de Administraci\u00f3n y Negocios, adem\u00e1s, la experiencia internacional es un requisito indispensable para la graduaci\u00f3n\u201d, subray\u00f3 el Rector.<\/p>\n<p>\u201cEntre los destinos m\u00e1s frecuentes para la movilidad estudiantil se encuentran Estados Unidos, Espa\u00f1a, Rep\u00fablica Checa y Colombia, este \u00faltimo impulsado por alianzas y programas especiales desarrollados durante 2025\u201d, destac\u00f3 el Rector, Dr. Le\u00f3n Garc\u00eda.<\/p>\n<p>Sumado a esto, destac\u00f3 la relevancia del <em>International Summer Program<\/em>, iniciativa con sede en Ensenada que promueve la llamada \u201cinternacionalizaci\u00f3n en casa\u201d. Desde su creaci\u00f3n en 2013, este programa ha reunido a casi 2,400 estudiantes de CETYS y universidades aliadas, y tan solo en 2025 cont\u00f3 con la participaci\u00f3n de m\u00e1s de 270 alumnos de 22 pa\u00edses.<\/p>\n<p>Adem\u00e1s destac\u00f3 el desarrollo del Campus Virtual de CETYS, un esfuerzo institucional que busca facilitar el acceso a cursos h\u00edbridos y en l\u00ednea, as\u00ed como ampliar la colaboraci\u00f3n con otras instituciones acad\u00e9micas para ofrecer opciones completamente virtuales. Este proyecto es liderado por la Dra. Luc\u00eda Beltr\u00e1n, con base en el Campus Internacional Ensenada.<\/p>\n<p>El Dr. Le\u00f3n Garc\u00eda resalt\u00f3 tambi\u00e9n los programas de Doble y Triple grado que fortalecen el valor agregado de la formaci\u00f3n acad\u00e9mica. Entre ellos, el Doble Grado con City University of Seattle, que cumpli\u00f3 20 a\u00f1os en 2025 y ha graduado a m\u00e1s de 1,200 estudiantes, as\u00ed como el Doble Grado de maestr\u00eda con la University of San Diego y el MBA Triple Grado con universidades de Austria y Vietnam.<\/p>\n<p>El evento culmin\u00f3 con el agradecimiento del Dr. Fernando Le\u00f3n Garc\u00eda, as\u00ed como de los directores de Campus por la presencia y el acompa\u00f1amiento de los medios de comunicaci\u00f3n, reconociendo su labor para mantener informada a la sociedad y refrendando el compromiso de CETYS Universidad con la educaci\u00f3n de calidad, la innovaci\u00f3n y el desarrollo sostenible de la regi\u00f3n.<\/p>\n<p>&nbsp;<\/p>\n<div class=\"gallery-slider-wrapper gallery-1\">\n                        <div class=\"gallery-slider\" itemscope itemtype=\"http:\/\/schema.org\/ImageGallery\"><figure class=\"slide\" itemprop=\"associatedMedia\" itemscope itemtype=\"http:\/\/schema.org\/ImageObject\">\n                    <a itemprop=\"contentUrl\" href=\"https:\/\/www.cetys.mx\/noticias\/wp-content\/uploads\/2026\/01\/FOTO-1-1.jpeg\">\n                        <img decoding=\"async\" itemprop=\"thumbnail\" class=\"lazyOwl\" src=\"https:\/\/www.cetys.mx\/noticias\/wp-content\/plugins\/jmagz-plugin\/assets\/placeholder\/900x450.png\" data-src=\"https:\/\/www.cetys.mx\/noticias\/wp-content\/uploads\/2026\/01\/FOTO-1-1.jpeg\" alt=\"FOTO 1\">\n                    <\/a>\n                    <figcaption itemprop=\"caption description\" class=\"slide-caption\">\n                        \n                    <\/figcaption>\n                <\/figure><figure class=\"slide\" itemprop=\"associatedMedia\" itemscope itemtype=\"http:\/\/schema.org\/ImageObject\">\n                    <a itemprop=\"contentUrl\" href=\"https:\/\/www.cetys.mx\/noticias\/wp-content\/uploads\/2026\/01\/FOTO-2.jpeg\">\n                        <img decoding=\"async\" itemprop=\"thumbnail\" class=\"lazyOwl\" src=\"https:\/\/www.cetys.mx\/noticias\/wp-content\/plugins\/jmagz-plugin\/assets\/placeholder\/900x450.png\" data-src=\"https:\/\/www.cetys.mx\/noticias\/wp-content\/uploads\/2026\/01\/FOTO-2.jpeg\" alt=\"FOTO 2\">\n                    <\/a>\n                    <figcaption itemprop=\"caption description\" class=\"slide-caption\">\n                        \n                    <\/figcaption>\n                <\/figure><figure class=\"slide\" itemprop=\"associatedMedia\" itemscope itemtype=\"http:\/\/schema.org\/ImageObject\">\n                    <a itemprop=\"contentUrl\" href=\"https:\/\/www.cetys.mx\/noticias\/wp-content\/uploads\/2026\/01\/FOTO-3.jpeg\">\n                        <img decoding=\"async\" itemprop=\"thumbnail\" class=\"lazyOwl\" src=\"https:\/\/www.cetys.mx\/noticias\/wp-content\/plugins\/jmagz-plugin\/assets\/placeholder\/900x450.png\" data-src=\"https:\/\/www.cetys.mx\/noticias\/wp-content\/uploads\/2026\/01\/FOTO-3.jpeg\" alt=\"FOTO 3\">\n                    <\/a>\n                    <figcaption itemprop=\"caption description\" class=\"slide-caption\">\n                        \n                    <\/figcaption>\n                <\/figure><figure class=\"slide\" itemprop=\"associatedMedia\" itemscope itemtype=\"http:\/\/schema.org\/ImageObject\">\n                    <a itemprop=\"contentUrl\" href=\"https:\/\/www.cetys.mx\/noticias\/wp-content\/uploads\/2026\/01\/FOTO-4.jpeg\">\n                        <img decoding=\"async\" itemprop=\"thumbnail\" class=\"lazyOwl\" src=\"https:\/\/www.cetys.mx\/noticias\/wp-content\/plugins\/jmagz-plugin\/assets\/placeholder\/900x450.png\" data-src=\"https:\/\/www.cetys.mx\/noticias\/wp-content\/uploads\/2026\/01\/FOTO-4.jpeg\" alt=\"FOTO 4\">\n                    <\/a>\n                    <figcaption itemprop=\"caption description\" class=\"slide-caption\">\n                        \n                    <\/figcaption>\n                <\/figure><figure class=\"slide\" itemprop=\"associatedMedia\" itemscope itemtype=\"http:\/\/schema.org\/ImageObject\">\n                    <a itemprop=\"contentUrl\" href=\"https:\/\/www.cetys.mx\/noticias\/wp-content\/uploads\/2026\/01\/FOTO-5.jpeg\">\n                        <img decoding=\"async\" itemprop=\"thumbnail\" class=\"lazyOwl\" src=\"https:\/\/www.cetys.mx\/noticias\/wp-content\/plugins\/jmagz-plugin\/assets\/placeholder\/900x450.png\" data-src=\"https:\/\/www.cetys.mx\/noticias\/wp-content\/uploads\/2026\/01\/FOTO-5.jpeg\" alt=\"FOTO 5\">\n                    <\/a>\n                    <figcaption itemprop=\"caption description\" class=\"slide-caption\">\n                        \n                    <\/figcaption>\n                <\/figure><figure class=\"slide\" itemprop=\"associatedMedia\" itemscope itemtype=\"http:\/\/schema.org\/ImageObject\">\n                    <a itemprop=\"contentUrl\" href=\"https:\/\/www.cetys.mx\/noticias\/wp-content\/uploads\/2026\/01\/FOTO-6.jpeg\">\n                        <img decoding=\"async\" itemprop=\"thumbnail\" class=\"lazyOwl\" src=\"https:\/\/www.cetys.mx\/noticias\/wp-content\/plugins\/jmagz-plugin\/assets\/placeholder\/900x450.png\" data-src=\"https:\/\/www.cetys.mx\/noticias\/wp-content\/uploads\/2026\/01\/FOTO-6.jpeg\" alt=\"FOTO 6\">\n                    <\/a>\n                    <figcaption itemprop=\"caption description\" class=\"slide-caption\">\n                        \n                    <\/figcaption>\n                <\/figure><\/div>\n                <div class=\"gallery-slider-thumbnail-wrapper\">\n                    <div class=\"gallery-slider-thumbnail\"><div class=\"slide-thumbnail\"><img decoding=\"async\" class=\"lazyOwl\" src=\"https:\/\/www.cetys.mx\/noticias\/wp-content\/plugins\/jmagz-plugin\/assets\/placeholder\/150x75.png\" data-src=\"https:\/\/www.cetys.mx\/noticias\/wp-content\/uploads\/2026\/01\/FOTO-1-1.jpeg\" alt=\"FOTO 1\"><\/div><div class=\"slide-thumbnail\"><img decoding=\"async\" class=\"lazyOwl\" src=\"https:\/\/www.cetys.mx\/noticias\/wp-content\/plugins\/jmagz-plugin\/assets\/placeholder\/150x75.png\" data-src=\"https:\/\/www.cetys.mx\/noticias\/wp-content\/uploads\/2026\/01\/FOTO-2.jpeg\" alt=\"FOTO 2\"><\/div><div class=\"slide-thumbnail\"><img decoding=\"async\" class=\"lazyOwl\" src=\"https:\/\/www.cetys.mx\/noticias\/wp-content\/plugins\/jmagz-plugin\/assets\/placeholder\/150x75.png\" data-src=\"https:\/\/www.cetys.mx\/noticias\/wp-content\/uploads\/2026\/01\/FOTO-3.jpeg\" alt=\"FOTO 3\"><\/div><div class=\"slide-thumbnail\"><img decoding=\"async\" class=\"lazyOwl\" src=\"https:\/\/www.cetys.mx\/noticias\/wp-content\/plugins\/jmagz-plugin\/assets\/placeholder\/150x75.png\" data-src=\"https:\/\/www.cetys.mx\/noticias\/wp-content\/uploads\/2026\/01\/FOTO-4.jpeg\" alt=\"FOTO 4\"><\/div><div class=\"slide-thumbnail\"><img decoding=\"async\" class=\"lazyOwl\" src=\"https:\/\/www.cetys.mx\/noticias\/wp-content\/plugins\/jmagz-plugin\/assets\/placeholder\/150x75.png\" data-src=\"https:\/\/www.cetys.mx\/noticias\/wp-content\/uploads\/2026\/01\/FOTO-5.jpeg\" alt=\"FOTO 5\"><\/div><div class=\"slide-thumbnail\"><img decoding=\"async\" class=\"lazyOwl\" src=\"https:\/\/www.cetys.mx\/noticias\/wp-content\/plugins\/jmagz-plugin\/assets\/placeholder\/150x75.png\" data-src=\"https:\/\/www.cetys.mx\/noticias\/wp-content\/uploads\/2026\/01\/FOTO-6.jpeg\" alt=\"FOTO 6\"><\/div><\/div><\/div><\/div>\n<p>&nbsp;<\/p>\n","protected":false},"excerpt":{"rendered":"<p>En el marco de su reuni\u00f3n anual con representantes de medios de comunicaci\u00f3n, el Rector del Sistema CETYS Universidad, Dr. Fernando Le\u00f3n&#8230;<\/p>\n","protected":false},"author":23,"featured_media":219176,"comment_status":"open","ping_status":"closed","sticky":false,"template":"","format":"standard","meta":{"footnotes":""},"categories":[132,125,313],"tags":[156],"class_list":["post-219175","post","type-post","status-publish","format-standard","has-post-thumbnail","hentry","category-campus-ensenada","category-portada","category-vocetys-2","tag-rector"],"yoast_head":"<!-- This site is optimized with the Yoast SEO plugin v27.4 - https:\/\/yoast.com\/product\/yoast-seo-wordpress\/ -->\n<title>CETYS Universidad refrenda crecimiento, internacionalizaci\u00f3n y calidad acad\u00e9mica en encuentro anual con medios en Ensenada - CETYS<\/title>\n<meta name=\"description\" content=\"Articulo sobre CETYS Universidad refrenda crecimiento, internacionalizaci\u00f3n y calidad acad\u00e9mica en encuentro anual con medios en Ensenada\" \/>\n<meta name=\"robots\" content=\"index, follow, max-snippet:-1, max-image-preview:large, max-video-preview:-1\" \/>\n<link rel=\"canonical\" href=\"https:\/\/www.cetys.mx\/noticias\/cetys-universidad-refrenda-crecimiento-internacionalizacion-y-calidad-academica-en-encuentro-anual-con-medios-en-ensenada\/\" \/>\n<meta property=\"og:locale\" content=\"es_MX\" \/>\n<meta property=\"og:type\" content=\"article\" \/>\n<meta property=\"og:title\" content=\"CETYS Universidad refrenda crecimiento, internacionalizaci\u00f3n y calidad acad\u00e9mica en encuentro anual con medios en Ensenada - CETYS\" \/>\n<meta property=\"og:description\" content=\"Articulo sobre CETYS Universidad refrenda crecimiento, internacionalizaci\u00f3n y calidad acad\u00e9mica en encuentro anual con medios en Ensenada\" \/>\n<meta property=\"og:url\" content=\"https:\/\/www.cetys.mx\/noticias\/cetys-universidad-refrenda-crecimiento-internacionalizacion-y-calidad-academica-en-encuentro-anual-con-medios-en-ensenada\/\" \/>\n<meta property=\"og:site_name\" content=\"CETYS\" \/>\n<meta property=\"article:publisher\" content=\"https:\/\/www.facebook.com\/cetysuniversidadmxl\/\" \/>\n<meta property=\"article:published_time\" content=\"2026-01-14T17:04:46+00:00\" \/>\n<meta property=\"article:modified_time\" content=\"2026-01-14T19:01:03+00:00\" \/>\n<meta property=\"og:image\" content=\"https:\/\/www.cetys.mx\/noticias\/wp-content\/uploads\/2026\/01\/FOTO-1.jpeg\" \/>\n\t<meta property=\"og:image:width\" content=\"1600\" \/>\n\t<meta property=\"og:image:height\" content=\"1066\" \/>\n\t<meta property=\"og:image:type\" content=\"image\/jpeg\" \/>\n<meta name=\"author\" content=\"Campus Ensenada\" \/>\n<meta name=\"twitter:card\" content=\"summary_large_image\" \/>\n<meta name=\"twitter:creator\" content=\"@cetysuni\" \/>\n<meta name=\"twitter:site\" content=\"@cetysuni\" \/>\n<meta name=\"twitter:label1\" content=\"Escrito por\" \/>\n\t<meta name=\"twitter:data1\" content=\"Campus Ensenada\" \/>\n\t<meta name=\"twitter:label2\" content=\"Tiempo de lectura\" \/>\n\t<meta name=\"twitter:data2\" content=\"3 minutos\" \/>\n<script type=\"application\/ld+json\" class=\"yoast-schema-graph\">{\"@context\":\"https:\\\/\\\/schema.org\",\"@graph\":[{\"@type\":\"Article\",\"@id\":\"https:\\\/\\\/www.cetys.mx\\\/noticias\\\/cetys-universidad-refrenda-crecimiento-internacionalizacion-y-calidad-academica-en-encuentro-anual-con-medios-en-ensenada\\\/#article\",\"isPartOf\":{\"@id\":\"https:\\\/\\\/www.cetys.mx\\\/noticias\\\/cetys-universidad-refrenda-crecimiento-internacionalizacion-y-calidad-academica-en-encuentro-anual-con-medios-en-ensenada\\\/\"},\"author\":{\"name\":\"Campus Ensenada\",\"@id\":\"https:\\\/\\\/www.cetys.mx\\\/noticias\\\/#\\\/schema\\\/person\\\/1a1a88c0b6586e66a2e9e88e07afc712\"},\"headline\":\"CETYS Universidad refrenda crecimiento, internacionalizaci\u00f3n y calidad acad\u00e9mica en encuentro anual con medios en Ensenada\",\"datePublished\":\"2026-01-14T17:04:46+00:00\",\"dateModified\":\"2026-01-14T19:01:03+00:00\",\"mainEntityOfPage\":{\"@id\":\"https:\\\/\\\/www.cetys.mx\\\/noticias\\\/cetys-universidad-refrenda-crecimiento-internacionalizacion-y-calidad-academica-en-encuentro-anual-con-medios-en-ensenada\\\/\"},\"wordCount\":606,\"commentCount\":0,\"image\":{\"@id\":\"https:\\\/\\\/www.cetys.mx\\\/noticias\\\/cetys-universidad-refrenda-crecimiento-internacionalizacion-y-calidad-academica-en-encuentro-anual-con-medios-en-ensenada\\\/#primaryimage\"},\"thumbnailUrl\":\"https:\\\/\\\/www.cetys.mx\\\/noticias\\\/wp-content\\\/uploads\\\/2026\\\/01\\\/FOTO-1.jpeg\",\"keywords\":[\"rector\"],\"articleSection\":[\"Campus Ensenada\",\"Portada\",\"VoCETYS\"],\"inLanguage\":\"es\",\"potentialAction\":[{\"@type\":\"CommentAction\",\"name\":\"Comment\",\"target\":[\"https:\\\/\\\/www.cetys.mx\\\/noticias\\\/cetys-universidad-refrenda-crecimiento-internacionalizacion-y-calidad-academica-en-encuentro-anual-con-medios-en-ensenada\\\/#respond\"]}]},{\"@type\":\"WebPage\",\"@id\":\"https:\\\/\\\/www.cetys.mx\\\/noticias\\\/cetys-universidad-refrenda-crecimiento-internacionalizacion-y-calidad-academica-en-encuentro-anual-con-medios-en-ensenada\\\/\",\"url\":\"https:\\\/\\\/www.cetys.mx\\\/noticias\\\/cetys-universidad-refrenda-crecimiento-internacionalizacion-y-calidad-academica-en-encuentro-anual-con-medios-en-ensenada\\\/\",\"name\":\"CETYS Universidad refrenda crecimiento, internacionalizaci\u00f3n y calidad acad\u00e9mica en encuentro anual con medios en Ensenada - CETYS\",\"isPartOf\":{\"@id\":\"https:\\\/\\\/www.cetys.mx\\\/noticias\\\/#website\"},\"primaryImageOfPage\":{\"@id\":\"https:\\\/\\\/www.cetys.mx\\\/noticias\\\/cetys-universidad-refrenda-crecimiento-internacionalizacion-y-calidad-academica-en-encuentro-anual-con-medios-en-ensenada\\\/#primaryimage\"},\"image\":{\"@id\":\"https:\\\/\\\/www.cetys.mx\\\/noticias\\\/cetys-universidad-refrenda-crecimiento-internacionalizacion-y-calidad-academica-en-encuentro-anual-con-medios-en-ensenada\\\/#primaryimage\"},\"thumbnailUrl\":\"https:\\\/\\\/www.cetys.mx\\\/noticias\\\/wp-content\\\/uploads\\\/2026\\\/01\\\/FOTO-1.jpeg\",\"datePublished\":\"2026-01-14T17:04:46+00:00\",\"dateModified\":\"2026-01-14T19:01:03+00:00\",\"author\":{\"@id\":\"https:\\\/\\\/www.cetys.mx\\\/noticias\\\/#\\\/schema\\\/person\\\/1a1a88c0b6586e66a2e9e88e07afc712\"},\"description\":\"Articulo sobre CETYS Universidad refrenda crecimiento, internacionalizaci\u00f3n y calidad acad\u00e9mica en encuentro anual con medios en Ensenada\",\"breadcrumb\":{\"@id\":\"https:\\\/\\\/www.cetys.mx\\\/noticias\\\/cetys-universidad-refrenda-crecimiento-internacionalizacion-y-calidad-academica-en-encuentro-anual-con-medios-en-ensenada\\\/#breadcrumb\"},\"inLanguage\":\"es\",\"potentialAction\":[{\"@type\":\"ReadAction\",\"target\":[\"https:\\\/\\\/www.cetys.mx\\\/noticias\\\/cetys-universidad-refrenda-crecimiento-internacionalizacion-y-calidad-academica-en-encuentro-anual-con-medios-en-ensenada\\\/\"]}]},{\"@type\":\"ImageObject\",\"inLanguage\":\"es\",\"@id\":\"https:\\\/\\\/www.cetys.mx\\\/noticias\\\/cetys-universidad-refrenda-crecimiento-internacionalizacion-y-calidad-academica-en-encuentro-anual-con-medios-en-ensenada\\\/#primaryimage\",\"url\":\"https:\\\/\\\/www.cetys.mx\\\/noticias\\\/wp-content\\\/uploads\\\/2026\\\/01\\\/FOTO-1.jpeg\",\"contentUrl\":\"https:\\\/\\\/www.cetys.mx\\\/noticias\\\/wp-content\\\/uploads\\\/2026\\\/01\\\/FOTO-1.jpeg\",\"width\":1600,\"height\":1066},{\"@type\":\"BreadcrumbList\",\"@id\":\"https:\\\/\\\/www.cetys.mx\\\/noticias\\\/cetys-universidad-refrenda-crecimiento-internacionalizacion-y-calidad-academica-en-encuentro-anual-con-medios-en-ensenada\\\/#breadcrumb\",\"itemListElement\":[{\"@type\":\"ListItem\",\"position\":1,\"name\":\"Inicio\",\"item\":\"https:\\\/\\\/www.cetys.mx\\\/noticias\\\/\"},{\"@type\":\"ListItem\",\"position\":2,\"name\":\"CETYS Universidad refrenda crecimiento, internacionalizaci\u00f3n y calidad acad\u00e9mica en encuentro anual con medios en Ensenada\"}]},{\"@type\":\"WebSite\",\"@id\":\"https:\\\/\\\/www.cetys.mx\\\/noticias\\\/#website\",\"url\":\"https:\\\/\\\/www.cetys.mx\\\/noticias\\\/\",\"name\":\"CETYS\",\"description\":\"\",\"potentialAction\":[{\"@type\":\"SearchAction\",\"target\":{\"@type\":\"EntryPoint\",\"urlTemplate\":\"https:\\\/\\\/www.cetys.mx\\\/noticias\\\/?s={search_term_string}\"},\"query-input\":{\"@type\":\"PropertyValueSpecification\",\"valueRequired\":true,\"valueName\":\"search_term_string\"}}],\"inLanguage\":\"es\"},{\"@type\":\"Person\",\"@id\":\"https:\\\/\\\/www.cetys.mx\\\/noticias\\\/#\\\/schema\\\/person\\\/1a1a88c0b6586e66a2e9e88e07afc712\",\"name\":\"Campus Ensenada\",\"url\":\"https:\\\/\\\/www.cetys.mx\\\/noticias\\\/author\\\/campusensenada\\\/\"}]}<\/script>\n<!-- \/ Yoast SEO plugin. -->","yoast_head_json":{"title":"CETYS Universidad refrenda crecimiento, internacionalizaci\u00f3n y calidad acad\u00e9mica en encuentro anual con medios en Ensenada - CETYS","description":"Articulo sobre CETYS Universidad refrenda crecimiento, internacionalizaci\u00f3n y calidad acad\u00e9mica en encuentro anual con medios en Ensenada","robots":{"index":"index","follow":"follow","max-snippet":"max-snippet:-1","max-image-preview":"max-image-preview:large","max-video-preview":"max-video-preview:-1"},"canonical":"https:\/\/www.cetys.mx\/noticias\/cetys-universidad-refrenda-crecimiento-internacionalizacion-y-calidad-academica-en-encuentro-anual-con-medios-en-ensenada\/","og_locale":"es_MX","og_type":"article","og_title":"CETYS Universidad refrenda crecimiento, internacionalizaci\u00f3n y calidad acad\u00e9mica en encuentro anual con medios en Ensenada - CETYS","og_description":"Articulo sobre CETYS Universidad refrenda crecimiento, internacionalizaci\u00f3n y calidad acad\u00e9mica en encuentro anual con medios en Ensenada","og_url":"https:\/\/www.cetys.mx\/noticias\/cetys-universidad-refrenda-crecimiento-internacionalizacion-y-calidad-academica-en-encuentro-anual-con-medios-en-ensenada\/","og_site_name":"CETYS","article_publisher":"https:\/\/www.facebook.com\/cetysuniversidadmxl\/","article_published_time":"2026-01-14T17:04:46+00:00","article_modified_time":"2026-01-14T19:01:03+00:00","og_image":[{"width":1600,"height":1066,"url":"https:\/\/www.cetys.mx\/noticias\/wp-content\/uploads\/2026\/01\/FOTO-1.jpeg","type":"image\/jpeg"}],"author":"Campus Ensenada","twitter_card":"summary_large_image","twitter_creator":"@cetysuni","twitter_site":"@cetysuni","twitter_misc":{"Escrito por":"Campus Ensenada","Tiempo de lectura":"3 minutos"},"schema":{"@context":"https:\/\/schema.org","@graph":[{"@type":"Article","@id":"https:\/\/www.cetys.mx\/noticias\/cetys-universidad-refrenda-crecimiento-internacionalizacion-y-calidad-academica-en-encuentro-anual-con-medios-en-ensenada\/#article","isPartOf":{"@id":"https:\/\/www.cetys.mx\/noticias\/cetys-universidad-refrenda-crecimiento-internacionalizacion-y-calidad-academica-en-encuentro-anual-con-medios-en-ensenada\/"},"author":{"name":"Campus Ensenada","@id":"https:\/\/www.cetys.mx\/noticias\/#\/schema\/person\/1a1a88c0b6586e66a2e9e88e07afc712"},"headline":"CETYS Universidad refrenda crecimiento, internacionalizaci\u00f3n y calidad acad\u00e9mica en encuentro anual con medios en Ensenada","datePublished":"2026-01-14T17:04:46+00:00","dateModified":"2026-01-14T19:01:03+00:00","mainEntityOfPage":{"@id":"https:\/\/www.cetys.mx\/noticias\/cetys-universidad-refrenda-crecimiento-internacionalizacion-y-calidad-academica-en-encuentro-anual-con-medios-en-ensenada\/"},"wordCount":606,"commentCount":0,"image":{"@id":"https:\/\/www.cetys.mx\/noticias\/cetys-universidad-refrenda-crecimiento-internacionalizacion-y-calidad-academica-en-encuentro-anual-con-medios-en-ensenada\/#primaryimage"},"thumbnailUrl":"https:\/\/www.cetys.mx\/noticias\/wp-content\/uploads\/2026\/01\/FOTO-1.jpeg","keywords":["rector"],"articleSection":["Campus Ensenada","Portada","VoCETYS"],"inLanguage":"es","potentialAction":[{"@type":"CommentAction","name":"Comment","target":["https:\/\/www.cetys.mx\/noticias\/cetys-universidad-refrenda-crecimiento-internacionalizacion-y-calidad-academica-en-encuentro-anual-con-medios-en-ensenada\/#respond"]}]},{"@type":"WebPage","@id":"https:\/\/www.cetys.mx\/noticias\/cetys-universidad-refrenda-crecimiento-internacionalizacion-y-calidad-academica-en-encuentro-anual-con-medios-en-ensenada\/","url":"https:\/\/www.cetys.mx\/noticias\/cetys-universidad-refrenda-crecimiento-internacionalizacion-y-calidad-academica-en-encuentro-anual-con-medios-en-ensenada\/","name":"CETYS Universidad refrenda crecimiento, internacionalizaci\u00f3n y calidad acad\u00e9mica en encuentro anual con medios en Ensenada - CETYS","isPartOf":{"@id":"https:\/\/www.cetys.mx\/noticias\/#website"},"primaryImageOfPage":{"@id":"https:\/\/www.cetys.mx\/noticias\/cetys-universidad-refrenda-crecimiento-internacionalizacion-y-calidad-academica-en-encuentro-anual-con-medios-en-ensenada\/#primaryimage"},"image":{"@id":"https:\/\/www.cetys.mx\/noticias\/cetys-universidad-refrenda-crecimiento-internacionalizacion-y-calidad-academica-en-encuentro-anual-con-medios-en-ensenada\/#primaryimage"},"thumbnailUrl":"https:\/\/www.cetys.mx\/noticias\/wp-content\/uploads\/2026\/01\/FOTO-1.jpeg","datePublished":"2026-01-14T17:04:46+00:00","dateModified":"2026-01-14T19:01:03+00:00","author":{"@id":"https:\/\/www.cetys.mx\/noticias\/#\/schema\/person\/1a1a88c0b6586e66a2e9e88e07afc712"},"description":"Articulo sobre CETYS Universidad refrenda crecimiento, internacionalizaci\u00f3n y calidad acad\u00e9mica en encuentro anual con medios en Ensenada","breadcrumb":{"@id":"https:\/\/www.cetys.mx\/noticias\/cetys-universidad-refrenda-crecimiento-internacionalizacion-y-calidad-academica-en-encuentro-anual-con-medios-en-ensenada\/#breadcrumb"},"inLanguage":"es","potentialAction":[{"@type":"ReadAction","target":["https:\/\/www.cetys.mx\/noticias\/cetys-universidad-refrenda-crecimiento-internacionalizacion-y-calidad-academica-en-encuentro-anual-con-medios-en-ensenada\/"]}]},{"@type":"ImageObject","inLanguage":"es","@id":"https:\/\/www.cetys.mx\/noticias\/cetys-universidad-refrenda-crecimiento-internacionalizacion-y-calidad-academica-en-encuentro-anual-con-medios-en-ensenada\/#primaryimage","url":"https:\/\/www.cetys.mx\/noticias\/wp-content\/uploads\/2026\/01\/FOTO-1.jpeg","contentUrl":"https:\/\/www.cetys.mx\/noticias\/wp-content\/uploads\/2026\/01\/FOTO-1.jpeg","width":1600,"height":1066},{"@type":"BreadcrumbList","@id":"https:\/\/www.cetys.mx\/noticias\/cetys-universidad-refrenda-crecimiento-internacionalizacion-y-calidad-academica-en-encuentro-anual-con-medios-en-ensenada\/#breadcrumb","itemListElement":[{"@type":"ListItem","position":1,"name":"Inicio","item":"https:\/\/www.cetys.mx\/noticias\/"},{"@type":"ListItem","position":2,"name":"CETYS Universidad refrenda crecimiento, internacionalizaci\u00f3n y calidad acad\u00e9mica en encuentro anual con medios en Ensenada"}]},{"@type":"WebSite","@id":"https:\/\/www.cetys.mx\/noticias\/#website","url":"https:\/\/www.cetys.mx\/noticias\/","name":"CETYS","description":"","potentialAction":[{"@type":"SearchAction","target":{"@type":"EntryPoint","urlTemplate":"https:\/\/www.cetys.mx\/noticias\/?s={search_term_string}"},"query-input":{"@type":"PropertyValueSpecification","valueRequired":true,"valueName":"search_term_string"}}],"inLanguage":"es"},{"@type":"Person","@id":"https:\/\/www.cetys.mx\/noticias\/#\/schema\/person\/1a1a88c0b6586e66a2e9e88e07afc712","name":"Campus Ensenada","url":"https:\/\/www.cetys.mx\/noticias\/author\/campusensenada\/"}]}},"_links":{"self":[{"href":"https:\/\/www.cetys.mx\/noticias\/wp-json\/wp\/v2\/posts\/219175","targetHints":{"allow":["GET"]}}],"collection":[{"href":"https:\/\/www.cetys.mx\/noticias\/wp-json\/wp\/v2\/posts"}],"about":[{"href":"https:\/\/www.cetys.mx\/noticias\/wp-json\/wp\/v2\/types\/post"}],"author":[{"embeddable":true,"href":"https:\/\/www.cetys.mx\/noticias\/wp-json\/wp\/v2\/users\/23"}],"replies":[{"embeddable":true,"href":"https:\/\/www.cetys.mx\/noticias\/wp-json\/wp\/v2\/comments?post=219175"}],"version-history":[{"count":1,"href":"https:\/\/www.cetys.mx\/noticias\/wp-json\/wp\/v2\/posts\/219175\/revisions"}],"predecessor-version":[{"id":219183,"href":"https:\/\/www.cetys.mx\/noticias\/wp-json\/wp\/v2\/posts\/219175\/revisions\/219183"}],"wp:featuredmedia":[{"embeddable":true,"href":"https:\/\/www.cetys.mx\/noticias\/wp-json\/wp\/v2\/media\/219176"}],"wp:attachment":[{"href":"https:\/\/www.cetys.mx\/noticias\/wp-json\/wp\/v2\/media?parent=219175"}],"wp:term":[{"taxonomy":"category","embeddable":true,"href":"https:\/\/www.cetys.mx\/noticias\/wp-json\/wp\/v2\/categories?post=219175"},{"taxonomy":"post_tag","embeddable":true,"href":"https:\/\/www.cetys.mx\/noticias\/wp-json\/wp\/v2\/tags?post=219175"}],"curies":[{"name":"wp","href":"https:\/\/api.w.org\/{rel}","templated":true}]}}