{"id":218966,"date":"2025-12-26T09:00:00","date_gmt":"2025-12-26T17:00:00","guid":{"rendered":"https:\/\/www.cetys.mx\/noticias\/?p=218966"},"modified":"2026-02-05T17:08:13","modified_gmt":"2026-02-06T01:08:13","slug":"de-cetys-a-manchester-cuando-el-bachillerato-internacional-abre-caminos-al-mundo","status":"publish","type":"post","link":"https:\/\/www.cetys.mx\/noticias\/de-cetys-a-manchester-cuando-el-bachillerato-internacional-abre-caminos-al-mundo\/","title":{"rendered":"De CETYS a Manchester: cuando el Bachillerato Internacional abre caminos al mundo"},"content":{"rendered":"<p data-start=\"345\" data-end=\"634\">A veces, una decisi\u00f3n tomada a los 15 o 16 a\u00f1os puede cambiar por completo el rumbo de una vida. Para Daniela Bonilla, egresada del <strong data-start=\"464\" data-end=\"520\"><a href=\"https:\/\/www.cetys.mx\/programas\/preparatoria-internacional\/\">Bachillerato Internacional<\/a> (IB) de CETYS Universidad<\/strong>, generaci\u00f3n 2022, ese camino comenz\u00f3 en las aulas de CETYS\u2026 y hoy la ha llevado hasta <strong data-start=\"607\" data-end=\"633\">Manchester, Inglaterra<\/strong>.<\/p>\n<p data-start=\"636\" data-end=\"1063\">Tras concluir la preparatoria, decidi\u00f3 hacer algo que no todos se atreven: decidi\u00f3 trabajar primero en el giro farmac\u00e9utico en Tijuana, experiencia que despert\u00f3 su inter\u00e9s por el mundo de los medicamentos, la ciencia y su impacto en la salud de las personas. Ah\u00ed entendi\u00f3 que quer\u00eda ir m\u00e1s all\u00e1 y buscar una carrera que combinara <strong data-start=\"1022\" data-end=\"1062\">ciencia, innovaci\u00f3n y emprendimiento<\/strong>.<\/p>\n<p data-start=\"1065\" data-end=\"1569\">Al investigar sus opciones, se dio cuenta de que la carrera que buscaba estudiar\u00a0 algo relacionado con\u00a0<strong data-start=\"1138\" data-end=\"1173\">Farmacolog\u00eda con Emprendimiento\u00a0<\/strong>pero\u00a0no se oferta ni en M\u00e9xico ni en Estados Unidos. En lugar de rendirse, ampli\u00f3 su b\u00fasqueda y encontr\u00f3 en <strong data-start=\"1286\" data-end=\"1300\">Inglaterra<\/strong> el programa que se alineaba con sus intereses y metas. Aplic\u00f3 a cinco universidades y fue aceptada en la <strong data-start=\"1406\" data-end=\"1435\">Universidad de Manchester<\/strong>, una de las instituciones m\u00e1s reconocidas del Reino Unido y parte del <strong data-start=\"1506\" data-end=\"1523\">Russell Group<\/strong>, considerado el equivalente a las Ivy League.<\/p>\n<p data-start=\"1571\" data-end=\"1937\">Adem\u00e1s, recibi\u00f3 una <strong data-start=\"1591\" data-end=\"1607\">beca del 30%<\/strong>, un logro que, asegura, no habr\u00eda sido posible sin la formaci\u00f3n que obtuvo en el <strong data-start=\"1689\" data-end=\"1728\">Bachillerato Internacional de CETYS<\/strong>.<em> \u201cEl IB te prepara para pensar, organizarte y adaptarte. Eso fue clave para que confiaran en m\u00ed, incluso cuando tuve que cursar un Foundation Year para reforzar materias como qu\u00edmica y biolog\u00eda\u201d, comparti\u00f3.<\/em><\/p>\n<p data-start=\"1939\" data-end=\"2235\">Hoy, ya concluy\u00f3 ese a\u00f1o preparatorio y su primer a\u00f1o de carrera, y se prepara para una nueva etapa: un <strong data-start=\"2043\" data-end=\"2061\">placement year<\/strong>, un periodo de pr\u00e1cticas profesionales que planea realizar en Estados Unidos, idealmente cerca de la frontera con M\u00e9xico, para seguir sumando experiencia antes de graduarse.<\/p>\n<p data-start=\"2237\" data-end=\"2605\">M\u00e1s all\u00e1 de estudiar en el extranjero, su historia tiene un objetivo claro: <strong data-start=\"2313\" data-end=\"2334\">regresar a M\u00e9xico<\/strong>\u00a0 para desarrollar proyectos relacionados con f\u00e1rmacos que tengan un <strong data-start=\"2430\" data-end=\"2448\">impacto social<\/strong>. \u201cQuiero que lo que haga ayude a las personas\u201d, explica, al hablar de su inter\u00e9s por analizar la efectividad de los medicamentos y su proceso de aprobaci\u00f3n.<\/p>\n<p data-start=\"2607\" data-end=\"2968\">A lo largo del camino, ha contado con el <strong data-start=\"2648\" data-end=\"2671\">apoyo de su familia<\/strong>, quienes respaldaron su decisi\u00f3n de estudiar fuera del pa\u00eds desde que era adolescente, as\u00ed como con una red de amigos del IB que hoy estudian en distintas partes del mundo. Para ella, el Bachillerato Internacional no solo fue un programa acad\u00e9mico, sino una puerta abierta a nuevas posibilidades.<\/p>\n<p data-start=\"2970\" data-end=\"3243\">Su mensaje para quienes hoy cursan el Bachillerato Internacional en la Preparatoria de CETYS es claro: <strong data-start=\"3052\" data-end=\"3107\">aprovechar cada oportunidad y confiar en el proceso<\/strong>.<\/p>\n<blockquote>\n<p data-start=\"2970\" data-end=\"3243\">\u201cA veces el camino no es como lo imaginamos, pero el IB te da las herramientas para adaptarte. Si no es por un camino, ser\u00e1 por otro\u201d.<\/p>\n<\/blockquote>\n<p data-start=\"3245\" data-end=\"3402\">Una historia que comenz\u00f3 en CETYS y hoy cruza fronteras, demostrando que la educaci\u00f3n puede ser el primer paso para llegar tan lejos como uno se lo proponga.<\/p>\n","protected":false},"excerpt":{"rendered":"<p>A veces, una decisi\u00f3n tomada a los 15 o 16 a\u00f1os puede cambiar por completo el rumbo de una vida. Para Daniela&#8230;<\/p>\n","protected":false},"author":24,"featured_media":219711,"comment_status":"open","ping_status":"closed","sticky":false,"template":"","format":"standard","meta":{"footnotes":""},"categories":[134,318],"tags":[916,328,92],"class_list":["post-218966","post","type-post","status-publish","format-standard","has-post-thumbnail","hentry","category-campus-tijuana","category-preparatoria","tag-bachilleratointernacional","tag-campustijuana","tag-preparatoria"],"yoast_head":"<!-- This site is optimized with the Yoast SEO plugin v27.4 - https:\/\/yoast.com\/product\/yoast-seo-wordpress\/ -->\n<title>De CETYS a Manchester: cuando el Bachillerato Internacional abre caminos al mundo - CETYS<\/title>\n<meta name=\"description\" content=\"Articulo sobre De CETYS a Manchester: cuando el Bachillerato Internacional abre caminos al mundo\" \/>\n<meta name=\"robots\" content=\"index, follow, max-snippet:-1, max-image-preview:large, max-video-preview:-1\" \/>\n<link rel=\"canonical\" href=\"https:\/\/www.cetys.mx\/noticias\/de-cetys-a-manchester-cuando-el-bachillerato-internacional-abre-caminos-al-mundo\/\" \/>\n<meta property=\"og:locale\" content=\"es_MX\" \/>\n<meta property=\"og:type\" content=\"article\" \/>\n<meta property=\"og:title\" content=\"De CETYS a Manchester: cuando el Bachillerato Internacional abre caminos al mundo - CETYS\" \/>\n<meta property=\"og:description\" content=\"Articulo sobre De CETYS a Manchester: cuando el Bachillerato Internacional abre caminos al mundo\" \/>\n<meta property=\"og:url\" content=\"https:\/\/www.cetys.mx\/noticias\/de-cetys-a-manchester-cuando-el-bachillerato-internacional-abre-caminos-al-mundo\/\" \/>\n<meta property=\"og:site_name\" content=\"CETYS\" \/>\n<meta property=\"article:publisher\" content=\"https:\/\/www.facebook.com\/cetysuniversidadmxl\/\" \/>\n<meta property=\"article:published_time\" content=\"2025-12-26T17:00:00+00:00\" \/>\n<meta property=\"article:modified_time\" content=\"2026-02-06T01:08:13+00:00\" \/>\n<meta property=\"og:image\" content=\"https:\/\/www.cetys.mx\/noticias\/wp-content\/uploads\/2025\/12\/Daniela-Bonilla-Egresada-Bachillerato-Internacional-CETYS.png\" \/>\n\t<meta property=\"og:image:width\" content=\"958\" \/>\n\t<meta property=\"og:image:height\" content=\"637\" \/>\n\t<meta property=\"og:image:type\" content=\"image\/png\" \/>\n<meta name=\"author\" content=\"Campus Tijuana\" \/>\n<meta name=\"twitter:card\" content=\"summary_large_image\" \/>\n<meta name=\"twitter:creator\" content=\"@cetysuni\" \/>\n<meta name=\"twitter:site\" content=\"@cetysuni\" \/>\n<meta name=\"twitter:label1\" content=\"Escrito por\" \/>\n\t<meta name=\"twitter:data1\" content=\"Campus Tijuana\" \/>\n\t<meta name=\"twitter:label2\" content=\"Tiempo de lectura\" \/>\n\t<meta name=\"twitter:data2\" content=\"3 minutos\" \/>\n<script type=\"application\/ld+json\" class=\"yoast-schema-graph\">{\"@context\":\"https:\\\/\\\/schema.org\",\"@graph\":[{\"@type\":\"Article\",\"@id\":\"https:\\\/\\\/www.cetys.mx\\\/noticias\\\/de-cetys-a-manchester-cuando-el-bachillerato-internacional-abre-caminos-al-mundo\\\/#article\",\"isPartOf\":{\"@id\":\"https:\\\/\\\/www.cetys.mx\\\/noticias\\\/de-cetys-a-manchester-cuando-el-bachillerato-internacional-abre-caminos-al-mundo\\\/\"},\"author\":{\"name\":\"Campus Tijuana\",\"@id\":\"https:\\\/\\\/www.cetys.mx\\\/noticias\\\/#\\\/schema\\\/person\\\/e790051ce60e18ae47cfa87011c8653f\"},\"headline\":\"De CETYS a Manchester: cuando el Bachillerato Internacional abre caminos al mundo\",\"datePublished\":\"2025-12-26T17:00:00+00:00\",\"dateModified\":\"2026-02-06T01:08:13+00:00\",\"mainEntityOfPage\":{\"@id\":\"https:\\\/\\\/www.cetys.mx\\\/noticias\\\/de-cetys-a-manchester-cuando-el-bachillerato-internacional-abre-caminos-al-mundo\\\/\"},\"wordCount\":531,\"commentCount\":0,\"image\":{\"@id\":\"https:\\\/\\\/www.cetys.mx\\\/noticias\\\/de-cetys-a-manchester-cuando-el-bachillerato-internacional-abre-caminos-al-mundo\\\/#primaryimage\"},\"thumbnailUrl\":\"https:\\\/\\\/www.cetys.mx\\\/noticias\\\/wp-content\\\/uploads\\\/2025\\\/12\\\/Daniela-Bonilla-Egresada-Bachillerato-Internacional-CETYS.png\",\"keywords\":[\"bachilleratointernacional\",\"campustijuana\",\"Preparatoria\"],\"articleSection\":[\"Campus Tijuana\",\"Preparatoria\"],\"inLanguage\":\"es\",\"potentialAction\":[{\"@type\":\"CommentAction\",\"name\":\"Comment\",\"target\":[\"https:\\\/\\\/www.cetys.mx\\\/noticias\\\/de-cetys-a-manchester-cuando-el-bachillerato-internacional-abre-caminos-al-mundo\\\/#respond\"]}]},{\"@type\":\"WebPage\",\"@id\":\"https:\\\/\\\/www.cetys.mx\\\/noticias\\\/de-cetys-a-manchester-cuando-el-bachillerato-internacional-abre-caminos-al-mundo\\\/\",\"url\":\"https:\\\/\\\/www.cetys.mx\\\/noticias\\\/de-cetys-a-manchester-cuando-el-bachillerato-internacional-abre-caminos-al-mundo\\\/\",\"name\":\"De CETYS a Manchester: cuando el Bachillerato Internacional abre caminos al mundo - CETYS\",\"isPartOf\":{\"@id\":\"https:\\\/\\\/www.cetys.mx\\\/noticias\\\/#website\"},\"primaryImageOfPage\":{\"@id\":\"https:\\\/\\\/www.cetys.mx\\\/noticias\\\/de-cetys-a-manchester-cuando-el-bachillerato-internacional-abre-caminos-al-mundo\\\/#primaryimage\"},\"image\":{\"@id\":\"https:\\\/\\\/www.cetys.mx\\\/noticias\\\/de-cetys-a-manchester-cuando-el-bachillerato-internacional-abre-caminos-al-mundo\\\/#primaryimage\"},\"thumbnailUrl\":\"https:\\\/\\\/www.cetys.mx\\\/noticias\\\/wp-content\\\/uploads\\\/2025\\\/12\\\/Daniela-Bonilla-Egresada-Bachillerato-Internacional-CETYS.png\",\"datePublished\":\"2025-12-26T17:00:00+00:00\",\"dateModified\":\"2026-02-06T01:08:13+00:00\",\"author\":{\"@id\":\"https:\\\/\\\/www.cetys.mx\\\/noticias\\\/#\\\/schema\\\/person\\\/e790051ce60e18ae47cfa87011c8653f\"},\"description\":\"Articulo sobre De CETYS a Manchester: cuando el Bachillerato Internacional abre caminos al mundo\",\"breadcrumb\":{\"@id\":\"https:\\\/\\\/www.cetys.mx\\\/noticias\\\/de-cetys-a-manchester-cuando-el-bachillerato-internacional-abre-caminos-al-mundo\\\/#breadcrumb\"},\"inLanguage\":\"es\",\"potentialAction\":[{\"@type\":\"ReadAction\",\"target\":[\"https:\\\/\\\/www.cetys.mx\\\/noticias\\\/de-cetys-a-manchester-cuando-el-bachillerato-internacional-abre-caminos-al-mundo\\\/\"]}]},{\"@type\":\"ImageObject\",\"inLanguage\":\"es\",\"@id\":\"https:\\\/\\\/www.cetys.mx\\\/noticias\\\/de-cetys-a-manchester-cuando-el-bachillerato-internacional-abre-caminos-al-mundo\\\/#primaryimage\",\"url\":\"https:\\\/\\\/www.cetys.mx\\\/noticias\\\/wp-content\\\/uploads\\\/2025\\\/12\\\/Daniela-Bonilla-Egresada-Bachillerato-Internacional-CETYS.png\",\"contentUrl\":\"https:\\\/\\\/www.cetys.mx\\\/noticias\\\/wp-content\\\/uploads\\\/2025\\\/12\\\/Daniela-Bonilla-Egresada-Bachillerato-Internacional-CETYS.png\",\"width\":958,\"height\":637},{\"@type\":\"BreadcrumbList\",\"@id\":\"https:\\\/\\\/www.cetys.mx\\\/noticias\\\/de-cetys-a-manchester-cuando-el-bachillerato-internacional-abre-caminos-al-mundo\\\/#breadcrumb\",\"itemListElement\":[{\"@type\":\"ListItem\",\"position\":1,\"name\":\"Inicio\",\"item\":\"https:\\\/\\\/www.cetys.mx\\\/noticias\\\/\"},{\"@type\":\"ListItem\",\"position\":2,\"name\":\"De CETYS a Manchester: cuando el Bachillerato Internacional abre caminos al mundo\"}]},{\"@type\":\"WebSite\",\"@id\":\"https:\\\/\\\/www.cetys.mx\\\/noticias\\\/#website\",\"url\":\"https:\\\/\\\/www.cetys.mx\\\/noticias\\\/\",\"name\":\"CETYS\",\"description\":\"\",\"potentialAction\":[{\"@type\":\"SearchAction\",\"target\":{\"@type\":\"EntryPoint\",\"urlTemplate\":\"https:\\\/\\\/www.cetys.mx\\\/noticias\\\/?s={search_term_string}\"},\"query-input\":{\"@type\":\"PropertyValueSpecification\",\"valueRequired\":true,\"valueName\":\"search_term_string\"}}],\"inLanguage\":\"es\"},{\"@type\":\"Person\",\"@id\":\"https:\\\/\\\/www.cetys.mx\\\/noticias\\\/#\\\/schema\\\/person\\\/e790051ce60e18ae47cfa87011c8653f\",\"name\":\"Campus Tijuana\",\"url\":\"https:\\\/\\\/www.cetys.mx\\\/noticias\\\/author\\\/campustijuana\\\/\"}]}<\/script>\n<!-- \/ Yoast SEO plugin. -->","yoast_head_json":{"title":"De CETYS a Manchester: cuando el Bachillerato Internacional abre caminos al mundo - CETYS","description":"Articulo sobre De CETYS a Manchester: cuando el Bachillerato Internacional abre caminos al mundo","robots":{"index":"index","follow":"follow","max-snippet":"max-snippet:-1","max-image-preview":"max-image-preview:large","max-video-preview":"max-video-preview:-1"},"canonical":"https:\/\/www.cetys.mx\/noticias\/de-cetys-a-manchester-cuando-el-bachillerato-internacional-abre-caminos-al-mundo\/","og_locale":"es_MX","og_type":"article","og_title":"De CETYS a Manchester: cuando el Bachillerato Internacional abre caminos al mundo - CETYS","og_description":"Articulo sobre De CETYS a Manchester: cuando el Bachillerato Internacional abre caminos al mundo","og_url":"https:\/\/www.cetys.mx\/noticias\/de-cetys-a-manchester-cuando-el-bachillerato-internacional-abre-caminos-al-mundo\/","og_site_name":"CETYS","article_publisher":"https:\/\/www.facebook.com\/cetysuniversidadmxl\/","article_published_time":"2025-12-26T17:00:00+00:00","article_modified_time":"2026-02-06T01:08:13+00:00","og_image":[{"width":958,"height":637,"url":"https:\/\/www.cetys.mx\/noticias\/wp-content\/uploads\/2025\/12\/Daniela-Bonilla-Egresada-Bachillerato-Internacional-CETYS.png","type":"image\/png"}],"author":"Campus Tijuana","twitter_card":"summary_large_image","twitter_creator":"@cetysuni","twitter_site":"@cetysuni","twitter_misc":{"Escrito por":"Campus Tijuana","Tiempo de lectura":"3 minutos"},"schema":{"@context":"https:\/\/schema.org","@graph":[{"@type":"Article","@id":"https:\/\/www.cetys.mx\/noticias\/de-cetys-a-manchester-cuando-el-bachillerato-internacional-abre-caminos-al-mundo\/#article","isPartOf":{"@id":"https:\/\/www.cetys.mx\/noticias\/de-cetys-a-manchester-cuando-el-bachillerato-internacional-abre-caminos-al-mundo\/"},"author":{"name":"Campus Tijuana","@id":"https:\/\/www.cetys.mx\/noticias\/#\/schema\/person\/e790051ce60e18ae47cfa87011c8653f"},"headline":"De CETYS a Manchester: cuando el Bachillerato Internacional abre caminos al mundo","datePublished":"2025-12-26T17:00:00+00:00","dateModified":"2026-02-06T01:08:13+00:00","mainEntityOfPage":{"@id":"https:\/\/www.cetys.mx\/noticias\/de-cetys-a-manchester-cuando-el-bachillerato-internacional-abre-caminos-al-mundo\/"},"wordCount":531,"commentCount":0,"image":{"@id":"https:\/\/www.cetys.mx\/noticias\/de-cetys-a-manchester-cuando-el-bachillerato-internacional-abre-caminos-al-mundo\/#primaryimage"},"thumbnailUrl":"https:\/\/www.cetys.mx\/noticias\/wp-content\/uploads\/2025\/12\/Daniela-Bonilla-Egresada-Bachillerato-Internacional-CETYS.png","keywords":["bachilleratointernacional","campustijuana","Preparatoria"],"articleSection":["Campus Tijuana","Preparatoria"],"inLanguage":"es","potentialAction":[{"@type":"CommentAction","name":"Comment","target":["https:\/\/www.cetys.mx\/noticias\/de-cetys-a-manchester-cuando-el-bachillerato-internacional-abre-caminos-al-mundo\/#respond"]}]},{"@type":"WebPage","@id":"https:\/\/www.cetys.mx\/noticias\/de-cetys-a-manchester-cuando-el-bachillerato-internacional-abre-caminos-al-mundo\/","url":"https:\/\/www.cetys.mx\/noticias\/de-cetys-a-manchester-cuando-el-bachillerato-internacional-abre-caminos-al-mundo\/","name":"De CETYS a Manchester: cuando el Bachillerato Internacional abre caminos al mundo - CETYS","isPartOf":{"@id":"https:\/\/www.cetys.mx\/noticias\/#website"},"primaryImageOfPage":{"@id":"https:\/\/www.cetys.mx\/noticias\/de-cetys-a-manchester-cuando-el-bachillerato-internacional-abre-caminos-al-mundo\/#primaryimage"},"image":{"@id":"https:\/\/www.cetys.mx\/noticias\/de-cetys-a-manchester-cuando-el-bachillerato-internacional-abre-caminos-al-mundo\/#primaryimage"},"thumbnailUrl":"https:\/\/www.cetys.mx\/noticias\/wp-content\/uploads\/2025\/12\/Daniela-Bonilla-Egresada-Bachillerato-Internacional-CETYS.png","datePublished":"2025-12-26T17:00:00+00:00","dateModified":"2026-02-06T01:08:13+00:00","author":{"@id":"https:\/\/www.cetys.mx\/noticias\/#\/schema\/person\/e790051ce60e18ae47cfa87011c8653f"},"description":"Articulo sobre De CETYS a Manchester: cuando el Bachillerato Internacional abre caminos al mundo","breadcrumb":{"@id":"https:\/\/www.cetys.mx\/noticias\/de-cetys-a-manchester-cuando-el-bachillerato-internacional-abre-caminos-al-mundo\/#breadcrumb"},"inLanguage":"es","potentialAction":[{"@type":"ReadAction","target":["https:\/\/www.cetys.mx\/noticias\/de-cetys-a-manchester-cuando-el-bachillerato-internacional-abre-caminos-al-mundo\/"]}]},{"@type":"ImageObject","inLanguage":"es","@id":"https:\/\/www.cetys.mx\/noticias\/de-cetys-a-manchester-cuando-el-bachillerato-internacional-abre-caminos-al-mundo\/#primaryimage","url":"https:\/\/www.cetys.mx\/noticias\/wp-content\/uploads\/2025\/12\/Daniela-Bonilla-Egresada-Bachillerato-Internacional-CETYS.png","contentUrl":"https:\/\/www.cetys.mx\/noticias\/wp-content\/uploads\/2025\/12\/Daniela-Bonilla-Egresada-Bachillerato-Internacional-CETYS.png","width":958,"height":637},{"@type":"BreadcrumbList","@id":"https:\/\/www.cetys.mx\/noticias\/de-cetys-a-manchester-cuando-el-bachillerato-internacional-abre-caminos-al-mundo\/#breadcrumb","itemListElement":[{"@type":"ListItem","position":1,"name":"Inicio","item":"https:\/\/www.cetys.mx\/noticias\/"},{"@type":"ListItem","position":2,"name":"De CETYS a Manchester: cuando el Bachillerato Internacional abre caminos al mundo"}]},{"@type":"WebSite","@id":"https:\/\/www.cetys.mx\/noticias\/#website","url":"https:\/\/www.cetys.mx\/noticias\/","name":"CETYS","description":"","potentialAction":[{"@type":"SearchAction","target":{"@type":"EntryPoint","urlTemplate":"https:\/\/www.cetys.mx\/noticias\/?s={search_term_string}"},"query-input":{"@type":"PropertyValueSpecification","valueRequired":true,"valueName":"search_term_string"}}],"inLanguage":"es"},{"@type":"Person","@id":"https:\/\/www.cetys.mx\/noticias\/#\/schema\/person\/e790051ce60e18ae47cfa87011c8653f","name":"Campus Tijuana","url":"https:\/\/www.cetys.mx\/noticias\/author\/campustijuana\/"}]}},"_links":{"self":[{"href":"https:\/\/www.cetys.mx\/noticias\/wp-json\/wp\/v2\/posts\/218966","targetHints":{"allow":["GET"]}}],"collection":[{"href":"https:\/\/www.cetys.mx\/noticias\/wp-json\/wp\/v2\/posts"}],"about":[{"href":"https:\/\/www.cetys.mx\/noticias\/wp-json\/wp\/v2\/types\/post"}],"author":[{"embeddable":true,"href":"https:\/\/www.cetys.mx\/noticias\/wp-json\/wp\/v2\/users\/24"}],"replies":[{"embeddable":true,"href":"https:\/\/www.cetys.mx\/noticias\/wp-json\/wp\/v2\/comments?post=218966"}],"version-history":[{"count":5,"href":"https:\/\/www.cetys.mx\/noticias\/wp-json\/wp\/v2\/posts\/218966\/revisions"}],"predecessor-version":[{"id":219712,"href":"https:\/\/www.cetys.mx\/noticias\/wp-json\/wp\/v2\/posts\/218966\/revisions\/219712"}],"wp:featuredmedia":[{"embeddable":true,"href":"https:\/\/www.cetys.mx\/noticias\/wp-json\/wp\/v2\/media\/219711"}],"wp:attachment":[{"href":"https:\/\/www.cetys.mx\/noticias\/wp-json\/wp\/v2\/media?parent=218966"}],"wp:term":[{"taxonomy":"category","embeddable":true,"href":"https:\/\/www.cetys.mx\/noticias\/wp-json\/wp\/v2\/categories?post=218966"},{"taxonomy":"post_tag","embeddable":true,"href":"https:\/\/www.cetys.mx\/noticias\/wp-json\/wp\/v2\/tags?post=218966"}],"curies":[{"name":"wp","href":"https:\/\/api.w.org\/{rel}","templated":true}]}}