{"id":218911,"date":"2025-12-19T10:27:06","date_gmt":"2025-12-19T18:27:06","guid":{"rendered":"https:\/\/www.cetys.mx\/noticias\/?p=218911"},"modified":"2025-12-19T10:27:06","modified_gmt":"2025-12-19T18:27:06","slug":"estudiantes-de-psicologia-clinica-promueven-la-salud-mental-en-escuelas-publicas-de-tijuana","status":"publish","type":"post","link":"https:\/\/www.cetys.mx\/noticias\/estudiantes-de-psicologia-clinica-promueven-la-salud-mental-en-escuelas-publicas-de-tijuana\/","title":{"rendered":"Estudiantes de Psicolog\u00eda Cl\u00ednica promueven la salud mental en escuelas p\u00fablicas de Tijuana"},"content":{"rendered":"<p data-start=\"409\" data-end=\"772\">Con el objetivo de <strong data-start=\"428\" data-end=\"506\">concientizar a j\u00f3venes sobre la importancia del cuidado de la salud mental<\/strong>, estudiantes de <strong data-start=\"523\" data-end=\"601\">quinto semestre de Psicolog\u00eda Cl\u00ednica de CETYS Universidad, Campus Tijuana<\/strong>, llevaron a cabo la <em data-start=\"622\" data-end=\"681\">Jornada de Prevenci\u00f3n y Bienestar: Informa, Decide, Cuida<\/em>, dirigida a la comunidad estudiantil de la <strong data-start=\"725\" data-end=\"771\">Preparatoria L\u00e1zaro C\u00e1rdenas III Valle Sur<\/strong>.<\/p>\n<p data-start=\"774\" data-end=\"1107\">La jornada fue organizada como parte de la formaci\u00f3n acad\u00e9mica de las y los estudiantes, quienes dise\u00f1aron e implementaron <strong data-start=\"897\" data-end=\"952\">actividades psicoeducativas y de integraci\u00f3n social<\/strong> orientadas a la identificaci\u00f3n de <strong data-start=\"987\" data-end=\"1035\">conductas de riesgo y factores de protecci\u00f3n<\/strong>, promoviendo la toma de decisiones informadas y el bienestar emocional.<\/p>\n<p data-start=\"1109\" data-end=\"1397\">Durante el evento se cont\u00f3 con la participaci\u00f3n de autoridades acad\u00e9micas y educativas, as\u00ed como de representantes de instituciones colaboradoras, entre ellas el <strong data-start=\"1271\" data-end=\"1329\">Instituto de Psiquiatr\u00eda del Estado de Baja California<\/strong>, fortaleciendo el v\u00ednculo entre la universidad y el entorno social.<\/p>\n<div class=\"gallery-slider-wrapper gallery-1\">\n                        <div class=\"gallery-slider\" itemscope itemtype=\"http:\/\/schema.org\/ImageGallery\"><figure class=\"slide\" itemprop=\"associatedMedia\" itemscope itemtype=\"http:\/\/schema.org\/ImageObject\">\n                    <a itemprop=\"contentUrl\" href=\"https:\/\/www.cetys.mx\/noticias\/wp-content\/uploads\/2025\/12\/Jornada-de-Prevenci\u00f3n-y-Bienestar-Psicologia-2025-5.png\">\n                        <img decoding=\"async\" itemprop=\"thumbnail\" class=\"lazyOwl\" src=\"https:\/\/www.cetys.mx\/noticias\/wp-content\/plugins\/jmagz-plugin\/assets\/placeholder\/900x450.png\" data-src=\"https:\/\/www.cetys.mx\/noticias\/wp-content\/uploads\/2025\/12\/Jornada-de-Prevenci\u00f3n-y-Bienestar-Psicologia-2025-5.png\" alt=\"Jornada de Prevenci\u00f3n y Bienestar Psicologia 2025 (5)\">\n                    <\/a>\n                    <figcaption itemprop=\"caption description\" class=\"slide-caption\">\n                        \n                    <\/figcaption>\n                <\/figure><figure class=\"slide\" itemprop=\"associatedMedia\" itemscope itemtype=\"http:\/\/schema.org\/ImageObject\">\n                    <a itemprop=\"contentUrl\" href=\"https:\/\/www.cetys.mx\/noticias\/wp-content\/uploads\/2025\/12\/Jornada-de-Prevenci\u00f3n-y-Bienestar-Psicologia-2025-4.png\">\n                        <img decoding=\"async\" itemprop=\"thumbnail\" class=\"lazyOwl\" src=\"https:\/\/www.cetys.mx\/noticias\/wp-content\/plugins\/jmagz-plugin\/assets\/placeholder\/900x450.png\" data-src=\"https:\/\/www.cetys.mx\/noticias\/wp-content\/uploads\/2025\/12\/Jornada-de-Prevenci\u00f3n-y-Bienestar-Psicologia-2025-4.png\" alt=\"Jornada de Prevenci\u00f3n y Bienestar Psicologia 2025 (4)\">\n                    <\/a>\n                    <figcaption itemprop=\"caption description\" class=\"slide-caption\">\n                        \n                    <\/figcaption>\n                <\/figure><figure class=\"slide\" itemprop=\"associatedMedia\" itemscope itemtype=\"http:\/\/schema.org\/ImageObject\">\n                    <a itemprop=\"contentUrl\" href=\"https:\/\/www.cetys.mx\/noticias\/wp-content\/uploads\/2025\/12\/Jornada-de-Prevenci\u00f3n-y-Bienestar-Psicologia-2025-3.png\">\n                        <img decoding=\"async\" itemprop=\"thumbnail\" class=\"lazyOwl\" src=\"https:\/\/www.cetys.mx\/noticias\/wp-content\/plugins\/jmagz-plugin\/assets\/placeholder\/900x450.png\" data-src=\"https:\/\/www.cetys.mx\/noticias\/wp-content\/uploads\/2025\/12\/Jornada-de-Prevenci\u00f3n-y-Bienestar-Psicologia-2025-3.png\" alt=\"Jornada de Prevenci\u00f3n y Bienestar Psicologia 2025 (3)\">\n                    <\/a>\n                    <figcaption itemprop=\"caption description\" class=\"slide-caption\">\n                        \n                    <\/figcaption>\n                <\/figure><figure class=\"slide\" itemprop=\"associatedMedia\" itemscope itemtype=\"http:\/\/schema.org\/ImageObject\">\n                    <a itemprop=\"contentUrl\" href=\"https:\/\/www.cetys.mx\/noticias\/wp-content\/uploads\/2025\/12\/Jornada-de-Prevenci\u00f3n-y-Bienestar-Psicologia-2025-8.png\">\n                        <img decoding=\"async\" itemprop=\"thumbnail\" class=\"lazyOwl\" src=\"https:\/\/www.cetys.mx\/noticias\/wp-content\/plugins\/jmagz-plugin\/assets\/placeholder\/900x450.png\" data-src=\"https:\/\/www.cetys.mx\/noticias\/wp-content\/uploads\/2025\/12\/Jornada-de-Prevenci\u00f3n-y-Bienestar-Psicologia-2025-8.png\" alt=\"Jornada de Prevenci\u00f3n y Bienestar Psicologia 2025 (8)\">\n                    <\/a>\n                    <figcaption itemprop=\"caption description\" class=\"slide-caption\">\n                        \n                    <\/figcaption>\n                <\/figure><figure class=\"slide\" itemprop=\"associatedMedia\" itemscope itemtype=\"http:\/\/schema.org\/ImageObject\">\n                    <a itemprop=\"contentUrl\" href=\"https:\/\/www.cetys.mx\/noticias\/wp-content\/uploads\/2025\/12\/Jornada-de-Prevenci\u00f3n-y-Bienestar-Psicologia-2025-7.png\">\n                        <img decoding=\"async\" itemprop=\"thumbnail\" class=\"lazyOwl\" src=\"https:\/\/www.cetys.mx\/noticias\/wp-content\/plugins\/jmagz-plugin\/assets\/placeholder\/900x450.png\" data-src=\"https:\/\/www.cetys.mx\/noticias\/wp-content\/uploads\/2025\/12\/Jornada-de-Prevenci\u00f3n-y-Bienestar-Psicologia-2025-7.png\" alt=\"Jornada de Prevenci\u00f3n y Bienestar Psicologia 2025 (7)\">\n                    <\/a>\n                    <figcaption itemprop=\"caption description\" class=\"slide-caption\">\n                        \n                    <\/figcaption>\n                <\/figure><figure class=\"slide\" itemprop=\"associatedMedia\" itemscope itemtype=\"http:\/\/schema.org\/ImageObject\">\n                    <a itemprop=\"contentUrl\" href=\"https:\/\/www.cetys.mx\/noticias\/wp-content\/uploads\/2025\/12\/Jornada-de-Prevenci\u00f3n-y-Bienestar-Psicologia-2025-6.png\">\n                        <img decoding=\"async\" itemprop=\"thumbnail\" class=\"lazyOwl\" src=\"https:\/\/www.cetys.mx\/noticias\/wp-content\/plugins\/jmagz-plugin\/assets\/placeholder\/900x450.png\" data-src=\"https:\/\/www.cetys.mx\/noticias\/wp-content\/uploads\/2025\/12\/Jornada-de-Prevenci\u00f3n-y-Bienestar-Psicologia-2025-6.png\" alt=\"Jornada de Prevenci\u00f3n y Bienestar Psicologia 2025 (6)\">\n                    <\/a>\n                    <figcaption itemprop=\"caption description\" class=\"slide-caption\">\n                        \n                    <\/figcaption>\n                <\/figure><figure class=\"slide\" itemprop=\"associatedMedia\" itemscope itemtype=\"http:\/\/schema.org\/ImageObject\">\n                    <a itemprop=\"contentUrl\" href=\"https:\/\/www.cetys.mx\/noticias\/wp-content\/uploads\/2025\/12\/Jornada-de-Prevenci\u00f3n-y-Bienestar-Psicologia-2025-2.png\">\n                        <img decoding=\"async\" itemprop=\"thumbnail\" class=\"lazyOwl\" src=\"https:\/\/www.cetys.mx\/noticias\/wp-content\/plugins\/jmagz-plugin\/assets\/placeholder\/900x450.png\" data-src=\"https:\/\/www.cetys.mx\/noticias\/wp-content\/uploads\/2025\/12\/Jornada-de-Prevenci\u00f3n-y-Bienestar-Psicologia-2025-2.png\" alt=\"Jornada de Prevenci\u00f3n y Bienestar Psicologia 2025 (2)\">\n                    <\/a>\n                    <figcaption itemprop=\"caption description\" class=\"slide-caption\">\n                        \n                    <\/figcaption>\n                <\/figure><figure class=\"slide\" itemprop=\"associatedMedia\" itemscope itemtype=\"http:\/\/schema.org\/ImageObject\">\n                    <a itemprop=\"contentUrl\" href=\"https:\/\/www.cetys.mx\/noticias\/wp-content\/uploads\/2025\/12\/Jornada-de-Prevenci\u00f3n-y-Bienestar-Psicologia-2025.png\">\n                        <img decoding=\"async\" itemprop=\"thumbnail\" class=\"lazyOwl\" src=\"https:\/\/www.cetys.mx\/noticias\/wp-content\/plugins\/jmagz-plugin\/assets\/placeholder\/900x450.png\" data-src=\"https:\/\/www.cetys.mx\/noticias\/wp-content\/uploads\/2025\/12\/Jornada-de-Prevenci\u00f3n-y-Bienestar-Psicologia-2025.png\" alt=\"Jornada de Prevenci\u00f3n y Bienestar Psicologia 2025\">\n                    <\/a>\n                    <figcaption itemprop=\"caption description\" class=\"slide-caption\">\n                        \n                    <\/figcaption>\n                <\/figure><\/div>\n                <div class=\"gallery-slider-thumbnail-wrapper\">\n                    <div class=\"gallery-slider-thumbnail\"><div class=\"slide-thumbnail\"><img decoding=\"async\" class=\"lazyOwl\" src=\"https:\/\/www.cetys.mx\/noticias\/wp-content\/plugins\/jmagz-plugin\/assets\/placeholder\/150x75.png\" data-src=\"https:\/\/www.cetys.mx\/noticias\/wp-content\/uploads\/2025\/12\/Jornada-de-Prevenci\u00f3n-y-Bienestar-Psicologia-2025-5.png\" alt=\"Jornada de Prevenci\u00f3n y Bienestar Psicologia 2025 (5)\"><\/div><div class=\"slide-thumbnail\"><img decoding=\"async\" class=\"lazyOwl\" src=\"https:\/\/www.cetys.mx\/noticias\/wp-content\/plugins\/jmagz-plugin\/assets\/placeholder\/150x75.png\" data-src=\"https:\/\/www.cetys.mx\/noticias\/wp-content\/uploads\/2025\/12\/Jornada-de-Prevenci\u00f3n-y-Bienestar-Psicologia-2025-4.png\" alt=\"Jornada de Prevenci\u00f3n y Bienestar Psicologia 2025 (4)\"><\/div><div class=\"slide-thumbnail\"><img decoding=\"async\" class=\"lazyOwl\" src=\"https:\/\/www.cetys.mx\/noticias\/wp-content\/plugins\/jmagz-plugin\/assets\/placeholder\/150x75.png\" data-src=\"https:\/\/www.cetys.mx\/noticias\/wp-content\/uploads\/2025\/12\/Jornada-de-Prevenci\u00f3n-y-Bienestar-Psicologia-2025-3.png\" alt=\"Jornada de Prevenci\u00f3n y Bienestar Psicologia 2025 (3)\"><\/div><div class=\"slide-thumbnail\"><img decoding=\"async\" class=\"lazyOwl\" src=\"https:\/\/www.cetys.mx\/noticias\/wp-content\/plugins\/jmagz-plugin\/assets\/placeholder\/150x75.png\" data-src=\"https:\/\/www.cetys.mx\/noticias\/wp-content\/uploads\/2025\/12\/Jornada-de-Prevenci\u00f3n-y-Bienestar-Psicologia-2025-8.png\" alt=\"Jornada de Prevenci\u00f3n y Bienestar Psicologia 2025 (8)\"><\/div><div class=\"slide-thumbnail\"><img decoding=\"async\" class=\"lazyOwl\" src=\"https:\/\/www.cetys.mx\/noticias\/wp-content\/plugins\/jmagz-plugin\/assets\/placeholder\/150x75.png\" data-src=\"https:\/\/www.cetys.mx\/noticias\/wp-content\/uploads\/2025\/12\/Jornada-de-Prevenci\u00f3n-y-Bienestar-Psicologia-2025-7.png\" alt=\"Jornada de Prevenci\u00f3n y Bienestar Psicologia 2025 (7)\"><\/div><div class=\"slide-thumbnail\"><img decoding=\"async\" class=\"lazyOwl\" src=\"https:\/\/www.cetys.mx\/noticias\/wp-content\/plugins\/jmagz-plugin\/assets\/placeholder\/150x75.png\" data-src=\"https:\/\/www.cetys.mx\/noticias\/wp-content\/uploads\/2025\/12\/Jornada-de-Prevenci\u00f3n-y-Bienestar-Psicologia-2025-6.png\" alt=\"Jornada de Prevenci\u00f3n y Bienestar Psicologia 2025 (6)\"><\/div><div class=\"slide-thumbnail\"><img decoding=\"async\" class=\"lazyOwl\" src=\"https:\/\/www.cetys.mx\/noticias\/wp-content\/plugins\/jmagz-plugin\/assets\/placeholder\/150x75.png\" data-src=\"https:\/\/www.cetys.mx\/noticias\/wp-content\/uploads\/2025\/12\/Jornada-de-Prevenci\u00f3n-y-Bienestar-Psicologia-2025-2.png\" alt=\"Jornada de Prevenci\u00f3n y Bienestar Psicologia 2025 (2)\"><\/div><div class=\"slide-thumbnail\"><img decoding=\"async\" class=\"lazyOwl\" src=\"https:\/\/www.cetys.mx\/noticias\/wp-content\/plugins\/jmagz-plugin\/assets\/placeholder\/150x75.png\" data-src=\"https:\/\/www.cetys.mx\/noticias\/wp-content\/uploads\/2025\/12\/Jornada-de-Prevenci\u00f3n-y-Bienestar-Psicologia-2025.png\" alt=\"Jornada de Prevenci\u00f3n y Bienestar Psicologia 2025\"><\/div><\/div><\/div><\/div>\n<p data-start=\"1399\" data-end=\"1949\">En el acto inaugural estuvieron presentes la <strong data-start=\"1444\" data-end=\"1469\">Mtra. Neida R\u00edos Le\u00f3n<\/strong>, docente de la Escuela de Psicolog\u00eda de CETYS Universidad Campus Tijuana; el <strong data-start=\"1547\" data-end=\"1580\">Mtro. Jos\u00e9 Antonio G\u00f3mez Cruz<\/strong>, orientador educativo de la Preparatoria L\u00e1zaro C\u00e1rdenas III Valle Sur; el <strong data-start=\"1656\" data-end=\"1699\">Mtro. Eduardo Alejandro Marentez Medina<\/strong>, subdirector acad\u00e9mico de dicha preparatoria; el <strong data-start=\"1749\" data-end=\"1781\">Mtro. Hern\u00e1n Partida Ram\u00edrez<\/strong>, director de la Escuela de Psicolog\u00eda de CETYS Universidad Campus Tijuana; y el <strong data-start=\"1862\" data-end=\"1889\">Dr. David Burgara Sol\u00eds<\/strong>, director de la Preparatoria L\u00e1zaro C\u00e1rdenas III Valle Sur.<\/p>\n<p data-start=\"1951\" data-end=\"2254\">Durante su mensaje, el <strong data-start=\"1974\" data-end=\"2006\">Mtro. Hern\u00e1n Partida Ram\u00edrez,<\/strong> <em>Director de la Escuela de Psicolog\u00eda de CETYS Tijuana<\/em>,\u00a0destac\u00f3 la relevancia de este tipo de iniciativas, al se\u00f1alar que la formaci\u00f3n en Psicolog\u00eda Cl\u00ednica en CETYS busca que el estudiantado <strong data-start=\"2143\" data-end=\"2192\">aplique sus conocimientos en contextos reales<\/strong>, con una visi\u00f3n \u00e9tica, preventiva y centrada en las personas.<\/p>\n<p data-start=\"2256\" data-end=\"2528\">Por su parte, el <strong data-start=\"2273\" data-end=\"2300\">Dr. David Burgara Sol\u00eds<\/strong> realiz\u00f3 el acto inaugural de la jornada, reconociendo el valor de la colaboraci\u00f3n interinstitucional y la importancia de generar espacios de di\u00e1logo y aprendizaje en torno a la salud mental dentro de las comunidades educativas.<\/p>\n<p data-start=\"2530\" data-end=\"2828\">Esta jornada forma parte de las acciones que CETYS Universidad impulsa para <strong data-start=\"2606\" data-end=\"2661\">fortalecer la formaci\u00f3n integral de su estudiantado<\/strong>, al tiempo que contribuye al bienestar emocional de ni\u00f1as, ni\u00f1os y j\u00f3venes de la regi\u00f3n, mediante una <strong data-start=\"2764\" data-end=\"2827\">intervenci\u00f3n temprana y preventiva en temas de salud mental<\/strong>.<\/p>\n","protected":false},"excerpt":{"rendered":"<p>Con el objetivo de concientizar a j\u00f3venes sobre la importancia del cuidado de la salud mental, estudiantes de quinto semestre de Psicolog\u00eda&#8230;<\/p>\n","protected":false},"author":24,"featured_media":218936,"comment_status":"open","ping_status":"closed","sticky":false,"template":"","format":"standard","meta":{"footnotes":""},"categories":[134,306],"tags":[328,6491,487,6623],"class_list":["post-218911","post","type-post","status-publish","format-standard","has-post-thumbnail","hentry","category-campus-tijuana","category-profesional","tag-campustijuana","tag-psicologiaclinica","tag-psicologiainfantil","tag-psicologiaorganizacional"],"yoast_head":"<!-- This site is optimized with the Yoast SEO plugin v27.4 - https:\/\/yoast.com\/product\/yoast-seo-wordpress\/ -->\n<title>Estudiantes de Psicolog\u00eda Cl\u00ednica promueven la salud mental en escuelas p\u00fablicas de Tijuana - CETYS<\/title>\n<meta name=\"description\" content=\"Articulo sobre Estudiantes de Psicolog\u00eda Cl\u00ednica promueven la salud mental en escuelas p\u00fablicas de Tijuana\" \/>\n<meta name=\"robots\" content=\"index, follow, max-snippet:-1, max-image-preview:large, max-video-preview:-1\" \/>\n<link rel=\"canonical\" href=\"https:\/\/www.cetys.mx\/noticias\/estudiantes-de-psicologia-clinica-promueven-la-salud-mental-en-escuelas-publicas-de-tijuana\/\" \/>\n<meta property=\"og:locale\" content=\"es_MX\" \/>\n<meta property=\"og:type\" content=\"article\" \/>\n<meta property=\"og:title\" content=\"Estudiantes de Psicolog\u00eda Cl\u00ednica promueven la salud mental en escuelas p\u00fablicas de Tijuana - CETYS\" \/>\n<meta property=\"og:description\" content=\"Articulo sobre Estudiantes de Psicolog\u00eda Cl\u00ednica promueven la salud mental en escuelas p\u00fablicas de Tijuana\" \/>\n<meta property=\"og:url\" content=\"https:\/\/www.cetys.mx\/noticias\/estudiantes-de-psicologia-clinica-promueven-la-salud-mental-en-escuelas-publicas-de-tijuana\/\" \/>\n<meta property=\"og:site_name\" content=\"CETYS\" \/>\n<meta property=\"article:publisher\" content=\"https:\/\/www.facebook.com\/cetysuniversidadmxl\/\" \/>\n<meta property=\"article:published_time\" content=\"2025-12-19T18:27:06+00:00\" \/>\n<meta property=\"og:image\" content=\"https:\/\/www.cetys.mx\/noticias\/wp-content\/uploads\/2025\/12\/cover-jornada-de-prevencion-y-bienestar.png\" \/>\n\t<meta property=\"og:image:width\" content=\"958\" \/>\n\t<meta property=\"og:image:height\" content=\"637\" \/>\n\t<meta property=\"og:image:type\" content=\"image\/png\" \/>\n<meta name=\"author\" content=\"Campus Tijuana\" \/>\n<meta name=\"twitter:card\" content=\"summary_large_image\" \/>\n<meta name=\"twitter:creator\" content=\"@cetysuni\" \/>\n<meta name=\"twitter:site\" content=\"@cetysuni\" \/>\n<meta name=\"twitter:label1\" content=\"Escrito por\" \/>\n\t<meta name=\"twitter:data1\" content=\"Campus Tijuana\" \/>\n\t<meta name=\"twitter:label2\" content=\"Tiempo de lectura\" \/>\n\t<meta name=\"twitter:data2\" content=\"2 minutos\" \/>\n<script type=\"application\/ld+json\" class=\"yoast-schema-graph\">{\"@context\":\"https:\\\/\\\/schema.org\",\"@graph\":[{\"@type\":\"Article\",\"@id\":\"https:\\\/\\\/www.cetys.mx\\\/noticias\\\/estudiantes-de-psicologia-clinica-promueven-la-salud-mental-en-escuelas-publicas-de-tijuana\\\/#article\",\"isPartOf\":{\"@id\":\"https:\\\/\\\/www.cetys.mx\\\/noticias\\\/estudiantes-de-psicologia-clinica-promueven-la-salud-mental-en-escuelas-publicas-de-tijuana\\\/\"},\"author\":{\"name\":\"Campus Tijuana\",\"@id\":\"https:\\\/\\\/www.cetys.mx\\\/noticias\\\/#\\\/schema\\\/person\\\/e790051ce60e18ae47cfa87011c8653f\"},\"headline\":\"Estudiantes de Psicolog\u00eda Cl\u00ednica promueven la salud mental en escuelas p\u00fablicas de Tijuana\",\"datePublished\":\"2025-12-19T18:27:06+00:00\",\"mainEntityOfPage\":{\"@id\":\"https:\\\/\\\/www.cetys.mx\\\/noticias\\\/estudiantes-de-psicologia-clinica-promueven-la-salud-mental-en-escuelas-publicas-de-tijuana\\\/\"},\"wordCount\":433,\"commentCount\":0,\"image\":{\"@id\":\"https:\\\/\\\/www.cetys.mx\\\/noticias\\\/estudiantes-de-psicologia-clinica-promueven-la-salud-mental-en-escuelas-publicas-de-tijuana\\\/#primaryimage\"},\"thumbnailUrl\":\"https:\\\/\\\/www.cetys.mx\\\/noticias\\\/wp-content\\\/uploads\\\/2025\\\/12\\\/cover-jornada-de-prevencion-y-bienestar.png\",\"keywords\":[\"campustijuana\",\"PsicologiaClinica\",\"psicologiainfantil\",\"Psicolog\u00edaOrganizacional\"],\"articleSection\":[\"Campus Tijuana\",\"Profesional\"],\"inLanguage\":\"es\",\"potentialAction\":[{\"@type\":\"CommentAction\",\"name\":\"Comment\",\"target\":[\"https:\\\/\\\/www.cetys.mx\\\/noticias\\\/estudiantes-de-psicologia-clinica-promueven-la-salud-mental-en-escuelas-publicas-de-tijuana\\\/#respond\"]}]},{\"@type\":\"WebPage\",\"@id\":\"https:\\\/\\\/www.cetys.mx\\\/noticias\\\/estudiantes-de-psicologia-clinica-promueven-la-salud-mental-en-escuelas-publicas-de-tijuana\\\/\",\"url\":\"https:\\\/\\\/www.cetys.mx\\\/noticias\\\/estudiantes-de-psicologia-clinica-promueven-la-salud-mental-en-escuelas-publicas-de-tijuana\\\/\",\"name\":\"Estudiantes de Psicolog\u00eda Cl\u00ednica promueven la salud mental en escuelas p\u00fablicas de Tijuana - CETYS\",\"isPartOf\":{\"@id\":\"https:\\\/\\\/www.cetys.mx\\\/noticias\\\/#website\"},\"primaryImageOfPage\":{\"@id\":\"https:\\\/\\\/www.cetys.mx\\\/noticias\\\/estudiantes-de-psicologia-clinica-promueven-la-salud-mental-en-escuelas-publicas-de-tijuana\\\/#primaryimage\"},\"image\":{\"@id\":\"https:\\\/\\\/www.cetys.mx\\\/noticias\\\/estudiantes-de-psicologia-clinica-promueven-la-salud-mental-en-escuelas-publicas-de-tijuana\\\/#primaryimage\"},\"thumbnailUrl\":\"https:\\\/\\\/www.cetys.mx\\\/noticias\\\/wp-content\\\/uploads\\\/2025\\\/12\\\/cover-jornada-de-prevencion-y-bienestar.png\",\"datePublished\":\"2025-12-19T18:27:06+00:00\",\"author\":{\"@id\":\"https:\\\/\\\/www.cetys.mx\\\/noticias\\\/#\\\/schema\\\/person\\\/e790051ce60e18ae47cfa87011c8653f\"},\"description\":\"Articulo sobre Estudiantes de Psicolog\u00eda Cl\u00ednica promueven la salud mental en escuelas p\u00fablicas de Tijuana\",\"breadcrumb\":{\"@id\":\"https:\\\/\\\/www.cetys.mx\\\/noticias\\\/estudiantes-de-psicologia-clinica-promueven-la-salud-mental-en-escuelas-publicas-de-tijuana\\\/#breadcrumb\"},\"inLanguage\":\"es\",\"potentialAction\":[{\"@type\":\"ReadAction\",\"target\":[\"https:\\\/\\\/www.cetys.mx\\\/noticias\\\/estudiantes-de-psicologia-clinica-promueven-la-salud-mental-en-escuelas-publicas-de-tijuana\\\/\"]}]},{\"@type\":\"ImageObject\",\"inLanguage\":\"es\",\"@id\":\"https:\\\/\\\/www.cetys.mx\\\/noticias\\\/estudiantes-de-psicologia-clinica-promueven-la-salud-mental-en-escuelas-publicas-de-tijuana\\\/#primaryimage\",\"url\":\"https:\\\/\\\/www.cetys.mx\\\/noticias\\\/wp-content\\\/uploads\\\/2025\\\/12\\\/cover-jornada-de-prevencion-y-bienestar.png\",\"contentUrl\":\"https:\\\/\\\/www.cetys.mx\\\/noticias\\\/wp-content\\\/uploads\\\/2025\\\/12\\\/cover-jornada-de-prevencion-y-bienestar.png\",\"width\":958,\"height\":637},{\"@type\":\"BreadcrumbList\",\"@id\":\"https:\\\/\\\/www.cetys.mx\\\/noticias\\\/estudiantes-de-psicologia-clinica-promueven-la-salud-mental-en-escuelas-publicas-de-tijuana\\\/#breadcrumb\",\"itemListElement\":[{\"@type\":\"ListItem\",\"position\":1,\"name\":\"Inicio\",\"item\":\"https:\\\/\\\/www.cetys.mx\\\/noticias\\\/\"},{\"@type\":\"ListItem\",\"position\":2,\"name\":\"Estudiantes de Psicolog\u00eda Cl\u00ednica promueven la salud mental en escuelas p\u00fablicas de Tijuana\"}]},{\"@type\":\"WebSite\",\"@id\":\"https:\\\/\\\/www.cetys.mx\\\/noticias\\\/#website\",\"url\":\"https:\\\/\\\/www.cetys.mx\\\/noticias\\\/\",\"name\":\"CETYS\",\"description\":\"\",\"potentialAction\":[{\"@type\":\"SearchAction\",\"target\":{\"@type\":\"EntryPoint\",\"urlTemplate\":\"https:\\\/\\\/www.cetys.mx\\\/noticias\\\/?s={search_term_string}\"},\"query-input\":{\"@type\":\"PropertyValueSpecification\",\"valueRequired\":true,\"valueName\":\"search_term_string\"}}],\"inLanguage\":\"es\"},{\"@type\":\"Person\",\"@id\":\"https:\\\/\\\/www.cetys.mx\\\/noticias\\\/#\\\/schema\\\/person\\\/e790051ce60e18ae47cfa87011c8653f\",\"name\":\"Campus Tijuana\",\"url\":\"https:\\\/\\\/www.cetys.mx\\\/noticias\\\/author\\\/campustijuana\\\/\"}]}<\/script>\n<!-- \/ Yoast SEO plugin. -->","yoast_head_json":{"title":"Estudiantes de Psicolog\u00eda Cl\u00ednica promueven la salud mental en escuelas p\u00fablicas de Tijuana - CETYS","description":"Articulo sobre Estudiantes de Psicolog\u00eda Cl\u00ednica promueven la salud mental en escuelas p\u00fablicas de Tijuana","robots":{"index":"index","follow":"follow","max-snippet":"max-snippet:-1","max-image-preview":"max-image-preview:large","max-video-preview":"max-video-preview:-1"},"canonical":"https:\/\/www.cetys.mx\/noticias\/estudiantes-de-psicologia-clinica-promueven-la-salud-mental-en-escuelas-publicas-de-tijuana\/","og_locale":"es_MX","og_type":"article","og_title":"Estudiantes de Psicolog\u00eda Cl\u00ednica promueven la salud mental en escuelas p\u00fablicas de Tijuana - CETYS","og_description":"Articulo sobre Estudiantes de Psicolog\u00eda Cl\u00ednica promueven la salud mental en escuelas p\u00fablicas de Tijuana","og_url":"https:\/\/www.cetys.mx\/noticias\/estudiantes-de-psicologia-clinica-promueven-la-salud-mental-en-escuelas-publicas-de-tijuana\/","og_site_name":"CETYS","article_publisher":"https:\/\/www.facebook.com\/cetysuniversidadmxl\/","article_published_time":"2025-12-19T18:27:06+00:00","og_image":[{"width":958,"height":637,"url":"https:\/\/www.cetys.mx\/noticias\/wp-content\/uploads\/2025\/12\/cover-jornada-de-prevencion-y-bienestar.png","type":"image\/png"}],"author":"Campus Tijuana","twitter_card":"summary_large_image","twitter_creator":"@cetysuni","twitter_site":"@cetysuni","twitter_misc":{"Escrito por":"Campus Tijuana","Tiempo de lectura":"2 minutos"},"schema":{"@context":"https:\/\/schema.org","@graph":[{"@type":"Article","@id":"https:\/\/www.cetys.mx\/noticias\/estudiantes-de-psicologia-clinica-promueven-la-salud-mental-en-escuelas-publicas-de-tijuana\/#article","isPartOf":{"@id":"https:\/\/www.cetys.mx\/noticias\/estudiantes-de-psicologia-clinica-promueven-la-salud-mental-en-escuelas-publicas-de-tijuana\/"},"author":{"name":"Campus Tijuana","@id":"https:\/\/www.cetys.mx\/noticias\/#\/schema\/person\/e790051ce60e18ae47cfa87011c8653f"},"headline":"Estudiantes de Psicolog\u00eda Cl\u00ednica promueven la salud mental en escuelas p\u00fablicas de Tijuana","datePublished":"2025-12-19T18:27:06+00:00","mainEntityOfPage":{"@id":"https:\/\/www.cetys.mx\/noticias\/estudiantes-de-psicologia-clinica-promueven-la-salud-mental-en-escuelas-publicas-de-tijuana\/"},"wordCount":433,"commentCount":0,"image":{"@id":"https:\/\/www.cetys.mx\/noticias\/estudiantes-de-psicologia-clinica-promueven-la-salud-mental-en-escuelas-publicas-de-tijuana\/#primaryimage"},"thumbnailUrl":"https:\/\/www.cetys.mx\/noticias\/wp-content\/uploads\/2025\/12\/cover-jornada-de-prevencion-y-bienestar.png","keywords":["campustijuana","PsicologiaClinica","psicologiainfantil","Psicolog\u00edaOrganizacional"],"articleSection":["Campus Tijuana","Profesional"],"inLanguage":"es","potentialAction":[{"@type":"CommentAction","name":"Comment","target":["https:\/\/www.cetys.mx\/noticias\/estudiantes-de-psicologia-clinica-promueven-la-salud-mental-en-escuelas-publicas-de-tijuana\/#respond"]}]},{"@type":"WebPage","@id":"https:\/\/www.cetys.mx\/noticias\/estudiantes-de-psicologia-clinica-promueven-la-salud-mental-en-escuelas-publicas-de-tijuana\/","url":"https:\/\/www.cetys.mx\/noticias\/estudiantes-de-psicologia-clinica-promueven-la-salud-mental-en-escuelas-publicas-de-tijuana\/","name":"Estudiantes de Psicolog\u00eda Cl\u00ednica promueven la salud mental en escuelas p\u00fablicas de Tijuana - CETYS","isPartOf":{"@id":"https:\/\/www.cetys.mx\/noticias\/#website"},"primaryImageOfPage":{"@id":"https:\/\/www.cetys.mx\/noticias\/estudiantes-de-psicologia-clinica-promueven-la-salud-mental-en-escuelas-publicas-de-tijuana\/#primaryimage"},"image":{"@id":"https:\/\/www.cetys.mx\/noticias\/estudiantes-de-psicologia-clinica-promueven-la-salud-mental-en-escuelas-publicas-de-tijuana\/#primaryimage"},"thumbnailUrl":"https:\/\/www.cetys.mx\/noticias\/wp-content\/uploads\/2025\/12\/cover-jornada-de-prevencion-y-bienestar.png","datePublished":"2025-12-19T18:27:06+00:00","author":{"@id":"https:\/\/www.cetys.mx\/noticias\/#\/schema\/person\/e790051ce60e18ae47cfa87011c8653f"},"description":"Articulo sobre Estudiantes de Psicolog\u00eda Cl\u00ednica promueven la salud mental en escuelas p\u00fablicas de Tijuana","breadcrumb":{"@id":"https:\/\/www.cetys.mx\/noticias\/estudiantes-de-psicologia-clinica-promueven-la-salud-mental-en-escuelas-publicas-de-tijuana\/#breadcrumb"},"inLanguage":"es","potentialAction":[{"@type":"ReadAction","target":["https:\/\/www.cetys.mx\/noticias\/estudiantes-de-psicologia-clinica-promueven-la-salud-mental-en-escuelas-publicas-de-tijuana\/"]}]},{"@type":"ImageObject","inLanguage":"es","@id":"https:\/\/www.cetys.mx\/noticias\/estudiantes-de-psicologia-clinica-promueven-la-salud-mental-en-escuelas-publicas-de-tijuana\/#primaryimage","url":"https:\/\/www.cetys.mx\/noticias\/wp-content\/uploads\/2025\/12\/cover-jornada-de-prevencion-y-bienestar.png","contentUrl":"https:\/\/www.cetys.mx\/noticias\/wp-content\/uploads\/2025\/12\/cover-jornada-de-prevencion-y-bienestar.png","width":958,"height":637},{"@type":"BreadcrumbList","@id":"https:\/\/www.cetys.mx\/noticias\/estudiantes-de-psicologia-clinica-promueven-la-salud-mental-en-escuelas-publicas-de-tijuana\/#breadcrumb","itemListElement":[{"@type":"ListItem","position":1,"name":"Inicio","item":"https:\/\/www.cetys.mx\/noticias\/"},{"@type":"ListItem","position":2,"name":"Estudiantes de Psicolog\u00eda Cl\u00ednica promueven la salud mental en escuelas p\u00fablicas de Tijuana"}]},{"@type":"WebSite","@id":"https:\/\/www.cetys.mx\/noticias\/#website","url":"https:\/\/www.cetys.mx\/noticias\/","name":"CETYS","description":"","potentialAction":[{"@type":"SearchAction","target":{"@type":"EntryPoint","urlTemplate":"https:\/\/www.cetys.mx\/noticias\/?s={search_term_string}"},"query-input":{"@type":"PropertyValueSpecification","valueRequired":true,"valueName":"search_term_string"}}],"inLanguage":"es"},{"@type":"Person","@id":"https:\/\/www.cetys.mx\/noticias\/#\/schema\/person\/e790051ce60e18ae47cfa87011c8653f","name":"Campus Tijuana","url":"https:\/\/www.cetys.mx\/noticias\/author\/campustijuana\/"}]}},"_links":{"self":[{"href":"https:\/\/www.cetys.mx\/noticias\/wp-json\/wp\/v2\/posts\/218911","targetHints":{"allow":["GET"]}}],"collection":[{"href":"https:\/\/www.cetys.mx\/noticias\/wp-json\/wp\/v2\/posts"}],"about":[{"href":"https:\/\/www.cetys.mx\/noticias\/wp-json\/wp\/v2\/types\/post"}],"author":[{"embeddable":true,"href":"https:\/\/www.cetys.mx\/noticias\/wp-json\/wp\/v2\/users\/24"}],"replies":[{"embeddable":true,"href":"https:\/\/www.cetys.mx\/noticias\/wp-json\/wp\/v2\/comments?post=218911"}],"version-history":[{"count":1,"href":"https:\/\/www.cetys.mx\/noticias\/wp-json\/wp\/v2\/posts\/218911\/revisions"}],"predecessor-version":[{"id":218929,"href":"https:\/\/www.cetys.mx\/noticias\/wp-json\/wp\/v2\/posts\/218911\/revisions\/218929"}],"wp:featuredmedia":[{"embeddable":true,"href":"https:\/\/www.cetys.mx\/noticias\/wp-json\/wp\/v2\/media\/218936"}],"wp:attachment":[{"href":"https:\/\/www.cetys.mx\/noticias\/wp-json\/wp\/v2\/media?parent=218911"}],"wp:term":[{"taxonomy":"category","embeddable":true,"href":"https:\/\/www.cetys.mx\/noticias\/wp-json\/wp\/v2\/categories?post=218911"},{"taxonomy":"post_tag","embeddable":true,"href":"https:\/\/www.cetys.mx\/noticias\/wp-json\/wp\/v2\/tags?post=218911"}],"curies":[{"name":"wp","href":"https:\/\/api.w.org\/{rel}","templated":true}]}}