{"id":218862,"date":"2025-12-17T16:20:13","date_gmt":"2025-12-18T00:20:13","guid":{"rendered":"https:\/\/www.cetys.mx\/noticias\/?p=218862"},"modified":"2025-12-17T16:20:13","modified_gmt":"2025-12-18T00:20:13","slug":"fortalecen-liderazgo-de-gestores-academicos-en-cetys-tijuana","status":"publish","type":"post","link":"https:\/\/www.cetys.mx\/noticias\/fortalecen-liderazgo-de-gestores-academicos-en-cetys-tijuana\/","title":{"rendered":"Fortalecen liderazgo de gestores acad\u00e9micos en CETYS Tijuana"},"content":{"rendered":"<p data-start=\"334\" data-end=\"681\">Como parte de las iniciativas impulsadas por la <strong data-start=\"382\" data-end=\"405\">Direcci\u00f3n Acad\u00e9mica<\/strong>, en coordinaci\u00f3n con el \u00e1rea de <strong data-start=\"438\" data-end=\"481\">Desarrollo y Evaluaci\u00f3n del Profesorado<\/strong>, el pasado <strong data-start=\"493\" data-end=\"512\">10 de diciembre<\/strong> se llev\u00f3 a cabo el taller <em data-start=\"539\" data-end=\"589\">\u201cReimaginando nuestra gesti\u00f3n: reflexi\u00f3n\u2013acci\u00f3n\u201d<\/em>, dirigido a <strong data-start=\"602\" data-end=\"680\">directores y coordinadores acad\u00e9micos de CETYS Universidad, Campus Tijuana<\/strong>.<\/p>\n<p data-start=\"683\" data-end=\"911\">La actividad tuvo como objetivo <strong data-start=\"715\" data-end=\"758\">fortalecer las capacidades de liderazgo<\/strong> de quienes gestionan la academia y acompa\u00f1an el desarrollo del profesorado, promoviendo una pr\u00e1ctica alineada con el <strong data-start=\"876\" data-end=\"910\">modelo educativo institucional<\/strong>.<\/p>\n<p data-start=\"913\" data-end=\"1330\">En el taller participaron <strong data-start=\"939\" data-end=\"965\">44 gestores acad\u00e9micos<\/strong>, quienes, a trav\u00e9s de actividades colaborativas y din\u00e1micas de reflexi\u00f3n, analizaron su rol en el acompa\u00f1amiento docente, as\u00ed como las caracter\u00edsticas de una gesti\u00f3n acad\u00e9mica cercana, efectiva y formativa. El espacio permiti\u00f3 el <strong data-start=\"1196\" data-end=\"1227\">intercambio de experiencias<\/strong> y la <strong data-start=\"1233\" data-end=\"1272\">construcci\u00f3n colectiva de criterios<\/strong> orientados a la mejora continua de la pr\u00e1ctica educativa.<\/p>\n<p data-start=\"1332\" data-end=\"1601\">La sesi\u00f3n fue facilitada por la <strong data-start=\"1364\" data-end=\"1394\">Dra. Herzel Garc\u00eda M\u00e1rquez<\/strong>, especialista en consultor\u00eda en temas de <strong data-start=\"1436\" data-end=\"1457\">calidad acad\u00e9mica<\/strong>, quien guio a los participantes en un proceso de reflexi\u00f3n enfocado en la acci\u00f3n y la toma de decisiones con impacto en la comunidad educativa.<\/p>\n<div class=\"gallery-slider-wrapper gallery-1\">\n                        <div class=\"gallery-slider\" itemscope itemtype=\"http:\/\/schema.org\/ImageGallery\"><figure class=\"slide\" itemprop=\"associatedMedia\" itemscope itemtype=\"http:\/\/schema.org\/ImageObject\">\n                    <a itemprop=\"contentUrl\" href=\"https:\/\/www.cetys.mx\/noticias\/wp-content\/uploads\/2025\/12\/Liderazgo-gestores-acad\u00e9micos-en-CETYS-Tijuana.png\">\n                        <img decoding=\"async\" itemprop=\"thumbnail\" class=\"lazyOwl\" src=\"https:\/\/www.cetys.mx\/noticias\/wp-content\/plugins\/jmagz-plugin\/assets\/placeholder\/900x450.png\" data-src=\"https:\/\/www.cetys.mx\/noticias\/wp-content\/uploads\/2025\/12\/Liderazgo-gestores-acad\u00e9micos-en-CETYS-Tijuana.png\" alt=\"Liderazgo gestores acad\u00e9micos en CETYS Tijuana\">\n                    <\/a>\n                    <figcaption itemprop=\"caption description\" class=\"slide-caption\">\n                        \n                    <\/figcaption>\n                <\/figure><figure class=\"slide\" itemprop=\"associatedMedia\" itemscope itemtype=\"http:\/\/schema.org\/ImageObject\">\n                    <a itemprop=\"contentUrl\" href=\"https:\/\/www.cetys.mx\/noticias\/wp-content\/uploads\/2025\/12\/Liderazgo-gestores-acad\u00e9micos-en-CETYS-Tijuana-8.png\">\n                        <img decoding=\"async\" itemprop=\"thumbnail\" class=\"lazyOwl\" src=\"https:\/\/www.cetys.mx\/noticias\/wp-content\/plugins\/jmagz-plugin\/assets\/placeholder\/900x450.png\" data-src=\"https:\/\/www.cetys.mx\/noticias\/wp-content\/uploads\/2025\/12\/Liderazgo-gestores-acad\u00e9micos-en-CETYS-Tijuana-8.png\" alt=\"Liderazgo gestores acad\u00e9micos en CETYS Tijuana (8)\">\n                    <\/a>\n                    <figcaption itemprop=\"caption description\" class=\"slide-caption\">\n                        \n                    <\/figcaption>\n                <\/figure><figure class=\"slide\" itemprop=\"associatedMedia\" itemscope itemtype=\"http:\/\/schema.org\/ImageObject\">\n                    <a itemprop=\"contentUrl\" href=\"https:\/\/www.cetys.mx\/noticias\/wp-content\/uploads\/2025\/12\/Liderazgo-gestores-acad\u00e9micos-en-CETYS-Tijuana-7.png\">\n                        <img decoding=\"async\" itemprop=\"thumbnail\" class=\"lazyOwl\" src=\"https:\/\/www.cetys.mx\/noticias\/wp-content\/plugins\/jmagz-plugin\/assets\/placeholder\/900x450.png\" data-src=\"https:\/\/www.cetys.mx\/noticias\/wp-content\/uploads\/2025\/12\/Liderazgo-gestores-acad\u00e9micos-en-CETYS-Tijuana-7.png\" alt=\"Liderazgo gestores acad\u00e9micos en CETYS Tijuana (7)\">\n                    <\/a>\n                    <figcaption itemprop=\"caption description\" class=\"slide-caption\">\n                        \n                    <\/figcaption>\n                <\/figure><figure class=\"slide\" itemprop=\"associatedMedia\" itemscope itemtype=\"http:\/\/schema.org\/ImageObject\">\n                    <a itemprop=\"contentUrl\" href=\"https:\/\/www.cetys.mx\/noticias\/wp-content\/uploads\/2025\/12\/Liderazgo-gestores-acad\u00e9micos-en-CETYS-Tijuana-6.png\">\n                        <img decoding=\"async\" itemprop=\"thumbnail\" class=\"lazyOwl\" src=\"https:\/\/www.cetys.mx\/noticias\/wp-content\/plugins\/jmagz-plugin\/assets\/placeholder\/900x450.png\" data-src=\"https:\/\/www.cetys.mx\/noticias\/wp-content\/uploads\/2025\/12\/Liderazgo-gestores-acad\u00e9micos-en-CETYS-Tijuana-6.png\" alt=\"Liderazgo gestores acad\u00e9micos en CETYS Tijuana (6)\">\n                    <\/a>\n                    <figcaption itemprop=\"caption description\" class=\"slide-caption\">\n                        \n                    <\/figcaption>\n                <\/figure><figure class=\"slide\" itemprop=\"associatedMedia\" itemscope itemtype=\"http:\/\/schema.org\/ImageObject\">\n                    <a itemprop=\"contentUrl\" href=\"https:\/\/www.cetys.mx\/noticias\/wp-content\/uploads\/2025\/12\/Liderazgo-gestores-acad\u00e9micos-en-CETYS-Tijuana-5.png\">\n                        <img decoding=\"async\" itemprop=\"thumbnail\" class=\"lazyOwl\" src=\"https:\/\/www.cetys.mx\/noticias\/wp-content\/plugins\/jmagz-plugin\/assets\/placeholder\/900x450.png\" data-src=\"https:\/\/www.cetys.mx\/noticias\/wp-content\/uploads\/2025\/12\/Liderazgo-gestores-acad\u00e9micos-en-CETYS-Tijuana-5.png\" alt=\"Liderazgo gestores acad\u00e9micos en CETYS Tijuana (5)\">\n                    <\/a>\n                    <figcaption itemprop=\"caption description\" class=\"slide-caption\">\n                        \n                    <\/figcaption>\n                <\/figure><figure class=\"slide\" itemprop=\"associatedMedia\" itemscope itemtype=\"http:\/\/schema.org\/ImageObject\">\n                    <a itemprop=\"contentUrl\" href=\"https:\/\/www.cetys.mx\/noticias\/wp-content\/uploads\/2025\/12\/Liderazgo-gestores-acad\u00e9micos-en-CETYS-Tijuana-4.png\">\n                        <img decoding=\"async\" itemprop=\"thumbnail\" class=\"lazyOwl\" src=\"https:\/\/www.cetys.mx\/noticias\/wp-content\/plugins\/jmagz-plugin\/assets\/placeholder\/900x450.png\" data-src=\"https:\/\/www.cetys.mx\/noticias\/wp-content\/uploads\/2025\/12\/Liderazgo-gestores-acad\u00e9micos-en-CETYS-Tijuana-4.png\" alt=\"Liderazgo gestores acad\u00e9micos en CETYS Tijuana (4)\">\n                    <\/a>\n                    <figcaption itemprop=\"caption description\" class=\"slide-caption\">\n                        \n                    <\/figcaption>\n                <\/figure><figure class=\"slide\" itemprop=\"associatedMedia\" itemscope itemtype=\"http:\/\/schema.org\/ImageObject\">\n                    <a itemprop=\"contentUrl\" href=\"https:\/\/www.cetys.mx\/noticias\/wp-content\/uploads\/2025\/12\/Liderazgo-gestores-acad\u00e9micos-en-CETYS-Tijuana-3.png\">\n                        <img decoding=\"async\" itemprop=\"thumbnail\" class=\"lazyOwl\" src=\"https:\/\/www.cetys.mx\/noticias\/wp-content\/plugins\/jmagz-plugin\/assets\/placeholder\/900x450.png\" data-src=\"https:\/\/www.cetys.mx\/noticias\/wp-content\/uploads\/2025\/12\/Liderazgo-gestores-acad\u00e9micos-en-CETYS-Tijuana-3.png\" alt=\"Liderazgo gestores acad\u00e9micos en CETYS Tijuana (3)\">\n                    <\/a>\n                    <figcaption itemprop=\"caption description\" class=\"slide-caption\">\n                        \n                    <\/figcaption>\n                <\/figure><figure class=\"slide\" itemprop=\"associatedMedia\" itemscope itemtype=\"http:\/\/schema.org\/ImageObject\">\n                    <a itemprop=\"contentUrl\" href=\"https:\/\/www.cetys.mx\/noticias\/wp-content\/uploads\/2025\/12\/Liderazgo-gestores-acad\u00e9micos-en-CETYS-Tijuana-2.png\">\n                        <img decoding=\"async\" itemprop=\"thumbnail\" class=\"lazyOwl\" src=\"https:\/\/www.cetys.mx\/noticias\/wp-content\/plugins\/jmagz-plugin\/assets\/placeholder\/900x450.png\" data-src=\"https:\/\/www.cetys.mx\/noticias\/wp-content\/uploads\/2025\/12\/Liderazgo-gestores-acad\u00e9micos-en-CETYS-Tijuana-2.png\" alt=\"Liderazgo gestores acad\u00e9micos en CETYS Tijuana (2)\">\n                    <\/a>\n                    <figcaption itemprop=\"caption description\" class=\"slide-caption\">\n                        \n                    <\/figcaption>\n                <\/figure><\/div>\n                <div class=\"gallery-slider-thumbnail-wrapper\">\n                    <div class=\"gallery-slider-thumbnail\"><div class=\"slide-thumbnail\"><img decoding=\"async\" class=\"lazyOwl\" src=\"https:\/\/www.cetys.mx\/noticias\/wp-content\/plugins\/jmagz-plugin\/assets\/placeholder\/150x75.png\" data-src=\"https:\/\/www.cetys.mx\/noticias\/wp-content\/uploads\/2025\/12\/Liderazgo-gestores-acad\u00e9micos-en-CETYS-Tijuana.png\" alt=\"Liderazgo gestores acad\u00e9micos en CETYS Tijuana\"><\/div><div class=\"slide-thumbnail\"><img decoding=\"async\" class=\"lazyOwl\" src=\"https:\/\/www.cetys.mx\/noticias\/wp-content\/plugins\/jmagz-plugin\/assets\/placeholder\/150x75.png\" data-src=\"https:\/\/www.cetys.mx\/noticias\/wp-content\/uploads\/2025\/12\/Liderazgo-gestores-acad\u00e9micos-en-CETYS-Tijuana-8.png\" alt=\"Liderazgo gestores acad\u00e9micos en CETYS Tijuana (8)\"><\/div><div class=\"slide-thumbnail\"><img decoding=\"async\" class=\"lazyOwl\" src=\"https:\/\/www.cetys.mx\/noticias\/wp-content\/plugins\/jmagz-plugin\/assets\/placeholder\/150x75.png\" data-src=\"https:\/\/www.cetys.mx\/noticias\/wp-content\/uploads\/2025\/12\/Liderazgo-gestores-acad\u00e9micos-en-CETYS-Tijuana-7.png\" alt=\"Liderazgo gestores acad\u00e9micos en CETYS Tijuana (7)\"><\/div><div class=\"slide-thumbnail\"><img decoding=\"async\" class=\"lazyOwl\" src=\"https:\/\/www.cetys.mx\/noticias\/wp-content\/plugins\/jmagz-plugin\/assets\/placeholder\/150x75.png\" data-src=\"https:\/\/www.cetys.mx\/noticias\/wp-content\/uploads\/2025\/12\/Liderazgo-gestores-acad\u00e9micos-en-CETYS-Tijuana-6.png\" alt=\"Liderazgo gestores acad\u00e9micos en CETYS Tijuana (6)\"><\/div><div class=\"slide-thumbnail\"><img decoding=\"async\" class=\"lazyOwl\" src=\"https:\/\/www.cetys.mx\/noticias\/wp-content\/plugins\/jmagz-plugin\/assets\/placeholder\/150x75.png\" data-src=\"https:\/\/www.cetys.mx\/noticias\/wp-content\/uploads\/2025\/12\/Liderazgo-gestores-acad\u00e9micos-en-CETYS-Tijuana-5.png\" alt=\"Liderazgo gestores acad\u00e9micos en CETYS Tijuana (5)\"><\/div><div class=\"slide-thumbnail\"><img decoding=\"async\" class=\"lazyOwl\" src=\"https:\/\/www.cetys.mx\/noticias\/wp-content\/plugins\/jmagz-plugin\/assets\/placeholder\/150x75.png\" data-src=\"https:\/\/www.cetys.mx\/noticias\/wp-content\/uploads\/2025\/12\/Liderazgo-gestores-acad\u00e9micos-en-CETYS-Tijuana-4.png\" alt=\"Liderazgo gestores acad\u00e9micos en CETYS Tijuana (4)\"><\/div><div class=\"slide-thumbnail\"><img decoding=\"async\" class=\"lazyOwl\" src=\"https:\/\/www.cetys.mx\/noticias\/wp-content\/plugins\/jmagz-plugin\/assets\/placeholder\/150x75.png\" data-src=\"https:\/\/www.cetys.mx\/noticias\/wp-content\/uploads\/2025\/12\/Liderazgo-gestores-acad\u00e9micos-en-CETYS-Tijuana-3.png\" alt=\"Liderazgo gestores acad\u00e9micos en CETYS Tijuana (3)\"><\/div><div class=\"slide-thumbnail\"><img decoding=\"async\" class=\"lazyOwl\" src=\"https:\/\/www.cetys.mx\/noticias\/wp-content\/plugins\/jmagz-plugin\/assets\/placeholder\/150x75.png\" data-src=\"https:\/\/www.cetys.mx\/noticias\/wp-content\/uploads\/2025\/12\/Liderazgo-gestores-acad\u00e9micos-en-CETYS-Tijuana-2.png\" alt=\"Liderazgo gestores acad\u00e9micos en CETYS Tijuana (2)\"><\/div><\/div><\/div><\/div>\n<p data-start=\"1332\" data-end=\"1601\">Asimismo, la jornada incluy\u00f3 un espacio dedicado al <strong data-start=\"1655\" data-end=\"1689\">autocuidado f\u00edsico y emocional<\/strong>, reconociendo que el bienestar personal es un componente clave para ejercer una gesti\u00f3n acad\u00e9mica responsable y sostenible, en beneficio tanto del profesorado como del estudiantado.<\/p>\n<p data-start=\"1873\" data-end=\"2113\">Esta actividad forma parte de las <strong data-start=\"1907\" data-end=\"1935\">acciones institucionales<\/strong> que CETYS Universidad impulsa de manera permanente para <strong data-start=\"1992\" data-end=\"2029\">fortalecer el liderazgo acad\u00e9mico<\/strong>, elevar la <strong data-start=\"2041\" data-end=\"2062\">calidad educativa<\/strong> y consolidar una gesti\u00f3n centrada en las personas.<\/p>\n","protected":false},"excerpt":{"rendered":"<p>Como parte de las iniciativas impulsadas por la Direcci\u00f3n Acad\u00e9mica, en coordinaci\u00f3n con el \u00e1rea de Desarrollo y Evaluaci\u00f3n del Profesorado, el&#8230;<\/p>\n","protected":false},"author":24,"featured_media":218872,"comment_status":"open","ping_status":"closed","sticky":false,"template":"","format":"standard","meta":{"footnotes":""},"categories":[134,125,1710,313],"tags":[328,398],"class_list":["post-218862","post","type-post","status-publish","format-standard","has-post-thumbnail","hentry","category-campus-tijuana","category-portada","category-profesorado","category-vocetys-2","tag-campustijuana","tag-docentes"],"yoast_head":"<!-- This site is optimized with the Yoast SEO plugin v27.4 - https:\/\/yoast.com\/product\/yoast-seo-wordpress\/ -->\n<title>Fortalecen liderazgo de gestores acad\u00e9micos en CETYS Tijuana - CETYS<\/title>\n<meta name=\"description\" content=\"Articulo sobre Fortalecen liderazgo de gestores acad\u00e9micos en CETYS Tijuana\" \/>\n<meta name=\"robots\" content=\"index, follow, max-snippet:-1, max-image-preview:large, max-video-preview:-1\" \/>\n<link rel=\"canonical\" href=\"https:\/\/www.cetys.mx\/noticias\/fortalecen-liderazgo-de-gestores-academicos-en-cetys-tijuana\/\" \/>\n<meta property=\"og:locale\" content=\"es_MX\" \/>\n<meta property=\"og:type\" content=\"article\" \/>\n<meta property=\"og:title\" content=\"Fortalecen liderazgo de gestores acad\u00e9micos en CETYS Tijuana - CETYS\" \/>\n<meta property=\"og:description\" content=\"Articulo sobre Fortalecen liderazgo de gestores acad\u00e9micos en CETYS Tijuana\" \/>\n<meta property=\"og:url\" content=\"https:\/\/www.cetys.mx\/noticias\/fortalecen-liderazgo-de-gestores-academicos-en-cetys-tijuana\/\" \/>\n<meta property=\"og:site_name\" content=\"CETYS\" \/>\n<meta property=\"article:publisher\" content=\"https:\/\/www.facebook.com\/cetysuniversidadmxl\/\" \/>\n<meta property=\"article:published_time\" content=\"2025-12-18T00:20:13+00:00\" \/>\n<meta property=\"og:image\" content=\"https:\/\/www.cetys.mx\/noticias\/wp-content\/uploads\/2025\/12\/COVER-Liderazgo-gestores-acad\u00e9micos-en-CETYS-Tijuana.png\" \/>\n\t<meta property=\"og:image:width\" content=\"958\" \/>\n\t<meta property=\"og:image:height\" content=\"637\" \/>\n\t<meta property=\"og:image:type\" content=\"image\/png\" \/>\n<meta name=\"author\" content=\"Campus Tijuana\" \/>\n<meta name=\"twitter:card\" content=\"summary_large_image\" \/>\n<meta name=\"twitter:creator\" content=\"@cetysuni\" \/>\n<meta name=\"twitter:site\" content=\"@cetysuni\" \/>\n<meta name=\"twitter:label1\" content=\"Escrito por\" \/>\n\t<meta name=\"twitter:data1\" content=\"Campus Tijuana\" \/>\n\t<meta name=\"twitter:label2\" content=\"Tiempo de lectura\" \/>\n\t<meta name=\"twitter:data2\" content=\"1 minuto\" \/>\n<script type=\"application\/ld+json\" class=\"yoast-schema-graph\">{\"@context\":\"https:\\\/\\\/schema.org\",\"@graph\":[{\"@type\":\"Article\",\"@id\":\"https:\\\/\\\/www.cetys.mx\\\/noticias\\\/fortalecen-liderazgo-de-gestores-academicos-en-cetys-tijuana\\\/#article\",\"isPartOf\":{\"@id\":\"https:\\\/\\\/www.cetys.mx\\\/noticias\\\/fortalecen-liderazgo-de-gestores-academicos-en-cetys-tijuana\\\/\"},\"author\":{\"name\":\"Campus Tijuana\",\"@id\":\"https:\\\/\\\/www.cetys.mx\\\/noticias\\\/#\\\/schema\\\/person\\\/e790051ce60e18ae47cfa87011c8653f\"},\"headline\":\"Fortalecen liderazgo de gestores acad\u00e9micos en CETYS Tijuana\",\"datePublished\":\"2025-12-18T00:20:13+00:00\",\"mainEntityOfPage\":{\"@id\":\"https:\\\/\\\/www.cetys.mx\\\/noticias\\\/fortalecen-liderazgo-de-gestores-academicos-en-cetys-tijuana\\\/\"},\"wordCount\":294,\"commentCount\":0,\"image\":{\"@id\":\"https:\\\/\\\/www.cetys.mx\\\/noticias\\\/fortalecen-liderazgo-de-gestores-academicos-en-cetys-tijuana\\\/#primaryimage\"},\"thumbnailUrl\":\"https:\\\/\\\/www.cetys.mx\\\/noticias\\\/wp-content\\\/uploads\\\/2025\\\/12\\\/COVER-Liderazgo-gestores-acad\u00e9micos-en-CETYS-Tijuana.png\",\"keywords\":[\"campustijuana\",\"Docentes\"],\"articleSection\":[\"Campus Tijuana\",\"Portada\",\"Profesorado\",\"VoCETYS\"],\"inLanguage\":\"es\",\"potentialAction\":[{\"@type\":\"CommentAction\",\"name\":\"Comment\",\"target\":[\"https:\\\/\\\/www.cetys.mx\\\/noticias\\\/fortalecen-liderazgo-de-gestores-academicos-en-cetys-tijuana\\\/#respond\"]}]},{\"@type\":\"WebPage\",\"@id\":\"https:\\\/\\\/www.cetys.mx\\\/noticias\\\/fortalecen-liderazgo-de-gestores-academicos-en-cetys-tijuana\\\/\",\"url\":\"https:\\\/\\\/www.cetys.mx\\\/noticias\\\/fortalecen-liderazgo-de-gestores-academicos-en-cetys-tijuana\\\/\",\"name\":\"Fortalecen liderazgo de gestores acad\u00e9micos en CETYS Tijuana - CETYS\",\"isPartOf\":{\"@id\":\"https:\\\/\\\/www.cetys.mx\\\/noticias\\\/#website\"},\"primaryImageOfPage\":{\"@id\":\"https:\\\/\\\/www.cetys.mx\\\/noticias\\\/fortalecen-liderazgo-de-gestores-academicos-en-cetys-tijuana\\\/#primaryimage\"},\"image\":{\"@id\":\"https:\\\/\\\/www.cetys.mx\\\/noticias\\\/fortalecen-liderazgo-de-gestores-academicos-en-cetys-tijuana\\\/#primaryimage\"},\"thumbnailUrl\":\"https:\\\/\\\/www.cetys.mx\\\/noticias\\\/wp-content\\\/uploads\\\/2025\\\/12\\\/COVER-Liderazgo-gestores-acad\u00e9micos-en-CETYS-Tijuana.png\",\"datePublished\":\"2025-12-18T00:20:13+00:00\",\"author\":{\"@id\":\"https:\\\/\\\/www.cetys.mx\\\/noticias\\\/#\\\/schema\\\/person\\\/e790051ce60e18ae47cfa87011c8653f\"},\"description\":\"Articulo sobre Fortalecen liderazgo de gestores acad\u00e9micos en CETYS Tijuana\",\"breadcrumb\":{\"@id\":\"https:\\\/\\\/www.cetys.mx\\\/noticias\\\/fortalecen-liderazgo-de-gestores-academicos-en-cetys-tijuana\\\/#breadcrumb\"},\"inLanguage\":\"es\",\"potentialAction\":[{\"@type\":\"ReadAction\",\"target\":[\"https:\\\/\\\/www.cetys.mx\\\/noticias\\\/fortalecen-liderazgo-de-gestores-academicos-en-cetys-tijuana\\\/\"]}]},{\"@type\":\"ImageObject\",\"inLanguage\":\"es\",\"@id\":\"https:\\\/\\\/www.cetys.mx\\\/noticias\\\/fortalecen-liderazgo-de-gestores-academicos-en-cetys-tijuana\\\/#primaryimage\",\"url\":\"https:\\\/\\\/www.cetys.mx\\\/noticias\\\/wp-content\\\/uploads\\\/2025\\\/12\\\/COVER-Liderazgo-gestores-acad\u00e9micos-en-CETYS-Tijuana.png\",\"contentUrl\":\"https:\\\/\\\/www.cetys.mx\\\/noticias\\\/wp-content\\\/uploads\\\/2025\\\/12\\\/COVER-Liderazgo-gestores-acad\u00e9micos-en-CETYS-Tijuana.png\",\"width\":958,\"height\":637},{\"@type\":\"BreadcrumbList\",\"@id\":\"https:\\\/\\\/www.cetys.mx\\\/noticias\\\/fortalecen-liderazgo-de-gestores-academicos-en-cetys-tijuana\\\/#breadcrumb\",\"itemListElement\":[{\"@type\":\"ListItem\",\"position\":1,\"name\":\"Inicio\",\"item\":\"https:\\\/\\\/www.cetys.mx\\\/noticias\\\/\"},{\"@type\":\"ListItem\",\"position\":2,\"name\":\"Fortalecen liderazgo de gestores acad\u00e9micos en CETYS Tijuana\"}]},{\"@type\":\"WebSite\",\"@id\":\"https:\\\/\\\/www.cetys.mx\\\/noticias\\\/#website\",\"url\":\"https:\\\/\\\/www.cetys.mx\\\/noticias\\\/\",\"name\":\"CETYS\",\"description\":\"\",\"potentialAction\":[{\"@type\":\"SearchAction\",\"target\":{\"@type\":\"EntryPoint\",\"urlTemplate\":\"https:\\\/\\\/www.cetys.mx\\\/noticias\\\/?s={search_term_string}\"},\"query-input\":{\"@type\":\"PropertyValueSpecification\",\"valueRequired\":true,\"valueName\":\"search_term_string\"}}],\"inLanguage\":\"es\"},{\"@type\":\"Person\",\"@id\":\"https:\\\/\\\/www.cetys.mx\\\/noticias\\\/#\\\/schema\\\/person\\\/e790051ce60e18ae47cfa87011c8653f\",\"name\":\"Campus Tijuana\",\"url\":\"https:\\\/\\\/www.cetys.mx\\\/noticias\\\/author\\\/campustijuana\\\/\"}]}<\/script>\n<!-- \/ Yoast SEO plugin. -->","yoast_head_json":{"title":"Fortalecen liderazgo de gestores acad\u00e9micos en CETYS Tijuana - CETYS","description":"Articulo sobre Fortalecen liderazgo de gestores acad\u00e9micos en CETYS Tijuana","robots":{"index":"index","follow":"follow","max-snippet":"max-snippet:-1","max-image-preview":"max-image-preview:large","max-video-preview":"max-video-preview:-1"},"canonical":"https:\/\/www.cetys.mx\/noticias\/fortalecen-liderazgo-de-gestores-academicos-en-cetys-tijuana\/","og_locale":"es_MX","og_type":"article","og_title":"Fortalecen liderazgo de gestores acad\u00e9micos en CETYS Tijuana - CETYS","og_description":"Articulo sobre Fortalecen liderazgo de gestores acad\u00e9micos en CETYS Tijuana","og_url":"https:\/\/www.cetys.mx\/noticias\/fortalecen-liderazgo-de-gestores-academicos-en-cetys-tijuana\/","og_site_name":"CETYS","article_publisher":"https:\/\/www.facebook.com\/cetysuniversidadmxl\/","article_published_time":"2025-12-18T00:20:13+00:00","og_image":[{"width":958,"height":637,"url":"https:\/\/www.cetys.mx\/noticias\/wp-content\/uploads\/2025\/12\/COVER-Liderazgo-gestores-acad\u00e9micos-en-CETYS-Tijuana.png","type":"image\/png"}],"author":"Campus Tijuana","twitter_card":"summary_large_image","twitter_creator":"@cetysuni","twitter_site":"@cetysuni","twitter_misc":{"Escrito por":"Campus Tijuana","Tiempo de lectura":"1 minuto"},"schema":{"@context":"https:\/\/schema.org","@graph":[{"@type":"Article","@id":"https:\/\/www.cetys.mx\/noticias\/fortalecen-liderazgo-de-gestores-academicos-en-cetys-tijuana\/#article","isPartOf":{"@id":"https:\/\/www.cetys.mx\/noticias\/fortalecen-liderazgo-de-gestores-academicos-en-cetys-tijuana\/"},"author":{"name":"Campus Tijuana","@id":"https:\/\/www.cetys.mx\/noticias\/#\/schema\/person\/e790051ce60e18ae47cfa87011c8653f"},"headline":"Fortalecen liderazgo de gestores acad\u00e9micos en CETYS Tijuana","datePublished":"2025-12-18T00:20:13+00:00","mainEntityOfPage":{"@id":"https:\/\/www.cetys.mx\/noticias\/fortalecen-liderazgo-de-gestores-academicos-en-cetys-tijuana\/"},"wordCount":294,"commentCount":0,"image":{"@id":"https:\/\/www.cetys.mx\/noticias\/fortalecen-liderazgo-de-gestores-academicos-en-cetys-tijuana\/#primaryimage"},"thumbnailUrl":"https:\/\/www.cetys.mx\/noticias\/wp-content\/uploads\/2025\/12\/COVER-Liderazgo-gestores-acad\u00e9micos-en-CETYS-Tijuana.png","keywords":["campustijuana","Docentes"],"articleSection":["Campus Tijuana","Portada","Profesorado","VoCETYS"],"inLanguage":"es","potentialAction":[{"@type":"CommentAction","name":"Comment","target":["https:\/\/www.cetys.mx\/noticias\/fortalecen-liderazgo-de-gestores-academicos-en-cetys-tijuana\/#respond"]}]},{"@type":"WebPage","@id":"https:\/\/www.cetys.mx\/noticias\/fortalecen-liderazgo-de-gestores-academicos-en-cetys-tijuana\/","url":"https:\/\/www.cetys.mx\/noticias\/fortalecen-liderazgo-de-gestores-academicos-en-cetys-tijuana\/","name":"Fortalecen liderazgo de gestores acad\u00e9micos en CETYS Tijuana - CETYS","isPartOf":{"@id":"https:\/\/www.cetys.mx\/noticias\/#website"},"primaryImageOfPage":{"@id":"https:\/\/www.cetys.mx\/noticias\/fortalecen-liderazgo-de-gestores-academicos-en-cetys-tijuana\/#primaryimage"},"image":{"@id":"https:\/\/www.cetys.mx\/noticias\/fortalecen-liderazgo-de-gestores-academicos-en-cetys-tijuana\/#primaryimage"},"thumbnailUrl":"https:\/\/www.cetys.mx\/noticias\/wp-content\/uploads\/2025\/12\/COVER-Liderazgo-gestores-acad\u00e9micos-en-CETYS-Tijuana.png","datePublished":"2025-12-18T00:20:13+00:00","author":{"@id":"https:\/\/www.cetys.mx\/noticias\/#\/schema\/person\/e790051ce60e18ae47cfa87011c8653f"},"description":"Articulo sobre Fortalecen liderazgo de gestores acad\u00e9micos en CETYS Tijuana","breadcrumb":{"@id":"https:\/\/www.cetys.mx\/noticias\/fortalecen-liderazgo-de-gestores-academicos-en-cetys-tijuana\/#breadcrumb"},"inLanguage":"es","potentialAction":[{"@type":"ReadAction","target":["https:\/\/www.cetys.mx\/noticias\/fortalecen-liderazgo-de-gestores-academicos-en-cetys-tijuana\/"]}]},{"@type":"ImageObject","inLanguage":"es","@id":"https:\/\/www.cetys.mx\/noticias\/fortalecen-liderazgo-de-gestores-academicos-en-cetys-tijuana\/#primaryimage","url":"https:\/\/www.cetys.mx\/noticias\/wp-content\/uploads\/2025\/12\/COVER-Liderazgo-gestores-acad\u00e9micos-en-CETYS-Tijuana.png","contentUrl":"https:\/\/www.cetys.mx\/noticias\/wp-content\/uploads\/2025\/12\/COVER-Liderazgo-gestores-acad\u00e9micos-en-CETYS-Tijuana.png","width":958,"height":637},{"@type":"BreadcrumbList","@id":"https:\/\/www.cetys.mx\/noticias\/fortalecen-liderazgo-de-gestores-academicos-en-cetys-tijuana\/#breadcrumb","itemListElement":[{"@type":"ListItem","position":1,"name":"Inicio","item":"https:\/\/www.cetys.mx\/noticias\/"},{"@type":"ListItem","position":2,"name":"Fortalecen liderazgo de gestores acad\u00e9micos en CETYS Tijuana"}]},{"@type":"WebSite","@id":"https:\/\/www.cetys.mx\/noticias\/#website","url":"https:\/\/www.cetys.mx\/noticias\/","name":"CETYS","description":"","potentialAction":[{"@type":"SearchAction","target":{"@type":"EntryPoint","urlTemplate":"https:\/\/www.cetys.mx\/noticias\/?s={search_term_string}"},"query-input":{"@type":"PropertyValueSpecification","valueRequired":true,"valueName":"search_term_string"}}],"inLanguage":"es"},{"@type":"Person","@id":"https:\/\/www.cetys.mx\/noticias\/#\/schema\/person\/e790051ce60e18ae47cfa87011c8653f","name":"Campus Tijuana","url":"https:\/\/www.cetys.mx\/noticias\/author\/campustijuana\/"}]}},"_links":{"self":[{"href":"https:\/\/www.cetys.mx\/noticias\/wp-json\/wp\/v2\/posts\/218862","targetHints":{"allow":["GET"]}}],"collection":[{"href":"https:\/\/www.cetys.mx\/noticias\/wp-json\/wp\/v2\/posts"}],"about":[{"href":"https:\/\/www.cetys.mx\/noticias\/wp-json\/wp\/v2\/types\/post"}],"author":[{"embeddable":true,"href":"https:\/\/www.cetys.mx\/noticias\/wp-json\/wp\/v2\/users\/24"}],"replies":[{"embeddable":true,"href":"https:\/\/www.cetys.mx\/noticias\/wp-json\/wp\/v2\/comments?post=218862"}],"version-history":[{"count":1,"href":"https:\/\/www.cetys.mx\/noticias\/wp-json\/wp\/v2\/posts\/218862\/revisions"}],"predecessor-version":[{"id":218873,"href":"https:\/\/www.cetys.mx\/noticias\/wp-json\/wp\/v2\/posts\/218862\/revisions\/218873"}],"wp:featuredmedia":[{"embeddable":true,"href":"https:\/\/www.cetys.mx\/noticias\/wp-json\/wp\/v2\/media\/218872"}],"wp:attachment":[{"href":"https:\/\/www.cetys.mx\/noticias\/wp-json\/wp\/v2\/media?parent=218862"}],"wp:term":[{"taxonomy":"category","embeddable":true,"href":"https:\/\/www.cetys.mx\/noticias\/wp-json\/wp\/v2\/categories?post=218862"},{"taxonomy":"post_tag","embeddable":true,"href":"https:\/\/www.cetys.mx\/noticias\/wp-json\/wp\/v2\/tags?post=218862"}],"curies":[{"name":"wp","href":"https:\/\/api.w.org\/{rel}","templated":true}]}}