{"id":218469,"date":"2025-12-02T19:13:00","date_gmt":"2025-12-03T03:13:00","guid":{"rendered":"https:\/\/www.cetys.mx\/noticias\/?p=218469"},"modified":"2025-12-02T19:13:00","modified_gmt":"2025-12-03T03:13:00","slug":"investigadoras-del-instituto-innsignia-participan-en-1er-congreso-internacional-de-economia-feminista","status":"publish","type":"post","link":"https:\/\/www.cetys.mx\/noticias\/investigadoras-del-instituto-innsignia-participan-en-1er-congreso-internacional-de-economia-feminista\/","title":{"rendered":"Investigadoras del Instituto INNSIGNIA participan en 1er Congreso Internacional de Econom\u00eda Feminista"},"content":{"rendered":"<p>A finales de este a\u00f1o se llev\u00f3 a cabo el <strong>1er Congreso Internacional de Econom\u00eda Feminista: Desaf\u00edos y Propuestas para una Sociedad Igualitaria<\/strong>, en la <em>Universidad Autonoma de Coahuila<\/em>, en Saltillo, y cuyo objetivo fue fortalecer redes de colaboraci\u00f3n internacional, analizar desaf\u00edos, promover el intercambio de ideas y proponer soluciones para transformar las estructuras econ\u00f3micas y sociales que perpet\u00faan la desigualdad de g\u00e9nero y lograr una econom\u00eda y una sociedad m\u00e1s justas e igualitarias.<\/p>\n<p><span style=\"font-weight: 400;\">Como parte de la agenda del congreso, la <strong>Dra.Ingrid Kuri Alonso<\/strong>, <em>Investigadora del Instituto INNSIGNIA y Profesora del Colegio de Ciencias Sociales y Humanidades de CETYS Universidad<\/em>, particip\u00f3 como panelista en la Mesa de di\u00e1logo<em> \u201cDesigualdad de g\u00e9nero, innovaci\u00f3n y sostenibilidad: miradas feministas al futuro del trabajo\u201d<\/em>, espacio que comparti\u00f3 con investigadoras de Argentina, Espa\u00f1a y Uruguay. Asimismo, la <strong>Dra. Kuri<\/strong>, en coautor\u00eda con el investigador tambi\u00e9n de CETYS, el D<strong>r. Alfredo Valadez Garc\u00eda<\/strong>, present\u00f3 la ponencia\u00a0 \u201cE<em>voluci\u00f3n de la brecha salarial de g\u00e9nero en la frontera norte de M\u00e9xico, 2019\u20132023\u201d<\/em> esto como parte de la Mesa \u201c<em>Segregaci\u00f3n y brechas de g\u00e9nero\u201d<\/em><\/span><\/p>\n<p><span style=\"font-weight: 400;\">Sobre el congreso, la <strong>Dra. Kuri<\/strong> enfatiz\u00f3 que este representa una respuesta a la necesidad de consolidar el conocimiento cient\u00edfico y las experiencias sobre econom\u00eda feminista a nivel global, y a\u00f1adi\u00f3:<\/span><\/p>\n<blockquote><p><span style=\"font-weight: 400;\">\u201cEl aprovechar este tipo de espacios refuerza el compromiso del Instituto INNSIGNIA, con la generaci\u00f3n de conocimiento y propuestas que impulsen pol\u00edticas p\u00fablicas y pr\u00e1cticas econ\u00f3micas orientadas a la equidad de g\u00e9nero.<\/span><\/p><\/blockquote>\n<div id=\"attachment_218471\" style=\"width: 660px\" class=\"wp-caption aligncenter\"><img loading=\"lazy\" decoding=\"async\" aria-describedby=\"caption-attachment-218471\" class=\"wp-image-218471\" src=\"https:\/\/www.cetys.mx\/noticias\/wp-content\/uploads\/2025\/12\/investigadoras-CETYS-Congreso-Feminista-01.png\" alt=\"\" width=\"650\" height=\"432\" srcset=\"https:\/\/www.cetys.mx\/noticias\/wp-content\/uploads\/2025\/12\/investigadoras-CETYS-Congreso-Feminista-01.png 958w, https:\/\/www.cetys.mx\/noticias\/wp-content\/uploads\/2025\/12\/investigadoras-CETYS-Congreso-Feminista-01-768x511.png 768w\" sizes=\"auto, (max-width: 650px) 100vw, 650px\" \/><p id=\"caption-attachment-218471\" class=\"wp-caption-text\">La Dra. Sylvia Perez y la Dra. Diana Woolfolk participaron en el primer Congreso Feminista de forma virtual<\/p><\/div>\n<p><span style=\"font-weight: 400;\">Por su parte, las <strong>Doctoras Sylvia P\u00e9rez y Diana Woolfolk<\/strong>, ambas <em>Investigadoras del Instituto INNSIGNIA y profesoras del Colegio de Administraci\u00f3n y Negocios del Colegio de Administraci\u00f3n y Negocios del Sistema CETYS<\/em>, presentaron en coautor\u00eda con el <strong>Profesor Ra\u00fal Mart\u00ednez<\/strong>, la ponencia titulada <em>\u201cFactores que permiten impulsar la intenci\u00f3n de emprendimiento femenino en las j\u00f3venes universitarias\u201d.<\/em> El estudio evidencia que las mujeres j\u00f3venes en M\u00e9xico tienden a emprender motivadas por la necesidad econ\u00f3mica, la b\u00fasqueda de independencia y la autorrealizaci\u00f3n, m\u00e1s que por una vocaci\u00f3n empresarial definida, y durante su trayecto, enfrentan limitaciones estructurales como el acceso a financiamiento, la burocracia institucional y la inestabilidad del mercado, factores que condicionan la sostenibilidad de sus proyectos.<\/span><\/p>\n<p><span style=\"font-weight: 400;\">Con este tipo de participaciones los acad\u00e9micos de CETYS Universidad contribuyen al debate sobre los retos y oportunidades para avanzar hacia una econom\u00eda m\u00e1s equitativa e inclusiva. <\/span><\/p>\n","protected":false},"excerpt":{"rendered":"<p>A finales de este a\u00f1o se llev\u00f3 a cabo el 1er Congreso Internacional de Econom\u00eda Feminista: Desaf\u00edos y Propuestas para una Sociedad&#8230;<\/p>\n","protected":false},"author":24,"featured_media":218470,"comment_status":"open","ping_status":"closed","sticky":false,"template":"","format":"standard","meta":{"footnotes":""},"categories":[209],"tags":[7326,328,247,396,1232,2202,6477],"class_list":["post-218469","post","type-post","status-publish","format-standard","has-post-thumbnail","hentry","category-institucional","tag-administtraciondeempresas","tag-campustijuana","tag-derecho","tag-ensenada","tag-humanidades","tag-innsignia","tag-negociosinternacionales"],"yoast_head":"<!-- This site is optimized with the Yoast SEO plugin v27.4 - https:\/\/yoast.com\/product\/yoast-seo-wordpress\/ -->\n<title>Investigadoras del Instituto INNSIGNIA participan en 1er Congreso Internacional de Econom\u00eda Feminista - CETYS<\/title>\n<meta name=\"description\" content=\"Articulo sobre Investigadoras del Instituto INNSIGNIA participan en 1er Congreso Internacional de Econom\u00eda Feminista\" \/>\n<meta name=\"robots\" content=\"index, follow, max-snippet:-1, max-image-preview:large, max-video-preview:-1\" \/>\n<link rel=\"canonical\" href=\"https:\/\/www.cetys.mx\/noticias\/investigadoras-del-instituto-innsignia-participan-en-1er-congreso-internacional-de-economia-feminista\/\" \/>\n<meta property=\"og:locale\" content=\"es_MX\" \/>\n<meta property=\"og:type\" content=\"article\" \/>\n<meta property=\"og:title\" content=\"Investigadoras del Instituto INNSIGNIA participan en 1er Congreso Internacional de Econom\u00eda Feminista - CETYS\" \/>\n<meta property=\"og:description\" content=\"Articulo sobre Investigadoras del Instituto INNSIGNIA participan en 1er Congreso Internacional de Econom\u00eda Feminista\" \/>\n<meta property=\"og:url\" content=\"https:\/\/www.cetys.mx\/noticias\/investigadoras-del-instituto-innsignia-participan-en-1er-congreso-internacional-de-economia-feminista\/\" \/>\n<meta property=\"og:site_name\" content=\"CETYS\" \/>\n<meta property=\"article:publisher\" content=\"https:\/\/www.facebook.com\/cetysuniversidadmxl\/\" \/>\n<meta property=\"article:published_time\" content=\"2025-12-03T03:13:00+00:00\" \/>\n<meta property=\"og:image\" content=\"https:\/\/www.cetys.mx\/noticias\/wp-content\/uploads\/2025\/12\/investigadoras-CETYS-Congreso-Feminista.png\" \/>\n\t<meta property=\"og:image:width\" content=\"958\" \/>\n\t<meta property=\"og:image:height\" content=\"637\" \/>\n\t<meta property=\"og:image:type\" content=\"image\/png\" \/>\n<meta name=\"author\" content=\"Campus Tijuana\" \/>\n<meta name=\"twitter:card\" content=\"summary_large_image\" \/>\n<meta name=\"twitter:creator\" content=\"@cetysuni\" \/>\n<meta name=\"twitter:site\" content=\"@cetysuni\" \/>\n<meta name=\"twitter:label1\" content=\"Escrito por\" \/>\n\t<meta name=\"twitter:data1\" content=\"Campus Tijuana\" \/>\n\t<meta name=\"twitter:label2\" content=\"Tiempo de lectura\" \/>\n\t<meta name=\"twitter:data2\" content=\"2 minutos\" \/>\n<script type=\"application\/ld+json\" class=\"yoast-schema-graph\">{\"@context\":\"https:\\\/\\\/schema.org\",\"@graph\":[{\"@type\":\"Article\",\"@id\":\"https:\\\/\\\/www.cetys.mx\\\/noticias\\\/investigadoras-del-instituto-innsignia-participan-en-1er-congreso-internacional-de-economia-feminista\\\/#article\",\"isPartOf\":{\"@id\":\"https:\\\/\\\/www.cetys.mx\\\/noticias\\\/investigadoras-del-instituto-innsignia-participan-en-1er-congreso-internacional-de-economia-feminista\\\/\"},\"author\":{\"name\":\"Campus Tijuana\",\"@id\":\"https:\\\/\\\/www.cetys.mx\\\/noticias\\\/#\\\/schema\\\/person\\\/e790051ce60e18ae47cfa87011c8653f\"},\"headline\":\"Investigadoras del Instituto INNSIGNIA participan en 1er Congreso Internacional de Econom\u00eda Feminista\",\"datePublished\":\"2025-12-03T03:13:00+00:00\",\"mainEntityOfPage\":{\"@id\":\"https:\\\/\\\/www.cetys.mx\\\/noticias\\\/investigadoras-del-instituto-innsignia-participan-en-1er-congreso-internacional-de-economia-feminista\\\/\"},\"wordCount\":468,\"commentCount\":0,\"image\":{\"@id\":\"https:\\\/\\\/www.cetys.mx\\\/noticias\\\/investigadoras-del-instituto-innsignia-participan-en-1er-congreso-internacional-de-economia-feminista\\\/#primaryimage\"},\"thumbnailUrl\":\"https:\\\/\\\/www.cetys.mx\\\/noticias\\\/wp-content\\\/uploads\\\/2025\\\/12\\\/investigadoras-CETYS-Congreso-Feminista.png\",\"keywords\":[\"AdministtraciondeEmpresas\",\"campustijuana\",\"Derecho\",\"ensenada\",\"humanidades\",\"INNSIGNIA\",\"NegociosInternacionales\"],\"articleSection\":[\"Institucional\"],\"inLanguage\":\"es\",\"potentialAction\":[{\"@type\":\"CommentAction\",\"name\":\"Comment\",\"target\":[\"https:\\\/\\\/www.cetys.mx\\\/noticias\\\/investigadoras-del-instituto-innsignia-participan-en-1er-congreso-internacional-de-economia-feminista\\\/#respond\"]}]},{\"@type\":\"WebPage\",\"@id\":\"https:\\\/\\\/www.cetys.mx\\\/noticias\\\/investigadoras-del-instituto-innsignia-participan-en-1er-congreso-internacional-de-economia-feminista\\\/\",\"url\":\"https:\\\/\\\/www.cetys.mx\\\/noticias\\\/investigadoras-del-instituto-innsignia-participan-en-1er-congreso-internacional-de-economia-feminista\\\/\",\"name\":\"Investigadoras del Instituto INNSIGNIA participan en 1er Congreso Internacional de Econom\u00eda Feminista - CETYS\",\"isPartOf\":{\"@id\":\"https:\\\/\\\/www.cetys.mx\\\/noticias\\\/#website\"},\"primaryImageOfPage\":{\"@id\":\"https:\\\/\\\/www.cetys.mx\\\/noticias\\\/investigadoras-del-instituto-innsignia-participan-en-1er-congreso-internacional-de-economia-feminista\\\/#primaryimage\"},\"image\":{\"@id\":\"https:\\\/\\\/www.cetys.mx\\\/noticias\\\/investigadoras-del-instituto-innsignia-participan-en-1er-congreso-internacional-de-economia-feminista\\\/#primaryimage\"},\"thumbnailUrl\":\"https:\\\/\\\/www.cetys.mx\\\/noticias\\\/wp-content\\\/uploads\\\/2025\\\/12\\\/investigadoras-CETYS-Congreso-Feminista.png\",\"datePublished\":\"2025-12-03T03:13:00+00:00\",\"author\":{\"@id\":\"https:\\\/\\\/www.cetys.mx\\\/noticias\\\/#\\\/schema\\\/person\\\/e790051ce60e18ae47cfa87011c8653f\"},\"description\":\"Articulo sobre Investigadoras del Instituto INNSIGNIA participan en 1er Congreso Internacional de Econom\u00eda Feminista\",\"breadcrumb\":{\"@id\":\"https:\\\/\\\/www.cetys.mx\\\/noticias\\\/investigadoras-del-instituto-innsignia-participan-en-1er-congreso-internacional-de-economia-feminista\\\/#breadcrumb\"},\"inLanguage\":\"es\",\"potentialAction\":[{\"@type\":\"ReadAction\",\"target\":[\"https:\\\/\\\/www.cetys.mx\\\/noticias\\\/investigadoras-del-instituto-innsignia-participan-en-1er-congreso-internacional-de-economia-feminista\\\/\"]}]},{\"@type\":\"ImageObject\",\"inLanguage\":\"es\",\"@id\":\"https:\\\/\\\/www.cetys.mx\\\/noticias\\\/investigadoras-del-instituto-innsignia-participan-en-1er-congreso-internacional-de-economia-feminista\\\/#primaryimage\",\"url\":\"https:\\\/\\\/www.cetys.mx\\\/noticias\\\/wp-content\\\/uploads\\\/2025\\\/12\\\/investigadoras-CETYS-Congreso-Feminista.png\",\"contentUrl\":\"https:\\\/\\\/www.cetys.mx\\\/noticias\\\/wp-content\\\/uploads\\\/2025\\\/12\\\/investigadoras-CETYS-Congreso-Feminista.png\",\"width\":958,\"height\":637},{\"@type\":\"BreadcrumbList\",\"@id\":\"https:\\\/\\\/www.cetys.mx\\\/noticias\\\/investigadoras-del-instituto-innsignia-participan-en-1er-congreso-internacional-de-economia-feminista\\\/#breadcrumb\",\"itemListElement\":[{\"@type\":\"ListItem\",\"position\":1,\"name\":\"Inicio\",\"item\":\"https:\\\/\\\/www.cetys.mx\\\/noticias\\\/\"},{\"@type\":\"ListItem\",\"position\":2,\"name\":\"Investigadoras del Instituto INNSIGNIA participan en 1er Congreso Internacional de Econom\u00eda Feminista\"}]},{\"@type\":\"WebSite\",\"@id\":\"https:\\\/\\\/www.cetys.mx\\\/noticias\\\/#website\",\"url\":\"https:\\\/\\\/www.cetys.mx\\\/noticias\\\/\",\"name\":\"CETYS\",\"description\":\"\",\"potentialAction\":[{\"@type\":\"SearchAction\",\"target\":{\"@type\":\"EntryPoint\",\"urlTemplate\":\"https:\\\/\\\/www.cetys.mx\\\/noticias\\\/?s={search_term_string}\"},\"query-input\":{\"@type\":\"PropertyValueSpecification\",\"valueRequired\":true,\"valueName\":\"search_term_string\"}}],\"inLanguage\":\"es\"},{\"@type\":\"Person\",\"@id\":\"https:\\\/\\\/www.cetys.mx\\\/noticias\\\/#\\\/schema\\\/person\\\/e790051ce60e18ae47cfa87011c8653f\",\"name\":\"Campus Tijuana\",\"url\":\"https:\\\/\\\/www.cetys.mx\\\/noticias\\\/author\\\/campustijuana\\\/\"}]}<\/script>\n<!-- \/ Yoast SEO plugin. -->","yoast_head_json":{"title":"Investigadoras del Instituto INNSIGNIA participan en 1er Congreso Internacional de Econom\u00eda Feminista - CETYS","description":"Articulo sobre Investigadoras del Instituto INNSIGNIA participan en 1er Congreso Internacional de Econom\u00eda Feminista","robots":{"index":"index","follow":"follow","max-snippet":"max-snippet:-1","max-image-preview":"max-image-preview:large","max-video-preview":"max-video-preview:-1"},"canonical":"https:\/\/www.cetys.mx\/noticias\/investigadoras-del-instituto-innsignia-participan-en-1er-congreso-internacional-de-economia-feminista\/","og_locale":"es_MX","og_type":"article","og_title":"Investigadoras del Instituto INNSIGNIA participan en 1er Congreso Internacional de Econom\u00eda Feminista - CETYS","og_description":"Articulo sobre Investigadoras del Instituto INNSIGNIA participan en 1er Congreso Internacional de Econom\u00eda Feminista","og_url":"https:\/\/www.cetys.mx\/noticias\/investigadoras-del-instituto-innsignia-participan-en-1er-congreso-internacional-de-economia-feminista\/","og_site_name":"CETYS","article_publisher":"https:\/\/www.facebook.com\/cetysuniversidadmxl\/","article_published_time":"2025-12-03T03:13:00+00:00","og_image":[{"width":958,"height":637,"url":"https:\/\/www.cetys.mx\/noticias\/wp-content\/uploads\/2025\/12\/investigadoras-CETYS-Congreso-Feminista.png","type":"image\/png"}],"author":"Campus Tijuana","twitter_card":"summary_large_image","twitter_creator":"@cetysuni","twitter_site":"@cetysuni","twitter_misc":{"Escrito por":"Campus Tijuana","Tiempo de lectura":"2 minutos"},"schema":{"@context":"https:\/\/schema.org","@graph":[{"@type":"Article","@id":"https:\/\/www.cetys.mx\/noticias\/investigadoras-del-instituto-innsignia-participan-en-1er-congreso-internacional-de-economia-feminista\/#article","isPartOf":{"@id":"https:\/\/www.cetys.mx\/noticias\/investigadoras-del-instituto-innsignia-participan-en-1er-congreso-internacional-de-economia-feminista\/"},"author":{"name":"Campus Tijuana","@id":"https:\/\/www.cetys.mx\/noticias\/#\/schema\/person\/e790051ce60e18ae47cfa87011c8653f"},"headline":"Investigadoras del Instituto INNSIGNIA participan en 1er Congreso Internacional de Econom\u00eda Feminista","datePublished":"2025-12-03T03:13:00+00:00","mainEntityOfPage":{"@id":"https:\/\/www.cetys.mx\/noticias\/investigadoras-del-instituto-innsignia-participan-en-1er-congreso-internacional-de-economia-feminista\/"},"wordCount":468,"commentCount":0,"image":{"@id":"https:\/\/www.cetys.mx\/noticias\/investigadoras-del-instituto-innsignia-participan-en-1er-congreso-internacional-de-economia-feminista\/#primaryimage"},"thumbnailUrl":"https:\/\/www.cetys.mx\/noticias\/wp-content\/uploads\/2025\/12\/investigadoras-CETYS-Congreso-Feminista.png","keywords":["AdministtraciondeEmpresas","campustijuana","Derecho","ensenada","humanidades","INNSIGNIA","NegociosInternacionales"],"articleSection":["Institucional"],"inLanguage":"es","potentialAction":[{"@type":"CommentAction","name":"Comment","target":["https:\/\/www.cetys.mx\/noticias\/investigadoras-del-instituto-innsignia-participan-en-1er-congreso-internacional-de-economia-feminista\/#respond"]}]},{"@type":"WebPage","@id":"https:\/\/www.cetys.mx\/noticias\/investigadoras-del-instituto-innsignia-participan-en-1er-congreso-internacional-de-economia-feminista\/","url":"https:\/\/www.cetys.mx\/noticias\/investigadoras-del-instituto-innsignia-participan-en-1er-congreso-internacional-de-economia-feminista\/","name":"Investigadoras del Instituto INNSIGNIA participan en 1er Congreso Internacional de Econom\u00eda Feminista - CETYS","isPartOf":{"@id":"https:\/\/www.cetys.mx\/noticias\/#website"},"primaryImageOfPage":{"@id":"https:\/\/www.cetys.mx\/noticias\/investigadoras-del-instituto-innsignia-participan-en-1er-congreso-internacional-de-economia-feminista\/#primaryimage"},"image":{"@id":"https:\/\/www.cetys.mx\/noticias\/investigadoras-del-instituto-innsignia-participan-en-1er-congreso-internacional-de-economia-feminista\/#primaryimage"},"thumbnailUrl":"https:\/\/www.cetys.mx\/noticias\/wp-content\/uploads\/2025\/12\/investigadoras-CETYS-Congreso-Feminista.png","datePublished":"2025-12-03T03:13:00+00:00","author":{"@id":"https:\/\/www.cetys.mx\/noticias\/#\/schema\/person\/e790051ce60e18ae47cfa87011c8653f"},"description":"Articulo sobre Investigadoras del Instituto INNSIGNIA participan en 1er Congreso Internacional de Econom\u00eda Feminista","breadcrumb":{"@id":"https:\/\/www.cetys.mx\/noticias\/investigadoras-del-instituto-innsignia-participan-en-1er-congreso-internacional-de-economia-feminista\/#breadcrumb"},"inLanguage":"es","potentialAction":[{"@type":"ReadAction","target":["https:\/\/www.cetys.mx\/noticias\/investigadoras-del-instituto-innsignia-participan-en-1er-congreso-internacional-de-economia-feminista\/"]}]},{"@type":"ImageObject","inLanguage":"es","@id":"https:\/\/www.cetys.mx\/noticias\/investigadoras-del-instituto-innsignia-participan-en-1er-congreso-internacional-de-economia-feminista\/#primaryimage","url":"https:\/\/www.cetys.mx\/noticias\/wp-content\/uploads\/2025\/12\/investigadoras-CETYS-Congreso-Feminista.png","contentUrl":"https:\/\/www.cetys.mx\/noticias\/wp-content\/uploads\/2025\/12\/investigadoras-CETYS-Congreso-Feminista.png","width":958,"height":637},{"@type":"BreadcrumbList","@id":"https:\/\/www.cetys.mx\/noticias\/investigadoras-del-instituto-innsignia-participan-en-1er-congreso-internacional-de-economia-feminista\/#breadcrumb","itemListElement":[{"@type":"ListItem","position":1,"name":"Inicio","item":"https:\/\/www.cetys.mx\/noticias\/"},{"@type":"ListItem","position":2,"name":"Investigadoras del Instituto INNSIGNIA participan en 1er Congreso Internacional de Econom\u00eda Feminista"}]},{"@type":"WebSite","@id":"https:\/\/www.cetys.mx\/noticias\/#website","url":"https:\/\/www.cetys.mx\/noticias\/","name":"CETYS","description":"","potentialAction":[{"@type":"SearchAction","target":{"@type":"EntryPoint","urlTemplate":"https:\/\/www.cetys.mx\/noticias\/?s={search_term_string}"},"query-input":{"@type":"PropertyValueSpecification","valueRequired":true,"valueName":"search_term_string"}}],"inLanguage":"es"},{"@type":"Person","@id":"https:\/\/www.cetys.mx\/noticias\/#\/schema\/person\/e790051ce60e18ae47cfa87011c8653f","name":"Campus Tijuana","url":"https:\/\/www.cetys.mx\/noticias\/author\/campustijuana\/"}]}},"_links":{"self":[{"href":"https:\/\/www.cetys.mx\/noticias\/wp-json\/wp\/v2\/posts\/218469","targetHints":{"allow":["GET"]}}],"collection":[{"href":"https:\/\/www.cetys.mx\/noticias\/wp-json\/wp\/v2\/posts"}],"about":[{"href":"https:\/\/www.cetys.mx\/noticias\/wp-json\/wp\/v2\/types\/post"}],"author":[{"embeddable":true,"href":"https:\/\/www.cetys.mx\/noticias\/wp-json\/wp\/v2\/users\/24"}],"replies":[{"embeddable":true,"href":"https:\/\/www.cetys.mx\/noticias\/wp-json\/wp\/v2\/comments?post=218469"}],"version-history":[{"count":1,"href":"https:\/\/www.cetys.mx\/noticias\/wp-json\/wp\/v2\/posts\/218469\/revisions"}],"predecessor-version":[{"id":218472,"href":"https:\/\/www.cetys.mx\/noticias\/wp-json\/wp\/v2\/posts\/218469\/revisions\/218472"}],"wp:featuredmedia":[{"embeddable":true,"href":"https:\/\/www.cetys.mx\/noticias\/wp-json\/wp\/v2\/media\/218470"}],"wp:attachment":[{"href":"https:\/\/www.cetys.mx\/noticias\/wp-json\/wp\/v2\/media?parent=218469"}],"wp:term":[{"taxonomy":"category","embeddable":true,"href":"https:\/\/www.cetys.mx\/noticias\/wp-json\/wp\/v2\/categories?post=218469"},{"taxonomy":"post_tag","embeddable":true,"href":"https:\/\/www.cetys.mx\/noticias\/wp-json\/wp\/v2\/tags?post=218469"}],"curies":[{"name":"wp","href":"https:\/\/api.w.org\/{rel}","templated":true}]}}