{"id":218372,"date":"2025-11-28T17:19:49","date_gmt":"2025-11-29T01:19:49","guid":{"rendered":"https:\/\/www.cetys.mx\/noticias\/?p=218372"},"modified":"2025-11-28T17:19:49","modified_gmt":"2025-11-29T01:19:49","slug":"estudiantes-de-mercadotecnia-estrategica-analizan-la-brecha-salarial-de-genero-en-panel-academico","status":"publish","type":"post","link":"https:\/\/www.cetys.mx\/noticias\/estudiantes-de-mercadotecnia-estrategica-analizan-la-brecha-salarial-de-genero-en-panel-academico\/","title":{"rendered":"Estudiantes de Mercadotecnia Estrat\u00e9gica analizan la brecha salarial de g\u00e9nero en panel acad\u00e9mico"},"content":{"rendered":"<p data-start=\"208\" data-end=\"571\">Estudiantes de <strong data-start=\"298\" data-end=\"365\">primer semestre de la Licenciatura en Mercadotecnia Estrat\u00e9gica<\/strong>\u00a0 de CETYS Universidad Campus Tijuana presentaron sus proyectos finales mediante la realizaci\u00f3n del panel <em data-start=\"434\" data-end=\"498\">\u201cEconom\u00eda con perspectiva de g\u00e9nero: retos y evidencia actual\u201d<\/em>, en el que expusieron hallazgos sobre la desigualdad salarial en M\u00e9xico.<\/p>\n<p data-start=\"573\" data-end=\"887\">Tomando como base el libro <em data-start=\"600\" data-end=\"615\">Desigualdades<\/em> del Dr.Raymundo M. Campos V\u00e1zquez<strong data-start=\"624\" data-end=\"684\">, investigador de El Colegio de M\u00e9xico)<\/strong>, los alumnos desarrollaron investigaciones apoyadas en literatura acad\u00e9mica, trabajo de campo y an\u00e1lisis de datos para comprender c\u00f3mo se manifiesta la brecha salarial por g\u00e9nero en distintos contextos.<\/p>\n<p data-start=\"889\" data-end=\"991\">Durante las presentaciones, el estudiantado abord\u00f3 esta problem\u00e1tica desde diversas categor\u00edas como: nivel de escolaridad, peso corporal, color de piel, penalizaci\u00f3n por embarazo, entre otras dimensiones sociales que influyen en el acceso a mejores oportunidades laborales.<\/p>\n<div class=\"gallery-slider-wrapper gallery-1\">\n                        <div class=\"gallery-slider\" itemscope itemtype=\"http:\/\/schema.org\/ImageGallery\"><figure class=\"slide\" itemprop=\"associatedMedia\" itemscope itemtype=\"http:\/\/schema.org\/ImageObject\">\n                    <a itemprop=\"contentUrl\" href=\"https:\/\/www.cetys.mx\/noticias\/wp-content\/uploads\/2025\/11\/Clase-economia-Lic.-en-Mercadotecnia-estrategica-CETYSTij-2.png\">\n                        <img decoding=\"async\" itemprop=\"thumbnail\" class=\"lazyOwl\" src=\"https:\/\/www.cetys.mx\/noticias\/wp-content\/plugins\/jmagz-plugin\/assets\/placeholder\/900x450.png\" data-src=\"https:\/\/www.cetys.mx\/noticias\/wp-content\/uploads\/2025\/11\/Clase-economia-Lic.-en-Mercadotecnia-estrategica-CETYSTij-2.png\" alt=\"Clase economia Lic. en Mercadotecnia estrategica CETYSTij (2)\">\n                    <\/a>\n                    <figcaption itemprop=\"caption description\" class=\"slide-caption\">\n                        \n                    <\/figcaption>\n                <\/figure><figure class=\"slide\" itemprop=\"associatedMedia\" itemscope itemtype=\"http:\/\/schema.org\/ImageObject\">\n                    <a itemprop=\"contentUrl\" href=\"https:\/\/www.cetys.mx\/noticias\/wp-content\/uploads\/2025\/11\/Clase-economia-Lic.-en-Mercadotecnia-estrategica-CETYSTij-3.png\">\n                        <img decoding=\"async\" itemprop=\"thumbnail\" class=\"lazyOwl\" src=\"https:\/\/www.cetys.mx\/noticias\/wp-content\/plugins\/jmagz-plugin\/assets\/placeholder\/900x450.png\" data-src=\"https:\/\/www.cetys.mx\/noticias\/wp-content\/uploads\/2025\/11\/Clase-economia-Lic.-en-Mercadotecnia-estrategica-CETYSTij-3.png\" alt=\"Clase economia Lic. en Mercadotecnia estrategica CETYSTij (3)\">\n                    <\/a>\n                    <figcaption itemprop=\"caption description\" class=\"slide-caption\">\n                        \n                    <\/figcaption>\n                <\/figure><figure class=\"slide\" itemprop=\"associatedMedia\" itemscope itemtype=\"http:\/\/schema.org\/ImageObject\">\n                    <a itemprop=\"contentUrl\" href=\"https:\/\/www.cetys.mx\/noticias\/wp-content\/uploads\/2025\/11\/Clase-economia-Lic.-en-Mercadotecnia-estrategica-CETYSTij-4.png\">\n                        <img decoding=\"async\" itemprop=\"thumbnail\" class=\"lazyOwl\" src=\"https:\/\/www.cetys.mx\/noticias\/wp-content\/plugins\/jmagz-plugin\/assets\/placeholder\/900x450.png\" data-src=\"https:\/\/www.cetys.mx\/noticias\/wp-content\/uploads\/2025\/11\/Clase-economia-Lic.-en-Mercadotecnia-estrategica-CETYSTij-4.png\" alt=\"Clase economia Lic. en Mercadotecnia estrategica CETYSTij (4)\">\n                    <\/a>\n                    <figcaption itemprop=\"caption description\" class=\"slide-caption\">\n                        \n                    <\/figcaption>\n                <\/figure><figure class=\"slide\" itemprop=\"associatedMedia\" itemscope itemtype=\"http:\/\/schema.org\/ImageObject\">\n                    <a itemprop=\"contentUrl\" href=\"https:\/\/www.cetys.mx\/noticias\/wp-content\/uploads\/2025\/11\/Clase-economia-Lic.-en-Mercadotecnia-estrategica-CETYSTij-5.png\">\n                        <img decoding=\"async\" itemprop=\"thumbnail\" class=\"lazyOwl\" src=\"https:\/\/www.cetys.mx\/noticias\/wp-content\/plugins\/jmagz-plugin\/assets\/placeholder\/900x450.png\" data-src=\"https:\/\/www.cetys.mx\/noticias\/wp-content\/uploads\/2025\/11\/Clase-economia-Lic.-en-Mercadotecnia-estrategica-CETYSTij-5.png\" alt=\"Clase economia Lic. en Mercadotecnia estrategica CETYSTij (5)\">\n                    <\/a>\n                    <figcaption itemprop=\"caption description\" class=\"slide-caption\">\n                        \n                    <\/figcaption>\n                <\/figure><figure class=\"slide\" itemprop=\"associatedMedia\" itemscope itemtype=\"http:\/\/schema.org\/ImageObject\">\n                    <a itemprop=\"contentUrl\" href=\"https:\/\/www.cetys.mx\/noticias\/wp-content\/uploads\/2025\/11\/Clase-economia-Lic.-en-Mercadotecnia-estrategica-CETYSTij-6.png\">\n                        <img decoding=\"async\" itemprop=\"thumbnail\" class=\"lazyOwl\" src=\"https:\/\/www.cetys.mx\/noticias\/wp-content\/plugins\/jmagz-plugin\/assets\/placeholder\/900x450.png\" data-src=\"https:\/\/www.cetys.mx\/noticias\/wp-content\/uploads\/2025\/11\/Clase-economia-Lic.-en-Mercadotecnia-estrategica-CETYSTij-6.png\" alt=\"Clase economia Lic. en Mercadotecnia estrategica CETYSTij (6)\">\n                    <\/a>\n                    <figcaption itemprop=\"caption description\" class=\"slide-caption\">\n                        \n                    <\/figcaption>\n                <\/figure><figure class=\"slide\" itemprop=\"associatedMedia\" itemscope itemtype=\"http:\/\/schema.org\/ImageObject\">\n                    <a itemprop=\"contentUrl\" href=\"https:\/\/www.cetys.mx\/noticias\/wp-content\/uploads\/2025\/11\/Clase-economia-Lic.-en-Mercadotecnia-estrategica-CETYSTij-7.png\">\n                        <img decoding=\"async\" itemprop=\"thumbnail\" class=\"lazyOwl\" src=\"https:\/\/www.cetys.mx\/noticias\/wp-content\/plugins\/jmagz-plugin\/assets\/placeholder\/900x450.png\" data-src=\"https:\/\/www.cetys.mx\/noticias\/wp-content\/uploads\/2025\/11\/Clase-economia-Lic.-en-Mercadotecnia-estrategica-CETYSTij-7.png\" alt=\"Clase economia Lic. en Mercadotecnia estrategica CETYSTij (7)\">\n                    <\/a>\n                    <figcaption itemprop=\"caption description\" class=\"slide-caption\">\n                        \n                    <\/figcaption>\n                <\/figure><figure class=\"slide\" itemprop=\"associatedMedia\" itemscope itemtype=\"http:\/\/schema.org\/ImageObject\">\n                    <a itemprop=\"contentUrl\" href=\"https:\/\/www.cetys.mx\/noticias\/wp-content\/uploads\/2025\/11\/Clase-economia-Lic.-en-Mercadotecnia-estrategica-CETYSTij-8.png\">\n                        <img decoding=\"async\" itemprop=\"thumbnail\" class=\"lazyOwl\" src=\"https:\/\/www.cetys.mx\/noticias\/wp-content\/plugins\/jmagz-plugin\/assets\/placeholder\/900x450.png\" data-src=\"https:\/\/www.cetys.mx\/noticias\/wp-content\/uploads\/2025\/11\/Clase-economia-Lic.-en-Mercadotecnia-estrategica-CETYSTij-8.png\" alt=\"Clase economia Lic. en Mercadotecnia estrategica CETYSTij (8)\">\n                    <\/a>\n                    <figcaption itemprop=\"caption description\" class=\"slide-caption\">\n                        \n                    <\/figcaption>\n                <\/figure><\/div>\n                <div class=\"gallery-slider-thumbnail-wrapper\">\n                    <div class=\"gallery-slider-thumbnail\"><div class=\"slide-thumbnail\"><img decoding=\"async\" class=\"lazyOwl\" src=\"https:\/\/www.cetys.mx\/noticias\/wp-content\/plugins\/jmagz-plugin\/assets\/placeholder\/150x75.png\" data-src=\"https:\/\/www.cetys.mx\/noticias\/wp-content\/uploads\/2025\/11\/Clase-economia-Lic.-en-Mercadotecnia-estrategica-CETYSTij-2.png\" alt=\"Clase economia Lic. en Mercadotecnia estrategica CETYSTij (2)\"><\/div><div class=\"slide-thumbnail\"><img decoding=\"async\" class=\"lazyOwl\" src=\"https:\/\/www.cetys.mx\/noticias\/wp-content\/plugins\/jmagz-plugin\/assets\/placeholder\/150x75.png\" data-src=\"https:\/\/www.cetys.mx\/noticias\/wp-content\/uploads\/2025\/11\/Clase-economia-Lic.-en-Mercadotecnia-estrategica-CETYSTij-3.png\" alt=\"Clase economia Lic. en Mercadotecnia estrategica CETYSTij (3)\"><\/div><div class=\"slide-thumbnail\"><img decoding=\"async\" class=\"lazyOwl\" src=\"https:\/\/www.cetys.mx\/noticias\/wp-content\/plugins\/jmagz-plugin\/assets\/placeholder\/150x75.png\" data-src=\"https:\/\/www.cetys.mx\/noticias\/wp-content\/uploads\/2025\/11\/Clase-economia-Lic.-en-Mercadotecnia-estrategica-CETYSTij-4.png\" alt=\"Clase economia Lic. en Mercadotecnia estrategica CETYSTij (4)\"><\/div><div class=\"slide-thumbnail\"><img decoding=\"async\" class=\"lazyOwl\" src=\"https:\/\/www.cetys.mx\/noticias\/wp-content\/plugins\/jmagz-plugin\/assets\/placeholder\/150x75.png\" data-src=\"https:\/\/www.cetys.mx\/noticias\/wp-content\/uploads\/2025\/11\/Clase-economia-Lic.-en-Mercadotecnia-estrategica-CETYSTij-5.png\" alt=\"Clase economia Lic. en Mercadotecnia estrategica CETYSTij (5)\"><\/div><div class=\"slide-thumbnail\"><img decoding=\"async\" class=\"lazyOwl\" src=\"https:\/\/www.cetys.mx\/noticias\/wp-content\/plugins\/jmagz-plugin\/assets\/placeholder\/150x75.png\" data-src=\"https:\/\/www.cetys.mx\/noticias\/wp-content\/uploads\/2025\/11\/Clase-economia-Lic.-en-Mercadotecnia-estrategica-CETYSTij-6.png\" alt=\"Clase economia Lic. en Mercadotecnia estrategica CETYSTij (6)\"><\/div><div class=\"slide-thumbnail\"><img decoding=\"async\" class=\"lazyOwl\" src=\"https:\/\/www.cetys.mx\/noticias\/wp-content\/plugins\/jmagz-plugin\/assets\/placeholder\/150x75.png\" data-src=\"https:\/\/www.cetys.mx\/noticias\/wp-content\/uploads\/2025\/11\/Clase-economia-Lic.-en-Mercadotecnia-estrategica-CETYSTij-7.png\" alt=\"Clase economia Lic. en Mercadotecnia estrategica CETYSTij (7)\"><\/div><div class=\"slide-thumbnail\"><img decoding=\"async\" class=\"lazyOwl\" src=\"https:\/\/www.cetys.mx\/noticias\/wp-content\/plugins\/jmagz-plugin\/assets\/placeholder\/150x75.png\" data-src=\"https:\/\/www.cetys.mx\/noticias\/wp-content\/uploads\/2025\/11\/Clase-economia-Lic.-en-Mercadotecnia-estrategica-CETYSTij-8.png\" alt=\"Clase economia Lic. en Mercadotecnia estrategica CETYSTij (8)\"><\/div><\/div><\/div><\/div>\n<p data-start=\"1184\" data-end=\"1521\">El panel permiti\u00f3 visibilizar la complejidad de este fen\u00f3meno y promover una reflexi\u00f3n cr\u00edtica entre la comunidad estudiantil. Al cierre del evento, las y los participantes invitaron al p\u00fablico a ser m\u00e1s conscientes de la persistencia de estas desigualdades y del papel que cada persona puede desempe\u00f1ar para cuestionarlas y combatirlas.<\/p>\n<p data-start=\"1523\" data-end=\"1684\">Esta actividad forma parte de las actividades de la clase de Econom\u00eda, del <strong>Dr. Alfredo Valadez Garc\u00eda,<\/strong> as\u00ed como del compromiso de CETYS Universidad por fomentar un aprendizaje integral y socialmente responsable de problemas actuales dentro de sus programas acad\u00e9micos.<\/p>\n","protected":false},"excerpt":{"rendered":"<p>Estudiantes de primer semestre de la Licenciatura en Mercadotecnia Estrat\u00e9gica\u00a0 de CETYS Universidad Campus Tijuana presentaron sus proyectos finales mediante la realizaci\u00f3n&#8230;<\/p>\n","protected":false},"author":24,"featured_media":218380,"comment_status":"open","ping_status":"closed","sticky":false,"template":"","format":"standard","meta":{"footnotes":""},"categories":[134,306],"tags":[328,6551],"class_list":["post-218372","post","type-post","status-publish","format-standard","has-post-thumbnail","hentry","category-campus-tijuana","category-profesional","tag-campustijuana","tag-mercadotecniaestrategica"],"yoast_head":"<!-- This site is optimized with the Yoast SEO plugin v27.4 - https:\/\/yoast.com\/product\/yoast-seo-wordpress\/ -->\n<title>Estudiantes de Mercadotecnia Estrat\u00e9gica analizan la brecha salarial de g\u00e9nero en panel acad\u00e9mico - CETYS<\/title>\n<meta name=\"description\" content=\"Articulo sobre Estudiantes de Mercadotecnia Estrat\u00e9gica analizan la brecha salarial de g\u00e9nero en panel acad\u00e9mico\" \/>\n<meta name=\"robots\" content=\"index, follow, max-snippet:-1, max-image-preview:large, max-video-preview:-1\" \/>\n<link rel=\"canonical\" href=\"https:\/\/www.cetys.mx\/noticias\/estudiantes-de-mercadotecnia-estrategica-analizan-la-brecha-salarial-de-genero-en-panel-academico\/\" \/>\n<meta property=\"og:locale\" content=\"es_MX\" \/>\n<meta property=\"og:type\" content=\"article\" \/>\n<meta property=\"og:title\" content=\"Estudiantes de Mercadotecnia Estrat\u00e9gica analizan la brecha salarial de g\u00e9nero en panel acad\u00e9mico - CETYS\" \/>\n<meta property=\"og:description\" content=\"Articulo sobre Estudiantes de Mercadotecnia Estrat\u00e9gica analizan la brecha salarial de g\u00e9nero en panel acad\u00e9mico\" \/>\n<meta property=\"og:url\" content=\"https:\/\/www.cetys.mx\/noticias\/estudiantes-de-mercadotecnia-estrategica-analizan-la-brecha-salarial-de-genero-en-panel-academico\/\" \/>\n<meta property=\"og:site_name\" content=\"CETYS\" \/>\n<meta property=\"article:publisher\" content=\"https:\/\/www.facebook.com\/cetysuniversidadmxl\/\" \/>\n<meta property=\"article:published_time\" content=\"2025-11-29T01:19:49+00:00\" \/>\n<meta property=\"og:image\" content=\"https:\/\/www.cetys.mx\/noticias\/wp-content\/uploads\/2025\/11\/Clase-economia-Lic.-en-Mercadotecnia-estrategica-CETYSTij.png\" \/>\n\t<meta property=\"og:image:width\" content=\"958\" \/>\n\t<meta property=\"og:image:height\" content=\"637\" \/>\n\t<meta property=\"og:image:type\" content=\"image\/png\" \/>\n<meta name=\"author\" content=\"Campus Tijuana\" \/>\n<meta name=\"twitter:card\" content=\"summary_large_image\" \/>\n<meta name=\"twitter:creator\" content=\"@cetysuni\" \/>\n<meta name=\"twitter:site\" content=\"@cetysuni\" \/>\n<meta name=\"twitter:label1\" content=\"Escrito por\" \/>\n\t<meta name=\"twitter:data1\" content=\"Campus Tijuana\" \/>\n\t<meta name=\"twitter:label2\" content=\"Tiempo de lectura\" \/>\n\t<meta name=\"twitter:data2\" content=\"1 minuto\" \/>\n<script type=\"application\/ld+json\" class=\"yoast-schema-graph\">{\"@context\":\"https:\\\/\\\/schema.org\",\"@graph\":[{\"@type\":\"Article\",\"@id\":\"https:\\\/\\\/www.cetys.mx\\\/noticias\\\/estudiantes-de-mercadotecnia-estrategica-analizan-la-brecha-salarial-de-genero-en-panel-academico\\\/#article\",\"isPartOf\":{\"@id\":\"https:\\\/\\\/www.cetys.mx\\\/noticias\\\/estudiantes-de-mercadotecnia-estrategica-analizan-la-brecha-salarial-de-genero-en-panel-academico\\\/\"},\"author\":{\"name\":\"Campus Tijuana\",\"@id\":\"https:\\\/\\\/www.cetys.mx\\\/noticias\\\/#\\\/schema\\\/person\\\/e790051ce60e18ae47cfa87011c8653f\"},\"headline\":\"Estudiantes de Mercadotecnia Estrat\u00e9gica analizan la brecha salarial de g\u00e9nero en panel acad\u00e9mico\",\"datePublished\":\"2025-11-29T01:19:49+00:00\",\"mainEntityOfPage\":{\"@id\":\"https:\\\/\\\/www.cetys.mx\\\/noticias\\\/estudiantes-de-mercadotecnia-estrategica-analizan-la-brecha-salarial-de-genero-en-panel-academico\\\/\"},\"wordCount\":263,\"commentCount\":0,\"image\":{\"@id\":\"https:\\\/\\\/www.cetys.mx\\\/noticias\\\/estudiantes-de-mercadotecnia-estrategica-analizan-la-brecha-salarial-de-genero-en-panel-academico\\\/#primaryimage\"},\"thumbnailUrl\":\"https:\\\/\\\/www.cetys.mx\\\/noticias\\\/wp-content\\\/uploads\\\/2025\\\/11\\\/Clase-economia-Lic.-en-Mercadotecnia-estrategica-CETYSTij.png\",\"keywords\":[\"campustijuana\",\"MercadotecniaEstrategica\"],\"articleSection\":[\"Campus Tijuana\",\"Profesional\"],\"inLanguage\":\"es\",\"potentialAction\":[{\"@type\":\"CommentAction\",\"name\":\"Comment\",\"target\":[\"https:\\\/\\\/www.cetys.mx\\\/noticias\\\/estudiantes-de-mercadotecnia-estrategica-analizan-la-brecha-salarial-de-genero-en-panel-academico\\\/#respond\"]}]},{\"@type\":\"WebPage\",\"@id\":\"https:\\\/\\\/www.cetys.mx\\\/noticias\\\/estudiantes-de-mercadotecnia-estrategica-analizan-la-brecha-salarial-de-genero-en-panel-academico\\\/\",\"url\":\"https:\\\/\\\/www.cetys.mx\\\/noticias\\\/estudiantes-de-mercadotecnia-estrategica-analizan-la-brecha-salarial-de-genero-en-panel-academico\\\/\",\"name\":\"Estudiantes de Mercadotecnia Estrat\u00e9gica analizan la brecha salarial de g\u00e9nero en panel acad\u00e9mico - CETYS\",\"isPartOf\":{\"@id\":\"https:\\\/\\\/www.cetys.mx\\\/noticias\\\/#website\"},\"primaryImageOfPage\":{\"@id\":\"https:\\\/\\\/www.cetys.mx\\\/noticias\\\/estudiantes-de-mercadotecnia-estrategica-analizan-la-brecha-salarial-de-genero-en-panel-academico\\\/#primaryimage\"},\"image\":{\"@id\":\"https:\\\/\\\/www.cetys.mx\\\/noticias\\\/estudiantes-de-mercadotecnia-estrategica-analizan-la-brecha-salarial-de-genero-en-panel-academico\\\/#primaryimage\"},\"thumbnailUrl\":\"https:\\\/\\\/www.cetys.mx\\\/noticias\\\/wp-content\\\/uploads\\\/2025\\\/11\\\/Clase-economia-Lic.-en-Mercadotecnia-estrategica-CETYSTij.png\",\"datePublished\":\"2025-11-29T01:19:49+00:00\",\"author\":{\"@id\":\"https:\\\/\\\/www.cetys.mx\\\/noticias\\\/#\\\/schema\\\/person\\\/e790051ce60e18ae47cfa87011c8653f\"},\"description\":\"Articulo sobre Estudiantes de Mercadotecnia Estrat\u00e9gica analizan la brecha salarial de g\u00e9nero en panel acad\u00e9mico\",\"breadcrumb\":{\"@id\":\"https:\\\/\\\/www.cetys.mx\\\/noticias\\\/estudiantes-de-mercadotecnia-estrategica-analizan-la-brecha-salarial-de-genero-en-panel-academico\\\/#breadcrumb\"},\"inLanguage\":\"es\",\"potentialAction\":[{\"@type\":\"ReadAction\",\"target\":[\"https:\\\/\\\/www.cetys.mx\\\/noticias\\\/estudiantes-de-mercadotecnia-estrategica-analizan-la-brecha-salarial-de-genero-en-panel-academico\\\/\"]}]},{\"@type\":\"ImageObject\",\"inLanguage\":\"es\",\"@id\":\"https:\\\/\\\/www.cetys.mx\\\/noticias\\\/estudiantes-de-mercadotecnia-estrategica-analizan-la-brecha-salarial-de-genero-en-panel-academico\\\/#primaryimage\",\"url\":\"https:\\\/\\\/www.cetys.mx\\\/noticias\\\/wp-content\\\/uploads\\\/2025\\\/11\\\/Clase-economia-Lic.-en-Mercadotecnia-estrategica-CETYSTij.png\",\"contentUrl\":\"https:\\\/\\\/www.cetys.mx\\\/noticias\\\/wp-content\\\/uploads\\\/2025\\\/11\\\/Clase-economia-Lic.-en-Mercadotecnia-estrategica-CETYSTij.png\",\"width\":958,\"height\":637},{\"@type\":\"BreadcrumbList\",\"@id\":\"https:\\\/\\\/www.cetys.mx\\\/noticias\\\/estudiantes-de-mercadotecnia-estrategica-analizan-la-brecha-salarial-de-genero-en-panel-academico\\\/#breadcrumb\",\"itemListElement\":[{\"@type\":\"ListItem\",\"position\":1,\"name\":\"Inicio\",\"item\":\"https:\\\/\\\/www.cetys.mx\\\/noticias\\\/\"},{\"@type\":\"ListItem\",\"position\":2,\"name\":\"Estudiantes de Mercadotecnia Estrat\u00e9gica analizan la brecha salarial de g\u00e9nero en panel acad\u00e9mico\"}]},{\"@type\":\"WebSite\",\"@id\":\"https:\\\/\\\/www.cetys.mx\\\/noticias\\\/#website\",\"url\":\"https:\\\/\\\/www.cetys.mx\\\/noticias\\\/\",\"name\":\"CETYS\",\"description\":\"\",\"potentialAction\":[{\"@type\":\"SearchAction\",\"target\":{\"@type\":\"EntryPoint\",\"urlTemplate\":\"https:\\\/\\\/www.cetys.mx\\\/noticias\\\/?s={search_term_string}\"},\"query-input\":{\"@type\":\"PropertyValueSpecification\",\"valueRequired\":true,\"valueName\":\"search_term_string\"}}],\"inLanguage\":\"es\"},{\"@type\":\"Person\",\"@id\":\"https:\\\/\\\/www.cetys.mx\\\/noticias\\\/#\\\/schema\\\/person\\\/e790051ce60e18ae47cfa87011c8653f\",\"name\":\"Campus Tijuana\",\"url\":\"https:\\\/\\\/www.cetys.mx\\\/noticias\\\/author\\\/campustijuana\\\/\"}]}<\/script>\n<!-- \/ Yoast SEO plugin. -->","yoast_head_json":{"title":"Estudiantes de Mercadotecnia Estrat\u00e9gica analizan la brecha salarial de g\u00e9nero en panel acad\u00e9mico - CETYS","description":"Articulo sobre Estudiantes de Mercadotecnia Estrat\u00e9gica analizan la brecha salarial de g\u00e9nero en panel acad\u00e9mico","robots":{"index":"index","follow":"follow","max-snippet":"max-snippet:-1","max-image-preview":"max-image-preview:large","max-video-preview":"max-video-preview:-1"},"canonical":"https:\/\/www.cetys.mx\/noticias\/estudiantes-de-mercadotecnia-estrategica-analizan-la-brecha-salarial-de-genero-en-panel-academico\/","og_locale":"es_MX","og_type":"article","og_title":"Estudiantes de Mercadotecnia Estrat\u00e9gica analizan la brecha salarial de g\u00e9nero en panel acad\u00e9mico - CETYS","og_description":"Articulo sobre Estudiantes de Mercadotecnia Estrat\u00e9gica analizan la brecha salarial de g\u00e9nero en panel acad\u00e9mico","og_url":"https:\/\/www.cetys.mx\/noticias\/estudiantes-de-mercadotecnia-estrategica-analizan-la-brecha-salarial-de-genero-en-panel-academico\/","og_site_name":"CETYS","article_publisher":"https:\/\/www.facebook.com\/cetysuniversidadmxl\/","article_published_time":"2025-11-29T01:19:49+00:00","og_image":[{"width":958,"height":637,"url":"https:\/\/www.cetys.mx\/noticias\/wp-content\/uploads\/2025\/11\/Clase-economia-Lic.-en-Mercadotecnia-estrategica-CETYSTij.png","type":"image\/png"}],"author":"Campus Tijuana","twitter_card":"summary_large_image","twitter_creator":"@cetysuni","twitter_site":"@cetysuni","twitter_misc":{"Escrito por":"Campus Tijuana","Tiempo de lectura":"1 minuto"},"schema":{"@context":"https:\/\/schema.org","@graph":[{"@type":"Article","@id":"https:\/\/www.cetys.mx\/noticias\/estudiantes-de-mercadotecnia-estrategica-analizan-la-brecha-salarial-de-genero-en-panel-academico\/#article","isPartOf":{"@id":"https:\/\/www.cetys.mx\/noticias\/estudiantes-de-mercadotecnia-estrategica-analizan-la-brecha-salarial-de-genero-en-panel-academico\/"},"author":{"name":"Campus Tijuana","@id":"https:\/\/www.cetys.mx\/noticias\/#\/schema\/person\/e790051ce60e18ae47cfa87011c8653f"},"headline":"Estudiantes de Mercadotecnia Estrat\u00e9gica analizan la brecha salarial de g\u00e9nero en panel acad\u00e9mico","datePublished":"2025-11-29T01:19:49+00:00","mainEntityOfPage":{"@id":"https:\/\/www.cetys.mx\/noticias\/estudiantes-de-mercadotecnia-estrategica-analizan-la-brecha-salarial-de-genero-en-panel-academico\/"},"wordCount":263,"commentCount":0,"image":{"@id":"https:\/\/www.cetys.mx\/noticias\/estudiantes-de-mercadotecnia-estrategica-analizan-la-brecha-salarial-de-genero-en-panel-academico\/#primaryimage"},"thumbnailUrl":"https:\/\/www.cetys.mx\/noticias\/wp-content\/uploads\/2025\/11\/Clase-economia-Lic.-en-Mercadotecnia-estrategica-CETYSTij.png","keywords":["campustijuana","MercadotecniaEstrategica"],"articleSection":["Campus Tijuana","Profesional"],"inLanguage":"es","potentialAction":[{"@type":"CommentAction","name":"Comment","target":["https:\/\/www.cetys.mx\/noticias\/estudiantes-de-mercadotecnia-estrategica-analizan-la-brecha-salarial-de-genero-en-panel-academico\/#respond"]}]},{"@type":"WebPage","@id":"https:\/\/www.cetys.mx\/noticias\/estudiantes-de-mercadotecnia-estrategica-analizan-la-brecha-salarial-de-genero-en-panel-academico\/","url":"https:\/\/www.cetys.mx\/noticias\/estudiantes-de-mercadotecnia-estrategica-analizan-la-brecha-salarial-de-genero-en-panel-academico\/","name":"Estudiantes de Mercadotecnia Estrat\u00e9gica analizan la brecha salarial de g\u00e9nero en panel acad\u00e9mico - CETYS","isPartOf":{"@id":"https:\/\/www.cetys.mx\/noticias\/#website"},"primaryImageOfPage":{"@id":"https:\/\/www.cetys.mx\/noticias\/estudiantes-de-mercadotecnia-estrategica-analizan-la-brecha-salarial-de-genero-en-panel-academico\/#primaryimage"},"image":{"@id":"https:\/\/www.cetys.mx\/noticias\/estudiantes-de-mercadotecnia-estrategica-analizan-la-brecha-salarial-de-genero-en-panel-academico\/#primaryimage"},"thumbnailUrl":"https:\/\/www.cetys.mx\/noticias\/wp-content\/uploads\/2025\/11\/Clase-economia-Lic.-en-Mercadotecnia-estrategica-CETYSTij.png","datePublished":"2025-11-29T01:19:49+00:00","author":{"@id":"https:\/\/www.cetys.mx\/noticias\/#\/schema\/person\/e790051ce60e18ae47cfa87011c8653f"},"description":"Articulo sobre Estudiantes de Mercadotecnia Estrat\u00e9gica analizan la brecha salarial de g\u00e9nero en panel acad\u00e9mico","breadcrumb":{"@id":"https:\/\/www.cetys.mx\/noticias\/estudiantes-de-mercadotecnia-estrategica-analizan-la-brecha-salarial-de-genero-en-panel-academico\/#breadcrumb"},"inLanguage":"es","potentialAction":[{"@type":"ReadAction","target":["https:\/\/www.cetys.mx\/noticias\/estudiantes-de-mercadotecnia-estrategica-analizan-la-brecha-salarial-de-genero-en-panel-academico\/"]}]},{"@type":"ImageObject","inLanguage":"es","@id":"https:\/\/www.cetys.mx\/noticias\/estudiantes-de-mercadotecnia-estrategica-analizan-la-brecha-salarial-de-genero-en-panel-academico\/#primaryimage","url":"https:\/\/www.cetys.mx\/noticias\/wp-content\/uploads\/2025\/11\/Clase-economia-Lic.-en-Mercadotecnia-estrategica-CETYSTij.png","contentUrl":"https:\/\/www.cetys.mx\/noticias\/wp-content\/uploads\/2025\/11\/Clase-economia-Lic.-en-Mercadotecnia-estrategica-CETYSTij.png","width":958,"height":637},{"@type":"BreadcrumbList","@id":"https:\/\/www.cetys.mx\/noticias\/estudiantes-de-mercadotecnia-estrategica-analizan-la-brecha-salarial-de-genero-en-panel-academico\/#breadcrumb","itemListElement":[{"@type":"ListItem","position":1,"name":"Inicio","item":"https:\/\/www.cetys.mx\/noticias\/"},{"@type":"ListItem","position":2,"name":"Estudiantes de Mercadotecnia Estrat\u00e9gica analizan la brecha salarial de g\u00e9nero en panel acad\u00e9mico"}]},{"@type":"WebSite","@id":"https:\/\/www.cetys.mx\/noticias\/#website","url":"https:\/\/www.cetys.mx\/noticias\/","name":"CETYS","description":"","potentialAction":[{"@type":"SearchAction","target":{"@type":"EntryPoint","urlTemplate":"https:\/\/www.cetys.mx\/noticias\/?s={search_term_string}"},"query-input":{"@type":"PropertyValueSpecification","valueRequired":true,"valueName":"search_term_string"}}],"inLanguage":"es"},{"@type":"Person","@id":"https:\/\/www.cetys.mx\/noticias\/#\/schema\/person\/e790051ce60e18ae47cfa87011c8653f","name":"Campus Tijuana","url":"https:\/\/www.cetys.mx\/noticias\/author\/campustijuana\/"}]}},"_links":{"self":[{"href":"https:\/\/www.cetys.mx\/noticias\/wp-json\/wp\/v2\/posts\/218372","targetHints":{"allow":["GET"]}}],"collection":[{"href":"https:\/\/www.cetys.mx\/noticias\/wp-json\/wp\/v2\/posts"}],"about":[{"href":"https:\/\/www.cetys.mx\/noticias\/wp-json\/wp\/v2\/types\/post"}],"author":[{"embeddable":true,"href":"https:\/\/www.cetys.mx\/noticias\/wp-json\/wp\/v2\/users\/24"}],"replies":[{"embeddable":true,"href":"https:\/\/www.cetys.mx\/noticias\/wp-json\/wp\/v2\/comments?post=218372"}],"version-history":[{"count":1,"href":"https:\/\/www.cetys.mx\/noticias\/wp-json\/wp\/v2\/posts\/218372\/revisions"}],"predecessor-version":[{"id":218381,"href":"https:\/\/www.cetys.mx\/noticias\/wp-json\/wp\/v2\/posts\/218372\/revisions\/218381"}],"wp:featuredmedia":[{"embeddable":true,"href":"https:\/\/www.cetys.mx\/noticias\/wp-json\/wp\/v2\/media\/218380"}],"wp:attachment":[{"href":"https:\/\/www.cetys.mx\/noticias\/wp-json\/wp\/v2\/media?parent=218372"}],"wp:term":[{"taxonomy":"category","embeddable":true,"href":"https:\/\/www.cetys.mx\/noticias\/wp-json\/wp\/v2\/categories?post=218372"},{"taxonomy":"post_tag","embeddable":true,"href":"https:\/\/www.cetys.mx\/noticias\/wp-json\/wp\/v2\/tags?post=218372"}],"curies":[{"name":"wp","href":"https:\/\/api.w.org\/{rel}","templated":true}]}}