{"id":218287,"date":"2025-11-26T14:52:08","date_gmt":"2025-11-26T22:52:08","guid":{"rendered":"https:\/\/www.cetys.mx\/noticias\/?p=218287"},"modified":"2025-11-26T14:52:08","modified_gmt":"2025-11-26T22:52:08","slug":"estudiantes-de-ingenieria-en-diseno-grafico-digital-presentan-la-exposicion-diseno-sin-fronteras","status":"publish","type":"post","link":"https:\/\/www.cetys.mx\/noticias\/estudiantes-de-ingenieria-en-diseno-grafico-digital-presentan-la-exposicion-diseno-sin-fronteras\/","title":{"rendered":"Estudiantes de Ingenier\u00eda en Dise\u00f1o Gr\u00e1fico Digital presentan la exposici\u00f3n \u201cDise\u00f1o sin Fronteras\u201d"},"content":{"rendered":"<p data-start=\"274\" data-end=\"579\">Estudiantes de segundo semestre de la carrera Ingenier\u00eda en Dise\u00f1o Gr\u00e1fico Digital de CETYS Universidad Campus Tijuana presentaron la exposici\u00f3n <strong data-start=\"419\" data-end=\"445\">\u201cDise\u00f1o sin Fronteras\u201d<\/strong>, una muestra de trabajos elaborados en la materia <em data-start=\"496\" data-end=\"525\">Semi\u00f3tica y Ret\u00f3rica Visual<\/em> bajo la asesor\u00eda del <strong data-start=\"547\" data-end=\"578\">Dr. Fabi\u00e1n Bautista Saucedo<\/strong>.<\/p>\n<p data-start=\"581\" data-end=\"833\">La exhibici\u00f3n re\u00fane carteles cient\u00edficos, visuales y dise\u00f1os digitales alternos que abordan de manera cr\u00edtica diversas problem\u00e1ticas sociales presentes en Tijuana, tales como <strong data-start=\"788\" data-end=\"832\">migraci\u00f3n, inclusi\u00f3n y acceso a recursos<\/strong>.<\/p>\n<p data-start=\"835\" data-end=\"1253\">A trav\u00e9s del uso del <strong data-start=\"856\" data-end=\"878\">modelo de Jakobson<\/strong>, las y los estudiantes analizaron c\u00f3mo la comunicaci\u00f3n visual puede trascender la est\u00e9tica para convertirse en un acto de empat\u00eda y reflexi\u00f3n social. Con estos proyectos, la comunidad estudiantil evidencia c\u00f3mo el dise\u00f1o tambi\u00e9n es una herramienta para visibilizar realidades, fomentar di\u00e1logo y reforzar el <strong data-start=\"1187\" data-end=\"1231\">Modelo de Aprendizaje Multi-experiencial<\/strong> de CETYS Universidad.<\/p>\n<div class=\"gallery-slider-wrapper gallery-1\">\n                        <div class=\"gallery-slider\" itemscope itemtype=\"http:\/\/schema.org\/ImageGallery\"><figure class=\"slide\" itemprop=\"associatedMedia\" itemscope itemtype=\"http:\/\/schema.org\/ImageObject\">\n                    <a itemprop=\"contentUrl\" href=\"https:\/\/www.cetys.mx\/noticias\/wp-content\/uploads\/2025\/11\/Exhibicion-DIseno-sin-fronteras-IDGD-CETYS-Tijuana-7.png\">\n                        <img decoding=\"async\" itemprop=\"thumbnail\" class=\"lazyOwl\" src=\"https:\/\/www.cetys.mx\/noticias\/wp-content\/plugins\/jmagz-plugin\/assets\/placeholder\/900x450.png\" data-src=\"https:\/\/www.cetys.mx\/noticias\/wp-content\/uploads\/2025\/11\/Exhibicion-DIseno-sin-fronteras-IDGD-CETYS-Tijuana-7.png\" alt=\"Exhibicion DIseno sin fronteras IDGD CETYS Tijuana (7)\">\n                    <\/a>\n                    <figcaption itemprop=\"caption description\" class=\"slide-caption\">\n                        \n                    <\/figcaption>\n                <\/figure><figure class=\"slide\" itemprop=\"associatedMedia\" itemscope itemtype=\"http:\/\/schema.org\/ImageObject\">\n                    <a itemprop=\"contentUrl\" href=\"https:\/\/www.cetys.mx\/noticias\/wp-content\/uploads\/2025\/11\/Exhibicion-DIseno-sin-fronteras-IDGD-CETYS-Tijuana-6.png\">\n                        <img decoding=\"async\" itemprop=\"thumbnail\" class=\"lazyOwl\" src=\"https:\/\/www.cetys.mx\/noticias\/wp-content\/plugins\/jmagz-plugin\/assets\/placeholder\/900x450.png\" data-src=\"https:\/\/www.cetys.mx\/noticias\/wp-content\/uploads\/2025\/11\/Exhibicion-DIseno-sin-fronteras-IDGD-CETYS-Tijuana-6.png\" alt=\"Exhibicion DIseno sin fronteras IDGD CETYS Tijuana (6)\">\n                    <\/a>\n                    <figcaption itemprop=\"caption description\" class=\"slide-caption\">\n                        \n                    <\/figcaption>\n                <\/figure><figure class=\"slide\" itemprop=\"associatedMedia\" itemscope itemtype=\"http:\/\/schema.org\/ImageObject\">\n                    <a itemprop=\"contentUrl\" href=\"https:\/\/www.cetys.mx\/noticias\/wp-content\/uploads\/2025\/11\/Exhibicion-DIseno-sin-fronteras-IDGD-CETYS-Tijuana-5.png\">\n                        <img decoding=\"async\" itemprop=\"thumbnail\" class=\"lazyOwl\" src=\"https:\/\/www.cetys.mx\/noticias\/wp-content\/plugins\/jmagz-plugin\/assets\/placeholder\/900x450.png\" data-src=\"https:\/\/www.cetys.mx\/noticias\/wp-content\/uploads\/2025\/11\/Exhibicion-DIseno-sin-fronteras-IDGD-CETYS-Tijuana-5.png\" alt=\"Exhibicion DIseno sin fronteras IDGD CETYS Tijuana (5)\">\n                    <\/a>\n                    <figcaption itemprop=\"caption description\" class=\"slide-caption\">\n                        \n                    <\/figcaption>\n                <\/figure><figure class=\"slide\" itemprop=\"associatedMedia\" itemscope itemtype=\"http:\/\/schema.org\/ImageObject\">\n                    <a itemprop=\"contentUrl\" href=\"https:\/\/www.cetys.mx\/noticias\/wp-content\/uploads\/2025\/11\/Exhibicion-DIseno-sin-fronteras-IDGD-CETYS-Tijuana-4.png\">\n                        <img decoding=\"async\" itemprop=\"thumbnail\" class=\"lazyOwl\" src=\"https:\/\/www.cetys.mx\/noticias\/wp-content\/plugins\/jmagz-plugin\/assets\/placeholder\/900x450.png\" data-src=\"https:\/\/www.cetys.mx\/noticias\/wp-content\/uploads\/2025\/11\/Exhibicion-DIseno-sin-fronteras-IDGD-CETYS-Tijuana-4.png\" alt=\"Exhibicion DIseno sin fronteras IDGD CETYS Tijuana (4)\">\n                    <\/a>\n                    <figcaption itemprop=\"caption description\" class=\"slide-caption\">\n                        \n                    <\/figcaption>\n                <\/figure><figure class=\"slide\" itemprop=\"associatedMedia\" itemscope itemtype=\"http:\/\/schema.org\/ImageObject\">\n                    <a itemprop=\"contentUrl\" href=\"https:\/\/www.cetys.mx\/noticias\/wp-content\/uploads\/2025\/11\/Exhibicion-DIseno-sin-fronteras-IDGD-CETYS-Tijuana-3.png\">\n                        <img decoding=\"async\" itemprop=\"thumbnail\" class=\"lazyOwl\" src=\"https:\/\/www.cetys.mx\/noticias\/wp-content\/plugins\/jmagz-plugin\/assets\/placeholder\/900x450.png\" data-src=\"https:\/\/www.cetys.mx\/noticias\/wp-content\/uploads\/2025\/11\/Exhibicion-DIseno-sin-fronteras-IDGD-CETYS-Tijuana-3.png\" alt=\"Exhibicion DIseno sin fronteras IDGD CETYS Tijuana (3)\">\n                    <\/a>\n                    <figcaption itemprop=\"caption description\" class=\"slide-caption\">\n                        \n                    <\/figcaption>\n                <\/figure><figure class=\"slide\" itemprop=\"associatedMedia\" itemscope itemtype=\"http:\/\/schema.org\/ImageObject\">\n                    <a itemprop=\"contentUrl\" href=\"https:\/\/www.cetys.mx\/noticias\/wp-content\/uploads\/2025\/11\/Exhibicion-DIseno-sin-fronteras-IDGD-CETYS-Tijuana-2.png\">\n                        <img decoding=\"async\" itemprop=\"thumbnail\" class=\"lazyOwl\" src=\"https:\/\/www.cetys.mx\/noticias\/wp-content\/plugins\/jmagz-plugin\/assets\/placeholder\/900x450.png\" data-src=\"https:\/\/www.cetys.mx\/noticias\/wp-content\/uploads\/2025\/11\/Exhibicion-DIseno-sin-fronteras-IDGD-CETYS-Tijuana-2.png\" alt=\"Exhibicion DIseno sin fronteras IDGD CETYS Tijuana (2)\">\n                    <\/a>\n                    <figcaption itemprop=\"caption description\" class=\"slide-caption\">\n                        \n                    <\/figcaption>\n                <\/figure><\/div>\n                <div class=\"gallery-slider-thumbnail-wrapper\">\n                    <div class=\"gallery-slider-thumbnail\"><div class=\"slide-thumbnail\"><img decoding=\"async\" class=\"lazyOwl\" src=\"https:\/\/www.cetys.mx\/noticias\/wp-content\/plugins\/jmagz-plugin\/assets\/placeholder\/150x75.png\" data-src=\"https:\/\/www.cetys.mx\/noticias\/wp-content\/uploads\/2025\/11\/Exhibicion-DIseno-sin-fronteras-IDGD-CETYS-Tijuana-7.png\" alt=\"Exhibicion DIseno sin fronteras IDGD CETYS Tijuana (7)\"><\/div><div class=\"slide-thumbnail\"><img decoding=\"async\" class=\"lazyOwl\" src=\"https:\/\/www.cetys.mx\/noticias\/wp-content\/plugins\/jmagz-plugin\/assets\/placeholder\/150x75.png\" data-src=\"https:\/\/www.cetys.mx\/noticias\/wp-content\/uploads\/2025\/11\/Exhibicion-DIseno-sin-fronteras-IDGD-CETYS-Tijuana-6.png\" alt=\"Exhibicion DIseno sin fronteras IDGD CETYS Tijuana (6)\"><\/div><div class=\"slide-thumbnail\"><img decoding=\"async\" class=\"lazyOwl\" src=\"https:\/\/www.cetys.mx\/noticias\/wp-content\/plugins\/jmagz-plugin\/assets\/placeholder\/150x75.png\" data-src=\"https:\/\/www.cetys.mx\/noticias\/wp-content\/uploads\/2025\/11\/Exhibicion-DIseno-sin-fronteras-IDGD-CETYS-Tijuana-5.png\" alt=\"Exhibicion DIseno sin fronteras IDGD CETYS Tijuana (5)\"><\/div><div class=\"slide-thumbnail\"><img decoding=\"async\" class=\"lazyOwl\" src=\"https:\/\/www.cetys.mx\/noticias\/wp-content\/plugins\/jmagz-plugin\/assets\/placeholder\/150x75.png\" data-src=\"https:\/\/www.cetys.mx\/noticias\/wp-content\/uploads\/2025\/11\/Exhibicion-DIseno-sin-fronteras-IDGD-CETYS-Tijuana-4.png\" alt=\"Exhibicion DIseno sin fronteras IDGD CETYS Tijuana (4)\"><\/div><div class=\"slide-thumbnail\"><img decoding=\"async\" class=\"lazyOwl\" src=\"https:\/\/www.cetys.mx\/noticias\/wp-content\/plugins\/jmagz-plugin\/assets\/placeholder\/150x75.png\" data-src=\"https:\/\/www.cetys.mx\/noticias\/wp-content\/uploads\/2025\/11\/Exhibicion-DIseno-sin-fronteras-IDGD-CETYS-Tijuana-3.png\" alt=\"Exhibicion DIseno sin fronteras IDGD CETYS Tijuana (3)\"><\/div><div class=\"slide-thumbnail\"><img decoding=\"async\" class=\"lazyOwl\" src=\"https:\/\/www.cetys.mx\/noticias\/wp-content\/plugins\/jmagz-plugin\/assets\/placeholder\/150x75.png\" data-src=\"https:\/\/www.cetys.mx\/noticias\/wp-content\/uploads\/2025\/11\/Exhibicion-DIseno-sin-fronteras-IDGD-CETYS-Tijuana-2.png\" alt=\"Exhibicion DIseno sin fronteras IDGD CETYS Tijuana (2)\"><\/div><\/div><\/div><\/div>\n","protected":false},"excerpt":{"rendered":"<p>Estudiantes de segundo semestre de la carrera Ingenier\u00eda en Dise\u00f1o Gr\u00e1fico Digital de CETYS Universidad Campus Tijuana presentaron la exposici\u00f3n \u201cDise\u00f1o sin&#8230;<\/p>\n","protected":false},"author":24,"featured_media":218293,"comment_status":"open","ping_status":"closed","sticky":false,"template":"","format":"standard","meta":{"footnotes":""},"categories":[134,313],"tags":[328,6509],"class_list":["post-218287","post","type-post","status-publish","format-standard","has-post-thumbnail","hentry","category-campus-tijuana","category-vocetys-2","tag-campustijuana","tag-disenograficodigital"],"yoast_head":"<!-- This site is optimized with the Yoast SEO plugin v27.4 - https:\/\/yoast.com\/product\/yoast-seo-wordpress\/ -->\n<title>Estudiantes de Ingenier\u00eda en Dise\u00f1o Gr\u00e1fico Digital presentan la exposici\u00f3n \u201cDise\u00f1o sin Fronteras\u201d - CETYS<\/title>\n<meta name=\"description\" content=\"Articulo sobre Estudiantes de Ingenier\u00eda en Dise\u00f1o Gr\u00e1fico Digital presentan la exposici\u00f3n \u201cDise\u00f1o sin Fronteras\u201d\" \/>\n<meta name=\"robots\" content=\"index, follow, max-snippet:-1, max-image-preview:large, max-video-preview:-1\" \/>\n<link rel=\"canonical\" href=\"https:\/\/www.cetys.mx\/noticias\/estudiantes-de-ingenieria-en-diseno-grafico-digital-presentan-la-exposicion-diseno-sin-fronteras\/\" \/>\n<meta property=\"og:locale\" content=\"es_MX\" \/>\n<meta property=\"og:type\" content=\"article\" \/>\n<meta property=\"og:title\" content=\"Estudiantes de Ingenier\u00eda en Dise\u00f1o Gr\u00e1fico Digital presentan la exposici\u00f3n \u201cDise\u00f1o sin Fronteras\u201d - CETYS\" \/>\n<meta property=\"og:description\" content=\"Articulo sobre Estudiantes de Ingenier\u00eda en Dise\u00f1o Gr\u00e1fico Digital presentan la exposici\u00f3n \u201cDise\u00f1o sin Fronteras\u201d\" \/>\n<meta property=\"og:url\" content=\"https:\/\/www.cetys.mx\/noticias\/estudiantes-de-ingenieria-en-diseno-grafico-digital-presentan-la-exposicion-diseno-sin-fronteras\/\" \/>\n<meta property=\"og:site_name\" content=\"CETYS\" \/>\n<meta property=\"article:publisher\" content=\"https:\/\/www.facebook.com\/cetysuniversidadmxl\/\" \/>\n<meta property=\"article:published_time\" content=\"2025-11-26T22:52:08+00:00\" \/>\n<meta property=\"og:image\" content=\"https:\/\/www.cetys.mx\/noticias\/wp-content\/uploads\/2025\/11\/Exhibicion-DIseno-sin-fronteras-IDGD-CETYS-Tijuana-2.png\" \/>\n\t<meta property=\"og:image:width\" content=\"958\" \/>\n\t<meta property=\"og:image:height\" content=\"637\" \/>\n\t<meta property=\"og:image:type\" content=\"image\/png\" \/>\n<meta name=\"author\" content=\"Campus Tijuana\" \/>\n<meta name=\"twitter:card\" content=\"summary_large_image\" \/>\n<meta name=\"twitter:creator\" content=\"@cetysuni\" \/>\n<meta name=\"twitter:site\" content=\"@cetysuni\" \/>\n<meta name=\"twitter:label1\" content=\"Escrito por\" \/>\n\t<meta name=\"twitter:data1\" content=\"Campus Tijuana\" \/>\n\t<meta name=\"twitter:label2\" content=\"Tiempo de lectura\" \/>\n\t<meta name=\"twitter:data2\" content=\"1 minuto\" \/>\n<script type=\"application\/ld+json\" class=\"yoast-schema-graph\">{\"@context\":\"https:\\\/\\\/schema.org\",\"@graph\":[{\"@type\":\"Article\",\"@id\":\"https:\\\/\\\/www.cetys.mx\\\/noticias\\\/estudiantes-de-ingenieria-en-diseno-grafico-digital-presentan-la-exposicion-diseno-sin-fronteras\\\/#article\",\"isPartOf\":{\"@id\":\"https:\\\/\\\/www.cetys.mx\\\/noticias\\\/estudiantes-de-ingenieria-en-diseno-grafico-digital-presentan-la-exposicion-diseno-sin-fronteras\\\/\"},\"author\":{\"name\":\"Campus Tijuana\",\"@id\":\"https:\\\/\\\/www.cetys.mx\\\/noticias\\\/#\\\/schema\\\/person\\\/e790051ce60e18ae47cfa87011c8653f\"},\"headline\":\"Estudiantes de Ingenier\u00eda en Dise\u00f1o Gr\u00e1fico Digital presentan la exposici\u00f3n \u201cDise\u00f1o sin Fronteras\u201d\",\"datePublished\":\"2025-11-26T22:52:08+00:00\",\"mainEntityOfPage\":{\"@id\":\"https:\\\/\\\/www.cetys.mx\\\/noticias\\\/estudiantes-de-ingenieria-en-diseno-grafico-digital-presentan-la-exposicion-diseno-sin-fronteras\\\/\"},\"wordCount\":184,\"commentCount\":0,\"image\":{\"@id\":\"https:\\\/\\\/www.cetys.mx\\\/noticias\\\/estudiantes-de-ingenieria-en-diseno-grafico-digital-presentan-la-exposicion-diseno-sin-fronteras\\\/#primaryimage\"},\"thumbnailUrl\":\"https:\\\/\\\/www.cetys.mx\\\/noticias\\\/wp-content\\\/uploads\\\/2025\\\/11\\\/Exhibicion-DIseno-sin-fronteras-IDGD-CETYS-Tijuana-2.png\",\"keywords\":[\"campustijuana\",\"DisenoGraficoDigital\"],\"articleSection\":[\"Campus Tijuana\",\"VoCETYS\"],\"inLanguage\":\"es\",\"potentialAction\":[{\"@type\":\"CommentAction\",\"name\":\"Comment\",\"target\":[\"https:\\\/\\\/www.cetys.mx\\\/noticias\\\/estudiantes-de-ingenieria-en-diseno-grafico-digital-presentan-la-exposicion-diseno-sin-fronteras\\\/#respond\"]}]},{\"@type\":\"WebPage\",\"@id\":\"https:\\\/\\\/www.cetys.mx\\\/noticias\\\/estudiantes-de-ingenieria-en-diseno-grafico-digital-presentan-la-exposicion-diseno-sin-fronteras\\\/\",\"url\":\"https:\\\/\\\/www.cetys.mx\\\/noticias\\\/estudiantes-de-ingenieria-en-diseno-grafico-digital-presentan-la-exposicion-diseno-sin-fronteras\\\/\",\"name\":\"Estudiantes de Ingenier\u00eda en Dise\u00f1o Gr\u00e1fico Digital presentan la exposici\u00f3n \u201cDise\u00f1o sin Fronteras\u201d - CETYS\",\"isPartOf\":{\"@id\":\"https:\\\/\\\/www.cetys.mx\\\/noticias\\\/#website\"},\"primaryImageOfPage\":{\"@id\":\"https:\\\/\\\/www.cetys.mx\\\/noticias\\\/estudiantes-de-ingenieria-en-diseno-grafico-digital-presentan-la-exposicion-diseno-sin-fronteras\\\/#primaryimage\"},\"image\":{\"@id\":\"https:\\\/\\\/www.cetys.mx\\\/noticias\\\/estudiantes-de-ingenieria-en-diseno-grafico-digital-presentan-la-exposicion-diseno-sin-fronteras\\\/#primaryimage\"},\"thumbnailUrl\":\"https:\\\/\\\/www.cetys.mx\\\/noticias\\\/wp-content\\\/uploads\\\/2025\\\/11\\\/Exhibicion-DIseno-sin-fronteras-IDGD-CETYS-Tijuana-2.png\",\"datePublished\":\"2025-11-26T22:52:08+00:00\",\"author\":{\"@id\":\"https:\\\/\\\/www.cetys.mx\\\/noticias\\\/#\\\/schema\\\/person\\\/e790051ce60e18ae47cfa87011c8653f\"},\"description\":\"Articulo sobre Estudiantes de Ingenier\u00eda en Dise\u00f1o Gr\u00e1fico Digital presentan la exposici\u00f3n \u201cDise\u00f1o sin Fronteras\u201d\",\"breadcrumb\":{\"@id\":\"https:\\\/\\\/www.cetys.mx\\\/noticias\\\/estudiantes-de-ingenieria-en-diseno-grafico-digital-presentan-la-exposicion-diseno-sin-fronteras\\\/#breadcrumb\"},\"inLanguage\":\"es\",\"potentialAction\":[{\"@type\":\"ReadAction\",\"target\":[\"https:\\\/\\\/www.cetys.mx\\\/noticias\\\/estudiantes-de-ingenieria-en-diseno-grafico-digital-presentan-la-exposicion-diseno-sin-fronteras\\\/\"]}]},{\"@type\":\"ImageObject\",\"inLanguage\":\"es\",\"@id\":\"https:\\\/\\\/www.cetys.mx\\\/noticias\\\/estudiantes-de-ingenieria-en-diseno-grafico-digital-presentan-la-exposicion-diseno-sin-fronteras\\\/#primaryimage\",\"url\":\"https:\\\/\\\/www.cetys.mx\\\/noticias\\\/wp-content\\\/uploads\\\/2025\\\/11\\\/Exhibicion-DIseno-sin-fronteras-IDGD-CETYS-Tijuana-2.png\",\"contentUrl\":\"https:\\\/\\\/www.cetys.mx\\\/noticias\\\/wp-content\\\/uploads\\\/2025\\\/11\\\/Exhibicion-DIseno-sin-fronteras-IDGD-CETYS-Tijuana-2.png\",\"width\":958,\"height\":637},{\"@type\":\"BreadcrumbList\",\"@id\":\"https:\\\/\\\/www.cetys.mx\\\/noticias\\\/estudiantes-de-ingenieria-en-diseno-grafico-digital-presentan-la-exposicion-diseno-sin-fronteras\\\/#breadcrumb\",\"itemListElement\":[{\"@type\":\"ListItem\",\"position\":1,\"name\":\"Inicio\",\"item\":\"https:\\\/\\\/www.cetys.mx\\\/noticias\\\/\"},{\"@type\":\"ListItem\",\"position\":2,\"name\":\"Estudiantes de Ingenier\u00eda en Dise\u00f1o Gr\u00e1fico Digital presentan la exposici\u00f3n \u201cDise\u00f1o sin Fronteras\u201d\"}]},{\"@type\":\"WebSite\",\"@id\":\"https:\\\/\\\/www.cetys.mx\\\/noticias\\\/#website\",\"url\":\"https:\\\/\\\/www.cetys.mx\\\/noticias\\\/\",\"name\":\"CETYS\",\"description\":\"\",\"potentialAction\":[{\"@type\":\"SearchAction\",\"target\":{\"@type\":\"EntryPoint\",\"urlTemplate\":\"https:\\\/\\\/www.cetys.mx\\\/noticias\\\/?s={search_term_string}\"},\"query-input\":{\"@type\":\"PropertyValueSpecification\",\"valueRequired\":true,\"valueName\":\"search_term_string\"}}],\"inLanguage\":\"es\"},{\"@type\":\"Person\",\"@id\":\"https:\\\/\\\/www.cetys.mx\\\/noticias\\\/#\\\/schema\\\/person\\\/e790051ce60e18ae47cfa87011c8653f\",\"name\":\"Campus Tijuana\",\"url\":\"https:\\\/\\\/www.cetys.mx\\\/noticias\\\/author\\\/campustijuana\\\/\"}]}<\/script>\n<!-- \/ Yoast SEO plugin. -->","yoast_head_json":{"title":"Estudiantes de Ingenier\u00eda en Dise\u00f1o Gr\u00e1fico Digital presentan la exposici\u00f3n \u201cDise\u00f1o sin Fronteras\u201d - CETYS","description":"Articulo sobre Estudiantes de Ingenier\u00eda en Dise\u00f1o Gr\u00e1fico Digital presentan la exposici\u00f3n \u201cDise\u00f1o sin Fronteras\u201d","robots":{"index":"index","follow":"follow","max-snippet":"max-snippet:-1","max-image-preview":"max-image-preview:large","max-video-preview":"max-video-preview:-1"},"canonical":"https:\/\/www.cetys.mx\/noticias\/estudiantes-de-ingenieria-en-diseno-grafico-digital-presentan-la-exposicion-diseno-sin-fronteras\/","og_locale":"es_MX","og_type":"article","og_title":"Estudiantes de Ingenier\u00eda en Dise\u00f1o Gr\u00e1fico Digital presentan la exposici\u00f3n \u201cDise\u00f1o sin Fronteras\u201d - CETYS","og_description":"Articulo sobre Estudiantes de Ingenier\u00eda en Dise\u00f1o Gr\u00e1fico Digital presentan la exposici\u00f3n \u201cDise\u00f1o sin Fronteras\u201d","og_url":"https:\/\/www.cetys.mx\/noticias\/estudiantes-de-ingenieria-en-diseno-grafico-digital-presentan-la-exposicion-diseno-sin-fronteras\/","og_site_name":"CETYS","article_publisher":"https:\/\/www.facebook.com\/cetysuniversidadmxl\/","article_published_time":"2025-11-26T22:52:08+00:00","og_image":[{"width":958,"height":637,"url":"https:\/\/www.cetys.mx\/noticias\/wp-content\/uploads\/2025\/11\/Exhibicion-DIseno-sin-fronteras-IDGD-CETYS-Tijuana-2.png","type":"image\/png"}],"author":"Campus Tijuana","twitter_card":"summary_large_image","twitter_creator":"@cetysuni","twitter_site":"@cetysuni","twitter_misc":{"Escrito por":"Campus Tijuana","Tiempo de lectura":"1 minuto"},"schema":{"@context":"https:\/\/schema.org","@graph":[{"@type":"Article","@id":"https:\/\/www.cetys.mx\/noticias\/estudiantes-de-ingenieria-en-diseno-grafico-digital-presentan-la-exposicion-diseno-sin-fronteras\/#article","isPartOf":{"@id":"https:\/\/www.cetys.mx\/noticias\/estudiantes-de-ingenieria-en-diseno-grafico-digital-presentan-la-exposicion-diseno-sin-fronteras\/"},"author":{"name":"Campus Tijuana","@id":"https:\/\/www.cetys.mx\/noticias\/#\/schema\/person\/e790051ce60e18ae47cfa87011c8653f"},"headline":"Estudiantes de Ingenier\u00eda en Dise\u00f1o Gr\u00e1fico Digital presentan la exposici\u00f3n \u201cDise\u00f1o sin Fronteras\u201d","datePublished":"2025-11-26T22:52:08+00:00","mainEntityOfPage":{"@id":"https:\/\/www.cetys.mx\/noticias\/estudiantes-de-ingenieria-en-diseno-grafico-digital-presentan-la-exposicion-diseno-sin-fronteras\/"},"wordCount":184,"commentCount":0,"image":{"@id":"https:\/\/www.cetys.mx\/noticias\/estudiantes-de-ingenieria-en-diseno-grafico-digital-presentan-la-exposicion-diseno-sin-fronteras\/#primaryimage"},"thumbnailUrl":"https:\/\/www.cetys.mx\/noticias\/wp-content\/uploads\/2025\/11\/Exhibicion-DIseno-sin-fronteras-IDGD-CETYS-Tijuana-2.png","keywords":["campustijuana","DisenoGraficoDigital"],"articleSection":["Campus Tijuana","VoCETYS"],"inLanguage":"es","potentialAction":[{"@type":"CommentAction","name":"Comment","target":["https:\/\/www.cetys.mx\/noticias\/estudiantes-de-ingenieria-en-diseno-grafico-digital-presentan-la-exposicion-diseno-sin-fronteras\/#respond"]}]},{"@type":"WebPage","@id":"https:\/\/www.cetys.mx\/noticias\/estudiantes-de-ingenieria-en-diseno-grafico-digital-presentan-la-exposicion-diseno-sin-fronteras\/","url":"https:\/\/www.cetys.mx\/noticias\/estudiantes-de-ingenieria-en-diseno-grafico-digital-presentan-la-exposicion-diseno-sin-fronteras\/","name":"Estudiantes de Ingenier\u00eda en Dise\u00f1o Gr\u00e1fico Digital presentan la exposici\u00f3n \u201cDise\u00f1o sin Fronteras\u201d - CETYS","isPartOf":{"@id":"https:\/\/www.cetys.mx\/noticias\/#website"},"primaryImageOfPage":{"@id":"https:\/\/www.cetys.mx\/noticias\/estudiantes-de-ingenieria-en-diseno-grafico-digital-presentan-la-exposicion-diseno-sin-fronteras\/#primaryimage"},"image":{"@id":"https:\/\/www.cetys.mx\/noticias\/estudiantes-de-ingenieria-en-diseno-grafico-digital-presentan-la-exposicion-diseno-sin-fronteras\/#primaryimage"},"thumbnailUrl":"https:\/\/www.cetys.mx\/noticias\/wp-content\/uploads\/2025\/11\/Exhibicion-DIseno-sin-fronteras-IDGD-CETYS-Tijuana-2.png","datePublished":"2025-11-26T22:52:08+00:00","author":{"@id":"https:\/\/www.cetys.mx\/noticias\/#\/schema\/person\/e790051ce60e18ae47cfa87011c8653f"},"description":"Articulo sobre Estudiantes de Ingenier\u00eda en Dise\u00f1o Gr\u00e1fico Digital presentan la exposici\u00f3n \u201cDise\u00f1o sin Fronteras\u201d","breadcrumb":{"@id":"https:\/\/www.cetys.mx\/noticias\/estudiantes-de-ingenieria-en-diseno-grafico-digital-presentan-la-exposicion-diseno-sin-fronteras\/#breadcrumb"},"inLanguage":"es","potentialAction":[{"@type":"ReadAction","target":["https:\/\/www.cetys.mx\/noticias\/estudiantes-de-ingenieria-en-diseno-grafico-digital-presentan-la-exposicion-diseno-sin-fronteras\/"]}]},{"@type":"ImageObject","inLanguage":"es","@id":"https:\/\/www.cetys.mx\/noticias\/estudiantes-de-ingenieria-en-diseno-grafico-digital-presentan-la-exposicion-diseno-sin-fronteras\/#primaryimage","url":"https:\/\/www.cetys.mx\/noticias\/wp-content\/uploads\/2025\/11\/Exhibicion-DIseno-sin-fronteras-IDGD-CETYS-Tijuana-2.png","contentUrl":"https:\/\/www.cetys.mx\/noticias\/wp-content\/uploads\/2025\/11\/Exhibicion-DIseno-sin-fronteras-IDGD-CETYS-Tijuana-2.png","width":958,"height":637},{"@type":"BreadcrumbList","@id":"https:\/\/www.cetys.mx\/noticias\/estudiantes-de-ingenieria-en-diseno-grafico-digital-presentan-la-exposicion-diseno-sin-fronteras\/#breadcrumb","itemListElement":[{"@type":"ListItem","position":1,"name":"Inicio","item":"https:\/\/www.cetys.mx\/noticias\/"},{"@type":"ListItem","position":2,"name":"Estudiantes de Ingenier\u00eda en Dise\u00f1o Gr\u00e1fico Digital presentan la exposici\u00f3n \u201cDise\u00f1o sin Fronteras\u201d"}]},{"@type":"WebSite","@id":"https:\/\/www.cetys.mx\/noticias\/#website","url":"https:\/\/www.cetys.mx\/noticias\/","name":"CETYS","description":"","potentialAction":[{"@type":"SearchAction","target":{"@type":"EntryPoint","urlTemplate":"https:\/\/www.cetys.mx\/noticias\/?s={search_term_string}"},"query-input":{"@type":"PropertyValueSpecification","valueRequired":true,"valueName":"search_term_string"}}],"inLanguage":"es"},{"@type":"Person","@id":"https:\/\/www.cetys.mx\/noticias\/#\/schema\/person\/e790051ce60e18ae47cfa87011c8653f","name":"Campus Tijuana","url":"https:\/\/www.cetys.mx\/noticias\/author\/campustijuana\/"}]}},"_links":{"self":[{"href":"https:\/\/www.cetys.mx\/noticias\/wp-json\/wp\/v2\/posts\/218287","targetHints":{"allow":["GET"]}}],"collection":[{"href":"https:\/\/www.cetys.mx\/noticias\/wp-json\/wp\/v2\/posts"}],"about":[{"href":"https:\/\/www.cetys.mx\/noticias\/wp-json\/wp\/v2\/types\/post"}],"author":[{"embeddable":true,"href":"https:\/\/www.cetys.mx\/noticias\/wp-json\/wp\/v2\/users\/24"}],"replies":[{"embeddable":true,"href":"https:\/\/www.cetys.mx\/noticias\/wp-json\/wp\/v2\/comments?post=218287"}],"version-history":[{"count":1,"href":"https:\/\/www.cetys.mx\/noticias\/wp-json\/wp\/v2\/posts\/218287\/revisions"}],"predecessor-version":[{"id":218294,"href":"https:\/\/www.cetys.mx\/noticias\/wp-json\/wp\/v2\/posts\/218287\/revisions\/218294"}],"wp:featuredmedia":[{"embeddable":true,"href":"https:\/\/www.cetys.mx\/noticias\/wp-json\/wp\/v2\/media\/218293"}],"wp:attachment":[{"href":"https:\/\/www.cetys.mx\/noticias\/wp-json\/wp\/v2\/media?parent=218287"}],"wp:term":[{"taxonomy":"category","embeddable":true,"href":"https:\/\/www.cetys.mx\/noticias\/wp-json\/wp\/v2\/categories?post=218287"},{"taxonomy":"post_tag","embeddable":true,"href":"https:\/\/www.cetys.mx\/noticias\/wp-json\/wp\/v2\/tags?post=218287"}],"curies":[{"name":"wp","href":"https:\/\/api.w.org\/{rel}","templated":true}]}}