{"id":218007,"date":"2025-11-14T19:38:34","date_gmt":"2025-11-15T03:38:34","guid":{"rendered":"https:\/\/www.cetys.mx\/noticias\/?p=218007"},"modified":"2025-11-14T19:38:34","modified_gmt":"2025-11-15T03:38:34","slug":"fortes-liderazgo-celebra-una-decada-de-impacto-en-cetys-universidad","status":"publish","type":"post","link":"https:\/\/www.cetys.mx\/noticias\/fortes-liderazgo-celebra-una-decada-de-impacto-en-cetys-universidad\/","title":{"rendered":"FORTES Liderazgo celebra una d\u00e9cada de impacto en CETYS Universidad"},"content":{"rendered":"<p data-start=\"338\" data-end=\"631\">Con motivo de su d\u00e9cimo aniversario, el programa <strong data-start=\"387\" data-end=\"407\">FORTES Liderazgo<\/strong> de CETYS Universidad celebr\u00f3 una d\u00e9cada de formaci\u00f3n integral, compromiso social y desarrollo del liderazgo estudiantil con un evento especial que reuni\u00f3 a integrantes de las tres unidades: <strong data-start=\"598\" data-end=\"630\">Mexicali, Ensenada y Tijuana<\/strong>.<\/p>\n<p data-start=\"633\" data-end=\"1106\">La celebraci\u00f3n cont\u00f3 con la presencia de autoridades institucionales, entre ellas la <strong data-start=\"718\" data-end=\"769\">Mtra. Yanina Rubio, <\/strong>Directora de CETYS Universidad Campus Tijuana, el <strong data-start=\"774\" data-end=\"831\">Mtro. Francisco Ch\u00e1vez, <\/strong>Director de \u00c9xito Estudiantil, la <strong data-start=\"836\" data-end=\"922\">Mtra. Jessica Ibarra Ramonet,<\/strong> Vicerrectora de Desarrollo y Experiencia Estudiantil del Sistema CETYS, y el <strong data-start=\"929\" data-end=\"981\">Dr. Alberto G\u00e1rate Rivera, <\/strong>Vicerrector Acad\u00e9mico del Sistema CETYS, en representaci\u00f3n del Rector del Sistema CETYS Universidad, <strong>Dr. Fernando Le\u00f3n Garc\u00eda<\/strong>.<\/p>\n<p data-start=\"1108\" data-end=\"1624\">Durante el evento, las y los asistentes participaron en la <strong data-start=\"1167\" data-end=\"1216\">Conferencia Magistral \u201cLiderazgo Estudiantil\u201d<\/strong>, impartida por el <strong data-start=\"1235\" data-end=\"1267\">Mtro. Mauricio L\u00f3pez S\u00e1nchez<\/strong>, Coordinador General del Programa V\u00e9rtice y de los Programas de Liderazgo y Excelencia en la Universidad An\u00e1huac M\u00e9xico, Campus Norte. En su mensaje, destac\u00f3 la relevancia de los espacios universitarios que impulsan el desarrollo humano, la visi\u00f3n estrat\u00e9gica y el liderazgo con prop\u00f3sito en j\u00f3venes agentes de cambio.<\/p>\n<div class=\"gallery-slider-wrapper gallery-1\">\n                        <div class=\"gallery-slider\" itemscope itemtype=\"http:\/\/schema.org\/ImageGallery\"><figure class=\"slide\" itemprop=\"associatedMedia\" itemscope itemtype=\"http:\/\/schema.org\/ImageObject\">\n                    <a itemprop=\"contentUrl\" href=\"https:\/\/www.cetys.mx\/noticias\/wp-content\/uploads\/2025\/11\/FORTES-D\u00e9cimo-aniversario-13.png\">\n                        <img decoding=\"async\" itemprop=\"thumbnail\" class=\"lazyOwl\" src=\"https:\/\/www.cetys.mx\/noticias\/wp-content\/plugins\/jmagz-plugin\/assets\/placeholder\/900x450.png\" data-src=\"https:\/\/www.cetys.mx\/noticias\/wp-content\/uploads\/2025\/11\/FORTES-D\u00e9cimo-aniversario-13.png\" alt=\"FORTES D\u00e9cimo aniversario (13)\">\n                    <\/a>\n                    <figcaption itemprop=\"caption description\" class=\"slide-caption\">\n                        \n                    <\/figcaption>\n                <\/figure><figure class=\"slide\" itemprop=\"associatedMedia\" itemscope itemtype=\"http:\/\/schema.org\/ImageObject\">\n                    <a itemprop=\"contentUrl\" href=\"https:\/\/www.cetys.mx\/noticias\/wp-content\/uploads\/2025\/11\/FORTES-D\u00e9cimo-aniversario-3-1.png\">\n                        <img decoding=\"async\" itemprop=\"thumbnail\" class=\"lazyOwl\" src=\"https:\/\/www.cetys.mx\/noticias\/wp-content\/plugins\/jmagz-plugin\/assets\/placeholder\/900x450.png\" data-src=\"https:\/\/www.cetys.mx\/noticias\/wp-content\/uploads\/2025\/11\/FORTES-D\u00e9cimo-aniversario-3-1.png\" alt=\"FORTES D\u00e9cimo aniversario (3)\">\n                    <\/a>\n                    <figcaption itemprop=\"caption description\" class=\"slide-caption\">\n                        \n                    <\/figcaption>\n                <\/figure><figure class=\"slide\" itemprop=\"associatedMedia\" itemscope itemtype=\"http:\/\/schema.org\/ImageObject\">\n                    <a itemprop=\"contentUrl\" href=\"https:\/\/www.cetys.mx\/noticias\/wp-content\/uploads\/2025\/11\/FORTES-D\u00e9cimo-aniversario-5.png\">\n                        <img decoding=\"async\" itemprop=\"thumbnail\" class=\"lazyOwl\" src=\"https:\/\/www.cetys.mx\/noticias\/wp-content\/plugins\/jmagz-plugin\/assets\/placeholder\/900x450.png\" data-src=\"https:\/\/www.cetys.mx\/noticias\/wp-content\/uploads\/2025\/11\/FORTES-D\u00e9cimo-aniversario-5.png\" alt=\"FORTES D\u00e9cimo aniversario (5)\">\n                    <\/a>\n                    <figcaption itemprop=\"caption description\" class=\"slide-caption\">\n                        \n                    <\/figcaption>\n                <\/figure><figure class=\"slide\" itemprop=\"associatedMedia\" itemscope itemtype=\"http:\/\/schema.org\/ImageObject\">\n                    <a itemprop=\"contentUrl\" href=\"https:\/\/www.cetys.mx\/noticias\/wp-content\/uploads\/2025\/11\/FORTES-D\u00e9cimo-aniversario-8.png\">\n                        <img decoding=\"async\" itemprop=\"thumbnail\" class=\"lazyOwl\" src=\"https:\/\/www.cetys.mx\/noticias\/wp-content\/plugins\/jmagz-plugin\/assets\/placeholder\/900x450.png\" data-src=\"https:\/\/www.cetys.mx\/noticias\/wp-content\/uploads\/2025\/11\/FORTES-D\u00e9cimo-aniversario-8.png\" alt=\"FORTES D\u00e9cimo aniversario (8)\">\n                    <\/a>\n                    <figcaption itemprop=\"caption description\" class=\"slide-caption\">\n                        \n                    <\/figcaption>\n                <\/figure><figure class=\"slide\" itemprop=\"associatedMedia\" itemscope itemtype=\"http:\/\/schema.org\/ImageObject\">\n                    <a itemprop=\"contentUrl\" href=\"https:\/\/www.cetys.mx\/noticias\/wp-content\/uploads\/2025\/11\/FORTES-D\u00e9cimo-aniversario-9.png\">\n                        <img decoding=\"async\" itemprop=\"thumbnail\" class=\"lazyOwl\" src=\"https:\/\/www.cetys.mx\/noticias\/wp-content\/plugins\/jmagz-plugin\/assets\/placeholder\/900x450.png\" data-src=\"https:\/\/www.cetys.mx\/noticias\/wp-content\/uploads\/2025\/11\/FORTES-D\u00e9cimo-aniversario-9.png\" alt=\"FORTES D\u00e9cimo aniversario (9)\">\n                    <\/a>\n                    <figcaption itemprop=\"caption description\" class=\"slide-caption\">\n                        \n                    <\/figcaption>\n                <\/figure><figure class=\"slide\" itemprop=\"associatedMedia\" itemscope itemtype=\"http:\/\/schema.org\/ImageObject\">\n                    <a itemprop=\"contentUrl\" href=\"https:\/\/www.cetys.mx\/noticias\/wp-content\/uploads\/2025\/11\/FORTES-D\u00e9cimo-aniversario-7.png\">\n                        <img decoding=\"async\" itemprop=\"thumbnail\" class=\"lazyOwl\" src=\"https:\/\/www.cetys.mx\/noticias\/wp-content\/plugins\/jmagz-plugin\/assets\/placeholder\/900x450.png\" data-src=\"https:\/\/www.cetys.mx\/noticias\/wp-content\/uploads\/2025\/11\/FORTES-D\u00e9cimo-aniversario-7.png\" alt=\"FORTES D\u00e9cimo aniversario (7)\">\n                    <\/a>\n                    <figcaption itemprop=\"caption description\" class=\"slide-caption\">\n                        \n                    <\/figcaption>\n                <\/figure><figure class=\"slide\" itemprop=\"associatedMedia\" itemscope itemtype=\"http:\/\/schema.org\/ImageObject\">\n                    <a itemprop=\"contentUrl\" href=\"https:\/\/www.cetys.mx\/noticias\/wp-content\/uploads\/2025\/11\/CETYS-MX-95.png\">\n                        <img decoding=\"async\" itemprop=\"thumbnail\" class=\"lazyOwl\" src=\"https:\/\/www.cetys.mx\/noticias\/wp-content\/plugins\/jmagz-plugin\/assets\/placeholder\/900x450.png\" data-src=\"https:\/\/www.cetys.mx\/noticias\/wp-content\/uploads\/2025\/11\/CETYS-MX-95.png\" alt=\"CETYS MX (95)\">\n                    <\/a>\n                    <figcaption itemprop=\"caption description\" class=\"slide-caption\">\n                        \n                    <\/figcaption>\n                <\/figure><figure class=\"slide\" itemprop=\"associatedMedia\" itemscope itemtype=\"http:\/\/schema.org\/ImageObject\">\n                    <a itemprop=\"contentUrl\" href=\"https:\/\/www.cetys.mx\/noticias\/wp-content\/uploads\/2025\/11\/FORTES-D\u00e9cimo-aniversario-10.png\">\n                        <img decoding=\"async\" itemprop=\"thumbnail\" class=\"lazyOwl\" src=\"https:\/\/www.cetys.mx\/noticias\/wp-content\/plugins\/jmagz-plugin\/assets\/placeholder\/900x450.png\" data-src=\"https:\/\/www.cetys.mx\/noticias\/wp-content\/uploads\/2025\/11\/FORTES-D\u00e9cimo-aniversario-10.png\" alt=\"FORTES D\u00e9cimo aniversario (10)\">\n                    <\/a>\n                    <figcaption itemprop=\"caption description\" class=\"slide-caption\">\n                        \n                    <\/figcaption>\n                <\/figure><figure class=\"slide\" itemprop=\"associatedMedia\" itemscope itemtype=\"http:\/\/schema.org\/ImageObject\">\n                    <a itemprop=\"contentUrl\" href=\"https:\/\/www.cetys.mx\/noticias\/wp-content\/uploads\/2025\/11\/FORTES-D\u00e9cimo-aniversario-11.png\">\n                        <img decoding=\"async\" itemprop=\"thumbnail\" class=\"lazyOwl\" src=\"https:\/\/www.cetys.mx\/noticias\/wp-content\/plugins\/jmagz-plugin\/assets\/placeholder\/900x450.png\" data-src=\"https:\/\/www.cetys.mx\/noticias\/wp-content\/uploads\/2025\/11\/FORTES-D\u00e9cimo-aniversario-11.png\" alt=\"FORTES D\u00e9cimo aniversario (11)\">\n                    <\/a>\n                    <figcaption itemprop=\"caption description\" class=\"slide-caption\">\n                        \n                    <\/figcaption>\n                <\/figure><figure class=\"slide\" itemprop=\"associatedMedia\" itemscope itemtype=\"http:\/\/schema.org\/ImageObject\">\n                    <a itemprop=\"contentUrl\" href=\"https:\/\/www.cetys.mx\/noticias\/wp-content\/uploads\/2025\/11\/FORTES-D\u00e9cimo-aniversario-6.png\">\n                        <img decoding=\"async\" itemprop=\"thumbnail\" class=\"lazyOwl\" src=\"https:\/\/www.cetys.mx\/noticias\/wp-content\/plugins\/jmagz-plugin\/assets\/placeholder\/900x450.png\" data-src=\"https:\/\/www.cetys.mx\/noticias\/wp-content\/uploads\/2025\/11\/FORTES-D\u00e9cimo-aniversario-6.png\" alt=\"FORTES D\u00e9cimo aniversario (6)\">\n                    <\/a>\n                    <figcaption itemprop=\"caption description\" class=\"slide-caption\">\n                        \n                    <\/figcaption>\n                <\/figure><figure class=\"slide\" itemprop=\"associatedMedia\" itemscope itemtype=\"http:\/\/schema.org\/ImageObject\">\n                    <a itemprop=\"contentUrl\" href=\"https:\/\/www.cetys.mx\/noticias\/wp-content\/uploads\/2025\/11\/FORTES-D\u00e9cimo-aniversario-12.png\">\n                        <img decoding=\"async\" itemprop=\"thumbnail\" class=\"lazyOwl\" src=\"https:\/\/www.cetys.mx\/noticias\/wp-content\/plugins\/jmagz-plugin\/assets\/placeholder\/900x450.png\" data-src=\"https:\/\/www.cetys.mx\/noticias\/wp-content\/uploads\/2025\/11\/FORTES-D\u00e9cimo-aniversario-12.png\" alt=\"FORTES D\u00e9cimo aniversario (12)\">\n                    <\/a>\n                    <figcaption itemprop=\"caption description\" class=\"slide-caption\">\n                        \n                    <\/figcaption>\n                <\/figure><figure class=\"slide\" itemprop=\"associatedMedia\" itemscope itemtype=\"http:\/\/schema.org\/ImageObject\">\n                    <a itemprop=\"contentUrl\" href=\"https:\/\/www.cetys.mx\/noticias\/wp-content\/uploads\/2025\/11\/FORTES-D\u00e9cimo-aniversario-14.png\">\n                        <img decoding=\"async\" itemprop=\"thumbnail\" class=\"lazyOwl\" src=\"https:\/\/www.cetys.mx\/noticias\/wp-content\/plugins\/jmagz-plugin\/assets\/placeholder\/900x450.png\" data-src=\"https:\/\/www.cetys.mx\/noticias\/wp-content\/uploads\/2025\/11\/FORTES-D\u00e9cimo-aniversario-14.png\" alt=\"FORTES D\u00e9cimo aniversario (14)\">\n                    <\/a>\n                    <figcaption itemprop=\"caption description\" class=\"slide-caption\">\n                        \n                    <\/figcaption>\n                <\/figure><\/div>\n                <div class=\"gallery-slider-thumbnail-wrapper\">\n                    <div class=\"gallery-slider-thumbnail\"><div class=\"slide-thumbnail\"><img decoding=\"async\" class=\"lazyOwl\" src=\"https:\/\/www.cetys.mx\/noticias\/wp-content\/plugins\/jmagz-plugin\/assets\/placeholder\/150x75.png\" data-src=\"https:\/\/www.cetys.mx\/noticias\/wp-content\/uploads\/2025\/11\/FORTES-D\u00e9cimo-aniversario-13.png\" alt=\"FORTES D\u00e9cimo aniversario (13)\"><\/div><div class=\"slide-thumbnail\"><img decoding=\"async\" class=\"lazyOwl\" src=\"https:\/\/www.cetys.mx\/noticias\/wp-content\/plugins\/jmagz-plugin\/assets\/placeholder\/150x75.png\" data-src=\"https:\/\/www.cetys.mx\/noticias\/wp-content\/uploads\/2025\/11\/FORTES-D\u00e9cimo-aniversario-3-1.png\" alt=\"FORTES D\u00e9cimo aniversario (3)\"><\/div><div class=\"slide-thumbnail\"><img decoding=\"async\" class=\"lazyOwl\" src=\"https:\/\/www.cetys.mx\/noticias\/wp-content\/plugins\/jmagz-plugin\/assets\/placeholder\/150x75.png\" data-src=\"https:\/\/www.cetys.mx\/noticias\/wp-content\/uploads\/2025\/11\/FORTES-D\u00e9cimo-aniversario-5.png\" alt=\"FORTES D\u00e9cimo aniversario (5)\"><\/div><div class=\"slide-thumbnail\"><img decoding=\"async\" class=\"lazyOwl\" src=\"https:\/\/www.cetys.mx\/noticias\/wp-content\/plugins\/jmagz-plugin\/assets\/placeholder\/150x75.png\" data-src=\"https:\/\/www.cetys.mx\/noticias\/wp-content\/uploads\/2025\/11\/FORTES-D\u00e9cimo-aniversario-8.png\" alt=\"FORTES D\u00e9cimo aniversario (8)\"><\/div><div class=\"slide-thumbnail\"><img decoding=\"async\" class=\"lazyOwl\" src=\"https:\/\/www.cetys.mx\/noticias\/wp-content\/plugins\/jmagz-plugin\/assets\/placeholder\/150x75.png\" data-src=\"https:\/\/www.cetys.mx\/noticias\/wp-content\/uploads\/2025\/11\/FORTES-D\u00e9cimo-aniversario-9.png\" alt=\"FORTES D\u00e9cimo aniversario (9)\"><\/div><div class=\"slide-thumbnail\"><img decoding=\"async\" class=\"lazyOwl\" src=\"https:\/\/www.cetys.mx\/noticias\/wp-content\/plugins\/jmagz-plugin\/assets\/placeholder\/150x75.png\" data-src=\"https:\/\/www.cetys.mx\/noticias\/wp-content\/uploads\/2025\/11\/FORTES-D\u00e9cimo-aniversario-7.png\" alt=\"FORTES D\u00e9cimo aniversario (7)\"><\/div><div class=\"slide-thumbnail\"><img decoding=\"async\" class=\"lazyOwl\" src=\"https:\/\/www.cetys.mx\/noticias\/wp-content\/plugins\/jmagz-plugin\/assets\/placeholder\/150x75.png\" data-src=\"https:\/\/www.cetys.mx\/noticias\/wp-content\/uploads\/2025\/11\/CETYS-MX-95.png\" alt=\"CETYS MX (95)\"><\/div><div class=\"slide-thumbnail\"><img decoding=\"async\" class=\"lazyOwl\" src=\"https:\/\/www.cetys.mx\/noticias\/wp-content\/plugins\/jmagz-plugin\/assets\/placeholder\/150x75.png\" data-src=\"https:\/\/www.cetys.mx\/noticias\/wp-content\/uploads\/2025\/11\/FORTES-D\u00e9cimo-aniversario-10.png\" alt=\"FORTES D\u00e9cimo aniversario (10)\"><\/div><div class=\"slide-thumbnail\"><img decoding=\"async\" class=\"lazyOwl\" src=\"https:\/\/www.cetys.mx\/noticias\/wp-content\/plugins\/jmagz-plugin\/assets\/placeholder\/150x75.png\" data-src=\"https:\/\/www.cetys.mx\/noticias\/wp-content\/uploads\/2025\/11\/FORTES-D\u00e9cimo-aniversario-11.png\" alt=\"FORTES D\u00e9cimo aniversario (11)\"><\/div><div class=\"slide-thumbnail\"><img decoding=\"async\" class=\"lazyOwl\" src=\"https:\/\/www.cetys.mx\/noticias\/wp-content\/plugins\/jmagz-plugin\/assets\/placeholder\/150x75.png\" data-src=\"https:\/\/www.cetys.mx\/noticias\/wp-content\/uploads\/2025\/11\/FORTES-D\u00e9cimo-aniversario-6.png\" alt=\"FORTES D\u00e9cimo aniversario (6)\"><\/div><div class=\"slide-thumbnail\"><img decoding=\"async\" class=\"lazyOwl\" src=\"https:\/\/www.cetys.mx\/noticias\/wp-content\/plugins\/jmagz-plugin\/assets\/placeholder\/150x75.png\" data-src=\"https:\/\/www.cetys.mx\/noticias\/wp-content\/uploads\/2025\/11\/FORTES-D\u00e9cimo-aniversario-12.png\" alt=\"FORTES D\u00e9cimo aniversario (12)\"><\/div><div class=\"slide-thumbnail\"><img decoding=\"async\" class=\"lazyOwl\" src=\"https:\/\/www.cetys.mx\/noticias\/wp-content\/plugins\/jmagz-plugin\/assets\/placeholder\/150x75.png\" data-src=\"https:\/\/www.cetys.mx\/noticias\/wp-content\/uploads\/2025\/11\/FORTES-D\u00e9cimo-aniversario-14.png\" alt=\"FORTES D\u00e9cimo aniversario (14)\"><\/div><\/div><\/div><\/div>\n<p data-start=\"1626\" data-end=\"1987\">Posteriormente, se llev\u00f3 a cabo un <strong data-start=\"1661\" data-end=\"1687\">Panel de FORTES Alumni<\/strong>, en el que egresadas y egresados del programa compartieron experiencias, aprendizajes y el impacto que FORTES ha tenido en su trayectoria profesional y personal. El panel fue moderado por Miguel Rosales, coordinador de la novena generaci\u00f3n del cap\u00edtulo Tijuana.<\/p>\n<p data-start=\"1989\" data-end=\"2318\">Como parte del cierre, se present\u00f3 el <strong data-start=\"2027\" data-end=\"2057\">relanzamiento del programa<\/strong> y una visi\u00f3n hacia su nueva etapa, a cargo del <strong data-start=\"2105\" data-end=\"2170\">Lic. Gerardo Padilla, Coordinador Estatal de FORTES Liderazgo<\/strong>, destacando los avances de esta primera d\u00e9cada y las oportunidades de vinculaci\u00f3n con la red de Alumni CETYS.<\/p>\n<p data-start=\"2320\" data-end=\"2452\">La jornada concluy\u00f3 con un espacio de convivencia que fortaleci\u00f3 los lazos entre generaciones, campus y colaboraciones estrat\u00e9gicas.<\/p>\n","protected":false},"excerpt":{"rendered":"<p>Con motivo de su d\u00e9cimo aniversario, el programa FORTES Liderazgo de CETYS Universidad celebr\u00f3 una d\u00e9cada de formaci\u00f3n integral, compromiso social y&#8230;<\/p>\n","protected":false},"author":24,"featured_media":218008,"comment_status":"open","ping_status":"closed","sticky":false,"template":"","format":"standard","meta":{"footnotes":""},"categories":[143,209],"tags":[328,332,6167,721],"class_list":["post-218007","post","type-post","status-publish","format-standard","has-post-thumbnail","hentry","category-galeria","category-institucional","tag-campustijuana","tag-fortes","tag-institucional","tag-vida-estudiantil"],"yoast_head":"<!-- This site is optimized with the Yoast SEO plugin v27.4 - https:\/\/yoast.com\/product\/yoast-seo-wordpress\/ -->\n<title>FORTES Liderazgo celebra una d\u00e9cada de impacto en CETYS Universidad - CETYS<\/title>\n<meta name=\"description\" content=\"Articulo sobre FORTES Liderazgo celebra una d\u00e9cada de impacto en CETYS Universidad\" \/>\n<meta name=\"robots\" content=\"index, follow, max-snippet:-1, max-image-preview:large, max-video-preview:-1\" \/>\n<link rel=\"canonical\" href=\"https:\/\/www.cetys.mx\/noticias\/fortes-liderazgo-celebra-una-decada-de-impacto-en-cetys-universidad\/\" \/>\n<meta property=\"og:locale\" content=\"es_MX\" \/>\n<meta property=\"og:type\" content=\"article\" \/>\n<meta property=\"og:title\" content=\"FORTES Liderazgo celebra una d\u00e9cada de impacto en CETYS Universidad - CETYS\" \/>\n<meta property=\"og:description\" content=\"Articulo sobre FORTES Liderazgo celebra una d\u00e9cada de impacto en CETYS Universidad\" \/>\n<meta property=\"og:url\" content=\"https:\/\/www.cetys.mx\/noticias\/fortes-liderazgo-celebra-una-decada-de-impacto-en-cetys-universidad\/\" \/>\n<meta property=\"og:site_name\" content=\"CETYS\" \/>\n<meta property=\"article:publisher\" content=\"https:\/\/www.facebook.com\/cetysuniversidadmxl\/\" \/>\n<meta property=\"article:published_time\" content=\"2025-11-15T03:38:34+00:00\" \/>\n<meta property=\"og:image\" content=\"https:\/\/www.cetys.mx\/noticias\/wp-content\/uploads\/2025\/11\/FORTES-D\u00e9cimo-aniversario.png\" \/>\n\t<meta property=\"og:image:width\" content=\"958\" \/>\n\t<meta property=\"og:image:height\" content=\"637\" \/>\n\t<meta property=\"og:image:type\" content=\"image\/png\" \/>\n<meta name=\"author\" content=\"Campus Tijuana\" \/>\n<meta name=\"twitter:card\" content=\"summary_large_image\" \/>\n<meta name=\"twitter:creator\" content=\"@cetysuni\" \/>\n<meta name=\"twitter:site\" content=\"@cetysuni\" \/>\n<meta name=\"twitter:label1\" content=\"Escrito por\" \/>\n\t<meta name=\"twitter:data1\" content=\"Campus Tijuana\" \/>\n\t<meta name=\"twitter:label2\" content=\"Tiempo de lectura\" \/>\n\t<meta name=\"twitter:data2\" content=\"2 minutos\" \/>\n<script type=\"application\/ld+json\" class=\"yoast-schema-graph\">{\"@context\":\"https:\\\/\\\/schema.org\",\"@graph\":[{\"@type\":\"Article\",\"@id\":\"https:\\\/\\\/www.cetys.mx\\\/noticias\\\/fortes-liderazgo-celebra-una-decada-de-impacto-en-cetys-universidad\\\/#article\",\"isPartOf\":{\"@id\":\"https:\\\/\\\/www.cetys.mx\\\/noticias\\\/fortes-liderazgo-celebra-una-decada-de-impacto-en-cetys-universidad\\\/\"},\"author\":{\"name\":\"Campus Tijuana\",\"@id\":\"https:\\\/\\\/www.cetys.mx\\\/noticias\\\/#\\\/schema\\\/person\\\/e790051ce60e18ae47cfa87011c8653f\"},\"headline\":\"FORTES Liderazgo celebra una d\u00e9cada de impacto en CETYS Universidad\",\"datePublished\":\"2025-11-15T03:38:34+00:00\",\"mainEntityOfPage\":{\"@id\":\"https:\\\/\\\/www.cetys.mx\\\/noticias\\\/fortes-liderazgo-celebra-una-decada-de-impacto-en-cetys-universidad\\\/\"},\"wordCount\":333,\"commentCount\":0,\"image\":{\"@id\":\"https:\\\/\\\/www.cetys.mx\\\/noticias\\\/fortes-liderazgo-celebra-una-decada-de-impacto-en-cetys-universidad\\\/#primaryimage\"},\"thumbnailUrl\":\"https:\\\/\\\/www.cetys.mx\\\/noticias\\\/wp-content\\\/uploads\\\/2025\\\/11\\\/FORTES-D\u00e9cimo-aniversario.png\",\"keywords\":[\"campustijuana\",\"fortes\",\"Institucional\",\"Vida Estudiantil\"],\"articleSection\":[\"Galer\u00eda\",\"Institucional\"],\"inLanguage\":\"es\",\"potentialAction\":[{\"@type\":\"CommentAction\",\"name\":\"Comment\",\"target\":[\"https:\\\/\\\/www.cetys.mx\\\/noticias\\\/fortes-liderazgo-celebra-una-decada-de-impacto-en-cetys-universidad\\\/#respond\"]}]},{\"@type\":\"WebPage\",\"@id\":\"https:\\\/\\\/www.cetys.mx\\\/noticias\\\/fortes-liderazgo-celebra-una-decada-de-impacto-en-cetys-universidad\\\/\",\"url\":\"https:\\\/\\\/www.cetys.mx\\\/noticias\\\/fortes-liderazgo-celebra-una-decada-de-impacto-en-cetys-universidad\\\/\",\"name\":\"FORTES Liderazgo celebra una d\u00e9cada de impacto en CETYS Universidad - CETYS\",\"isPartOf\":{\"@id\":\"https:\\\/\\\/www.cetys.mx\\\/noticias\\\/#website\"},\"primaryImageOfPage\":{\"@id\":\"https:\\\/\\\/www.cetys.mx\\\/noticias\\\/fortes-liderazgo-celebra-una-decada-de-impacto-en-cetys-universidad\\\/#primaryimage\"},\"image\":{\"@id\":\"https:\\\/\\\/www.cetys.mx\\\/noticias\\\/fortes-liderazgo-celebra-una-decada-de-impacto-en-cetys-universidad\\\/#primaryimage\"},\"thumbnailUrl\":\"https:\\\/\\\/www.cetys.mx\\\/noticias\\\/wp-content\\\/uploads\\\/2025\\\/11\\\/FORTES-D\u00e9cimo-aniversario.png\",\"datePublished\":\"2025-11-15T03:38:34+00:00\",\"author\":{\"@id\":\"https:\\\/\\\/www.cetys.mx\\\/noticias\\\/#\\\/schema\\\/person\\\/e790051ce60e18ae47cfa87011c8653f\"},\"description\":\"Articulo sobre FORTES Liderazgo celebra una d\u00e9cada de impacto en CETYS Universidad\",\"breadcrumb\":{\"@id\":\"https:\\\/\\\/www.cetys.mx\\\/noticias\\\/fortes-liderazgo-celebra-una-decada-de-impacto-en-cetys-universidad\\\/#breadcrumb\"},\"inLanguage\":\"es\",\"potentialAction\":[{\"@type\":\"ReadAction\",\"target\":[\"https:\\\/\\\/www.cetys.mx\\\/noticias\\\/fortes-liderazgo-celebra-una-decada-de-impacto-en-cetys-universidad\\\/\"]}]},{\"@type\":\"ImageObject\",\"inLanguage\":\"es\",\"@id\":\"https:\\\/\\\/www.cetys.mx\\\/noticias\\\/fortes-liderazgo-celebra-una-decada-de-impacto-en-cetys-universidad\\\/#primaryimage\",\"url\":\"https:\\\/\\\/www.cetys.mx\\\/noticias\\\/wp-content\\\/uploads\\\/2025\\\/11\\\/FORTES-D\u00e9cimo-aniversario.png\",\"contentUrl\":\"https:\\\/\\\/www.cetys.mx\\\/noticias\\\/wp-content\\\/uploads\\\/2025\\\/11\\\/FORTES-D\u00e9cimo-aniversario.png\",\"width\":958,\"height\":637},{\"@type\":\"BreadcrumbList\",\"@id\":\"https:\\\/\\\/www.cetys.mx\\\/noticias\\\/fortes-liderazgo-celebra-una-decada-de-impacto-en-cetys-universidad\\\/#breadcrumb\",\"itemListElement\":[{\"@type\":\"ListItem\",\"position\":1,\"name\":\"Inicio\",\"item\":\"https:\\\/\\\/www.cetys.mx\\\/noticias\\\/\"},{\"@type\":\"ListItem\",\"position\":2,\"name\":\"FORTES Liderazgo celebra una d\u00e9cada de impacto en CETYS Universidad\"}]},{\"@type\":\"WebSite\",\"@id\":\"https:\\\/\\\/www.cetys.mx\\\/noticias\\\/#website\",\"url\":\"https:\\\/\\\/www.cetys.mx\\\/noticias\\\/\",\"name\":\"CETYS\",\"description\":\"\",\"potentialAction\":[{\"@type\":\"SearchAction\",\"target\":{\"@type\":\"EntryPoint\",\"urlTemplate\":\"https:\\\/\\\/www.cetys.mx\\\/noticias\\\/?s={search_term_string}\"},\"query-input\":{\"@type\":\"PropertyValueSpecification\",\"valueRequired\":true,\"valueName\":\"search_term_string\"}}],\"inLanguage\":\"es\"},{\"@type\":\"Person\",\"@id\":\"https:\\\/\\\/www.cetys.mx\\\/noticias\\\/#\\\/schema\\\/person\\\/e790051ce60e18ae47cfa87011c8653f\",\"name\":\"Campus Tijuana\",\"url\":\"https:\\\/\\\/www.cetys.mx\\\/noticias\\\/author\\\/campustijuana\\\/\"}]}<\/script>\n<!-- \/ Yoast SEO plugin. -->","yoast_head_json":{"title":"FORTES Liderazgo celebra una d\u00e9cada de impacto en CETYS Universidad - CETYS","description":"Articulo sobre FORTES Liderazgo celebra una d\u00e9cada de impacto en CETYS Universidad","robots":{"index":"index","follow":"follow","max-snippet":"max-snippet:-1","max-image-preview":"max-image-preview:large","max-video-preview":"max-video-preview:-1"},"canonical":"https:\/\/www.cetys.mx\/noticias\/fortes-liderazgo-celebra-una-decada-de-impacto-en-cetys-universidad\/","og_locale":"es_MX","og_type":"article","og_title":"FORTES Liderazgo celebra una d\u00e9cada de impacto en CETYS Universidad - CETYS","og_description":"Articulo sobre FORTES Liderazgo celebra una d\u00e9cada de impacto en CETYS Universidad","og_url":"https:\/\/www.cetys.mx\/noticias\/fortes-liderazgo-celebra-una-decada-de-impacto-en-cetys-universidad\/","og_site_name":"CETYS","article_publisher":"https:\/\/www.facebook.com\/cetysuniversidadmxl\/","article_published_time":"2025-11-15T03:38:34+00:00","og_image":[{"width":958,"height":637,"url":"https:\/\/www.cetys.mx\/noticias\/wp-content\/uploads\/2025\/11\/FORTES-D\u00e9cimo-aniversario.png","type":"image\/png"}],"author":"Campus Tijuana","twitter_card":"summary_large_image","twitter_creator":"@cetysuni","twitter_site":"@cetysuni","twitter_misc":{"Escrito por":"Campus Tijuana","Tiempo de lectura":"2 minutos"},"schema":{"@context":"https:\/\/schema.org","@graph":[{"@type":"Article","@id":"https:\/\/www.cetys.mx\/noticias\/fortes-liderazgo-celebra-una-decada-de-impacto-en-cetys-universidad\/#article","isPartOf":{"@id":"https:\/\/www.cetys.mx\/noticias\/fortes-liderazgo-celebra-una-decada-de-impacto-en-cetys-universidad\/"},"author":{"name":"Campus Tijuana","@id":"https:\/\/www.cetys.mx\/noticias\/#\/schema\/person\/e790051ce60e18ae47cfa87011c8653f"},"headline":"FORTES Liderazgo celebra una d\u00e9cada de impacto en CETYS Universidad","datePublished":"2025-11-15T03:38:34+00:00","mainEntityOfPage":{"@id":"https:\/\/www.cetys.mx\/noticias\/fortes-liderazgo-celebra-una-decada-de-impacto-en-cetys-universidad\/"},"wordCount":333,"commentCount":0,"image":{"@id":"https:\/\/www.cetys.mx\/noticias\/fortes-liderazgo-celebra-una-decada-de-impacto-en-cetys-universidad\/#primaryimage"},"thumbnailUrl":"https:\/\/www.cetys.mx\/noticias\/wp-content\/uploads\/2025\/11\/FORTES-D\u00e9cimo-aniversario.png","keywords":["campustijuana","fortes","Institucional","Vida Estudiantil"],"articleSection":["Galer\u00eda","Institucional"],"inLanguage":"es","potentialAction":[{"@type":"CommentAction","name":"Comment","target":["https:\/\/www.cetys.mx\/noticias\/fortes-liderazgo-celebra-una-decada-de-impacto-en-cetys-universidad\/#respond"]}]},{"@type":"WebPage","@id":"https:\/\/www.cetys.mx\/noticias\/fortes-liderazgo-celebra-una-decada-de-impacto-en-cetys-universidad\/","url":"https:\/\/www.cetys.mx\/noticias\/fortes-liderazgo-celebra-una-decada-de-impacto-en-cetys-universidad\/","name":"FORTES Liderazgo celebra una d\u00e9cada de impacto en CETYS Universidad - CETYS","isPartOf":{"@id":"https:\/\/www.cetys.mx\/noticias\/#website"},"primaryImageOfPage":{"@id":"https:\/\/www.cetys.mx\/noticias\/fortes-liderazgo-celebra-una-decada-de-impacto-en-cetys-universidad\/#primaryimage"},"image":{"@id":"https:\/\/www.cetys.mx\/noticias\/fortes-liderazgo-celebra-una-decada-de-impacto-en-cetys-universidad\/#primaryimage"},"thumbnailUrl":"https:\/\/www.cetys.mx\/noticias\/wp-content\/uploads\/2025\/11\/FORTES-D\u00e9cimo-aniversario.png","datePublished":"2025-11-15T03:38:34+00:00","author":{"@id":"https:\/\/www.cetys.mx\/noticias\/#\/schema\/person\/e790051ce60e18ae47cfa87011c8653f"},"description":"Articulo sobre FORTES Liderazgo celebra una d\u00e9cada de impacto en CETYS Universidad","breadcrumb":{"@id":"https:\/\/www.cetys.mx\/noticias\/fortes-liderazgo-celebra-una-decada-de-impacto-en-cetys-universidad\/#breadcrumb"},"inLanguage":"es","potentialAction":[{"@type":"ReadAction","target":["https:\/\/www.cetys.mx\/noticias\/fortes-liderazgo-celebra-una-decada-de-impacto-en-cetys-universidad\/"]}]},{"@type":"ImageObject","inLanguage":"es","@id":"https:\/\/www.cetys.mx\/noticias\/fortes-liderazgo-celebra-una-decada-de-impacto-en-cetys-universidad\/#primaryimage","url":"https:\/\/www.cetys.mx\/noticias\/wp-content\/uploads\/2025\/11\/FORTES-D\u00e9cimo-aniversario.png","contentUrl":"https:\/\/www.cetys.mx\/noticias\/wp-content\/uploads\/2025\/11\/FORTES-D\u00e9cimo-aniversario.png","width":958,"height":637},{"@type":"BreadcrumbList","@id":"https:\/\/www.cetys.mx\/noticias\/fortes-liderazgo-celebra-una-decada-de-impacto-en-cetys-universidad\/#breadcrumb","itemListElement":[{"@type":"ListItem","position":1,"name":"Inicio","item":"https:\/\/www.cetys.mx\/noticias\/"},{"@type":"ListItem","position":2,"name":"FORTES Liderazgo celebra una d\u00e9cada de impacto en CETYS Universidad"}]},{"@type":"WebSite","@id":"https:\/\/www.cetys.mx\/noticias\/#website","url":"https:\/\/www.cetys.mx\/noticias\/","name":"CETYS","description":"","potentialAction":[{"@type":"SearchAction","target":{"@type":"EntryPoint","urlTemplate":"https:\/\/www.cetys.mx\/noticias\/?s={search_term_string}"},"query-input":{"@type":"PropertyValueSpecification","valueRequired":true,"valueName":"search_term_string"}}],"inLanguage":"es"},{"@type":"Person","@id":"https:\/\/www.cetys.mx\/noticias\/#\/schema\/person\/e790051ce60e18ae47cfa87011c8653f","name":"Campus Tijuana","url":"https:\/\/www.cetys.mx\/noticias\/author\/campustijuana\/"}]}},"_links":{"self":[{"href":"https:\/\/www.cetys.mx\/noticias\/wp-json\/wp\/v2\/posts\/218007","targetHints":{"allow":["GET"]}}],"collection":[{"href":"https:\/\/www.cetys.mx\/noticias\/wp-json\/wp\/v2\/posts"}],"about":[{"href":"https:\/\/www.cetys.mx\/noticias\/wp-json\/wp\/v2\/types\/post"}],"author":[{"embeddable":true,"href":"https:\/\/www.cetys.mx\/noticias\/wp-json\/wp\/v2\/users\/24"}],"replies":[{"embeddable":true,"href":"https:\/\/www.cetys.mx\/noticias\/wp-json\/wp\/v2\/comments?post=218007"}],"version-history":[{"count":2,"href":"https:\/\/www.cetys.mx\/noticias\/wp-json\/wp\/v2\/posts\/218007\/revisions"}],"predecessor-version":[{"id":221189,"href":"https:\/\/www.cetys.mx\/noticias\/wp-json\/wp\/v2\/posts\/218007\/revisions\/221189"}],"wp:featuredmedia":[{"embeddable":true,"href":"https:\/\/www.cetys.mx\/noticias\/wp-json\/wp\/v2\/media\/218008"}],"wp:attachment":[{"href":"https:\/\/www.cetys.mx\/noticias\/wp-json\/wp\/v2\/media?parent=218007"}],"wp:term":[{"taxonomy":"category","embeddable":true,"href":"https:\/\/www.cetys.mx\/noticias\/wp-json\/wp\/v2\/categories?post=218007"},{"taxonomy":"post_tag","embeddable":true,"href":"https:\/\/www.cetys.mx\/noticias\/wp-json\/wp\/v2\/tags?post=218007"}],"curies":[{"name":"wp","href":"https:\/\/api.w.org\/{rel}","templated":true}]}}