{"id":217987,"date":"2025-11-08T10:34:20","date_gmt":"2025-11-08T18:34:20","guid":{"rendered":"https:\/\/www.cetys.mx\/noticias\/?p=217987"},"modified":"2025-11-14T10:43:14","modified_gmt":"2025-11-14T18:43:14","slug":"reconocen-talento-artistico-del-psic-pablo-ramirez-en-competencia-internacional-de-fundacion-europamundo","status":"publish","type":"post","link":"https:\/\/www.cetys.mx\/noticias\/reconocen-talento-artistico-del-psic-pablo-ramirez-en-competencia-internacional-de-fundacion-europamundo\/","title":{"rendered":"Reconocen talento art\u00edstico del Psic. Pablo Ram\u00edrez en competencia internacional de Fundaci\u00f3n EuropaMundo"},"content":{"rendered":"<p><span style=\"font-weight: 400;\">El <strong>Psic. Pablo Isa\u00edas Ram\u00edrez Mart\u00ednez<\/strong>, del <strong>Centro de Desarrollo Estudiantil (CEDE) de CETYS Universidad Campus Mexicali<\/strong>, obtuvo el segundo lugar en la Categor\u00eda 16, en el <strong>concurso internacional Brillando en la Oscuridad,<\/strong> organizado por <strong>Fundaci\u00f3n EuropaMundo<\/strong>. Este certamen busca promover expresiones art\u00edsticas que visibilicen experiencias vinculadas a la salud emocional a trav\u00e9s de diversas disciplinas creativas.<\/span><\/p>\n<p><span style=\"font-weight: 400;\">El psic.Ram\u00edrez Mart\u00ednez particip\u00f3 en la categor\u00eda 16, dedicada a creaciones musicales realizadas por personas que enfrentan o han enfrentado problem\u00e1ticas de salud mental. Para ello, present\u00f3 dos composiciones originales tituladas Mirada Gris y Quiero Volver, obras que abordan con sensibilidad y profundidad los estados depresivos que pueden atravesar quienes experimentan procesos emocionales complejos. Ambas piezas fueron difundidas en las plataformas digitales del concurso tras su reconocimiento.<\/span><\/p>\n<p><span style=\"font-weight: 400;\">El psic\u00f3logo del CEDE comparti\u00f3 que esta experiencia represent\u00f3 un reencuentro con su vocaci\u00f3n creativa y con su deseo de transformar vivencias dif\u00edciles en mensajes capaces de acompa\u00f1ar a otros. Se\u00f1al\u00f3 que convertir el dolor en una obra con prop\u00f3sito constituye uno de los alcances m\u00e1s significativos del arte, pues permite resignificar la propia historia y brindar palabras que iluminen momentos de vulnerabilidad.<\/span><\/p>\n<p><span style=\"font-weight: 400;\">Este logro no s\u00f3lo consolida su proyecto personal, sino que refuerza su compromiso con el acompa\u00f1amiento emocional desde una perspectiva humana y creativa. Asimismo, invit\u00f3 a la comunidad a explorar actividades art\u00edsticas y extracurriculares, recordando que el arte es un canal poderoso de expresi\u00f3n: \u201cSi tienes algo que decirle al mundo, hazlo. Tu voz puede convertirse en inspiraci\u00f3n para quienes a\u00fan no se atreven a hablar\u201d.<\/span><\/p>\n","protected":false},"excerpt":{"rendered":"<p>El Psic. Pablo Isa\u00edas Ram\u00edrez Mart\u00ednez, del Centro de Desarrollo Estudiantil (CEDE) de CETYS Universidad Campus Mexicali, obtuvo el segundo lugar en&#8230;<\/p>\n","protected":false},"author":20,"featured_media":217989,"comment_status":"open","ping_status":"closed","sticky":false,"template":"","format":"standard","meta":{"footnotes":""},"categories":[133,313],"tags":[],"class_list":["post-217987","post","type-post","status-publish","format-standard","has-post-thumbnail","hentry","category-campus-mexicali","category-vocetys-2"],"yoast_head":"<!-- This site is optimized with the Yoast SEO plugin v27.4 - https:\/\/yoast.com\/product\/yoast-seo-wordpress\/ -->\n<title>Reconocen talento art\u00edstico del Psic. Pablo Ram\u00edrez en competencia internacional de Fundaci\u00f3n EuropaMundo - CETYS<\/title>\n<meta name=\"description\" content=\"Articulo sobre Reconocen talento art\u00edstico del Psic. Pablo Ram\u00edrez en competencia internacional de Fundaci\u00f3n EuropaMundo\" \/>\n<meta name=\"robots\" content=\"index, follow, max-snippet:-1, max-image-preview:large, max-video-preview:-1\" \/>\n<link rel=\"canonical\" href=\"https:\/\/www.cetys.mx\/noticias\/reconocen-talento-artistico-del-psic-pablo-ramirez-en-competencia-internacional-de-fundacion-europamundo\/\" \/>\n<meta property=\"og:locale\" content=\"es_MX\" \/>\n<meta property=\"og:type\" content=\"article\" \/>\n<meta property=\"og:title\" content=\"Reconocen talento art\u00edstico del Psic. Pablo Ram\u00edrez en competencia internacional de Fundaci\u00f3n EuropaMundo - CETYS\" \/>\n<meta property=\"og:description\" content=\"Articulo sobre Reconocen talento art\u00edstico del Psic. Pablo Ram\u00edrez en competencia internacional de Fundaci\u00f3n EuropaMundo\" \/>\n<meta property=\"og:url\" content=\"https:\/\/www.cetys.mx\/noticias\/reconocen-talento-artistico-del-psic-pablo-ramirez-en-competencia-internacional-de-fundacion-europamundo\/\" \/>\n<meta property=\"og:site_name\" content=\"CETYS\" \/>\n<meta property=\"article:publisher\" content=\"https:\/\/www.facebook.com\/cetysuniversidadmxl\/\" \/>\n<meta property=\"article:published_time\" content=\"2025-11-08T18:34:20+00:00\" \/>\n<meta property=\"article:modified_time\" content=\"2025-11-14T18:43:14+00:00\" \/>\n<meta property=\"og:image\" content=\"https:\/\/www.cetys.mx\/noticias\/wp-content\/uploads\/2025\/11\/DSC_0808.jpg\" \/>\n\t<meta property=\"og:image:width\" content=\"958\" \/>\n\t<meta property=\"og:image:height\" content=\"718\" \/>\n\t<meta property=\"og:image:type\" content=\"image\/jpeg\" \/>\n<meta name=\"author\" content=\"Campus Mexicali\" \/>\n<meta name=\"twitter:card\" content=\"summary_large_image\" \/>\n<meta name=\"twitter:creator\" content=\"@cetysuni\" \/>\n<meta name=\"twitter:site\" content=\"@cetysuni\" \/>\n<meta name=\"twitter:label1\" content=\"Escrito por\" \/>\n\t<meta name=\"twitter:data1\" content=\"Campus Mexicali\" \/>\n\t<meta name=\"twitter:label2\" content=\"Tiempo de lectura\" \/>\n\t<meta name=\"twitter:data2\" content=\"1 minuto\" \/>\n<script type=\"application\/ld+json\" class=\"yoast-schema-graph\">{\"@context\":\"https:\\\/\\\/schema.org\",\"@graph\":[{\"@type\":\"Article\",\"@id\":\"https:\\\/\\\/www.cetys.mx\\\/noticias\\\/reconocen-talento-artistico-del-psic-pablo-ramirez-en-competencia-internacional-de-fundacion-europamundo\\\/#article\",\"isPartOf\":{\"@id\":\"https:\\\/\\\/www.cetys.mx\\\/noticias\\\/reconocen-talento-artistico-del-psic-pablo-ramirez-en-competencia-internacional-de-fundacion-europamundo\\\/\"},\"author\":{\"name\":\"Campus Mexicali\",\"@id\":\"https:\\\/\\\/www.cetys.mx\\\/noticias\\\/#\\\/schema\\\/person\\\/79a95c4ac185f3705cf1b9c9340a5f70\"},\"headline\":\"Reconocen talento art\u00edstico del Psic. Pablo Ram\u00edrez en competencia internacional de Fundaci\u00f3n EuropaMundo\",\"datePublished\":\"2025-11-08T18:34:20+00:00\",\"dateModified\":\"2025-11-14T18:43:14+00:00\",\"mainEntityOfPage\":{\"@id\":\"https:\\\/\\\/www.cetys.mx\\\/noticias\\\/reconocen-talento-artistico-del-psic-pablo-ramirez-en-competencia-internacional-de-fundacion-europamundo\\\/\"},\"wordCount\":292,\"commentCount\":1,\"image\":{\"@id\":\"https:\\\/\\\/www.cetys.mx\\\/noticias\\\/reconocen-talento-artistico-del-psic-pablo-ramirez-en-competencia-internacional-de-fundacion-europamundo\\\/#primaryimage\"},\"thumbnailUrl\":\"https:\\\/\\\/www.cetys.mx\\\/noticias\\\/wp-content\\\/uploads\\\/2025\\\/11\\\/DSC_0808.jpg\",\"articleSection\":[\"Campus Mexicali\",\"VoCETYS\"],\"inLanguage\":\"es\",\"potentialAction\":[{\"@type\":\"CommentAction\",\"name\":\"Comment\",\"target\":[\"https:\\\/\\\/www.cetys.mx\\\/noticias\\\/reconocen-talento-artistico-del-psic-pablo-ramirez-en-competencia-internacional-de-fundacion-europamundo\\\/#respond\"]}]},{\"@type\":\"WebPage\",\"@id\":\"https:\\\/\\\/www.cetys.mx\\\/noticias\\\/reconocen-talento-artistico-del-psic-pablo-ramirez-en-competencia-internacional-de-fundacion-europamundo\\\/\",\"url\":\"https:\\\/\\\/www.cetys.mx\\\/noticias\\\/reconocen-talento-artistico-del-psic-pablo-ramirez-en-competencia-internacional-de-fundacion-europamundo\\\/\",\"name\":\"Reconocen talento art\u00edstico del Psic. Pablo Ram\u00edrez en competencia internacional de Fundaci\u00f3n EuropaMundo - CETYS\",\"isPartOf\":{\"@id\":\"https:\\\/\\\/www.cetys.mx\\\/noticias\\\/#website\"},\"primaryImageOfPage\":{\"@id\":\"https:\\\/\\\/www.cetys.mx\\\/noticias\\\/reconocen-talento-artistico-del-psic-pablo-ramirez-en-competencia-internacional-de-fundacion-europamundo\\\/#primaryimage\"},\"image\":{\"@id\":\"https:\\\/\\\/www.cetys.mx\\\/noticias\\\/reconocen-talento-artistico-del-psic-pablo-ramirez-en-competencia-internacional-de-fundacion-europamundo\\\/#primaryimage\"},\"thumbnailUrl\":\"https:\\\/\\\/www.cetys.mx\\\/noticias\\\/wp-content\\\/uploads\\\/2025\\\/11\\\/DSC_0808.jpg\",\"datePublished\":\"2025-11-08T18:34:20+00:00\",\"dateModified\":\"2025-11-14T18:43:14+00:00\",\"author\":{\"@id\":\"https:\\\/\\\/www.cetys.mx\\\/noticias\\\/#\\\/schema\\\/person\\\/79a95c4ac185f3705cf1b9c9340a5f70\"},\"description\":\"Articulo sobre Reconocen talento art\u00edstico del Psic. Pablo Ram\u00edrez en competencia internacional de Fundaci\u00f3n EuropaMundo\",\"breadcrumb\":{\"@id\":\"https:\\\/\\\/www.cetys.mx\\\/noticias\\\/reconocen-talento-artistico-del-psic-pablo-ramirez-en-competencia-internacional-de-fundacion-europamundo\\\/#breadcrumb\"},\"inLanguage\":\"es\",\"potentialAction\":[{\"@type\":\"ReadAction\",\"target\":[\"https:\\\/\\\/www.cetys.mx\\\/noticias\\\/reconocen-talento-artistico-del-psic-pablo-ramirez-en-competencia-internacional-de-fundacion-europamundo\\\/\"]}]},{\"@type\":\"ImageObject\",\"inLanguage\":\"es\",\"@id\":\"https:\\\/\\\/www.cetys.mx\\\/noticias\\\/reconocen-talento-artistico-del-psic-pablo-ramirez-en-competencia-internacional-de-fundacion-europamundo\\\/#primaryimage\",\"url\":\"https:\\\/\\\/www.cetys.mx\\\/noticias\\\/wp-content\\\/uploads\\\/2025\\\/11\\\/DSC_0808.jpg\",\"contentUrl\":\"https:\\\/\\\/www.cetys.mx\\\/noticias\\\/wp-content\\\/uploads\\\/2025\\\/11\\\/DSC_0808.jpg\",\"width\":958,\"height\":718},{\"@type\":\"BreadcrumbList\",\"@id\":\"https:\\\/\\\/www.cetys.mx\\\/noticias\\\/reconocen-talento-artistico-del-psic-pablo-ramirez-en-competencia-internacional-de-fundacion-europamundo\\\/#breadcrumb\",\"itemListElement\":[{\"@type\":\"ListItem\",\"position\":1,\"name\":\"Inicio\",\"item\":\"https:\\\/\\\/www.cetys.mx\\\/noticias\\\/\"},{\"@type\":\"ListItem\",\"position\":2,\"name\":\"Reconocen talento art\u00edstico del Psic. Pablo Ram\u00edrez en competencia internacional de Fundaci\u00f3n EuropaMundo\"}]},{\"@type\":\"WebSite\",\"@id\":\"https:\\\/\\\/www.cetys.mx\\\/noticias\\\/#website\",\"url\":\"https:\\\/\\\/www.cetys.mx\\\/noticias\\\/\",\"name\":\"CETYS\",\"description\":\"\",\"potentialAction\":[{\"@type\":\"SearchAction\",\"target\":{\"@type\":\"EntryPoint\",\"urlTemplate\":\"https:\\\/\\\/www.cetys.mx\\\/noticias\\\/?s={search_term_string}\"},\"query-input\":{\"@type\":\"PropertyValueSpecification\",\"valueRequired\":true,\"valueName\":\"search_term_string\"}}],\"inLanguage\":\"es\"},{\"@type\":\"Person\",\"@id\":\"https:\\\/\\\/www.cetys.mx\\\/noticias\\\/#\\\/schema\\\/person\\\/79a95c4ac185f3705cf1b9c9340a5f70\",\"name\":\"Campus Mexicali\",\"url\":\"https:\\\/\\\/www.cetys.mx\\\/noticias\\\/author\\\/campusmexicali\\\/\"}]}<\/script>\n<!-- \/ Yoast SEO plugin. -->","yoast_head_json":{"title":"Reconocen talento art\u00edstico del Psic. Pablo Ram\u00edrez en competencia internacional de Fundaci\u00f3n EuropaMundo - CETYS","description":"Articulo sobre Reconocen talento art\u00edstico del Psic. Pablo Ram\u00edrez en competencia internacional de Fundaci\u00f3n EuropaMundo","robots":{"index":"index","follow":"follow","max-snippet":"max-snippet:-1","max-image-preview":"max-image-preview:large","max-video-preview":"max-video-preview:-1"},"canonical":"https:\/\/www.cetys.mx\/noticias\/reconocen-talento-artistico-del-psic-pablo-ramirez-en-competencia-internacional-de-fundacion-europamundo\/","og_locale":"es_MX","og_type":"article","og_title":"Reconocen talento art\u00edstico del Psic. Pablo Ram\u00edrez en competencia internacional de Fundaci\u00f3n EuropaMundo - CETYS","og_description":"Articulo sobre Reconocen talento art\u00edstico del Psic. Pablo Ram\u00edrez en competencia internacional de Fundaci\u00f3n EuropaMundo","og_url":"https:\/\/www.cetys.mx\/noticias\/reconocen-talento-artistico-del-psic-pablo-ramirez-en-competencia-internacional-de-fundacion-europamundo\/","og_site_name":"CETYS","article_publisher":"https:\/\/www.facebook.com\/cetysuniversidadmxl\/","article_published_time":"2025-11-08T18:34:20+00:00","article_modified_time":"2025-11-14T18:43:14+00:00","og_image":[{"width":958,"height":718,"url":"https:\/\/www.cetys.mx\/noticias\/wp-content\/uploads\/2025\/11\/DSC_0808.jpg","type":"image\/jpeg"}],"author":"Campus Mexicali","twitter_card":"summary_large_image","twitter_creator":"@cetysuni","twitter_site":"@cetysuni","twitter_misc":{"Escrito por":"Campus Mexicali","Tiempo de lectura":"1 minuto"},"schema":{"@context":"https:\/\/schema.org","@graph":[{"@type":"Article","@id":"https:\/\/www.cetys.mx\/noticias\/reconocen-talento-artistico-del-psic-pablo-ramirez-en-competencia-internacional-de-fundacion-europamundo\/#article","isPartOf":{"@id":"https:\/\/www.cetys.mx\/noticias\/reconocen-talento-artistico-del-psic-pablo-ramirez-en-competencia-internacional-de-fundacion-europamundo\/"},"author":{"name":"Campus Mexicali","@id":"https:\/\/www.cetys.mx\/noticias\/#\/schema\/person\/79a95c4ac185f3705cf1b9c9340a5f70"},"headline":"Reconocen talento art\u00edstico del Psic. Pablo Ram\u00edrez en competencia internacional de Fundaci\u00f3n EuropaMundo","datePublished":"2025-11-08T18:34:20+00:00","dateModified":"2025-11-14T18:43:14+00:00","mainEntityOfPage":{"@id":"https:\/\/www.cetys.mx\/noticias\/reconocen-talento-artistico-del-psic-pablo-ramirez-en-competencia-internacional-de-fundacion-europamundo\/"},"wordCount":292,"commentCount":1,"image":{"@id":"https:\/\/www.cetys.mx\/noticias\/reconocen-talento-artistico-del-psic-pablo-ramirez-en-competencia-internacional-de-fundacion-europamundo\/#primaryimage"},"thumbnailUrl":"https:\/\/www.cetys.mx\/noticias\/wp-content\/uploads\/2025\/11\/DSC_0808.jpg","articleSection":["Campus Mexicali","VoCETYS"],"inLanguage":"es","potentialAction":[{"@type":"CommentAction","name":"Comment","target":["https:\/\/www.cetys.mx\/noticias\/reconocen-talento-artistico-del-psic-pablo-ramirez-en-competencia-internacional-de-fundacion-europamundo\/#respond"]}]},{"@type":"WebPage","@id":"https:\/\/www.cetys.mx\/noticias\/reconocen-talento-artistico-del-psic-pablo-ramirez-en-competencia-internacional-de-fundacion-europamundo\/","url":"https:\/\/www.cetys.mx\/noticias\/reconocen-talento-artistico-del-psic-pablo-ramirez-en-competencia-internacional-de-fundacion-europamundo\/","name":"Reconocen talento art\u00edstico del Psic. Pablo Ram\u00edrez en competencia internacional de Fundaci\u00f3n EuropaMundo - CETYS","isPartOf":{"@id":"https:\/\/www.cetys.mx\/noticias\/#website"},"primaryImageOfPage":{"@id":"https:\/\/www.cetys.mx\/noticias\/reconocen-talento-artistico-del-psic-pablo-ramirez-en-competencia-internacional-de-fundacion-europamundo\/#primaryimage"},"image":{"@id":"https:\/\/www.cetys.mx\/noticias\/reconocen-talento-artistico-del-psic-pablo-ramirez-en-competencia-internacional-de-fundacion-europamundo\/#primaryimage"},"thumbnailUrl":"https:\/\/www.cetys.mx\/noticias\/wp-content\/uploads\/2025\/11\/DSC_0808.jpg","datePublished":"2025-11-08T18:34:20+00:00","dateModified":"2025-11-14T18:43:14+00:00","author":{"@id":"https:\/\/www.cetys.mx\/noticias\/#\/schema\/person\/79a95c4ac185f3705cf1b9c9340a5f70"},"description":"Articulo sobre Reconocen talento art\u00edstico del Psic. Pablo Ram\u00edrez en competencia internacional de Fundaci\u00f3n EuropaMundo","breadcrumb":{"@id":"https:\/\/www.cetys.mx\/noticias\/reconocen-talento-artistico-del-psic-pablo-ramirez-en-competencia-internacional-de-fundacion-europamundo\/#breadcrumb"},"inLanguage":"es","potentialAction":[{"@type":"ReadAction","target":["https:\/\/www.cetys.mx\/noticias\/reconocen-talento-artistico-del-psic-pablo-ramirez-en-competencia-internacional-de-fundacion-europamundo\/"]}]},{"@type":"ImageObject","inLanguage":"es","@id":"https:\/\/www.cetys.mx\/noticias\/reconocen-talento-artistico-del-psic-pablo-ramirez-en-competencia-internacional-de-fundacion-europamundo\/#primaryimage","url":"https:\/\/www.cetys.mx\/noticias\/wp-content\/uploads\/2025\/11\/DSC_0808.jpg","contentUrl":"https:\/\/www.cetys.mx\/noticias\/wp-content\/uploads\/2025\/11\/DSC_0808.jpg","width":958,"height":718},{"@type":"BreadcrumbList","@id":"https:\/\/www.cetys.mx\/noticias\/reconocen-talento-artistico-del-psic-pablo-ramirez-en-competencia-internacional-de-fundacion-europamundo\/#breadcrumb","itemListElement":[{"@type":"ListItem","position":1,"name":"Inicio","item":"https:\/\/www.cetys.mx\/noticias\/"},{"@type":"ListItem","position":2,"name":"Reconocen talento art\u00edstico del Psic. Pablo Ram\u00edrez en competencia internacional de Fundaci\u00f3n EuropaMundo"}]},{"@type":"WebSite","@id":"https:\/\/www.cetys.mx\/noticias\/#website","url":"https:\/\/www.cetys.mx\/noticias\/","name":"CETYS","description":"","potentialAction":[{"@type":"SearchAction","target":{"@type":"EntryPoint","urlTemplate":"https:\/\/www.cetys.mx\/noticias\/?s={search_term_string}"},"query-input":{"@type":"PropertyValueSpecification","valueRequired":true,"valueName":"search_term_string"}}],"inLanguage":"es"},{"@type":"Person","@id":"https:\/\/www.cetys.mx\/noticias\/#\/schema\/person\/79a95c4ac185f3705cf1b9c9340a5f70","name":"Campus Mexicali","url":"https:\/\/www.cetys.mx\/noticias\/author\/campusmexicali\/"}]}},"_links":{"self":[{"href":"https:\/\/www.cetys.mx\/noticias\/wp-json\/wp\/v2\/posts\/217987","targetHints":{"allow":["GET"]}}],"collection":[{"href":"https:\/\/www.cetys.mx\/noticias\/wp-json\/wp\/v2\/posts"}],"about":[{"href":"https:\/\/www.cetys.mx\/noticias\/wp-json\/wp\/v2\/types\/post"}],"author":[{"embeddable":true,"href":"https:\/\/www.cetys.mx\/noticias\/wp-json\/wp\/v2\/users\/20"}],"replies":[{"embeddable":true,"href":"https:\/\/www.cetys.mx\/noticias\/wp-json\/wp\/v2\/comments?post=217987"}],"version-history":[{"count":3,"href":"https:\/\/www.cetys.mx\/noticias\/wp-json\/wp\/v2\/posts\/217987\/revisions"}],"predecessor-version":[{"id":217991,"href":"https:\/\/www.cetys.mx\/noticias\/wp-json\/wp\/v2\/posts\/217987\/revisions\/217991"}],"wp:featuredmedia":[{"embeddable":true,"href":"https:\/\/www.cetys.mx\/noticias\/wp-json\/wp\/v2\/media\/217989"}],"wp:attachment":[{"href":"https:\/\/www.cetys.mx\/noticias\/wp-json\/wp\/v2\/media?parent=217987"}],"wp:term":[{"taxonomy":"category","embeddable":true,"href":"https:\/\/www.cetys.mx\/noticias\/wp-json\/wp\/v2\/categories?post=217987"},{"taxonomy":"post_tag","embeddable":true,"href":"https:\/\/www.cetys.mx\/noticias\/wp-json\/wp\/v2\/tags?post=217987"}],"curies":[{"name":"wp","href":"https:\/\/api.w.org\/{rel}","templated":true}]}}