{"id":217873,"date":"2025-11-10T19:55:16","date_gmt":"2025-11-11T03:55:16","guid":{"rendered":"https:\/\/www.cetys.mx\/noticias\/?p=217873"},"modified":"2025-11-10T19:55:16","modified_gmt":"2025-11-11T03:55:16","slug":"video-catedra-distinguida-pimsa-cetys-sobre-derecho-y-justicia","status":"publish","type":"post","link":"https:\/\/www.cetys.mx\/noticias\/video-catedra-distinguida-pimsa-cetys-sobre-derecho-y-justicia\/","title":{"rendered":"[Video] C\u00e1tedra Distinguida PIMSA\u2013CETYS sobre Derecho y justicia"},"content":{"rendered":"<p data-start=\"150\" data-end=\"535\">\u00bfTe interesa conocer c\u00f3mo se est\u00e1 transformando la argumentaci\u00f3n jur\u00eddica frente a los retos globales? Mira este video exclusivo del evento celebrado en CETYS Universidad, con la participaci\u00f3n del Dr. Francisco Javier Ezquiaga Ganuzas, Decano de la Facultad de Derecho de la Universidad del Pa\u00eds Vasco.<\/p>\n<p data-start=\"568\" data-end=\"608\">En este resumen audiovisual descubrir\u00e1s:<\/p>\n<ul data-start=\"609\" data-end=\"851\">\n<li data-start=\"609\" data-end=\"680\">\n<p data-start=\"611\" data-end=\"680\">&#x1f50d; La relevancia de la argumentaci\u00f3n e interpretaci\u00f3n jur\u00eddica hoy.<\/p>\n<\/li>\n<li data-start=\"681\" data-end=\"762\">\n<p data-start=\"683\" data-end=\"762\">&#x1f9f1; C\u00f3mo adaptar el Derecho a un mundo en transformaci\u00f3n social y tecnol\u00f3gica.<\/p>\n<\/li>\n<li data-start=\"763\" data-end=\"851\">\n<p data-start=\"765\" data-end=\"851\">&#x1f91d; La importancia de un lenguaje jur\u00eddico m\u00e1s accesible y conectado con la ciudadan\u00eda.<\/p>\n<\/li>\n<\/ul>\n<p data-start=\"853\" data-end=\"1031\">&#x1f514; \u00a1Dale play, comparte y comenta! Tu visi\u00f3n sobre justicia es parte de la conversaci\u00f3n.<br data-start=\"941\" data-end=\"944\" \/>#SemanaDelDerechoCETYS #C\u00e1tedraDistinguida #DerechoGlobal #Justicia #Innovaci\u00f3nJur\u00eddica<\/p>\n","protected":false},"excerpt":{"rendered":"<p>\u00bfTe interesa conocer c\u00f3mo se est\u00e1 transformando la argumentaci\u00f3n jur\u00eddica frente a los retos globales? Mira este video exclusivo del evento celebrado&#8230;<\/p>\n","protected":false},"author":24,"featured_media":217806,"comment_status":"open","ping_status":"closed","sticky":false,"template":"","format":"video","meta":{"footnotes":""},"categories":[134,147],"tags":[1622,328,247,6631,216],"class_list":["post-217873","post","type-post","status-publish","format-video","has-post-thumbnail","hentry","category-campus-tijuana","category-video","tag-campusmexicali","tag-campustijuana","tag-derecho","tag-maestriaderecho","tag-posgrado","post_format-post-format-video"],"yoast_head":"<!-- This site is optimized with the Yoast SEO plugin v27.4 - https:\/\/yoast.com\/product\/yoast-seo-wordpress\/ -->\n<title>[Video] C\u00e1tedra Distinguida PIMSA\u2013CETYS sobre Derecho y justicia - CETYS<\/title>\n<meta name=\"description\" content=\"Articulo sobre [Video] C\u00e1tedra Distinguida PIMSA\u2013CETYS sobre Derecho y justicia\" \/>\n<meta name=\"robots\" content=\"index, follow, max-snippet:-1, max-image-preview:large, max-video-preview:-1\" \/>\n<link rel=\"canonical\" href=\"https:\/\/www.cetys.mx\/noticias\/video-catedra-distinguida-pimsa-cetys-sobre-derecho-y-justicia\/\" \/>\n<meta property=\"og:locale\" content=\"es_MX\" \/>\n<meta property=\"og:type\" content=\"article\" \/>\n<meta property=\"og:title\" content=\"[Video] C\u00e1tedra Distinguida PIMSA\u2013CETYS sobre Derecho y justicia - CETYS\" \/>\n<meta property=\"og:description\" content=\"Articulo sobre [Video] C\u00e1tedra Distinguida PIMSA\u2013CETYS sobre Derecho y justicia\" \/>\n<meta property=\"og:url\" content=\"https:\/\/www.cetys.mx\/noticias\/video-catedra-distinguida-pimsa-cetys-sobre-derecho-y-justicia\/\" \/>\n<meta property=\"og:site_name\" content=\"CETYS\" \/>\n<meta property=\"article:publisher\" content=\"https:\/\/www.facebook.com\/cetysuniversidadmxl\/\" \/>\n<meta property=\"article:published_time\" content=\"2025-11-11T03:55:16+00:00\" \/>\n<meta property=\"og:image\" content=\"https:\/\/www.cetys.mx\/noticias\/wp-content\/uploads\/2025\/11\/Catedra-Distinguida-Derecho-2025-CETYS-Mexicali-3.png\" \/>\n\t<meta property=\"og:image:width\" content=\"958\" \/>\n\t<meta property=\"og:image:height\" content=\"637\" \/>\n\t<meta property=\"og:image:type\" content=\"image\/png\" \/>\n<meta name=\"author\" content=\"Campus Tijuana\" \/>\n<meta name=\"twitter:card\" content=\"summary_large_image\" \/>\n<meta name=\"twitter:creator\" content=\"@cetysuni\" \/>\n<meta name=\"twitter:site\" content=\"@cetysuni\" \/>\n<meta name=\"twitter:label1\" content=\"Escrito por\" \/>\n\t<meta name=\"twitter:data1\" content=\"Campus Tijuana\" \/>\n\t<meta name=\"twitter:label2\" content=\"Tiempo de lectura\" \/>\n\t<meta name=\"twitter:data2\" content=\"1 minuto\" \/>\n<script type=\"application\/ld+json\" class=\"yoast-schema-graph\">{\"@context\":\"https:\\\/\\\/schema.org\",\"@graph\":[{\"@type\":\"Article\",\"@id\":\"https:\\\/\\\/www.cetys.mx\\\/noticias\\\/video-catedra-distinguida-pimsa-cetys-sobre-derecho-y-justicia\\\/#article\",\"isPartOf\":{\"@id\":\"https:\\\/\\\/www.cetys.mx\\\/noticias\\\/video-catedra-distinguida-pimsa-cetys-sobre-derecho-y-justicia\\\/\"},\"author\":{\"name\":\"Campus Tijuana\",\"@id\":\"https:\\\/\\\/www.cetys.mx\\\/noticias\\\/#\\\/schema\\\/person\\\/e790051ce60e18ae47cfa87011c8653f\"},\"headline\":\"[Video] C\u00e1tedra Distinguida PIMSA\u2013CETYS sobre Derecho y justicia\",\"datePublished\":\"2025-11-11T03:55:16+00:00\",\"mainEntityOfPage\":{\"@id\":\"https:\\\/\\\/www.cetys.mx\\\/noticias\\\/video-catedra-distinguida-pimsa-cetys-sobre-derecho-y-justicia\\\/\"},\"wordCount\":145,\"commentCount\":0,\"image\":{\"@id\":\"https:\\\/\\\/www.cetys.mx\\\/noticias\\\/video-catedra-distinguida-pimsa-cetys-sobre-derecho-y-justicia\\\/#primaryimage\"},\"thumbnailUrl\":\"https:\\\/\\\/www.cetys.mx\\\/noticias\\\/wp-content\\\/uploads\\\/2025\\\/11\\\/Catedra-Distinguida-Derecho-2025-CETYS-Mexicali-3.png\",\"keywords\":[\"campusmexicali\",\"campustijuana\",\"Derecho\",\"MaestriaDerecho\",\"posgrado\"],\"articleSection\":[\"Campus Tijuana\",\"Video\"],\"inLanguage\":\"es\",\"potentialAction\":[{\"@type\":\"CommentAction\",\"name\":\"Comment\",\"target\":[\"https:\\\/\\\/www.cetys.mx\\\/noticias\\\/video-catedra-distinguida-pimsa-cetys-sobre-derecho-y-justicia\\\/#respond\"]}]},{\"@type\":\"WebPage\",\"@id\":\"https:\\\/\\\/www.cetys.mx\\\/noticias\\\/video-catedra-distinguida-pimsa-cetys-sobre-derecho-y-justicia\\\/\",\"url\":\"https:\\\/\\\/www.cetys.mx\\\/noticias\\\/video-catedra-distinguida-pimsa-cetys-sobre-derecho-y-justicia\\\/\",\"name\":\"[Video] C\u00e1tedra Distinguida PIMSA\u2013CETYS sobre Derecho y justicia - CETYS\",\"isPartOf\":{\"@id\":\"https:\\\/\\\/www.cetys.mx\\\/noticias\\\/#website\"},\"primaryImageOfPage\":{\"@id\":\"https:\\\/\\\/www.cetys.mx\\\/noticias\\\/video-catedra-distinguida-pimsa-cetys-sobre-derecho-y-justicia\\\/#primaryimage\"},\"image\":{\"@id\":\"https:\\\/\\\/www.cetys.mx\\\/noticias\\\/video-catedra-distinguida-pimsa-cetys-sobre-derecho-y-justicia\\\/#primaryimage\"},\"thumbnailUrl\":\"https:\\\/\\\/www.cetys.mx\\\/noticias\\\/wp-content\\\/uploads\\\/2025\\\/11\\\/Catedra-Distinguida-Derecho-2025-CETYS-Mexicali-3.png\",\"datePublished\":\"2025-11-11T03:55:16+00:00\",\"author\":{\"@id\":\"https:\\\/\\\/www.cetys.mx\\\/noticias\\\/#\\\/schema\\\/person\\\/e790051ce60e18ae47cfa87011c8653f\"},\"description\":\"Articulo sobre [Video] C\u00e1tedra Distinguida PIMSA\u2013CETYS sobre Derecho y justicia\",\"breadcrumb\":{\"@id\":\"https:\\\/\\\/www.cetys.mx\\\/noticias\\\/video-catedra-distinguida-pimsa-cetys-sobre-derecho-y-justicia\\\/#breadcrumb\"},\"inLanguage\":\"es\",\"potentialAction\":[{\"@type\":\"ReadAction\",\"target\":[\"https:\\\/\\\/www.cetys.mx\\\/noticias\\\/video-catedra-distinguida-pimsa-cetys-sobre-derecho-y-justicia\\\/\"]}]},{\"@type\":\"ImageObject\",\"inLanguage\":\"es\",\"@id\":\"https:\\\/\\\/www.cetys.mx\\\/noticias\\\/video-catedra-distinguida-pimsa-cetys-sobre-derecho-y-justicia\\\/#primaryimage\",\"url\":\"https:\\\/\\\/www.cetys.mx\\\/noticias\\\/wp-content\\\/uploads\\\/2025\\\/11\\\/Catedra-Distinguida-Derecho-2025-CETYS-Mexicali-3.png\",\"contentUrl\":\"https:\\\/\\\/www.cetys.mx\\\/noticias\\\/wp-content\\\/uploads\\\/2025\\\/11\\\/Catedra-Distinguida-Derecho-2025-CETYS-Mexicali-3.png\",\"width\":958,\"height\":637},{\"@type\":\"BreadcrumbList\",\"@id\":\"https:\\\/\\\/www.cetys.mx\\\/noticias\\\/video-catedra-distinguida-pimsa-cetys-sobre-derecho-y-justicia\\\/#breadcrumb\",\"itemListElement\":[{\"@type\":\"ListItem\",\"position\":1,\"name\":\"Inicio\",\"item\":\"https:\\\/\\\/www.cetys.mx\\\/noticias\\\/\"},{\"@type\":\"ListItem\",\"position\":2,\"name\":\"[Video] C\u00e1tedra Distinguida PIMSA\u2013CETYS sobre Derecho y justicia\"}]},{\"@type\":\"WebSite\",\"@id\":\"https:\\\/\\\/www.cetys.mx\\\/noticias\\\/#website\",\"url\":\"https:\\\/\\\/www.cetys.mx\\\/noticias\\\/\",\"name\":\"CETYS\",\"description\":\"\",\"potentialAction\":[{\"@type\":\"SearchAction\",\"target\":{\"@type\":\"EntryPoint\",\"urlTemplate\":\"https:\\\/\\\/www.cetys.mx\\\/noticias\\\/?s={search_term_string}\"},\"query-input\":{\"@type\":\"PropertyValueSpecification\",\"valueRequired\":true,\"valueName\":\"search_term_string\"}}],\"inLanguage\":\"es\"},{\"@type\":\"Person\",\"@id\":\"https:\\\/\\\/www.cetys.mx\\\/noticias\\\/#\\\/schema\\\/person\\\/e790051ce60e18ae47cfa87011c8653f\",\"name\":\"Campus Tijuana\",\"url\":\"https:\\\/\\\/www.cetys.mx\\\/noticias\\\/author\\\/campustijuana\\\/\"}]}<\/script>\n<!-- \/ Yoast SEO plugin. -->","yoast_head_json":{"title":"[Video] C\u00e1tedra Distinguida PIMSA\u2013CETYS sobre Derecho y justicia - CETYS","description":"Articulo sobre [Video] C\u00e1tedra Distinguida PIMSA\u2013CETYS sobre Derecho y justicia","robots":{"index":"index","follow":"follow","max-snippet":"max-snippet:-1","max-image-preview":"max-image-preview:large","max-video-preview":"max-video-preview:-1"},"canonical":"https:\/\/www.cetys.mx\/noticias\/video-catedra-distinguida-pimsa-cetys-sobre-derecho-y-justicia\/","og_locale":"es_MX","og_type":"article","og_title":"[Video] C\u00e1tedra Distinguida PIMSA\u2013CETYS sobre Derecho y justicia - CETYS","og_description":"Articulo sobre [Video] C\u00e1tedra Distinguida PIMSA\u2013CETYS sobre Derecho y justicia","og_url":"https:\/\/www.cetys.mx\/noticias\/video-catedra-distinguida-pimsa-cetys-sobre-derecho-y-justicia\/","og_site_name":"CETYS","article_publisher":"https:\/\/www.facebook.com\/cetysuniversidadmxl\/","article_published_time":"2025-11-11T03:55:16+00:00","og_image":[{"width":958,"height":637,"url":"https:\/\/www.cetys.mx\/noticias\/wp-content\/uploads\/2025\/11\/Catedra-Distinguida-Derecho-2025-CETYS-Mexicali-3.png","type":"image\/png"}],"author":"Campus Tijuana","twitter_card":"summary_large_image","twitter_creator":"@cetysuni","twitter_site":"@cetysuni","twitter_misc":{"Escrito por":"Campus Tijuana","Tiempo de lectura":"1 minuto"},"schema":{"@context":"https:\/\/schema.org","@graph":[{"@type":"Article","@id":"https:\/\/www.cetys.mx\/noticias\/video-catedra-distinguida-pimsa-cetys-sobre-derecho-y-justicia\/#article","isPartOf":{"@id":"https:\/\/www.cetys.mx\/noticias\/video-catedra-distinguida-pimsa-cetys-sobre-derecho-y-justicia\/"},"author":{"name":"Campus Tijuana","@id":"https:\/\/www.cetys.mx\/noticias\/#\/schema\/person\/e790051ce60e18ae47cfa87011c8653f"},"headline":"[Video] C\u00e1tedra Distinguida PIMSA\u2013CETYS sobre Derecho y justicia","datePublished":"2025-11-11T03:55:16+00:00","mainEntityOfPage":{"@id":"https:\/\/www.cetys.mx\/noticias\/video-catedra-distinguida-pimsa-cetys-sobre-derecho-y-justicia\/"},"wordCount":145,"commentCount":0,"image":{"@id":"https:\/\/www.cetys.mx\/noticias\/video-catedra-distinguida-pimsa-cetys-sobre-derecho-y-justicia\/#primaryimage"},"thumbnailUrl":"https:\/\/www.cetys.mx\/noticias\/wp-content\/uploads\/2025\/11\/Catedra-Distinguida-Derecho-2025-CETYS-Mexicali-3.png","keywords":["campusmexicali","campustijuana","Derecho","MaestriaDerecho","posgrado"],"articleSection":["Campus Tijuana","Video"],"inLanguage":"es","potentialAction":[{"@type":"CommentAction","name":"Comment","target":["https:\/\/www.cetys.mx\/noticias\/video-catedra-distinguida-pimsa-cetys-sobre-derecho-y-justicia\/#respond"]}]},{"@type":"WebPage","@id":"https:\/\/www.cetys.mx\/noticias\/video-catedra-distinguida-pimsa-cetys-sobre-derecho-y-justicia\/","url":"https:\/\/www.cetys.mx\/noticias\/video-catedra-distinguida-pimsa-cetys-sobre-derecho-y-justicia\/","name":"[Video] C\u00e1tedra Distinguida PIMSA\u2013CETYS sobre Derecho y justicia - CETYS","isPartOf":{"@id":"https:\/\/www.cetys.mx\/noticias\/#website"},"primaryImageOfPage":{"@id":"https:\/\/www.cetys.mx\/noticias\/video-catedra-distinguida-pimsa-cetys-sobre-derecho-y-justicia\/#primaryimage"},"image":{"@id":"https:\/\/www.cetys.mx\/noticias\/video-catedra-distinguida-pimsa-cetys-sobre-derecho-y-justicia\/#primaryimage"},"thumbnailUrl":"https:\/\/www.cetys.mx\/noticias\/wp-content\/uploads\/2025\/11\/Catedra-Distinguida-Derecho-2025-CETYS-Mexicali-3.png","datePublished":"2025-11-11T03:55:16+00:00","author":{"@id":"https:\/\/www.cetys.mx\/noticias\/#\/schema\/person\/e790051ce60e18ae47cfa87011c8653f"},"description":"Articulo sobre [Video] C\u00e1tedra Distinguida PIMSA\u2013CETYS sobre Derecho y justicia","breadcrumb":{"@id":"https:\/\/www.cetys.mx\/noticias\/video-catedra-distinguida-pimsa-cetys-sobre-derecho-y-justicia\/#breadcrumb"},"inLanguage":"es","potentialAction":[{"@type":"ReadAction","target":["https:\/\/www.cetys.mx\/noticias\/video-catedra-distinguida-pimsa-cetys-sobre-derecho-y-justicia\/"]}]},{"@type":"ImageObject","inLanguage":"es","@id":"https:\/\/www.cetys.mx\/noticias\/video-catedra-distinguida-pimsa-cetys-sobre-derecho-y-justicia\/#primaryimage","url":"https:\/\/www.cetys.mx\/noticias\/wp-content\/uploads\/2025\/11\/Catedra-Distinguida-Derecho-2025-CETYS-Mexicali-3.png","contentUrl":"https:\/\/www.cetys.mx\/noticias\/wp-content\/uploads\/2025\/11\/Catedra-Distinguida-Derecho-2025-CETYS-Mexicali-3.png","width":958,"height":637},{"@type":"BreadcrumbList","@id":"https:\/\/www.cetys.mx\/noticias\/video-catedra-distinguida-pimsa-cetys-sobre-derecho-y-justicia\/#breadcrumb","itemListElement":[{"@type":"ListItem","position":1,"name":"Inicio","item":"https:\/\/www.cetys.mx\/noticias\/"},{"@type":"ListItem","position":2,"name":"[Video] C\u00e1tedra Distinguida PIMSA\u2013CETYS sobre Derecho y justicia"}]},{"@type":"WebSite","@id":"https:\/\/www.cetys.mx\/noticias\/#website","url":"https:\/\/www.cetys.mx\/noticias\/","name":"CETYS","description":"","potentialAction":[{"@type":"SearchAction","target":{"@type":"EntryPoint","urlTemplate":"https:\/\/www.cetys.mx\/noticias\/?s={search_term_string}"},"query-input":{"@type":"PropertyValueSpecification","valueRequired":true,"valueName":"search_term_string"}}],"inLanguage":"es"},{"@type":"Person","@id":"https:\/\/www.cetys.mx\/noticias\/#\/schema\/person\/e790051ce60e18ae47cfa87011c8653f","name":"Campus Tijuana","url":"https:\/\/www.cetys.mx\/noticias\/author\/campustijuana\/"}]}},"_links":{"self":[{"href":"https:\/\/www.cetys.mx\/noticias\/wp-json\/wp\/v2\/posts\/217873","targetHints":{"allow":["GET"]}}],"collection":[{"href":"https:\/\/www.cetys.mx\/noticias\/wp-json\/wp\/v2\/posts"}],"about":[{"href":"https:\/\/www.cetys.mx\/noticias\/wp-json\/wp\/v2\/types\/post"}],"author":[{"embeddable":true,"href":"https:\/\/www.cetys.mx\/noticias\/wp-json\/wp\/v2\/users\/24"}],"replies":[{"embeddable":true,"href":"https:\/\/www.cetys.mx\/noticias\/wp-json\/wp\/v2\/comments?post=217873"}],"version-history":[{"count":1,"href":"https:\/\/www.cetys.mx\/noticias\/wp-json\/wp\/v2\/posts\/217873\/revisions"}],"predecessor-version":[{"id":217874,"href":"https:\/\/www.cetys.mx\/noticias\/wp-json\/wp\/v2\/posts\/217873\/revisions\/217874"}],"wp:featuredmedia":[{"embeddable":true,"href":"https:\/\/www.cetys.mx\/noticias\/wp-json\/wp\/v2\/media\/217806"}],"wp:attachment":[{"href":"https:\/\/www.cetys.mx\/noticias\/wp-json\/wp\/v2\/media?parent=217873"}],"wp:term":[{"taxonomy":"category","embeddable":true,"href":"https:\/\/www.cetys.mx\/noticias\/wp-json\/wp\/v2\/categories?post=217873"},{"taxonomy":"post_tag","embeddable":true,"href":"https:\/\/www.cetys.mx\/noticias\/wp-json\/wp\/v2\/tags?post=217873"}],"curies":[{"name":"wp","href":"https:\/\/api.w.org\/{rel}","templated":true}]}}