{"id":217856,"date":"2025-11-10T15:59:39","date_gmt":"2025-11-10T23:59:39","guid":{"rendered":"https:\/\/www.cetys.mx\/noticias\/?p=217856"},"modified":"2025-11-19T17:50:44","modified_gmt":"2025-11-20T01:50:44","slug":"cetys-impulsa-ecosistemas-emprendedores-que-integran-bienestar-inteligencia-artficial-e-innovacion-en-la-iv-semana-del-emprendimiento","status":"publish","type":"post","link":"https:\/\/www.cetys.mx\/noticias\/cetys-impulsa-ecosistemas-emprendedores-que-integran-bienestar-inteligencia-artficial-e-innovacion-en-la-iv-semana-del-emprendimiento\/","title":{"rendered":"CETYS impulsa ecosistemas emprendedores que integran bienestar, inteligencia artificial e innovaci\u00f3n en la IV Semana del Emprendimiento"},"content":{"rendered":"<p><b>&#8211; <\/b><span style=\"font-weight: 400;\">El emprendimiento contempor\u00e1neo ya no se limita a la creaci\u00f3n de negocios; hoy demanda <\/span><b>ecosistemas capaces de integrar el bienestar personal, las herramientas tecnol\u00f3gicas, como inteligencia artificial, y la creatividad colectiva<\/b><span style=\"font-weight: 400;\"> para generar soluciones sostenibles y con impacto. Con esa visi\u00f3n, CETYS Universidad inaugur\u00f3 la <\/span><b>IV Edici\u00f3n de la Semana del Emprendimiento<\/b><span style=\"font-weight: 400;\">, una iniciativa que fortalece la formaci\u00f3n de estudiantes en los tres campus del Sistema: <\/span><b>Tijuana, Mexicali y Ensenada<\/b><span style=\"font-weight: 400;\">.<\/span><\/p>\n<p><span style=\"font-weight: 400;\">Durante la ceremonia inaugural se destac\u00f3 que los entornos emprendedores deben adaptarse a los desaf\u00edos actuales del mundo profesional, donde las ideas de negocio requieren prop\u00f3sito, equilibrio y visi\u00f3n humana, a la vez que incorporan estrategias innovadoras y el uso inteligente de tecnolog\u00edas emergentes como la Inteligencia Artificial.<\/span><\/p>\n<p><span style=\"font-weight: 400;\">La <\/span><b>Mtra. Jessica Ibarra Ramonet<\/b><span style=\"font-weight: 400;\">, Vicerrectora de Experiencia y \u00c9xito Estudiantil del Sistema CETYS, enfatiz\u00f3 que esta es una iniciativa con impacto transversal, donde los estudiantes de los tres campus podr\u00e1n impulsar ideas o llegar a la construcci\u00f3n de proyectos con prop\u00f3sito social, sentido humano y visi\u00f3n transformadora:<\/span><\/p>\n<p><span style=\"font-weight: 400;\">Posteriormente, la <\/span><b>Dra. Guadalupe S\u00e1nchez V\u00e9lez<\/b><span style=\"font-weight: 400;\">, Directora del Colegio de Administraci\u00f3n y Negocios del Sistema CETYS, resalt\u00f3 que la <\/span><b>Inteligencia Artificial<\/b><span style=\"font-weight: 400;\"> no debe verse solo como una tendencia, sino como una herramienta que <\/span><b>potencia la toma de decisiones, acelera procesos creativos y amplifica el alcance de las ideas<\/b><span style=\"font-weight: 400;\">:<\/span><\/p>\n<p>&nbsp;<\/p>\n<p><span style=\"font-weight: 400;\">Finalmente, la <\/span><b>Mtra. Yanina Rubio<\/b><span style=\"font-weight: 400;\">, Directora de CETYS Universidad Campus Tijuana, invit\u00f3 a aprovechar las actividades y subray\u00f3 la importancia de construir espacios de aprendizaje donde los estudiantes puedan desarrollar proyectos que respondan a necesidades reales desde una perspectiva integral.<\/span><\/p>\n<p>&nbsp;<\/p>\n<p><span style=\"font-weight: 400;\">Tras el acto protocolario, se llev\u00f3 a cabo la conferencia magistral <\/span><b>\u201cEmprender para Vivir Bien: Negocios con Prop\u00f3sito y Bienestar\u201d<\/b><span style=\"font-weight: 400;\">, a cargo de la egresada de CETYS Tijuana, <\/span><b>Alejandra Uriarte<\/b><span style=\"font-weight: 400;\">, quien invit\u00f3 a la audiencia a fortalecer su marca personal desde la autenticidad y la coherencia con sus valores.<\/span><\/p>\n<p><span style=\"font-weight: 400;\">A lo largo de la semana, se desarrollar\u00e1n talleres, paneles, mentor\u00edas y actividades colaborativas dise\u00f1adas para que las y los estudiantes experimenten, compartan y activen ideas que puedan evolucionar en proyectos reales, vinculados con empresas, organizaciones y actores de la regi\u00f3n.<\/span><\/p>\n<p><span style=\"font-weight: 400;\">En el evento inaugural tambi\u00e9n estuvieron presentes la <strong>Dra. Karina Parra Elizalde<\/strong>, <em>Directora de la Escuela de Administraci\u00f3n y Negocios<\/em>, Campus Tijuana, la <strong>Dra. Janeth Murillo<\/strong>, <em>Directora de la EAyN, Campus Ensenada,<\/em> la<strong> Dra. Paulina Vargas<\/strong>, <em>Directora de la EAyN, Campus Mexicali,<\/em> entre otras autoridades.<\/span><\/p>\n<div class=\"gallery-slider-wrapper gallery-1\">\n                        <div class=\"gallery-slider\" itemscope itemtype=\"http:\/\/schema.org\/ImageGallery\"><figure class=\"slide\" itemprop=\"associatedMedia\" itemscope itemtype=\"http:\/\/schema.org\/ImageObject\">\n                    <a itemprop=\"contentUrl\" href=\"https:\/\/www.cetys.mx\/noticias\/wp-content\/uploads\/2025\/11\/Inauguraci\u00f3n-Semana-de-Emprendimiento-2025-9.jpg\">\n                        <img decoding=\"async\" itemprop=\"thumbnail\" class=\"lazyOwl\" src=\"https:\/\/www.cetys.mx\/noticias\/wp-content\/plugins\/jmagz-plugin\/assets\/placeholder\/900x450.png\" data-src=\"https:\/\/www.cetys.mx\/noticias\/wp-content\/uploads\/2025\/11\/Inauguraci\u00f3n-Semana-de-Emprendimiento-2025-9.jpg\" alt=\"Inauguraci\u00f3n Semana de Emprendimiento 2025 (9)\">\n                    <\/a>\n                    <figcaption itemprop=\"caption description\" class=\"slide-caption\">\n                        \n                    <\/figcaption>\n                <\/figure><figure class=\"slide\" itemprop=\"associatedMedia\" itemscope itemtype=\"http:\/\/schema.org\/ImageObject\">\n                    <a itemprop=\"contentUrl\" href=\"https:\/\/www.cetys.mx\/noticias\/wp-content\/uploads\/2025\/11\/Inauguraci\u00f3n-Semana-de-Emprendimiento-2025-8.jpg\">\n                        <img decoding=\"async\" itemprop=\"thumbnail\" class=\"lazyOwl\" src=\"https:\/\/www.cetys.mx\/noticias\/wp-content\/plugins\/jmagz-plugin\/assets\/placeholder\/900x450.png\" data-src=\"https:\/\/www.cetys.mx\/noticias\/wp-content\/uploads\/2025\/11\/Inauguraci\u00f3n-Semana-de-Emprendimiento-2025-8.jpg\" alt=\"Inauguraci\u00f3n Semana de Emprendimiento 2025 (8)\">\n                    <\/a>\n                    <figcaption itemprop=\"caption description\" class=\"slide-caption\">\n                        \n                    <\/figcaption>\n                <\/figure><figure class=\"slide\" itemprop=\"associatedMedia\" itemscope itemtype=\"http:\/\/schema.org\/ImageObject\">\n                    <a itemprop=\"contentUrl\" href=\"https:\/\/www.cetys.mx\/noticias\/wp-content\/uploads\/2025\/11\/Inauguraci\u00f3n-Semana-de-Emprendimiento-2025-6.jpg\">\n                        <img decoding=\"async\" itemprop=\"thumbnail\" class=\"lazyOwl\" src=\"https:\/\/www.cetys.mx\/noticias\/wp-content\/plugins\/jmagz-plugin\/assets\/placeholder\/900x450.png\" data-src=\"https:\/\/www.cetys.mx\/noticias\/wp-content\/uploads\/2025\/11\/Inauguraci\u00f3n-Semana-de-Emprendimiento-2025-6.jpg\" alt=\"Inauguraci\u00f3n Semana de Emprendimiento 2025 (6)\">\n                    <\/a>\n                    <figcaption itemprop=\"caption description\" class=\"slide-caption\">\n                        \n                    <\/figcaption>\n                <\/figure><figure class=\"slide\" itemprop=\"associatedMedia\" itemscope itemtype=\"http:\/\/schema.org\/ImageObject\">\n                    <a itemprop=\"contentUrl\" href=\"https:\/\/www.cetys.mx\/noticias\/wp-content\/uploads\/2025\/11\/Inauguraci\u00f3n-Semana-de-Emprendimiento-2025-7.jpg\">\n                        <img decoding=\"async\" itemprop=\"thumbnail\" class=\"lazyOwl\" src=\"https:\/\/www.cetys.mx\/noticias\/wp-content\/plugins\/jmagz-plugin\/assets\/placeholder\/900x450.png\" data-src=\"https:\/\/www.cetys.mx\/noticias\/wp-content\/uploads\/2025\/11\/Inauguraci\u00f3n-Semana-de-Emprendimiento-2025-7.jpg\" alt=\"Inauguraci\u00f3n Semana de Emprendimiento 2025 (7)\">\n                    <\/a>\n                    <figcaption itemprop=\"caption description\" class=\"slide-caption\">\n                        \n                    <\/figcaption>\n                <\/figure><figure class=\"slide\" itemprop=\"associatedMedia\" itemscope itemtype=\"http:\/\/schema.org\/ImageObject\">\n                    <a itemprop=\"contentUrl\" href=\"https:\/\/www.cetys.mx\/noticias\/wp-content\/uploads\/2025\/11\/Inauguraci\u00f3n-Semana-de-Emprendimiento-2025-2.jpg\">\n                        <img decoding=\"async\" itemprop=\"thumbnail\" class=\"lazyOwl\" src=\"https:\/\/www.cetys.mx\/noticias\/wp-content\/plugins\/jmagz-plugin\/assets\/placeholder\/900x450.png\" data-src=\"https:\/\/www.cetys.mx\/noticias\/wp-content\/uploads\/2025\/11\/Inauguraci\u00f3n-Semana-de-Emprendimiento-2025-2.jpg\" alt=\"Inauguraci\u00f3n Semana de Emprendimiento 2025 (2)\">\n                    <\/a>\n                    <figcaption itemprop=\"caption description\" class=\"slide-caption\">\n                        \n                    <\/figcaption>\n                <\/figure><figure class=\"slide\" itemprop=\"associatedMedia\" itemscope itemtype=\"http:\/\/schema.org\/ImageObject\">\n                    <a itemprop=\"contentUrl\" href=\"https:\/\/www.cetys.mx\/noticias\/wp-content\/uploads\/2025\/11\/Inauguraci\u00f3n-Semana-de-Emprendimiento-2025-3-.jpg\">\n                        <img decoding=\"async\" itemprop=\"thumbnail\" class=\"lazyOwl\" src=\"https:\/\/www.cetys.mx\/noticias\/wp-content\/plugins\/jmagz-plugin\/assets\/placeholder\/900x450.png\" data-src=\"https:\/\/www.cetys.mx\/noticias\/wp-content\/uploads\/2025\/11\/Inauguraci\u00f3n-Semana-de-Emprendimiento-2025-3-.jpg\" alt=\"Inauguraci\u00f3n Semana de Emprendimiento 2025 (3-)\">\n                    <\/a>\n                    <figcaption itemprop=\"caption description\" class=\"slide-caption\">\n                        \n                    <\/figcaption>\n                <\/figure><figure class=\"slide\" itemprop=\"associatedMedia\" itemscope itemtype=\"http:\/\/schema.org\/ImageObject\">\n                    <a itemprop=\"contentUrl\" href=\"https:\/\/www.cetys.mx\/noticias\/wp-content\/uploads\/2025\/11\/Inauguraci\u00f3n-Semana-de-Emprendimiento-2025-4.jpg\">\n                        <img decoding=\"async\" itemprop=\"thumbnail\" class=\"lazyOwl\" src=\"https:\/\/www.cetys.mx\/noticias\/wp-content\/plugins\/jmagz-plugin\/assets\/placeholder\/900x450.png\" data-src=\"https:\/\/www.cetys.mx\/noticias\/wp-content\/uploads\/2025\/11\/Inauguraci\u00f3n-Semana-de-Emprendimiento-2025-4.jpg\" alt=\"Inauguraci\u00f3n Semana de Emprendimiento 2025 (4)\">\n                    <\/a>\n                    <figcaption itemprop=\"caption description\" class=\"slide-caption\">\n                        \n                    <\/figcaption>\n                <\/figure><figure class=\"slide\" itemprop=\"associatedMedia\" itemscope itemtype=\"http:\/\/schema.org\/ImageObject\">\n                    <a itemprop=\"contentUrl\" href=\"https:\/\/www.cetys.mx\/noticias\/wp-content\/uploads\/2025\/11\/Inauguraci\u00f3n-Semana-de-Emprendimiento-2025-5.jpg\">\n                        <img decoding=\"async\" itemprop=\"thumbnail\" class=\"lazyOwl\" src=\"https:\/\/www.cetys.mx\/noticias\/wp-content\/plugins\/jmagz-plugin\/assets\/placeholder\/900x450.png\" data-src=\"https:\/\/www.cetys.mx\/noticias\/wp-content\/uploads\/2025\/11\/Inauguraci\u00f3n-Semana-de-Emprendimiento-2025-5.jpg\" alt=\"Inauguraci\u00f3n Semana de Emprendimiento 2025 (5)\">\n                    <\/a>\n                    <figcaption itemprop=\"caption description\" class=\"slide-caption\">\n                        \n                    <\/figcaption>\n                <\/figure><figure class=\"slide\" itemprop=\"associatedMedia\" itemscope itemtype=\"http:\/\/schema.org\/ImageObject\">\n                    <a itemprop=\"contentUrl\" href=\"https:\/\/www.cetys.mx\/noticias\/wp-content\/uploads\/2025\/11\/Inauguraci\u00f3n-Semana-de-Emprendimiento-2025-10.jpg\">\n                        <img decoding=\"async\" itemprop=\"thumbnail\" class=\"lazyOwl\" src=\"https:\/\/www.cetys.mx\/noticias\/wp-content\/plugins\/jmagz-plugin\/assets\/placeholder\/900x450.png\" data-src=\"https:\/\/www.cetys.mx\/noticias\/wp-content\/uploads\/2025\/11\/Inauguraci\u00f3n-Semana-de-Emprendimiento-2025-10.jpg\" alt=\"Inauguraci\u00f3n Semana de Emprendimiento 2025 (10)\">\n                    <\/a>\n                    <figcaption itemprop=\"caption description\" class=\"slide-caption\">\n                        \n                    <\/figcaption>\n                <\/figure><\/div>\n                <div class=\"gallery-slider-thumbnail-wrapper\">\n                    <div class=\"gallery-slider-thumbnail\"><div class=\"slide-thumbnail\"><img decoding=\"async\" class=\"lazyOwl\" src=\"https:\/\/www.cetys.mx\/noticias\/wp-content\/plugins\/jmagz-plugin\/assets\/placeholder\/150x75.png\" data-src=\"https:\/\/www.cetys.mx\/noticias\/wp-content\/uploads\/2025\/11\/Inauguraci\u00f3n-Semana-de-Emprendimiento-2025-9.jpg\" alt=\"Inauguraci\u00f3n Semana de Emprendimiento 2025 (9)\"><\/div><div class=\"slide-thumbnail\"><img decoding=\"async\" class=\"lazyOwl\" src=\"https:\/\/www.cetys.mx\/noticias\/wp-content\/plugins\/jmagz-plugin\/assets\/placeholder\/150x75.png\" data-src=\"https:\/\/www.cetys.mx\/noticias\/wp-content\/uploads\/2025\/11\/Inauguraci\u00f3n-Semana-de-Emprendimiento-2025-8.jpg\" alt=\"Inauguraci\u00f3n Semana de Emprendimiento 2025 (8)\"><\/div><div class=\"slide-thumbnail\"><img decoding=\"async\" class=\"lazyOwl\" src=\"https:\/\/www.cetys.mx\/noticias\/wp-content\/plugins\/jmagz-plugin\/assets\/placeholder\/150x75.png\" data-src=\"https:\/\/www.cetys.mx\/noticias\/wp-content\/uploads\/2025\/11\/Inauguraci\u00f3n-Semana-de-Emprendimiento-2025-6.jpg\" alt=\"Inauguraci\u00f3n Semana de Emprendimiento 2025 (6)\"><\/div><div class=\"slide-thumbnail\"><img decoding=\"async\" class=\"lazyOwl\" src=\"https:\/\/www.cetys.mx\/noticias\/wp-content\/plugins\/jmagz-plugin\/assets\/placeholder\/150x75.png\" data-src=\"https:\/\/www.cetys.mx\/noticias\/wp-content\/uploads\/2025\/11\/Inauguraci\u00f3n-Semana-de-Emprendimiento-2025-7.jpg\" alt=\"Inauguraci\u00f3n Semana de Emprendimiento 2025 (7)\"><\/div><div class=\"slide-thumbnail\"><img decoding=\"async\" class=\"lazyOwl\" src=\"https:\/\/www.cetys.mx\/noticias\/wp-content\/plugins\/jmagz-plugin\/assets\/placeholder\/150x75.png\" data-src=\"https:\/\/www.cetys.mx\/noticias\/wp-content\/uploads\/2025\/11\/Inauguraci\u00f3n-Semana-de-Emprendimiento-2025-2.jpg\" alt=\"Inauguraci\u00f3n Semana de Emprendimiento 2025 (2)\"><\/div><div class=\"slide-thumbnail\"><img decoding=\"async\" class=\"lazyOwl\" src=\"https:\/\/www.cetys.mx\/noticias\/wp-content\/plugins\/jmagz-plugin\/assets\/placeholder\/150x75.png\" data-src=\"https:\/\/www.cetys.mx\/noticias\/wp-content\/uploads\/2025\/11\/Inauguraci\u00f3n-Semana-de-Emprendimiento-2025-3-.jpg\" alt=\"Inauguraci\u00f3n Semana de Emprendimiento 2025 (3-)\"><\/div><div class=\"slide-thumbnail\"><img decoding=\"async\" class=\"lazyOwl\" src=\"https:\/\/www.cetys.mx\/noticias\/wp-content\/plugins\/jmagz-plugin\/assets\/placeholder\/150x75.png\" data-src=\"https:\/\/www.cetys.mx\/noticias\/wp-content\/uploads\/2025\/11\/Inauguraci\u00f3n-Semana-de-Emprendimiento-2025-4.jpg\" alt=\"Inauguraci\u00f3n Semana de Emprendimiento 2025 (4)\"><\/div><div class=\"slide-thumbnail\"><img decoding=\"async\" class=\"lazyOwl\" src=\"https:\/\/www.cetys.mx\/noticias\/wp-content\/plugins\/jmagz-plugin\/assets\/placeholder\/150x75.png\" data-src=\"https:\/\/www.cetys.mx\/noticias\/wp-content\/uploads\/2025\/11\/Inauguraci\u00f3n-Semana-de-Emprendimiento-2025-5.jpg\" alt=\"Inauguraci\u00f3n Semana de Emprendimiento 2025 (5)\"><\/div><div class=\"slide-thumbnail\"><img decoding=\"async\" class=\"lazyOwl\" src=\"https:\/\/www.cetys.mx\/noticias\/wp-content\/plugins\/jmagz-plugin\/assets\/placeholder\/150x75.png\" data-src=\"https:\/\/www.cetys.mx\/noticias\/wp-content\/uploads\/2025\/11\/Inauguraci\u00f3n-Semana-de-Emprendimiento-2025-10.jpg\" alt=\"Inauguraci\u00f3n Semana de Emprendimiento 2025 (10)\"><\/div><\/div><\/div><\/div>\n<p><span style=\"font-weight: 400;\">Entre las actividades destacadas de la semana se encuentran:<\/span><\/p>\n<ul>\n<li style=\"font-weight: 400;\" aria-level=\"1\"><span style=\"font-weight: 400;\">Presentaci\u00f3n del libro \u201cEmpoderamiento Econ\u00f3mico Femenino en Tijuana: Voces, Saberes Locales y Acci\u00f3n Colectiva\u201d.<\/span><\/li>\n<\/ul>\n<ul>\n<li style=\"font-weight: 400;\" aria-level=\"1\"><span style=\"font-weight: 400;\">Ideathon en colaboraci\u00f3n con Fundaci\u00f3n Wadhwani, que busca impulsar la creatividad y el pensamiento emprendedor.<\/span><\/li>\n<\/ul>\n<ul>\n<li style=\"font-weight: 400;\" aria-level=\"1\"><span style=\"font-weight: 400;\">Colaboraci\u00f3n con UC San Diego Design Lab, que incluye la visita de estudiantes y el lanzamiento de la nueva p\u00e1gina web del proyecto \u201cDemocratizaci\u00f3n del Dise\u00f1o\u201d.<\/span><\/li>\n<\/ul>\n<ul>\n<li style=\"font-weight: 400;\" aria-level=\"1\"><span style=\"font-weight: 400;\">Foro de Innovaci\u00f3n Digital, donde especialistas y estudiantes dialogar\u00e1n sobre el impacto de la transformaci\u00f3n tecnol\u00f3gica en los modelos de negocio.<\/span><\/li>\n<\/ul>\n<ul>\n<li style=\"font-weight: 400;\" aria-level=\"1\"><span style=\"font-weight: 400;\">Sesi\u00f3n \u201cHow to Start Up?\u201d, dirigida a j\u00f3venes emprendedores vinculados con Coparmex y alumnos finalistas del programa.<\/span><\/li>\n<\/ul>\n<ul>\n<li style=\"font-weight: 400;\" aria-level=\"1\"><span style=\"font-weight: 400;\">Lanzamiento de un nuevo podcast sobre emprendimiento desde el Campus Ensenada, con historias inspiradoras de j\u00f3venes emprendedores CETYS.<\/span><\/li>\n<\/ul>\n<ul>\n<li style=\"font-weight: 400;\" aria-level=\"1\"><span style=\"font-weight: 400;\">Conferencia magistral &#8220;Del ciberataque al ataque inteligente&#8221;, por Elena Calatayud en Campus Mexicali.<\/span><\/li>\n<\/ul>\n","protected":false},"excerpt":{"rendered":"<p>&#8211; El emprendimiento contempor\u00e1neo ya no se limita a la creaci\u00f3n de negocios; hoy demanda ecosistemas capaces de integrar el bienestar personal,&#8230;<\/p>\n","protected":false},"author":24,"featured_media":217866,"comment_status":"open","ping_status":"closed","sticky":false,"template":"","format":"standard","meta":{"footnotes":""},"categories":[134,209,125,313],"tags":[6520,328,6460,7256,6551,6477,6474],"class_list":["post-217856","post","type-post","status-publish","format-standard","has-post-thumbnail","hentry","category-campus-tijuana","category-institucional","category-portada","category-vocetys-2","tag-administraciondeempresas","tag-campustijuana","tag-inteligenciadenegocioseinnovacion","tag-logisticaycomerciointernacional","tag-mercadotecniaestrategica","tag-negociosinternacionales","tag-negociosinternacionalesglobalprogram"],"yoast_head":"<!-- This site is optimized with the Yoast SEO plugin v27.4 - https:\/\/yoast.com\/product\/yoast-seo-wordpress\/ -->\n<title>CETYS impulsa ecosistemas emprendedores que integran bienestar, inteligencia artificial e innovaci\u00f3n en la IV Semana del Emprendimiento - CETYS<\/title>\n<meta name=\"description\" content=\"Articulo sobre CETYS impulsa ecosistemas emprendedores que integran bienestar, inteligencia artificial e innovaci\u00f3n en la IV Semana del Emprendimiento\" \/>\n<meta name=\"robots\" content=\"index, follow, max-snippet:-1, max-image-preview:large, max-video-preview:-1\" \/>\n<link rel=\"canonical\" href=\"https:\/\/www.cetys.mx\/noticias\/cetys-impulsa-ecosistemas-emprendedores-que-integran-bienestar-inteligencia-artficial-e-innovacion-en-la-iv-semana-del-emprendimiento\/\" \/>\n<meta property=\"og:locale\" content=\"es_MX\" \/>\n<meta property=\"og:type\" content=\"article\" \/>\n<meta property=\"og:title\" content=\"CETYS impulsa ecosistemas emprendedores que integran bienestar, inteligencia artificial e innovaci\u00f3n en la IV Semana del Emprendimiento - CETYS\" \/>\n<meta property=\"og:description\" content=\"Articulo sobre CETYS impulsa ecosistemas emprendedores que integran bienestar, inteligencia artificial e innovaci\u00f3n en la IV Semana del Emprendimiento\" \/>\n<meta property=\"og:url\" content=\"https:\/\/www.cetys.mx\/noticias\/cetys-impulsa-ecosistemas-emprendedores-que-integran-bienestar-inteligencia-artficial-e-innovacion-en-la-iv-semana-del-emprendimiento\/\" \/>\n<meta property=\"og:site_name\" content=\"CETYS\" \/>\n<meta property=\"article:publisher\" content=\"https:\/\/www.facebook.com\/cetysuniversidadmxl\/\" \/>\n<meta property=\"article:published_time\" content=\"2025-11-10T23:59:39+00:00\" \/>\n<meta property=\"article:modified_time\" content=\"2025-11-20T01:50:44+00:00\" \/>\n<meta property=\"og:image\" content=\"https:\/\/www.cetys.mx\/noticias\/wp-content\/uploads\/2025\/11\/Inauguraci\u00f3n-Semana-de-Emprendimiento-2025.jpg\" \/>\n\t<meta property=\"og:image:width\" content=\"1920\" \/>\n\t<meta property=\"og:image:height\" content=\"596\" \/>\n\t<meta property=\"og:image:type\" content=\"image\/jpeg\" \/>\n<meta name=\"author\" content=\"Campus Tijuana\" \/>\n<meta name=\"twitter:card\" content=\"summary_large_image\" \/>\n<meta name=\"twitter:creator\" content=\"@cetysuni\" \/>\n<meta name=\"twitter:site\" content=\"@cetysuni\" \/>\n<meta name=\"twitter:label1\" content=\"Escrito por\" \/>\n\t<meta name=\"twitter:data1\" content=\"Campus Tijuana\" \/>\n\t<meta name=\"twitter:label2\" content=\"Tiempo de lectura\" \/>\n\t<meta name=\"twitter:data2\" content=\"3 minutos\" \/>\n<script type=\"application\/ld+json\" class=\"yoast-schema-graph\">{\"@context\":\"https:\\\/\\\/schema.org\",\"@graph\":[{\"@type\":\"Article\",\"@id\":\"https:\\\/\\\/www.cetys.mx\\\/noticias\\\/cetys-impulsa-ecosistemas-emprendedores-que-integran-bienestar-inteligencia-artficial-e-innovacion-en-la-iv-semana-del-emprendimiento\\\/#article\",\"isPartOf\":{\"@id\":\"https:\\\/\\\/www.cetys.mx\\\/noticias\\\/cetys-impulsa-ecosistemas-emprendedores-que-integran-bienestar-inteligencia-artficial-e-innovacion-en-la-iv-semana-del-emprendimiento\\\/\"},\"author\":{\"name\":\"Campus Tijuana\",\"@id\":\"https:\\\/\\\/www.cetys.mx\\\/noticias\\\/#\\\/schema\\\/person\\\/e790051ce60e18ae47cfa87011c8653f\"},\"headline\":\"CETYS impulsa ecosistemas emprendedores que integran bienestar, inteligencia artificial e innovaci\u00f3n en la IV Semana del Emprendimiento\",\"datePublished\":\"2025-11-10T23:59:39+00:00\",\"dateModified\":\"2025-11-20T01:50:44+00:00\",\"mainEntityOfPage\":{\"@id\":\"https:\\\/\\\/www.cetys.mx\\\/noticias\\\/cetys-impulsa-ecosistemas-emprendedores-que-integran-bienestar-inteligencia-artficial-e-innovacion-en-la-iv-semana-del-emprendimiento\\\/\"},\"wordCount\":590,\"commentCount\":0,\"image\":{\"@id\":\"https:\\\/\\\/www.cetys.mx\\\/noticias\\\/cetys-impulsa-ecosistemas-emprendedores-que-integran-bienestar-inteligencia-artficial-e-innovacion-en-la-iv-semana-del-emprendimiento\\\/#primaryimage\"},\"thumbnailUrl\":\"https:\\\/\\\/www.cetys.mx\\\/noticias\\\/wp-content\\\/uploads\\\/2025\\\/11\\\/Inauguraci\u00f3n-Semana-de-Emprendimiento-2025.jpg\",\"keywords\":[\"AdministraciondeEmpresas\",\"campustijuana\",\"InteligenciadeNegocioseInnovacion\",\"LogisticayComercioInternacional\",\"MercadotecniaEstrategica\",\"NegociosInternacionales\",\"NegociosInternacionalesGlobalProgram\"],\"articleSection\":[\"Campus Tijuana\",\"Institucional\",\"Portada\",\"VoCETYS\"],\"inLanguage\":\"es\",\"potentialAction\":[{\"@type\":\"CommentAction\",\"name\":\"Comment\",\"target\":[\"https:\\\/\\\/www.cetys.mx\\\/noticias\\\/cetys-impulsa-ecosistemas-emprendedores-que-integran-bienestar-inteligencia-artficial-e-innovacion-en-la-iv-semana-del-emprendimiento\\\/#respond\"]}]},{\"@type\":\"WebPage\",\"@id\":\"https:\\\/\\\/www.cetys.mx\\\/noticias\\\/cetys-impulsa-ecosistemas-emprendedores-que-integran-bienestar-inteligencia-artficial-e-innovacion-en-la-iv-semana-del-emprendimiento\\\/\",\"url\":\"https:\\\/\\\/www.cetys.mx\\\/noticias\\\/cetys-impulsa-ecosistemas-emprendedores-que-integran-bienestar-inteligencia-artficial-e-innovacion-en-la-iv-semana-del-emprendimiento\\\/\",\"name\":\"CETYS impulsa ecosistemas emprendedores que integran bienestar, inteligencia artificial e innovaci\u00f3n en la IV Semana del Emprendimiento - CETYS\",\"isPartOf\":{\"@id\":\"https:\\\/\\\/www.cetys.mx\\\/noticias\\\/#website\"},\"primaryImageOfPage\":{\"@id\":\"https:\\\/\\\/www.cetys.mx\\\/noticias\\\/cetys-impulsa-ecosistemas-emprendedores-que-integran-bienestar-inteligencia-artficial-e-innovacion-en-la-iv-semana-del-emprendimiento\\\/#primaryimage\"},\"image\":{\"@id\":\"https:\\\/\\\/www.cetys.mx\\\/noticias\\\/cetys-impulsa-ecosistemas-emprendedores-que-integran-bienestar-inteligencia-artficial-e-innovacion-en-la-iv-semana-del-emprendimiento\\\/#primaryimage\"},\"thumbnailUrl\":\"https:\\\/\\\/www.cetys.mx\\\/noticias\\\/wp-content\\\/uploads\\\/2025\\\/11\\\/Inauguraci\u00f3n-Semana-de-Emprendimiento-2025.jpg\",\"datePublished\":\"2025-11-10T23:59:39+00:00\",\"dateModified\":\"2025-11-20T01:50:44+00:00\",\"author\":{\"@id\":\"https:\\\/\\\/www.cetys.mx\\\/noticias\\\/#\\\/schema\\\/person\\\/e790051ce60e18ae47cfa87011c8653f\"},\"description\":\"Articulo sobre CETYS impulsa ecosistemas emprendedores que integran bienestar, inteligencia artificial e innovaci\u00f3n en la IV Semana del Emprendimiento\",\"breadcrumb\":{\"@id\":\"https:\\\/\\\/www.cetys.mx\\\/noticias\\\/cetys-impulsa-ecosistemas-emprendedores-que-integran-bienestar-inteligencia-artficial-e-innovacion-en-la-iv-semana-del-emprendimiento\\\/#breadcrumb\"},\"inLanguage\":\"es\",\"potentialAction\":[{\"@type\":\"ReadAction\",\"target\":[\"https:\\\/\\\/www.cetys.mx\\\/noticias\\\/cetys-impulsa-ecosistemas-emprendedores-que-integran-bienestar-inteligencia-artficial-e-innovacion-en-la-iv-semana-del-emprendimiento\\\/\"]}]},{\"@type\":\"ImageObject\",\"inLanguage\":\"es\",\"@id\":\"https:\\\/\\\/www.cetys.mx\\\/noticias\\\/cetys-impulsa-ecosistemas-emprendedores-que-integran-bienestar-inteligencia-artficial-e-innovacion-en-la-iv-semana-del-emprendimiento\\\/#primaryimage\",\"url\":\"https:\\\/\\\/www.cetys.mx\\\/noticias\\\/wp-content\\\/uploads\\\/2025\\\/11\\\/Inauguraci\u00f3n-Semana-de-Emprendimiento-2025.jpg\",\"contentUrl\":\"https:\\\/\\\/www.cetys.mx\\\/noticias\\\/wp-content\\\/uploads\\\/2025\\\/11\\\/Inauguraci\u00f3n-Semana-de-Emprendimiento-2025.jpg\",\"width\":1920,\"height\":596,\"caption\":\"Inauguraci\u00f3n Semana del Emprendimiento CETYS 2025\"},{\"@type\":\"BreadcrumbList\",\"@id\":\"https:\\\/\\\/www.cetys.mx\\\/noticias\\\/cetys-impulsa-ecosistemas-emprendedores-que-integran-bienestar-inteligencia-artficial-e-innovacion-en-la-iv-semana-del-emprendimiento\\\/#breadcrumb\",\"itemListElement\":[{\"@type\":\"ListItem\",\"position\":1,\"name\":\"Inicio\",\"item\":\"https:\\\/\\\/www.cetys.mx\\\/noticias\\\/\"},{\"@type\":\"ListItem\",\"position\":2,\"name\":\"CETYS impulsa ecosistemas emprendedores que integran bienestar, inteligencia artificial e innovaci\u00f3n en la IV Semana del Emprendimiento\"}]},{\"@type\":\"WebSite\",\"@id\":\"https:\\\/\\\/www.cetys.mx\\\/noticias\\\/#website\",\"url\":\"https:\\\/\\\/www.cetys.mx\\\/noticias\\\/\",\"name\":\"CETYS\",\"description\":\"\",\"potentialAction\":[{\"@type\":\"SearchAction\",\"target\":{\"@type\":\"EntryPoint\",\"urlTemplate\":\"https:\\\/\\\/www.cetys.mx\\\/noticias\\\/?s={search_term_string}\"},\"query-input\":{\"@type\":\"PropertyValueSpecification\",\"valueRequired\":true,\"valueName\":\"search_term_string\"}}],\"inLanguage\":\"es\"},{\"@type\":\"Person\",\"@id\":\"https:\\\/\\\/www.cetys.mx\\\/noticias\\\/#\\\/schema\\\/person\\\/e790051ce60e18ae47cfa87011c8653f\",\"name\":\"Campus Tijuana\",\"url\":\"https:\\\/\\\/www.cetys.mx\\\/noticias\\\/author\\\/campustijuana\\\/\"}]}<\/script>\n<!-- \/ Yoast SEO plugin. -->","yoast_head_json":{"title":"CETYS impulsa ecosistemas emprendedores que integran bienestar, inteligencia artificial e innovaci\u00f3n en la IV Semana del Emprendimiento - CETYS","description":"Articulo sobre CETYS impulsa ecosistemas emprendedores que integran bienestar, inteligencia artificial e innovaci\u00f3n en la IV Semana del Emprendimiento","robots":{"index":"index","follow":"follow","max-snippet":"max-snippet:-1","max-image-preview":"max-image-preview:large","max-video-preview":"max-video-preview:-1"},"canonical":"https:\/\/www.cetys.mx\/noticias\/cetys-impulsa-ecosistemas-emprendedores-que-integran-bienestar-inteligencia-artficial-e-innovacion-en-la-iv-semana-del-emprendimiento\/","og_locale":"es_MX","og_type":"article","og_title":"CETYS impulsa ecosistemas emprendedores que integran bienestar, inteligencia artificial e innovaci\u00f3n en la IV Semana del Emprendimiento - CETYS","og_description":"Articulo sobre CETYS impulsa ecosistemas emprendedores que integran bienestar, inteligencia artificial e innovaci\u00f3n en la IV Semana del Emprendimiento","og_url":"https:\/\/www.cetys.mx\/noticias\/cetys-impulsa-ecosistemas-emprendedores-que-integran-bienestar-inteligencia-artficial-e-innovacion-en-la-iv-semana-del-emprendimiento\/","og_site_name":"CETYS","article_publisher":"https:\/\/www.facebook.com\/cetysuniversidadmxl\/","article_published_time":"2025-11-10T23:59:39+00:00","article_modified_time":"2025-11-20T01:50:44+00:00","og_image":[{"width":1920,"height":596,"url":"https:\/\/www.cetys.mx\/noticias\/wp-content\/uploads\/2025\/11\/Inauguraci\u00f3n-Semana-de-Emprendimiento-2025.jpg","type":"image\/jpeg"}],"author":"Campus Tijuana","twitter_card":"summary_large_image","twitter_creator":"@cetysuni","twitter_site":"@cetysuni","twitter_misc":{"Escrito por":"Campus Tijuana","Tiempo de lectura":"3 minutos"},"schema":{"@context":"https:\/\/schema.org","@graph":[{"@type":"Article","@id":"https:\/\/www.cetys.mx\/noticias\/cetys-impulsa-ecosistemas-emprendedores-que-integran-bienestar-inteligencia-artficial-e-innovacion-en-la-iv-semana-del-emprendimiento\/#article","isPartOf":{"@id":"https:\/\/www.cetys.mx\/noticias\/cetys-impulsa-ecosistemas-emprendedores-que-integran-bienestar-inteligencia-artficial-e-innovacion-en-la-iv-semana-del-emprendimiento\/"},"author":{"name":"Campus Tijuana","@id":"https:\/\/www.cetys.mx\/noticias\/#\/schema\/person\/e790051ce60e18ae47cfa87011c8653f"},"headline":"CETYS impulsa ecosistemas emprendedores que integran bienestar, inteligencia artificial e innovaci\u00f3n en la IV Semana del Emprendimiento","datePublished":"2025-11-10T23:59:39+00:00","dateModified":"2025-11-20T01:50:44+00:00","mainEntityOfPage":{"@id":"https:\/\/www.cetys.mx\/noticias\/cetys-impulsa-ecosistemas-emprendedores-que-integran-bienestar-inteligencia-artficial-e-innovacion-en-la-iv-semana-del-emprendimiento\/"},"wordCount":590,"commentCount":0,"image":{"@id":"https:\/\/www.cetys.mx\/noticias\/cetys-impulsa-ecosistemas-emprendedores-que-integran-bienestar-inteligencia-artficial-e-innovacion-en-la-iv-semana-del-emprendimiento\/#primaryimage"},"thumbnailUrl":"https:\/\/www.cetys.mx\/noticias\/wp-content\/uploads\/2025\/11\/Inauguraci\u00f3n-Semana-de-Emprendimiento-2025.jpg","keywords":["AdministraciondeEmpresas","campustijuana","InteligenciadeNegocioseInnovacion","LogisticayComercioInternacional","MercadotecniaEstrategica","NegociosInternacionales","NegociosInternacionalesGlobalProgram"],"articleSection":["Campus Tijuana","Institucional","Portada","VoCETYS"],"inLanguage":"es","potentialAction":[{"@type":"CommentAction","name":"Comment","target":["https:\/\/www.cetys.mx\/noticias\/cetys-impulsa-ecosistemas-emprendedores-que-integran-bienestar-inteligencia-artficial-e-innovacion-en-la-iv-semana-del-emprendimiento\/#respond"]}]},{"@type":"WebPage","@id":"https:\/\/www.cetys.mx\/noticias\/cetys-impulsa-ecosistemas-emprendedores-que-integran-bienestar-inteligencia-artficial-e-innovacion-en-la-iv-semana-del-emprendimiento\/","url":"https:\/\/www.cetys.mx\/noticias\/cetys-impulsa-ecosistemas-emprendedores-que-integran-bienestar-inteligencia-artficial-e-innovacion-en-la-iv-semana-del-emprendimiento\/","name":"CETYS impulsa ecosistemas emprendedores que integran bienestar, inteligencia artificial e innovaci\u00f3n en la IV Semana del Emprendimiento - CETYS","isPartOf":{"@id":"https:\/\/www.cetys.mx\/noticias\/#website"},"primaryImageOfPage":{"@id":"https:\/\/www.cetys.mx\/noticias\/cetys-impulsa-ecosistemas-emprendedores-que-integran-bienestar-inteligencia-artficial-e-innovacion-en-la-iv-semana-del-emprendimiento\/#primaryimage"},"image":{"@id":"https:\/\/www.cetys.mx\/noticias\/cetys-impulsa-ecosistemas-emprendedores-que-integran-bienestar-inteligencia-artficial-e-innovacion-en-la-iv-semana-del-emprendimiento\/#primaryimage"},"thumbnailUrl":"https:\/\/www.cetys.mx\/noticias\/wp-content\/uploads\/2025\/11\/Inauguraci\u00f3n-Semana-de-Emprendimiento-2025.jpg","datePublished":"2025-11-10T23:59:39+00:00","dateModified":"2025-11-20T01:50:44+00:00","author":{"@id":"https:\/\/www.cetys.mx\/noticias\/#\/schema\/person\/e790051ce60e18ae47cfa87011c8653f"},"description":"Articulo sobre CETYS impulsa ecosistemas emprendedores que integran bienestar, inteligencia artificial e innovaci\u00f3n en la IV Semana del Emprendimiento","breadcrumb":{"@id":"https:\/\/www.cetys.mx\/noticias\/cetys-impulsa-ecosistemas-emprendedores-que-integran-bienestar-inteligencia-artficial-e-innovacion-en-la-iv-semana-del-emprendimiento\/#breadcrumb"},"inLanguage":"es","potentialAction":[{"@type":"ReadAction","target":["https:\/\/www.cetys.mx\/noticias\/cetys-impulsa-ecosistemas-emprendedores-que-integran-bienestar-inteligencia-artficial-e-innovacion-en-la-iv-semana-del-emprendimiento\/"]}]},{"@type":"ImageObject","inLanguage":"es","@id":"https:\/\/www.cetys.mx\/noticias\/cetys-impulsa-ecosistemas-emprendedores-que-integran-bienestar-inteligencia-artficial-e-innovacion-en-la-iv-semana-del-emprendimiento\/#primaryimage","url":"https:\/\/www.cetys.mx\/noticias\/wp-content\/uploads\/2025\/11\/Inauguraci\u00f3n-Semana-de-Emprendimiento-2025.jpg","contentUrl":"https:\/\/www.cetys.mx\/noticias\/wp-content\/uploads\/2025\/11\/Inauguraci\u00f3n-Semana-de-Emprendimiento-2025.jpg","width":1920,"height":596,"caption":"Inauguraci\u00f3n Semana del Emprendimiento CETYS 2025"},{"@type":"BreadcrumbList","@id":"https:\/\/www.cetys.mx\/noticias\/cetys-impulsa-ecosistemas-emprendedores-que-integran-bienestar-inteligencia-artficial-e-innovacion-en-la-iv-semana-del-emprendimiento\/#breadcrumb","itemListElement":[{"@type":"ListItem","position":1,"name":"Inicio","item":"https:\/\/www.cetys.mx\/noticias\/"},{"@type":"ListItem","position":2,"name":"CETYS impulsa ecosistemas emprendedores que integran bienestar, inteligencia artificial e innovaci\u00f3n en la IV Semana del Emprendimiento"}]},{"@type":"WebSite","@id":"https:\/\/www.cetys.mx\/noticias\/#website","url":"https:\/\/www.cetys.mx\/noticias\/","name":"CETYS","description":"","potentialAction":[{"@type":"SearchAction","target":{"@type":"EntryPoint","urlTemplate":"https:\/\/www.cetys.mx\/noticias\/?s={search_term_string}"},"query-input":{"@type":"PropertyValueSpecification","valueRequired":true,"valueName":"search_term_string"}}],"inLanguage":"es"},{"@type":"Person","@id":"https:\/\/www.cetys.mx\/noticias\/#\/schema\/person\/e790051ce60e18ae47cfa87011c8653f","name":"Campus Tijuana","url":"https:\/\/www.cetys.mx\/noticias\/author\/campustijuana\/"}]}},"_links":{"self":[{"href":"https:\/\/www.cetys.mx\/noticias\/wp-json\/wp\/v2\/posts\/217856","targetHints":{"allow":["GET"]}}],"collection":[{"href":"https:\/\/www.cetys.mx\/noticias\/wp-json\/wp\/v2\/posts"}],"about":[{"href":"https:\/\/www.cetys.mx\/noticias\/wp-json\/wp\/v2\/types\/post"}],"author":[{"embeddable":true,"href":"https:\/\/www.cetys.mx\/noticias\/wp-json\/wp\/v2\/users\/24"}],"replies":[{"embeddable":true,"href":"https:\/\/www.cetys.mx\/noticias\/wp-json\/wp\/v2\/comments?post=217856"}],"version-history":[{"count":4,"href":"https:\/\/www.cetys.mx\/noticias\/wp-json\/wp\/v2\/posts\/217856\/revisions"}],"predecessor-version":[{"id":218103,"href":"https:\/\/www.cetys.mx\/noticias\/wp-json\/wp\/v2\/posts\/217856\/revisions\/218103"}],"wp:featuredmedia":[{"embeddable":true,"href":"https:\/\/www.cetys.mx\/noticias\/wp-json\/wp\/v2\/media\/217866"}],"wp:attachment":[{"href":"https:\/\/www.cetys.mx\/noticias\/wp-json\/wp\/v2\/media?parent=217856"}],"wp:term":[{"taxonomy":"category","embeddable":true,"href":"https:\/\/www.cetys.mx\/noticias\/wp-json\/wp\/v2\/categories?post=217856"},{"taxonomy":"post_tag","embeddable":true,"href":"https:\/\/www.cetys.mx\/noticias\/wp-json\/wp\/v2\/tags?post=217856"}],"curies":[{"name":"wp","href":"https:\/\/api.w.org\/{rel}","templated":true}]}}