{"id":217562,"date":"2025-11-04T11:22:47","date_gmt":"2025-11-04T19:22:47","guid":{"rendered":"https:\/\/www.cetys.mx\/noticias\/?p=217562"},"modified":"2025-11-04T11:22:47","modified_gmt":"2025-11-04T19:22:47","slug":"estudiantes-de-cetys-participan-en-la-escuela-de-otono-2025-del-cicese","status":"publish","type":"post","link":"https:\/\/www.cetys.mx\/noticias\/estudiantes-de-cetys-participan-en-la-escuela-de-otono-2025-del-cicese\/","title":{"rendered":"Estudiantes de CETYS participan en la Escuela de Oto\u00f1o 2025 del CICESE"},"content":{"rendered":"<p><span style=\"font-weight: 400;\">Cerca de 30 estudiantes de <strong>Ingenier\u00eda en Ciencias Computacionales<\/strong> (ICC), <strong>Ingenier\u00eda Mecatr\u00f3nica<\/strong> (IMEC) e <strong>Ingenier\u00eda en Cibern\u00e9tica Electr\u00f3nica<\/strong> (ICE) de <strong>CETYS Universidad Campus Mexicali<\/strong>, participaron en la<strong> Escuela de Oto\u00f1o 2025 del Centro de Investigaci\u00f3n Cient\u00edfica y de Educaci\u00f3n Superior de Ensenada (CICESE)<\/strong>, un encuentro acad\u00e9mico dirigido a j\u00f3venes interesados en conocer de cerca la <strong>investigaci\u00f3n cient\u00edfica<\/strong> en el \u00e1rea de las <strong>ciencias computacionales<\/strong>.<\/span><\/p>\n<p><span style=\"font-weight: 400;\">El evento, organizado por el Departamento de Ciencias de la Computaci\u00f3n del CICESE, tuvo como prop\u00f3sito acercar a los estudiantes de licenciatura a los proyectos y l\u00edneas de investigaci\u00f3n m\u00e1s actuales en este campo. La jornada incluy\u00f3 seminarios especializados, visitas guiadas a laboratorios y exposiciones de carteles cient\u00edficos, permitiendo a los asistentes comprender la relevancia y el alcance social de la ciencia y la tecnolog\u00eda que se desarrolla en el instituto.<\/span><\/p>\n\n            <style type='text\/css'>\n                #gallery-1 {\n                    margin: auto;\n                }\n                #gallery-1 .gallery-item {\n                    float: left;\n                    margin-top: 10px;\n                    text-align: center;\n                    width: 50%;\n                }\n                #gallery-1 img {\n                    border: 2px solid #cfcfcf;\n                }\n                #gallery-1 .gallery-caption {\n                    margin-left: 0;\n                }\n                \/* see gallery_shortcode() in wp-includes\/media.php *\/\n            <\/style>\n\t\t<div id='gallery-1' class='gallery galleryid-217562 gallery-columns-2 gallery-size-thumbnail'><dl class='gallery-item'>\n                <dt class='gallery-icon landscape'>\n                    <a href='https:\/\/www.cetys.mx\/noticias\/estudiantes-de-cetys-participan-en-la-escuela-de-otono-2025-del-cicese\/3c\/'><img loading=\"lazy\" decoding=\"async\" width=\"128\" height=\"85\" src=\"https:\/\/www.cetys.mx\/noticias\/wp-content\/uploads\/2025\/11\/3c.jpeg\" class=\"attachment-thumbnail size-thumbnail\" alt=\"\" srcset=\"https:\/\/www.cetys.mx\/noticias\/wp-content\/uploads\/2025\/11\/3c.jpeg 958w, https:\/\/www.cetys.mx\/noticias\/wp-content\/uploads\/2025\/11\/3c-768x512.jpeg 768w\" sizes=\"auto, (max-width: 128px) 100vw, 128px\" \/><\/a>\n                <\/dt><\/dl><dl class='gallery-item'>\n                <dt class='gallery-icon landscape'>\n                    <a href='https:\/\/www.cetys.mx\/noticias\/estudiantes-de-cetys-participan-en-la-escuela-de-otono-2025-del-cicese\/2c\/'><img loading=\"lazy\" decoding=\"async\" width=\"128\" height=\"85\" src=\"https:\/\/www.cetys.mx\/noticias\/wp-content\/uploads\/2025\/11\/2c.jpeg\" class=\"attachment-thumbnail size-thumbnail\" alt=\"\" srcset=\"https:\/\/www.cetys.mx\/noticias\/wp-content\/uploads\/2025\/11\/2c.jpeg 958w, https:\/\/www.cetys.mx\/noticias\/wp-content\/uploads\/2025\/11\/2c-768x512.jpeg 768w\" sizes=\"auto, (max-width: 128px) 100vw, 128px\" \/><\/a>\n                <\/dt><\/dl><br style=\"clear: both\" \/>\n            <\/div>\n\n<p><span style=\"font-weight: 400;\">Durante la jornada, se abordaron temas de frontera en las cuatro l\u00edneas principales de investigaci\u00f3n del Departamento: Algoritmos, Biocomputaci\u00f3n y Ciencia de Datos; Inteligencia Artificial y Metaheur\u00edsticas; Sistemas Inteligentes Interactivos y Distribuidos; y Visi\u00f3n, Im\u00e1genes y Rob\u00f3tica. Los participantes pudieron dialogar con investigadores, estudiantes de posgrado y personal t\u00e9cnico, descubriendo las diversas aplicaciones de la computaci\u00f3n en \u00e1mbitos como la salud, la biolog\u00eda, la psicolog\u00eda, la mecatr\u00f3nica y los videojuegos.<\/span><\/p>\n<p><span style=\"font-weight: 400;\">Para los asistentes, la experiencia represent\u00f3 una oportunidad para reflexionar sobre su futuro acad\u00e9mico y profesional. Una de las estudiantes comparti\u00f3.<\/span><\/p>\n<p><span style=\"font-weight: 400;\">La visita fue acompa\u00f1ada por los profesores Mario Ramos y Juan Rivera, con la gesti\u00f3n y coordinaci\u00f3n de la carrera de Ingenier\u00eda en Ciencias Computacionales (ICC). Este tipo de experiencias forman parte del compromiso de CETYS por fomentar la formaci\u00f3n integral, la vinculaci\u00f3n acad\u00e9mica y el contacto directo de sus estudiantes con centros de investigaci\u00f3n de alto nivel, fortaleciendo as\u00ed su desarrollo profesional y su visi\u00f3n como futuros l\u00edderes en ciencia y tecnolog\u00eda.<\/span><\/p>\n\n            <style type='text\/css'>\n                #gallery-2 {\n                    margin: auto;\n                }\n                #gallery-2 .gallery-item {\n                    float: left;\n                    margin-top: 10px;\n                    text-align: center;\n                    width: 50%;\n                }\n                #gallery-2 img {\n                    border: 2px solid #cfcfcf;\n                }\n                #gallery-2 .gallery-caption {\n                    margin-left: 0;\n                }\n                \/* see gallery_shortcode() in wp-includes\/media.php *\/\n            <\/style>\n\t\t<div id='gallery-2' class='gallery galleryid-217562 gallery-columns-2 gallery-size-thumbnail'><dl class='gallery-item'>\n                <dt class='gallery-icon landscape'>\n                    <a href='https:\/\/www.cetys.mx\/noticias\/estudiantes-de-cetys-participan-en-la-escuela-de-otono-2025-del-cicese\/1c-2\/'><img loading=\"lazy\" decoding=\"async\" width=\"128\" height=\"85\" src=\"https:\/\/www.cetys.mx\/noticias\/wp-content\/uploads\/2025\/11\/1c.jpeg\" class=\"attachment-thumbnail size-thumbnail\" alt=\"\" srcset=\"https:\/\/www.cetys.mx\/noticias\/wp-content\/uploads\/2025\/11\/1c.jpeg 958w, https:\/\/www.cetys.mx\/noticias\/wp-content\/uploads\/2025\/11\/1c-768x512.jpeg 768w\" sizes=\"auto, (max-width: 128px) 100vw, 128px\" \/><\/a>\n                <\/dt><\/dl><dl class='gallery-item'>\n                <dt class='gallery-icon landscape'>\n                    <a href='https:\/\/www.cetys.mx\/noticias\/estudiantes-de-cetys-participan-en-la-escuela-de-otono-2025-del-cicese\/4c\/'><img loading=\"lazy\" decoding=\"async\" width=\"128\" height=\"96\" src=\"https:\/\/www.cetys.mx\/noticias\/wp-content\/uploads\/2025\/11\/4c.jpg\" class=\"attachment-thumbnail size-thumbnail\" alt=\"\" srcset=\"https:\/\/www.cetys.mx\/noticias\/wp-content\/uploads\/2025\/11\/4c.jpg 958w, https:\/\/www.cetys.mx\/noticias\/wp-content\/uploads\/2025\/11\/4c-768x576.jpg 768w\" sizes=\"auto, (max-width: 128px) 100vw, 128px\" \/><\/a>\n                <\/dt><\/dl><br style=\"clear: both\" \/>\n            <\/div>\n\n","protected":false},"excerpt":{"rendered":"<p>Cerca de 30 estudiantes de Ingenier\u00eda en Ciencias Computacionales (ICC), Ingenier\u00eda Mecatr\u00f3nica (IMEC) e Ingenier\u00eda en Cibern\u00e9tica Electr\u00f3nica (ICE) de CETYS Universidad&#8230;<\/p>\n","protected":false},"author":20,"featured_media":217567,"comment_status":"open","ping_status":"closed","sticky":false,"template":"","format":"standard","meta":{"footnotes":""},"categories":[133,1850,306,313],"tags":[],"class_list":["post-217562","post","type-post","status-publish","format-standard","has-post-thumbnail","hentry","category-campus-mexicali","category-ingenieria","category-profesional","category-vocetys-2"],"yoast_head":"<!-- This site is optimized with the Yoast SEO plugin v27.4 - https:\/\/yoast.com\/product\/yoast-seo-wordpress\/ -->\n<title>Estudiantes de CETYS participan en la Escuela de Oto\u00f1o 2025 del CICESE - CETYS<\/title>\n<meta name=\"description\" content=\"Articulo sobre Estudiantes de CETYS participan en la Escuela de Oto\u00f1o 2025 del CICESE\" \/>\n<meta name=\"robots\" content=\"index, follow, max-snippet:-1, max-image-preview:large, max-video-preview:-1\" \/>\n<link rel=\"canonical\" href=\"https:\/\/www.cetys.mx\/noticias\/estudiantes-de-cetys-participan-en-la-escuela-de-otono-2025-del-cicese\/\" \/>\n<meta property=\"og:locale\" content=\"es_MX\" \/>\n<meta property=\"og:type\" content=\"article\" \/>\n<meta property=\"og:title\" content=\"Estudiantes de CETYS participan en la Escuela de Oto\u00f1o 2025 del CICESE - CETYS\" \/>\n<meta property=\"og:description\" content=\"Articulo sobre Estudiantes de CETYS participan en la Escuela de Oto\u00f1o 2025 del CICESE\" \/>\n<meta property=\"og:url\" content=\"https:\/\/www.cetys.mx\/noticias\/estudiantes-de-cetys-participan-en-la-escuela-de-otono-2025-del-cicese\/\" \/>\n<meta property=\"og:site_name\" content=\"CETYS\" \/>\n<meta property=\"article:publisher\" content=\"https:\/\/www.facebook.com\/cetysuniversidadmxl\/\" \/>\n<meta property=\"article:published_time\" content=\"2025-11-04T19:22:47+00:00\" \/>\n<meta property=\"og:image\" content=\"https:\/\/www.cetys.mx\/noticias\/wp-content\/uploads\/2025\/11\/3c.jpeg\" \/>\n\t<meta property=\"og:image:width\" content=\"958\" \/>\n\t<meta property=\"og:image:height\" content=\"639\" \/>\n\t<meta property=\"og:image:type\" content=\"image\/jpeg\" \/>\n<meta name=\"author\" content=\"Campus Mexicali\" \/>\n<meta name=\"twitter:card\" content=\"summary_large_image\" \/>\n<meta name=\"twitter:creator\" content=\"@cetysuni\" \/>\n<meta name=\"twitter:site\" content=\"@cetysuni\" \/>\n<meta name=\"twitter:label1\" content=\"Escrito por\" \/>\n\t<meta name=\"twitter:data1\" content=\"Campus Mexicali\" \/>\n\t<meta name=\"twitter:label2\" content=\"Tiempo de lectura\" \/>\n\t<meta name=\"twitter:data2\" content=\"2 minutos\" \/>\n<script type=\"application\/ld+json\" class=\"yoast-schema-graph\">{\"@context\":\"https:\\\/\\\/schema.org\",\"@graph\":[{\"@type\":\"Article\",\"@id\":\"https:\\\/\\\/www.cetys.mx\\\/noticias\\\/estudiantes-de-cetys-participan-en-la-escuela-de-otono-2025-del-cicese\\\/#article\",\"isPartOf\":{\"@id\":\"https:\\\/\\\/www.cetys.mx\\\/noticias\\\/estudiantes-de-cetys-participan-en-la-escuela-de-otono-2025-del-cicese\\\/\"},\"author\":{\"name\":\"Campus Mexicali\",\"@id\":\"https:\\\/\\\/www.cetys.mx\\\/noticias\\\/#\\\/schema\\\/person\\\/79a95c4ac185f3705cf1b9c9340a5f70\"},\"headline\":\"Estudiantes de CETYS participan en la Escuela de Oto\u00f1o 2025 del CICESE\",\"datePublished\":\"2025-11-04T19:22:47+00:00\",\"mainEntityOfPage\":{\"@id\":\"https:\\\/\\\/www.cetys.mx\\\/noticias\\\/estudiantes-de-cetys-participan-en-la-escuela-de-otono-2025-del-cicese\\\/\"},\"wordCount\":360,\"commentCount\":0,\"image\":{\"@id\":\"https:\\\/\\\/www.cetys.mx\\\/noticias\\\/estudiantes-de-cetys-participan-en-la-escuela-de-otono-2025-del-cicese\\\/#primaryimage\"},\"thumbnailUrl\":\"https:\\\/\\\/www.cetys.mx\\\/noticias\\\/wp-content\\\/uploads\\\/2025\\\/11\\\/3c.jpeg\",\"articleSection\":[\"Campus Mexicali\",\"Ingenier\u00eda\",\"Profesional\",\"VoCETYS\"],\"inLanguage\":\"es\",\"potentialAction\":[{\"@type\":\"CommentAction\",\"name\":\"Comment\",\"target\":[\"https:\\\/\\\/www.cetys.mx\\\/noticias\\\/estudiantes-de-cetys-participan-en-la-escuela-de-otono-2025-del-cicese\\\/#respond\"]}]},{\"@type\":\"WebPage\",\"@id\":\"https:\\\/\\\/www.cetys.mx\\\/noticias\\\/estudiantes-de-cetys-participan-en-la-escuela-de-otono-2025-del-cicese\\\/\",\"url\":\"https:\\\/\\\/www.cetys.mx\\\/noticias\\\/estudiantes-de-cetys-participan-en-la-escuela-de-otono-2025-del-cicese\\\/\",\"name\":\"Estudiantes de CETYS participan en la Escuela de Oto\u00f1o 2025 del CICESE - CETYS\",\"isPartOf\":{\"@id\":\"https:\\\/\\\/www.cetys.mx\\\/noticias\\\/#website\"},\"primaryImageOfPage\":{\"@id\":\"https:\\\/\\\/www.cetys.mx\\\/noticias\\\/estudiantes-de-cetys-participan-en-la-escuela-de-otono-2025-del-cicese\\\/#primaryimage\"},\"image\":{\"@id\":\"https:\\\/\\\/www.cetys.mx\\\/noticias\\\/estudiantes-de-cetys-participan-en-la-escuela-de-otono-2025-del-cicese\\\/#primaryimage\"},\"thumbnailUrl\":\"https:\\\/\\\/www.cetys.mx\\\/noticias\\\/wp-content\\\/uploads\\\/2025\\\/11\\\/3c.jpeg\",\"datePublished\":\"2025-11-04T19:22:47+00:00\",\"author\":{\"@id\":\"https:\\\/\\\/www.cetys.mx\\\/noticias\\\/#\\\/schema\\\/person\\\/79a95c4ac185f3705cf1b9c9340a5f70\"},\"description\":\"Articulo sobre Estudiantes de CETYS participan en la Escuela de Oto\u00f1o 2025 del CICESE\",\"breadcrumb\":{\"@id\":\"https:\\\/\\\/www.cetys.mx\\\/noticias\\\/estudiantes-de-cetys-participan-en-la-escuela-de-otono-2025-del-cicese\\\/#breadcrumb\"},\"inLanguage\":\"es\",\"potentialAction\":[{\"@type\":\"ReadAction\",\"target\":[\"https:\\\/\\\/www.cetys.mx\\\/noticias\\\/estudiantes-de-cetys-participan-en-la-escuela-de-otono-2025-del-cicese\\\/\"]}]},{\"@type\":\"ImageObject\",\"inLanguage\":\"es\",\"@id\":\"https:\\\/\\\/www.cetys.mx\\\/noticias\\\/estudiantes-de-cetys-participan-en-la-escuela-de-otono-2025-del-cicese\\\/#primaryimage\",\"url\":\"https:\\\/\\\/www.cetys.mx\\\/noticias\\\/wp-content\\\/uploads\\\/2025\\\/11\\\/3c.jpeg\",\"contentUrl\":\"https:\\\/\\\/www.cetys.mx\\\/noticias\\\/wp-content\\\/uploads\\\/2025\\\/11\\\/3c.jpeg\",\"width\":958,\"height\":639},{\"@type\":\"BreadcrumbList\",\"@id\":\"https:\\\/\\\/www.cetys.mx\\\/noticias\\\/estudiantes-de-cetys-participan-en-la-escuela-de-otono-2025-del-cicese\\\/#breadcrumb\",\"itemListElement\":[{\"@type\":\"ListItem\",\"position\":1,\"name\":\"Inicio\",\"item\":\"https:\\\/\\\/www.cetys.mx\\\/noticias\\\/\"},{\"@type\":\"ListItem\",\"position\":2,\"name\":\"Estudiantes de CETYS participan en la Escuela de Oto\u00f1o 2025 del CICESE\"}]},{\"@type\":\"WebSite\",\"@id\":\"https:\\\/\\\/www.cetys.mx\\\/noticias\\\/#website\",\"url\":\"https:\\\/\\\/www.cetys.mx\\\/noticias\\\/\",\"name\":\"CETYS\",\"description\":\"\",\"potentialAction\":[{\"@type\":\"SearchAction\",\"target\":{\"@type\":\"EntryPoint\",\"urlTemplate\":\"https:\\\/\\\/www.cetys.mx\\\/noticias\\\/?s={search_term_string}\"},\"query-input\":{\"@type\":\"PropertyValueSpecification\",\"valueRequired\":true,\"valueName\":\"search_term_string\"}}],\"inLanguage\":\"es\"},{\"@type\":\"Person\",\"@id\":\"https:\\\/\\\/www.cetys.mx\\\/noticias\\\/#\\\/schema\\\/person\\\/79a95c4ac185f3705cf1b9c9340a5f70\",\"name\":\"Campus Mexicali\",\"url\":\"https:\\\/\\\/www.cetys.mx\\\/noticias\\\/author\\\/campusmexicali\\\/\"}]}<\/script>\n<!-- \/ Yoast SEO plugin. -->","yoast_head_json":{"title":"Estudiantes de CETYS participan en la Escuela de Oto\u00f1o 2025 del CICESE - CETYS","description":"Articulo sobre Estudiantes de CETYS participan en la Escuela de Oto\u00f1o 2025 del CICESE","robots":{"index":"index","follow":"follow","max-snippet":"max-snippet:-1","max-image-preview":"max-image-preview:large","max-video-preview":"max-video-preview:-1"},"canonical":"https:\/\/www.cetys.mx\/noticias\/estudiantes-de-cetys-participan-en-la-escuela-de-otono-2025-del-cicese\/","og_locale":"es_MX","og_type":"article","og_title":"Estudiantes de CETYS participan en la Escuela de Oto\u00f1o 2025 del CICESE - CETYS","og_description":"Articulo sobre Estudiantes de CETYS participan en la Escuela de Oto\u00f1o 2025 del CICESE","og_url":"https:\/\/www.cetys.mx\/noticias\/estudiantes-de-cetys-participan-en-la-escuela-de-otono-2025-del-cicese\/","og_site_name":"CETYS","article_publisher":"https:\/\/www.facebook.com\/cetysuniversidadmxl\/","article_published_time":"2025-11-04T19:22:47+00:00","og_image":[{"width":958,"height":639,"url":"https:\/\/www.cetys.mx\/noticias\/wp-content\/uploads\/2025\/11\/3c.jpeg","type":"image\/jpeg"}],"author":"Campus Mexicali","twitter_card":"summary_large_image","twitter_creator":"@cetysuni","twitter_site":"@cetysuni","twitter_misc":{"Escrito por":"Campus Mexicali","Tiempo de lectura":"2 minutos"},"schema":{"@context":"https:\/\/schema.org","@graph":[{"@type":"Article","@id":"https:\/\/www.cetys.mx\/noticias\/estudiantes-de-cetys-participan-en-la-escuela-de-otono-2025-del-cicese\/#article","isPartOf":{"@id":"https:\/\/www.cetys.mx\/noticias\/estudiantes-de-cetys-participan-en-la-escuela-de-otono-2025-del-cicese\/"},"author":{"name":"Campus Mexicali","@id":"https:\/\/www.cetys.mx\/noticias\/#\/schema\/person\/79a95c4ac185f3705cf1b9c9340a5f70"},"headline":"Estudiantes de CETYS participan en la Escuela de Oto\u00f1o 2025 del CICESE","datePublished":"2025-11-04T19:22:47+00:00","mainEntityOfPage":{"@id":"https:\/\/www.cetys.mx\/noticias\/estudiantes-de-cetys-participan-en-la-escuela-de-otono-2025-del-cicese\/"},"wordCount":360,"commentCount":0,"image":{"@id":"https:\/\/www.cetys.mx\/noticias\/estudiantes-de-cetys-participan-en-la-escuela-de-otono-2025-del-cicese\/#primaryimage"},"thumbnailUrl":"https:\/\/www.cetys.mx\/noticias\/wp-content\/uploads\/2025\/11\/3c.jpeg","articleSection":["Campus Mexicali","Ingenier\u00eda","Profesional","VoCETYS"],"inLanguage":"es","potentialAction":[{"@type":"CommentAction","name":"Comment","target":["https:\/\/www.cetys.mx\/noticias\/estudiantes-de-cetys-participan-en-la-escuela-de-otono-2025-del-cicese\/#respond"]}]},{"@type":"WebPage","@id":"https:\/\/www.cetys.mx\/noticias\/estudiantes-de-cetys-participan-en-la-escuela-de-otono-2025-del-cicese\/","url":"https:\/\/www.cetys.mx\/noticias\/estudiantes-de-cetys-participan-en-la-escuela-de-otono-2025-del-cicese\/","name":"Estudiantes de CETYS participan en la Escuela de Oto\u00f1o 2025 del CICESE - CETYS","isPartOf":{"@id":"https:\/\/www.cetys.mx\/noticias\/#website"},"primaryImageOfPage":{"@id":"https:\/\/www.cetys.mx\/noticias\/estudiantes-de-cetys-participan-en-la-escuela-de-otono-2025-del-cicese\/#primaryimage"},"image":{"@id":"https:\/\/www.cetys.mx\/noticias\/estudiantes-de-cetys-participan-en-la-escuela-de-otono-2025-del-cicese\/#primaryimage"},"thumbnailUrl":"https:\/\/www.cetys.mx\/noticias\/wp-content\/uploads\/2025\/11\/3c.jpeg","datePublished":"2025-11-04T19:22:47+00:00","author":{"@id":"https:\/\/www.cetys.mx\/noticias\/#\/schema\/person\/79a95c4ac185f3705cf1b9c9340a5f70"},"description":"Articulo sobre Estudiantes de CETYS participan en la Escuela de Oto\u00f1o 2025 del CICESE","breadcrumb":{"@id":"https:\/\/www.cetys.mx\/noticias\/estudiantes-de-cetys-participan-en-la-escuela-de-otono-2025-del-cicese\/#breadcrumb"},"inLanguage":"es","potentialAction":[{"@type":"ReadAction","target":["https:\/\/www.cetys.mx\/noticias\/estudiantes-de-cetys-participan-en-la-escuela-de-otono-2025-del-cicese\/"]}]},{"@type":"ImageObject","inLanguage":"es","@id":"https:\/\/www.cetys.mx\/noticias\/estudiantes-de-cetys-participan-en-la-escuela-de-otono-2025-del-cicese\/#primaryimage","url":"https:\/\/www.cetys.mx\/noticias\/wp-content\/uploads\/2025\/11\/3c.jpeg","contentUrl":"https:\/\/www.cetys.mx\/noticias\/wp-content\/uploads\/2025\/11\/3c.jpeg","width":958,"height":639},{"@type":"BreadcrumbList","@id":"https:\/\/www.cetys.mx\/noticias\/estudiantes-de-cetys-participan-en-la-escuela-de-otono-2025-del-cicese\/#breadcrumb","itemListElement":[{"@type":"ListItem","position":1,"name":"Inicio","item":"https:\/\/www.cetys.mx\/noticias\/"},{"@type":"ListItem","position":2,"name":"Estudiantes de CETYS participan en la Escuela de Oto\u00f1o 2025 del CICESE"}]},{"@type":"WebSite","@id":"https:\/\/www.cetys.mx\/noticias\/#website","url":"https:\/\/www.cetys.mx\/noticias\/","name":"CETYS","description":"","potentialAction":[{"@type":"SearchAction","target":{"@type":"EntryPoint","urlTemplate":"https:\/\/www.cetys.mx\/noticias\/?s={search_term_string}"},"query-input":{"@type":"PropertyValueSpecification","valueRequired":true,"valueName":"search_term_string"}}],"inLanguage":"es"},{"@type":"Person","@id":"https:\/\/www.cetys.mx\/noticias\/#\/schema\/person\/79a95c4ac185f3705cf1b9c9340a5f70","name":"Campus Mexicali","url":"https:\/\/www.cetys.mx\/noticias\/author\/campusmexicali\/"}]}},"_links":{"self":[{"href":"https:\/\/www.cetys.mx\/noticias\/wp-json\/wp\/v2\/posts\/217562","targetHints":{"allow":["GET"]}}],"collection":[{"href":"https:\/\/www.cetys.mx\/noticias\/wp-json\/wp\/v2\/posts"}],"about":[{"href":"https:\/\/www.cetys.mx\/noticias\/wp-json\/wp\/v2\/types\/post"}],"author":[{"embeddable":true,"href":"https:\/\/www.cetys.mx\/noticias\/wp-json\/wp\/v2\/users\/20"}],"replies":[{"embeddable":true,"href":"https:\/\/www.cetys.mx\/noticias\/wp-json\/wp\/v2\/comments?post=217562"}],"version-history":[{"count":3,"href":"https:\/\/www.cetys.mx\/noticias\/wp-json\/wp\/v2\/posts\/217562\/revisions"}],"predecessor-version":[{"id":217569,"href":"https:\/\/www.cetys.mx\/noticias\/wp-json\/wp\/v2\/posts\/217562\/revisions\/217569"}],"wp:featuredmedia":[{"embeddable":true,"href":"https:\/\/www.cetys.mx\/noticias\/wp-json\/wp\/v2\/media\/217567"}],"wp:attachment":[{"href":"https:\/\/www.cetys.mx\/noticias\/wp-json\/wp\/v2\/media?parent=217562"}],"wp:term":[{"taxonomy":"category","embeddable":true,"href":"https:\/\/www.cetys.mx\/noticias\/wp-json\/wp\/v2\/categories?post=217562"},{"taxonomy":"post_tag","embeddable":true,"href":"https:\/\/www.cetys.mx\/noticias\/wp-json\/wp\/v2\/tags?post=217562"}],"curies":[{"name":"wp","href":"https:\/\/api.w.org\/{rel}","templated":true}]}}