{"id":217553,"date":"2025-11-04T10:52:02","date_gmt":"2025-11-04T18:52:02","guid":{"rendered":"https:\/\/www.cetys.mx\/noticias\/?p=217553"},"modified":"2025-11-04T10:52:30","modified_gmt":"2025-11-04T18:52:30","slug":"cetys-universidad-participa-en-el-dia-del-patrimonio-de-baja-california-conmemorando-su-50-aniversario","status":"publish","type":"post","link":"https:\/\/www.cetys.mx\/noticias\/cetys-universidad-participa-en-el-dia-del-patrimonio-de-baja-california-conmemorando-su-50-aniversario\/","title":{"rendered":"CETYS Universidad participa en el d\u00eda del patrimonio de Baja California conmemorando su 50 aniversario"},"content":{"rendered":"<p><span style=\"font-weight: 400;\">Con motivo del D\u00eda del Patrimonio de Baja California, CETYS Universidad particip\u00f3 activamente en las celebraciones realizadas en la explanada de las antiguas bodegas de Santo Tom\u00e1s, en colaboraci\u00f3n con el Centro de Investigaci\u00f3n Vitivin\u00edcola (CEVIT), el Instituto Tecnol\u00f3gico de Ensenada (ITE), Difusi\u00f3n Cultural y la Biblioteca Comunitaria de CETYS Ensenada.<\/span><\/p>\n<p><span style=\"font-weight: 400;\">Como parte de la agenda cultural, se present\u00f3 al aire libre la exhibici\u00f3n fotogr\u00e1fica conmemorativa por el 50 aniversario de CETYS Universidad, la cual rinde homenaje a la memoria de una instituci\u00f3n que ha sido pilar en la formaci\u00f3n, la investigaci\u00f3n y la transmisi\u00f3n del conocimiento en la regi\u00f3n.\u00a0<\/span><\/p>\n<p><span style=\"font-weight: 400;\">Esta exposici\u00f3n se logr\u00f3 gracias a la conservaci\u00f3n y preservaci\u00f3n de la Fototeca, que se encuentra organizada y curada por el Sr. Alonso J\u00e1quez, en Campus Internacional Ensenada, as\u00ed como en Bibliotecas del Sistema CETYS ubicadas en Tijuana y Mexicali. Adem\u00e1s de la exhibici\u00f3n, los asistentes pudieron disfrutar del recorrido tem\u00e1tico \u201cExplorando el legado vitivin\u00edcola de Ensenada\u201d, una experiencia que resalt\u00f3 la tradici\u00f3n enol\u00f3gica de la regi\u00f3n y su importancia cultural y econ\u00f3mica.<\/span><\/p>\n<p><span style=\"font-weight: 400;\">La jornada concluy\u00f3 con la proyecci\u00f3n de documentales relacionados con la riqueza cultural y productiva de Baja California, entre ellos \u201cLa fiesta de la vendimia\u201d, \u201cLa huerta, Orgullo Kumiai\u201d y \u201cLa huerta, una misma ra\u00edz\u201d, que ofrecieron al p\u00fablico una mirada sobre las ra\u00edces y la diversidad del patrimonio bajacaliforniano. Con esta participaci\u00f3n, CETYS Universidad reafirm\u00f3 su compromiso con la preservaci\u00f3n del patrimonio del estado y el fortalecimiento de la identidad regional, vinculando el quehacer acad\u00e9mico, con las expresiones culturales, art\u00edsticas e hist\u00f3ricas de la comunidad.<\/span><\/p>\n","protected":false},"excerpt":{"rendered":"<p>Con motivo del D\u00eda del Patrimonio de Baja California, CETYS Universidad particip\u00f3 activamente en las celebraciones realizadas en la explanada de las&#8230;<\/p>\n","protected":false},"author":23,"featured_media":217555,"comment_status":"open","ping_status":"closed","sticky":false,"template":"","format":"standard","meta":{"footnotes":""},"categories":[110,132,313],"tags":[],"class_list":["post-217553","post","type-post","status-publish","format-standard","has-post-thumbnail","hentry","category-academia","category-campus-ensenada","category-vocetys-2"],"yoast_head":"<!-- This site is optimized with the Yoast SEO plugin v27.4 - https:\/\/yoast.com\/product\/yoast-seo-wordpress\/ -->\n<title>CETYS Universidad participa en el d\u00eda del patrimonio de Baja California conmemorando su 50 aniversario - CETYS<\/title>\n<meta name=\"description\" content=\"Articulo sobre CETYS Universidad participa en el d\u00eda del patrimonio de Baja California conmemorando su 50 aniversario\" \/>\n<meta name=\"robots\" content=\"index, follow, max-snippet:-1, max-image-preview:large, max-video-preview:-1\" \/>\n<link rel=\"canonical\" href=\"https:\/\/www.cetys.mx\/noticias\/cetys-universidad-participa-en-el-dia-del-patrimonio-de-baja-california-conmemorando-su-50-aniversario\/\" \/>\n<meta property=\"og:locale\" content=\"es_MX\" \/>\n<meta property=\"og:type\" content=\"article\" \/>\n<meta property=\"og:title\" content=\"CETYS Universidad participa en el d\u00eda del patrimonio de Baja California conmemorando su 50 aniversario - CETYS\" \/>\n<meta property=\"og:description\" content=\"Articulo sobre CETYS Universidad participa en el d\u00eda del patrimonio de Baja California conmemorando su 50 aniversario\" \/>\n<meta property=\"og:url\" content=\"https:\/\/www.cetys.mx\/noticias\/cetys-universidad-participa-en-el-dia-del-patrimonio-de-baja-california-conmemorando-su-50-aniversario\/\" \/>\n<meta property=\"og:site_name\" content=\"CETYS\" \/>\n<meta property=\"article:publisher\" content=\"https:\/\/www.facebook.com\/cetysuniversidadmxl\/\" \/>\n<meta property=\"article:published_time\" content=\"2025-11-04T18:52:02+00:00\" \/>\n<meta property=\"article:modified_time\" content=\"2025-11-04T18:52:30+00:00\" \/>\n<meta property=\"og:image\" content=\"https:\/\/www.cetys.mx\/noticias\/wp-content\/uploads\/2025\/11\/EXPO-50-ANIV.jpeg\" \/>\n\t<meta property=\"og:image:width\" content=\"640\" \/>\n\t<meta property=\"og:image:height\" content=\"360\" \/>\n\t<meta property=\"og:image:type\" content=\"image\/jpeg\" \/>\n<meta name=\"author\" content=\"Campus Ensenada\" \/>\n<meta name=\"twitter:card\" content=\"summary_large_image\" \/>\n<meta name=\"twitter:creator\" content=\"@cetysuni\" \/>\n<meta name=\"twitter:site\" content=\"@cetysuni\" \/>\n<meta name=\"twitter:label1\" content=\"Escrito por\" \/>\n\t<meta name=\"twitter:data1\" content=\"Campus Ensenada\" \/>\n\t<meta name=\"twitter:label2\" content=\"Tiempo de lectura\" \/>\n\t<meta name=\"twitter:data2\" content=\"1 minuto\" \/>\n<script type=\"application\/ld+json\" class=\"yoast-schema-graph\">{\"@context\":\"https:\\\/\\\/schema.org\",\"@graph\":[{\"@type\":\"Article\",\"@id\":\"https:\\\/\\\/www.cetys.mx\\\/noticias\\\/cetys-universidad-participa-en-el-dia-del-patrimonio-de-baja-california-conmemorando-su-50-aniversario\\\/#article\",\"isPartOf\":{\"@id\":\"https:\\\/\\\/www.cetys.mx\\\/noticias\\\/cetys-universidad-participa-en-el-dia-del-patrimonio-de-baja-california-conmemorando-su-50-aniversario\\\/\"},\"author\":{\"name\":\"Campus Ensenada\",\"@id\":\"https:\\\/\\\/www.cetys.mx\\\/noticias\\\/#\\\/schema\\\/person\\\/1a1a88c0b6586e66a2e9e88e07afc712\"},\"headline\":\"CETYS Universidad participa en el d\u00eda del patrimonio de Baja California conmemorando su 50 aniversario\",\"datePublished\":\"2025-11-04T18:52:02+00:00\",\"dateModified\":\"2025-11-04T18:52:30+00:00\",\"mainEntityOfPage\":{\"@id\":\"https:\\\/\\\/www.cetys.mx\\\/noticias\\\/cetys-universidad-participa-en-el-dia-del-patrimonio-de-baja-california-conmemorando-su-50-aniversario\\\/\"},\"wordCount\":308,\"commentCount\":0,\"image\":{\"@id\":\"https:\\\/\\\/www.cetys.mx\\\/noticias\\\/cetys-universidad-participa-en-el-dia-del-patrimonio-de-baja-california-conmemorando-su-50-aniversario\\\/#primaryimage\"},\"thumbnailUrl\":\"https:\\\/\\\/www.cetys.mx\\\/noticias\\\/wp-content\\\/uploads\\\/2025\\\/11\\\/EXPO-50-ANIV.jpeg\",\"articleSection\":[\"Academia\",\"Campus Ensenada\",\"VoCETYS\"],\"inLanguage\":\"es\",\"potentialAction\":[{\"@type\":\"CommentAction\",\"name\":\"Comment\",\"target\":[\"https:\\\/\\\/www.cetys.mx\\\/noticias\\\/cetys-universidad-participa-en-el-dia-del-patrimonio-de-baja-california-conmemorando-su-50-aniversario\\\/#respond\"]}]},{\"@type\":\"WebPage\",\"@id\":\"https:\\\/\\\/www.cetys.mx\\\/noticias\\\/cetys-universidad-participa-en-el-dia-del-patrimonio-de-baja-california-conmemorando-su-50-aniversario\\\/\",\"url\":\"https:\\\/\\\/www.cetys.mx\\\/noticias\\\/cetys-universidad-participa-en-el-dia-del-patrimonio-de-baja-california-conmemorando-su-50-aniversario\\\/\",\"name\":\"CETYS Universidad participa en el d\u00eda del patrimonio de Baja California conmemorando su 50 aniversario - CETYS\",\"isPartOf\":{\"@id\":\"https:\\\/\\\/www.cetys.mx\\\/noticias\\\/#website\"},\"primaryImageOfPage\":{\"@id\":\"https:\\\/\\\/www.cetys.mx\\\/noticias\\\/cetys-universidad-participa-en-el-dia-del-patrimonio-de-baja-california-conmemorando-su-50-aniversario\\\/#primaryimage\"},\"image\":{\"@id\":\"https:\\\/\\\/www.cetys.mx\\\/noticias\\\/cetys-universidad-participa-en-el-dia-del-patrimonio-de-baja-california-conmemorando-su-50-aniversario\\\/#primaryimage\"},\"thumbnailUrl\":\"https:\\\/\\\/www.cetys.mx\\\/noticias\\\/wp-content\\\/uploads\\\/2025\\\/11\\\/EXPO-50-ANIV.jpeg\",\"datePublished\":\"2025-11-04T18:52:02+00:00\",\"dateModified\":\"2025-11-04T18:52:30+00:00\",\"author\":{\"@id\":\"https:\\\/\\\/www.cetys.mx\\\/noticias\\\/#\\\/schema\\\/person\\\/1a1a88c0b6586e66a2e9e88e07afc712\"},\"description\":\"Articulo sobre CETYS Universidad participa en el d\u00eda del patrimonio de Baja California conmemorando su 50 aniversario\",\"breadcrumb\":{\"@id\":\"https:\\\/\\\/www.cetys.mx\\\/noticias\\\/cetys-universidad-participa-en-el-dia-del-patrimonio-de-baja-california-conmemorando-su-50-aniversario\\\/#breadcrumb\"},\"inLanguage\":\"es\",\"potentialAction\":[{\"@type\":\"ReadAction\",\"target\":[\"https:\\\/\\\/www.cetys.mx\\\/noticias\\\/cetys-universidad-participa-en-el-dia-del-patrimonio-de-baja-california-conmemorando-su-50-aniversario\\\/\"]}]},{\"@type\":\"ImageObject\",\"inLanguage\":\"es\",\"@id\":\"https:\\\/\\\/www.cetys.mx\\\/noticias\\\/cetys-universidad-participa-en-el-dia-del-patrimonio-de-baja-california-conmemorando-su-50-aniversario\\\/#primaryimage\",\"url\":\"https:\\\/\\\/www.cetys.mx\\\/noticias\\\/wp-content\\\/uploads\\\/2025\\\/11\\\/EXPO-50-ANIV.jpeg\",\"contentUrl\":\"https:\\\/\\\/www.cetys.mx\\\/noticias\\\/wp-content\\\/uploads\\\/2025\\\/11\\\/EXPO-50-ANIV.jpeg\",\"width\":640,\"height\":360},{\"@type\":\"BreadcrumbList\",\"@id\":\"https:\\\/\\\/www.cetys.mx\\\/noticias\\\/cetys-universidad-participa-en-el-dia-del-patrimonio-de-baja-california-conmemorando-su-50-aniversario\\\/#breadcrumb\",\"itemListElement\":[{\"@type\":\"ListItem\",\"position\":1,\"name\":\"Inicio\",\"item\":\"https:\\\/\\\/www.cetys.mx\\\/noticias\\\/\"},{\"@type\":\"ListItem\",\"position\":2,\"name\":\"CETYS Universidad participa en el d\u00eda del patrimonio de Baja California conmemorando su 50 aniversario\"}]},{\"@type\":\"WebSite\",\"@id\":\"https:\\\/\\\/www.cetys.mx\\\/noticias\\\/#website\",\"url\":\"https:\\\/\\\/www.cetys.mx\\\/noticias\\\/\",\"name\":\"CETYS\",\"description\":\"\",\"potentialAction\":[{\"@type\":\"SearchAction\",\"target\":{\"@type\":\"EntryPoint\",\"urlTemplate\":\"https:\\\/\\\/www.cetys.mx\\\/noticias\\\/?s={search_term_string}\"},\"query-input\":{\"@type\":\"PropertyValueSpecification\",\"valueRequired\":true,\"valueName\":\"search_term_string\"}}],\"inLanguage\":\"es\"},{\"@type\":\"Person\",\"@id\":\"https:\\\/\\\/www.cetys.mx\\\/noticias\\\/#\\\/schema\\\/person\\\/1a1a88c0b6586e66a2e9e88e07afc712\",\"name\":\"Campus Ensenada\",\"url\":\"https:\\\/\\\/www.cetys.mx\\\/noticias\\\/author\\\/campusensenada\\\/\"}]}<\/script>\n<!-- \/ Yoast SEO plugin. -->","yoast_head_json":{"title":"CETYS Universidad participa en el d\u00eda del patrimonio de Baja California conmemorando su 50 aniversario - CETYS","description":"Articulo sobre CETYS Universidad participa en el d\u00eda del patrimonio de Baja California conmemorando su 50 aniversario","robots":{"index":"index","follow":"follow","max-snippet":"max-snippet:-1","max-image-preview":"max-image-preview:large","max-video-preview":"max-video-preview:-1"},"canonical":"https:\/\/www.cetys.mx\/noticias\/cetys-universidad-participa-en-el-dia-del-patrimonio-de-baja-california-conmemorando-su-50-aniversario\/","og_locale":"es_MX","og_type":"article","og_title":"CETYS Universidad participa en el d\u00eda del patrimonio de Baja California conmemorando su 50 aniversario - CETYS","og_description":"Articulo sobre CETYS Universidad participa en el d\u00eda del patrimonio de Baja California conmemorando su 50 aniversario","og_url":"https:\/\/www.cetys.mx\/noticias\/cetys-universidad-participa-en-el-dia-del-patrimonio-de-baja-california-conmemorando-su-50-aniversario\/","og_site_name":"CETYS","article_publisher":"https:\/\/www.facebook.com\/cetysuniversidadmxl\/","article_published_time":"2025-11-04T18:52:02+00:00","article_modified_time":"2025-11-04T18:52:30+00:00","og_image":[{"width":640,"height":360,"url":"https:\/\/www.cetys.mx\/noticias\/wp-content\/uploads\/2025\/11\/EXPO-50-ANIV.jpeg","type":"image\/jpeg"}],"author":"Campus Ensenada","twitter_card":"summary_large_image","twitter_creator":"@cetysuni","twitter_site":"@cetysuni","twitter_misc":{"Escrito por":"Campus Ensenada","Tiempo de lectura":"1 minuto"},"schema":{"@context":"https:\/\/schema.org","@graph":[{"@type":"Article","@id":"https:\/\/www.cetys.mx\/noticias\/cetys-universidad-participa-en-el-dia-del-patrimonio-de-baja-california-conmemorando-su-50-aniversario\/#article","isPartOf":{"@id":"https:\/\/www.cetys.mx\/noticias\/cetys-universidad-participa-en-el-dia-del-patrimonio-de-baja-california-conmemorando-su-50-aniversario\/"},"author":{"name":"Campus Ensenada","@id":"https:\/\/www.cetys.mx\/noticias\/#\/schema\/person\/1a1a88c0b6586e66a2e9e88e07afc712"},"headline":"CETYS Universidad participa en el d\u00eda del patrimonio de Baja California conmemorando su 50 aniversario","datePublished":"2025-11-04T18:52:02+00:00","dateModified":"2025-11-04T18:52:30+00:00","mainEntityOfPage":{"@id":"https:\/\/www.cetys.mx\/noticias\/cetys-universidad-participa-en-el-dia-del-patrimonio-de-baja-california-conmemorando-su-50-aniversario\/"},"wordCount":308,"commentCount":0,"image":{"@id":"https:\/\/www.cetys.mx\/noticias\/cetys-universidad-participa-en-el-dia-del-patrimonio-de-baja-california-conmemorando-su-50-aniversario\/#primaryimage"},"thumbnailUrl":"https:\/\/www.cetys.mx\/noticias\/wp-content\/uploads\/2025\/11\/EXPO-50-ANIV.jpeg","articleSection":["Academia","Campus Ensenada","VoCETYS"],"inLanguage":"es","potentialAction":[{"@type":"CommentAction","name":"Comment","target":["https:\/\/www.cetys.mx\/noticias\/cetys-universidad-participa-en-el-dia-del-patrimonio-de-baja-california-conmemorando-su-50-aniversario\/#respond"]}]},{"@type":"WebPage","@id":"https:\/\/www.cetys.mx\/noticias\/cetys-universidad-participa-en-el-dia-del-patrimonio-de-baja-california-conmemorando-su-50-aniversario\/","url":"https:\/\/www.cetys.mx\/noticias\/cetys-universidad-participa-en-el-dia-del-patrimonio-de-baja-california-conmemorando-su-50-aniversario\/","name":"CETYS Universidad participa en el d\u00eda del patrimonio de Baja California conmemorando su 50 aniversario - CETYS","isPartOf":{"@id":"https:\/\/www.cetys.mx\/noticias\/#website"},"primaryImageOfPage":{"@id":"https:\/\/www.cetys.mx\/noticias\/cetys-universidad-participa-en-el-dia-del-patrimonio-de-baja-california-conmemorando-su-50-aniversario\/#primaryimage"},"image":{"@id":"https:\/\/www.cetys.mx\/noticias\/cetys-universidad-participa-en-el-dia-del-patrimonio-de-baja-california-conmemorando-su-50-aniversario\/#primaryimage"},"thumbnailUrl":"https:\/\/www.cetys.mx\/noticias\/wp-content\/uploads\/2025\/11\/EXPO-50-ANIV.jpeg","datePublished":"2025-11-04T18:52:02+00:00","dateModified":"2025-11-04T18:52:30+00:00","author":{"@id":"https:\/\/www.cetys.mx\/noticias\/#\/schema\/person\/1a1a88c0b6586e66a2e9e88e07afc712"},"description":"Articulo sobre CETYS Universidad participa en el d\u00eda del patrimonio de Baja California conmemorando su 50 aniversario","breadcrumb":{"@id":"https:\/\/www.cetys.mx\/noticias\/cetys-universidad-participa-en-el-dia-del-patrimonio-de-baja-california-conmemorando-su-50-aniversario\/#breadcrumb"},"inLanguage":"es","potentialAction":[{"@type":"ReadAction","target":["https:\/\/www.cetys.mx\/noticias\/cetys-universidad-participa-en-el-dia-del-patrimonio-de-baja-california-conmemorando-su-50-aniversario\/"]}]},{"@type":"ImageObject","inLanguage":"es","@id":"https:\/\/www.cetys.mx\/noticias\/cetys-universidad-participa-en-el-dia-del-patrimonio-de-baja-california-conmemorando-su-50-aniversario\/#primaryimage","url":"https:\/\/www.cetys.mx\/noticias\/wp-content\/uploads\/2025\/11\/EXPO-50-ANIV.jpeg","contentUrl":"https:\/\/www.cetys.mx\/noticias\/wp-content\/uploads\/2025\/11\/EXPO-50-ANIV.jpeg","width":640,"height":360},{"@type":"BreadcrumbList","@id":"https:\/\/www.cetys.mx\/noticias\/cetys-universidad-participa-en-el-dia-del-patrimonio-de-baja-california-conmemorando-su-50-aniversario\/#breadcrumb","itemListElement":[{"@type":"ListItem","position":1,"name":"Inicio","item":"https:\/\/www.cetys.mx\/noticias\/"},{"@type":"ListItem","position":2,"name":"CETYS Universidad participa en el d\u00eda del patrimonio de Baja California conmemorando su 50 aniversario"}]},{"@type":"WebSite","@id":"https:\/\/www.cetys.mx\/noticias\/#website","url":"https:\/\/www.cetys.mx\/noticias\/","name":"CETYS","description":"","potentialAction":[{"@type":"SearchAction","target":{"@type":"EntryPoint","urlTemplate":"https:\/\/www.cetys.mx\/noticias\/?s={search_term_string}"},"query-input":{"@type":"PropertyValueSpecification","valueRequired":true,"valueName":"search_term_string"}}],"inLanguage":"es"},{"@type":"Person","@id":"https:\/\/www.cetys.mx\/noticias\/#\/schema\/person\/1a1a88c0b6586e66a2e9e88e07afc712","name":"Campus Ensenada","url":"https:\/\/www.cetys.mx\/noticias\/author\/campusensenada\/"}]}},"_links":{"self":[{"href":"https:\/\/www.cetys.mx\/noticias\/wp-json\/wp\/v2\/posts\/217553","targetHints":{"allow":["GET"]}}],"collection":[{"href":"https:\/\/www.cetys.mx\/noticias\/wp-json\/wp\/v2\/posts"}],"about":[{"href":"https:\/\/www.cetys.mx\/noticias\/wp-json\/wp\/v2\/types\/post"}],"author":[{"embeddable":true,"href":"https:\/\/www.cetys.mx\/noticias\/wp-json\/wp\/v2\/users\/23"}],"replies":[{"embeddable":true,"href":"https:\/\/www.cetys.mx\/noticias\/wp-json\/wp\/v2\/comments?post=217553"}],"version-history":[{"count":1,"href":"https:\/\/www.cetys.mx\/noticias\/wp-json\/wp\/v2\/posts\/217553\/revisions"}],"predecessor-version":[{"id":217556,"href":"https:\/\/www.cetys.mx\/noticias\/wp-json\/wp\/v2\/posts\/217553\/revisions\/217556"}],"wp:featuredmedia":[{"embeddable":true,"href":"https:\/\/www.cetys.mx\/noticias\/wp-json\/wp\/v2\/media\/217555"}],"wp:attachment":[{"href":"https:\/\/www.cetys.mx\/noticias\/wp-json\/wp\/v2\/media?parent=217553"}],"wp:term":[{"taxonomy":"category","embeddable":true,"href":"https:\/\/www.cetys.mx\/noticias\/wp-json\/wp\/v2\/categories?post=217553"},{"taxonomy":"post_tag","embeddable":true,"href":"https:\/\/www.cetys.mx\/noticias\/wp-json\/wp\/v2\/tags?post=217553"}],"curies":[{"name":"wp","href":"https:\/\/api.w.org\/{rel}","templated":true}]}}