{"id":217513,"date":"2025-11-03T17:56:30","date_gmt":"2025-11-04T01:56:30","guid":{"rendered":"https:\/\/www.cetys.mx\/noticias\/?p=217513"},"modified":"2025-11-03T17:56:30","modified_gmt":"2025-11-04T01:56:30","slug":"alumnos-de-preparatoria-cetys-fortalecen-su-aprendizaje-en-visita-educativa-a-san-jose-y-san-francisco-california","status":"publish","type":"post","link":"https:\/\/www.cetys.mx\/noticias\/alumnos-de-preparatoria-cetys-fortalecen-su-aprendizaje-en-visita-educativa-a-san-jose-y-san-francisco-california\/","title":{"rendered":"Alumnos de Preparatoria CETYS fortalecen su aprendizaje en visita educativa a San Jos\u00e9 y San Francisco, California"},"content":{"rendered":"<p><span style=\"font-weight: 400;\">Con el objetivo de fomentar el aprendizaje experiencial y fortalecer los conocimientos en ciencia, tecnolog\u00eda e historia, un grupo conformado por <strong>36 alumnos<\/strong> y <strong>4 docentes<\/strong> de <a href=\"https:\/\/www.cetys.mx\/preparatoria\/\"><strong>Preparatoria CETYS<\/strong><\/a> realiz\u00f3 una visita educativa a las ciudades de <strong>San Jos\u00e9 y San Francisco, California<\/strong>.<\/span><\/p>\n<p><span style=\"font-weight: 400;\">La actividad form\u00f3 parte de las estrategias acad\u00e9micas de CETYS Universidad orientadas a complementar la formaci\u00f3n en el aula con experiencias pr\u00e1cticas que acerquen a los estudiantes al conocimiento de manera vivencial y significativa.<\/span><\/p>\n<p><span style=\"font-weight: 400;\">La primera parada tuvo lugar en <a href=\"https:\/\/www.thetech.org\/\"><strong>The Tech Interactive<\/strong><\/a>, uno de los museos m\u00e1s reconocidos de la regi\u00f3n, dedicado a la divulgaci\u00f3n cient\u00edfica y tecnol\u00f3gica. Durante su visita, los estudiantes asistieron a una proyecci\u00f3n en la pantalla IMAX, donde conocieron la aplicaci\u00f3n de la tecnolog\u00eda audiovisual de alta definici\u00f3n como herramienta educativa y de divulgaci\u00f3n cient\u00edfica.<\/span><\/p>\n<p><span style=\"font-weight: 400;\">Posteriormente, exploraron la exposici\u00f3n <\/span><i><span style=\"font-weight: 400;\">Bodies<\/span><\/i><span style=\"font-weight: 400;\">, una muestra que ofrece una visi\u00f3n detallada del cuerpo humano mediante espec\u00edmenes reales conservados cient\u00edficamente, lo que permiti\u00f3 profundizar en temas de biolog\u00eda, anatom\u00eda y ciencias de la salud. Asimismo, los alumnos participaron en exposiciones interactivas sobre rob\u00f3tica, inteligencia artificial, realidad virtual y sostenibilidad ambiental, comprendiendo c\u00f3mo la innovaci\u00f3n tecnol\u00f3gica transforma la vida cotidiana y contribuye al desarrollo social.<\/span><\/p>\n<p><span style=\"font-weight: 400;\">En la segunda parte del viaje, el grupo se traslad\u00f3 a San Francisco, donde visit\u00f3 la <strong>isla de Alcatraz<\/strong>, sitio emblem\u00e1tico de la historia estadounidense. A trav\u00e9s de una audiogu\u00eda interactiva, conocieron los antecedentes de la prisi\u00f3n, los testimonios de sus antiguos internos y el periodo en que la isla fue ocupada por comunidades ind\u00edgenas en defensa de sus derechos, lo que propici\u00f3 una reflexi\u00f3n sobre la justicia social y la identidad cultural.<\/span><\/p>\n<p><span style=\"font-weight: 400;\">La jornada concluy\u00f3 con una visita al <strong>Puente Golden Gate<\/strong>, una de las estructuras de ingenier\u00eda m\u00e1s reconocidas del mundo. En este espacio, los estudiantes analizaron aspectos de dise\u00f1o estructural, ingenier\u00eda civil y sustentabilidad, valorando la relaci\u00f3n entre la infraestructura y el entorno natural.<\/span><\/p>\n<div class=\"gallery-slider-wrapper gallery-1\">\n                        <div class=\"gallery-slider\" itemscope itemtype=\"http:\/\/schema.org\/ImageGallery\"><figure class=\"slide\" itemprop=\"associatedMedia\" itemscope itemtype=\"http:\/\/schema.org\/ImageObject\">\n                    <a itemprop=\"contentUrl\" href=\"https:\/\/www.cetys.mx\/noticias\/wp-content\/uploads\/2025\/11\/SF-2.jpg\">\n                        <img decoding=\"async\" itemprop=\"thumbnail\" class=\"lazyOwl\" src=\"https:\/\/www.cetys.mx\/noticias\/wp-content\/plugins\/jmagz-plugin\/assets\/placeholder\/900x450.png\" data-src=\"https:\/\/www.cetys.mx\/noticias\/wp-content\/uploads\/2025\/11\/SF-2.jpg\" alt=\"\">\n                    <\/a>\n                    <figcaption itemprop=\"caption description\" class=\"slide-caption\">\n                        \n                    <\/figcaption>\n                <\/figure><figure class=\"slide\" itemprop=\"associatedMedia\" itemscope itemtype=\"http:\/\/schema.org\/ImageObject\">\n                    <a itemprop=\"contentUrl\" href=\"https:\/\/www.cetys.mx\/noticias\/wp-content\/uploads\/2025\/11\/SF-7.jpg\">\n                        <img decoding=\"async\" itemprop=\"thumbnail\" class=\"lazyOwl\" src=\"https:\/\/www.cetys.mx\/noticias\/wp-content\/plugins\/jmagz-plugin\/assets\/placeholder\/900x450.png\" data-src=\"https:\/\/www.cetys.mx\/noticias\/wp-content\/uploads\/2025\/11\/SF-7.jpg\" alt=\"\">\n                    <\/a>\n                    <figcaption itemprop=\"caption description\" class=\"slide-caption\">\n                        \n                    <\/figcaption>\n                <\/figure><figure class=\"slide\" itemprop=\"associatedMedia\" itemscope itemtype=\"http:\/\/schema.org\/ImageObject\">\n                    <a itemprop=\"contentUrl\" href=\"https:\/\/www.cetys.mx\/noticias\/wp-content\/uploads\/2025\/11\/SF-6.jpg\">\n                        <img decoding=\"async\" itemprop=\"thumbnail\" class=\"lazyOwl\" src=\"https:\/\/www.cetys.mx\/noticias\/wp-content\/plugins\/jmagz-plugin\/assets\/placeholder\/900x450.png\" data-src=\"https:\/\/www.cetys.mx\/noticias\/wp-content\/uploads\/2025\/11\/SF-6.jpg\" alt=\"\">\n                    <\/a>\n                    <figcaption itemprop=\"caption description\" class=\"slide-caption\">\n                        \n                    <\/figcaption>\n                <\/figure><figure class=\"slide\" itemprop=\"associatedMedia\" itemscope itemtype=\"http:\/\/schema.org\/ImageObject\">\n                    <a itemprop=\"contentUrl\" href=\"https:\/\/www.cetys.mx\/noticias\/wp-content\/uploads\/2025\/11\/SF-8.jpg\">\n                        <img decoding=\"async\" itemprop=\"thumbnail\" class=\"lazyOwl\" src=\"https:\/\/www.cetys.mx\/noticias\/wp-content\/plugins\/jmagz-plugin\/assets\/placeholder\/900x450.png\" data-src=\"https:\/\/www.cetys.mx\/noticias\/wp-content\/uploads\/2025\/11\/SF-8.jpg\" alt=\"\">\n                    <\/a>\n                    <figcaption itemprop=\"caption description\" class=\"slide-caption\">\n                        \n                    <\/figcaption>\n                <\/figure><figure class=\"slide\" itemprop=\"associatedMedia\" itemscope itemtype=\"http:\/\/schema.org\/ImageObject\">\n                    <a itemprop=\"contentUrl\" href=\"https:\/\/www.cetys.mx\/noticias\/wp-content\/uploads\/2025\/11\/SF-9.jpg\">\n                        <img decoding=\"async\" itemprop=\"thumbnail\" class=\"lazyOwl\" src=\"https:\/\/www.cetys.mx\/noticias\/wp-content\/plugins\/jmagz-plugin\/assets\/placeholder\/900x450.png\" data-src=\"https:\/\/www.cetys.mx\/noticias\/wp-content\/uploads\/2025\/11\/SF-9.jpg\" alt=\"\">\n                    <\/a>\n                    <figcaption itemprop=\"caption description\" class=\"slide-caption\">\n                        \n                    <\/figcaption>\n                <\/figure><figure class=\"slide\" itemprop=\"associatedMedia\" itemscope itemtype=\"http:\/\/schema.org\/ImageObject\">\n                    <a itemprop=\"contentUrl\" href=\"https:\/\/www.cetys.mx\/noticias\/wp-content\/uploads\/2025\/11\/SF-5.jpg\">\n                        <img decoding=\"async\" itemprop=\"thumbnail\" class=\"lazyOwl\" src=\"https:\/\/www.cetys.mx\/noticias\/wp-content\/plugins\/jmagz-plugin\/assets\/placeholder\/900x450.png\" data-src=\"https:\/\/www.cetys.mx\/noticias\/wp-content\/uploads\/2025\/11\/SF-5.jpg\" alt=\"\">\n                    <\/a>\n                    <figcaption itemprop=\"caption description\" class=\"slide-caption\">\n                        \n                    <\/figcaption>\n                <\/figure><figure class=\"slide\" itemprop=\"associatedMedia\" itemscope itemtype=\"http:\/\/schema.org\/ImageObject\">\n                    <a itemprop=\"contentUrl\" href=\"https:\/\/www.cetys.mx\/noticias\/wp-content\/uploads\/2025\/11\/SF-4.jpg\">\n                        <img decoding=\"async\" itemprop=\"thumbnail\" class=\"lazyOwl\" src=\"https:\/\/www.cetys.mx\/noticias\/wp-content\/plugins\/jmagz-plugin\/assets\/placeholder\/900x450.png\" data-src=\"https:\/\/www.cetys.mx\/noticias\/wp-content\/uploads\/2025\/11\/SF-4.jpg\" alt=\"\">\n                    <\/a>\n                    <figcaption itemprop=\"caption description\" class=\"slide-caption\">\n                        \n                    <\/figcaption>\n                <\/figure><figure class=\"slide\" itemprop=\"associatedMedia\" itemscope itemtype=\"http:\/\/schema.org\/ImageObject\">\n                    <a itemprop=\"contentUrl\" href=\"https:\/\/www.cetys.mx\/noticias\/wp-content\/uploads\/2025\/11\/SF-1.jpg\">\n                        <img decoding=\"async\" itemprop=\"thumbnail\" class=\"lazyOwl\" src=\"https:\/\/www.cetys.mx\/noticias\/wp-content\/plugins\/jmagz-plugin\/assets\/placeholder\/900x450.png\" data-src=\"https:\/\/www.cetys.mx\/noticias\/wp-content\/uploads\/2025\/11\/SF-1.jpg\" alt=\"\">\n                    <\/a>\n                    <figcaption itemprop=\"caption description\" class=\"slide-caption\">\n                        \n                    <\/figcaption>\n                <\/figure><figure class=\"slide\" itemprop=\"associatedMedia\" itemscope itemtype=\"http:\/\/schema.org\/ImageObject\">\n                    <a itemprop=\"contentUrl\" href=\"https:\/\/www.cetys.mx\/noticias\/wp-content\/uploads\/2025\/11\/SF-3.jpg\">\n                        <img decoding=\"async\" itemprop=\"thumbnail\" class=\"lazyOwl\" src=\"https:\/\/www.cetys.mx\/noticias\/wp-content\/plugins\/jmagz-plugin\/assets\/placeholder\/900x450.png\" data-src=\"https:\/\/www.cetys.mx\/noticias\/wp-content\/uploads\/2025\/11\/SF-3.jpg\" alt=\"\">\n                    <\/a>\n                    <figcaption itemprop=\"caption description\" class=\"slide-caption\">\n                        \n                    <\/figcaption>\n                <\/figure><\/div>\n                <div class=\"gallery-slider-thumbnail-wrapper\">\n                    <div class=\"gallery-slider-thumbnail\"><div class=\"slide-thumbnail\"><img decoding=\"async\" class=\"lazyOwl\" src=\"https:\/\/www.cetys.mx\/noticias\/wp-content\/plugins\/jmagz-plugin\/assets\/placeholder\/150x75.png\" data-src=\"https:\/\/www.cetys.mx\/noticias\/wp-content\/uploads\/2025\/11\/SF-2.jpg\" alt=\"\"><\/div><div class=\"slide-thumbnail\"><img decoding=\"async\" class=\"lazyOwl\" src=\"https:\/\/www.cetys.mx\/noticias\/wp-content\/plugins\/jmagz-plugin\/assets\/placeholder\/150x75.png\" data-src=\"https:\/\/www.cetys.mx\/noticias\/wp-content\/uploads\/2025\/11\/SF-7.jpg\" alt=\"\"><\/div><div class=\"slide-thumbnail\"><img decoding=\"async\" class=\"lazyOwl\" src=\"https:\/\/www.cetys.mx\/noticias\/wp-content\/plugins\/jmagz-plugin\/assets\/placeholder\/150x75.png\" data-src=\"https:\/\/www.cetys.mx\/noticias\/wp-content\/uploads\/2025\/11\/SF-6.jpg\" alt=\"\"><\/div><div class=\"slide-thumbnail\"><img decoding=\"async\" class=\"lazyOwl\" src=\"https:\/\/www.cetys.mx\/noticias\/wp-content\/plugins\/jmagz-plugin\/assets\/placeholder\/150x75.png\" data-src=\"https:\/\/www.cetys.mx\/noticias\/wp-content\/uploads\/2025\/11\/SF-8.jpg\" alt=\"\"><\/div><div class=\"slide-thumbnail\"><img decoding=\"async\" class=\"lazyOwl\" src=\"https:\/\/www.cetys.mx\/noticias\/wp-content\/plugins\/jmagz-plugin\/assets\/placeholder\/150x75.png\" data-src=\"https:\/\/www.cetys.mx\/noticias\/wp-content\/uploads\/2025\/11\/SF-9.jpg\" alt=\"\"><\/div><div class=\"slide-thumbnail\"><img decoding=\"async\" class=\"lazyOwl\" src=\"https:\/\/www.cetys.mx\/noticias\/wp-content\/plugins\/jmagz-plugin\/assets\/placeholder\/150x75.png\" data-src=\"https:\/\/www.cetys.mx\/noticias\/wp-content\/uploads\/2025\/11\/SF-5.jpg\" alt=\"\"><\/div><div class=\"slide-thumbnail\"><img decoding=\"async\" class=\"lazyOwl\" src=\"https:\/\/www.cetys.mx\/noticias\/wp-content\/plugins\/jmagz-plugin\/assets\/placeholder\/150x75.png\" data-src=\"https:\/\/www.cetys.mx\/noticias\/wp-content\/uploads\/2025\/11\/SF-4.jpg\" alt=\"\"><\/div><div class=\"slide-thumbnail\"><img decoding=\"async\" class=\"lazyOwl\" src=\"https:\/\/www.cetys.mx\/noticias\/wp-content\/plugins\/jmagz-plugin\/assets\/placeholder\/150x75.png\" data-src=\"https:\/\/www.cetys.mx\/noticias\/wp-content\/uploads\/2025\/11\/SF-1.jpg\" alt=\"\"><\/div><div class=\"slide-thumbnail\"><img decoding=\"async\" class=\"lazyOwl\" src=\"https:\/\/www.cetys.mx\/noticias\/wp-content\/plugins\/jmagz-plugin\/assets\/placeholder\/150x75.png\" data-src=\"https:\/\/www.cetys.mx\/noticias\/wp-content\/uploads\/2025\/11\/SF-3.jpg\" alt=\"\"><\/div><\/div><\/div><\/div>\n<p>&nbsp;<\/p>\n","protected":false},"excerpt":{"rendered":"<p>Con el objetivo de fomentar el aprendizaje experiencial y fortalecer los conocimientos en ciencia, tecnolog\u00eda e historia, un grupo conformado por 36&#8230;<\/p>\n","protected":false},"author":20,"featured_media":217514,"comment_status":"open","ping_status":"closed","sticky":false,"template":"","format":"standard","meta":{"footnotes":""},"categories":[133,125,318,313],"tags":[6495,916,1622,398],"class_list":["post-217513","post","type-post","status-publish","format-standard","has-post-thumbnail","hentry","category-campus-mexicali","category-portada","category-preparatoria","category-vocetys-2","tag-bachilleratogeneral","tag-bachilleratointernacional","tag-campusmexicali","tag-docentes"],"yoast_head":"<!-- This site is optimized with the Yoast SEO plugin v27.4 - https:\/\/yoast.com\/product\/yoast-seo-wordpress\/ -->\n<title>Alumnos de Preparatoria CETYS fortalecen su aprendizaje en visita educativa a San Jos\u00e9 y San Francisco, California - CETYS<\/title>\n<meta name=\"description\" content=\"Articulo sobre Alumnos de Preparatoria CETYS fortalecen su aprendizaje en visita educativa a San Jos\u00e9 y San Francisco, California\" \/>\n<meta name=\"robots\" content=\"index, follow, max-snippet:-1, max-image-preview:large, max-video-preview:-1\" \/>\n<link rel=\"canonical\" href=\"https:\/\/www.cetys.mx\/noticias\/alumnos-de-preparatoria-cetys-fortalecen-su-aprendizaje-en-visita-educativa-a-san-jose-y-san-francisco-california\/\" \/>\n<meta property=\"og:locale\" content=\"es_MX\" \/>\n<meta property=\"og:type\" content=\"article\" \/>\n<meta property=\"og:title\" content=\"Alumnos de Preparatoria CETYS fortalecen su aprendizaje en visita educativa a San Jos\u00e9 y San Francisco, California - CETYS\" \/>\n<meta property=\"og:description\" content=\"Articulo sobre Alumnos de Preparatoria CETYS fortalecen su aprendizaje en visita educativa a San Jos\u00e9 y San Francisco, California\" \/>\n<meta property=\"og:url\" content=\"https:\/\/www.cetys.mx\/noticias\/alumnos-de-preparatoria-cetys-fortalecen-su-aprendizaje-en-visita-educativa-a-san-jose-y-san-francisco-california\/\" \/>\n<meta property=\"og:site_name\" content=\"CETYS\" \/>\n<meta property=\"article:publisher\" content=\"https:\/\/www.facebook.com\/cetysuniversidadmxl\/\" \/>\n<meta property=\"article:published_time\" content=\"2025-11-04T01:56:30+00:00\" \/>\n<meta property=\"og:image\" content=\"https:\/\/www.cetys.mx\/noticias\/wp-content\/uploads\/2025\/11\/SF-3.jpg\" \/>\n\t<meta property=\"og:image:width\" content=\"958\" \/>\n\t<meta property=\"og:image:height\" content=\"721\" \/>\n\t<meta property=\"og:image:type\" content=\"image\/jpeg\" \/>\n<meta name=\"author\" content=\"Campus Mexicali\" \/>\n<meta name=\"twitter:card\" content=\"summary_large_image\" \/>\n<meta name=\"twitter:creator\" content=\"@cetysuni\" \/>\n<meta name=\"twitter:site\" content=\"@cetysuni\" \/>\n<meta name=\"twitter:label1\" content=\"Escrito por\" \/>\n\t<meta name=\"twitter:data1\" content=\"Campus Mexicali\" \/>\n\t<meta name=\"twitter:label2\" content=\"Tiempo de lectura\" \/>\n\t<meta name=\"twitter:data2\" content=\"2 minutos\" \/>\n<script type=\"application\/ld+json\" class=\"yoast-schema-graph\">{\"@context\":\"https:\\\/\\\/schema.org\",\"@graph\":[{\"@type\":\"Article\",\"@id\":\"https:\\\/\\\/www.cetys.mx\\\/noticias\\\/alumnos-de-preparatoria-cetys-fortalecen-su-aprendizaje-en-visita-educativa-a-san-jose-y-san-francisco-california\\\/#article\",\"isPartOf\":{\"@id\":\"https:\\\/\\\/www.cetys.mx\\\/noticias\\\/alumnos-de-preparatoria-cetys-fortalecen-su-aprendizaje-en-visita-educativa-a-san-jose-y-san-francisco-california\\\/\"},\"author\":{\"name\":\"Campus Mexicali\",\"@id\":\"https:\\\/\\\/www.cetys.mx\\\/noticias\\\/#\\\/schema\\\/person\\\/79a95c4ac185f3705cf1b9c9340a5f70\"},\"headline\":\"Alumnos de Preparatoria CETYS fortalecen su aprendizaje en visita educativa a San Jos\u00e9 y San Francisco, California\",\"datePublished\":\"2025-11-04T01:56:30+00:00\",\"mainEntityOfPage\":{\"@id\":\"https:\\\/\\\/www.cetys.mx\\\/noticias\\\/alumnos-de-preparatoria-cetys-fortalecen-su-aprendizaje-en-visita-educativa-a-san-jose-y-san-francisco-california\\\/\"},\"wordCount\":370,\"commentCount\":0,\"image\":{\"@id\":\"https:\\\/\\\/www.cetys.mx\\\/noticias\\\/alumnos-de-preparatoria-cetys-fortalecen-su-aprendizaje-en-visita-educativa-a-san-jose-y-san-francisco-california\\\/#primaryimage\"},\"thumbnailUrl\":\"https:\\\/\\\/www.cetys.mx\\\/noticias\\\/wp-content\\\/uploads\\\/2025\\\/11\\\/SF-3.jpg\",\"keywords\":[\"BachilleratoGeneral\",\"bachilleratointernacional\",\"campusmexicali\",\"Docentes\"],\"articleSection\":[\"Campus Mexicali\",\"Portada\",\"Preparatoria\",\"VoCETYS\"],\"inLanguage\":\"es\",\"potentialAction\":[{\"@type\":\"CommentAction\",\"name\":\"Comment\",\"target\":[\"https:\\\/\\\/www.cetys.mx\\\/noticias\\\/alumnos-de-preparatoria-cetys-fortalecen-su-aprendizaje-en-visita-educativa-a-san-jose-y-san-francisco-california\\\/#respond\"]}]},{\"@type\":\"WebPage\",\"@id\":\"https:\\\/\\\/www.cetys.mx\\\/noticias\\\/alumnos-de-preparatoria-cetys-fortalecen-su-aprendizaje-en-visita-educativa-a-san-jose-y-san-francisco-california\\\/\",\"url\":\"https:\\\/\\\/www.cetys.mx\\\/noticias\\\/alumnos-de-preparatoria-cetys-fortalecen-su-aprendizaje-en-visita-educativa-a-san-jose-y-san-francisco-california\\\/\",\"name\":\"Alumnos de Preparatoria CETYS fortalecen su aprendizaje en visita educativa a San Jos\u00e9 y San Francisco, California - CETYS\",\"isPartOf\":{\"@id\":\"https:\\\/\\\/www.cetys.mx\\\/noticias\\\/#website\"},\"primaryImageOfPage\":{\"@id\":\"https:\\\/\\\/www.cetys.mx\\\/noticias\\\/alumnos-de-preparatoria-cetys-fortalecen-su-aprendizaje-en-visita-educativa-a-san-jose-y-san-francisco-california\\\/#primaryimage\"},\"image\":{\"@id\":\"https:\\\/\\\/www.cetys.mx\\\/noticias\\\/alumnos-de-preparatoria-cetys-fortalecen-su-aprendizaje-en-visita-educativa-a-san-jose-y-san-francisco-california\\\/#primaryimage\"},\"thumbnailUrl\":\"https:\\\/\\\/www.cetys.mx\\\/noticias\\\/wp-content\\\/uploads\\\/2025\\\/11\\\/SF-3.jpg\",\"datePublished\":\"2025-11-04T01:56:30+00:00\",\"author\":{\"@id\":\"https:\\\/\\\/www.cetys.mx\\\/noticias\\\/#\\\/schema\\\/person\\\/79a95c4ac185f3705cf1b9c9340a5f70\"},\"description\":\"Articulo sobre Alumnos de Preparatoria CETYS fortalecen su aprendizaje en visita educativa a San Jos\u00e9 y San Francisco, California\",\"breadcrumb\":{\"@id\":\"https:\\\/\\\/www.cetys.mx\\\/noticias\\\/alumnos-de-preparatoria-cetys-fortalecen-su-aprendizaje-en-visita-educativa-a-san-jose-y-san-francisco-california\\\/#breadcrumb\"},\"inLanguage\":\"es\",\"potentialAction\":[{\"@type\":\"ReadAction\",\"target\":[\"https:\\\/\\\/www.cetys.mx\\\/noticias\\\/alumnos-de-preparatoria-cetys-fortalecen-su-aprendizaje-en-visita-educativa-a-san-jose-y-san-francisco-california\\\/\"]}]},{\"@type\":\"ImageObject\",\"inLanguage\":\"es\",\"@id\":\"https:\\\/\\\/www.cetys.mx\\\/noticias\\\/alumnos-de-preparatoria-cetys-fortalecen-su-aprendizaje-en-visita-educativa-a-san-jose-y-san-francisco-california\\\/#primaryimage\",\"url\":\"https:\\\/\\\/www.cetys.mx\\\/noticias\\\/wp-content\\\/uploads\\\/2025\\\/11\\\/SF-3.jpg\",\"contentUrl\":\"https:\\\/\\\/www.cetys.mx\\\/noticias\\\/wp-content\\\/uploads\\\/2025\\\/11\\\/SF-3.jpg\",\"width\":958,\"height\":721},{\"@type\":\"BreadcrumbList\",\"@id\":\"https:\\\/\\\/www.cetys.mx\\\/noticias\\\/alumnos-de-preparatoria-cetys-fortalecen-su-aprendizaje-en-visita-educativa-a-san-jose-y-san-francisco-california\\\/#breadcrumb\",\"itemListElement\":[{\"@type\":\"ListItem\",\"position\":1,\"name\":\"Inicio\",\"item\":\"https:\\\/\\\/www.cetys.mx\\\/noticias\\\/\"},{\"@type\":\"ListItem\",\"position\":2,\"name\":\"Alumnos de Preparatoria CETYS fortalecen su aprendizaje en visita educativa a San Jos\u00e9 y San Francisco, California\"}]},{\"@type\":\"WebSite\",\"@id\":\"https:\\\/\\\/www.cetys.mx\\\/noticias\\\/#website\",\"url\":\"https:\\\/\\\/www.cetys.mx\\\/noticias\\\/\",\"name\":\"CETYS\",\"description\":\"\",\"potentialAction\":[{\"@type\":\"SearchAction\",\"target\":{\"@type\":\"EntryPoint\",\"urlTemplate\":\"https:\\\/\\\/www.cetys.mx\\\/noticias\\\/?s={search_term_string}\"},\"query-input\":{\"@type\":\"PropertyValueSpecification\",\"valueRequired\":true,\"valueName\":\"search_term_string\"}}],\"inLanguage\":\"es\"},{\"@type\":\"Person\",\"@id\":\"https:\\\/\\\/www.cetys.mx\\\/noticias\\\/#\\\/schema\\\/person\\\/79a95c4ac185f3705cf1b9c9340a5f70\",\"name\":\"Campus Mexicali\",\"url\":\"https:\\\/\\\/www.cetys.mx\\\/noticias\\\/author\\\/campusmexicali\\\/\"}]}<\/script>\n<!-- \/ Yoast SEO plugin. -->","yoast_head_json":{"title":"Alumnos de Preparatoria CETYS fortalecen su aprendizaje en visita educativa a San Jos\u00e9 y San Francisco, California - CETYS","description":"Articulo sobre Alumnos de Preparatoria CETYS fortalecen su aprendizaje en visita educativa a San Jos\u00e9 y San Francisco, California","robots":{"index":"index","follow":"follow","max-snippet":"max-snippet:-1","max-image-preview":"max-image-preview:large","max-video-preview":"max-video-preview:-1"},"canonical":"https:\/\/www.cetys.mx\/noticias\/alumnos-de-preparatoria-cetys-fortalecen-su-aprendizaje-en-visita-educativa-a-san-jose-y-san-francisco-california\/","og_locale":"es_MX","og_type":"article","og_title":"Alumnos de Preparatoria CETYS fortalecen su aprendizaje en visita educativa a San Jos\u00e9 y San Francisco, California - CETYS","og_description":"Articulo sobre Alumnos de Preparatoria CETYS fortalecen su aprendizaje en visita educativa a San Jos\u00e9 y San Francisco, California","og_url":"https:\/\/www.cetys.mx\/noticias\/alumnos-de-preparatoria-cetys-fortalecen-su-aprendizaje-en-visita-educativa-a-san-jose-y-san-francisco-california\/","og_site_name":"CETYS","article_publisher":"https:\/\/www.facebook.com\/cetysuniversidadmxl\/","article_published_time":"2025-11-04T01:56:30+00:00","og_image":[{"width":958,"height":721,"url":"https:\/\/www.cetys.mx\/noticias\/wp-content\/uploads\/2025\/11\/SF-3.jpg","type":"image\/jpeg"}],"author":"Campus Mexicali","twitter_card":"summary_large_image","twitter_creator":"@cetysuni","twitter_site":"@cetysuni","twitter_misc":{"Escrito por":"Campus Mexicali","Tiempo de lectura":"2 minutos"},"schema":{"@context":"https:\/\/schema.org","@graph":[{"@type":"Article","@id":"https:\/\/www.cetys.mx\/noticias\/alumnos-de-preparatoria-cetys-fortalecen-su-aprendizaje-en-visita-educativa-a-san-jose-y-san-francisco-california\/#article","isPartOf":{"@id":"https:\/\/www.cetys.mx\/noticias\/alumnos-de-preparatoria-cetys-fortalecen-su-aprendizaje-en-visita-educativa-a-san-jose-y-san-francisco-california\/"},"author":{"name":"Campus Mexicali","@id":"https:\/\/www.cetys.mx\/noticias\/#\/schema\/person\/79a95c4ac185f3705cf1b9c9340a5f70"},"headline":"Alumnos de Preparatoria CETYS fortalecen su aprendizaje en visita educativa a San Jos\u00e9 y San Francisco, California","datePublished":"2025-11-04T01:56:30+00:00","mainEntityOfPage":{"@id":"https:\/\/www.cetys.mx\/noticias\/alumnos-de-preparatoria-cetys-fortalecen-su-aprendizaje-en-visita-educativa-a-san-jose-y-san-francisco-california\/"},"wordCount":370,"commentCount":0,"image":{"@id":"https:\/\/www.cetys.mx\/noticias\/alumnos-de-preparatoria-cetys-fortalecen-su-aprendizaje-en-visita-educativa-a-san-jose-y-san-francisco-california\/#primaryimage"},"thumbnailUrl":"https:\/\/www.cetys.mx\/noticias\/wp-content\/uploads\/2025\/11\/SF-3.jpg","keywords":["BachilleratoGeneral","bachilleratointernacional","campusmexicali","Docentes"],"articleSection":["Campus Mexicali","Portada","Preparatoria","VoCETYS"],"inLanguage":"es","potentialAction":[{"@type":"CommentAction","name":"Comment","target":["https:\/\/www.cetys.mx\/noticias\/alumnos-de-preparatoria-cetys-fortalecen-su-aprendizaje-en-visita-educativa-a-san-jose-y-san-francisco-california\/#respond"]}]},{"@type":"WebPage","@id":"https:\/\/www.cetys.mx\/noticias\/alumnos-de-preparatoria-cetys-fortalecen-su-aprendizaje-en-visita-educativa-a-san-jose-y-san-francisco-california\/","url":"https:\/\/www.cetys.mx\/noticias\/alumnos-de-preparatoria-cetys-fortalecen-su-aprendizaje-en-visita-educativa-a-san-jose-y-san-francisco-california\/","name":"Alumnos de Preparatoria CETYS fortalecen su aprendizaje en visita educativa a San Jos\u00e9 y San Francisco, California - CETYS","isPartOf":{"@id":"https:\/\/www.cetys.mx\/noticias\/#website"},"primaryImageOfPage":{"@id":"https:\/\/www.cetys.mx\/noticias\/alumnos-de-preparatoria-cetys-fortalecen-su-aprendizaje-en-visita-educativa-a-san-jose-y-san-francisco-california\/#primaryimage"},"image":{"@id":"https:\/\/www.cetys.mx\/noticias\/alumnos-de-preparatoria-cetys-fortalecen-su-aprendizaje-en-visita-educativa-a-san-jose-y-san-francisco-california\/#primaryimage"},"thumbnailUrl":"https:\/\/www.cetys.mx\/noticias\/wp-content\/uploads\/2025\/11\/SF-3.jpg","datePublished":"2025-11-04T01:56:30+00:00","author":{"@id":"https:\/\/www.cetys.mx\/noticias\/#\/schema\/person\/79a95c4ac185f3705cf1b9c9340a5f70"},"description":"Articulo sobre Alumnos de Preparatoria CETYS fortalecen su aprendizaje en visita educativa a San Jos\u00e9 y San Francisco, California","breadcrumb":{"@id":"https:\/\/www.cetys.mx\/noticias\/alumnos-de-preparatoria-cetys-fortalecen-su-aprendizaje-en-visita-educativa-a-san-jose-y-san-francisco-california\/#breadcrumb"},"inLanguage":"es","potentialAction":[{"@type":"ReadAction","target":["https:\/\/www.cetys.mx\/noticias\/alumnos-de-preparatoria-cetys-fortalecen-su-aprendizaje-en-visita-educativa-a-san-jose-y-san-francisco-california\/"]}]},{"@type":"ImageObject","inLanguage":"es","@id":"https:\/\/www.cetys.mx\/noticias\/alumnos-de-preparatoria-cetys-fortalecen-su-aprendizaje-en-visita-educativa-a-san-jose-y-san-francisco-california\/#primaryimage","url":"https:\/\/www.cetys.mx\/noticias\/wp-content\/uploads\/2025\/11\/SF-3.jpg","contentUrl":"https:\/\/www.cetys.mx\/noticias\/wp-content\/uploads\/2025\/11\/SF-3.jpg","width":958,"height":721},{"@type":"BreadcrumbList","@id":"https:\/\/www.cetys.mx\/noticias\/alumnos-de-preparatoria-cetys-fortalecen-su-aprendizaje-en-visita-educativa-a-san-jose-y-san-francisco-california\/#breadcrumb","itemListElement":[{"@type":"ListItem","position":1,"name":"Inicio","item":"https:\/\/www.cetys.mx\/noticias\/"},{"@type":"ListItem","position":2,"name":"Alumnos de Preparatoria CETYS fortalecen su aprendizaje en visita educativa a San Jos\u00e9 y San Francisco, California"}]},{"@type":"WebSite","@id":"https:\/\/www.cetys.mx\/noticias\/#website","url":"https:\/\/www.cetys.mx\/noticias\/","name":"CETYS","description":"","potentialAction":[{"@type":"SearchAction","target":{"@type":"EntryPoint","urlTemplate":"https:\/\/www.cetys.mx\/noticias\/?s={search_term_string}"},"query-input":{"@type":"PropertyValueSpecification","valueRequired":true,"valueName":"search_term_string"}}],"inLanguage":"es"},{"@type":"Person","@id":"https:\/\/www.cetys.mx\/noticias\/#\/schema\/person\/79a95c4ac185f3705cf1b9c9340a5f70","name":"Campus Mexicali","url":"https:\/\/www.cetys.mx\/noticias\/author\/campusmexicali\/"}]}},"_links":{"self":[{"href":"https:\/\/www.cetys.mx\/noticias\/wp-json\/wp\/v2\/posts\/217513","targetHints":{"allow":["GET"]}}],"collection":[{"href":"https:\/\/www.cetys.mx\/noticias\/wp-json\/wp\/v2\/posts"}],"about":[{"href":"https:\/\/www.cetys.mx\/noticias\/wp-json\/wp\/v2\/types\/post"}],"author":[{"embeddable":true,"href":"https:\/\/www.cetys.mx\/noticias\/wp-json\/wp\/v2\/users\/20"}],"replies":[{"embeddable":true,"href":"https:\/\/www.cetys.mx\/noticias\/wp-json\/wp\/v2\/comments?post=217513"}],"version-history":[{"count":1,"href":"https:\/\/www.cetys.mx\/noticias\/wp-json\/wp\/v2\/posts\/217513\/revisions"}],"predecessor-version":[{"id":217523,"href":"https:\/\/www.cetys.mx\/noticias\/wp-json\/wp\/v2\/posts\/217513\/revisions\/217523"}],"wp:featuredmedia":[{"embeddable":true,"href":"https:\/\/www.cetys.mx\/noticias\/wp-json\/wp\/v2\/media\/217514"}],"wp:attachment":[{"href":"https:\/\/www.cetys.mx\/noticias\/wp-json\/wp\/v2\/media?parent=217513"}],"wp:term":[{"taxonomy":"category","embeddable":true,"href":"https:\/\/www.cetys.mx\/noticias\/wp-json\/wp\/v2\/categories?post=217513"},{"taxonomy":"post_tag","embeddable":true,"href":"https:\/\/www.cetys.mx\/noticias\/wp-json\/wp\/v2\/tags?post=217513"}],"curies":[{"name":"wp","href":"https:\/\/api.w.org\/{rel}","templated":true}]}}