{"id":217512,"date":"2025-11-03T18:44:24","date_gmt":"2025-11-04T02:44:24","guid":{"rendered":"https:\/\/www.cetys.mx\/noticias\/?p=217512"},"modified":"2025-11-03T18:44:24","modified_gmt":"2025-11-04T02:44:24","slug":"estudiantes-de-cetys-tijuana-aprenden-con-empresarios-y-emprendedores-de-sus-historias-de-terror","status":"publish","type":"post","link":"https:\/\/www.cetys.mx\/noticias\/estudiantes-de-cetys-tijuana-aprenden-con-empresarios-y-emprendedores-de-sus-historias-de-terror\/","title":{"rendered":"Estudiantes de CETYS Tijuana aprenden con empresarios y emprendedores de sus &#8220;Historias de Terror&#8221;"},"content":{"rendered":"<p data-start=\"475\" data-end=\"859\">Con el objetivo de fortalecer la formaci\u00f3n profesional del estudiantado y acercarlo a experiencias reales del entorno empresarial, la <strong data-start=\"609\" data-end=\"685\">Escuela de Administraci\u00f3n y Negocios de CETYS Universidad Campus Tijuana<\/strong> llev\u00f3 a cabo una jornada de <strong data-start=\"714\" data-end=\"741\">conferencias y talleres<\/strong> el pasado <strong data-start=\"752\" data-end=\"769\">30 de octubre<\/strong> en el Auditorio de Posgrado, como parte de los festejos por el <strong data-start=\"833\" data-end=\"858\">D\u00eda del Administrador<\/strong>.<\/p>\n<p data-start=\"861\" data-end=\"1459\">La primera conferencia estuvo a cargo del <strong data-start=\"903\" data-end=\"939\">Ing. Dorians Iv\u00e1n Iribe Gast\u00e9lum<\/strong>, Director de Operaciones de <strong data-start=\"968\" data-end=\"978\">JAZTEA<\/strong>, quien imparti\u00f3 la charla <em data-start=\"1005\" data-end=\"1065\">\u201cExperiencias desde la Direcci\u00f3n de Operaciones de JAZTEA\u201d<\/em>. Comparti\u00f3 con las y los estudiantes la historia de crecimiento de la empresa pionera en el envasado de t\u00e9 helado en Sinaloa, as\u00ed como su expansi\u00f3n a diversas ciudades del pa\u00eds y la pr\u00f3xima apertura de su planta productiva en Mexicali. Durante la sesi\u00f3n, se proyect\u00f3 un mensaje de la <strong data-start=\"1350\" data-end=\"1374\">Arq. Edna Fong Pay\u00e1n<\/strong>, CEO de JAZTEA, agradeciendo la colaboraci\u00f3n con CETYS y la coordinaci\u00f3n del evento.<\/p>\n<p data-start=\"1461\" data-end=\"1835\">Posteriormente, <strong data-start=\"1477\" data-end=\"1510\">Marlen Pricila Estrada Eguino<\/strong> y <strong data-start=\"1513\" data-end=\"1542\">Javier Alfredo Bajo Lares<\/strong>, representantes de <strong data-start=\"1562\" data-end=\"1574\">FASTENAL<\/strong>, ofrecieron la charla <em data-start=\"1597\" data-end=\"1641\">\u201cEl rol del administrador en la industria\u201d<\/em>, en la que guiaron a las y los estudiantes a trav\u00e9s de la din\u00e1mica <em data-start=\"1709\" data-end=\"1738\">\u201cAdministrador Estrat\u00e9gico\u201d<\/em>, enfocada en la toma de decisiones y la priorizaci\u00f3n efectiva en contextos empresariales reales.<\/p>\n<div class=\"gallery-slider-wrapper gallery-1\">\n                        <div class=\"gallery-slider\" itemscope itemtype=\"http:\/\/schema.org\/ImageGallery\"><figure class=\"slide\" itemprop=\"associatedMedia\" itemscope itemtype=\"http:\/\/schema.org\/ImageObject\">\n                    <a itemprop=\"contentUrl\" href=\"https:\/\/www.cetys.mx\/noticias\/wp-content\/uploads\/2025\/11\/Historias-de-Terror-EAYN-2025-2.png\">\n                        <img decoding=\"async\" itemprop=\"thumbnail\" class=\"lazyOwl\" src=\"https:\/\/www.cetys.mx\/noticias\/wp-content\/plugins\/jmagz-plugin\/assets\/placeholder\/900x450.png\" data-src=\"https:\/\/www.cetys.mx\/noticias\/wp-content\/uploads\/2025\/11\/Historias-de-Terror-EAYN-2025-2.png\" alt=\"Historias de Terror-EAYN 2025 (2)\">\n                    <\/a>\n                    <figcaption itemprop=\"caption description\" class=\"slide-caption\">\n                        \n                    <\/figcaption>\n                <\/figure><figure class=\"slide\" itemprop=\"associatedMedia\" itemscope itemtype=\"http:\/\/schema.org\/ImageObject\">\n                    <a itemprop=\"contentUrl\" href=\"https:\/\/www.cetys.mx\/noticias\/wp-content\/uploads\/2025\/11\/Historias-de-Terror-EAYN-2025-3.png\">\n                        <img decoding=\"async\" itemprop=\"thumbnail\" class=\"lazyOwl\" src=\"https:\/\/www.cetys.mx\/noticias\/wp-content\/plugins\/jmagz-plugin\/assets\/placeholder\/900x450.png\" data-src=\"https:\/\/www.cetys.mx\/noticias\/wp-content\/uploads\/2025\/11\/Historias-de-Terror-EAYN-2025-3.png\" alt=\"Historias de Terror-EAYN 2025 (3)\">\n                    <\/a>\n                    <figcaption itemprop=\"caption description\" class=\"slide-caption\">\n                        \n                    <\/figcaption>\n                <\/figure><figure class=\"slide\" itemprop=\"associatedMedia\" itemscope itemtype=\"http:\/\/schema.org\/ImageObject\">\n                    <a itemprop=\"contentUrl\" href=\"https:\/\/www.cetys.mx\/noticias\/wp-content\/uploads\/2025\/11\/Historias-de-Terror-EAYN-2025-4.png\">\n                        <img decoding=\"async\" itemprop=\"thumbnail\" class=\"lazyOwl\" src=\"https:\/\/www.cetys.mx\/noticias\/wp-content\/plugins\/jmagz-plugin\/assets\/placeholder\/900x450.png\" data-src=\"https:\/\/www.cetys.mx\/noticias\/wp-content\/uploads\/2025\/11\/Historias-de-Terror-EAYN-2025-4.png\" alt=\"Historias de Terror-EAYN 2025 (4)\">\n                    <\/a>\n                    <figcaption itemprop=\"caption description\" class=\"slide-caption\">\n                        \n                    <\/figcaption>\n                <\/figure><figure class=\"slide\" itemprop=\"associatedMedia\" itemscope itemtype=\"http:\/\/schema.org\/ImageObject\">\n                    <a itemprop=\"contentUrl\" href=\"https:\/\/www.cetys.mx\/noticias\/wp-content\/uploads\/2025\/11\/Historias-de-Terror-EAYN-2025-5.png\">\n                        <img decoding=\"async\" itemprop=\"thumbnail\" class=\"lazyOwl\" src=\"https:\/\/www.cetys.mx\/noticias\/wp-content\/plugins\/jmagz-plugin\/assets\/placeholder\/900x450.png\" data-src=\"https:\/\/www.cetys.mx\/noticias\/wp-content\/uploads\/2025\/11\/Historias-de-Terror-EAYN-2025-5.png\" alt=\"Historias de Terror-EAYN 2025 (5)\">\n                    <\/a>\n                    <figcaption itemprop=\"caption description\" class=\"slide-caption\">\n                        \n                    <\/figcaption>\n                <\/figure><figure class=\"slide\" itemprop=\"associatedMedia\" itemscope itemtype=\"http:\/\/schema.org\/ImageObject\">\n                    <a itemprop=\"contentUrl\" href=\"https:\/\/www.cetys.mx\/noticias\/wp-content\/uploads\/2025\/11\/Historias-de-Terror-EAYN-2025-7.png\">\n                        <img decoding=\"async\" itemprop=\"thumbnail\" class=\"lazyOwl\" src=\"https:\/\/www.cetys.mx\/noticias\/wp-content\/plugins\/jmagz-plugin\/assets\/placeholder\/900x450.png\" data-src=\"https:\/\/www.cetys.mx\/noticias\/wp-content\/uploads\/2025\/11\/Historias-de-Terror-EAYN-2025-7.png\" alt=\"Historias de Terror-EAYN 2025 (7)\">\n                    <\/a>\n                    <figcaption itemprop=\"caption description\" class=\"slide-caption\">\n                        \n                    <\/figcaption>\n                <\/figure><figure class=\"slide\" itemprop=\"associatedMedia\" itemscope itemtype=\"http:\/\/schema.org\/ImageObject\">\n                    <a itemprop=\"contentUrl\" href=\"https:\/\/www.cetys.mx\/noticias\/wp-content\/uploads\/2025\/11\/Historias-de-Terror-EAYN-2025-6.png\">\n                        <img decoding=\"async\" itemprop=\"thumbnail\" class=\"lazyOwl\" src=\"https:\/\/www.cetys.mx\/noticias\/wp-content\/plugins\/jmagz-plugin\/assets\/placeholder\/900x450.png\" data-src=\"https:\/\/www.cetys.mx\/noticias\/wp-content\/uploads\/2025\/11\/Historias-de-Terror-EAYN-2025-6.png\" alt=\"Historias de Terror-EAYN 2025 (6)\">\n                    <\/a>\n                    <figcaption itemprop=\"caption description\" class=\"slide-caption\">\n                        \n                    <\/figcaption>\n                <\/figure><\/div>\n                <div class=\"gallery-slider-thumbnail-wrapper\">\n                    <div class=\"gallery-slider-thumbnail\"><div class=\"slide-thumbnail\"><img decoding=\"async\" class=\"lazyOwl\" src=\"https:\/\/www.cetys.mx\/noticias\/wp-content\/plugins\/jmagz-plugin\/assets\/placeholder\/150x75.png\" data-src=\"https:\/\/www.cetys.mx\/noticias\/wp-content\/uploads\/2025\/11\/Historias-de-Terror-EAYN-2025-2.png\" alt=\"Historias de Terror-EAYN 2025 (2)\"><\/div><div class=\"slide-thumbnail\"><img decoding=\"async\" class=\"lazyOwl\" src=\"https:\/\/www.cetys.mx\/noticias\/wp-content\/plugins\/jmagz-plugin\/assets\/placeholder\/150x75.png\" data-src=\"https:\/\/www.cetys.mx\/noticias\/wp-content\/uploads\/2025\/11\/Historias-de-Terror-EAYN-2025-3.png\" alt=\"Historias de Terror-EAYN 2025 (3)\"><\/div><div class=\"slide-thumbnail\"><img decoding=\"async\" class=\"lazyOwl\" src=\"https:\/\/www.cetys.mx\/noticias\/wp-content\/plugins\/jmagz-plugin\/assets\/placeholder\/150x75.png\" data-src=\"https:\/\/www.cetys.mx\/noticias\/wp-content\/uploads\/2025\/11\/Historias-de-Terror-EAYN-2025-4.png\" alt=\"Historias de Terror-EAYN 2025 (4)\"><\/div><div class=\"slide-thumbnail\"><img decoding=\"async\" class=\"lazyOwl\" src=\"https:\/\/www.cetys.mx\/noticias\/wp-content\/plugins\/jmagz-plugin\/assets\/placeholder\/150x75.png\" data-src=\"https:\/\/www.cetys.mx\/noticias\/wp-content\/uploads\/2025\/11\/Historias-de-Terror-EAYN-2025-5.png\" alt=\"Historias de Terror-EAYN 2025 (5)\"><\/div><div class=\"slide-thumbnail\"><img decoding=\"async\" class=\"lazyOwl\" src=\"https:\/\/www.cetys.mx\/noticias\/wp-content\/plugins\/jmagz-plugin\/assets\/placeholder\/150x75.png\" data-src=\"https:\/\/www.cetys.mx\/noticias\/wp-content\/uploads\/2025\/11\/Historias-de-Terror-EAYN-2025-7.png\" alt=\"Historias de Terror-EAYN 2025 (7)\"><\/div><div class=\"slide-thumbnail\"><img decoding=\"async\" class=\"lazyOwl\" src=\"https:\/\/www.cetys.mx\/noticias\/wp-content\/plugins\/jmagz-plugin\/assets\/placeholder\/150x75.png\" data-src=\"https:\/\/www.cetys.mx\/noticias\/wp-content\/uploads\/2025\/11\/Historias-de-Terror-EAYN-2025-6.png\" alt=\"Historias de Terror-EAYN 2025 (6)\"><\/div><\/div><\/div><\/div>\n<p data-start=\"1837\" data-end=\"2472\">Como cierre de la jornada, se llev\u00f3 a cabo por <strong data-start=\"1884\" data-end=\"1910\">tercer a\u00f1o consecutivo<\/strong> la ya tradicional actividad <strong data-start=\"1939\" data-end=\"1964\">\u201cHistorias de Terror\u201d<\/strong>, donde el esp\u00edritu de Halloween se combina con el aprendizaje emprendedor. En esta edici\u00f3n, el <strong data-start=\"2060\" data-end=\"2095\">Mtro. Gustavo Fern\u00e1ndez de Le\u00f3n<\/strong>, Director General de <strong data-start=\"2117\" data-end=\"2133\">Grupo FERDEL<\/strong>, ofreci\u00f3 la conferencia <em data-start=\"2158\" data-end=\"2185\">\u201cLa pasi\u00f3n por emprender\u201d<\/em>, compartiendo consejos clave para iniciar un proyecto, elegir socios y enfrentar el miedo al fracaso. Su participaci\u00f3n destac\u00f3 por su caracter\u00edstico sentido del humor al presentarse caracterizado como <strong data-start=\"2387\" data-end=\"2398\">Dr\u00e1cula<\/strong>, lo que cre\u00f3 un ambiente din\u00e1mico y memorable entre las y los asistentes.<\/p>\n<p data-start=\"2474\" data-end=\"2716\">Asimismo, el <strong data-start=\"2487\" data-end=\"2515\">Lic. Jorge Armando Loera<\/strong>, Director General de <strong data-start=\"2537\" data-end=\"2552\">COEFICIENTE<\/strong>, imparti\u00f3 la charla <em data-start=\"2573\" data-end=\"2607\">\u201cEchando a emprender se aprende\u201d<\/em>, donde comparti\u00f3 aprendizajes adquiridos en su trayectoria junto a emprendedores y empresarios de la regi\u00f3n.<\/p>\n<p data-start=\"2718\" data-end=\"2919\">Al finalizar cada sesi\u00f3n, las y los estudiantes tuvieron la oportunidad de dialogar directamente con los ponentes, enriqueciendo as\u00ed su visi\u00f3n sobre el liderazgo, la innovaci\u00f3n y la toma de decisiones.<\/p>\n<p data-start=\"2921\" data-end=\"3197\">A trav\u00e9s de estas iniciativas, la Escuela de Administraci\u00f3n y Negocios reafirma su compromiso con el <strong data-start=\"3022\" data-end=\"3045\">desarrollo integral<\/strong>, promoviendo el <strong data-start=\"3062\" data-end=\"3086\">pensamiento creativo<\/strong>, el <strong data-start=\"3091\" data-end=\"3109\">emprendimiento<\/strong>, la <strong data-start=\"3114\" data-end=\"3128\">innovaci\u00f3n<\/strong> y la <strong data-start=\"3134\" data-end=\"3174\">vinculaci\u00f3n con el sector productivo<\/strong> del noroeste del pa\u00eds.<\/p>\n","protected":false},"excerpt":{"rendered":"<p>Con el objetivo de fortalecer la formaci\u00f3n profesional del estudiantado y acercarlo a experiencias reales del entorno empresarial, la Escuela de Administraci\u00f3n&#8230;<\/p>\n","protected":false},"author":24,"featured_media":217529,"comment_status":"open","ping_status":"closed","sticky":false,"template":"","format":"standard","meta":{"footnotes":""},"categories":[134,125],"tags":[6520,328,6460,6477],"class_list":["post-217512","post","type-post","status-publish","format-standard","has-post-thumbnail","hentry","category-campus-tijuana","category-portada","tag-administraciondeempresas","tag-campustijuana","tag-inteligenciadenegocioseinnovacion","tag-negociosinternacionales"],"yoast_head":"<!-- This site is optimized with the Yoast SEO plugin v27.4 - https:\/\/yoast.com\/product\/yoast-seo-wordpress\/ -->\n<title>Estudiantes de CETYS Tijuana aprenden con empresarios y emprendedores de sus &quot;Historias de Terror&quot; - CETYS<\/title>\n<meta name=\"description\" content=\"Articulo sobre Estudiantes de CETYS Tijuana aprenden con empresarios y emprendedores de sus &quot;Historias de Terror&quot;\" \/>\n<meta name=\"robots\" content=\"index, follow, max-snippet:-1, max-image-preview:large, max-video-preview:-1\" \/>\n<link rel=\"canonical\" href=\"https:\/\/www.cetys.mx\/noticias\/estudiantes-de-cetys-tijuana-aprenden-con-empresarios-y-emprendedores-de-sus-historias-de-terror\/\" \/>\n<meta property=\"og:locale\" content=\"es_MX\" \/>\n<meta property=\"og:type\" content=\"article\" \/>\n<meta property=\"og:title\" content=\"Estudiantes de CETYS Tijuana aprenden con empresarios y emprendedores de sus &quot;Historias de Terror&quot; - CETYS\" \/>\n<meta property=\"og:description\" content=\"Articulo sobre Estudiantes de CETYS Tijuana aprenden con empresarios y emprendedores de sus &quot;Historias de Terror&quot;\" \/>\n<meta property=\"og:url\" content=\"https:\/\/www.cetys.mx\/noticias\/estudiantes-de-cetys-tijuana-aprenden-con-empresarios-y-emprendedores-de-sus-historias-de-terror\/\" \/>\n<meta property=\"og:site_name\" content=\"CETYS\" \/>\n<meta property=\"article:publisher\" content=\"https:\/\/www.facebook.com\/cetysuniversidadmxl\/\" \/>\n<meta property=\"article:published_time\" content=\"2025-11-04T02:44:24+00:00\" \/>\n<meta property=\"og:image\" content=\"https:\/\/www.cetys.mx\/noticias\/wp-content\/uploads\/2025\/11\/Historias-de-Terror-EAYN-2025.png\" \/>\n\t<meta property=\"og:image:width\" content=\"958\" \/>\n\t<meta property=\"og:image:height\" content=\"637\" \/>\n\t<meta property=\"og:image:type\" content=\"image\/png\" \/>\n<meta name=\"author\" content=\"Campus Tijuana\" \/>\n<meta name=\"twitter:card\" content=\"summary_large_image\" \/>\n<meta name=\"twitter:creator\" content=\"@cetysuni\" \/>\n<meta name=\"twitter:site\" content=\"@cetysuni\" \/>\n<meta name=\"twitter:label1\" content=\"Escrito por\" \/>\n\t<meta name=\"twitter:data1\" content=\"Campus Tijuana\" \/>\n\t<meta name=\"twitter:label2\" content=\"Tiempo de lectura\" \/>\n\t<meta name=\"twitter:data2\" content=\"2 minutos\" \/>\n<script type=\"application\/ld+json\" class=\"yoast-schema-graph\">{\"@context\":\"https:\\\/\\\/schema.org\",\"@graph\":[{\"@type\":\"Article\",\"@id\":\"https:\\\/\\\/www.cetys.mx\\\/noticias\\\/estudiantes-de-cetys-tijuana-aprenden-con-empresarios-y-emprendedores-de-sus-historias-de-terror\\\/#article\",\"isPartOf\":{\"@id\":\"https:\\\/\\\/www.cetys.mx\\\/noticias\\\/estudiantes-de-cetys-tijuana-aprenden-con-empresarios-y-emprendedores-de-sus-historias-de-terror\\\/\"},\"author\":{\"name\":\"Campus Tijuana\",\"@id\":\"https:\\\/\\\/www.cetys.mx\\\/noticias\\\/#\\\/schema\\\/person\\\/e790051ce60e18ae47cfa87011c8653f\"},\"headline\":\"Estudiantes de CETYS Tijuana aprenden con empresarios y emprendedores de sus &#8220;Historias de Terror&#8221;\",\"datePublished\":\"2025-11-04T02:44:24+00:00\",\"mainEntityOfPage\":{\"@id\":\"https:\\\/\\\/www.cetys.mx\\\/noticias\\\/estudiantes-de-cetys-tijuana-aprenden-con-empresarios-y-emprendedores-de-sus-historias-de-terror\\\/\"},\"wordCount\":458,\"commentCount\":0,\"image\":{\"@id\":\"https:\\\/\\\/www.cetys.mx\\\/noticias\\\/estudiantes-de-cetys-tijuana-aprenden-con-empresarios-y-emprendedores-de-sus-historias-de-terror\\\/#primaryimage\"},\"thumbnailUrl\":\"https:\\\/\\\/www.cetys.mx\\\/noticias\\\/wp-content\\\/uploads\\\/2025\\\/11\\\/Historias-de-Terror-EAYN-2025.png\",\"keywords\":[\"AdministraciondeEmpresas\",\"campustijuana\",\"InteligenciadeNegocioseInnovacion\",\"NegociosInternacionales\"],\"articleSection\":[\"Campus Tijuana\",\"Portada\"],\"inLanguage\":\"es\",\"potentialAction\":[{\"@type\":\"CommentAction\",\"name\":\"Comment\",\"target\":[\"https:\\\/\\\/www.cetys.mx\\\/noticias\\\/estudiantes-de-cetys-tijuana-aprenden-con-empresarios-y-emprendedores-de-sus-historias-de-terror\\\/#respond\"]}]},{\"@type\":\"WebPage\",\"@id\":\"https:\\\/\\\/www.cetys.mx\\\/noticias\\\/estudiantes-de-cetys-tijuana-aprenden-con-empresarios-y-emprendedores-de-sus-historias-de-terror\\\/\",\"url\":\"https:\\\/\\\/www.cetys.mx\\\/noticias\\\/estudiantes-de-cetys-tijuana-aprenden-con-empresarios-y-emprendedores-de-sus-historias-de-terror\\\/\",\"name\":\"Estudiantes de CETYS Tijuana aprenden con empresarios y emprendedores de sus \\\"Historias de Terror\\\" - CETYS\",\"isPartOf\":{\"@id\":\"https:\\\/\\\/www.cetys.mx\\\/noticias\\\/#website\"},\"primaryImageOfPage\":{\"@id\":\"https:\\\/\\\/www.cetys.mx\\\/noticias\\\/estudiantes-de-cetys-tijuana-aprenden-con-empresarios-y-emprendedores-de-sus-historias-de-terror\\\/#primaryimage\"},\"image\":{\"@id\":\"https:\\\/\\\/www.cetys.mx\\\/noticias\\\/estudiantes-de-cetys-tijuana-aprenden-con-empresarios-y-emprendedores-de-sus-historias-de-terror\\\/#primaryimage\"},\"thumbnailUrl\":\"https:\\\/\\\/www.cetys.mx\\\/noticias\\\/wp-content\\\/uploads\\\/2025\\\/11\\\/Historias-de-Terror-EAYN-2025.png\",\"datePublished\":\"2025-11-04T02:44:24+00:00\",\"author\":{\"@id\":\"https:\\\/\\\/www.cetys.mx\\\/noticias\\\/#\\\/schema\\\/person\\\/e790051ce60e18ae47cfa87011c8653f\"},\"description\":\"Articulo sobre Estudiantes de CETYS Tijuana aprenden con empresarios y emprendedores de sus \\\"Historias de Terror\\\"\",\"breadcrumb\":{\"@id\":\"https:\\\/\\\/www.cetys.mx\\\/noticias\\\/estudiantes-de-cetys-tijuana-aprenden-con-empresarios-y-emprendedores-de-sus-historias-de-terror\\\/#breadcrumb\"},\"inLanguage\":\"es\",\"potentialAction\":[{\"@type\":\"ReadAction\",\"target\":[\"https:\\\/\\\/www.cetys.mx\\\/noticias\\\/estudiantes-de-cetys-tijuana-aprenden-con-empresarios-y-emprendedores-de-sus-historias-de-terror\\\/\"]}]},{\"@type\":\"ImageObject\",\"inLanguage\":\"es\",\"@id\":\"https:\\\/\\\/www.cetys.mx\\\/noticias\\\/estudiantes-de-cetys-tijuana-aprenden-con-empresarios-y-emprendedores-de-sus-historias-de-terror\\\/#primaryimage\",\"url\":\"https:\\\/\\\/www.cetys.mx\\\/noticias\\\/wp-content\\\/uploads\\\/2025\\\/11\\\/Historias-de-Terror-EAYN-2025.png\",\"contentUrl\":\"https:\\\/\\\/www.cetys.mx\\\/noticias\\\/wp-content\\\/uploads\\\/2025\\\/11\\\/Historias-de-Terror-EAYN-2025.png\",\"width\":958,\"height\":637},{\"@type\":\"BreadcrumbList\",\"@id\":\"https:\\\/\\\/www.cetys.mx\\\/noticias\\\/estudiantes-de-cetys-tijuana-aprenden-con-empresarios-y-emprendedores-de-sus-historias-de-terror\\\/#breadcrumb\",\"itemListElement\":[{\"@type\":\"ListItem\",\"position\":1,\"name\":\"Inicio\",\"item\":\"https:\\\/\\\/www.cetys.mx\\\/noticias\\\/\"},{\"@type\":\"ListItem\",\"position\":2,\"name\":\"Estudiantes de CETYS Tijuana aprenden con empresarios y emprendedores de sus &#8220;Historias de Terror&#8221;\"}]},{\"@type\":\"WebSite\",\"@id\":\"https:\\\/\\\/www.cetys.mx\\\/noticias\\\/#website\",\"url\":\"https:\\\/\\\/www.cetys.mx\\\/noticias\\\/\",\"name\":\"CETYS\",\"description\":\"\",\"potentialAction\":[{\"@type\":\"SearchAction\",\"target\":{\"@type\":\"EntryPoint\",\"urlTemplate\":\"https:\\\/\\\/www.cetys.mx\\\/noticias\\\/?s={search_term_string}\"},\"query-input\":{\"@type\":\"PropertyValueSpecification\",\"valueRequired\":true,\"valueName\":\"search_term_string\"}}],\"inLanguage\":\"es\"},{\"@type\":\"Person\",\"@id\":\"https:\\\/\\\/www.cetys.mx\\\/noticias\\\/#\\\/schema\\\/person\\\/e790051ce60e18ae47cfa87011c8653f\",\"name\":\"Campus Tijuana\",\"url\":\"https:\\\/\\\/www.cetys.mx\\\/noticias\\\/author\\\/campustijuana\\\/\"}]}<\/script>\n<!-- \/ Yoast SEO plugin. -->","yoast_head_json":{"title":"Estudiantes de CETYS Tijuana aprenden con empresarios y emprendedores de sus \"Historias de Terror\" - CETYS","description":"Articulo sobre Estudiantes de CETYS Tijuana aprenden con empresarios y emprendedores de sus \"Historias de Terror\"","robots":{"index":"index","follow":"follow","max-snippet":"max-snippet:-1","max-image-preview":"max-image-preview:large","max-video-preview":"max-video-preview:-1"},"canonical":"https:\/\/www.cetys.mx\/noticias\/estudiantes-de-cetys-tijuana-aprenden-con-empresarios-y-emprendedores-de-sus-historias-de-terror\/","og_locale":"es_MX","og_type":"article","og_title":"Estudiantes de CETYS Tijuana aprenden con empresarios y emprendedores de sus \"Historias de Terror\" - CETYS","og_description":"Articulo sobre Estudiantes de CETYS Tijuana aprenden con empresarios y emprendedores de sus \"Historias de Terror\"","og_url":"https:\/\/www.cetys.mx\/noticias\/estudiantes-de-cetys-tijuana-aprenden-con-empresarios-y-emprendedores-de-sus-historias-de-terror\/","og_site_name":"CETYS","article_publisher":"https:\/\/www.facebook.com\/cetysuniversidadmxl\/","article_published_time":"2025-11-04T02:44:24+00:00","og_image":[{"width":958,"height":637,"url":"https:\/\/www.cetys.mx\/noticias\/wp-content\/uploads\/2025\/11\/Historias-de-Terror-EAYN-2025.png","type":"image\/png"}],"author":"Campus Tijuana","twitter_card":"summary_large_image","twitter_creator":"@cetysuni","twitter_site":"@cetysuni","twitter_misc":{"Escrito por":"Campus Tijuana","Tiempo de lectura":"2 minutos"},"schema":{"@context":"https:\/\/schema.org","@graph":[{"@type":"Article","@id":"https:\/\/www.cetys.mx\/noticias\/estudiantes-de-cetys-tijuana-aprenden-con-empresarios-y-emprendedores-de-sus-historias-de-terror\/#article","isPartOf":{"@id":"https:\/\/www.cetys.mx\/noticias\/estudiantes-de-cetys-tijuana-aprenden-con-empresarios-y-emprendedores-de-sus-historias-de-terror\/"},"author":{"name":"Campus Tijuana","@id":"https:\/\/www.cetys.mx\/noticias\/#\/schema\/person\/e790051ce60e18ae47cfa87011c8653f"},"headline":"Estudiantes de CETYS Tijuana aprenden con empresarios y emprendedores de sus &#8220;Historias de Terror&#8221;","datePublished":"2025-11-04T02:44:24+00:00","mainEntityOfPage":{"@id":"https:\/\/www.cetys.mx\/noticias\/estudiantes-de-cetys-tijuana-aprenden-con-empresarios-y-emprendedores-de-sus-historias-de-terror\/"},"wordCount":458,"commentCount":0,"image":{"@id":"https:\/\/www.cetys.mx\/noticias\/estudiantes-de-cetys-tijuana-aprenden-con-empresarios-y-emprendedores-de-sus-historias-de-terror\/#primaryimage"},"thumbnailUrl":"https:\/\/www.cetys.mx\/noticias\/wp-content\/uploads\/2025\/11\/Historias-de-Terror-EAYN-2025.png","keywords":["AdministraciondeEmpresas","campustijuana","InteligenciadeNegocioseInnovacion","NegociosInternacionales"],"articleSection":["Campus Tijuana","Portada"],"inLanguage":"es","potentialAction":[{"@type":"CommentAction","name":"Comment","target":["https:\/\/www.cetys.mx\/noticias\/estudiantes-de-cetys-tijuana-aprenden-con-empresarios-y-emprendedores-de-sus-historias-de-terror\/#respond"]}]},{"@type":"WebPage","@id":"https:\/\/www.cetys.mx\/noticias\/estudiantes-de-cetys-tijuana-aprenden-con-empresarios-y-emprendedores-de-sus-historias-de-terror\/","url":"https:\/\/www.cetys.mx\/noticias\/estudiantes-de-cetys-tijuana-aprenden-con-empresarios-y-emprendedores-de-sus-historias-de-terror\/","name":"Estudiantes de CETYS Tijuana aprenden con empresarios y emprendedores de sus \"Historias de Terror\" - CETYS","isPartOf":{"@id":"https:\/\/www.cetys.mx\/noticias\/#website"},"primaryImageOfPage":{"@id":"https:\/\/www.cetys.mx\/noticias\/estudiantes-de-cetys-tijuana-aprenden-con-empresarios-y-emprendedores-de-sus-historias-de-terror\/#primaryimage"},"image":{"@id":"https:\/\/www.cetys.mx\/noticias\/estudiantes-de-cetys-tijuana-aprenden-con-empresarios-y-emprendedores-de-sus-historias-de-terror\/#primaryimage"},"thumbnailUrl":"https:\/\/www.cetys.mx\/noticias\/wp-content\/uploads\/2025\/11\/Historias-de-Terror-EAYN-2025.png","datePublished":"2025-11-04T02:44:24+00:00","author":{"@id":"https:\/\/www.cetys.mx\/noticias\/#\/schema\/person\/e790051ce60e18ae47cfa87011c8653f"},"description":"Articulo sobre Estudiantes de CETYS Tijuana aprenden con empresarios y emprendedores de sus \"Historias de Terror\"","breadcrumb":{"@id":"https:\/\/www.cetys.mx\/noticias\/estudiantes-de-cetys-tijuana-aprenden-con-empresarios-y-emprendedores-de-sus-historias-de-terror\/#breadcrumb"},"inLanguage":"es","potentialAction":[{"@type":"ReadAction","target":["https:\/\/www.cetys.mx\/noticias\/estudiantes-de-cetys-tijuana-aprenden-con-empresarios-y-emprendedores-de-sus-historias-de-terror\/"]}]},{"@type":"ImageObject","inLanguage":"es","@id":"https:\/\/www.cetys.mx\/noticias\/estudiantes-de-cetys-tijuana-aprenden-con-empresarios-y-emprendedores-de-sus-historias-de-terror\/#primaryimage","url":"https:\/\/www.cetys.mx\/noticias\/wp-content\/uploads\/2025\/11\/Historias-de-Terror-EAYN-2025.png","contentUrl":"https:\/\/www.cetys.mx\/noticias\/wp-content\/uploads\/2025\/11\/Historias-de-Terror-EAYN-2025.png","width":958,"height":637},{"@type":"BreadcrumbList","@id":"https:\/\/www.cetys.mx\/noticias\/estudiantes-de-cetys-tijuana-aprenden-con-empresarios-y-emprendedores-de-sus-historias-de-terror\/#breadcrumb","itemListElement":[{"@type":"ListItem","position":1,"name":"Inicio","item":"https:\/\/www.cetys.mx\/noticias\/"},{"@type":"ListItem","position":2,"name":"Estudiantes de CETYS Tijuana aprenden con empresarios y emprendedores de sus &#8220;Historias de Terror&#8221;"}]},{"@type":"WebSite","@id":"https:\/\/www.cetys.mx\/noticias\/#website","url":"https:\/\/www.cetys.mx\/noticias\/","name":"CETYS","description":"","potentialAction":[{"@type":"SearchAction","target":{"@type":"EntryPoint","urlTemplate":"https:\/\/www.cetys.mx\/noticias\/?s={search_term_string}"},"query-input":{"@type":"PropertyValueSpecification","valueRequired":true,"valueName":"search_term_string"}}],"inLanguage":"es"},{"@type":"Person","@id":"https:\/\/www.cetys.mx\/noticias\/#\/schema\/person\/e790051ce60e18ae47cfa87011c8653f","name":"Campus Tijuana","url":"https:\/\/www.cetys.mx\/noticias\/author\/campustijuana\/"}]}},"_links":{"self":[{"href":"https:\/\/www.cetys.mx\/noticias\/wp-json\/wp\/v2\/posts\/217512","targetHints":{"allow":["GET"]}}],"collection":[{"href":"https:\/\/www.cetys.mx\/noticias\/wp-json\/wp\/v2\/posts"}],"about":[{"href":"https:\/\/www.cetys.mx\/noticias\/wp-json\/wp\/v2\/types\/post"}],"author":[{"embeddable":true,"href":"https:\/\/www.cetys.mx\/noticias\/wp-json\/wp\/v2\/users\/24"}],"replies":[{"embeddable":true,"href":"https:\/\/www.cetys.mx\/noticias\/wp-json\/wp\/v2\/comments?post=217512"}],"version-history":[{"count":1,"href":"https:\/\/www.cetys.mx\/noticias\/wp-json\/wp\/v2\/posts\/217512\/revisions"}],"predecessor-version":[{"id":217531,"href":"https:\/\/www.cetys.mx\/noticias\/wp-json\/wp\/v2\/posts\/217512\/revisions\/217531"}],"wp:featuredmedia":[{"embeddable":true,"href":"https:\/\/www.cetys.mx\/noticias\/wp-json\/wp\/v2\/media\/217529"}],"wp:attachment":[{"href":"https:\/\/www.cetys.mx\/noticias\/wp-json\/wp\/v2\/media?parent=217512"}],"wp:term":[{"taxonomy":"category","embeddable":true,"href":"https:\/\/www.cetys.mx\/noticias\/wp-json\/wp\/v2\/categories?post=217512"},{"taxonomy":"post_tag","embeddable":true,"href":"https:\/\/www.cetys.mx\/noticias\/wp-json\/wp\/v2\/tags?post=217512"}],"curies":[{"name":"wp","href":"https:\/\/api.w.org\/{rel}","templated":true}]}}